{"id":28739,"date":"2024-08-08T16:34:59","date_gmt":"2024-08-08T14:34:59","guid":{"rendered":"https:\/\/www.markt-kom.com\/?p=221471"},"modified":"2024-11-09T08:19:00","modified_gmt":"2024-11-09T07:19:00","slug":"arbeitsmarkt-kompass-zeichnet-stimmungsbild-zum-schweizer-arbeitsmarkt","status":"publish","type":"post","link":"https:\/\/www.organisator.ch\/fr\/marketing\/2024-08-08\/arbeitsmarkt-kompass-zeichnet-stimmungsbild-zum-schweizer-arbeitsmarkt\/","title":{"rendered":"La Boussole du march\u00e9 du travail dresse un tableau de l'humeur du march\u00e9 suisse du travail"},"content":{"rendered":"<figure id=\"attachment_221473\" class=\"wp-caption aligncenter\" style=\"width: 1200px\" aria-describedby=\"caption-attachment-221473\"><img class=\"aligncenter wp-image-221473 size-full\" src=\"https:\/\/www.markt-kom.com\/wp-content\/uploads\/2024\/08\/Pressecharts_Arbeitsmarkt-Kompass-CH_August-2024-24.jpg\" alt=\"Boussole du march\u00e9 du travail \" width=\"1200\" height=\"631\" \/>\r\n<figcaption id=\"caption-attachment-221473\" class=\"wp-caption-text\">(Graphiques : Marketagent)<\/figcaption>\r\n<\/figure>\r\n<p>Le fait que le march\u00e9 du travail soit en pleine mutation et que les employeurs doivent proposer de nouveaux mod\u00e8les de travail pour r\u00e9pondre aux exigences croissantes des travailleurs n'est plus gu\u00e8re une nouveaut\u00e9. La boussole du march\u00e9 du travail de Marketagent montre o\u00f9 il faut commencer. Depuis le d\u00e9but de l'ann\u00e9e, l'institut d'\u00e9tudes de march\u00e9 et d'opinion num\u00e9rique interroge les travailleurs suisses sur l'\u00e9tat actuel du march\u00e9 du travail.<\/p>\r\n<p>Au total, 3'737 travailleurs du 1er semestre 2024 donnent un aper\u00e7u de leurs priorit\u00e9s dans leur vie professionnelle et du r\u00f4le que les mots cl\u00e9s souvent cit\u00e9s \"Work-Life-Balance\", \"Homeoffice\" ou la \"semaine de quatre jours\" jouent r\u00e9ellement dans leur sc\u00e9nario souhait\u00e9.<\/p>\r\n<h3><strong>La formule pour l'emploi de r\u00eave<\/strong><\/h3>\r\n<p>Un bon salaire, des horaires de travail flexibles loin du temps plein, un bureau \u00e0 domicile \u00e9tendu - voil\u00e0 \u00e0 peu pr\u00e8s ce que pourrait \u00eatre le job parfait. Les donn\u00e9es actuelles de Marketagent montrent que les priorit\u00e9s des employ\u00e9s sont en r\u00e9alit\u00e9 plus vari\u00e9es que les platitudes mentionn\u00e9es.<\/p>\r\n<p>Un salaire \u00e9quitable joue-t-il un r\u00f4le essentiel dans le travail ? Oui - en Suisse et en Autriche, il est m\u00eame nettement plus \u00e9lev\u00e9 qu'en Allemagne (Suisse : 67% vs Autriche : 65% vs Allemagne : 59%). De m\u00eame, une part non n\u00e9gligeable se r\u00e9jouirait d'un mod\u00e8le de temps de travail flexible, les Suisses se distinguant ici particuli\u00e8rement avec 47% (contre 42% en Allemagne et 39% en Autriche). Mais : \"Un travail quotidien \u00e9panouissant a de multiples facettes. Outre un salaire attrayant, une bonne ambiance de travail, des horaires flexibles, la s\u00e9curit\u00e9 de l'emploi et l'estime sont des facteurs essentiels dans la recherche d'un emploi et laissent loin derri\u00e8re les conditions g\u00e9n\u00e9rales pr\u00e9tendument d\u00e9terminantes comme la possibilit\u00e9 de travailler \u00e0 domicile ou la semaine de quatre jours dont on parle tant\", souligne Thomas Schwabl, fondateur de Marketagent Suisse. \"Les employeurs sont donc appel\u00e9s, dans l'optique de la fid\u00e9lisation et de la satisfaction des collaborateurs, \u00e0 ma\u00eetriser le grand \u00e9cart si important entre les piliers attractifs et ces aspects essentiels du bien-\u00eatre\".<\/p>\r\n<h3><strong>Nouvelle dynamique sur le march\u00e9 du travail<\/strong><\/h3>\r\n<p>Ces derni\u00e8res ann\u00e9es, le march\u00e9 du travail a connu un regain de dynamisme perceptible. Le d\u00e9bat public sur la r\u00e9duction du temps de travail est r\u00e9guli\u00e8rement aliment\u00e9, et ce non sans raison. Apr\u00e8s tout, les Suisses souhaiteraient travailler en moyenne 34,5 heures.<\/p>\r\n<p>\"La semaine de 40 heures n'est pas r\u00e9serv\u00e9e \u00e0 la Suisse, mais aussi aux deux pays voisins. Alors que les Autrichiens pr\u00e9f\u00e9reraient travailler 33,5 heures, la moyenne des Allemands atteint le niveau le plus bas de la comparaison entre les trois pays avec une dur\u00e9e de travail souhait\u00e9e de 31,7 heures. Dans la mesure o\u00f9 leur travail le permet, ils travailleraient \u00e0 domicile \u00e0 hauteur de 41%. La Suisse est le seul pays o\u00f9 la part de travail \u00e0 distance pr\u00e9f\u00e9r\u00e9e est plus \u00e9lev\u00e9e, avec 44% (contre 37% en Autriche).<\/p>\r\n<p>En outre, l'\u00e9quilibre entre vie professionnelle et vie priv\u00e9e devient de plus en plus un th\u00e8me central dans le monde du travail actuel, qui \u00e9volue tr\u00e8s rapidement. Confront\u00e9es \u00e0 un choix direct, la majorit\u00e9 des personnes interrog\u00e9es en Suisse privil\u00e9gient clairement la conciliation de la vie priv\u00e9e et de la vie professionnelle (78%) par rapport \u00e0 la carri\u00e8re (22%). L'\u00e9quilibre entre vie professionnelle et vie priv\u00e9e n'est donc pas seulement un slogan \u00e0 la mode, mais un aspect fondamental de la culture du travail moderne. Pour les employeurs, il s'agit donc de permettre un tel \u00e9quilibre sans mettre en p\u00e9ril les objectifs de l'entreprise.<\/p>\r\n<h3><strong>Une grande satisfaction n'emp\u00eache pas de changer de travail<\/strong><\/h3>\r\n<p>Un coup d'\u0153il sur le taux de satisfaction dans le travail actuel permet aux employeurs de respirer. En effet, 78% des actifs suisses se disent tr\u00e8s ou plut\u00f4t satisfaits dans leur travail. En Autriche et en Allemagne, cette valeur est encore un peu plus \u00e9lev\u00e9e, avec respectivement 831 et 791 ppm. Le fait que les entreprises ne peuvent pas se reposer sur leurs lauriers et que la concurrence pour les personnes les plus talentueuses reste \u00e9lev\u00e9e montre que les salari\u00e9s sont tr\u00e8s enclins \u00e0 changer d'emploi. En Suisse, ce ne sont pas moins de 41% qui ressentent le besoin de changer de profession, et ce bien qu'ils per\u00e7oivent leurs chances sur le march\u00e9 du travail de mani\u00e8re beaucoup moins positive (45%) que les Allemands (67%) et les Autrichiens (64%). Cela s'explique sans doute en partie par le bond salarial consid\u00e9rable qu'ils attendent d'un nouvel emploi et qu'ils chiffrent \u00e0 31% (contre 28% en Autriche et 25% en Allemagne). Dans la \"guerre des talents\", il faut donc continuer \u00e0 mettre en place les bonnes incitations.<\/p>\r\n<p><img class=\"aligncenter size-full wp-image-221472\" src=\"https:\/\/www.markt-kom.com\/wp-content\/uploads\/2024\/08\/Infografik_Arbeitsmarkt-Kompass_CH_1HJ-2024-scaled.jpg\" alt=\"\" width=\"563\" height=\"1000\" \/><\/p>\r\n<hr \/>\r\n<p><em><strong>Fiche d'\u00e9tude<\/strong><\/em><\/p>\r\n<ul>\r\n\t<li><em>Client : \u00e9tude interne en Suisse<\/em><\/li>\r\n\t<li><em>M\u00e9thode : outil de recherche mobile via une application pour smartphone<\/em><\/li>\r\n\t<li><em>P\u00e9riode de perception : 1.1.2024 - 30.6.2024<\/em><\/li>\r\n\t<li><em>Taille de l'\u00e9chantillon : 638 interviews nettes<\/em><\/li>\r\n\t<li><em>C\u0153ur de cible : Professionnels salari\u00e9s \u00e2g\u00e9s de 18 \u00e0 69 ans en Suisse<\/em><\/li>\r\n\t<li><em>Gestion des quotas : \u00e9chantillon repr\u00e9sentatif de la population active I pond\u00e9r\u00e9 par la population active en Suisse<\/em><\/li>\r\n<\/ul>","protected":false},"excerpt":{"rendered":"<p>La boussole du march\u00e9 du travail de Marketagent montre ce \u00e0 quoi les Suisses attachent de l'importance dans leur vie professionnelle, comment, o\u00f9 et quand ils souhaitent travailler et comment ils per\u00e7oivent l'ambiance sur le march\u00e9 du travail. En outre, l'enqu\u00eate offre un regard comparatif sur l'ensemble de la zone DACH, au-del\u00e0 des fronti\u00e8res nationales.<\/p>","protected":false},"author":8,"featured_media":0,"comment_status":"closed","ping_status":"closed","sticky":false,"template":"","format":"standard","meta":{"_acf_changed":false,"_yoast_wpseo_focuskw":"Arbeitsmarkt-Kompass","_yoast_wpseo_metadesc":"Marketagent Arbeitsmarkt-Kompass 2024: Schweizer Arbeitswelt im Wandel. Flexible Arbeitszeiten und Work-Life-Balance im Fokus.","articlekey":"","footnotes":""},"categories":[29],"tags":[4345,4347,459],"class_list":["post-28739","post","type-post","status-publish","format-standard","hentry","category-marketing","tag-business","tag-marketagent","tag-studie"],"acf":[],"yoast_head":"<!-- This site is optimized with the Yoast SEO plugin v27.5 - https:\/\/yoast.com\/product\/yoast-seo-wordpress\/ -->\n<title>Arbeitsmarkt-Kompass zeichnet Stimmungsbild zum Schweizer Arbeitsmarkt - Organisator<\/title>\n<meta name=\"description\" content=\"Marketagent Arbeitsmarkt-Kompass 2024: Schweizer Arbeitswelt im Wandel. Flexible Arbeitszeiten und Work-Life-Balance im Fokus.\" \/>\n<meta name=\"robots\" content=\"index, follow, max-snippet:-1, max-image-preview:large, max-video-preview:-1\" \/>\n<link rel=\"canonical\" href=\"https:\/\/www.organisator.ch\/fr\/marketing\/2024-08-08\/arbeitsmarkt-kompass-zeichnet-stimmungsbild-zum-schweizer-arbeitsmarkt\/\" \/>\n<meta property=\"og:locale\" content=\"fr_FR\" \/>\n<meta property=\"og:type\" content=\"article\" \/>\n<meta property=\"og:title\" content=\"Arbeitsmarkt-Kompass zeichnet Stimmungsbild zum Schweizer Arbeitsmarkt - Organisator\" \/>\n<meta property=\"og:description\" content=\"Marketagent Arbeitsmarkt-Kompass 2024: Schweizer Arbeitswelt im Wandel. Flexible Arbeitszeiten und Work-Life-Balance im Fokus.\" \/>\n<meta property=\"og:url\" content=\"https:\/\/www.organisator.ch\/fr\/marketing\/2024-08-08\/arbeitsmarkt-kompass-zeichnet-stimmungsbild-zum-schweizer-arbeitsmarkt\/\" \/>\n<meta property=\"og:site_name\" content=\"Organisator\" \/>\n<meta property=\"article:publisher\" content=\"https:\/\/www.facebook.com\/OrganisatorFachmagazin\" \/>\n<meta property=\"article:published_time\" content=\"2024-08-08T14:34:59+00:00\" \/>\n<meta property=\"article:modified_time\" content=\"2024-11-09T07:19:00+00:00\" \/>\n<meta property=\"og:image\" content=\"https:\/\/www.markt-kom.com\/wp-content\/uploads\/2024\/08\/Pressecharts_Arbeitsmarkt-Kompass-CH_August-2024-24.jpg\" \/>\n<meta name=\"author\" content=\"galledia\" \/>\n<meta name=\"twitter:card\" content=\"summary_large_image\" \/>\n<meta name=\"twitter:creator\" content=\"@admin\" \/>\n<script type=\"application\/ld+json\" class=\"yoast-schema-graph\">{\"@context\":\"https:\\\/\\\/schema.org\",\"@graph\":[{\"@type\":\"Article\",\"@id\":\"https:\\\/\\\/www.organisator.ch\\\/marketing\\\/2024-08-08\\\/arbeitsmarkt-kompass-zeichnet-stimmungsbild-zum-schweizer-arbeitsmarkt\\\/#article\",\"isPartOf\":{\"@id\":\"https:\\\/\\\/www.organisator.ch\\\/marketing\\\/2024-08-08\\\/arbeitsmarkt-kompass-zeichnet-stimmungsbild-zum-schweizer-arbeitsmarkt\\\/\"},\"author\":{\"name\":\"galledia\",\"@id\":\"https:\\\/\\\/www.organisator.ch\\\/#\\\/schema\\\/person\\\/4e51799071cd2dd1232ac003643ef5f0\"},\"headline\":\"Arbeitsmarkt-Kompass zeichnet Stimmungsbild zum Schweizer Arbeitsmarkt\",\"datePublished\":\"2024-08-08T14:34:59+00:00\",\"dateModified\":\"2024-11-09T07:19:00+00:00\",\"mainEntityOfPage\":{\"@id\":\"https:\\\/\\\/www.organisator.ch\\\/marketing\\\/2024-08-08\\\/arbeitsmarkt-kompass-zeichnet-stimmungsbild-zum-schweizer-arbeitsmarkt\\\/\"},\"wordCount\":725,\"publisher\":{\"@id\":\"https:\\\/\\\/www.organisator.ch\\\/#organization\"},\"image\":{\"@id\":\"https:\\\/\\\/www.organisator.ch\\\/marketing\\\/2024-08-08\\\/arbeitsmarkt-kompass-zeichnet-stimmungsbild-zum-schweizer-arbeitsmarkt\\\/#primaryimage\"},\"thumbnailUrl\":\"https:\\\/\\\/www.markt-kom.com\\\/wp-content\\\/uploads\\\/2024\\\/08\\\/Pressecharts_Arbeitsmarkt-Kompass-CH_August-2024-24.jpg\",\"keywords\":[\"Business\",\"Marketagent\",\"Studie\"],\"articleSection\":[\"MARKETING\"],\"inLanguage\":\"fr-FR\"},{\"@type\":\"WebPage\",\"@id\":\"https:\\\/\\\/www.organisator.ch\\\/marketing\\\/2024-08-08\\\/arbeitsmarkt-kompass-zeichnet-stimmungsbild-zum-schweizer-arbeitsmarkt\\\/\",\"url\":\"https:\\\/\\\/www.organisator.ch\\\/marketing\\\/2024-08-08\\\/arbeitsmarkt-kompass-zeichnet-stimmungsbild-zum-schweizer-arbeitsmarkt\\\/\",\"name\":\"Arbeitsmarkt-Kompass zeichnet Stimmungsbild zum Schweizer Arbeitsmarkt - Organisator\",\"isPartOf\":{\"@id\":\"https:\\\/\\\/www.organisator.ch\\\/#website\"},\"primaryImageOfPage\":{\"@id\":\"https:\\\/\\\/www.organisator.ch\\\/marketing\\\/2024-08-08\\\/arbeitsmarkt-kompass-zeichnet-stimmungsbild-zum-schweizer-arbeitsmarkt\\\/#primaryimage\"},\"image\":{\"@id\":\"https:\\\/\\\/www.organisator.ch\\\/marketing\\\/2024-08-08\\\/arbeitsmarkt-kompass-zeichnet-stimmungsbild-zum-schweizer-arbeitsmarkt\\\/#primaryimage\"},\"thumbnailUrl\":\"https:\\\/\\\/www.markt-kom.com\\\/wp-content\\\/uploads\\\/2024\\\/08\\\/Pressecharts_Arbeitsmarkt-Kompass-CH_August-2024-24.jpg\",\"datePublished\":\"2024-08-08T14:34:59+00:00\",\"dateModified\":\"2024-11-09T07:19:00+00:00\",\"description\":\"Marketagent Arbeitsmarkt-Kompass 2024: Schweizer Arbeitswelt im Wandel. Flexible Arbeitszeiten und Work-Life-Balance im Fokus.\",\"breadcrumb\":{\"@id\":\"https:\\\/\\\/www.organisator.ch\\\/marketing\\\/2024-08-08\\\/arbeitsmarkt-kompass-zeichnet-stimmungsbild-zum-schweizer-arbeitsmarkt\\\/#breadcrumb\"},\"inLanguage\":\"fr-FR\",\"potentialAction\":[{\"@type\":\"ReadAction\",\"target\":[\"https:\\\/\\\/www.organisator.ch\\\/marketing\\\/2024-08-08\\\/arbeitsmarkt-kompass-zeichnet-stimmungsbild-zum-schweizer-arbeitsmarkt\\\/\"]}]},{\"@type\":\"ImageObject\",\"inLanguage\":\"fr-FR\",\"@id\":\"https:\\\/\\\/www.organisator.ch\\\/marketing\\\/2024-08-08\\\/arbeitsmarkt-kompass-zeichnet-stimmungsbild-zum-schweizer-arbeitsmarkt\\\/#primaryimage\",\"url\":\"https:\\\/\\\/www.markt-kom.com\\\/wp-content\\\/uploads\\\/2024\\\/08\\\/Pressecharts_Arbeitsmarkt-Kompass-CH_August-2024-24.jpg\",\"contentUrl\":\"https:\\\/\\\/www.markt-kom.com\\\/wp-content\\\/uploads\\\/2024\\\/08\\\/Pressecharts_Arbeitsmarkt-Kompass-CH_August-2024-24.jpg\"},{\"@type\":\"BreadcrumbList\",\"@id\":\"https:\\\/\\\/www.organisator.ch\\\/marketing\\\/2024-08-08\\\/arbeitsmarkt-kompass-zeichnet-stimmungsbild-zum-schweizer-arbeitsmarkt\\\/#breadcrumb\",\"itemListElement\":[{\"@type\":\"ListItem\",\"position\":1,\"name\":\"Home\",\"item\":\"https:\\\/\\\/www.organisator.ch\\\/\"},{\"@type\":\"ListItem\",\"position\":2,\"name\":\"Arbeitsmarkt-Kompass zeichnet Stimmungsbild zum Schweizer Arbeitsmarkt\"}]},{\"@type\":\"WebSite\",\"@id\":\"https:\\\/\\\/www.organisator.ch\\\/#website\",\"url\":\"https:\\\/\\\/www.organisator.ch\\\/\",\"name\":\"Organisator\",\"description\":\"Kompetent. Praxisnah. Der ORGANISATOR bereitet in 10 Ausgaben pro Jahr die wesentlichen Themen f\u00fcr F\u00fchrungskr\u00e4fte von KMU auf.\",\"publisher\":{\"@id\":\"https:\\\/\\\/www.organisator.ch\\\/#organization\"},\"potentialAction\":[{\"@type\":\"SearchAction\",\"target\":{\"@type\":\"EntryPoint\",\"urlTemplate\":\"https:\\\/\\\/www.organisator.ch\\\/?s={search_term_string}\"},\"query-input\":{\"@type\":\"PropertyValueSpecification\",\"valueRequired\":true,\"valueName\":\"search_term_string\"}}],\"inLanguage\":\"fr-FR\"},{\"@type\":\"Organization\",\"@id\":\"https:\\\/\\\/www.organisator.ch\\\/#organization\",\"name\":\"Organisator\",\"url\":\"https:\\\/\\\/www.organisator.ch\\\/\",\"logo\":{\"@type\":\"ImageObject\",\"inLanguage\":\"fr-FR\",\"@id\":\"https:\\\/\\\/www.organisator.ch\\\/#\\\/schema\\\/logo\\\/image\\\/\",\"url\":\"https:\\\/\\\/www.organisator.ch\\\/wp-content\\\/uploads\\\/2022\\\/01\\\/Logo_Organisator_Website.png\",\"contentUrl\":\"https:\\\/\\\/www.organisator.ch\\\/wp-content\\\/uploads\\\/2022\\\/01\\\/Logo_Organisator_Website.png\",\"width\":800,\"height\":77,\"caption\":\"Organisator\"},\"image\":{\"@id\":\"https:\\\/\\\/www.organisator.ch\\\/#\\\/schema\\\/logo\\\/image\\\/\"},\"sameAs\":[\"https:\\\/\\\/www.facebook.com\\\/OrganisatorFachmagazin\",\"https:\\\/\\\/www.linkedin.com\\\/showcase\\\/organisator-das-magazin-fr-kmu\",\"https:\\\/\\\/www.xing.com\\\/news\\\/pages\\\/organisator-ch-695\",\"https:\\\/\\\/www.youtube.com\\\/channel\\\/UCGP2Sq0iWaZwT3BdIAQFYpw\"]},{\"@type\":\"Person\",\"@id\":\"https:\\\/\\\/www.organisator.ch\\\/#\\\/schema\\\/person\\\/4e51799071cd2dd1232ac003643ef5f0\",\"name\":\"galledia\",\"image\":{\"@type\":\"ImageObject\",\"inLanguage\":\"fr-FR\",\"@id\":\"https:\\\/\\\/secure.gravatar.com\\\/avatar\\\/78a7f90c01fc2bfc875782a0d4922b37cde2cf184ce347b91316d23cd7f69a36?s=96&d=mm&r=g\",\"url\":\"https:\\\/\\\/secure.gravatar.com\\\/avatar\\\/78a7f90c01fc2bfc875782a0d4922b37cde2cf184ce347b91316d23cd7f69a36?s=96&d=mm&r=g\",\"contentUrl\":\"https:\\\/\\\/secure.gravatar.com\\\/avatar\\\/78a7f90c01fc2bfc875782a0d4922b37cde2cf184ce347b91316d23cd7f69a36?s=96&d=mm&r=g\",\"caption\":\"galledia\"},\"sameAs\":[\"https:\\\/\\\/x.com\\\/admin\"],\"url\":\"https:\\\/\\\/www.organisator.ch\\\/fr\\\/author\\\/galledia\\\/\"}]}<\/script>\n<!-- \/ Yoast SEO plugin. -->","yoast_head_json":{"title":"La Boussole du march\u00e9 du travail dresse un tableau de l'humeur du march\u00e9 suisse du travail - Organisateur","description":"Marketagent Arbeitsmarkt-Kompass 2024 : Le monde du travail suisse en mutation. Horaires de travail flexibles et \u00e9quilibre entre vie professionnelle et vie priv\u00e9e en point de mire.","robots":{"index":"index","follow":"follow","max-snippet":"max-snippet:-1","max-image-preview":"max-image-preview:large","max-video-preview":"max-video-preview:-1"},"canonical":"https:\/\/www.organisator.ch\/fr\/marketing\/2024-08-08\/arbeitsmarkt-kompass-zeichnet-stimmungsbild-zum-schweizer-arbeitsmarkt\/","og_locale":"fr_FR","og_type":"article","og_title":"Arbeitsmarkt-Kompass zeichnet Stimmungsbild zum Schweizer Arbeitsmarkt - Organisator","og_description":"Marketagent Arbeitsmarkt-Kompass 2024: Schweizer Arbeitswelt im Wandel. Flexible Arbeitszeiten und Work-Life-Balance im Fokus.","og_url":"https:\/\/www.organisator.ch\/fr\/marketing\/2024-08-08\/arbeitsmarkt-kompass-zeichnet-stimmungsbild-zum-schweizer-arbeitsmarkt\/","og_site_name":"Organisator","article_publisher":"https:\/\/www.facebook.com\/OrganisatorFachmagazin","article_published_time":"2024-08-08T14:34:59+00:00","article_modified_time":"2024-11-09T07:19:00+00:00","og_image":[{"url":"https:\/\/www.markt-kom.com\/wp-content\/uploads\/2024\/08\/Pressecharts_Arbeitsmarkt-Kompass-CH_August-2024-24.jpg","type":"","width":"","height":""}],"author":"galledia","twitter_card":"summary_large_image","twitter_creator":"@admin","schema":{"@context":"https:\/\/schema.org","@graph":[{"@type":"Article","@id":"https:\/\/www.organisator.ch\/marketing\/2024-08-08\/arbeitsmarkt-kompass-zeichnet-stimmungsbild-zum-schweizer-arbeitsmarkt\/#article","isPartOf":{"@id":"https:\/\/www.organisator.ch\/marketing\/2024-08-08\/arbeitsmarkt-kompass-zeichnet-stimmungsbild-zum-schweizer-arbeitsmarkt\/"},"author":{"name":"galledia","@id":"https:\/\/www.organisator.ch\/#\/schema\/person\/4e51799071cd2dd1232ac003643ef5f0"},"headline":"Arbeitsmarkt-Kompass zeichnet Stimmungsbild zum Schweizer Arbeitsmarkt","datePublished":"2024-08-08T14:34:59+00:00","dateModified":"2024-11-09T07:19:00+00:00","mainEntityOfPage":{"@id":"https:\/\/www.organisator.ch\/marketing\/2024-08-08\/arbeitsmarkt-kompass-zeichnet-stimmungsbild-zum-schweizer-arbeitsmarkt\/"},"wordCount":725,"publisher":{"@id":"https:\/\/www.organisator.ch\/#organization"},"image":{"@id":"https:\/\/www.organisator.ch\/marketing\/2024-08-08\/arbeitsmarkt-kompass-zeichnet-stimmungsbild-zum-schweizer-arbeitsmarkt\/#primaryimage"},"thumbnailUrl":"https:\/\/www.markt-kom.com\/wp-content\/uploads\/2024\/08\/Pressecharts_Arbeitsmarkt-Kompass-CH_August-2024-24.jpg","keywords":["Business","Marketagent","Studie"],"articleSection":["MARKETING"],"inLanguage":"fr-FR"},{"@type":"WebPage","@id":"https:\/\/www.organisator.ch\/marketing\/2024-08-08\/arbeitsmarkt-kompass-zeichnet-stimmungsbild-zum-schweizer-arbeitsmarkt\/","url":"https:\/\/www.organisator.ch\/marketing\/2024-08-08\/arbeitsmarkt-kompass-zeichnet-stimmungsbild-zum-schweizer-arbeitsmarkt\/","name":"La Boussole du march\u00e9 du travail dresse un tableau de l'humeur du march\u00e9 suisse du travail - Organisateur","isPartOf":{"@id":"https:\/\/www.organisator.ch\/#website"},"primaryImageOfPage":{"@id":"https:\/\/www.organisator.ch\/marketing\/2024-08-08\/arbeitsmarkt-kompass-zeichnet-stimmungsbild-zum-schweizer-arbeitsmarkt\/#primaryimage"},"image":{"@id":"https:\/\/www.organisator.ch\/marketing\/2024-08-08\/arbeitsmarkt-kompass-zeichnet-stimmungsbild-zum-schweizer-arbeitsmarkt\/#primaryimage"},"thumbnailUrl":"https:\/\/www.markt-kom.com\/wp-content\/uploads\/2024\/08\/Pressecharts_Arbeitsmarkt-Kompass-CH_August-2024-24.jpg","datePublished":"2024-08-08T14:34:59+00:00","dateModified":"2024-11-09T07:19:00+00:00","description":"Marketagent Arbeitsmarkt-Kompass 2024 : Le monde du travail suisse en mutation. Horaires de travail flexibles et \u00e9quilibre entre vie professionnelle et vie priv\u00e9e en point de mire.","breadcrumb":{"@id":"https:\/\/www.organisator.ch\/marketing\/2024-08-08\/arbeitsmarkt-kompass-zeichnet-stimmungsbild-zum-schweizer-arbeitsmarkt\/#breadcrumb"},"inLanguage":"fr-FR","potentialAction":[{"@type":"ReadAction","target":["https:\/\/www.organisator.ch\/marketing\/2024-08-08\/arbeitsmarkt-kompass-zeichnet-stimmungsbild-zum-schweizer-arbeitsmarkt\/"]}]},{"@type":"ImageObject","inLanguage":"fr-FR","@id":"https:\/\/www.organisator.ch\/marketing\/2024-08-08\/arbeitsmarkt-kompass-zeichnet-stimmungsbild-zum-schweizer-arbeitsmarkt\/#primaryimage","url":"https:\/\/www.markt-kom.com\/wp-content\/uploads\/2024\/08\/Pressecharts_Arbeitsmarkt-Kompass-CH_August-2024-24.jpg","contentUrl":"https:\/\/www.markt-kom.com\/wp-content\/uploads\/2024\/08\/Pressecharts_Arbeitsmarkt-Kompass-CH_August-2024-24.jpg"},{"@type":"BreadcrumbList","@id":"https:\/\/www.organisator.ch\/marketing\/2024-08-08\/arbeitsmarkt-kompass-zeichnet-stimmungsbild-zum-schweizer-arbeitsmarkt\/#breadcrumb","itemListElement":[{"@type":"ListItem","position":1,"name":"Home","item":"https:\/\/www.organisator.ch\/"},{"@type":"ListItem","position":2,"name":"Arbeitsmarkt-Kompass zeichnet Stimmungsbild zum Schweizer Arbeitsmarkt"}]},{"@type":"WebSite","@id":"https:\/\/www.organisator.ch\/#website","url":"https:\/\/www.organisator.ch\/","name":"Organisateur","description":"Comp\u00e9tence et comp\u00e9tence. Proches de la pratique. L'ORGANISATEUR pr\u00e9pare 10 num\u00e9ros par an sur les th\u00e8mes essentiels pour les dirigeants de PME.","publisher":{"@id":"https:\/\/www.organisator.ch\/#organization"},"potentialAction":[{"@type":"SearchAction","target":{"@type":"EntryPoint","urlTemplate":"https:\/\/www.organisator.ch\/?s={search_term_string}"},"query-input":{"@type":"PropertyValueSpecification","valueRequired":true,"valueName":"search_term_string"}}],"inLanguage":"fr-FR"},{"@type":"Organization","@id":"https:\/\/www.organisator.ch\/#organization","name":"Organisateur","url":"https:\/\/www.organisator.ch\/","logo":{"@type":"ImageObject","inLanguage":"fr-FR","@id":"https:\/\/www.organisator.ch\/#\/schema\/logo\/image\/","url":"https:\/\/www.organisator.ch\/wp-content\/uploads\/2022\/01\/Logo_Organisator_Website.png","contentUrl":"https:\/\/www.organisator.ch\/wp-content\/uploads\/2022\/01\/Logo_Organisator_Website.png","width":800,"height":77,"caption":"Organisator"},"image":{"@id":"https:\/\/www.organisator.ch\/#\/schema\/logo\/image\/"},"sameAs":["https:\/\/www.facebook.com\/OrganisatorFachmagazin","https:\/\/www.linkedin.com\/showcase\/organisator-das-magazin-fr-kmu","https:\/\/www.xing.com\/news\/pages\/organisator-ch-695","https:\/\/www.youtube.com\/channel\/UCGP2Sq0iWaZwT3BdIAQFYpw"]},{"@type":"Person","@id":"https:\/\/www.organisator.ch\/#\/schema\/person\/4e51799071cd2dd1232ac003643ef5f0","name":"galledia","image":{"@type":"ImageObject","inLanguage":"fr-FR","@id":"https:\/\/secure.gravatar.com\/avatar\/78a7f90c01fc2bfc875782a0d4922b37cde2cf184ce347b91316d23cd7f69a36?s=96&d=mm&r=g","url":"https:\/\/secure.gravatar.com\/avatar\/78a7f90c01fc2bfc875782a0d4922b37cde2cf184ce347b91316d23cd7f69a36?s=96&d=mm&r=g","contentUrl":"https:\/\/secure.gravatar.com\/avatar\/78a7f90c01fc2bfc875782a0d4922b37cde2cf184ce347b91316d23cd7f69a36?s=96&d=mm&r=g","caption":"galledia"},"sameAs":["https:\/\/x.com\/admin"],"url":"https:\/\/www.organisator.ch\/fr\/author\/galledia\/"}]}},"_links":{"self":[{"href":"https:\/\/www.organisator.ch\/fr\/wp-json\/wp\/v2\/posts\/28739","targetHints":{"allow":["GET"]}}],"collection":[{"href":"https:\/\/www.organisator.ch\/fr\/wp-json\/wp\/v2\/posts"}],"about":[{"href":"https:\/\/www.organisator.ch\/fr\/wp-json\/wp\/v2\/types\/post"}],"author":[{"embeddable":true,"href":"https:\/\/www.organisator.ch\/fr\/wp-json\/wp\/v2\/users\/8"}],"replies":[{"embeddable":true,"href":"https:\/\/www.organisator.ch\/fr\/wp-json\/wp\/v2\/comments?post=28739"}],"version-history":[{"count":3,"href":"https:\/\/www.organisator.ch\/fr\/wp-json\/wp\/v2\/posts\/28739\/revisions"}],"predecessor-version":[{"id":32077,"href":"https:\/\/www.organisator.ch\/fr\/wp-json\/wp\/v2\/posts\/28739\/revisions\/32077"}],"wp:attachment":[{"href":"https:\/\/www.organisator.ch\/fr\/wp-json\/wp\/v2\/media?parent=28739"}],"wp:term":[{"taxonomy":"category","embeddable":true,"href":"https:\/\/www.organisator.ch\/fr\/wp-json\/wp\/v2\/categories?post=28739"},{"taxonomy":"post_tag","embeddable":true,"href":"https:\/\/www.organisator.ch\/fr\/wp-json\/wp\/v2\/tags?post=28739"}],"curies":[{"name":"wp","href":"https:\/\/api.w.org\/{rel}","templated":true}]}}