{"id":28745,"date":"2024-08-08T03:41:02","date_gmt":"2024-08-08T01:41:02","guid":{"rendered":"https:\/\/www.markt-kom.com\/?p=221412"},"modified":"2024-11-09T08:34:15","modified_gmt":"2024-11-09T07:34:15","slug":"pascal-blank-verlaesst-kuble-und-gruendet-eigene-consulting-firma","status":"publish","type":"post","link":"https:\/\/www.organisator.ch\/fr\/marketing\/2024-08-08\/pascal-blank-verlaesst-kuble-und-gruendet-eigene-consulting-firma\/","title":{"rendered":"Pascal Blank quitte Kuble et fonde sa propre soci\u00e9t\u00e9 de conseil"},"content":{"rendered":"<figure id=\"attachment_221413\" class=\"wp-caption aligncenter\" style=\"width: 1200px\" aria-describedby=\"caption-attachment-221413\"><img class=\"aligncenter wp-image-221413 size-full\" src=\"https:\/\/www.markt-kom.com\/wp-content\/uploads\/2024\/08\/pascal-blank-ex-kuble-neue-firma.jpg\" alt=\"Pascal Blank Consulting 2024\" width=\"1200\" height=\"900\" \/>\r\n<figcaption id=\"caption-attachment-221413\" class=\"wp-caption-text\">(Image : zVg.)<\/figcaption>\r\n<\/figure>\r\n<p>La d\u00e9cision de Blank de quitter Kuble et de fonder sa propre entreprise a \u00e9t\u00e9 influenc\u00e9e non seulement par son d\u00e9sir de changer de carri\u00e8re, mais aussi par les progr\u00e8s r\u00e9alis\u00e9s cette ann\u00e9e dans les outils d'IA, qui permettent aux petites \u00e9quipes d'atteindre un haut niveau de rendement et de travailler efficacement. C'est ce qu'\u00e9crit Blank dans un communiqu\u00e9 publi\u00e9 jeudi.<\/p>\r\n<p>Avec <a href=\"https:\/\/pascalblank.ai\/\" rel=\"noopener\">Pascal Blank Consulting<\/a> il souhaite d\u00e9sormais aider les entreprises \u00e0 planifier, mettre en \u0153uvre et optimiser leurs campagnes publicitaires num\u00e9riques sur les m\u00e9dias sociaux et les moteurs de recherche. Le jeune homme de 33 ans est \u00e9galement \"heureux de transmettre \u00e0 ses clients\" son expertise en mati\u00e8re de planification de campagnes publicitaires internationales, d'identification de groupes cibles de niche et d'optimisation de toutes les \u00e9tapes du tunnel marketing.<\/p>\r\n<p>D\u00e8s l'automne, il enseignera \u00e0 la FHNW \u00e0 Olten un cours sur le th\u00e8me \"Performance Marketing et AI\", dans lequel les \u00e9tudiants apprendront \u00e0 utiliser efficacement les outils d'IA pour les campagnes publicitaires num\u00e9riques.<\/p>\r\n<p>Pascal Blank se r\u00e9jouit particuli\u00e8rement de la future collaboration avec sa compagne de longue date Eveline Birrer, qui travaille \u00e9galement comme conseill\u00e8re et designer et qui a r\u00e9cemment rejoint CPLTS en tant que Creativity Copilot. Cette collaboration permet de proposer, outre la gestion de campagnes, le d\u00e9veloppement de cr\u00e9ations d'une seule main.<\/p>\r\n<p>D'autres partenariats et mandats sont \u00e9galement en cours et seront communiqu\u00e9s dans les prochaines semaines, poursuit Blank.<\/p>","protected":false},"excerpt":{"rendered":"<p>L'ancien responsable du marketing \u00e0 la performance chez Kuble Pascal Blank lance sa propre soci\u00e9t\u00e9 de conseil en marketing \u00e0 la performance \"Pascal Blank Consulting\".<\/p>","protected":false},"author":8,"featured_media":0,"comment_status":"closed","ping_status":"closed","sticky":false,"template":"","format":"standard","meta":{"_acf_changed":false,"_yoast_wpseo_focuskw":"Pascal Blank Consulting 2024","_yoast_wpseo_metadesc":"Pascal Blank gr\u00fcndet eigene Firma und bietet digitale Werbekampagnen an. Kurse zu Performance Marketing und AI an der FHNW.","articlekey":"","footnotes":""},"categories":[29],"tags":[4345,4350],"class_list":["post-28745","post","type-post","status-publish","format-standard","hentry","category-marketing","tag-business","tag-kuble"],"acf":[],"yoast_head":"<!-- This site is optimized with the Yoast SEO plugin v27.5 - https:\/\/yoast.com\/product\/yoast-seo-wordpress\/ -->\n<title>Pascal Blank verl\u00e4sst Kuble und gr\u00fcndet eigene Consulting-Firma - Organisator<\/title>\n<meta name=\"description\" content=\"Pascal Blank gr\u00fcndet eigene Firma und bietet digitale Werbekampagnen an. Kurse zu Performance Marketing und AI an der FHNW.\" \/>\n<meta name=\"robots\" content=\"index, follow, max-snippet:-1, max-image-preview:large, max-video-preview:-1\" \/>\n<link rel=\"canonical\" href=\"https:\/\/www.organisator.ch\/fr\/marketing\/2024-08-08\/pascal-blank-verlaesst-kuble-und-gruendet-eigene-consulting-firma\/\" \/>\n<meta property=\"og:locale\" content=\"fr_FR\" \/>\n<meta property=\"og:type\" content=\"article\" \/>\n<meta property=\"og:title\" content=\"Pascal Blank verl\u00e4sst Kuble und gr\u00fcndet eigene Consulting-Firma - Organisator\" \/>\n<meta property=\"og:description\" content=\"Pascal Blank gr\u00fcndet eigene Firma und bietet digitale Werbekampagnen an. Kurse zu Performance Marketing und AI an der FHNW.\" \/>\n<meta property=\"og:url\" content=\"https:\/\/www.organisator.ch\/fr\/marketing\/2024-08-08\/pascal-blank-verlaesst-kuble-und-gruendet-eigene-consulting-firma\/\" \/>\n<meta property=\"og:site_name\" content=\"Organisator\" \/>\n<meta property=\"article:publisher\" content=\"https:\/\/www.facebook.com\/OrganisatorFachmagazin\" \/>\n<meta property=\"article:published_time\" content=\"2024-08-08T01:41:02+00:00\" \/>\n<meta property=\"article:modified_time\" content=\"2024-11-09T07:34:15+00:00\" \/>\n<meta property=\"og:image\" content=\"https:\/\/www.markt-kom.com\/wp-content\/uploads\/2024\/08\/pascal-blank-ex-kuble-neue-firma.jpg\" \/>\n<meta name=\"author\" content=\"galledia\" \/>\n<meta name=\"twitter:card\" content=\"summary_large_image\" \/>\n<meta name=\"twitter:creator\" content=\"@admin\" \/>\n<script type=\"application\/ld+json\" class=\"yoast-schema-graph\">{\"@context\":\"https:\\\/\\\/schema.org\",\"@graph\":[{\"@type\":\"Article\",\"@id\":\"https:\\\/\\\/www.organisator.ch\\\/marketing\\\/2024-08-08\\\/pascal-blank-verlaesst-kuble-und-gruendet-eigene-consulting-firma\\\/#article\",\"isPartOf\":{\"@id\":\"https:\\\/\\\/www.organisator.ch\\\/marketing\\\/2024-08-08\\\/pascal-blank-verlaesst-kuble-und-gruendet-eigene-consulting-firma\\\/\"},\"author\":{\"name\":\"galledia\",\"@id\":\"https:\\\/\\\/www.organisator.ch\\\/#\\\/schema\\\/person\\\/4e51799071cd2dd1232ac003643ef5f0\"},\"headline\":\"Pascal Blank verl\u00e4sst Kuble und gr\u00fcndet eigene Consulting-Firma\",\"datePublished\":\"2024-08-08T01:41:02+00:00\",\"dateModified\":\"2024-11-09T07:34:15+00:00\",\"mainEntityOfPage\":{\"@id\":\"https:\\\/\\\/www.organisator.ch\\\/marketing\\\/2024-08-08\\\/pascal-blank-verlaesst-kuble-und-gruendet-eigene-consulting-firma\\\/\"},\"wordCount\":216,\"publisher\":{\"@id\":\"https:\\\/\\\/www.organisator.ch\\\/#organization\"},\"image\":{\"@id\":\"https:\\\/\\\/www.organisator.ch\\\/marketing\\\/2024-08-08\\\/pascal-blank-verlaesst-kuble-und-gruendet-eigene-consulting-firma\\\/#primaryimage\"},\"thumbnailUrl\":\"https:\\\/\\\/www.markt-kom.com\\\/wp-content\\\/uploads\\\/2024\\\/08\\\/pascal-blank-ex-kuble-neue-firma.jpg\",\"keywords\":[\"Business\",\"Kuble\"],\"articleSection\":[\"MARKETING\"],\"inLanguage\":\"fr-FR\"},{\"@type\":\"WebPage\",\"@id\":\"https:\\\/\\\/www.organisator.ch\\\/marketing\\\/2024-08-08\\\/pascal-blank-verlaesst-kuble-und-gruendet-eigene-consulting-firma\\\/\",\"url\":\"https:\\\/\\\/www.organisator.ch\\\/marketing\\\/2024-08-08\\\/pascal-blank-verlaesst-kuble-und-gruendet-eigene-consulting-firma\\\/\",\"name\":\"Pascal Blank verl\u00e4sst Kuble und gr\u00fcndet eigene Consulting-Firma - Organisator\",\"isPartOf\":{\"@id\":\"https:\\\/\\\/www.organisator.ch\\\/#website\"},\"primaryImageOfPage\":{\"@id\":\"https:\\\/\\\/www.organisator.ch\\\/marketing\\\/2024-08-08\\\/pascal-blank-verlaesst-kuble-und-gruendet-eigene-consulting-firma\\\/#primaryimage\"},\"image\":{\"@id\":\"https:\\\/\\\/www.organisator.ch\\\/marketing\\\/2024-08-08\\\/pascal-blank-verlaesst-kuble-und-gruendet-eigene-consulting-firma\\\/#primaryimage\"},\"thumbnailUrl\":\"https:\\\/\\\/www.markt-kom.com\\\/wp-content\\\/uploads\\\/2024\\\/08\\\/pascal-blank-ex-kuble-neue-firma.jpg\",\"datePublished\":\"2024-08-08T01:41:02+00:00\",\"dateModified\":\"2024-11-09T07:34:15+00:00\",\"description\":\"Pascal Blank gr\u00fcndet eigene Firma und bietet digitale Werbekampagnen an. Kurse zu Performance Marketing und AI an der FHNW.\",\"breadcrumb\":{\"@id\":\"https:\\\/\\\/www.organisator.ch\\\/marketing\\\/2024-08-08\\\/pascal-blank-verlaesst-kuble-und-gruendet-eigene-consulting-firma\\\/#breadcrumb\"},\"inLanguage\":\"fr-FR\",\"potentialAction\":[{\"@type\":\"ReadAction\",\"target\":[\"https:\\\/\\\/www.organisator.ch\\\/marketing\\\/2024-08-08\\\/pascal-blank-verlaesst-kuble-und-gruendet-eigene-consulting-firma\\\/\"]}]},{\"@type\":\"ImageObject\",\"inLanguage\":\"fr-FR\",\"@id\":\"https:\\\/\\\/www.organisator.ch\\\/marketing\\\/2024-08-08\\\/pascal-blank-verlaesst-kuble-und-gruendet-eigene-consulting-firma\\\/#primaryimage\",\"url\":\"https:\\\/\\\/www.markt-kom.com\\\/wp-content\\\/uploads\\\/2024\\\/08\\\/pascal-blank-ex-kuble-neue-firma.jpg\",\"contentUrl\":\"https:\\\/\\\/www.markt-kom.com\\\/wp-content\\\/uploads\\\/2024\\\/08\\\/pascal-blank-ex-kuble-neue-firma.jpg\"},{\"@type\":\"BreadcrumbList\",\"@id\":\"https:\\\/\\\/www.organisator.ch\\\/marketing\\\/2024-08-08\\\/pascal-blank-verlaesst-kuble-und-gruendet-eigene-consulting-firma\\\/#breadcrumb\",\"itemListElement\":[{\"@type\":\"ListItem\",\"position\":1,\"name\":\"Home\",\"item\":\"https:\\\/\\\/www.organisator.ch\\\/\"},{\"@type\":\"ListItem\",\"position\":2,\"name\":\"Pascal Blank verl\u00e4sst Kuble und gr\u00fcndet eigene Consulting-Firma\"}]},{\"@type\":\"WebSite\",\"@id\":\"https:\\\/\\\/www.organisator.ch\\\/#website\",\"url\":\"https:\\\/\\\/www.organisator.ch\\\/\",\"name\":\"Organisator\",\"description\":\"Kompetent. Praxisnah. Der ORGANISATOR bereitet in 10 Ausgaben pro Jahr die wesentlichen Themen f\u00fcr F\u00fchrungskr\u00e4fte von KMU auf.\",\"publisher\":{\"@id\":\"https:\\\/\\\/www.organisator.ch\\\/#organization\"},\"potentialAction\":[{\"@type\":\"SearchAction\",\"target\":{\"@type\":\"EntryPoint\",\"urlTemplate\":\"https:\\\/\\\/www.organisator.ch\\\/?s={search_term_string}\"},\"query-input\":{\"@type\":\"PropertyValueSpecification\",\"valueRequired\":true,\"valueName\":\"search_term_string\"}}],\"inLanguage\":\"fr-FR\"},{\"@type\":\"Organization\",\"@id\":\"https:\\\/\\\/www.organisator.ch\\\/#organization\",\"name\":\"Organisator\",\"url\":\"https:\\\/\\\/www.organisator.ch\\\/\",\"logo\":{\"@type\":\"ImageObject\",\"inLanguage\":\"fr-FR\",\"@id\":\"https:\\\/\\\/www.organisator.ch\\\/#\\\/schema\\\/logo\\\/image\\\/\",\"url\":\"https:\\\/\\\/www.organisator.ch\\\/wp-content\\\/uploads\\\/2022\\\/01\\\/Logo_Organisator_Website.png\",\"contentUrl\":\"https:\\\/\\\/www.organisator.ch\\\/wp-content\\\/uploads\\\/2022\\\/01\\\/Logo_Organisator_Website.png\",\"width\":800,\"height\":77,\"caption\":\"Organisator\"},\"image\":{\"@id\":\"https:\\\/\\\/www.organisator.ch\\\/#\\\/schema\\\/logo\\\/image\\\/\"},\"sameAs\":[\"https:\\\/\\\/www.facebook.com\\\/OrganisatorFachmagazin\",\"https:\\\/\\\/www.linkedin.com\\\/showcase\\\/organisator-das-magazin-fr-kmu\",\"https:\\\/\\\/www.xing.com\\\/news\\\/pages\\\/organisator-ch-695\",\"https:\\\/\\\/www.youtube.com\\\/channel\\\/UCGP2Sq0iWaZwT3BdIAQFYpw\"]},{\"@type\":\"Person\",\"@id\":\"https:\\\/\\\/www.organisator.ch\\\/#\\\/schema\\\/person\\\/4e51799071cd2dd1232ac003643ef5f0\",\"name\":\"galledia\",\"image\":{\"@type\":\"ImageObject\",\"inLanguage\":\"fr-FR\",\"@id\":\"https:\\\/\\\/secure.gravatar.com\\\/avatar\\\/78a7f90c01fc2bfc875782a0d4922b37cde2cf184ce347b91316d23cd7f69a36?s=96&d=mm&r=g\",\"url\":\"https:\\\/\\\/secure.gravatar.com\\\/avatar\\\/78a7f90c01fc2bfc875782a0d4922b37cde2cf184ce347b91316d23cd7f69a36?s=96&d=mm&r=g\",\"contentUrl\":\"https:\\\/\\\/secure.gravatar.com\\\/avatar\\\/78a7f90c01fc2bfc875782a0d4922b37cde2cf184ce347b91316d23cd7f69a36?s=96&d=mm&r=g\",\"caption\":\"galledia\"},\"sameAs\":[\"https:\\\/\\\/x.com\\\/admin\"],\"url\":\"https:\\\/\\\/www.organisator.ch\\\/fr\\\/author\\\/galledia\\\/\"}]}<\/script>\n<!-- \/ Yoast SEO plugin. -->","yoast_head_json":{"title":"Pascal Blank quitte Kuble et fonde sa propre soci\u00e9t\u00e9 de conseil - Organisateur","description":"Pascal Blank fonde sa propre entreprise et propose des campagnes publicitaires num\u00e9riques. Cours sur le marketing \u00e0 la performance et l'IA \u00e0 la FHNW.","robots":{"index":"index","follow":"follow","max-snippet":"max-snippet:-1","max-image-preview":"max-image-preview:large","max-video-preview":"max-video-preview:-1"},"canonical":"https:\/\/www.organisator.ch\/fr\/marketing\/2024-08-08\/pascal-blank-verlaesst-kuble-und-gruendet-eigene-consulting-firma\/","og_locale":"fr_FR","og_type":"article","og_title":"Pascal Blank verl\u00e4sst Kuble und gr\u00fcndet eigene Consulting-Firma - Organisator","og_description":"Pascal Blank gr\u00fcndet eigene Firma und bietet digitale Werbekampagnen an. Kurse zu Performance Marketing und AI an der FHNW.","og_url":"https:\/\/www.organisator.ch\/fr\/marketing\/2024-08-08\/pascal-blank-verlaesst-kuble-und-gruendet-eigene-consulting-firma\/","og_site_name":"Organisator","article_publisher":"https:\/\/www.facebook.com\/OrganisatorFachmagazin","article_published_time":"2024-08-08T01:41:02+00:00","article_modified_time":"2024-11-09T07:34:15+00:00","og_image":[{"url":"https:\/\/www.markt-kom.com\/wp-content\/uploads\/2024\/08\/pascal-blank-ex-kuble-neue-firma.jpg","type":"","width":"","height":""}],"author":"galledia","twitter_card":"summary_large_image","twitter_creator":"@admin","schema":{"@context":"https:\/\/schema.org","@graph":[{"@type":"Article","@id":"https:\/\/www.organisator.ch\/marketing\/2024-08-08\/pascal-blank-verlaesst-kuble-und-gruendet-eigene-consulting-firma\/#article","isPartOf":{"@id":"https:\/\/www.organisator.ch\/marketing\/2024-08-08\/pascal-blank-verlaesst-kuble-und-gruendet-eigene-consulting-firma\/"},"author":{"name":"galledia","@id":"https:\/\/www.organisator.ch\/#\/schema\/person\/4e51799071cd2dd1232ac003643ef5f0"},"headline":"Pascal Blank verl\u00e4sst Kuble und gr\u00fcndet eigene Consulting-Firma","datePublished":"2024-08-08T01:41:02+00:00","dateModified":"2024-11-09T07:34:15+00:00","mainEntityOfPage":{"@id":"https:\/\/www.organisator.ch\/marketing\/2024-08-08\/pascal-blank-verlaesst-kuble-und-gruendet-eigene-consulting-firma\/"},"wordCount":216,"publisher":{"@id":"https:\/\/www.organisator.ch\/#organization"},"image":{"@id":"https:\/\/www.organisator.ch\/marketing\/2024-08-08\/pascal-blank-verlaesst-kuble-und-gruendet-eigene-consulting-firma\/#primaryimage"},"thumbnailUrl":"https:\/\/www.markt-kom.com\/wp-content\/uploads\/2024\/08\/pascal-blank-ex-kuble-neue-firma.jpg","keywords":["Business","Kuble"],"articleSection":["MARKETING"],"inLanguage":"fr-FR"},{"@type":"WebPage","@id":"https:\/\/www.organisator.ch\/marketing\/2024-08-08\/pascal-blank-verlaesst-kuble-und-gruendet-eigene-consulting-firma\/","url":"https:\/\/www.organisator.ch\/marketing\/2024-08-08\/pascal-blank-verlaesst-kuble-und-gruendet-eigene-consulting-firma\/","name":"Pascal Blank quitte Kuble et fonde sa propre soci\u00e9t\u00e9 de conseil - Organisateur","isPartOf":{"@id":"https:\/\/www.organisator.ch\/#website"},"primaryImageOfPage":{"@id":"https:\/\/www.organisator.ch\/marketing\/2024-08-08\/pascal-blank-verlaesst-kuble-und-gruendet-eigene-consulting-firma\/#primaryimage"},"image":{"@id":"https:\/\/www.organisator.ch\/marketing\/2024-08-08\/pascal-blank-verlaesst-kuble-und-gruendet-eigene-consulting-firma\/#primaryimage"},"thumbnailUrl":"https:\/\/www.markt-kom.com\/wp-content\/uploads\/2024\/08\/pascal-blank-ex-kuble-neue-firma.jpg","datePublished":"2024-08-08T01:41:02+00:00","dateModified":"2024-11-09T07:34:15+00:00","description":"Pascal Blank fonde sa propre entreprise et propose des campagnes publicitaires num\u00e9riques. Cours sur le marketing \u00e0 la performance et l'IA \u00e0 la FHNW.","breadcrumb":{"@id":"https:\/\/www.organisator.ch\/marketing\/2024-08-08\/pascal-blank-verlaesst-kuble-und-gruendet-eigene-consulting-firma\/#breadcrumb"},"inLanguage":"fr-FR","potentialAction":[{"@type":"ReadAction","target":["https:\/\/www.organisator.ch\/marketing\/2024-08-08\/pascal-blank-verlaesst-kuble-und-gruendet-eigene-consulting-firma\/"]}]},{"@type":"ImageObject","inLanguage":"fr-FR","@id":"https:\/\/www.organisator.ch\/marketing\/2024-08-08\/pascal-blank-verlaesst-kuble-und-gruendet-eigene-consulting-firma\/#primaryimage","url":"https:\/\/www.markt-kom.com\/wp-content\/uploads\/2024\/08\/pascal-blank-ex-kuble-neue-firma.jpg","contentUrl":"https:\/\/www.markt-kom.com\/wp-content\/uploads\/2024\/08\/pascal-blank-ex-kuble-neue-firma.jpg"},{"@type":"BreadcrumbList","@id":"https:\/\/www.organisator.ch\/marketing\/2024-08-08\/pascal-blank-verlaesst-kuble-und-gruendet-eigene-consulting-firma\/#breadcrumb","itemListElement":[{"@type":"ListItem","position":1,"name":"Home","item":"https:\/\/www.organisator.ch\/"},{"@type":"ListItem","position":2,"name":"Pascal Blank verl\u00e4sst Kuble und gr\u00fcndet eigene Consulting-Firma"}]},{"@type":"WebSite","@id":"https:\/\/www.organisator.ch\/#website","url":"https:\/\/www.organisator.ch\/","name":"Organisateur","description":"Comp\u00e9tence et comp\u00e9tence. Proches de la pratique. L'ORGANISATEUR pr\u00e9pare 10 num\u00e9ros par an sur les th\u00e8mes essentiels pour les dirigeants de PME.","publisher":{"@id":"https:\/\/www.organisator.ch\/#organization"},"potentialAction":[{"@type":"SearchAction","target":{"@type":"EntryPoint","urlTemplate":"https:\/\/www.organisator.ch\/?s={search_term_string}"},"query-input":{"@type":"PropertyValueSpecification","valueRequired":true,"valueName":"search_term_string"}}],"inLanguage":"fr-FR"},{"@type":"Organization","@id":"https:\/\/www.organisator.ch\/#organization","name":"Organisateur","url":"https:\/\/www.organisator.ch\/","logo":{"@type":"ImageObject","inLanguage":"fr-FR","@id":"https:\/\/www.organisator.ch\/#\/schema\/logo\/image\/","url":"https:\/\/www.organisator.ch\/wp-content\/uploads\/2022\/01\/Logo_Organisator_Website.png","contentUrl":"https:\/\/www.organisator.ch\/wp-content\/uploads\/2022\/01\/Logo_Organisator_Website.png","width":800,"height":77,"caption":"Organisator"},"image":{"@id":"https:\/\/www.organisator.ch\/#\/schema\/logo\/image\/"},"sameAs":["https:\/\/www.facebook.com\/OrganisatorFachmagazin","https:\/\/www.linkedin.com\/showcase\/organisator-das-magazin-fr-kmu","https:\/\/www.xing.com\/news\/pages\/organisator-ch-695","https:\/\/www.youtube.com\/channel\/UCGP2Sq0iWaZwT3BdIAQFYpw"]},{"@type":"Person","@id":"https:\/\/www.organisator.ch\/#\/schema\/person\/4e51799071cd2dd1232ac003643ef5f0","name":"galledia","image":{"@type":"ImageObject","inLanguage":"fr-FR","@id":"https:\/\/secure.gravatar.com\/avatar\/78a7f90c01fc2bfc875782a0d4922b37cde2cf184ce347b91316d23cd7f69a36?s=96&d=mm&r=g","url":"https:\/\/secure.gravatar.com\/avatar\/78a7f90c01fc2bfc875782a0d4922b37cde2cf184ce347b91316d23cd7f69a36?s=96&d=mm&r=g","contentUrl":"https:\/\/secure.gravatar.com\/avatar\/78a7f90c01fc2bfc875782a0d4922b37cde2cf184ce347b91316d23cd7f69a36?s=96&d=mm&r=g","caption":"galledia"},"sameAs":["https:\/\/x.com\/admin"],"url":"https:\/\/www.organisator.ch\/fr\/author\/galledia\/"}]}},"_links":{"self":[{"href":"https:\/\/www.organisator.ch\/fr\/wp-json\/wp\/v2\/posts\/28745","targetHints":{"allow":["GET"]}}],"collection":[{"href":"https:\/\/www.organisator.ch\/fr\/wp-json\/wp\/v2\/posts"}],"about":[{"href":"https:\/\/www.organisator.ch\/fr\/wp-json\/wp\/v2\/types\/post"}],"author":[{"embeddable":true,"href":"https:\/\/www.organisator.ch\/fr\/wp-json\/wp\/v2\/users\/8"}],"replies":[{"embeddable":true,"href":"https:\/\/www.organisator.ch\/fr\/wp-json\/wp\/v2\/comments?post=28745"}],"version-history":[{"count":3,"href":"https:\/\/www.organisator.ch\/fr\/wp-json\/wp\/v2\/posts\/28745\/revisions"}],"predecessor-version":[{"id":32084,"href":"https:\/\/www.organisator.ch\/fr\/wp-json\/wp\/v2\/posts\/28745\/revisions\/32084"}],"wp:attachment":[{"href":"https:\/\/www.organisator.ch\/fr\/wp-json\/wp\/v2\/media?parent=28745"}],"wp:term":[{"taxonomy":"category","embeddable":true,"href":"https:\/\/www.organisator.ch\/fr\/wp-json\/wp\/v2\/categories?post=28745"},{"taxonomy":"post_tag","embeddable":true,"href":"https:\/\/www.organisator.ch\/fr\/wp-json\/wp\/v2\/tags?post=28745"}],"curies":[{"name":"wp","href":"https:\/\/api.w.org\/{rel}","templated":true}]}}