{"id":288,"date":"2016-03-25T15:29:19","date_gmt":"2016-03-25T14:29:19","guid":{"rendered":"https:\/\/dev.umweltperspektiven.ch\/?p=288"},"modified":"2022-02-09T11:10:14","modified_gmt":"2022-02-09T10:10:14","slug":"nationales-forschungsprogramm-fuer-nachhaltige-wirtschaft","status":"publish","type":"post","link":"https:\/\/www.organisator.ch\/fr\/sustainability\/2016-03-25\/nationales-forschungsprogramm-fuer-nachhaltige-wirtschaft\/","title":{"rendered":"Programme national de recherche sur l'\u00e9conomie durable"},"content":{"rendered":"<figure id=\"attachment_289\" aria-describedby=\"caption-attachment-289\" style=\"width: 680px\" class=\"wp-caption alignnone\"><a href=\"\/\/dev.umweltperspektiven.ch\/wp-content\/uploads\/2016\/12\/Nationales-Forschungsprogramm-f\u00fcr-Nachhaltige-Wirtschaft-umweltperspektiven.jpg\"><img loading=\"lazy\" decoding=\"async\" class=\"size-medium wp-image-289\" src=\"\/\/dev.umweltperspektiven.ch\/wp-content\/uploads\/2016\/12\/Nationales-Forschungsprogramm-f\u00fcr-Nachhaltige-Wirtschaft-umweltperspektiven.jpg\" alt=\"Investir dans l&#039;\u00e9conomie durable doit apporter de la croissance \u00e0 la Suisse.\" width=\"680\" height=\"452\" \/><\/a><figcaption id=\"caption-attachment-289\" class=\"wp-caption-text\">Investir dans l'\u00e9conomie durable doit apporter de la croissance \u00e0 la Suisse.<\/figcaption><\/figure>\n<p>Le Conseil f\u00e9d\u00e9ral a lanc\u00e9 le nouveau Programme national de recherche (PNR) \"Economie durable\". On attend de ce PNR des contributions importantes pour une \u00e9conomie durable avec une utilisation plus efficace et une plus grande s\u00e9curit\u00e9 des ressources. Cela doit notamment favoriser la comp\u00e9titivit\u00e9 de l'\u00e9conomie suisse et promouvoir le bien-\u00eatre de la population. La dur\u00e9e de recherche du programme est de cinq ans et le budget total s'\u00e9l\u00e8ve \u00e0 20 millions de francs.<\/p>\n<p>Les ressources naturelles ont une capacit\u00e9 de r\u00e9g\u00e9n\u00e9ration limit\u00e9e et se font de plus en plus rares. Le nouveau PNR, men\u00e9 par le Fonds national suisse, doit apporter des connaissances dans une perspective syst\u00e9mique qui tient compte de l'environnement, de l'\u00e9conomie et de la soci\u00e9t\u00e9, et consid\u00e8re toutes les ressources naturelles et tous les niveaux de la cha\u00eene de cr\u00e9ation de valeur. Il invite \u00e0 soumettre des projets de recherche qui \u00e9largissent les connaissances existantes et mettent en \u00e9vidence les opportunit\u00e9s, les risques et les potentiels. Il s'agit d'analyser les mesures et les instruments qui en d\u00e9coulent et de transformer les connaissances g\u00e9n\u00e9rales en applications concr\u00e8tes, par exemple en d\u00e9veloppant des normes innovantes, en concevant des mod\u00e8les de consommation et de production novateurs et en commercialisant des technologies et des produits \"propres\".<\/p>\n<p>Avec les Programmes nationaux de recherche, la Conf\u00e9d\u00e9ration encourage des projets de recherche qui \u00e9laborent des connaissances d'orientation et d'action et contribuent ainsi \u00e0 r\u00e9soudre des probl\u00e8mes actuels. Les PNR sont cl\u00f4tur\u00e9s apr\u00e8s une p\u00e9riode d'environ cinq ans.<\/p>\n<p>Conform\u00e9ment \u00e0 la loi sur l'encouragement de la recherche et de l'innovation, le Conseil f\u00e9d\u00e9ral d\u00e9cide p\u00e9riodiquement de la r\u00e9alisation et du cadre financier des programmes nationaux de recherche.<\/p>\n<p>(WBF)<\/p>","protected":false},"excerpt":{"rendered":"<p>Der Bundesrat hat\u00a0das neue Nationale Forschungsprogramm (NFP) \u201eNachhaltiges Wirtschaften\u201c lanciert. Aus dem NFP werden wichtige Beitr\u00e4ge f\u00fcr eine nachhaltige Wirtschaft mit effizienterem Ressourceneinsatz und gr\u00f6sserer Ressourcensicherheit erwartet. Dies soll unter anderem die Wettbewerbsf\u00e4higkeit der Schweizer Wirtschaft beg\u00fcnstigen und die Wohlfahrt der Bev\u00f6lkerung f\u00f6rdern. Die Forschungsdauer des Programms betr\u00e4gt f\u00fcnf Jahre, das Budget bel\u00e4uft sich auf [&hellip;]<\/p>\n","protected":false},"author":1,"featured_media":9365,"comment_status":"open","ping_status":"open","sticky":false,"template":"","format":"standard","meta":{"_acf_changed":false,"_yoast_wpseo_focuskw":"Forschungsprogramm","_yoast_wpseo_metadesc":"Der Bundesrat lanciert ein neues Nationales Forschungsprogramm (NFP) zur Erarbeitung von Wegen zu einer nachhaltigen Wirtschaft.","articlekey":"","footnotes":""},"categories":[580],"tags":[218,358,1836],"class_list":["post-288","post","type-post","status-publish","format-standard","has-post-thumbnail","hentry","category-sustainability","tag-forschung","tag-nachhaltige-wirtschaft","tag-nfp"],"acf":[],"yoast_head":"<!-- This site is optimized with the Yoast SEO plugin v27.5 - https:\/\/yoast.com\/product\/yoast-seo-wordpress\/ -->\n<title>Nationales Forschungsprogramm f\u00fcr Nachhaltige Wirtschaft - Organisator<\/title>\n<meta name=\"description\" content=\"Der Bundesrat lanciert ein neues Nationales Forschungsprogramm (NFP) zur Erarbeitung von Wegen zu einer nachhaltigen Wirtschaft.\" \/>\n<meta name=\"robots\" content=\"index, follow, max-snippet:-1, max-image-preview:large, max-video-preview:-1\" \/>\n<link rel=\"canonical\" href=\"https:\/\/www.organisator.ch\/fr\/sustainability\/2016-03-25\/nationales-forschungsprogramm-fuer-nachhaltige-wirtschaft\/\" \/>\n<meta property=\"og:locale\" content=\"fr_FR\" \/>\n<meta property=\"og:type\" content=\"article\" \/>\n<meta property=\"og:title\" content=\"Nationales Forschungsprogramm f\u00fcr Nachhaltige Wirtschaft - Organisator\" \/>\n<meta property=\"og:description\" content=\"Der Bundesrat lanciert ein neues Nationales Forschungsprogramm (NFP) zur Erarbeitung von Wegen zu einer nachhaltigen Wirtschaft.\" \/>\n<meta property=\"og:url\" content=\"https:\/\/www.organisator.ch\/fr\/sustainability\/2016-03-25\/nationales-forschungsprogramm-fuer-nachhaltige-wirtschaft\/\" \/>\n<meta property=\"og:site_name\" content=\"Organisator\" \/>\n<meta property=\"article:publisher\" content=\"https:\/\/www.facebook.com\/OrganisatorFachmagazin\" \/>\n<meta property=\"article:published_time\" content=\"2016-03-25T14:29:19+00:00\" \/>\n<meta property=\"article:modified_time\" content=\"2022-02-09T10:10:14+00:00\" \/>\n<meta property=\"og:image\" content=\"https:\/\/www.organisator.ch\/wp-content\/uploads\/2016\/12\/Nationales-Forschungsprogramm-fuer-Nachhaltige-Wirtschaft-umweltperspektiven.jpg\" \/>\n\t<meta property=\"og:image:width\" content=\"1000\" \/>\n\t<meta property=\"og:image:height\" content=\"665\" \/>\n\t<meta property=\"og:image:type\" content=\"image\/jpeg\" \/>\n<meta name=\"author\" content=\"admin\" \/>\n<meta name=\"twitter:card\" content=\"summary_large_image\" \/>\n<script type=\"application\/ld+json\" class=\"yoast-schema-graph\">{\"@context\":\"https:\\\/\\\/schema.org\",\"@graph\":[{\"@type\":\"Article\",\"@id\":\"https:\\\/\\\/www.organisator.ch\\\/sustainability\\\/2016-03-25\\\/nationales-forschungsprogramm-fuer-nachhaltige-wirtschaft\\\/#article\",\"isPartOf\":{\"@id\":\"https:\\\/\\\/www.organisator.ch\\\/sustainability\\\/2016-03-25\\\/nationales-forschungsprogramm-fuer-nachhaltige-wirtschaft\\\/\"},\"author\":{\"name\":\"admin\",\"@id\":\"https:\\\/\\\/www.organisator.ch\\\/#\\\/schema\\\/person\\\/aa2bace6c5c5aad60102004a50c4eb1c\"},\"headline\":\"Nationales Forschungsprogramm f\u00fcr Nachhaltige Wirtschaft\",\"datePublished\":\"2016-03-25T14:29:19+00:00\",\"dateModified\":\"2022-02-09T10:10:14+00:00\",\"mainEntityOfPage\":{\"@id\":\"https:\\\/\\\/www.organisator.ch\\\/sustainability\\\/2016-03-25\\\/nationales-forschungsprogramm-fuer-nachhaltige-wirtschaft\\\/\"},\"wordCount\":251,\"commentCount\":0,\"publisher\":{\"@id\":\"https:\\\/\\\/www.organisator.ch\\\/#organization\"},\"image\":{\"@id\":\"https:\\\/\\\/www.organisator.ch\\\/sustainability\\\/2016-03-25\\\/nationales-forschungsprogramm-fuer-nachhaltige-wirtschaft\\\/#primaryimage\"},\"thumbnailUrl\":\"https:\\\/\\\/www.organisator.ch\\\/wp-content\\\/uploads\\\/2016\\\/12\\\/Nationales-Forschungsprogramm-fuer-Nachhaltige-Wirtschaft-umweltperspektiven.jpg\",\"keywords\":[\"Forschung\",\"Nachhaltige Wirtschaft\",\"NFP\"],\"articleSection\":[\"SUSTAINABILITY\"],\"inLanguage\":\"fr-FR\"},{\"@type\":\"WebPage\",\"@id\":\"https:\\\/\\\/www.organisator.ch\\\/sustainability\\\/2016-03-25\\\/nationales-forschungsprogramm-fuer-nachhaltige-wirtschaft\\\/\",\"url\":\"https:\\\/\\\/www.organisator.ch\\\/sustainability\\\/2016-03-25\\\/nationales-forschungsprogramm-fuer-nachhaltige-wirtschaft\\\/\",\"name\":\"Nationales Forschungsprogramm f\u00fcr Nachhaltige Wirtschaft - Organisator\",\"isPartOf\":{\"@id\":\"https:\\\/\\\/www.organisator.ch\\\/#website\"},\"primaryImageOfPage\":{\"@id\":\"https:\\\/\\\/www.organisator.ch\\\/sustainability\\\/2016-03-25\\\/nationales-forschungsprogramm-fuer-nachhaltige-wirtschaft\\\/#primaryimage\"},\"image\":{\"@id\":\"https:\\\/\\\/www.organisator.ch\\\/sustainability\\\/2016-03-25\\\/nationales-forschungsprogramm-fuer-nachhaltige-wirtschaft\\\/#primaryimage\"},\"thumbnailUrl\":\"https:\\\/\\\/www.organisator.ch\\\/wp-content\\\/uploads\\\/2016\\\/12\\\/Nationales-Forschungsprogramm-fuer-Nachhaltige-Wirtschaft-umweltperspektiven.jpg\",\"datePublished\":\"2016-03-25T14:29:19+00:00\",\"dateModified\":\"2022-02-09T10:10:14+00:00\",\"description\":\"Der Bundesrat lanciert ein neues Nationales Forschungsprogramm (NFP) zur Erarbeitung von Wegen zu einer nachhaltigen Wirtschaft.\",\"breadcrumb\":{\"@id\":\"https:\\\/\\\/www.organisator.ch\\\/sustainability\\\/2016-03-25\\\/nationales-forschungsprogramm-fuer-nachhaltige-wirtschaft\\\/#breadcrumb\"},\"inLanguage\":\"fr-FR\",\"potentialAction\":[{\"@type\":\"ReadAction\",\"target\":[\"https:\\\/\\\/www.organisator.ch\\\/sustainability\\\/2016-03-25\\\/nationales-forschungsprogramm-fuer-nachhaltige-wirtschaft\\\/\"]}]},{\"@type\":\"ImageObject\",\"inLanguage\":\"fr-FR\",\"@id\":\"https:\\\/\\\/www.organisator.ch\\\/sustainability\\\/2016-03-25\\\/nationales-forschungsprogramm-fuer-nachhaltige-wirtschaft\\\/#primaryimage\",\"url\":\"https:\\\/\\\/www.organisator.ch\\\/wp-content\\\/uploads\\\/2016\\\/12\\\/Nationales-Forschungsprogramm-fuer-Nachhaltige-Wirtschaft-umweltperspektiven.jpg\",\"contentUrl\":\"https:\\\/\\\/www.organisator.ch\\\/wp-content\\\/uploads\\\/2016\\\/12\\\/Nationales-Forschungsprogramm-fuer-Nachhaltige-Wirtschaft-umweltperspektiven.jpg\",\"width\":1000,\"height\":665,\"caption\":\"Investitionen in die nachhaltige Wirtschaft soll der Schweiz Wachstum bescheren.\"},{\"@type\":\"BreadcrumbList\",\"@id\":\"https:\\\/\\\/www.organisator.ch\\\/sustainability\\\/2016-03-25\\\/nationales-forschungsprogramm-fuer-nachhaltige-wirtschaft\\\/#breadcrumb\",\"itemListElement\":[{\"@type\":\"ListItem\",\"position\":1,\"name\":\"Home\",\"item\":\"https:\\\/\\\/www.organisator.ch\\\/\"},{\"@type\":\"ListItem\",\"position\":2,\"name\":\"Nationales Forschungsprogramm f\u00fcr Nachhaltige Wirtschaft\"}]},{\"@type\":\"WebSite\",\"@id\":\"https:\\\/\\\/www.organisator.ch\\\/#website\",\"url\":\"https:\\\/\\\/www.organisator.ch\\\/\",\"name\":\"Organisator\",\"description\":\"Kompetent. Praxisnah. Der ORGANISATOR bereitet in 10 Ausgaben pro Jahr die wesentlichen Themen f\u00fcr F\u00fchrungskr\u00e4fte von KMU auf.\",\"publisher\":{\"@id\":\"https:\\\/\\\/www.organisator.ch\\\/#organization\"},\"potentialAction\":[{\"@type\":\"SearchAction\",\"target\":{\"@type\":\"EntryPoint\",\"urlTemplate\":\"https:\\\/\\\/www.organisator.ch\\\/?s={search_term_string}\"},\"query-input\":{\"@type\":\"PropertyValueSpecification\",\"valueRequired\":true,\"valueName\":\"search_term_string\"}}],\"inLanguage\":\"fr-FR\"},{\"@type\":\"Organization\",\"@id\":\"https:\\\/\\\/www.organisator.ch\\\/#organization\",\"name\":\"Organisator\",\"url\":\"https:\\\/\\\/www.organisator.ch\\\/\",\"logo\":{\"@type\":\"ImageObject\",\"inLanguage\":\"fr-FR\",\"@id\":\"https:\\\/\\\/www.organisator.ch\\\/#\\\/schema\\\/logo\\\/image\\\/\",\"url\":\"https:\\\/\\\/www.organisator.ch\\\/wp-content\\\/uploads\\\/2022\\\/01\\\/Logo_Organisator_Website.png\",\"contentUrl\":\"https:\\\/\\\/www.organisator.ch\\\/wp-content\\\/uploads\\\/2022\\\/01\\\/Logo_Organisator_Website.png\",\"width\":800,\"height\":77,\"caption\":\"Organisator\"},\"image\":{\"@id\":\"https:\\\/\\\/www.organisator.ch\\\/#\\\/schema\\\/logo\\\/image\\\/\"},\"sameAs\":[\"https:\\\/\\\/www.facebook.com\\\/OrganisatorFachmagazin\",\"https:\\\/\\\/www.linkedin.com\\\/showcase\\\/organisator-das-magazin-fr-kmu\",\"https:\\\/\\\/www.xing.com\\\/news\\\/pages\\\/organisator-ch-695\",\"https:\\\/\\\/www.youtube.com\\\/channel\\\/UCGP2Sq0iWaZwT3BdIAQFYpw\"]},{\"@type\":\"Person\",\"@id\":\"https:\\\/\\\/www.organisator.ch\\\/#\\\/schema\\\/person\\\/aa2bace6c5c5aad60102004a50c4eb1c\",\"name\":\"admin\",\"image\":{\"@type\":\"ImageObject\",\"inLanguage\":\"fr-FR\",\"@id\":\"https:\\\/\\\/secure.gravatar.com\\\/avatar\\\/ae2f4d718e6c49043e314ce431e7e645d646302a24a5ef5a8bc8e3f5a032e319?s=96&d=mm&r=g\",\"url\":\"https:\\\/\\\/secure.gravatar.com\\\/avatar\\\/ae2f4d718e6c49043e314ce431e7e645d646302a24a5ef5a8bc8e3f5a032e319?s=96&d=mm&r=g\",\"contentUrl\":\"https:\\\/\\\/secure.gravatar.com\\\/avatar\\\/ae2f4d718e6c49043e314ce431e7e645d646302a24a5ef5a8bc8e3f5a032e319?s=96&d=mm&r=g\",\"caption\":\"admin\"},\"sameAs\":[\"https:\\\/\\\/www.organisator.ch\"],\"url\":\"https:\\\/\\\/www.organisator.ch\\\/fr\\\/author\\\/admin\\\/\"}]}<\/script>\n<!-- \/ Yoast SEO plugin. -->","yoast_head_json":{"title":"Programme national de recherche sur l'\u00e9conomie durable - Organisateur","description":"Le Conseil f\u00e9d\u00e9ral lance un nouveau Programme national de recherche (PNR) pour trouver des pistes vers une \u00e9conomie durable.","robots":{"index":"index","follow":"follow","max-snippet":"max-snippet:-1","max-image-preview":"max-image-preview:large","max-video-preview":"max-video-preview:-1"},"canonical":"https:\/\/www.organisator.ch\/fr\/sustainability\/2016-03-25\/nationales-forschungsprogramm-fuer-nachhaltige-wirtschaft\/","og_locale":"fr_FR","og_type":"article","og_title":"Nationales Forschungsprogramm f\u00fcr Nachhaltige Wirtschaft - Organisator","og_description":"Der Bundesrat lanciert ein neues Nationales Forschungsprogramm (NFP) zur Erarbeitung von Wegen zu einer nachhaltigen Wirtschaft.","og_url":"https:\/\/www.organisator.ch\/fr\/sustainability\/2016-03-25\/nationales-forschungsprogramm-fuer-nachhaltige-wirtschaft\/","og_site_name":"Organisator","article_publisher":"https:\/\/www.facebook.com\/OrganisatorFachmagazin","article_published_time":"2016-03-25T14:29:19+00:00","article_modified_time":"2022-02-09T10:10:14+00:00","og_image":[{"width":1000,"height":665,"url":"https:\/\/www.organisator.ch\/wp-content\/uploads\/2016\/12\/Nationales-Forschungsprogramm-fuer-Nachhaltige-Wirtschaft-umweltperspektiven.jpg","type":"image\/jpeg"}],"author":"admin","twitter_card":"summary_large_image","schema":{"@context":"https:\/\/schema.org","@graph":[{"@type":"Article","@id":"https:\/\/www.organisator.ch\/sustainability\/2016-03-25\/nationales-forschungsprogramm-fuer-nachhaltige-wirtschaft\/#article","isPartOf":{"@id":"https:\/\/www.organisator.ch\/sustainability\/2016-03-25\/nationales-forschungsprogramm-fuer-nachhaltige-wirtschaft\/"},"author":{"name":"admin","@id":"https:\/\/www.organisator.ch\/#\/schema\/person\/aa2bace6c5c5aad60102004a50c4eb1c"},"headline":"Nationales Forschungsprogramm f\u00fcr Nachhaltige Wirtschaft","datePublished":"2016-03-25T14:29:19+00:00","dateModified":"2022-02-09T10:10:14+00:00","mainEntityOfPage":{"@id":"https:\/\/www.organisator.ch\/sustainability\/2016-03-25\/nationales-forschungsprogramm-fuer-nachhaltige-wirtschaft\/"},"wordCount":251,"commentCount":0,"publisher":{"@id":"https:\/\/www.organisator.ch\/#organization"},"image":{"@id":"https:\/\/www.organisator.ch\/sustainability\/2016-03-25\/nationales-forschungsprogramm-fuer-nachhaltige-wirtschaft\/#primaryimage"},"thumbnailUrl":"https:\/\/www.organisator.ch\/wp-content\/uploads\/2016\/12\/Nationales-Forschungsprogramm-fuer-Nachhaltige-Wirtschaft-umweltperspektiven.jpg","keywords":["Forschung","Nachhaltige Wirtschaft","NFP"],"articleSection":["SUSTAINABILITY"],"inLanguage":"fr-FR"},{"@type":"WebPage","@id":"https:\/\/www.organisator.ch\/sustainability\/2016-03-25\/nationales-forschungsprogramm-fuer-nachhaltige-wirtschaft\/","url":"https:\/\/www.organisator.ch\/sustainability\/2016-03-25\/nationales-forschungsprogramm-fuer-nachhaltige-wirtschaft\/","name":"Programme national de recherche sur l'\u00e9conomie durable - Organisateur","isPartOf":{"@id":"https:\/\/www.organisator.ch\/#website"},"primaryImageOfPage":{"@id":"https:\/\/www.organisator.ch\/sustainability\/2016-03-25\/nationales-forschungsprogramm-fuer-nachhaltige-wirtschaft\/#primaryimage"},"image":{"@id":"https:\/\/www.organisator.ch\/sustainability\/2016-03-25\/nationales-forschungsprogramm-fuer-nachhaltige-wirtschaft\/#primaryimage"},"thumbnailUrl":"https:\/\/www.organisator.ch\/wp-content\/uploads\/2016\/12\/Nationales-Forschungsprogramm-fuer-Nachhaltige-Wirtschaft-umweltperspektiven.jpg","datePublished":"2016-03-25T14:29:19+00:00","dateModified":"2022-02-09T10:10:14+00:00","description":"Le Conseil f\u00e9d\u00e9ral lance un nouveau Programme national de recherche (PNR) pour trouver des pistes vers une \u00e9conomie durable.","breadcrumb":{"@id":"https:\/\/www.organisator.ch\/sustainability\/2016-03-25\/nationales-forschungsprogramm-fuer-nachhaltige-wirtschaft\/#breadcrumb"},"inLanguage":"fr-FR","potentialAction":[{"@type":"ReadAction","target":["https:\/\/www.organisator.ch\/sustainability\/2016-03-25\/nationales-forschungsprogramm-fuer-nachhaltige-wirtschaft\/"]}]},{"@type":"ImageObject","inLanguage":"fr-FR","@id":"https:\/\/www.organisator.ch\/sustainability\/2016-03-25\/nationales-forschungsprogramm-fuer-nachhaltige-wirtschaft\/#primaryimage","url":"https:\/\/www.organisator.ch\/wp-content\/uploads\/2016\/12\/Nationales-Forschungsprogramm-fuer-Nachhaltige-Wirtschaft-umweltperspektiven.jpg","contentUrl":"https:\/\/www.organisator.ch\/wp-content\/uploads\/2016\/12\/Nationales-Forschungsprogramm-fuer-Nachhaltige-Wirtschaft-umweltperspektiven.jpg","width":1000,"height":665,"caption":"Investitionen in die nachhaltige Wirtschaft soll der Schweiz Wachstum bescheren."},{"@type":"BreadcrumbList","@id":"https:\/\/www.organisator.ch\/sustainability\/2016-03-25\/nationales-forschungsprogramm-fuer-nachhaltige-wirtschaft\/#breadcrumb","itemListElement":[{"@type":"ListItem","position":1,"name":"Home","item":"https:\/\/www.organisator.ch\/"},{"@type":"ListItem","position":2,"name":"Nationales Forschungsprogramm f\u00fcr Nachhaltige Wirtschaft"}]},{"@type":"WebSite","@id":"https:\/\/www.organisator.ch\/#website","url":"https:\/\/www.organisator.ch\/","name":"Organisateur","description":"Comp\u00e9tence et comp\u00e9tence. Proches de la pratique. L'ORGANISATEUR pr\u00e9pare 10 num\u00e9ros par an sur les th\u00e8mes essentiels pour les dirigeants de PME.","publisher":{"@id":"https:\/\/www.organisator.ch\/#organization"},"potentialAction":[{"@type":"SearchAction","target":{"@type":"EntryPoint","urlTemplate":"https:\/\/www.organisator.ch\/?s={search_term_string}"},"query-input":{"@type":"PropertyValueSpecification","valueRequired":true,"valueName":"search_term_string"}}],"inLanguage":"fr-FR"},{"@type":"Organization","@id":"https:\/\/www.organisator.ch\/#organization","name":"Organisateur","url":"https:\/\/www.organisator.ch\/","logo":{"@type":"ImageObject","inLanguage":"fr-FR","@id":"https:\/\/www.organisator.ch\/#\/schema\/logo\/image\/","url":"https:\/\/www.organisator.ch\/wp-content\/uploads\/2022\/01\/Logo_Organisator_Website.png","contentUrl":"https:\/\/www.organisator.ch\/wp-content\/uploads\/2022\/01\/Logo_Organisator_Website.png","width":800,"height":77,"caption":"Organisator"},"image":{"@id":"https:\/\/www.organisator.ch\/#\/schema\/logo\/image\/"},"sameAs":["https:\/\/www.facebook.com\/OrganisatorFachmagazin","https:\/\/www.linkedin.com\/showcase\/organisator-das-magazin-fr-kmu","https:\/\/www.xing.com\/news\/pages\/organisator-ch-695","https:\/\/www.youtube.com\/channel\/UCGP2Sq0iWaZwT3BdIAQFYpw"]},{"@type":"Person","@id":"https:\/\/www.organisator.ch\/#\/schema\/person\/aa2bace6c5c5aad60102004a50c4eb1c","name":"admin","image":{"@type":"ImageObject","inLanguage":"fr-FR","@id":"https:\/\/secure.gravatar.com\/avatar\/ae2f4d718e6c49043e314ce431e7e645d646302a24a5ef5a8bc8e3f5a032e319?s=96&d=mm&r=g","url":"https:\/\/secure.gravatar.com\/avatar\/ae2f4d718e6c49043e314ce431e7e645d646302a24a5ef5a8bc8e3f5a032e319?s=96&d=mm&r=g","contentUrl":"https:\/\/secure.gravatar.com\/avatar\/ae2f4d718e6c49043e314ce431e7e645d646302a24a5ef5a8bc8e3f5a032e319?s=96&d=mm&r=g","caption":"admin"},"sameAs":["https:\/\/www.organisator.ch"],"url":"https:\/\/www.organisator.ch\/fr\/author\/admin\/"}]}},"_links":{"self":[{"href":"https:\/\/www.organisator.ch\/fr\/wp-json\/wp\/v2\/posts\/288","targetHints":{"allow":["GET"]}}],"collection":[{"href":"https:\/\/www.organisator.ch\/fr\/wp-json\/wp\/v2\/posts"}],"about":[{"href":"https:\/\/www.organisator.ch\/fr\/wp-json\/wp\/v2\/types\/post"}],"author":[{"embeddable":true,"href":"https:\/\/www.organisator.ch\/fr\/wp-json\/wp\/v2\/users\/1"}],"replies":[{"embeddable":true,"href":"https:\/\/www.organisator.ch\/fr\/wp-json\/wp\/v2\/comments?post=288"}],"version-history":[{"count":1,"href":"https:\/\/www.organisator.ch\/fr\/wp-json\/wp\/v2\/posts\/288\/revisions"}],"predecessor-version":[{"id":10966,"href":"https:\/\/www.organisator.ch\/fr\/wp-json\/wp\/v2\/posts\/288\/revisions\/10966"}],"wp:featuredmedia":[{"embeddable":true,"href":"https:\/\/www.organisator.ch\/fr\/wp-json\/wp\/v2\/media\/9365"}],"wp:attachment":[{"href":"https:\/\/www.organisator.ch\/fr\/wp-json\/wp\/v2\/media?parent=288"}],"wp:term":[{"taxonomy":"category","embeddable":true,"href":"https:\/\/www.organisator.ch\/fr\/wp-json\/wp\/v2\/categories?post=288"},{"taxonomy":"post_tag","embeddable":true,"href":"https:\/\/www.organisator.ch\/fr\/wp-json\/wp\/v2\/tags?post=288"}],"curies":[{"name":"wp","href":"https:\/\/api.w.org\/{rel}","templated":true}]}}