{"id":28814,"date":"2024-08-13T10:13:37","date_gmt":"2024-08-13T08:13:37","guid":{"rendered":"https:\/\/www.organisator.ch\/?p=28814"},"modified":"2024-08-13T10:13:37","modified_gmt":"2024-08-13T08:13:37","slug":"kmu-zh-monitor-2024-leichte-entspannung-beim-fachkraeftemangel","status":"publish","type":"post","link":"https:\/\/www.organisator.ch\/fr\/management\/2024-08-13\/kmu-zh-monitor-2024-leichte-entspannung-beim-fachkraeftemangel\/","title":{"rendered":"KMU ZH Monitor 2024 : l\u00e9g\u00e8re d\u00e9tente de la p\u00e9nurie de main-d'\u0153uvre qualifi\u00e9e"},"content":{"rendered":"<figure id=\"attachment_28817\" aria-describedby=\"caption-attachment-28817\" style=\"width: 680px\" class=\"wp-caption alignnone\"><img loading=\"lazy\" decoding=\"async\" class=\"size-full wp-image-28817\" src=\"https:\/\/www.organisator.ch\/wp-content\/uploads\/2024\/08\/KMU-ZH-Monitor_Bild1_ps.jpg\" alt=\"\" width=\"680\" height=\"405\" srcset=\"https:\/\/www.organisator.ch\/wp-content\/uploads\/2024\/08\/KMU-ZH-Monitor_Bild1_ps.jpg 680w, https:\/\/www.organisator.ch\/wp-content\/uploads\/2024\/08\/KMU-ZH-Monitor_Bild1_ps-18x12.jpg 18w, https:\/\/www.organisator.ch\/wp-content\/uploads\/2024\/08\/KMU-ZH-Monitor_Bild1_ps-375x223.jpg 375w, https:\/\/www.organisator.ch\/wp-content\/uploads\/2024\/08\/KMU-ZH-Monitor_Bild1_ps-588x350.jpg 588w\" sizes=\"auto, (max-width: 680px) 100vw, 680px\" \/><figcaption id=\"caption-attachment-28817\" class=\"wp-caption-text\">Le secteur de la restauration est loin d'\u00eatre le seul \u00e0 consid\u00e9rer le manque de main-d'\u0153uvre form\u00e9e comme le plus grand d\u00e9fi. (Image : www.depositphotos.com)<\/figcaption><\/figure>\n<p>Au premier semestre, les PME zurichoises ont estim\u00e9 que leur situation \u00e9conomique \u00e9tait solide. Par rapport \u00e0 l'ann\u00e9e derni\u00e8re, les affaires semblent toutefois aller un peu moins bien. Pour l'ann\u00e9e \u00e0 venir, une l\u00e9g\u00e8re am\u00e9lioration est attendue par rapport \u00e0 la situation actuelle. Les PME estiment donc que le creux de la vague sera atteint cette ann\u00e9e ou l'a d\u00e9j\u00e0 \u00e9t\u00e9.<\/p>\n<p>C'est ce que montre l'\u00e9tude actuelle \"KMU ZH Monitor\". Sur mandat de la Banque cantonale de Zurich, la Haute \u00e9cole zurichoise des sciences appliqu\u00e9es (ZHAW) a pris pour la quatri\u00e8me fois le pouls des PME du canton. 746 entreprises comptant chacune au maximum 250 employ\u00e9s ont particip\u00e9 \u00e0 l'\u00e9tude scientifique (p\u00e9riode d'enqu\u00eate de mars \u00e0 mai 2024), qui couvre les secteurs suivants :<\/p>\n<p>- Industrie<br \/>\n- Construction\/Architecture<br \/>\n- Commerce<br \/>\n- Restauration\/h\u00f4tellerie<br \/>\n- Services \u00e9conomiques<br \/>\n- Services sociaux<\/p>\n<p>Les PME continuent de porter un jugement l\u00e9g\u00e8rement optimiste sur l'\u00e9volution actuelle des affaires (comparaison de l'exercice actuel 2024 avec l'exercice 2023), mais elles sont moins positives que la situation des affaires de l'ann\u00e9e pr\u00e9c\u00e9dente.<\/p>\n<h3><strong>Les PME sont parfois confront\u00e9es \u00e0 une hausse des co\u00fbts<\/strong><\/h3>\n<p>L'augmentation du b\u00e9n\u00e9fice net ne suit pas tout \u00e0 fait l'augmentation du chiffre d'affaires, ce qui indique que l'augmentation des co\u00fbts ne peut pas \u00eatre enti\u00e8rement r\u00e9percut\u00e9e sur les clients finaux.<\/p>\n<p>En comparaison \u00e0 long terme, le taux d'occupation des PME est jug\u00e9 plus faible que ces deux derni\u00e8res ann\u00e9es. Cette \u00e9volution s'observe dans tous les secteurs. Le secteur industriel ainsi que la restauration\/h\u00f4tellerie enregistrent notamment la plus forte baisse du taux d'occupation.<\/p>\n<p>Les entreprises industrielles doivent faire face \u00e0 la force du franc suisse et \u00e0 la baisse de la demande dans la zone euro. Heureusement, les probl\u00e8mes de cha\u00eene d'approvisionnement cons\u00e9cutifs \u00e0 la crise COVID-19 se sont largement att\u00e9nu\u00e9s. Depuis le d\u00e9but de la pand\u00e9mie, le secteur industriel en particulier a souffert de la disponibilit\u00e9 perturb\u00e9e des facteurs de production. Actuellement, la disponibilit\u00e9 des facteurs de production est jug\u00e9e \"plut\u00f4t bonne\" dans tous les secteurs, ce qui repr\u00e9sente une nette am\u00e9lioration par rapport aux ann\u00e9es pr\u00e9c\u00e9dentes.\u00a0<\/p>\n<p>Par rapport \u00e0 d'autres secteurs, la restauration\/h\u00f4tellerie estime que sa situation actuelle est plut\u00f4t modeste et nettement moins bonne qu'il y a un an. Ainsi, les entreprises de la restauration\/h\u00f4tellerie qualifient tr\u00e8s souvent l'inflation et, en partie, les prix de l'\u00e9nergie comme un d\u00e9fi. De m\u00eame, les r\u00e9glementations et les prescriptions des autorit\u00e9s ainsi que le manque de main-d'\u0153uvre sont des d\u00e9fis souvent cit\u00e9s. Le manque de main-d'\u0153uvre a pour cons\u00e9quence que les entreprises de restauration et d'h\u00f4tellerie - malgr\u00e9 une demande existante - doivent parfois r\u00e9duire leur offre ou leurs heures d'ouverture, ce qui entra\u00eene une baisse du chiffre d'affaires.<\/p>\n<h3><strong>Une d\u00e9tente se dessine en ce qui concerne la p\u00e9nurie de main-d'\u0153uvre qualifi\u00e9e<\/strong><\/h3>\n<p>Le secteur de la restauration n'est de loin pas le seul \u00e0 consid\u00e9rer le manque de main-d'\u0153uvre form\u00e9e comme le plus grand d\u00e9fi. Pr\u00e8s de la moiti\u00e9 des entreprises interrog\u00e9es partagent cette opinion. L'ann\u00e9e derni\u00e8re d\u00e9j\u00e0, ce d\u00e9fi \u00e9tait le plus souvent cit\u00e9, mais le pourcentage de citations a l\u00e9g\u00e8rement baiss\u00e9. Tous secteurs confondus, les entreprises de taille moyenne semblent \u00eatre plus touch\u00e9es que les petites et micro-entreprises.<\/p>\n<p>Les r\u00e9glementations et les prescriptions des autorit\u00e9s sont per\u00e7ues comme un autre grand d\u00e9fi. Ce d\u00e9fi est le plus marqu\u00e9 pour les entreprises des branches gastronomie\/h\u00f4tellerie et construction\/architecture. Selon le moniteur de la bureaucratie 2022 du SECO, ce sont surtout les r\u00e9glementations concernant les projets de construction et l'hygi\u00e8ne alimentaire qui sont per\u00e7ues comme particuli\u00e8rement contraignantes.\u00a0<\/p>\n<p>La th\u00e9matique \"Transformation num\u00e9rique et optimisations des processus\" est le troisi\u00e8me d\u00e9fi le plus souvent cit\u00e9. On constate ici que les entreprises de taille moyenne le per\u00e7oivent davantage comme un d\u00e9fi que les petites entreprises.\u00a0<\/p>\n<figure id=\"attachment_28816\" aria-describedby=\"caption-attachment-28816\" style=\"width: 680px\" class=\"wp-caption alignnone\"><img loading=\"lazy\" decoding=\"async\" class=\"size-full wp-image-28816\" src=\"https:\/\/www.organisator.ch\/wp-content\/uploads\/2024\/08\/KMU-ZH-Monitor_Fachkraeftemangel_Bild_ps.jpg\" alt=\"\" width=\"680\" height=\"457\" srcset=\"https:\/\/www.organisator.ch\/wp-content\/uploads\/2024\/08\/KMU-ZH-Monitor_Fachkraeftemangel_Bild_ps.jpg 680w, https:\/\/www.organisator.ch\/wp-content\/uploads\/2024\/08\/KMU-ZH-Monitor_Fachkraeftemangel_Bild_ps-18x12.jpg 18w, https:\/\/www.organisator.ch\/wp-content\/uploads\/2024\/08\/KMU-ZH-Monitor_Fachkraeftemangel_Bild_ps-375x252.jpg 375w, https:\/\/www.organisator.ch\/wp-content\/uploads\/2024\/08\/KMU-ZH-Monitor_Fachkraeftemangel_Bild_ps-521x350.jpg 521w\" sizes=\"auto, (max-width: 680px) 100vw, 680px\" \/><figcaption id=\"caption-attachment-28816\" class=\"wp-caption-text\">D\u00e9fis actuels, pourcentages de citations et \u00e9carts par rapport \u00e0 l'ann\u00e9e pr\u00e9c\u00e9dente. (Image : KMU ZH Monitor)<\/figcaption><\/figure>\n<h3><strong>Les entreprises de taille moyenne voient plus de potentiel dans l'IA que les petites entreprises<\/strong><\/h3>\n<p>Dans le cadre de l'\u00e9tude, les PME ont \u00e9galement \u00e9t\u00e9 interrog\u00e9es sur le th\u00e8me de l'intelligence artificielle et sur l'impact de celle-ci sur les entreprises.<\/p>\n<p>Ici aussi, ce sont les entreprises de taille moyenne qui indiquent que l'IA aura un effet positif sur le d\u00e9veloppement de l'entreprise et qu'elle cr\u00e9era ainsi des avantages concurrentiels. Il est possible que les entreprises de taille moyenne abordent la transformation num\u00e9rique de mani\u00e8re plus active et voient ainsi davantage d'avantages dans l'intelligence artificielle.\u00a0<\/p>\n<p>Si l'on consid\u00e8re les r\u00e9sultats de l'\u00e9tude par branche, on constate que les branches des services \u00e9conomiques, de l'industrie et du commerce sont plus souvent d'accord que les autres branches pour dire que l'IA aura un effet positif sur le d\u00e9veloppement de l'entreprise. La branche de l'h\u00f4tellerie\/restauration ne voit gu\u00e8re d'effets positifs.<\/p>\n<p><em>Source : <a href=\"https:\/\/www.zkb.ch\/de\/lps\/unternehmen\/kmu-zh.html\">www.zkb.ch<\/a><\/em><\/p>","protected":false},"excerpt":{"rendered":"<p>La quatri\u00e8me \u00e9dition du \"KMU ZH Monitor\" est parue le 13 ao\u00fbt : L'\u00e9tude de la Haute \u00e9cole des sciences appliqu\u00e9es de Zurich (ZHAW), command\u00e9e par la Banque cantonale de Zurich, prend chaque ann\u00e9e le pouls des petites et moyennes entreprises (PME) du canton de Zurich. <\/p>","protected":false},"author":58,"featured_media":28817,"comment_status":"closed","ping_status":"closed","sticky":false,"template":"","format":"standard","meta":{"_acf_changed":false,"_yoast_wpseo_focuskw":"KMU ZH Monitor","_yoast_wpseo_metadesc":"Am 13. August erschien die vierte Ausgabe des \u00abKMU ZH Monitor\u00bb: Die Studie der ZHAW im Auftrag der Z\u00fcrcher Kantonalbank.","articlekey":"","footnotes":""},"categories":[28],"tags":[194,301,303,334,492],"class_list":["post-28814","post","type-post","status-publish","format-standard","has-post-thumbnail","hentry","category-management","tag-fachkraeftemangel","tag-kmu","tag-kmu-monitor","tag-management","tag-unternehmen"],"acf":[],"yoast_head":"<!-- This site is optimized with the Yoast SEO plugin v27.4 - https:\/\/yoast.com\/product\/yoast-seo-wordpress\/ -->\n<title>KMU ZH Monitor 2024: Leichte Entspannung beim Fachkr\u00e4ftemangel - Organisator<\/title>\n<meta name=\"description\" content=\"Am 13. August erschien die vierte Ausgabe des \u00abKMU ZH Monitor\u00bb: Die Studie der ZHAW im Auftrag der Z\u00fcrcher Kantonalbank.\" \/>\n<meta name=\"robots\" content=\"index, follow, max-snippet:-1, max-image-preview:large, max-video-preview:-1\" \/>\n<link rel=\"canonical\" href=\"https:\/\/www.organisator.ch\/fr\/gestion-2\/2024-08-13\/kmu-zh-monitor-2024-leichte-entspannung-beim-fachkraeftemangel\/\" \/>\n<meta property=\"og:locale\" content=\"fr_FR\" \/>\n<meta property=\"og:type\" content=\"article\" \/>\n<meta property=\"og:title\" content=\"KMU ZH Monitor 2024: Leichte Entspannung beim Fachkr\u00e4ftemangel\" \/>\n<meta property=\"og:description\" content=\"Am 13. August erschien die vierte Ausgabe des \u00abKMU ZH Monitor\u00bb: Die Studie der ZHAW im Auftrag der Z\u00fcrcher Kantonalbank.\" \/>\n<meta property=\"og:url\" content=\"https:\/\/www.organisator.ch\/fr\/gestion-2\/2024-08-13\/kmu-zh-monitor-2024-leichte-entspannung-beim-fachkraeftemangel\/\" \/>\n<meta property=\"og:site_name\" content=\"Organisator\" \/>\n<meta property=\"article:publisher\" content=\"https:\/\/www.facebook.com\/OrganisatorFachmagazin\" \/>\n<meta property=\"article:published_time\" content=\"2024-08-13T08:13:37+00:00\" \/>\n<meta property=\"og:image\" content=\"https:\/\/www.organisator.ch\/wp-content\/uploads\/2024\/08\/KMU-ZH-Monitor_Bild1_ps.jpg\" \/>\n\t<meta property=\"og:image:width\" content=\"680\" \/>\n\t<meta property=\"og:image:height\" content=\"405\" \/>\n\t<meta property=\"og:image:type\" content=\"image\/jpeg\" \/>\n<meta name=\"author\" content=\"Adelisa Kalajdzini\" \/>\n<meta name=\"twitter:card\" content=\"summary_large_image\" \/>\n<meta name=\"twitter:title\" content=\"KMU ZH Monitor 2024: Leichte Entspannung beim Fachkr\u00e4ftemangel\" \/>\n<meta name=\"twitter:description\" content=\"Am 13. August erschien die vierte Ausgabe des #\u00abKMU ZH Monitor\u00bb: Die #Studie der #ZHAW im Auftrag der #Z\u00fcrcher #Kantonalbank.\" \/>\n<meta name=\"twitter:image\" content=\"https:\/\/www.organisator.ch\/wp-content\/uploads\/2024\/08\/KMU-ZH-Monitor_Bild1_ps.jpg\" \/>\n<script type=\"application\/ld+json\" class=\"yoast-schema-graph\">{\"@context\":\"https:\\\/\\\/schema.org\",\"@graph\":[{\"@type\":\"Article\",\"@id\":\"https:\\\/\\\/www.organisator.ch\\\/management\\\/2024-08-13\\\/kmu-zh-monitor-2024-leichte-entspannung-beim-fachkraeftemangel\\\/#article\",\"isPartOf\":{\"@id\":\"https:\\\/\\\/www.organisator.ch\\\/management\\\/2024-08-13\\\/kmu-zh-monitor-2024-leichte-entspannung-beim-fachkraeftemangel\\\/\"},\"author\":{\"name\":\"Adelisa Kalajdzini\",\"@id\":\"https:\\\/\\\/www.organisator.ch\\\/#\\\/schema\\\/person\\\/2e1314a2172123f874db408d8911d3f3\"},\"headline\":\"KMU ZH Monitor 2024: Leichte Entspannung beim Fachkr\u00e4ftemangel\",\"datePublished\":\"2024-08-13T08:13:37+00:00\",\"mainEntityOfPage\":{\"@id\":\"https:\\\/\\\/www.organisator.ch\\\/management\\\/2024-08-13\\\/kmu-zh-monitor-2024-leichte-entspannung-beim-fachkraeftemangel\\\/\"},\"wordCount\":725,\"publisher\":{\"@id\":\"https:\\\/\\\/www.organisator.ch\\\/#organization\"},\"image\":{\"@id\":\"https:\\\/\\\/www.organisator.ch\\\/management\\\/2024-08-13\\\/kmu-zh-monitor-2024-leichte-entspannung-beim-fachkraeftemangel\\\/#primaryimage\"},\"thumbnailUrl\":\"https:\\\/\\\/www.organisator.ch\\\/wp-content\\\/uploads\\\/2024\\\/08\\\/KMU-ZH-Monitor_Bild1_ps.jpg\",\"keywords\":[\"Fachkr\u00e4ftemangel\",\"KMU\",\"KMU-Monitor\",\"Management\",\"Unternehmen\"],\"articleSection\":[\"MANAGEMENT\"],\"inLanguage\":\"fr-FR\"},{\"@type\":\"WebPage\",\"@id\":\"https:\\\/\\\/www.organisator.ch\\\/management\\\/2024-08-13\\\/kmu-zh-monitor-2024-leichte-entspannung-beim-fachkraeftemangel\\\/\",\"url\":\"https:\\\/\\\/www.organisator.ch\\\/management\\\/2024-08-13\\\/kmu-zh-monitor-2024-leichte-entspannung-beim-fachkraeftemangel\\\/\",\"name\":\"KMU ZH Monitor 2024: Leichte Entspannung beim Fachkr\u00e4ftemangel - Organisator\",\"isPartOf\":{\"@id\":\"https:\\\/\\\/www.organisator.ch\\\/#website\"},\"primaryImageOfPage\":{\"@id\":\"https:\\\/\\\/www.organisator.ch\\\/management\\\/2024-08-13\\\/kmu-zh-monitor-2024-leichte-entspannung-beim-fachkraeftemangel\\\/#primaryimage\"},\"image\":{\"@id\":\"https:\\\/\\\/www.organisator.ch\\\/management\\\/2024-08-13\\\/kmu-zh-monitor-2024-leichte-entspannung-beim-fachkraeftemangel\\\/#primaryimage\"},\"thumbnailUrl\":\"https:\\\/\\\/www.organisator.ch\\\/wp-content\\\/uploads\\\/2024\\\/08\\\/KMU-ZH-Monitor_Bild1_ps.jpg\",\"datePublished\":\"2024-08-13T08:13:37+00:00\",\"description\":\"Am 13. August erschien die vierte Ausgabe des \u00abKMU ZH Monitor\u00bb: Die Studie der ZHAW im Auftrag der Z\u00fcrcher Kantonalbank.\",\"breadcrumb\":{\"@id\":\"https:\\\/\\\/www.organisator.ch\\\/management\\\/2024-08-13\\\/kmu-zh-monitor-2024-leichte-entspannung-beim-fachkraeftemangel\\\/#breadcrumb\"},\"inLanguage\":\"fr-FR\",\"potentialAction\":[{\"@type\":\"ReadAction\",\"target\":[\"https:\\\/\\\/www.organisator.ch\\\/management\\\/2024-08-13\\\/kmu-zh-monitor-2024-leichte-entspannung-beim-fachkraeftemangel\\\/\"]}]},{\"@type\":\"ImageObject\",\"inLanguage\":\"fr-FR\",\"@id\":\"https:\\\/\\\/www.organisator.ch\\\/management\\\/2024-08-13\\\/kmu-zh-monitor-2024-leichte-entspannung-beim-fachkraeftemangel\\\/#primaryimage\",\"url\":\"https:\\\/\\\/www.organisator.ch\\\/wp-content\\\/uploads\\\/2024\\\/08\\\/KMU-ZH-Monitor_Bild1_ps.jpg\",\"contentUrl\":\"https:\\\/\\\/www.organisator.ch\\\/wp-content\\\/uploads\\\/2024\\\/08\\\/KMU-ZH-Monitor_Bild1_ps.jpg\",\"width\":680,\"height\":405,\"caption\":\"Die Gastronomiebranche ist bei weitem nicht die Einzige, die den Mangel an ausgebildeten Arbeitskr\u00e4ften als gr\u00f6sste Herausforderung sieht. (Bild: www.depositphotos.com)\"},{\"@type\":\"BreadcrumbList\",\"@id\":\"https:\\\/\\\/www.organisator.ch\\\/management\\\/2024-08-13\\\/kmu-zh-monitor-2024-leichte-entspannung-beim-fachkraeftemangel\\\/#breadcrumb\",\"itemListElement\":[{\"@type\":\"ListItem\",\"position\":1,\"name\":\"Home\",\"item\":\"https:\\\/\\\/www.organisator.ch\\\/\"},{\"@type\":\"ListItem\",\"position\":2,\"name\":\"KMU ZH Monitor 2024: Leichte Entspannung beim Fachkr\u00e4ftemangel\"}]},{\"@type\":\"WebSite\",\"@id\":\"https:\\\/\\\/www.organisator.ch\\\/#website\",\"url\":\"https:\\\/\\\/www.organisator.ch\\\/\",\"name\":\"Organisator\",\"description\":\"Kompetent. Praxisnah. Der ORGANISATOR bereitet in 10 Ausgaben pro Jahr die wesentlichen Themen f\u00fcr F\u00fchrungskr\u00e4fte von KMU auf.\",\"publisher\":{\"@id\":\"https:\\\/\\\/www.organisator.ch\\\/#organization\"},\"potentialAction\":[{\"@type\":\"SearchAction\",\"target\":{\"@type\":\"EntryPoint\",\"urlTemplate\":\"https:\\\/\\\/www.organisator.ch\\\/?s={search_term_string}\"},\"query-input\":{\"@type\":\"PropertyValueSpecification\",\"valueRequired\":true,\"valueName\":\"search_term_string\"}}],\"inLanguage\":\"fr-FR\"},{\"@type\":\"Organization\",\"@id\":\"https:\\\/\\\/www.organisator.ch\\\/#organization\",\"name\":\"Organisator\",\"url\":\"https:\\\/\\\/www.organisator.ch\\\/\",\"logo\":{\"@type\":\"ImageObject\",\"inLanguage\":\"fr-FR\",\"@id\":\"https:\\\/\\\/www.organisator.ch\\\/#\\\/schema\\\/logo\\\/image\\\/\",\"url\":\"https:\\\/\\\/www.organisator.ch\\\/wp-content\\\/uploads\\\/2022\\\/01\\\/Logo_Organisator_Website.png\",\"contentUrl\":\"https:\\\/\\\/www.organisator.ch\\\/wp-content\\\/uploads\\\/2022\\\/01\\\/Logo_Organisator_Website.png\",\"width\":800,\"height\":77,\"caption\":\"Organisator\"},\"image\":{\"@id\":\"https:\\\/\\\/www.organisator.ch\\\/#\\\/schema\\\/logo\\\/image\\\/\"},\"sameAs\":[\"https:\\\/\\\/www.facebook.com\\\/OrganisatorFachmagazin\",\"https:\\\/\\\/www.linkedin.com\\\/showcase\\\/organisator-das-magazin-fr-kmu\",\"https:\\\/\\\/www.xing.com\\\/news\\\/pages\\\/organisator-ch-695\",\"https:\\\/\\\/www.youtube.com\\\/channel\\\/UCGP2Sq0iWaZwT3BdIAQFYpw\"]},{\"@type\":\"Person\",\"@id\":\"https:\\\/\\\/www.organisator.ch\\\/#\\\/schema\\\/person\\\/2e1314a2172123f874db408d8911d3f3\",\"name\":\"Adelisa Kalajdzini\",\"image\":{\"@type\":\"ImageObject\",\"inLanguage\":\"fr-FR\",\"@id\":\"https:\\\/\\\/secure.gravatar.com\\\/avatar\\\/09a397c22ac58cad6f160ee8306348599df9df58a8ede73696226897b9fa4b24?s=96&d=mm&r=g\",\"url\":\"https:\\\/\\\/secure.gravatar.com\\\/avatar\\\/09a397c22ac58cad6f160ee8306348599df9df58a8ede73696226897b9fa4b24?s=96&d=mm&r=g\",\"contentUrl\":\"https:\\\/\\\/secure.gravatar.com\\\/avatar\\\/09a397c22ac58cad6f160ee8306348599df9df58a8ede73696226897b9fa4b24?s=96&d=mm&r=g\",\"caption\":\"Adelisa Kalajdzini\"},\"url\":\"https:\\\/\\\/www.organisator.ch\\\/fr\\\/author\\\/adelisa-kalajdzini\\\/\"}]}<\/script>\n<!-- \/ Yoast SEO plugin. -->","yoast_head_json":{"title":"KMU ZH Monitor 2024 : l\u00e9g\u00e8re d\u00e9tente de la p\u00e9nurie de main-d'\u0153uvre qualifi\u00e9e - Organisateur","description":"La quatri\u00e8me \u00e9dition du \"KMU ZH Monitor\" est parue le 13 ao\u00fbt : L'\u00e9tude r\u00e9alis\u00e9e par la ZHAW \u00e0 la demande de la Banque cantonale de Zurich.","robots":{"index":"index","follow":"follow","max-snippet":"max-snippet:-1","max-image-preview":"max-image-preview:large","max-video-preview":"max-video-preview:-1"},"canonical":"https:\/\/www.organisator.ch\/fr\/gestion-2\/2024-08-13\/kmu-zh-monitor-2024-leichte-entspannung-beim-fachkraeftemangel\/","og_locale":"fr_FR","og_type":"article","og_title":"KMU ZH Monitor 2024: Leichte Entspannung beim Fachkr\u00e4ftemangel","og_description":"Am 13. August erschien die vierte Ausgabe des \u00abKMU ZH Monitor\u00bb: Die Studie der ZHAW im Auftrag der Z\u00fcrcher Kantonalbank.","og_url":"https:\/\/www.organisator.ch\/fr\/gestion-2\/2024-08-13\/kmu-zh-monitor-2024-leichte-entspannung-beim-fachkraeftemangel\/","og_site_name":"Organisator","article_publisher":"https:\/\/www.facebook.com\/OrganisatorFachmagazin","article_published_time":"2024-08-13T08:13:37+00:00","og_image":[{"width":680,"height":405,"url":"https:\/\/www.organisator.ch\/wp-content\/uploads\/2024\/08\/KMU-ZH-Monitor_Bild1_ps.jpg","type":"image\/jpeg"}],"author":"Adelisa Kalajdzini","twitter_card":"summary_large_image","twitter_title":"KMU ZH Monitor 2024: Leichte Entspannung beim Fachkr\u00e4ftemangel","twitter_description":"Am 13. August erschien die vierte Ausgabe des #\u00abKMU ZH Monitor\u00bb: Die #Studie der #ZHAW im Auftrag der #Z\u00fcrcher #Kantonalbank.","twitter_image":"https:\/\/www.organisator.ch\/wp-content\/uploads\/2024\/08\/KMU-ZH-Monitor_Bild1_ps.jpg","schema":{"@context":"https:\/\/schema.org","@graph":[{"@type":"Article","@id":"https:\/\/www.organisator.ch\/management\/2024-08-13\/kmu-zh-monitor-2024-leichte-entspannung-beim-fachkraeftemangel\/#article","isPartOf":{"@id":"https:\/\/www.organisator.ch\/management\/2024-08-13\/kmu-zh-monitor-2024-leichte-entspannung-beim-fachkraeftemangel\/"},"author":{"name":"Adelisa Kalajdzini","@id":"https:\/\/www.organisator.ch\/#\/schema\/person\/2e1314a2172123f874db408d8911d3f3"},"headline":"KMU ZH Monitor 2024: Leichte Entspannung beim Fachkr\u00e4ftemangel","datePublished":"2024-08-13T08:13:37+00:00","mainEntityOfPage":{"@id":"https:\/\/www.organisator.ch\/management\/2024-08-13\/kmu-zh-monitor-2024-leichte-entspannung-beim-fachkraeftemangel\/"},"wordCount":725,"publisher":{"@id":"https:\/\/www.organisator.ch\/#organization"},"image":{"@id":"https:\/\/www.organisator.ch\/management\/2024-08-13\/kmu-zh-monitor-2024-leichte-entspannung-beim-fachkraeftemangel\/#primaryimage"},"thumbnailUrl":"https:\/\/www.organisator.ch\/wp-content\/uploads\/2024\/08\/KMU-ZH-Monitor_Bild1_ps.jpg","keywords":["Fachkr\u00e4ftemangel","KMU","KMU-Monitor","Management","Unternehmen"],"articleSection":["MANAGEMENT"],"inLanguage":"fr-FR"},{"@type":"WebPage","@id":"https:\/\/www.organisator.ch\/management\/2024-08-13\/kmu-zh-monitor-2024-leichte-entspannung-beim-fachkraeftemangel\/","url":"https:\/\/www.organisator.ch\/management\/2024-08-13\/kmu-zh-monitor-2024-leichte-entspannung-beim-fachkraeftemangel\/","name":"KMU ZH Monitor 2024 : l\u00e9g\u00e8re d\u00e9tente de la p\u00e9nurie de main-d'\u0153uvre qualifi\u00e9e - Organisateur","isPartOf":{"@id":"https:\/\/www.organisator.ch\/#website"},"primaryImageOfPage":{"@id":"https:\/\/www.organisator.ch\/management\/2024-08-13\/kmu-zh-monitor-2024-leichte-entspannung-beim-fachkraeftemangel\/#primaryimage"},"image":{"@id":"https:\/\/www.organisator.ch\/management\/2024-08-13\/kmu-zh-monitor-2024-leichte-entspannung-beim-fachkraeftemangel\/#primaryimage"},"thumbnailUrl":"https:\/\/www.organisator.ch\/wp-content\/uploads\/2024\/08\/KMU-ZH-Monitor_Bild1_ps.jpg","datePublished":"2024-08-13T08:13:37+00:00","description":"La quatri\u00e8me \u00e9dition du \"KMU ZH Monitor\" est parue le 13 ao\u00fbt : L'\u00e9tude r\u00e9alis\u00e9e par la ZHAW \u00e0 la demande de la Banque cantonale de Zurich.","breadcrumb":{"@id":"https:\/\/www.organisator.ch\/management\/2024-08-13\/kmu-zh-monitor-2024-leichte-entspannung-beim-fachkraeftemangel\/#breadcrumb"},"inLanguage":"fr-FR","potentialAction":[{"@type":"ReadAction","target":["https:\/\/www.organisator.ch\/management\/2024-08-13\/kmu-zh-monitor-2024-leichte-entspannung-beim-fachkraeftemangel\/"]}]},{"@type":"ImageObject","inLanguage":"fr-FR","@id":"https:\/\/www.organisator.ch\/management\/2024-08-13\/kmu-zh-monitor-2024-leichte-entspannung-beim-fachkraeftemangel\/#primaryimage","url":"https:\/\/www.organisator.ch\/wp-content\/uploads\/2024\/08\/KMU-ZH-Monitor_Bild1_ps.jpg","contentUrl":"https:\/\/www.organisator.ch\/wp-content\/uploads\/2024\/08\/KMU-ZH-Monitor_Bild1_ps.jpg","width":680,"height":405,"caption":"Die Gastronomiebranche ist bei weitem nicht die Einzige, die den Mangel an ausgebildeten Arbeitskr\u00e4ften als gr\u00f6sste Herausforderung sieht. (Bild: www.depositphotos.com)"},{"@type":"BreadcrumbList","@id":"https:\/\/www.organisator.ch\/management\/2024-08-13\/kmu-zh-monitor-2024-leichte-entspannung-beim-fachkraeftemangel\/#breadcrumb","itemListElement":[{"@type":"ListItem","position":1,"name":"Home","item":"https:\/\/www.organisator.ch\/"},{"@type":"ListItem","position":2,"name":"KMU ZH Monitor 2024: Leichte Entspannung beim Fachkr\u00e4ftemangel"}]},{"@type":"WebSite","@id":"https:\/\/www.organisator.ch\/#website","url":"https:\/\/www.organisator.ch\/","name":"Organisateur","description":"Comp\u00e9tence et comp\u00e9tence. Proches de la pratique. L'ORGANISATEUR pr\u00e9pare 10 num\u00e9ros par an sur les th\u00e8mes essentiels pour les dirigeants de PME.","publisher":{"@id":"https:\/\/www.organisator.ch\/#organization"},"potentialAction":[{"@type":"SearchAction","target":{"@type":"EntryPoint","urlTemplate":"https:\/\/www.organisator.ch\/?s={search_term_string}"},"query-input":{"@type":"PropertyValueSpecification","valueRequired":true,"valueName":"search_term_string"}}],"inLanguage":"fr-FR"},{"@type":"Organization","@id":"https:\/\/www.organisator.ch\/#organization","name":"Organisateur","url":"https:\/\/www.organisator.ch\/","logo":{"@type":"ImageObject","inLanguage":"fr-FR","@id":"https:\/\/www.organisator.ch\/#\/schema\/logo\/image\/","url":"https:\/\/www.organisator.ch\/wp-content\/uploads\/2022\/01\/Logo_Organisator_Website.png","contentUrl":"https:\/\/www.organisator.ch\/wp-content\/uploads\/2022\/01\/Logo_Organisator_Website.png","width":800,"height":77,"caption":"Organisator"},"image":{"@id":"https:\/\/www.organisator.ch\/#\/schema\/logo\/image\/"},"sameAs":["https:\/\/www.facebook.com\/OrganisatorFachmagazin","https:\/\/www.linkedin.com\/showcase\/organisator-das-magazin-fr-kmu","https:\/\/www.xing.com\/news\/pages\/organisator-ch-695","https:\/\/www.youtube.com\/channel\/UCGP2Sq0iWaZwT3BdIAQFYpw"]},{"@type":"Person","@id":"https:\/\/www.organisator.ch\/#\/schema\/person\/2e1314a2172123f874db408d8911d3f3","name":"Adelisa Kalajdzini","image":{"@type":"ImageObject","inLanguage":"fr-FR","@id":"https:\/\/secure.gravatar.com\/avatar\/09a397c22ac58cad6f160ee8306348599df9df58a8ede73696226897b9fa4b24?s=96&d=mm&r=g","url":"https:\/\/secure.gravatar.com\/avatar\/09a397c22ac58cad6f160ee8306348599df9df58a8ede73696226897b9fa4b24?s=96&d=mm&r=g","contentUrl":"https:\/\/secure.gravatar.com\/avatar\/09a397c22ac58cad6f160ee8306348599df9df58a8ede73696226897b9fa4b24?s=96&d=mm&r=g","caption":"Adelisa Kalajdzini"},"url":"https:\/\/www.organisator.ch\/fr\/author\/adelisa-kalajdzini\/"}]}},"_links":{"self":[{"href":"https:\/\/www.organisator.ch\/fr\/wp-json\/wp\/v2\/posts\/28814","targetHints":{"allow":["GET"]}}],"collection":[{"href":"https:\/\/www.organisator.ch\/fr\/wp-json\/wp\/v2\/posts"}],"about":[{"href":"https:\/\/www.organisator.ch\/fr\/wp-json\/wp\/v2\/types\/post"}],"author":[{"embeddable":true,"href":"https:\/\/www.organisator.ch\/fr\/wp-json\/wp\/v2\/users\/58"}],"replies":[{"embeddable":true,"href":"https:\/\/www.organisator.ch\/fr\/wp-json\/wp\/v2\/comments?post=28814"}],"version-history":[{"count":3,"href":"https:\/\/www.organisator.ch\/fr\/wp-json\/wp\/v2\/posts\/28814\/revisions"}],"predecessor-version":[{"id":28961,"href":"https:\/\/www.organisator.ch\/fr\/wp-json\/wp\/v2\/posts\/28814\/revisions\/28961"}],"wp:featuredmedia":[{"embeddable":true,"href":"https:\/\/www.organisator.ch\/fr\/wp-json\/wp\/v2\/media\/28817"}],"wp:attachment":[{"href":"https:\/\/www.organisator.ch\/fr\/wp-json\/wp\/v2\/media?parent=28814"}],"wp:term":[{"taxonomy":"category","embeddable":true,"href":"https:\/\/www.organisator.ch\/fr\/wp-json\/wp\/v2\/categories?post=28814"},{"taxonomy":"post_tag","embeddable":true,"href":"https:\/\/www.organisator.ch\/fr\/wp-json\/wp\/v2\/tags?post=28814"}],"curies":[{"name":"wp","href":"https:\/\/api.w.org\/{rel}","templated":true}]}}