{"id":28879,"date":"2024-08-28T01:41:50","date_gmt":"2024-08-27T23:41:50","guid":{"rendered":"https:\/\/www.organisator.ch\/de\/?p=28879"},"modified":"2024-08-13T16:32:51","modified_gmt":"2024-08-13T14:32:51","slug":"schritt-fuer-schritt-in-die-regenerative-nachhaltigkeit","status":"publish","type":"post","link":"https:\/\/www.organisator.ch\/fr\/management\/2024-08-28\/schritt-fuer-schritt-in-die-regenerative-nachhaltigkeit\/","title":{"rendered":"Pas \u00e0 pas vers la durabilit\u00e9 renouvelable"},"content":{"rendered":"<div class=\"swpm-post-not-logged-in-msg\">Vous devez \u00eatre connect\u00e9 pour voir ce contenu. Veuillez <a class=\"swpm-login-link\" href=\"https:\/\/www.organisator.ch\/login\/\">Se connecter<\/a>. Pas un membre ? <a href=\"https:\/\/www.organisator.ch\/shop\/\">Nous Rejoindre<\/a><\/div>","protected":false},"excerpt":{"rendered":"<p>De nouvelles formes d'\u00e9conomie, tourn\u00e9es vers l'avenir, sont in\u00e9vitables. Les anciennes ont laiss\u00e9 derri\u00e8re elles un environnement \u00e9puis\u00e9 et des personnes \u00e9puis\u00e9es. C'est pourquoi nous devons orienter notre comportement vers des voies plus intelligentes : la transformation vers une soci\u00e9t\u00e9 r\u00e9g\u00e9n\u00e9rative et positive pour le climat. Cet article pr\u00e9sente le plan en sept \u00e9tapes suivi par de nombreux pr\u00e9curseurs.<\/p>","protected":false},"author":1,"featured_media":28877,"comment_status":"closed","ping_status":"closed","sticky":false,"template":"","format":"standard","meta":{"_acf_changed":false,"_yoast_wpseo_focuskw":"Nachhaltigkeit","_yoast_wpseo_metadesc":"Neue, zukunftsweisende Formen des Wirtschaftens sind unumg\u00e4nglich. Die alten haben eine ersch\u00f6pfte Umwelt und ersch\u00f6pfte Menschen hinterlassen.","articlekey":"112771","footnotes":""},"categories":[578,28],"tags":[334,1787,4374,4373,2700],"class_list":["post-28879","post","type-post","status-publish","format-standard","has-post-thumbnail","hentry","category-abo","category-management","tag-management","tag-nachhaltigkeit","tag-plan","tag-schritte","tag-transformation"],"acf":[],"yoast_head":"<!-- This site is optimized with the Yoast SEO plugin v27.5 - https:\/\/yoast.com\/product\/yoast-seo-wordpress\/ -->\n<title>Schritt f\u00fcr Schritt in die regenerative Nachhaltigkeit - Organisator<\/title>\n<meta name=\"description\" content=\"Neue, zukunftsweisende Formen des Wirtschaftens sind unumg\u00e4nglich. Die alten haben eine ersch\u00f6pfte Umwelt und ersch\u00f6pfte Menschen hinterlassen.\" \/>\n<meta name=\"robots\" content=\"index, follow, max-snippet:-1, max-image-preview:large, max-video-preview:-1\" \/>\n<link rel=\"canonical\" href=\"https:\/\/www.organisator.ch\/fr\/gestion-2\/2024-08-28\/schritt-fuer-schritt-in-die-regenerative-nachhaltigkeit\/\" \/>\n<meta property=\"og:locale\" content=\"fr_FR\" \/>\n<meta property=\"og:type\" content=\"article\" \/>\n<meta property=\"og:title\" content=\"Schritt f\u00fcr Schritt in die regenerative Nachhaltigkeit - Organisator\" \/>\n<meta property=\"og:description\" content=\"Neue, zukunftsweisende Formen des Wirtschaftens sind unumg\u00e4nglich. Die alten haben eine ersch\u00f6pfte Umwelt und ersch\u00f6pfte Menschen hinterlassen.\" \/>\n<meta property=\"og:url\" content=\"https:\/\/www.organisator.ch\/fr\/gestion-2\/2024-08-28\/schritt-fuer-schritt-in-die-regenerative-nachhaltigkeit\/\" \/>\n<meta property=\"og:site_name\" content=\"Organisator\" \/>\n<meta property=\"article:publisher\" content=\"https:\/\/www.facebook.com\/OrganisatorFachmagazin\" \/>\n<meta property=\"article:published_time\" content=\"2024-08-27T23:41:50+00:00\" \/>\n<meta property=\"og:image\" content=\"https:\/\/www.organisator.ch\/wp-content\/uploads\/2024\/08\/Management_Schueller_Bild1_organisator_112794-scaled-e1723559333449.jpg\" \/>\n\t<meta property=\"og:image:width\" content=\"1064\" \/>\n\t<meta property=\"og:image:height\" content=\"648\" \/>\n\t<meta property=\"og:image:type\" content=\"image\/jpeg\" \/>\n<meta name=\"author\" content=\"admin\" \/>\n<meta name=\"twitter:card\" content=\"summary_large_image\" \/>\n<script type=\"application\/ld+json\" class=\"yoast-schema-graph\">{\"@context\":\"https:\\\/\\\/schema.org\",\"@graph\":[{\"@type\":\"Article\",\"@id\":\"https:\\\/\\\/www.organisator.ch\\\/management\\\/2024-08-28\\\/schritt-fuer-schritt-in-die-regenerative-nachhaltigkeit\\\/#article\",\"isPartOf\":{\"@id\":\"https:\\\/\\\/www.organisator.ch\\\/management\\\/2024-08-28\\\/schritt-fuer-schritt-in-die-regenerative-nachhaltigkeit\\\/\"},\"author\":{\"name\":\"admin\",\"@id\":\"https:\\\/\\\/www.organisator.ch\\\/#\\\/schema\\\/person\\\/aa2bace6c5c5aad60102004a50c4eb1c\"},\"headline\":\"Schritt f\u00fcr Schritt in die regenerative Nachhaltigkeit\",\"datePublished\":\"2024-08-27T23:41:50+00:00\",\"mainEntityOfPage\":{\"@id\":\"https:\\\/\\\/www.organisator.ch\\\/management\\\/2024-08-28\\\/schritt-fuer-schritt-in-die-regenerative-nachhaltigkeit\\\/\"},\"wordCount\":902,\"publisher\":{\"@id\":\"https:\\\/\\\/www.organisator.ch\\\/#organization\"},\"image\":{\"@id\":\"https:\\\/\\\/www.organisator.ch\\\/management\\\/2024-08-28\\\/schritt-fuer-schritt-in-die-regenerative-nachhaltigkeit\\\/#primaryimage\"},\"thumbnailUrl\":\"https:\\\/\\\/www.organisator.ch\\\/wp-content\\\/uploads\\\/2024\\\/08\\\/Management_Schueller_Bild1_organisator_112794-scaled-e1723559333449.jpg\",\"keywords\":[\"Management\",\"Nachhaltigkeit\",\"Plan\",\"Schritte\",\"Transformation\"],\"articleSection\":[\"ABO+\",\"MANAGEMENT\"],\"inLanguage\":\"fr-FR\"},{\"@type\":\"WebPage\",\"@id\":\"https:\\\/\\\/www.organisator.ch\\\/management\\\/2024-08-28\\\/schritt-fuer-schritt-in-die-regenerative-nachhaltigkeit\\\/\",\"url\":\"https:\\\/\\\/www.organisator.ch\\\/management\\\/2024-08-28\\\/schritt-fuer-schritt-in-die-regenerative-nachhaltigkeit\\\/\",\"name\":\"Schritt f\u00fcr Schritt in die regenerative Nachhaltigkeit - Organisator\",\"isPartOf\":{\"@id\":\"https:\\\/\\\/www.organisator.ch\\\/#website\"},\"primaryImageOfPage\":{\"@id\":\"https:\\\/\\\/www.organisator.ch\\\/management\\\/2024-08-28\\\/schritt-fuer-schritt-in-die-regenerative-nachhaltigkeit\\\/#primaryimage\"},\"image\":{\"@id\":\"https:\\\/\\\/www.organisator.ch\\\/management\\\/2024-08-28\\\/schritt-fuer-schritt-in-die-regenerative-nachhaltigkeit\\\/#primaryimage\"},\"thumbnailUrl\":\"https:\\\/\\\/www.organisator.ch\\\/wp-content\\\/uploads\\\/2024\\\/08\\\/Management_Schueller_Bild1_organisator_112794-scaled-e1723559333449.jpg\",\"datePublished\":\"2024-08-27T23:41:50+00:00\",\"description\":\"Neue, zukunftsweisende Formen des Wirtschaftens sind unumg\u00e4nglich. Die alten haben eine ersch\u00f6pfte Umwelt und ersch\u00f6pfte Menschen hinterlassen.\",\"breadcrumb\":{\"@id\":\"https:\\\/\\\/www.organisator.ch\\\/management\\\/2024-08-28\\\/schritt-fuer-schritt-in-die-regenerative-nachhaltigkeit\\\/#breadcrumb\"},\"inLanguage\":\"fr-FR\",\"potentialAction\":[{\"@type\":\"ReadAction\",\"target\":[\"https:\\\/\\\/www.organisator.ch\\\/management\\\/2024-08-28\\\/schritt-fuer-schritt-in-die-regenerative-nachhaltigkeit\\\/\"]}]},{\"@type\":\"ImageObject\",\"inLanguage\":\"fr-FR\",\"@id\":\"https:\\\/\\\/www.organisator.ch\\\/management\\\/2024-08-28\\\/schritt-fuer-schritt-in-die-regenerative-nachhaltigkeit\\\/#primaryimage\",\"url\":\"https:\\\/\\\/www.organisator.ch\\\/wp-content\\\/uploads\\\/2024\\\/08\\\/Management_Schueller_Bild1_organisator_112794-scaled-e1723559333449.jpg\",\"contentUrl\":\"https:\\\/\\\/www.organisator.ch\\\/wp-content\\\/uploads\\\/2024\\\/08\\\/Management_Schueller_Bild1_organisator_112794-scaled-e1723559333449.jpg\",\"width\":1064,\"height\":648,\"caption\":\"Eine zukunftsweisende Wirtschaft ist gr\u00fcn. Der Weg dorthin muss strategisch angegangen werden.\u00a9 guffoto \\\/ Depositphotos.com\"},{\"@type\":\"BreadcrumbList\",\"@id\":\"https:\\\/\\\/www.organisator.ch\\\/management\\\/2024-08-28\\\/schritt-fuer-schritt-in-die-regenerative-nachhaltigkeit\\\/#breadcrumb\",\"itemListElement\":[{\"@type\":\"ListItem\",\"position\":1,\"name\":\"Home\",\"item\":\"https:\\\/\\\/www.organisator.ch\\\/\"},{\"@type\":\"ListItem\",\"position\":2,\"name\":\"Schritt f\u00fcr Schritt in die regenerative Nachhaltigkeit\"}]},{\"@type\":\"WebSite\",\"@id\":\"https:\\\/\\\/www.organisator.ch\\\/#website\",\"url\":\"https:\\\/\\\/www.organisator.ch\\\/\",\"name\":\"Organisator\",\"description\":\"Kompetent. Praxisnah. Der ORGANISATOR bereitet in 10 Ausgaben pro Jahr die wesentlichen Themen f\u00fcr F\u00fchrungskr\u00e4fte von KMU auf.\",\"publisher\":{\"@id\":\"https:\\\/\\\/www.organisator.ch\\\/#organization\"},\"potentialAction\":[{\"@type\":\"SearchAction\",\"target\":{\"@type\":\"EntryPoint\",\"urlTemplate\":\"https:\\\/\\\/www.organisator.ch\\\/?s={search_term_string}\"},\"query-input\":{\"@type\":\"PropertyValueSpecification\",\"valueRequired\":true,\"valueName\":\"search_term_string\"}}],\"inLanguage\":\"fr-FR\"},{\"@type\":\"Organization\",\"@id\":\"https:\\\/\\\/www.organisator.ch\\\/#organization\",\"name\":\"Organisator\",\"url\":\"https:\\\/\\\/www.organisator.ch\\\/\",\"logo\":{\"@type\":\"ImageObject\",\"inLanguage\":\"fr-FR\",\"@id\":\"https:\\\/\\\/www.organisator.ch\\\/#\\\/schema\\\/logo\\\/image\\\/\",\"url\":\"https:\\\/\\\/www.organisator.ch\\\/wp-content\\\/uploads\\\/2022\\\/01\\\/Logo_Organisator_Website.png\",\"contentUrl\":\"https:\\\/\\\/www.organisator.ch\\\/wp-content\\\/uploads\\\/2022\\\/01\\\/Logo_Organisator_Website.png\",\"width\":800,\"height\":77,\"caption\":\"Organisator\"},\"image\":{\"@id\":\"https:\\\/\\\/www.organisator.ch\\\/#\\\/schema\\\/logo\\\/image\\\/\"},\"sameAs\":[\"https:\\\/\\\/www.facebook.com\\\/OrganisatorFachmagazin\",\"https:\\\/\\\/www.linkedin.com\\\/showcase\\\/organisator-das-magazin-fr-kmu\",\"https:\\\/\\\/www.xing.com\\\/news\\\/pages\\\/organisator-ch-695\",\"https:\\\/\\\/www.youtube.com\\\/channel\\\/UCGP2Sq0iWaZwT3BdIAQFYpw\"]},{\"@type\":\"Person\",\"@id\":\"https:\\\/\\\/www.organisator.ch\\\/#\\\/schema\\\/person\\\/aa2bace6c5c5aad60102004a50c4eb1c\",\"name\":\"admin\",\"image\":{\"@type\":\"ImageObject\",\"inLanguage\":\"fr-FR\",\"@id\":\"https:\\\/\\\/secure.gravatar.com\\\/avatar\\\/ae2f4d718e6c49043e314ce431e7e645d646302a24a5ef5a8bc8e3f5a032e319?s=96&d=mm&r=g\",\"url\":\"https:\\\/\\\/secure.gravatar.com\\\/avatar\\\/ae2f4d718e6c49043e314ce431e7e645d646302a24a5ef5a8bc8e3f5a032e319?s=96&d=mm&r=g\",\"contentUrl\":\"https:\\\/\\\/secure.gravatar.com\\\/avatar\\\/ae2f4d718e6c49043e314ce431e7e645d646302a24a5ef5a8bc8e3f5a032e319?s=96&d=mm&r=g\",\"caption\":\"admin\"},\"sameAs\":[\"https:\\\/\\\/www.organisator.ch\"],\"url\":\"https:\\\/\\\/www.organisator.ch\\\/fr\\\/author\\\/admin\\\/\"}]}<\/script>\n<!-- \/ Yoast SEO plugin. -->","yoast_head_json":{"title":"Pas \u00e0 pas vers la durabilit\u00e9 r\u00e9g\u00e9n\u00e9rative - Organisateur","description":"De nouvelles formes d'\u00e9conomie, tourn\u00e9es vers l'avenir, sont in\u00e9vitables. Les anciennes ont laiss\u00e9 derri\u00e8re elles un environnement \u00e9puis\u00e9 et des personnes \u00e9puis\u00e9es.","robots":{"index":"index","follow":"follow","max-snippet":"max-snippet:-1","max-image-preview":"max-image-preview:large","max-video-preview":"max-video-preview:-1"},"canonical":"https:\/\/www.organisator.ch\/fr\/gestion-2\/2024-08-28\/schritt-fuer-schritt-in-die-regenerative-nachhaltigkeit\/","og_locale":"fr_FR","og_type":"article","og_title":"Schritt f\u00fcr Schritt in die regenerative Nachhaltigkeit - Organisator","og_description":"Neue, zukunftsweisende Formen des Wirtschaftens sind unumg\u00e4nglich. Die alten haben eine ersch\u00f6pfte Umwelt und ersch\u00f6pfte Menschen hinterlassen.","og_url":"https:\/\/www.organisator.ch\/fr\/gestion-2\/2024-08-28\/schritt-fuer-schritt-in-die-regenerative-nachhaltigkeit\/","og_site_name":"Organisator","article_publisher":"https:\/\/www.facebook.com\/OrganisatorFachmagazin","article_published_time":"2024-08-27T23:41:50+00:00","og_image":[{"width":1064,"height":648,"url":"https:\/\/www.organisator.ch\/wp-content\/uploads\/2024\/08\/Management_Schueller_Bild1_organisator_112794-scaled-e1723559333449.jpg","type":"image\/jpeg"}],"author":"admin","twitter_card":"summary_large_image","schema":{"@context":"https:\/\/schema.org","@graph":[{"@type":"Article","@id":"https:\/\/www.organisator.ch\/management\/2024-08-28\/schritt-fuer-schritt-in-die-regenerative-nachhaltigkeit\/#article","isPartOf":{"@id":"https:\/\/www.organisator.ch\/management\/2024-08-28\/schritt-fuer-schritt-in-die-regenerative-nachhaltigkeit\/"},"author":{"name":"admin","@id":"https:\/\/www.organisator.ch\/#\/schema\/person\/aa2bace6c5c5aad60102004a50c4eb1c"},"headline":"Schritt f\u00fcr Schritt in die regenerative Nachhaltigkeit","datePublished":"2024-08-27T23:41:50+00:00","mainEntityOfPage":{"@id":"https:\/\/www.organisator.ch\/management\/2024-08-28\/schritt-fuer-schritt-in-die-regenerative-nachhaltigkeit\/"},"wordCount":902,"publisher":{"@id":"https:\/\/www.organisator.ch\/#organization"},"image":{"@id":"https:\/\/www.organisator.ch\/management\/2024-08-28\/schritt-fuer-schritt-in-die-regenerative-nachhaltigkeit\/#primaryimage"},"thumbnailUrl":"https:\/\/www.organisator.ch\/wp-content\/uploads\/2024\/08\/Management_Schueller_Bild1_organisator_112794-scaled-e1723559333449.jpg","keywords":["Management","Nachhaltigkeit","Plan","Schritte","Transformation"],"articleSection":["ABO+","MANAGEMENT"],"inLanguage":"fr-FR"},{"@type":"WebPage","@id":"https:\/\/www.organisator.ch\/management\/2024-08-28\/schritt-fuer-schritt-in-die-regenerative-nachhaltigkeit\/","url":"https:\/\/www.organisator.ch\/management\/2024-08-28\/schritt-fuer-schritt-in-die-regenerative-nachhaltigkeit\/","name":"Pas \u00e0 pas vers la durabilit\u00e9 r\u00e9g\u00e9n\u00e9rative - Organisateur","isPartOf":{"@id":"https:\/\/www.organisator.ch\/#website"},"primaryImageOfPage":{"@id":"https:\/\/www.organisator.ch\/management\/2024-08-28\/schritt-fuer-schritt-in-die-regenerative-nachhaltigkeit\/#primaryimage"},"image":{"@id":"https:\/\/www.organisator.ch\/management\/2024-08-28\/schritt-fuer-schritt-in-die-regenerative-nachhaltigkeit\/#primaryimage"},"thumbnailUrl":"https:\/\/www.organisator.ch\/wp-content\/uploads\/2024\/08\/Management_Schueller_Bild1_organisator_112794-scaled-e1723559333449.jpg","datePublished":"2024-08-27T23:41:50+00:00","description":"De nouvelles formes d'\u00e9conomie, tourn\u00e9es vers l'avenir, sont in\u00e9vitables. Les anciennes ont laiss\u00e9 derri\u00e8re elles un environnement \u00e9puis\u00e9 et des personnes \u00e9puis\u00e9es.","breadcrumb":{"@id":"https:\/\/www.organisator.ch\/management\/2024-08-28\/schritt-fuer-schritt-in-die-regenerative-nachhaltigkeit\/#breadcrumb"},"inLanguage":"fr-FR","potentialAction":[{"@type":"ReadAction","target":["https:\/\/www.organisator.ch\/management\/2024-08-28\/schritt-fuer-schritt-in-die-regenerative-nachhaltigkeit\/"]}]},{"@type":"ImageObject","inLanguage":"fr-FR","@id":"https:\/\/www.organisator.ch\/management\/2024-08-28\/schritt-fuer-schritt-in-die-regenerative-nachhaltigkeit\/#primaryimage","url":"https:\/\/www.organisator.ch\/wp-content\/uploads\/2024\/08\/Management_Schueller_Bild1_organisator_112794-scaled-e1723559333449.jpg","contentUrl":"https:\/\/www.organisator.ch\/wp-content\/uploads\/2024\/08\/Management_Schueller_Bild1_organisator_112794-scaled-e1723559333449.jpg","width":1064,"height":648,"caption":"Eine zukunftsweisende Wirtschaft ist gr\u00fcn. Der Weg dorthin muss strategisch angegangen werden.\u00a9 guffoto \/ Depositphotos.com"},{"@type":"BreadcrumbList","@id":"https:\/\/www.organisator.ch\/management\/2024-08-28\/schritt-fuer-schritt-in-die-regenerative-nachhaltigkeit\/#breadcrumb","itemListElement":[{"@type":"ListItem","position":1,"name":"Home","item":"https:\/\/www.organisator.ch\/"},{"@type":"ListItem","position":2,"name":"Schritt f\u00fcr Schritt in die regenerative Nachhaltigkeit"}]},{"@type":"WebSite","@id":"https:\/\/www.organisator.ch\/#website","url":"https:\/\/www.organisator.ch\/","name":"Organisateur","description":"Comp\u00e9tence et comp\u00e9tence. Proches de la pratique. L'ORGANISATEUR pr\u00e9pare 10 num\u00e9ros par an sur les th\u00e8mes essentiels pour les dirigeants de PME.","publisher":{"@id":"https:\/\/www.organisator.ch\/#organization"},"potentialAction":[{"@type":"SearchAction","target":{"@type":"EntryPoint","urlTemplate":"https:\/\/www.organisator.ch\/?s={search_term_string}"},"query-input":{"@type":"PropertyValueSpecification","valueRequired":true,"valueName":"search_term_string"}}],"inLanguage":"fr-FR"},{"@type":"Organization","@id":"https:\/\/www.organisator.ch\/#organization","name":"Organisateur","url":"https:\/\/www.organisator.ch\/","logo":{"@type":"ImageObject","inLanguage":"fr-FR","@id":"https:\/\/www.organisator.ch\/#\/schema\/logo\/image\/","url":"https:\/\/www.organisator.ch\/wp-content\/uploads\/2022\/01\/Logo_Organisator_Website.png","contentUrl":"https:\/\/www.organisator.ch\/wp-content\/uploads\/2022\/01\/Logo_Organisator_Website.png","width":800,"height":77,"caption":"Organisator"},"image":{"@id":"https:\/\/www.organisator.ch\/#\/schema\/logo\/image\/"},"sameAs":["https:\/\/www.facebook.com\/OrganisatorFachmagazin","https:\/\/www.linkedin.com\/showcase\/organisator-das-magazin-fr-kmu","https:\/\/www.xing.com\/news\/pages\/organisator-ch-695","https:\/\/www.youtube.com\/channel\/UCGP2Sq0iWaZwT3BdIAQFYpw"]},{"@type":"Person","@id":"https:\/\/www.organisator.ch\/#\/schema\/person\/aa2bace6c5c5aad60102004a50c4eb1c","name":"admin","image":{"@type":"ImageObject","inLanguage":"fr-FR","@id":"https:\/\/secure.gravatar.com\/avatar\/ae2f4d718e6c49043e314ce431e7e645d646302a24a5ef5a8bc8e3f5a032e319?s=96&d=mm&r=g","url":"https:\/\/secure.gravatar.com\/avatar\/ae2f4d718e6c49043e314ce431e7e645d646302a24a5ef5a8bc8e3f5a032e319?s=96&d=mm&r=g","contentUrl":"https:\/\/secure.gravatar.com\/avatar\/ae2f4d718e6c49043e314ce431e7e645d646302a24a5ef5a8bc8e3f5a032e319?s=96&d=mm&r=g","caption":"admin"},"sameAs":["https:\/\/www.organisator.ch"],"url":"https:\/\/www.organisator.ch\/fr\/author\/admin\/"}]}},"_links":{"self":[{"href":"https:\/\/www.organisator.ch\/fr\/wp-json\/wp\/v2\/posts\/28879","targetHints":{"allow":["GET"]}}],"collection":[{"href":"https:\/\/www.organisator.ch\/fr\/wp-json\/wp\/v2\/posts"}],"about":[{"href":"https:\/\/www.organisator.ch\/fr\/wp-json\/wp\/v2\/types\/post"}],"author":[{"embeddable":true,"href":"https:\/\/www.organisator.ch\/fr\/wp-json\/wp\/v2\/users\/1"}],"replies":[{"embeddable":true,"href":"https:\/\/www.organisator.ch\/fr\/wp-json\/wp\/v2\/comments?post=28879"}],"version-history":[{"count":3,"href":"https:\/\/www.organisator.ch\/fr\/wp-json\/wp\/v2\/posts\/28879\/revisions"}],"predecessor-version":[{"id":28938,"href":"https:\/\/www.organisator.ch\/fr\/wp-json\/wp\/v2\/posts\/28879\/revisions\/28938"}],"wp:featuredmedia":[{"embeddable":true,"href":"https:\/\/www.organisator.ch\/fr\/wp-json\/wp\/v2\/media\/28877"}],"wp:attachment":[{"href":"https:\/\/www.organisator.ch\/fr\/wp-json\/wp\/v2\/media?parent=28879"}],"wp:term":[{"taxonomy":"category","embeddable":true,"href":"https:\/\/www.organisator.ch\/fr\/wp-json\/wp\/v2\/categories?post=28879"},{"taxonomy":"post_tag","embeddable":true,"href":"https:\/\/www.organisator.ch\/fr\/wp-json\/wp\/v2\/tags?post=28879"}],"curies":[{"name":"wp","href":"https:\/\/api.w.org\/{rel}","templated":true}]}}