{"id":28893,"date":"2024-08-28T02:19:33","date_gmt":"2024-08-28T00:19:33","guid":{"rendered":"https:\/\/www.organisator.ch\/de\/?p=28893"},"modified":"2024-09-12T07:08:46","modified_gmt":"2024-09-12T05:08:46","slug":"rolf-schlagenhauf-staerken-staerken-und-schwaechen-schwaechen","status":"publish","type":"post","link":"https:\/\/www.organisator.ch\/fr\/management\/2024-08-28\/rolf-schlagenhauf-staerken-staerken-und-schwaechen-schwaechen\/","title":{"rendered":"Rolf Schlagenhauf : \"Renforcer les points forts et affaiblir les points faibles\"."},"content":{"rendered":"<div class=\"swpm-post-not-logged-in-msg\">Vous devez \u00eatre connect\u00e9 pour voir ce contenu. Veuillez <a class=\"swpm-login-link\" href=\"https:\/\/www.organisator.ch\/login\/\">Se connecter<\/a>. Pas un membre ? <a href=\"https:\/\/www.organisator.ch\/shop\/\">Nous Rejoindre<\/a><\/div>","protected":false},"excerpt":{"rendered":"<p>Le groupe de peintres et de pl\u00e2triers Schlagenhauf de Meilen a re\u00e7u d\u00e9but 2024 le Swiss Arbeitgeber Award dans la cat\u00e9gorie des moyennes entreprises. Le propri\u00e9taire Rolf Schlagenhauf s'en est particuli\u00e8rement r\u00e9joui, car il voit dans ce prix le signe qu'il existe aussi des employeurs attractifs dans le secteur de la construction.<\/p>","protected":false},"author":1,"featured_media":29418,"comment_status":"closed","ping_status":"closed","sticky":false,"template":"","format":"standard","meta":{"_acf_changed":false,"_yoast_wpseo_focuskw":"Schlagenhauf","_yoast_wpseo_metadesc":"Die Maler- und Gipsergruppe Schlagenhauf durfte Anfang 2024 den Swiss Arbeitgeber Award in der Kategorie mittelgrosse Unternehmen entgegennehmen.","articlekey":"107694","footnotes":""},"categories":[578,28],"tags":[65,71,334,492],"class_list":["post-28893","post","type-post","status-publish","format-standard","has-post-thumbnail","hentry","category-abo","category-management","tag-award","tag-baubranche","tag-management","tag-unternehmen"],"acf":[],"yoast_head":"<!-- This site is optimized with the Yoast SEO plugin v27.5 - https:\/\/yoast.com\/product\/yoast-seo-wordpress\/ -->\n<title>Rolf Schlagenhauf: \u00abSt\u00e4rken st\u00e4rken und Schw\u00e4chen schw\u00e4chen\u00bb - Organisator<\/title>\n<meta name=\"description\" content=\"Die Maler- und Gipsergruppe Schlagenhauf durfte Anfang 2024 den Swiss Arbeitgeber Award in der Kategorie mittelgrosse Unternehmen entgegennehmen.\" \/>\n<meta name=\"robots\" content=\"index, follow, max-snippet:-1, max-image-preview:large, max-video-preview:-1\" \/>\n<link rel=\"canonical\" href=\"https:\/\/www.organisator.ch\/fr\/gestion-2\/2024-08-28\/rolf-schlagenhauf-staerken-staerken-und-schwaechen-schwaechen\/\" \/>\n<meta property=\"og:locale\" content=\"fr_FR\" \/>\n<meta property=\"og:type\" content=\"article\" \/>\n<meta property=\"og:title\" content=\"Rolf Schlagenhauf: \u00abSt\u00e4rken st\u00e4rken und Schw\u00e4chen schw\u00e4chen\u00bb - Organisator\" \/>\n<meta property=\"og:description\" content=\"Die Maler- und Gipsergruppe Schlagenhauf durfte Anfang 2024 den Swiss Arbeitgeber Award in der Kategorie mittelgrosse Unternehmen entgegennehmen.\" \/>\n<meta property=\"og:url\" content=\"https:\/\/www.organisator.ch\/fr\/gestion-2\/2024-08-28\/rolf-schlagenhauf-staerken-staerken-und-schwaechen-schwaechen\/\" \/>\n<meta property=\"og:site_name\" content=\"Organisator\" \/>\n<meta property=\"article:publisher\" content=\"https:\/\/www.facebook.com\/OrganisatorFachmagazin\" \/>\n<meta property=\"article:published_time\" content=\"2024-08-28T00:19:33+00:00\" \/>\n<meta property=\"article:modified_time\" content=\"2024-09-12T05:08:46+00:00\" \/>\n<meta property=\"og:image\" content=\"https:\/\/www.organisator.ch\/wp-content\/uploads\/2024\/08\/Management_Auftakt_Bild1_Web.jpg\" \/>\n\t<meta property=\"og:image:width\" content=\"680\" \/>\n\t<meta property=\"og:image:height\" content=\"411\" \/>\n\t<meta property=\"og:image:type\" content=\"image\/jpeg\" \/>\n<meta name=\"author\" content=\"admin\" \/>\n<meta name=\"twitter:card\" content=\"summary_large_image\" \/>\n<script type=\"application\/ld+json\" class=\"yoast-schema-graph\">{\"@context\":\"https:\\\/\\\/schema.org\",\"@graph\":[{\"@type\":\"Article\",\"@id\":\"https:\\\/\\\/www.organisator.ch\\\/management\\\/2024-08-28\\\/rolf-schlagenhauf-staerken-staerken-und-schwaechen-schwaechen\\\/#article\",\"isPartOf\":{\"@id\":\"https:\\\/\\\/www.organisator.ch\\\/management\\\/2024-08-28\\\/rolf-schlagenhauf-staerken-staerken-und-schwaechen-schwaechen\\\/\"},\"author\":{\"name\":\"admin\",\"@id\":\"https:\\\/\\\/www.organisator.ch\\\/#\\\/schema\\\/person\\\/aa2bace6c5c5aad60102004a50c4eb1c\"},\"headline\":\"Rolf Schlagenhauf: \u00abSt\u00e4rken st\u00e4rken und Schw\u00e4chen schw\u00e4chen\u00bb\",\"datePublished\":\"2024-08-28T00:19:33+00:00\",\"dateModified\":\"2024-09-12T05:08:46+00:00\",\"mainEntityOfPage\":{\"@id\":\"https:\\\/\\\/www.organisator.ch\\\/management\\\/2024-08-28\\\/rolf-schlagenhauf-staerken-staerken-und-schwaechen-schwaechen\\\/\"},\"wordCount\":2165,\"publisher\":{\"@id\":\"https:\\\/\\\/www.organisator.ch\\\/#organization\"},\"image\":{\"@id\":\"https:\\\/\\\/www.organisator.ch\\\/management\\\/2024-08-28\\\/rolf-schlagenhauf-staerken-staerken-und-schwaechen-schwaechen\\\/#primaryimage\"},\"thumbnailUrl\":\"https:\\\/\\\/www.organisator.ch\\\/wp-content\\\/uploads\\\/2024\\\/08\\\/Management_Auftakt_Bild1_Web.jpg\",\"keywords\":[\"Award\",\"Baubranche\",\"Management\",\"Unternehmen\"],\"articleSection\":[\"ABO+\",\"MANAGEMENT\"],\"inLanguage\":\"fr-FR\"},{\"@type\":\"WebPage\",\"@id\":\"https:\\\/\\\/www.organisator.ch\\\/management\\\/2024-08-28\\\/rolf-schlagenhauf-staerken-staerken-und-schwaechen-schwaechen\\\/\",\"url\":\"https:\\\/\\\/www.organisator.ch\\\/management\\\/2024-08-28\\\/rolf-schlagenhauf-staerken-staerken-und-schwaechen-schwaechen\\\/\",\"name\":\"Rolf Schlagenhauf: \u00abSt\u00e4rken st\u00e4rken und Schw\u00e4chen schw\u00e4chen\u00bb - Organisator\",\"isPartOf\":{\"@id\":\"https:\\\/\\\/www.organisator.ch\\\/#website\"},\"primaryImageOfPage\":{\"@id\":\"https:\\\/\\\/www.organisator.ch\\\/management\\\/2024-08-28\\\/rolf-schlagenhauf-staerken-staerken-und-schwaechen-schwaechen\\\/#primaryimage\"},\"image\":{\"@id\":\"https:\\\/\\\/www.organisator.ch\\\/management\\\/2024-08-28\\\/rolf-schlagenhauf-staerken-staerken-und-schwaechen-schwaechen\\\/#primaryimage\"},\"thumbnailUrl\":\"https:\\\/\\\/www.organisator.ch\\\/wp-content\\\/uploads\\\/2024\\\/08\\\/Management_Auftakt_Bild1_Web.jpg\",\"datePublished\":\"2024-08-28T00:19:33+00:00\",\"dateModified\":\"2024-09-12T05:08:46+00:00\",\"description\":\"Die Maler- und Gipsergruppe Schlagenhauf durfte Anfang 2024 den Swiss Arbeitgeber Award in der Kategorie mittelgrosse Unternehmen entgegennehmen.\",\"breadcrumb\":{\"@id\":\"https:\\\/\\\/www.organisator.ch\\\/management\\\/2024-08-28\\\/rolf-schlagenhauf-staerken-staerken-und-schwaechen-schwaechen\\\/#breadcrumb\"},\"inLanguage\":\"fr-FR\",\"potentialAction\":[{\"@type\":\"ReadAction\",\"target\":[\"https:\\\/\\\/www.organisator.ch\\\/management\\\/2024-08-28\\\/rolf-schlagenhauf-staerken-staerken-und-schwaechen-schwaechen\\\/\"]}]},{\"@type\":\"ImageObject\",\"inLanguage\":\"fr-FR\",\"@id\":\"https:\\\/\\\/www.organisator.ch\\\/management\\\/2024-08-28\\\/rolf-schlagenhauf-staerken-staerken-und-schwaechen-schwaechen\\\/#primaryimage\",\"url\":\"https:\\\/\\\/www.organisator.ch\\\/wp-content\\\/uploads\\\/2024\\\/08\\\/Management_Auftakt_Bild1_Web.jpg\",\"contentUrl\":\"https:\\\/\\\/www.organisator.ch\\\/wp-content\\\/uploads\\\/2024\\\/08\\\/Management_Auftakt_Bild1_Web.jpg\",\"width\":680,\"height\":411,\"caption\":\"Bild: Linda Pollari\"},{\"@type\":\"BreadcrumbList\",\"@id\":\"https:\\\/\\\/www.organisator.ch\\\/management\\\/2024-08-28\\\/rolf-schlagenhauf-staerken-staerken-und-schwaechen-schwaechen\\\/#breadcrumb\",\"itemListElement\":[{\"@type\":\"ListItem\",\"position\":1,\"name\":\"Home\",\"item\":\"https:\\\/\\\/www.organisator.ch\\\/\"},{\"@type\":\"ListItem\",\"position\":2,\"name\":\"Rolf Schlagenhauf: \u00abSt\u00e4rken st\u00e4rken und Schw\u00e4chen schw\u00e4chen\u00bb\"}]},{\"@type\":\"WebSite\",\"@id\":\"https:\\\/\\\/www.organisator.ch\\\/#website\",\"url\":\"https:\\\/\\\/www.organisator.ch\\\/\",\"name\":\"Organisator\",\"description\":\"Kompetent. Praxisnah. Der ORGANISATOR bereitet in 10 Ausgaben pro Jahr die wesentlichen Themen f\u00fcr F\u00fchrungskr\u00e4fte von KMU auf.\",\"publisher\":{\"@id\":\"https:\\\/\\\/www.organisator.ch\\\/#organization\"},\"potentialAction\":[{\"@type\":\"SearchAction\",\"target\":{\"@type\":\"EntryPoint\",\"urlTemplate\":\"https:\\\/\\\/www.organisator.ch\\\/?s={search_term_string}\"},\"query-input\":{\"@type\":\"PropertyValueSpecification\",\"valueRequired\":true,\"valueName\":\"search_term_string\"}}],\"inLanguage\":\"fr-FR\"},{\"@type\":\"Organization\",\"@id\":\"https:\\\/\\\/www.organisator.ch\\\/#organization\",\"name\":\"Organisator\",\"url\":\"https:\\\/\\\/www.organisator.ch\\\/\",\"logo\":{\"@type\":\"ImageObject\",\"inLanguage\":\"fr-FR\",\"@id\":\"https:\\\/\\\/www.organisator.ch\\\/#\\\/schema\\\/logo\\\/image\\\/\",\"url\":\"https:\\\/\\\/www.organisator.ch\\\/wp-content\\\/uploads\\\/2022\\\/01\\\/Logo_Organisator_Website.png\",\"contentUrl\":\"https:\\\/\\\/www.organisator.ch\\\/wp-content\\\/uploads\\\/2022\\\/01\\\/Logo_Organisator_Website.png\",\"width\":800,\"height\":77,\"caption\":\"Organisator\"},\"image\":{\"@id\":\"https:\\\/\\\/www.organisator.ch\\\/#\\\/schema\\\/logo\\\/image\\\/\"},\"sameAs\":[\"https:\\\/\\\/www.facebook.com\\\/OrganisatorFachmagazin\",\"https:\\\/\\\/www.linkedin.com\\\/showcase\\\/organisator-das-magazin-fr-kmu\",\"https:\\\/\\\/www.xing.com\\\/news\\\/pages\\\/organisator-ch-695\",\"https:\\\/\\\/www.youtube.com\\\/channel\\\/UCGP2Sq0iWaZwT3BdIAQFYpw\"]},{\"@type\":\"Person\",\"@id\":\"https:\\\/\\\/www.organisator.ch\\\/#\\\/schema\\\/person\\\/aa2bace6c5c5aad60102004a50c4eb1c\",\"name\":\"admin\",\"image\":{\"@type\":\"ImageObject\",\"inLanguage\":\"fr-FR\",\"@id\":\"https:\\\/\\\/secure.gravatar.com\\\/avatar\\\/ae2f4d718e6c49043e314ce431e7e645d646302a24a5ef5a8bc8e3f5a032e319?s=96&d=mm&r=g\",\"url\":\"https:\\\/\\\/secure.gravatar.com\\\/avatar\\\/ae2f4d718e6c49043e314ce431e7e645d646302a24a5ef5a8bc8e3f5a032e319?s=96&d=mm&r=g\",\"contentUrl\":\"https:\\\/\\\/secure.gravatar.com\\\/avatar\\\/ae2f4d718e6c49043e314ce431e7e645d646302a24a5ef5a8bc8e3f5a032e319?s=96&d=mm&r=g\",\"caption\":\"admin\"},\"sameAs\":[\"https:\\\/\\\/www.organisator.ch\"],\"url\":\"https:\\\/\\\/www.organisator.ch\\\/fr\\\/author\\\/admin\\\/\"}]}<\/script>\n<!-- \/ Yoast SEO plugin. -->","yoast_head_json":{"title":"Rolf Schlagenhauf : \"Renforcer les forces et affaiblir les faiblesses\" - Organisateur","description":"Le groupe de peintres et de pl\u00e2triers Schlagenhauf a eu le plaisir de recevoir d\u00e9but 2024 le Swiss Arbeitgeber Award dans la cat\u00e9gorie des moyennes entreprises.","robots":{"index":"index","follow":"follow","max-snippet":"max-snippet:-1","max-image-preview":"max-image-preview:large","max-video-preview":"max-video-preview:-1"},"canonical":"https:\/\/www.organisator.ch\/fr\/gestion-2\/2024-08-28\/rolf-schlagenhauf-staerken-staerken-und-schwaechen-schwaechen\/","og_locale":"fr_FR","og_type":"article","og_title":"Rolf Schlagenhauf: \u00abSt\u00e4rken st\u00e4rken und Schw\u00e4chen schw\u00e4chen\u00bb - Organisator","og_description":"Die Maler- und Gipsergruppe Schlagenhauf durfte Anfang 2024 den Swiss Arbeitgeber Award in der Kategorie mittelgrosse Unternehmen entgegennehmen.","og_url":"https:\/\/www.organisator.ch\/fr\/gestion-2\/2024-08-28\/rolf-schlagenhauf-staerken-staerken-und-schwaechen-schwaechen\/","og_site_name":"Organisator","article_publisher":"https:\/\/www.facebook.com\/OrganisatorFachmagazin","article_published_time":"2024-08-28T00:19:33+00:00","article_modified_time":"2024-09-12T05:08:46+00:00","og_image":[{"width":680,"height":411,"url":"https:\/\/www.organisator.ch\/wp-content\/uploads\/2024\/08\/Management_Auftakt_Bild1_Web.jpg","type":"image\/jpeg"}],"author":"admin","twitter_card":"summary_large_image","schema":{"@context":"https:\/\/schema.org","@graph":[{"@type":"Article","@id":"https:\/\/www.organisator.ch\/management\/2024-08-28\/rolf-schlagenhauf-staerken-staerken-und-schwaechen-schwaechen\/#article","isPartOf":{"@id":"https:\/\/www.organisator.ch\/management\/2024-08-28\/rolf-schlagenhauf-staerken-staerken-und-schwaechen-schwaechen\/"},"author":{"name":"admin","@id":"https:\/\/www.organisator.ch\/#\/schema\/person\/aa2bace6c5c5aad60102004a50c4eb1c"},"headline":"Rolf Schlagenhauf: \u00abSt\u00e4rken st\u00e4rken und Schw\u00e4chen schw\u00e4chen\u00bb","datePublished":"2024-08-28T00:19:33+00:00","dateModified":"2024-09-12T05:08:46+00:00","mainEntityOfPage":{"@id":"https:\/\/www.organisator.ch\/management\/2024-08-28\/rolf-schlagenhauf-staerken-staerken-und-schwaechen-schwaechen\/"},"wordCount":2165,"publisher":{"@id":"https:\/\/www.organisator.ch\/#organization"},"image":{"@id":"https:\/\/www.organisator.ch\/management\/2024-08-28\/rolf-schlagenhauf-staerken-staerken-und-schwaechen-schwaechen\/#primaryimage"},"thumbnailUrl":"https:\/\/www.organisator.ch\/wp-content\/uploads\/2024\/08\/Management_Auftakt_Bild1_Web.jpg","keywords":["Award","Baubranche","Management","Unternehmen"],"articleSection":["ABO+","MANAGEMENT"],"inLanguage":"fr-FR"},{"@type":"WebPage","@id":"https:\/\/www.organisator.ch\/management\/2024-08-28\/rolf-schlagenhauf-staerken-staerken-und-schwaechen-schwaechen\/","url":"https:\/\/www.organisator.ch\/management\/2024-08-28\/rolf-schlagenhauf-staerken-staerken-und-schwaechen-schwaechen\/","name":"Rolf Schlagenhauf : \"Renforcer les forces et affaiblir les faiblesses\" - Organisateur","isPartOf":{"@id":"https:\/\/www.organisator.ch\/#website"},"primaryImageOfPage":{"@id":"https:\/\/www.organisator.ch\/management\/2024-08-28\/rolf-schlagenhauf-staerken-staerken-und-schwaechen-schwaechen\/#primaryimage"},"image":{"@id":"https:\/\/www.organisator.ch\/management\/2024-08-28\/rolf-schlagenhauf-staerken-staerken-und-schwaechen-schwaechen\/#primaryimage"},"thumbnailUrl":"https:\/\/www.organisator.ch\/wp-content\/uploads\/2024\/08\/Management_Auftakt_Bild1_Web.jpg","datePublished":"2024-08-28T00:19:33+00:00","dateModified":"2024-09-12T05:08:46+00:00","description":"Le groupe de peintres et de pl\u00e2triers Schlagenhauf a eu le plaisir de recevoir d\u00e9but 2024 le Swiss Arbeitgeber Award dans la cat\u00e9gorie des moyennes entreprises.","breadcrumb":{"@id":"https:\/\/www.organisator.ch\/management\/2024-08-28\/rolf-schlagenhauf-staerken-staerken-und-schwaechen-schwaechen\/#breadcrumb"},"inLanguage":"fr-FR","potentialAction":[{"@type":"ReadAction","target":["https:\/\/www.organisator.ch\/management\/2024-08-28\/rolf-schlagenhauf-staerken-staerken-und-schwaechen-schwaechen\/"]}]},{"@type":"ImageObject","inLanguage":"fr-FR","@id":"https:\/\/www.organisator.ch\/management\/2024-08-28\/rolf-schlagenhauf-staerken-staerken-und-schwaechen-schwaechen\/#primaryimage","url":"https:\/\/www.organisator.ch\/wp-content\/uploads\/2024\/08\/Management_Auftakt_Bild1_Web.jpg","contentUrl":"https:\/\/www.organisator.ch\/wp-content\/uploads\/2024\/08\/Management_Auftakt_Bild1_Web.jpg","width":680,"height":411,"caption":"Bild: Linda Pollari"},{"@type":"BreadcrumbList","@id":"https:\/\/www.organisator.ch\/management\/2024-08-28\/rolf-schlagenhauf-staerken-staerken-und-schwaechen-schwaechen\/#breadcrumb","itemListElement":[{"@type":"ListItem","position":1,"name":"Home","item":"https:\/\/www.organisator.ch\/"},{"@type":"ListItem","position":2,"name":"Rolf Schlagenhauf: \u00abSt\u00e4rken st\u00e4rken und Schw\u00e4chen schw\u00e4chen\u00bb"}]},{"@type":"WebSite","@id":"https:\/\/www.organisator.ch\/#website","url":"https:\/\/www.organisator.ch\/","name":"Organisateur","description":"Comp\u00e9tence et comp\u00e9tence. Proches de la pratique. L'ORGANISATEUR pr\u00e9pare 10 num\u00e9ros par an sur les th\u00e8mes essentiels pour les dirigeants de PME.","publisher":{"@id":"https:\/\/www.organisator.ch\/#organization"},"potentialAction":[{"@type":"SearchAction","target":{"@type":"EntryPoint","urlTemplate":"https:\/\/www.organisator.ch\/?s={search_term_string}"},"query-input":{"@type":"PropertyValueSpecification","valueRequired":true,"valueName":"search_term_string"}}],"inLanguage":"fr-FR"},{"@type":"Organization","@id":"https:\/\/www.organisator.ch\/#organization","name":"Organisateur","url":"https:\/\/www.organisator.ch\/","logo":{"@type":"ImageObject","inLanguage":"fr-FR","@id":"https:\/\/www.organisator.ch\/#\/schema\/logo\/image\/","url":"https:\/\/www.organisator.ch\/wp-content\/uploads\/2022\/01\/Logo_Organisator_Website.png","contentUrl":"https:\/\/www.organisator.ch\/wp-content\/uploads\/2022\/01\/Logo_Organisator_Website.png","width":800,"height":77,"caption":"Organisator"},"image":{"@id":"https:\/\/www.organisator.ch\/#\/schema\/logo\/image\/"},"sameAs":["https:\/\/www.facebook.com\/OrganisatorFachmagazin","https:\/\/www.linkedin.com\/showcase\/organisator-das-magazin-fr-kmu","https:\/\/www.xing.com\/news\/pages\/organisator-ch-695","https:\/\/www.youtube.com\/channel\/UCGP2Sq0iWaZwT3BdIAQFYpw"]},{"@type":"Person","@id":"https:\/\/www.organisator.ch\/#\/schema\/person\/aa2bace6c5c5aad60102004a50c4eb1c","name":"admin","image":{"@type":"ImageObject","inLanguage":"fr-FR","@id":"https:\/\/secure.gravatar.com\/avatar\/ae2f4d718e6c49043e314ce431e7e645d646302a24a5ef5a8bc8e3f5a032e319?s=96&d=mm&r=g","url":"https:\/\/secure.gravatar.com\/avatar\/ae2f4d718e6c49043e314ce431e7e645d646302a24a5ef5a8bc8e3f5a032e319?s=96&d=mm&r=g","contentUrl":"https:\/\/secure.gravatar.com\/avatar\/ae2f4d718e6c49043e314ce431e7e645d646302a24a5ef5a8bc8e3f5a032e319?s=96&d=mm&r=g","caption":"admin"},"sameAs":["https:\/\/www.organisator.ch"],"url":"https:\/\/www.organisator.ch\/fr\/author\/admin\/"}]}},"_links":{"self":[{"href":"https:\/\/www.organisator.ch\/fr\/wp-json\/wp\/v2\/posts\/28893","targetHints":{"allow":["GET"]}}],"collection":[{"href":"https:\/\/www.organisator.ch\/fr\/wp-json\/wp\/v2\/posts"}],"about":[{"href":"https:\/\/www.organisator.ch\/fr\/wp-json\/wp\/v2\/types\/post"}],"author":[{"embeddable":true,"href":"https:\/\/www.organisator.ch\/fr\/wp-json\/wp\/v2\/users\/1"}],"replies":[{"embeddable":true,"href":"https:\/\/www.organisator.ch\/fr\/wp-json\/wp\/v2\/comments?post=28893"}],"version-history":[{"count":7,"href":"https:\/\/www.organisator.ch\/fr\/wp-json\/wp\/v2\/posts\/28893\/revisions"}],"predecessor-version":[{"id":29419,"href":"https:\/\/www.organisator.ch\/fr\/wp-json\/wp\/v2\/posts\/28893\/revisions\/29419"}],"wp:featuredmedia":[{"embeddable":true,"href":"https:\/\/www.organisator.ch\/fr\/wp-json\/wp\/v2\/media\/29418"}],"wp:attachment":[{"href":"https:\/\/www.organisator.ch\/fr\/wp-json\/wp\/v2\/media?parent=28893"}],"wp:term":[{"taxonomy":"category","embeddable":true,"href":"https:\/\/www.organisator.ch\/fr\/wp-json\/wp\/v2\/categories?post=28893"},{"taxonomy":"post_tag","embeddable":true,"href":"https:\/\/www.organisator.ch\/fr\/wp-json\/wp\/v2\/tags?post=28893"}],"curies":[{"name":"wp","href":"https:\/\/api.w.org\/{rel}","templated":true}]}}