{"id":28945,"date":"2024-08-14T08:47:43","date_gmt":"2024-08-14T06:47:43","guid":{"rendered":"https:\/\/www.organisator.ch\/?p=28945"},"modified":"2024-08-14T08:48:27","modified_gmt":"2024-08-14T06:48:27","slug":"nicole-reisinger-neue-ceo-der-engelberg-titlis-tourismus-ag","status":"publish","type":"post","link":"https:\/\/www.organisator.ch\/fr\/management\/2024-08-14\/nicole-reisinger-neue-ceo-der-engelberg-titlis-tourismus-ag\/","title":{"rendered":"Nicole Reisinger, nouvelle CEO d'Engelberg-Titlis Tourismus AG"},"content":{"rendered":"<figure id=\"attachment_28947\" aria-describedby=\"caption-attachment-28947\" style=\"width: 679px\" class=\"wp-caption alignnone\"><img loading=\"lazy\" decoding=\"async\" class=\"wp-image-28947 size-full\" src=\"https:\/\/www.organisator.ch\/wp-content\/uploads\/2024\/08\/Engelberg-Titlis-Tourismus_Reisinger_Nicole_Bild1_ps-e1723618102503.jpg\" alt=\"\" width=\"679\" height=\"586\" srcset=\"https:\/\/www.organisator.ch\/wp-content\/uploads\/2024\/08\/Engelberg-Titlis-Tourismus_Reisinger_Nicole_Bild1_ps-e1723618102503.jpg 679w, https:\/\/www.organisator.ch\/wp-content\/uploads\/2024\/08\/Engelberg-Titlis-Tourismus_Reisinger_Nicole_Bild1_ps-e1723618102503-14x12.jpg 14w, https:\/\/www.organisator.ch\/wp-content\/uploads\/2024\/08\/Engelberg-Titlis-Tourismus_Reisinger_Nicole_Bild1_ps-e1723618102503-348x300.jpg 348w, https:\/\/www.organisator.ch\/wp-content\/uploads\/2024\/08\/Engelberg-Titlis-Tourismus_Reisinger_Nicole_Bild1_ps-e1723618102503-406x350.jpg 406w\" sizes=\"auto, (max-width: 679px) 100vw, 679px\" \/><figcaption id=\"caption-attachment-28947\" class=\"wp-caption-text\">Nicole Reisinger devient CEO d'Engelberg-Titlis Tourismus AG. (Image : www.engelberg.ch)<\/figcaption><\/figure>\n<p>Nicole Reisinger (44 ans) a de nombreuses qualifications. Au cours des derni\u00e8res ann\u00e9es, elle a acquis de vastes comp\u00e9tences de gestion dans diff\u00e9rentes fonctions du marketing, de la communication (d'entreprise) et de la vente, et ce dans les secteurs de l'\u00e9nergie, du tourisme et des m\u00e9dias. Reisinger est actuellement membre de la direction et responsable des march\u00e9s d'ewl energie wasser luzern. Auparavant, elle a travaill\u00e9 pour zb Zentralbahn AG, Lenzerheide Marketing und Support AG, Bergbahnen Savognin et TeleTell. A titre accessoire, elle est encore pr\u00e9sidente du comit\u00e9 d'organisation de la f\u00eate de la ville de Lucerne jusqu'\u00e0 fin ao\u00fbt et membre du conseil de fondation du Petit Th\u00e9\u00e2tre de Lucerne.<\/p>\n<p>Nicole Reisinger est titulaire d'un master en Corporate Communication Management et en Business Management. Elle apporte une longue exp\u00e9rience en mati\u00e8re de leadership et de relations avec les parties prenantes internes et externes.<\/p>\n<p>\"Je suis tr\u00e8s heureuse de prendre la direction d'Engelberg-Titlis Tourismus AG et de continuer \u00e0 d\u00e9velopper cette destination touristique de premier plan en Suisse avec une \u00e9quipe engag\u00e9e et motiv\u00e9e\", d\u00e9clare Nicole Reisinger.<\/p>\n<p>Le conseil d'administration est convaincu et se r\u00e9jouit d'avoir trouv\u00e9 en Nicole Reisinger la personne id\u00e9ale pour diriger ETT AG. Le pr\u00e9sident du conseil d'administration Norbert Patt : \"Nicole Reisinger nous a convaincus en raison de ses comp\u00e9tences strat\u00e9giques ainsi que de sa personnalit\u00e9 ouverte et engageante, afin de mener avec succ\u00e8s la destination Engelberg-Titlis vers l'avenir, en collaboration avec les prestataires\".<\/p>\n<p><em>Source : <a href=\"http:\/\/www.engelberg.ch\">www.engelberg.ch<\/a><\/em><\/p>","protected":false},"excerpt":{"rendered":"<p>Nicole Reisinger devient CEO d'Engelberg-Titlis Tourismus AG. Cette experte en marketing et en tourisme prendra ses fonctions le 1er mars 2025 et succ\u00e8dera \u00e0 Andres Lietha.<\/p>","protected":false},"author":58,"featured_media":28947,"comment_status":"closed","ping_status":"closed","sticky":false,"template":"","format":"standard","meta":{"_acf_changed":false,"_yoast_wpseo_focuskw":"Engelberg-Titlis","_yoast_wpseo_metadesc":"Nicole Reisinger wird CEO der Engelberg-Titlis Tourismus AG. Die Marketing- und Tourismus-Expertin \u00fcbernimmt am 1. M\u00e4rz 2025.","articlekey":"","footnotes":""},"categories":[28],"tags":[904,335,2317,492],"class_list":["post-28945","post","type-post","status-publish","format-standard","has-post-thumbnail","hentry","category-management","tag-ceo","tag-management-und-unternehmensfuehrung","tag-tourismus","tag-unternehmen"],"acf":[],"yoast_head":"<!-- This site is optimized with the Yoast SEO plugin v27.5 - https:\/\/yoast.com\/product\/yoast-seo-wordpress\/ -->\n<title>Nicole Reisinger neue CEO der Engelberg-Titlis Tourismus AG - Organisator<\/title>\n<meta name=\"description\" content=\"Nicole Reisinger wird CEO der Engelberg-Titlis Tourismus AG. Die Marketing- und Tourismus-Expertin \u00fcbernimmt am 1. M\u00e4rz 2025.\" \/>\n<meta name=\"robots\" content=\"index, follow, max-snippet:-1, max-image-preview:large, max-video-preview:-1\" \/>\n<link rel=\"canonical\" href=\"https:\/\/www.organisator.ch\/fr\/gestion-2\/2024-08-14\/nicole-reisinger-neue-ceo-der-engelberg-titlis-tourismus-ag\/\" \/>\n<meta property=\"og:locale\" content=\"fr_FR\" \/>\n<meta property=\"og:type\" content=\"article\" \/>\n<meta property=\"og:title\" content=\"Nicole Reisinger neue CEO der Engelberg-Titlis Tourismus AG\" \/>\n<meta property=\"og:description\" content=\"Nicole Reisinger wird CEO der Engelberg-Titlis Tourismus AG. Die Marketing- und Tourismus-Expertin \u00fcbernimmt am 1. M\u00e4rz 2025.\" \/>\n<meta property=\"og:url\" content=\"https:\/\/www.organisator.ch\/fr\/gestion-2\/2024-08-14\/nicole-reisinger-neue-ceo-der-engelberg-titlis-tourismus-ag\/\" \/>\n<meta property=\"og:site_name\" content=\"Organisator\" \/>\n<meta property=\"article:publisher\" content=\"https:\/\/www.facebook.com\/OrganisatorFachmagazin\" \/>\n<meta property=\"article:published_time\" content=\"2024-08-14T06:47:43+00:00\" \/>\n<meta property=\"article:modified_time\" content=\"2024-08-14T06:48:27+00:00\" \/>\n<meta property=\"og:image\" content=\"https:\/\/www.organisator.ch\/wp-content\/uploads\/2024\/08\/Engelberg-Titlis-Tourismus_Reisinger_Nicole_Bild1_ps-e1723618102503.jpg\" \/>\n\t<meta property=\"og:image:width\" content=\"679\" \/>\n\t<meta property=\"og:image:height\" content=\"586\" \/>\n\t<meta property=\"og:image:type\" content=\"image\/jpeg\" \/>\n<meta name=\"author\" content=\"Adelisa Kalajdzini\" \/>\n<meta name=\"twitter:card\" content=\"summary_large_image\" \/>\n<meta name=\"twitter:title\" content=\"Nicole Reisinger neue CEO der Engelberg-Titlis Tourismus AG\" \/>\n<meta name=\"twitter:description\" content=\"#Nicole #Reisinger wird #CEO der #Engelberg-Titlis #Tourismus AG. Die Marketing- und Tourismus-Expertin \u00fcbernimmt am 1. M\u00e4rz 2025.\" \/>\n<meta name=\"twitter:image\" content=\"https:\/\/www.organisator.ch\/wp-content\/uploads\/2024\/08\/Engelberg-Titlis-Tourismus_Reisinger_Nicole_Bild1_ps-e1723618102503.jpg\" \/>\n<script type=\"application\/ld+json\" class=\"yoast-schema-graph\">{\"@context\":\"https:\\\/\\\/schema.org\",\"@graph\":[{\"@type\":\"Article\",\"@id\":\"https:\\\/\\\/www.organisator.ch\\\/management\\\/2024-08-14\\\/nicole-reisinger-neue-ceo-der-engelberg-titlis-tourismus-ag\\\/#article\",\"isPartOf\":{\"@id\":\"https:\\\/\\\/www.organisator.ch\\\/management\\\/2024-08-14\\\/nicole-reisinger-neue-ceo-der-engelberg-titlis-tourismus-ag\\\/\"},\"author\":{\"name\":\"Adelisa Kalajdzini\",\"@id\":\"https:\\\/\\\/www.organisator.ch\\\/#\\\/schema\\\/person\\\/2e1314a2172123f874db408d8911d3f3\"},\"headline\":\"Nicole Reisinger neue CEO der Engelberg-Titlis Tourismus AG\",\"datePublished\":\"2024-08-14T06:47:43+00:00\",\"dateModified\":\"2024-08-14T06:48:27+00:00\",\"mainEntityOfPage\":{\"@id\":\"https:\\\/\\\/www.organisator.ch\\\/management\\\/2024-08-14\\\/nicole-reisinger-neue-ceo-der-engelberg-titlis-tourismus-ag\\\/\"},\"wordCount\":236,\"publisher\":{\"@id\":\"https:\\\/\\\/www.organisator.ch\\\/#organization\"},\"image\":{\"@id\":\"https:\\\/\\\/www.organisator.ch\\\/management\\\/2024-08-14\\\/nicole-reisinger-neue-ceo-der-engelberg-titlis-tourismus-ag\\\/#primaryimage\"},\"thumbnailUrl\":\"https:\\\/\\\/www.organisator.ch\\\/wp-content\\\/uploads\\\/2024\\\/08\\\/Engelberg-Titlis-Tourismus_Reisinger_Nicole_Bild1_ps-e1723618102503.jpg\",\"keywords\":[\"CEO\",\"Management und Unternehmensf\u00fchrung\",\"Tourismus\",\"Unternehmen\"],\"articleSection\":[\"MANAGEMENT\"],\"inLanguage\":\"fr-FR\"},{\"@type\":\"WebPage\",\"@id\":\"https:\\\/\\\/www.organisator.ch\\\/management\\\/2024-08-14\\\/nicole-reisinger-neue-ceo-der-engelberg-titlis-tourismus-ag\\\/\",\"url\":\"https:\\\/\\\/www.organisator.ch\\\/management\\\/2024-08-14\\\/nicole-reisinger-neue-ceo-der-engelberg-titlis-tourismus-ag\\\/\",\"name\":\"Nicole Reisinger neue CEO der Engelberg-Titlis Tourismus AG - Organisator\",\"isPartOf\":{\"@id\":\"https:\\\/\\\/www.organisator.ch\\\/#website\"},\"primaryImageOfPage\":{\"@id\":\"https:\\\/\\\/www.organisator.ch\\\/management\\\/2024-08-14\\\/nicole-reisinger-neue-ceo-der-engelberg-titlis-tourismus-ag\\\/#primaryimage\"},\"image\":{\"@id\":\"https:\\\/\\\/www.organisator.ch\\\/management\\\/2024-08-14\\\/nicole-reisinger-neue-ceo-der-engelberg-titlis-tourismus-ag\\\/#primaryimage\"},\"thumbnailUrl\":\"https:\\\/\\\/www.organisator.ch\\\/wp-content\\\/uploads\\\/2024\\\/08\\\/Engelberg-Titlis-Tourismus_Reisinger_Nicole_Bild1_ps-e1723618102503.jpg\",\"datePublished\":\"2024-08-14T06:47:43+00:00\",\"dateModified\":\"2024-08-14T06:48:27+00:00\",\"description\":\"Nicole Reisinger wird CEO der Engelberg-Titlis Tourismus AG. Die Marketing- und Tourismus-Expertin \u00fcbernimmt am 1. M\u00e4rz 2025.\",\"breadcrumb\":{\"@id\":\"https:\\\/\\\/www.organisator.ch\\\/management\\\/2024-08-14\\\/nicole-reisinger-neue-ceo-der-engelberg-titlis-tourismus-ag\\\/#breadcrumb\"},\"inLanguage\":\"fr-FR\",\"potentialAction\":[{\"@type\":\"ReadAction\",\"target\":[\"https:\\\/\\\/www.organisator.ch\\\/management\\\/2024-08-14\\\/nicole-reisinger-neue-ceo-der-engelberg-titlis-tourismus-ag\\\/\"]}]},{\"@type\":\"ImageObject\",\"inLanguage\":\"fr-FR\",\"@id\":\"https:\\\/\\\/www.organisator.ch\\\/management\\\/2024-08-14\\\/nicole-reisinger-neue-ceo-der-engelberg-titlis-tourismus-ag\\\/#primaryimage\",\"url\":\"https:\\\/\\\/www.organisator.ch\\\/wp-content\\\/uploads\\\/2024\\\/08\\\/Engelberg-Titlis-Tourismus_Reisinger_Nicole_Bild1_ps-e1723618102503.jpg\",\"contentUrl\":\"https:\\\/\\\/www.organisator.ch\\\/wp-content\\\/uploads\\\/2024\\\/08\\\/Engelberg-Titlis-Tourismus_Reisinger_Nicole_Bild1_ps-e1723618102503.jpg\",\"width\":679,\"height\":586,\"caption\":\"Nicole Reisinger wird CEO der Engelberg-Titlis Tourismus AG. (Bild: www.engelberg.ch)\"},{\"@type\":\"BreadcrumbList\",\"@id\":\"https:\\\/\\\/www.organisator.ch\\\/management\\\/2024-08-14\\\/nicole-reisinger-neue-ceo-der-engelberg-titlis-tourismus-ag\\\/#breadcrumb\",\"itemListElement\":[{\"@type\":\"ListItem\",\"position\":1,\"name\":\"Home\",\"item\":\"https:\\\/\\\/www.organisator.ch\\\/\"},{\"@type\":\"ListItem\",\"position\":2,\"name\":\"Nicole Reisinger neue CEO der Engelberg-Titlis Tourismus AG\"}]},{\"@type\":\"WebSite\",\"@id\":\"https:\\\/\\\/www.organisator.ch\\\/#website\",\"url\":\"https:\\\/\\\/www.organisator.ch\\\/\",\"name\":\"Organisator\",\"description\":\"Kompetent. Praxisnah. Der ORGANISATOR bereitet in 10 Ausgaben pro Jahr die wesentlichen Themen f\u00fcr F\u00fchrungskr\u00e4fte von KMU auf.\",\"publisher\":{\"@id\":\"https:\\\/\\\/www.organisator.ch\\\/#organization\"},\"potentialAction\":[{\"@type\":\"SearchAction\",\"target\":{\"@type\":\"EntryPoint\",\"urlTemplate\":\"https:\\\/\\\/www.organisator.ch\\\/?s={search_term_string}\"},\"query-input\":{\"@type\":\"PropertyValueSpecification\",\"valueRequired\":true,\"valueName\":\"search_term_string\"}}],\"inLanguage\":\"fr-FR\"},{\"@type\":\"Organization\",\"@id\":\"https:\\\/\\\/www.organisator.ch\\\/#organization\",\"name\":\"Organisator\",\"url\":\"https:\\\/\\\/www.organisator.ch\\\/\",\"logo\":{\"@type\":\"ImageObject\",\"inLanguage\":\"fr-FR\",\"@id\":\"https:\\\/\\\/www.organisator.ch\\\/#\\\/schema\\\/logo\\\/image\\\/\",\"url\":\"https:\\\/\\\/www.organisator.ch\\\/wp-content\\\/uploads\\\/2022\\\/01\\\/Logo_Organisator_Website.png\",\"contentUrl\":\"https:\\\/\\\/www.organisator.ch\\\/wp-content\\\/uploads\\\/2022\\\/01\\\/Logo_Organisator_Website.png\",\"width\":800,\"height\":77,\"caption\":\"Organisator\"},\"image\":{\"@id\":\"https:\\\/\\\/www.organisator.ch\\\/#\\\/schema\\\/logo\\\/image\\\/\"},\"sameAs\":[\"https:\\\/\\\/www.facebook.com\\\/OrganisatorFachmagazin\",\"https:\\\/\\\/www.linkedin.com\\\/showcase\\\/organisator-das-magazin-fr-kmu\",\"https:\\\/\\\/www.xing.com\\\/news\\\/pages\\\/organisator-ch-695\",\"https:\\\/\\\/www.youtube.com\\\/channel\\\/UCGP2Sq0iWaZwT3BdIAQFYpw\"]},{\"@type\":\"Person\",\"@id\":\"https:\\\/\\\/www.organisator.ch\\\/#\\\/schema\\\/person\\\/2e1314a2172123f874db408d8911d3f3\",\"name\":\"Adelisa Kalajdzini\",\"image\":{\"@type\":\"ImageObject\",\"inLanguage\":\"fr-FR\",\"@id\":\"https:\\\/\\\/secure.gravatar.com\\\/avatar\\\/09a397c22ac58cad6f160ee8306348599df9df58a8ede73696226897b9fa4b24?s=96&d=mm&r=g\",\"url\":\"https:\\\/\\\/secure.gravatar.com\\\/avatar\\\/09a397c22ac58cad6f160ee8306348599df9df58a8ede73696226897b9fa4b24?s=96&d=mm&r=g\",\"contentUrl\":\"https:\\\/\\\/secure.gravatar.com\\\/avatar\\\/09a397c22ac58cad6f160ee8306348599df9df58a8ede73696226897b9fa4b24?s=96&d=mm&r=g\",\"caption\":\"Adelisa Kalajdzini\"},\"url\":\"https:\\\/\\\/www.organisator.ch\\\/fr\\\/author\\\/adelisa-kalajdzini\\\/\"}]}<\/script>\n<!-- \/ Yoast SEO plugin. -->","yoast_head_json":{"title":"Nicole Reisinger, nouvelle CEO d'Engelberg-Titlis Tourismus AG - Organisateur","description":"Nicole Reisinger devient CEO d'Engelberg-Titlis Tourismus AG. Cette experte en marketing et en tourisme prendra ses fonctions le 1er mars 2025.","robots":{"index":"index","follow":"follow","max-snippet":"max-snippet:-1","max-image-preview":"max-image-preview:large","max-video-preview":"max-video-preview:-1"},"canonical":"https:\/\/www.organisator.ch\/fr\/gestion-2\/2024-08-14\/nicole-reisinger-neue-ceo-der-engelberg-titlis-tourismus-ag\/","og_locale":"fr_FR","og_type":"article","og_title":"Nicole Reisinger neue CEO der Engelberg-Titlis Tourismus AG","og_description":"Nicole Reisinger wird CEO der Engelberg-Titlis Tourismus AG. Die Marketing- und Tourismus-Expertin \u00fcbernimmt am 1. M\u00e4rz 2025.","og_url":"https:\/\/www.organisator.ch\/fr\/gestion-2\/2024-08-14\/nicole-reisinger-neue-ceo-der-engelberg-titlis-tourismus-ag\/","og_site_name":"Organisator","article_publisher":"https:\/\/www.facebook.com\/OrganisatorFachmagazin","article_published_time":"2024-08-14T06:47:43+00:00","article_modified_time":"2024-08-14T06:48:27+00:00","og_image":[{"width":679,"height":586,"url":"https:\/\/www.organisator.ch\/wp-content\/uploads\/2024\/08\/Engelberg-Titlis-Tourismus_Reisinger_Nicole_Bild1_ps-e1723618102503.jpg","type":"image\/jpeg"}],"author":"Adelisa Kalajdzini","twitter_card":"summary_large_image","twitter_title":"Nicole Reisinger neue CEO der Engelberg-Titlis Tourismus AG","twitter_description":"#Nicole #Reisinger wird #CEO der #Engelberg-Titlis #Tourismus AG. Die Marketing- und Tourismus-Expertin \u00fcbernimmt am 1. M\u00e4rz 2025.","twitter_image":"https:\/\/www.organisator.ch\/wp-content\/uploads\/2024\/08\/Engelberg-Titlis-Tourismus_Reisinger_Nicole_Bild1_ps-e1723618102503.jpg","schema":{"@context":"https:\/\/schema.org","@graph":[{"@type":"Article","@id":"https:\/\/www.organisator.ch\/management\/2024-08-14\/nicole-reisinger-neue-ceo-der-engelberg-titlis-tourismus-ag\/#article","isPartOf":{"@id":"https:\/\/www.organisator.ch\/management\/2024-08-14\/nicole-reisinger-neue-ceo-der-engelberg-titlis-tourismus-ag\/"},"author":{"name":"Adelisa Kalajdzini","@id":"https:\/\/www.organisator.ch\/#\/schema\/person\/2e1314a2172123f874db408d8911d3f3"},"headline":"Nicole Reisinger neue CEO der Engelberg-Titlis Tourismus AG","datePublished":"2024-08-14T06:47:43+00:00","dateModified":"2024-08-14T06:48:27+00:00","mainEntityOfPage":{"@id":"https:\/\/www.organisator.ch\/management\/2024-08-14\/nicole-reisinger-neue-ceo-der-engelberg-titlis-tourismus-ag\/"},"wordCount":236,"publisher":{"@id":"https:\/\/www.organisator.ch\/#organization"},"image":{"@id":"https:\/\/www.organisator.ch\/management\/2024-08-14\/nicole-reisinger-neue-ceo-der-engelberg-titlis-tourismus-ag\/#primaryimage"},"thumbnailUrl":"https:\/\/www.organisator.ch\/wp-content\/uploads\/2024\/08\/Engelberg-Titlis-Tourismus_Reisinger_Nicole_Bild1_ps-e1723618102503.jpg","keywords":["CEO","Management und Unternehmensf\u00fchrung","Tourismus","Unternehmen"],"articleSection":["MANAGEMENT"],"inLanguage":"fr-FR"},{"@type":"WebPage","@id":"https:\/\/www.organisator.ch\/management\/2024-08-14\/nicole-reisinger-neue-ceo-der-engelberg-titlis-tourismus-ag\/","url":"https:\/\/www.organisator.ch\/management\/2024-08-14\/nicole-reisinger-neue-ceo-der-engelberg-titlis-tourismus-ag\/","name":"Nicole Reisinger, nouvelle CEO d'Engelberg-Titlis Tourismus AG - Organisateur","isPartOf":{"@id":"https:\/\/www.organisator.ch\/#website"},"primaryImageOfPage":{"@id":"https:\/\/www.organisator.ch\/management\/2024-08-14\/nicole-reisinger-neue-ceo-der-engelberg-titlis-tourismus-ag\/#primaryimage"},"image":{"@id":"https:\/\/www.organisator.ch\/management\/2024-08-14\/nicole-reisinger-neue-ceo-der-engelberg-titlis-tourismus-ag\/#primaryimage"},"thumbnailUrl":"https:\/\/www.organisator.ch\/wp-content\/uploads\/2024\/08\/Engelberg-Titlis-Tourismus_Reisinger_Nicole_Bild1_ps-e1723618102503.jpg","datePublished":"2024-08-14T06:47:43+00:00","dateModified":"2024-08-14T06:48:27+00:00","description":"Nicole Reisinger devient CEO d'Engelberg-Titlis Tourismus AG. Cette experte en marketing et en tourisme prendra ses fonctions le 1er mars 2025.","breadcrumb":{"@id":"https:\/\/www.organisator.ch\/management\/2024-08-14\/nicole-reisinger-neue-ceo-der-engelberg-titlis-tourismus-ag\/#breadcrumb"},"inLanguage":"fr-FR","potentialAction":[{"@type":"ReadAction","target":["https:\/\/www.organisator.ch\/management\/2024-08-14\/nicole-reisinger-neue-ceo-der-engelberg-titlis-tourismus-ag\/"]}]},{"@type":"ImageObject","inLanguage":"fr-FR","@id":"https:\/\/www.organisator.ch\/management\/2024-08-14\/nicole-reisinger-neue-ceo-der-engelberg-titlis-tourismus-ag\/#primaryimage","url":"https:\/\/www.organisator.ch\/wp-content\/uploads\/2024\/08\/Engelberg-Titlis-Tourismus_Reisinger_Nicole_Bild1_ps-e1723618102503.jpg","contentUrl":"https:\/\/www.organisator.ch\/wp-content\/uploads\/2024\/08\/Engelberg-Titlis-Tourismus_Reisinger_Nicole_Bild1_ps-e1723618102503.jpg","width":679,"height":586,"caption":"Nicole Reisinger wird CEO der Engelberg-Titlis Tourismus AG. (Bild: www.engelberg.ch)"},{"@type":"BreadcrumbList","@id":"https:\/\/www.organisator.ch\/management\/2024-08-14\/nicole-reisinger-neue-ceo-der-engelberg-titlis-tourismus-ag\/#breadcrumb","itemListElement":[{"@type":"ListItem","position":1,"name":"Home","item":"https:\/\/www.organisator.ch\/"},{"@type":"ListItem","position":2,"name":"Nicole Reisinger neue CEO der Engelberg-Titlis Tourismus AG"}]},{"@type":"WebSite","@id":"https:\/\/www.organisator.ch\/#website","url":"https:\/\/www.organisator.ch\/","name":"Organisateur","description":"Comp\u00e9tence et comp\u00e9tence. Proches de la pratique. L'ORGANISATEUR pr\u00e9pare 10 num\u00e9ros par an sur les th\u00e8mes essentiels pour les dirigeants de PME.","publisher":{"@id":"https:\/\/www.organisator.ch\/#organization"},"potentialAction":[{"@type":"SearchAction","target":{"@type":"EntryPoint","urlTemplate":"https:\/\/www.organisator.ch\/?s={search_term_string}"},"query-input":{"@type":"PropertyValueSpecification","valueRequired":true,"valueName":"search_term_string"}}],"inLanguage":"fr-FR"},{"@type":"Organization","@id":"https:\/\/www.organisator.ch\/#organization","name":"Organisateur","url":"https:\/\/www.organisator.ch\/","logo":{"@type":"ImageObject","inLanguage":"fr-FR","@id":"https:\/\/www.organisator.ch\/#\/schema\/logo\/image\/","url":"https:\/\/www.organisator.ch\/wp-content\/uploads\/2022\/01\/Logo_Organisator_Website.png","contentUrl":"https:\/\/www.organisator.ch\/wp-content\/uploads\/2022\/01\/Logo_Organisator_Website.png","width":800,"height":77,"caption":"Organisator"},"image":{"@id":"https:\/\/www.organisator.ch\/#\/schema\/logo\/image\/"},"sameAs":["https:\/\/www.facebook.com\/OrganisatorFachmagazin","https:\/\/www.linkedin.com\/showcase\/organisator-das-magazin-fr-kmu","https:\/\/www.xing.com\/news\/pages\/organisator-ch-695","https:\/\/www.youtube.com\/channel\/UCGP2Sq0iWaZwT3BdIAQFYpw"]},{"@type":"Person","@id":"https:\/\/www.organisator.ch\/#\/schema\/person\/2e1314a2172123f874db408d8911d3f3","name":"Adelisa Kalajdzini","image":{"@type":"ImageObject","inLanguage":"fr-FR","@id":"https:\/\/secure.gravatar.com\/avatar\/09a397c22ac58cad6f160ee8306348599df9df58a8ede73696226897b9fa4b24?s=96&d=mm&r=g","url":"https:\/\/secure.gravatar.com\/avatar\/09a397c22ac58cad6f160ee8306348599df9df58a8ede73696226897b9fa4b24?s=96&d=mm&r=g","contentUrl":"https:\/\/secure.gravatar.com\/avatar\/09a397c22ac58cad6f160ee8306348599df9df58a8ede73696226897b9fa4b24?s=96&d=mm&r=g","caption":"Adelisa Kalajdzini"},"url":"https:\/\/www.organisator.ch\/fr\/author\/adelisa-kalajdzini\/"}]}},"_links":{"self":[{"href":"https:\/\/www.organisator.ch\/fr\/wp-json\/wp\/v2\/posts\/28945","targetHints":{"allow":["GET"]}}],"collection":[{"href":"https:\/\/www.organisator.ch\/fr\/wp-json\/wp\/v2\/posts"}],"about":[{"href":"https:\/\/www.organisator.ch\/fr\/wp-json\/wp\/v2\/types\/post"}],"author":[{"embeddable":true,"href":"https:\/\/www.organisator.ch\/fr\/wp-json\/wp\/v2\/users\/58"}],"replies":[{"embeddable":true,"href":"https:\/\/www.organisator.ch\/fr\/wp-json\/wp\/v2\/comments?post=28945"}],"version-history":[{"count":5,"href":"https:\/\/www.organisator.ch\/fr\/wp-json\/wp\/v2\/posts\/28945\/revisions"}],"predecessor-version":[{"id":28949,"href":"https:\/\/www.organisator.ch\/fr\/wp-json\/wp\/v2\/posts\/28945\/revisions\/28949"}],"wp:featuredmedia":[{"embeddable":true,"href":"https:\/\/www.organisator.ch\/fr\/wp-json\/wp\/v2\/media\/28947"}],"wp:attachment":[{"href":"https:\/\/www.organisator.ch\/fr\/wp-json\/wp\/v2\/media?parent=28945"}],"wp:term":[{"taxonomy":"category","embeddable":true,"href":"https:\/\/www.organisator.ch\/fr\/wp-json\/wp\/v2\/categories?post=28945"},{"taxonomy":"post_tag","embeddable":true,"href":"https:\/\/www.organisator.ch\/fr\/wp-json\/wp\/v2\/tags?post=28945"}],"curies":[{"name":"wp","href":"https:\/\/api.w.org\/{rel}","templated":true}]}}