{"id":28952,"date":"2024-08-14T10:15:57","date_gmt":"2024-08-14T08:15:57","guid":{"rendered":"https:\/\/www.markt-kom.com\/?p=217916"},"modified":"2024-11-08T13:04:18","modified_gmt":"2024-11-08T12:04:18","slug":"bauchgefuehl-spielt-bei-uns-eine-riesige-rolle-saskia-von-moos-im-interview","status":"publish","type":"post","link":"https:\/\/www.organisator.ch\/fr\/marketing\/2024-08-14\/bauchgefuehl-spielt-bei-uns-eine-riesige-rolle-saskia-von-moos-im-interview\/","title":{"rendered":"\"L'intuition joue un r\u00f4le \u00e9norme chez nous\" - Interview de Saskia von Moos"},"content":{"rendered":"<p><\/p>\r\n<h3><b>L'ascension : un regard sur la carri\u00e8re de Saskia von Moos<\/b><\/h3>\r\n<p><span style=\"font-weight: 400\">Le trajet dans l'ascenseur de la Prime Tower symbolise en quelque sorte l'ascension fulgurante de Saskia von Moos. Depuis 2018, elle est Head of Marketing and Product Innovation chez Intelligent Food et travaille dans l'entreprise depuis 2014. Sous sa direction, la marque El Tony Mate, connue pour sa caf\u00e9ine naturelle issue du mat\u00e9 argentin, s'est \u00e9tablie avec succ\u00e8s dans les domaines du sport, de la culture et de la musique. \"Notre objectif \u00e9tait de r\u00e9volutionner le march\u00e9 des boissons \u00e9nergisantes\", souligne von Moos. Sa force d'innovation et son centrage sur le client ont largement contribu\u00e9 \u00e0 ancrer El Tony Mate comme la marque la plus dynamique parmi les membres de Promarca.<\/span><\/p>\r\n<h3><b>L'importance du titre de \"CMO of the Year<\/b><\/h3>\r\n<p><span style=\"font-weight: 400\">L'\u00e9lection du \"CMO of the Year\" montre l'importance de la position du marketing dans l'\u00e9conomie suisse. Le domaine du marketing a gagn\u00e9 en importance au cours des derni\u00e8res ann\u00e9es, notamment gr\u00e2ce \u00e0 des th\u00e8mes tels que la num\u00e9risation, la durabilit\u00e9 et le sens du produit. Le d\u00e9tenteur du titre est un mod\u00e8le pour le secteur et motive les futurs professionnels. Cette ann\u00e9e, le jury envoie cinq candidats exceptionnels dans la course : Jos\u00e9phine Chamoulaud de Smile, Jan De Schepper de Swissquote, Christian Gut de St\u00f6ckli Swiss Sports, Nathalie No\u00ebl de V-Zug et Saskia von Moos d'Intelligent Food.<\/span><\/p>\r\n<h3><b>L'inspiration venue d'en haut : cr\u00e9ativit\u00e9 et innovation<\/b><\/h3>\r\n<p><span style=\"font-weight: 400\">Tout comme la mont\u00e9e en ascenseur dans la Prime Tower ouvre de nouvelles perspectives, Saskia von Moos apporte un vent de fra\u00eecheur dans les strat\u00e9gies marketing d'Intelligent Food. La durabilit\u00e9 y joue un r\u00f4le central. Saskia von Moos d\u00e9crit comment l'entreprise a mis en \u0153uvre des mesures \u00e9cologiques comme le passage \u00e0 une flotte \u00e9lectrique et des r\u00e9ductions de CO2 jusqu'en 2030. \"Pour nous, la durabilit\u00e9 a de nombreuses facettes\", dit-elle. La force d'innovation est tout aussi importante : El Tony Mate utilise de la caf\u00e9ine naturelle issue de la plante de mat\u00e9 argentine comme alternative aux variantes chimiques comme dans Red Bull. Les d\u00e9cisions strat\u00e9giques de Von Moos ont permis \u00e0 la marque de s'\u00e9tablir avec succ\u00e8s sur un march\u00e9 tr\u00e8s concurrentiel.<\/span><\/p>\r\n<h3><b>Qui sera le CMO de l'ann\u00e9e 2024 ?<\/b><\/h3>\r\n<p><span style=\"font-weight: 400\">Le parcours impressionnant de Saskia von Moos et ses succ\u00e8s en tant que CMO d'Intelligent Food sont un exemple inspirant de changement et d'innovation dans le marketing. En mettant clairement l'accent sur le centrage sur le client, la durabilit\u00e9 et l'innovation, elle a solidement \u00e9tabli la marque El Tony Mate sur le march\u00e9 des boissons \u00e9nerg\u00e9tiques. Le nom du laur\u00e9at du titre de \"CMO of the Year\" 2024 sera d\u00e9voil\u00e9 lors de la soir\u00e9e exclusive de remise des prix dans la Papiersaal - d'ici l\u00e0, le suspense reste entier quant \u00e0 l'identit\u00e9 de la personne qui s'imposera face \u00e0 la forte concurrence.<\/span><\/p>\r\n<p>&nbsp;<\/p>\r\n<p><\/p>\r\n<p>&nbsp;<\/p>\r\n<p><\/p>\r\n<p><\/p>","protected":false},"excerpt":{"rendered":"<p>Saskia von Moos, la dynamique CMO d'Intelligent Food, est en lice pour le prestigieux titre de \"CMO of the Year\" 2024. Dans une interview vid\u00e9o, elle partage ses visions et ses succ\u00e8s. C'est sur les toits de Zurich, au restaurant Clouds, que s'est d\u00e9roul\u00e9e la d\u00e9lib\u00e9ration du jury qui a permis de d\u00e9gager les cinq finalistes.<\/p>","protected":false},"author":8,"featured_media":28998,"comment_status":"closed","ping_status":"closed","sticky":false,"template":"","format":"standard","meta":{"_acf_changed":false,"_yoast_wpseo_focuskw":"Saskia von Moos","_yoast_wpseo_metadesc":"Saskia von Moos revolutioniert den Energy-Drink-Markt und st\u00e4rkt El Tony Mate. CMO of the Year-Kandidatin 2024.","articlekey":"","footnotes":""},"categories":[29],"tags":[66,3733],"class_list":["post-28952","post","type-post","status-publish","format-standard","has-post-thumbnail","hentry","category-marketing","tag-awards","tag-cmo-of-the-year"],"acf":[],"yoast_head":"<!-- This site is optimized with the Yoast SEO plugin v27.5 - https:\/\/yoast.com\/product\/yoast-seo-wordpress\/ -->\n<title>\u00abBauchgef\u00fchl spielt bei uns eine riesige Rolle\u00bb \u2013 Saskia von Moos im Interview - Organisator<\/title>\n<meta name=\"description\" content=\"Saskia von Moos revolutioniert den Energy-Drink-Markt und st\u00e4rkt El Tony Mate. CMO of the Year-Kandidatin 2024.\" \/>\n<meta name=\"robots\" content=\"index, follow, max-snippet:-1, max-image-preview:large, max-video-preview:-1\" \/>\n<link rel=\"canonical\" href=\"https:\/\/www.organisator.ch\/fr\/marketing\/2024-08-14\/bauchgefuehl-spielt-bei-uns-eine-riesige-rolle-saskia-von-moos-im-interview\/\" \/>\n<meta property=\"og:locale\" content=\"fr_FR\" \/>\n<meta property=\"og:type\" content=\"article\" \/>\n<meta property=\"og:title\" content=\"\u00abBauchgef\u00fchl spielt bei uns eine riesige Rolle\u00bb \u2013 Saskia von Moos im Interview - Organisator\" \/>\n<meta property=\"og:description\" content=\"Saskia von Moos revolutioniert den Energy-Drink-Markt und st\u00e4rkt El Tony Mate. CMO of the Year-Kandidatin 2024.\" \/>\n<meta property=\"og:url\" content=\"https:\/\/www.organisator.ch\/fr\/marketing\/2024-08-14\/bauchgefuehl-spielt-bei-uns-eine-riesige-rolle-saskia-von-moos-im-interview\/\" \/>\n<meta property=\"og:site_name\" content=\"Organisator\" \/>\n<meta property=\"article:publisher\" content=\"https:\/\/www.facebook.com\/OrganisatorFachmagazin\" \/>\n<meta property=\"article:published_time\" content=\"2024-08-14T08:15:57+00:00\" \/>\n<meta property=\"article:modified_time\" content=\"2024-11-08T12:04:18+00:00\" \/>\n<meta property=\"og:image\" content=\"https:\/\/www.organisator.ch\/wp-content\/uploads\/2024\/08\/Werbewoche-Bild_2_ps.jpg\" \/>\n\t<meta property=\"og:image:width\" content=\"200\" \/>\n\t<meta property=\"og:image:height\" content=\"135\" \/>\n\t<meta property=\"og:image:type\" content=\"image\/jpeg\" \/>\n<meta name=\"author\" content=\"galledia\" \/>\n<meta name=\"twitter:card\" content=\"summary_large_image\" \/>\n<meta name=\"twitter:creator\" content=\"@admin\" \/>\n<script type=\"application\/ld+json\" class=\"yoast-schema-graph\">{\"@context\":\"https:\\\/\\\/schema.org\",\"@graph\":[{\"@type\":\"Article\",\"@id\":\"https:\\\/\\\/www.organisator.ch\\\/marketing\\\/2024-08-14\\\/bauchgefuehl-spielt-bei-uns-eine-riesige-rolle-saskia-von-moos-im-interview\\\/#article\",\"isPartOf\":{\"@id\":\"https:\\\/\\\/www.organisator.ch\\\/marketing\\\/2024-08-14\\\/bauchgefuehl-spielt-bei-uns-eine-riesige-rolle-saskia-von-moos-im-interview\\\/\"},\"author\":{\"name\":\"galledia\",\"@id\":\"https:\\\/\\\/www.organisator.ch\\\/#\\\/schema\\\/person\\\/4e51799071cd2dd1232ac003643ef5f0\"},\"headline\":\"\u00abBauchgef\u00fchl spielt bei uns eine riesige Rolle\u00bb \u2013 Saskia von Moos im Interview\",\"datePublished\":\"2024-08-14T08:15:57+00:00\",\"dateModified\":\"2024-11-08T12:04:18+00:00\",\"mainEntityOfPage\":{\"@id\":\"https:\\\/\\\/www.organisator.ch\\\/marketing\\\/2024-08-14\\\/bauchgefuehl-spielt-bei-uns-eine-riesige-rolle-saskia-von-moos-im-interview\\\/\"},\"wordCount\":410,\"publisher\":{\"@id\":\"https:\\\/\\\/www.organisator.ch\\\/#organization\"},\"image\":{\"@id\":\"https:\\\/\\\/www.organisator.ch\\\/marketing\\\/2024-08-14\\\/bauchgefuehl-spielt-bei-uns-eine-riesige-rolle-saskia-von-moos-im-interview\\\/#primaryimage\"},\"thumbnailUrl\":\"https:\\\/\\\/www.organisator.ch\\\/wp-content\\\/uploads\\\/2024\\\/08\\\/Werbewoche-Bild_2_ps.jpg\",\"keywords\":[\"Awards\",\"CMO of the year\"],\"articleSection\":[\"MARKETING\"],\"inLanguage\":\"fr-FR\"},{\"@type\":\"WebPage\",\"@id\":\"https:\\\/\\\/www.organisator.ch\\\/marketing\\\/2024-08-14\\\/bauchgefuehl-spielt-bei-uns-eine-riesige-rolle-saskia-von-moos-im-interview\\\/\",\"url\":\"https:\\\/\\\/www.organisator.ch\\\/marketing\\\/2024-08-14\\\/bauchgefuehl-spielt-bei-uns-eine-riesige-rolle-saskia-von-moos-im-interview\\\/\",\"name\":\"\u00abBauchgef\u00fchl spielt bei uns eine riesige Rolle\u00bb \u2013 Saskia von Moos im Interview - Organisator\",\"isPartOf\":{\"@id\":\"https:\\\/\\\/www.organisator.ch\\\/#website\"},\"primaryImageOfPage\":{\"@id\":\"https:\\\/\\\/www.organisator.ch\\\/marketing\\\/2024-08-14\\\/bauchgefuehl-spielt-bei-uns-eine-riesige-rolle-saskia-von-moos-im-interview\\\/#primaryimage\"},\"image\":{\"@id\":\"https:\\\/\\\/www.organisator.ch\\\/marketing\\\/2024-08-14\\\/bauchgefuehl-spielt-bei-uns-eine-riesige-rolle-saskia-von-moos-im-interview\\\/#primaryimage\"},\"thumbnailUrl\":\"https:\\\/\\\/www.organisator.ch\\\/wp-content\\\/uploads\\\/2024\\\/08\\\/Werbewoche-Bild_2_ps.jpg\",\"datePublished\":\"2024-08-14T08:15:57+00:00\",\"dateModified\":\"2024-11-08T12:04:18+00:00\",\"description\":\"Saskia von Moos revolutioniert den Energy-Drink-Markt und st\u00e4rkt El Tony Mate. CMO of the Year-Kandidatin 2024.\",\"breadcrumb\":{\"@id\":\"https:\\\/\\\/www.organisator.ch\\\/marketing\\\/2024-08-14\\\/bauchgefuehl-spielt-bei-uns-eine-riesige-rolle-saskia-von-moos-im-interview\\\/#breadcrumb\"},\"inLanguage\":\"fr-FR\",\"potentialAction\":[{\"@type\":\"ReadAction\",\"target\":[\"https:\\\/\\\/www.organisator.ch\\\/marketing\\\/2024-08-14\\\/bauchgefuehl-spielt-bei-uns-eine-riesige-rolle-saskia-von-moos-im-interview\\\/\"]}]},{\"@type\":\"ImageObject\",\"inLanguage\":\"fr-FR\",\"@id\":\"https:\\\/\\\/www.organisator.ch\\\/marketing\\\/2024-08-14\\\/bauchgefuehl-spielt-bei-uns-eine-riesige-rolle-saskia-von-moos-im-interview\\\/#primaryimage\",\"url\":\"https:\\\/\\\/www.organisator.ch\\\/wp-content\\\/uploads\\\/2024\\\/08\\\/Werbewoche-Bild_2_ps.jpg\",\"contentUrl\":\"https:\\\/\\\/www.organisator.ch\\\/wp-content\\\/uploads\\\/2024\\\/08\\\/Werbewoche-Bild_2_ps.jpg\",\"width\":200,\"height\":135,\"caption\":\"Saskia von Moos\"},{\"@type\":\"BreadcrumbList\",\"@id\":\"https:\\\/\\\/www.organisator.ch\\\/marketing\\\/2024-08-14\\\/bauchgefuehl-spielt-bei-uns-eine-riesige-rolle-saskia-von-moos-im-interview\\\/#breadcrumb\",\"itemListElement\":[{\"@type\":\"ListItem\",\"position\":1,\"name\":\"Home\",\"item\":\"https:\\\/\\\/www.organisator.ch\\\/\"},{\"@type\":\"ListItem\",\"position\":2,\"name\":\"\u00abBauchgef\u00fchl spielt bei uns eine riesige Rolle\u00bb \u2013 Saskia von Moos im Interview\"}]},{\"@type\":\"WebSite\",\"@id\":\"https:\\\/\\\/www.organisator.ch\\\/#website\",\"url\":\"https:\\\/\\\/www.organisator.ch\\\/\",\"name\":\"Organisator\",\"description\":\"Kompetent. Praxisnah. Der ORGANISATOR bereitet in 10 Ausgaben pro Jahr die wesentlichen Themen f\u00fcr F\u00fchrungskr\u00e4fte von KMU auf.\",\"publisher\":{\"@id\":\"https:\\\/\\\/www.organisator.ch\\\/#organization\"},\"potentialAction\":[{\"@type\":\"SearchAction\",\"target\":{\"@type\":\"EntryPoint\",\"urlTemplate\":\"https:\\\/\\\/www.organisator.ch\\\/?s={search_term_string}\"},\"query-input\":{\"@type\":\"PropertyValueSpecification\",\"valueRequired\":true,\"valueName\":\"search_term_string\"}}],\"inLanguage\":\"fr-FR\"},{\"@type\":\"Organization\",\"@id\":\"https:\\\/\\\/www.organisator.ch\\\/#organization\",\"name\":\"Organisator\",\"url\":\"https:\\\/\\\/www.organisator.ch\\\/\",\"logo\":{\"@type\":\"ImageObject\",\"inLanguage\":\"fr-FR\",\"@id\":\"https:\\\/\\\/www.organisator.ch\\\/#\\\/schema\\\/logo\\\/image\\\/\",\"url\":\"https:\\\/\\\/www.organisator.ch\\\/wp-content\\\/uploads\\\/2022\\\/01\\\/Logo_Organisator_Website.png\",\"contentUrl\":\"https:\\\/\\\/www.organisator.ch\\\/wp-content\\\/uploads\\\/2022\\\/01\\\/Logo_Organisator_Website.png\",\"width\":800,\"height\":77,\"caption\":\"Organisator\"},\"image\":{\"@id\":\"https:\\\/\\\/www.organisator.ch\\\/#\\\/schema\\\/logo\\\/image\\\/\"},\"sameAs\":[\"https:\\\/\\\/www.facebook.com\\\/OrganisatorFachmagazin\",\"https:\\\/\\\/www.linkedin.com\\\/showcase\\\/organisator-das-magazin-fr-kmu\",\"https:\\\/\\\/www.xing.com\\\/news\\\/pages\\\/organisator-ch-695\",\"https:\\\/\\\/www.youtube.com\\\/channel\\\/UCGP2Sq0iWaZwT3BdIAQFYpw\"]},{\"@type\":\"Person\",\"@id\":\"https:\\\/\\\/www.organisator.ch\\\/#\\\/schema\\\/person\\\/4e51799071cd2dd1232ac003643ef5f0\",\"name\":\"galledia\",\"image\":{\"@type\":\"ImageObject\",\"inLanguage\":\"fr-FR\",\"@id\":\"https:\\\/\\\/secure.gravatar.com\\\/avatar\\\/78a7f90c01fc2bfc875782a0d4922b37cde2cf184ce347b91316d23cd7f69a36?s=96&d=mm&r=g\",\"url\":\"https:\\\/\\\/secure.gravatar.com\\\/avatar\\\/78a7f90c01fc2bfc875782a0d4922b37cde2cf184ce347b91316d23cd7f69a36?s=96&d=mm&r=g\",\"contentUrl\":\"https:\\\/\\\/secure.gravatar.com\\\/avatar\\\/78a7f90c01fc2bfc875782a0d4922b37cde2cf184ce347b91316d23cd7f69a36?s=96&d=mm&r=g\",\"caption\":\"galledia\"},\"sameAs\":[\"https:\\\/\\\/x.com\\\/admin\"],\"url\":\"https:\\\/\\\/www.organisator.ch\\\/fr\\\/author\\\/galledia\\\/\"}]}<\/script>\n<!-- \/ Yoast SEO plugin. -->","yoast_head_json":{"title":"\"L'intuition joue un r\u00f4le \u00e9norme chez nous\" - Saskia von Moos en interview - Organisateur","description":"Saskia von Moos r\u00e9volutionne le march\u00e9 des boissons \u00e9nergisantes et renforce El Tony Mate. Candidate CMO de l'ann\u00e9e 2024.","robots":{"index":"index","follow":"follow","max-snippet":"max-snippet:-1","max-image-preview":"max-image-preview:large","max-video-preview":"max-video-preview:-1"},"canonical":"https:\/\/www.organisator.ch\/fr\/marketing\/2024-08-14\/bauchgefuehl-spielt-bei-uns-eine-riesige-rolle-saskia-von-moos-im-interview\/","og_locale":"fr_FR","og_type":"article","og_title":"\u00abBauchgef\u00fchl spielt bei uns eine riesige Rolle\u00bb \u2013 Saskia von Moos im Interview - Organisator","og_description":"Saskia von Moos revolutioniert den Energy-Drink-Markt und st\u00e4rkt El Tony Mate. CMO of the Year-Kandidatin 2024.","og_url":"https:\/\/www.organisator.ch\/fr\/marketing\/2024-08-14\/bauchgefuehl-spielt-bei-uns-eine-riesige-rolle-saskia-von-moos-im-interview\/","og_site_name":"Organisator","article_publisher":"https:\/\/www.facebook.com\/OrganisatorFachmagazin","article_published_time":"2024-08-14T08:15:57+00:00","article_modified_time":"2024-11-08T12:04:18+00:00","og_image":[{"width":200,"height":135,"url":"https:\/\/www.organisator.ch\/wp-content\/uploads\/2024\/08\/Werbewoche-Bild_2_ps.jpg","type":"image\/jpeg"}],"author":"galledia","twitter_card":"summary_large_image","twitter_creator":"@admin","schema":{"@context":"https:\/\/schema.org","@graph":[{"@type":"Article","@id":"https:\/\/www.organisator.ch\/marketing\/2024-08-14\/bauchgefuehl-spielt-bei-uns-eine-riesige-rolle-saskia-von-moos-im-interview\/#article","isPartOf":{"@id":"https:\/\/www.organisator.ch\/marketing\/2024-08-14\/bauchgefuehl-spielt-bei-uns-eine-riesige-rolle-saskia-von-moos-im-interview\/"},"author":{"name":"galledia","@id":"https:\/\/www.organisator.ch\/#\/schema\/person\/4e51799071cd2dd1232ac003643ef5f0"},"headline":"\u00abBauchgef\u00fchl spielt bei uns eine riesige Rolle\u00bb \u2013 Saskia von Moos im Interview","datePublished":"2024-08-14T08:15:57+00:00","dateModified":"2024-11-08T12:04:18+00:00","mainEntityOfPage":{"@id":"https:\/\/www.organisator.ch\/marketing\/2024-08-14\/bauchgefuehl-spielt-bei-uns-eine-riesige-rolle-saskia-von-moos-im-interview\/"},"wordCount":410,"publisher":{"@id":"https:\/\/www.organisator.ch\/#organization"},"image":{"@id":"https:\/\/www.organisator.ch\/marketing\/2024-08-14\/bauchgefuehl-spielt-bei-uns-eine-riesige-rolle-saskia-von-moos-im-interview\/#primaryimage"},"thumbnailUrl":"https:\/\/www.organisator.ch\/wp-content\/uploads\/2024\/08\/Werbewoche-Bild_2_ps.jpg","keywords":["Awards","CMO of the year"],"articleSection":["MARKETING"],"inLanguage":"fr-FR"},{"@type":"WebPage","@id":"https:\/\/www.organisator.ch\/marketing\/2024-08-14\/bauchgefuehl-spielt-bei-uns-eine-riesige-rolle-saskia-von-moos-im-interview\/","url":"https:\/\/www.organisator.ch\/marketing\/2024-08-14\/bauchgefuehl-spielt-bei-uns-eine-riesige-rolle-saskia-von-moos-im-interview\/","name":"\"L'intuition joue un r\u00f4le \u00e9norme chez nous\" - Saskia von Moos en interview - Organisateur","isPartOf":{"@id":"https:\/\/www.organisator.ch\/#website"},"primaryImageOfPage":{"@id":"https:\/\/www.organisator.ch\/marketing\/2024-08-14\/bauchgefuehl-spielt-bei-uns-eine-riesige-rolle-saskia-von-moos-im-interview\/#primaryimage"},"image":{"@id":"https:\/\/www.organisator.ch\/marketing\/2024-08-14\/bauchgefuehl-spielt-bei-uns-eine-riesige-rolle-saskia-von-moos-im-interview\/#primaryimage"},"thumbnailUrl":"https:\/\/www.organisator.ch\/wp-content\/uploads\/2024\/08\/Werbewoche-Bild_2_ps.jpg","datePublished":"2024-08-14T08:15:57+00:00","dateModified":"2024-11-08T12:04:18+00:00","description":"Saskia von Moos r\u00e9volutionne le march\u00e9 des boissons \u00e9nergisantes et renforce El Tony Mate. Candidate CMO de l'ann\u00e9e 2024.","breadcrumb":{"@id":"https:\/\/www.organisator.ch\/marketing\/2024-08-14\/bauchgefuehl-spielt-bei-uns-eine-riesige-rolle-saskia-von-moos-im-interview\/#breadcrumb"},"inLanguage":"fr-FR","potentialAction":[{"@type":"ReadAction","target":["https:\/\/www.organisator.ch\/marketing\/2024-08-14\/bauchgefuehl-spielt-bei-uns-eine-riesige-rolle-saskia-von-moos-im-interview\/"]}]},{"@type":"ImageObject","inLanguage":"fr-FR","@id":"https:\/\/www.organisator.ch\/marketing\/2024-08-14\/bauchgefuehl-spielt-bei-uns-eine-riesige-rolle-saskia-von-moos-im-interview\/#primaryimage","url":"https:\/\/www.organisator.ch\/wp-content\/uploads\/2024\/08\/Werbewoche-Bild_2_ps.jpg","contentUrl":"https:\/\/www.organisator.ch\/wp-content\/uploads\/2024\/08\/Werbewoche-Bild_2_ps.jpg","width":200,"height":135,"caption":"Saskia von Moos"},{"@type":"BreadcrumbList","@id":"https:\/\/www.organisator.ch\/marketing\/2024-08-14\/bauchgefuehl-spielt-bei-uns-eine-riesige-rolle-saskia-von-moos-im-interview\/#breadcrumb","itemListElement":[{"@type":"ListItem","position":1,"name":"Home","item":"https:\/\/www.organisator.ch\/"},{"@type":"ListItem","position":2,"name":"\u00abBauchgef\u00fchl spielt bei uns eine riesige Rolle\u00bb \u2013 Saskia von Moos im Interview"}]},{"@type":"WebSite","@id":"https:\/\/www.organisator.ch\/#website","url":"https:\/\/www.organisator.ch\/","name":"Organisateur","description":"Comp\u00e9tence et comp\u00e9tence. Proches de la pratique. L'ORGANISATEUR pr\u00e9pare 10 num\u00e9ros par an sur les th\u00e8mes essentiels pour les dirigeants de PME.","publisher":{"@id":"https:\/\/www.organisator.ch\/#organization"},"potentialAction":[{"@type":"SearchAction","target":{"@type":"EntryPoint","urlTemplate":"https:\/\/www.organisator.ch\/?s={search_term_string}"},"query-input":{"@type":"PropertyValueSpecification","valueRequired":true,"valueName":"search_term_string"}}],"inLanguage":"fr-FR"},{"@type":"Organization","@id":"https:\/\/www.organisator.ch\/#organization","name":"Organisateur","url":"https:\/\/www.organisator.ch\/","logo":{"@type":"ImageObject","inLanguage":"fr-FR","@id":"https:\/\/www.organisator.ch\/#\/schema\/logo\/image\/","url":"https:\/\/www.organisator.ch\/wp-content\/uploads\/2022\/01\/Logo_Organisator_Website.png","contentUrl":"https:\/\/www.organisator.ch\/wp-content\/uploads\/2022\/01\/Logo_Organisator_Website.png","width":800,"height":77,"caption":"Organisator"},"image":{"@id":"https:\/\/www.organisator.ch\/#\/schema\/logo\/image\/"},"sameAs":["https:\/\/www.facebook.com\/OrganisatorFachmagazin","https:\/\/www.linkedin.com\/showcase\/organisator-das-magazin-fr-kmu","https:\/\/www.xing.com\/news\/pages\/organisator-ch-695","https:\/\/www.youtube.com\/channel\/UCGP2Sq0iWaZwT3BdIAQFYpw"]},{"@type":"Person","@id":"https:\/\/www.organisator.ch\/#\/schema\/person\/4e51799071cd2dd1232ac003643ef5f0","name":"galledia","image":{"@type":"ImageObject","inLanguage":"fr-FR","@id":"https:\/\/secure.gravatar.com\/avatar\/78a7f90c01fc2bfc875782a0d4922b37cde2cf184ce347b91316d23cd7f69a36?s=96&d=mm&r=g","url":"https:\/\/secure.gravatar.com\/avatar\/78a7f90c01fc2bfc875782a0d4922b37cde2cf184ce347b91316d23cd7f69a36?s=96&d=mm&r=g","contentUrl":"https:\/\/secure.gravatar.com\/avatar\/78a7f90c01fc2bfc875782a0d4922b37cde2cf184ce347b91316d23cd7f69a36?s=96&d=mm&r=g","caption":"galledia"},"sameAs":["https:\/\/x.com\/admin"],"url":"https:\/\/www.organisator.ch\/fr\/author\/galledia\/"}]}},"_links":{"self":[{"href":"https:\/\/www.organisator.ch\/fr\/wp-json\/wp\/v2\/posts\/28952","targetHints":{"allow":["GET"]}}],"collection":[{"href":"https:\/\/www.organisator.ch\/fr\/wp-json\/wp\/v2\/posts"}],"about":[{"href":"https:\/\/www.organisator.ch\/fr\/wp-json\/wp\/v2\/types\/post"}],"author":[{"embeddable":true,"href":"https:\/\/www.organisator.ch\/fr\/wp-json\/wp\/v2\/users\/8"}],"replies":[{"embeddable":true,"href":"https:\/\/www.organisator.ch\/fr\/wp-json\/wp\/v2\/comments?post=28952"}],"version-history":[{"count":8,"href":"https:\/\/www.organisator.ch\/fr\/wp-json\/wp\/v2\/posts\/28952\/revisions"}],"predecessor-version":[{"id":32050,"href":"https:\/\/www.organisator.ch\/fr\/wp-json\/wp\/v2\/posts\/28952\/revisions\/32050"}],"wp:featuredmedia":[{"embeddable":true,"href":"https:\/\/www.organisator.ch\/fr\/wp-json\/wp\/v2\/media\/28998"}],"wp:attachment":[{"href":"https:\/\/www.organisator.ch\/fr\/wp-json\/wp\/v2\/media?parent=28952"}],"wp:term":[{"taxonomy":"category","embeddable":true,"href":"https:\/\/www.organisator.ch\/fr\/wp-json\/wp\/v2\/categories?post=28952"},{"taxonomy":"post_tag","embeddable":true,"href":"https:\/\/www.organisator.ch\/fr\/wp-json\/wp\/v2\/tags?post=28952"}],"curies":[{"name":"wp","href":"https:\/\/api.w.org\/{rel}","templated":true}]}}