{"id":2896,"date":"2017-12-20T07:30:49","date_gmt":"2017-12-20T06:30:49","guid":{"rendered":"https:\/\/www.organisator.ch\/?p=2896"},"modified":"2017-12-20T07:30:49","modified_gmt":"2017-12-20T06:30:49","slug":"it-security-check-fuer-2018-datenleaks-malware-und-die-neue-eu-dsgvo","status":"publish","type":"post","link":"https:\/\/www.organisator.ch\/fr\/management\/it\/2017-12-20\/it-security-check-fuer-2018-datenleaks-malware-und-die-neue-eu-dsgvo\/","title":{"rendered":"Contr\u00f4le de s\u00e9curit\u00e9 informatique pour 2018 : fuites de donn\u00e9es, logiciels malveillants et nouveau RGPD de l'UE"},"content":{"rendered":"<figure id=\"attachment_2897\" aria-describedby=\"caption-attachment-2897\" style=\"width: 680px\" class=\"wp-caption alignnone\"><img loading=\"lazy\" decoding=\"async\" class=\"size-medium wp-image-2897\" src=\"https:\/\/www.organisator.ch\/wp-content\/uploads\/2017\/12\/IT-Security-Check-fuer-2018-Datenleaks-Malware-und-die-neue-EU-DSGVO_Organisator.jpg\" alt=\"\" width=\"680\" height=\"453\" srcset=\"https:\/\/www.organisator.ch\/wp-content\/uploads\/2017\/12\/IT-Security-Check-fuer-2018-Datenleaks-Malware-und-die-neue-EU-DSGVO_Organisator.jpg 800w, https:\/\/www.organisator.ch\/wp-content\/uploads\/2017\/12\/IT-Security-Check-fuer-2018-Datenleaks-Malware-und-die-neue-EU-DSGVO_Organisator-680x453.jpg 680w, https:\/\/www.organisator.ch\/wp-content\/uploads\/2017\/12\/IT-Security-Check-fuer-2018-Datenleaks-Malware-und-die-neue-EU-DSGVO_Organisator-768x512.jpg 768w, https:\/\/www.organisator.ch\/wp-content\/uploads\/2017\/12\/IT-Security-Check-fuer-2018-Datenleaks-Malware-und-die-neue-EU-DSGVO_Organisator-16x12.jpg 16w, https:\/\/www.organisator.ch\/wp-content\/uploads\/2017\/12\/IT-Security-Check-fuer-2018-Datenleaks-Malware-und-die-neue-EU-DSGVO_Organisator-263x175.jpg 263w, https:\/\/www.organisator.ch\/wp-content\/uploads\/2017\/12\/IT-Security-Check-fuer-2018-Datenleaks-Malware-und-die-neue-EU-DSGVO_Organisator-525x350.jpg 525w, https:\/\/www.organisator.ch\/wp-content\/uploads\/2017\/12\/IT-Security-Check-fuer-2018-Datenleaks-Malware-und-die-neue-EU-DSGVO_Organisator-300x200.jpg 300w\" sizes=\"auto, (max-width: 680px) 100vw, 680px\" \/><figcaption id=\"caption-attachment-2897\" class=\"wp-caption-text\">L'ann\u00e9e 2017 a \u00e9t\u00e9 marqu\u00e9e par des fuites de donn\u00e9es, des attaques avec des logiciels malveillants et plus encore. Faut-il davantage de portes d\u00e9rob\u00e9es dans les services en ligne ? (Image : unsplash.com \/ Matthew Henry)<\/figcaption><\/figure>\n<p>\u00c0 l'heure o\u00f9 la communication priv\u00e9e et professionnelle s'effectue en grande partie en ligne, la s\u00e9curit\u00e9 informatique prend de plus en plus d'importance. Pour prot\u00e9ger les donn\u00e9es sensibles, les entreprises s'int\u00e9ressent de plus en plus aux messageries professionnelles qui misent sur le cryptage de bout en bout. De plus en plus de services de messagerie ne mettent donc pas seulement l'accent sur la s\u00e9curit\u00e9 dans le cadre d'une utilisation priv\u00e9e, mais se focalisent \u00e9galement sur l'utilisation professionnelle. Ce type de r\u00e9orientation a eu lieu en 2017 pour certaines messageries. Atlassian a par exemple pr\u00e9sent\u00e9 le messager Stride pour la communication d'entreprise et fait concurrence au chat d'\u00e9quipe Slack en raison de co\u00fbts moindres. Mais Slack a rapidement suivi en levant un total de 250 millions de dollars US aupr\u00e8s d'investisseurs et en pr\u00e9voyant de s'\u00e9tendre. En outre, Microsoft a \u00e9galement connu des changements en ce qui concerne la messagerie professionnelle : Microsoft Teams a remplac\u00e9 Skype for Business et concurrence d\u00e9sormais Atlassian, Slack &amp; Co. De plus, le service Keybase Chat s'adresse d\u00e9sormais \u00e9galement aux entreprises et nous avons \u00e9galement apport\u00e9 notre pierre \u00e0 l'\u00e9difice avec l'introduction de la messagerie instantan\u00e9e. <a href=\"https:\/\/wire.com\/de\/\">Fil de fer<\/a> une version professionnelle s\u00e9curis\u00e9e sur le march\u00e9.<\/p>\n<h2>Les fuites de donn\u00e9es et les attaques de logiciels malveillants font parler d'elles<\/h2>\n<p>Un <a href=\"http:\/\/r20.rs6.net\/tn.jsp?f=001ZCiCh1lKrkMdr0ei3KbD1AI9cS9J9VnJxhdmZwz4ynaVoq_taOP1yco_a1FpRFRFTUq8tbMhTBIT-5tvNoq8xlArcFENU45aS-iSPJP8An5yk3v1dMAGIzkKIjyVTRzpN3AnEJ8c88Uudq2Xp20m0nNB9S-QIiWQFmGJS86Mcrx9LCNSFEuzPO1sz3Xen9nA8chkp0EbPwEWJxditHo2wXTicNY3mRNRlXfAkisyVTX52b55v54tKAMn_nfUAancxyUSJTFaaAHeUwRt3kxnnOmd9i3hAvZgKX-dtEL0Mc1eCbv0TeI4I5Qn-CokNaOmQCEupWHqrN3SZVm51xhWUA==&amp;c=Av10ylneYizKLxOjqV3yb1ReGIDxNE9LP523r2xeoUmsggSZOEmgqA==&amp;ch=IVvC8nJWwz-_Rb-Qz45QEUHZVy1CPUrO2c4JyUvrKda_scLcY1mFpw==\">\u00c9tude<\/a> de Bitkom Research, quatre entreprises sur dix ont \u00e9t\u00e9 victimes d'une cyberattaque l'ann\u00e9e derni\u00e8re. L'une de ces entreprises touch\u00e9es est le prestataire de services financiers am\u00e9ricain Equifax, o\u00f9 des cybercriminels se sont empar\u00e9s des donn\u00e9es sensibles de 44 % des Am\u00e9ricains. En cons\u00e9quence, l'action a perdu 14 pour cent et le chef de l'entreprise a d\u00e9missionn\u00e9. Et le cabinet de conseil Deloitte a \u00e9galement \u00e9t\u00e9 victime de pirates informatiques qui ont eu acc\u00e8s aux bases de donn\u00e9es et donc aux informations personnelles de clients de premier plan. Un autre vol de donn\u00e9es a en outre eu lieu chez le prestataire de services de transport am\u00e9ricain Uber et a concern\u00e9 les donn\u00e9es de 57 millions d'utilisateurs et de chauffeurs Uber. Si l'incident s'est produit il y a plus d'un an, il n'a \u00e9t\u00e9 r\u00e9v\u00e9l\u00e9 qu'en 2017. Les attaques de pirates informatiques, mais aussi les attaques de logiciels malveillants, peuvent continuer \u00e0 causer des dommages importants aux entreprises et \u00e0 entra\u00eener une forte augmentation des co\u00fbts.<\/p>\n<h2><strong>Du Royaume-Uni aux \u00c9tats-Unis : comment les gouvernements secouent le secteur informatique<\/strong><\/h2>\n<p>Les gouvernements ne sont pas vraiment convaincus de la s\u00e9curit\u00e9 offerte par le cryptage des donn\u00e9es et veulent obliger les fournisseurs d'acc\u00e8s \u00e0 installer des portes d\u00e9rob\u00e9es. La raison en est notamment que le cryptage ne permet pas aux criminels d'acc\u00e9der aux messages et que ceux-ci profiteraient donc de la cryptographie. Les gouvernements sont particuli\u00e8rement contrari\u00e9s par le fait que les entreprises informatiques ne respectent m\u00eame pas les ordonnances des tribunaux et que les d\u00e9lits criminels ne peuvent donc plus \u00eatre prouv\u00e9s. C'est pourquoi les politiciens s'opposent au cryptage de bout en bout ou insistent sur les portes d\u00e9rob\u00e9es pour l'acc\u00e8s par le gouvernement.<\/p>\n<h2><strong>Le RGPD de l'UE approche et fait \u00e9voluer les mentalit\u00e9s<\/strong><\/h2>\n<p>Le r\u00e8glement g\u00e9n\u00e9ral sur la protection des donn\u00e9es de l'UE se rapproche de plus en plus et c'est au plus tard maintenant que les entreprises devraient se pencher activement sur la question de savoir comment elles peuvent se conformer au r\u00e8glement. L'objectif principal - simplifier, uniformiser et actualiser la protection des donn\u00e9es \u00e0 caract\u00e8re personnel - fait \u00e9voluer les mentalit\u00e9s. Les personnes obtiennent davantage de droits en mati\u00e8re de traitement des donn\u00e9es, ce qui n\u00e9cessite des mesures techniques et organisationnelles ainsi qu'un registre de traitement des donn\u00e9es. \u00c9tant donn\u00e9 que les entreprises s'exposent \u00e0 de lourdes amendes en cas de non-respect, le RGPD deviendra un sujet important au plus tard en mai 2018.<\/p>\n<h2><strong>Fournisseurs non s\u00e9curis\u00e9s : pourquoi le cryptage est un \"must-have<\/strong><\/h2>\n<p>Le cryptage devient important lorsqu'il est possible que des tiers aient acc\u00e8s aux donn\u00e9es sensibles. Par exemple, les fournisseurs de services ou les prestataires peuvent ne pas \u00eatre s\u00fbrs, car des personnes non autoris\u00e9es peuvent y avoir acc\u00e8s. Cela concerne surtout le stockage en nuage, les outils de communication et de collaboration qui, par exemple, stockent leurs donn\u00e9es via des serveurs situ\u00e9s en dehors de l'UE. En outre, les attaques de pirates informatiques sur les fournisseurs de messagerie \u00e9lectronique sont \u00e9galement dangereuses, mais la situation devient toujours explosive lorsque les donn\u00e9es des clients sont en jeu, en particulier les donn\u00e9es de paiement, comme les informations sur les cartes de cr\u00e9dit, ou les informations sur les commandes pass\u00e9es. Cela concerne aussi bien les particuliers, qui deviennent ainsi des personnes transparentes, que les entreprises, qui doivent dans ce cas garantir la s\u00e9curit\u00e9 des paiements. D'autres points qui rendent le cryptage indispensable sont, d'une part, pour exclure l'espionnage industriel et emp\u00eacher que des secrets commerciaux ne soient divulgu\u00e9s au public. Pour toutes ces raisons, le cryptage doit \u00eatre la solution. Qu'il s'agisse d'e-mails crypt\u00e9s ou du cryptage de contenus (comme les fiches de paie, les contrats de coop\u00e9ration, les calculs) ou, plus g\u00e9n\u00e9ralement, de donn\u00e9es \u00e9chang\u00e9es dans le cadre de la communication quotidienne. Pour garantir la s\u00e9curit\u00e9 informatique en interne et en externe, les fournisseurs ne doivent pas avoir la possibilit\u00e9 de consulter des informations sensibles, ce qui n'est possible qu'\u00e0 l'aide d'un cryptage s\u00e9curis\u00e9 des donn\u00e9es.<\/p>\n<h2><strong>Conclusion : les entreprises doivent agir<\/strong><\/h2>\n<p>Les fuites de donn\u00e9es et les attaques de logiciels malveillants \u00e9tant particuli\u00e8rement pr\u00e9judiciables aux entreprises, il est urgent de mettre en place des mesures de s\u00e9curit\u00e9 protectrices. En raison du r\u00e8glement g\u00e9n\u00e9ral sur la protection des donn\u00e9es de l'UE, les entreprises doivent agir d\u00e8s maintenant et adapter leurs normes de s\u00e9curit\u00e9 en cons\u00e9quence. Avec l'aide de diff\u00e9rents fournisseurs qui misent sur un cryptage de bout en bout, la mise en \u0153uvre est toutefois relativement simple. En cas d'attaque contre le fournisseur de cloud apr\u00e8s la mise en \u0153uvre, les informations personnelles sont prot\u00e9g\u00e9es et ne peuvent pas \u00eatre d\u00e9crypt\u00e9es par des personnes non autoris\u00e9es. En outre, le r\u00e8glement de l'UE consid\u00e8re que la m\u00e9thode de cryptage constitue \u00e9galement une preuve de conformit\u00e9. Les entreprises n'ont donc pas \u00e0 supporter de co\u00fbts suppl\u00e9mentaires et les clients peuvent avoir la certitude que les donn\u00e9es sensibles sont suffisamment prot\u00e9g\u00e9es.<\/p>\n<p>&nbsp;<\/p>\n<p><em><strong>A propos de l'auteur : <\/strong><\/em><em>Alan Duric est un expert en technologie et un entrepreneur exp\u00e9riment\u00e9 qui travaille depuis plus de 15 ans dans le secteur de la communication en temps r\u00e9el. En tant que pionnier de la technologie VoIP, il a ouvert la voie \u00e0 l'introduction de la communication en temps r\u00e9el sur le web (WebRTC). Ce standard open source comprend plusieurs protocoles de communication et interfaces de programmation que l'on retrouve aujourd'hui dans une multitude d'applications. Outre la cr\u00e9ation de Telio Holding ASA et de Sonorit, il a lanc\u00e9 Wire, une messagerie enti\u00e8rement crypt\u00e9e de bout en bout, un outil de communication s\u00e9curis\u00e9 \u00e0 usage professionnel et priv\u00e9 qui prot\u00e8ge la vie priv\u00e9e num\u00e9rique tout en respectant les directives europ\u00e9ennes en mati\u00e8re de protection des donn\u00e9es. La d\u00e9cision d'Alan de placer Wire sous licence open source \u00e9tait strat\u00e9gique en ce sens que l'entreprise pouvait ainsi prouver que le produit \u00e9tait effectivement crypt\u00e9 de bout en bout. Par rapport \u00e0 d'autres messageries qui le pr\u00e9tendaient \u00e9galement, mais ne pouvaient pas le prouver. Aujourd'hui, il est CTO\/COO de l'entreprise, membre du conseil d'administration et responsable de la destin\u00e9e d'une \u00e9quipe internationale ambitieuse de plus de 50 collaborateurs \u00e0 Berlin. En outre, il agit en tant que conseiller pour un certain nombre de start-ups technologiques, apportant ainsi ses ann\u00e9es d'exp\u00e9rience dans les domaines de l'open source, de la VoIP, de la s\u00e9curit\u00e9 informatique et de l'architecture logicielle.<\/em><\/p>","protected":false},"excerpt":{"rendered":"<p>In der heutigen Zeit, in der sowohl die private als auch die berufliche Kommunikation gr\u00f6\u00dftenteils online stattfindet, gewinnt IT-Sicherheit zunehmend an Bedeutung. Zum Schutz sensibler Daten w\u00e4chst daher vor allem bei Unternehmen das Interesse an Business-Messengern, die auf Ende-zu-Ende-Verschl\u00fcsselung setzen. Immer mehr Messenger-Dienste legen daher nicht nur Wert auf Sicherheit bei privatem Gebrauch, sondern fokussieren [&hellip;]<\/p>\n","protected":false},"author":4,"featured_media":2897,"comment_status":"open","ping_status":"open","sticky":false,"template":"","format":"standard","meta":{"_acf_changed":false,"_yoast_wpseo_focuskw":"Malware","_yoast_wpseo_metadesc":"Alan Duric, CTO und COO von Wire, wirft einen Blick zur\u00fcck auf das vergangene Jahr 2017 und zeigt, was 2018 in puncto IT-Sicherheit wichtig sein wird.","articlekey":"","footnotes":""},"categories":[27],"tags":[142,156,260,286],"class_list":["post-2896","post","type-post","status-publish","format-standard","has-post-thumbnail","hentry","category-it","tag-cyber-crime","tag-digitalisierung","tag-ict-sicherheit","tag-it"],"acf":[],"yoast_head":"<!-- This site is optimized with the Yoast SEO plugin v27.5 - https:\/\/yoast.com\/product\/yoast-seo-wordpress\/ -->\n<title>IT-Security-Check f\u00fcr 2018: Datenleaks, Malware und die neue EU-DSGVO - Organisator<\/title>\n<meta name=\"description\" content=\"Alan Duric, CTO und COO von Wire, wirft einen Blick zur\u00fcck auf das vergangene Jahr 2017 und zeigt, was 2018 in puncto IT-Sicherheit wichtig sein wird.\" \/>\n<meta name=\"robots\" content=\"index, follow, max-snippet:-1, max-image-preview:large, max-video-preview:-1\" \/>\n<link rel=\"canonical\" href=\"https:\/\/www.organisator.ch\/fr\/gestion-2\/it\/2017-12-20\/it-security-check-fuer-2018-datenleaks-malware-und-die-neue-eu-dsgvo\/\" \/>\n<meta property=\"og:locale\" content=\"fr_FR\" \/>\n<meta property=\"og:type\" content=\"article\" \/>\n<meta property=\"og:title\" content=\"IT-Security-Check f\u00fcr 2018: Datenleaks, Malware und die neue EU-DSGVO\" \/>\n<meta property=\"og:description\" content=\"Alan Duric, CTO und COO von #Wire, wirft einen Blick zur\u00fcck auf das vergangene Jahr 2017 und zeigt, was 2018 in puncto #IT-Sicherheit wichtig sein wird.\" \/>\n<meta property=\"og:url\" content=\"https:\/\/www.organisator.ch\/fr\/gestion-2\/it\/2017-12-20\/it-security-check-fuer-2018-datenleaks-malware-und-die-neue-eu-dsgvo\/\" \/>\n<meta property=\"og:site_name\" content=\"Organisator\" \/>\n<meta property=\"article:publisher\" content=\"https:\/\/www.facebook.com\/OrganisatorFachmagazin\" \/>\n<meta property=\"article:published_time\" content=\"2017-12-20T06:30:49+00:00\" \/>\n<meta property=\"og:image\" content=\"https:\/\/www.organisator.ch\/wp-content\/uploads\/2017\/12\/IT-Security-Check-fuer-2018-Datenleaks-Malware-und-die-neue-EU-DSGVO_Organisator.jpg\" \/>\n\t<meta property=\"og:image:width\" content=\"800\" \/>\n\t<meta property=\"og:image:height\" content=\"533\" \/>\n\t<meta property=\"og:image:type\" content=\"image\/jpeg\" \/>\n<meta name=\"author\" content=\"thomas.berner\" \/>\n<meta name=\"twitter:card\" content=\"summary_large_image\" \/>\n<meta name=\"twitter:title\" content=\"#IT-Security-Check f\u00fcr 2018: #Datenleaks, #Malware und die neue #EU-DSGVO\" \/>\n<meta name=\"twitter:description\" content=\"Alan Duric, CTO und COO von #Wire, wirft einen Blick zur\u00fcck auf das vergangene Jahr 2017 und zeigt, was 2018 in puncto #IT-Sicherheit wichtig sein wird.\" \/>\n<meta name=\"twitter:image\" content=\"https:\/\/www.organisator.ch\/wp-content\/uploads\/2017\/12\/IT-Security-Check-f\u00fcr-2018-Datenleaks-Malware-und-die-neue-EU-DSGVO_Organisator.jpg\" \/>\n<script type=\"application\/ld+json\" class=\"yoast-schema-graph\">{\"@context\":\"https:\\\/\\\/schema.org\",\"@graph\":[{\"@type\":\"Article\",\"@id\":\"https:\\\/\\\/www.organisator.ch\\\/management\\\/it\\\/2017-12-20\\\/it-security-check-fuer-2018-datenleaks-malware-und-die-neue-eu-dsgvo\\\/#article\",\"isPartOf\":{\"@id\":\"https:\\\/\\\/www.organisator.ch\\\/management\\\/it\\\/2017-12-20\\\/it-security-check-fuer-2018-datenleaks-malware-und-die-neue-eu-dsgvo\\\/\"},\"author\":{\"name\":\"thomas.berner\",\"@id\":\"https:\\\/\\\/www.organisator.ch\\\/#\\\/schema\\\/person\\\/6f650f90b2842cd4c0cc334b4e36f67e\"},\"headline\":\"IT-Security-Check f\u00fcr 2018: Datenleaks, Malware und die neue EU-DSGVO\",\"datePublished\":\"2017-12-20T06:30:49+00:00\",\"mainEntityOfPage\":{\"@id\":\"https:\\\/\\\/www.organisator.ch\\\/management\\\/it\\\/2017-12-20\\\/it-security-check-fuer-2018-datenleaks-malware-und-die-neue-eu-dsgvo\\\/\"},\"wordCount\":1072,\"commentCount\":0,\"publisher\":{\"@id\":\"https:\\\/\\\/www.organisator.ch\\\/#organization\"},\"image\":{\"@id\":\"https:\\\/\\\/www.organisator.ch\\\/management\\\/it\\\/2017-12-20\\\/it-security-check-fuer-2018-datenleaks-malware-und-die-neue-eu-dsgvo\\\/#primaryimage\"},\"thumbnailUrl\":\"https:\\\/\\\/www.organisator.ch\\\/wp-content\\\/uploads\\\/2017\\\/12\\\/IT-Security-Check-fuer-2018-Datenleaks-Malware-und-die-neue-EU-DSGVO_Organisator.jpg\",\"keywords\":[\"Cyber-Crime\",\"Digitalisierung\",\"ICT-Sicherheit\",\"IT\"],\"articleSection\":[\"IT\"],\"inLanguage\":\"fr-FR\"},{\"@type\":\"WebPage\",\"@id\":\"https:\\\/\\\/www.organisator.ch\\\/management\\\/it\\\/2017-12-20\\\/it-security-check-fuer-2018-datenleaks-malware-und-die-neue-eu-dsgvo\\\/\",\"url\":\"https:\\\/\\\/www.organisator.ch\\\/management\\\/it\\\/2017-12-20\\\/it-security-check-fuer-2018-datenleaks-malware-und-die-neue-eu-dsgvo\\\/\",\"name\":\"IT-Security-Check f\u00fcr 2018: Datenleaks, Malware und die neue EU-DSGVO - Organisator\",\"isPartOf\":{\"@id\":\"https:\\\/\\\/www.organisator.ch\\\/#website\"},\"primaryImageOfPage\":{\"@id\":\"https:\\\/\\\/www.organisator.ch\\\/management\\\/it\\\/2017-12-20\\\/it-security-check-fuer-2018-datenleaks-malware-und-die-neue-eu-dsgvo\\\/#primaryimage\"},\"image\":{\"@id\":\"https:\\\/\\\/www.organisator.ch\\\/management\\\/it\\\/2017-12-20\\\/it-security-check-fuer-2018-datenleaks-malware-und-die-neue-eu-dsgvo\\\/#primaryimage\"},\"thumbnailUrl\":\"https:\\\/\\\/www.organisator.ch\\\/wp-content\\\/uploads\\\/2017\\\/12\\\/IT-Security-Check-fuer-2018-Datenleaks-Malware-und-die-neue-EU-DSGVO_Organisator.jpg\",\"datePublished\":\"2017-12-20T06:30:49+00:00\",\"description\":\"Alan Duric, CTO und COO von Wire, wirft einen Blick zur\u00fcck auf das vergangene Jahr 2017 und zeigt, was 2018 in puncto IT-Sicherheit wichtig sein wird.\",\"breadcrumb\":{\"@id\":\"https:\\\/\\\/www.organisator.ch\\\/management\\\/it\\\/2017-12-20\\\/it-security-check-fuer-2018-datenleaks-malware-und-die-neue-eu-dsgvo\\\/#breadcrumb\"},\"inLanguage\":\"fr-FR\",\"potentialAction\":[{\"@type\":\"ReadAction\",\"target\":[\"https:\\\/\\\/www.organisator.ch\\\/management\\\/it\\\/2017-12-20\\\/it-security-check-fuer-2018-datenleaks-malware-und-die-neue-eu-dsgvo\\\/\"]}]},{\"@type\":\"ImageObject\",\"inLanguage\":\"fr-FR\",\"@id\":\"https:\\\/\\\/www.organisator.ch\\\/management\\\/it\\\/2017-12-20\\\/it-security-check-fuer-2018-datenleaks-malware-und-die-neue-eu-dsgvo\\\/#primaryimage\",\"url\":\"https:\\\/\\\/www.organisator.ch\\\/wp-content\\\/uploads\\\/2017\\\/12\\\/IT-Security-Check-fuer-2018-Datenleaks-Malware-und-die-neue-EU-DSGVO_Organisator.jpg\",\"contentUrl\":\"https:\\\/\\\/www.organisator.ch\\\/wp-content\\\/uploads\\\/2017\\\/12\\\/IT-Security-Check-fuer-2018-Datenleaks-Malware-und-die-neue-EU-DSGVO_Organisator.jpg\",\"width\":800,\"height\":533,\"caption\":\"Das Jahr 2017 war gepr\u00e4gt von Datenlecks, Angriffen mit Malware und mehr. Braucht es mehr Hintert\u00fcren in Online-Services? (Bild: unsplash.com \\\/ Matthew Henry)\"},{\"@type\":\"BreadcrumbList\",\"@id\":\"https:\\\/\\\/www.organisator.ch\\\/management\\\/it\\\/2017-12-20\\\/it-security-check-fuer-2018-datenleaks-malware-und-die-neue-eu-dsgvo\\\/#breadcrumb\",\"itemListElement\":[{\"@type\":\"ListItem\",\"position\":1,\"name\":\"Home\",\"item\":\"https:\\\/\\\/www.organisator.ch\\\/\"},{\"@type\":\"ListItem\",\"position\":2,\"name\":\"IT-Security-Check f\u00fcr 2018: Datenleaks, Malware und die neue EU-DSGVO\"}]},{\"@type\":\"WebSite\",\"@id\":\"https:\\\/\\\/www.organisator.ch\\\/#website\",\"url\":\"https:\\\/\\\/www.organisator.ch\\\/\",\"name\":\"Organisator\",\"description\":\"Kompetent. Praxisnah. Der ORGANISATOR bereitet in 10 Ausgaben pro Jahr die wesentlichen Themen f\u00fcr F\u00fchrungskr\u00e4fte von KMU auf.\",\"publisher\":{\"@id\":\"https:\\\/\\\/www.organisator.ch\\\/#organization\"},\"potentialAction\":[{\"@type\":\"SearchAction\",\"target\":{\"@type\":\"EntryPoint\",\"urlTemplate\":\"https:\\\/\\\/www.organisator.ch\\\/?s={search_term_string}\"},\"query-input\":{\"@type\":\"PropertyValueSpecification\",\"valueRequired\":true,\"valueName\":\"search_term_string\"}}],\"inLanguage\":\"fr-FR\"},{\"@type\":\"Organization\",\"@id\":\"https:\\\/\\\/www.organisator.ch\\\/#organization\",\"name\":\"Organisator\",\"url\":\"https:\\\/\\\/www.organisator.ch\\\/\",\"logo\":{\"@type\":\"ImageObject\",\"inLanguage\":\"fr-FR\",\"@id\":\"https:\\\/\\\/www.organisator.ch\\\/#\\\/schema\\\/logo\\\/image\\\/\",\"url\":\"https:\\\/\\\/www.organisator.ch\\\/wp-content\\\/uploads\\\/2022\\\/01\\\/Logo_Organisator_Website.png\",\"contentUrl\":\"https:\\\/\\\/www.organisator.ch\\\/wp-content\\\/uploads\\\/2022\\\/01\\\/Logo_Organisator_Website.png\",\"width\":800,\"height\":77,\"caption\":\"Organisator\"},\"image\":{\"@id\":\"https:\\\/\\\/www.organisator.ch\\\/#\\\/schema\\\/logo\\\/image\\\/\"},\"sameAs\":[\"https:\\\/\\\/www.facebook.com\\\/OrganisatorFachmagazin\",\"https:\\\/\\\/www.linkedin.com\\\/showcase\\\/organisator-das-magazin-fr-kmu\",\"https:\\\/\\\/www.xing.com\\\/news\\\/pages\\\/organisator-ch-695\",\"https:\\\/\\\/www.youtube.com\\\/channel\\\/UCGP2Sq0iWaZwT3BdIAQFYpw\"]},{\"@type\":\"Person\",\"@id\":\"https:\\\/\\\/www.organisator.ch\\\/#\\\/schema\\\/person\\\/6f650f90b2842cd4c0cc334b4e36f67e\",\"name\":\"thomas.berner\",\"image\":{\"@type\":\"ImageObject\",\"inLanguage\":\"fr-FR\",\"@id\":\"https:\\\/\\\/secure.gravatar.com\\\/avatar\\\/ac5001d2a36cb6c6cd3e50789007ffca834b477b74a2144564522e944eabff61?s=96&d=mm&r=g\",\"url\":\"https:\\\/\\\/secure.gravatar.com\\\/avatar\\\/ac5001d2a36cb6c6cd3e50789007ffca834b477b74a2144564522e944eabff61?s=96&d=mm&r=g\",\"contentUrl\":\"https:\\\/\\\/secure.gravatar.com\\\/avatar\\\/ac5001d2a36cb6c6cd3e50789007ffca834b477b74a2144564522e944eabff61?s=96&d=mm&r=g\",\"caption\":\"thomas.berner\"},\"url\":\"https:\\\/\\\/www.organisator.ch\\\/fr\\\/author\\\/thomas-berner\\\/\"}]}<\/script>\n<!-- \/ Yoast SEO plugin. -->","yoast_head_json":{"title":"Contr\u00f4le de s\u00e9curit\u00e9 informatique pour 2018 : fuites de donn\u00e9es, logiciels malveillants et nouveau RGPD de l'UE - Organisateur","description":"Alan Duric, CTO et COO de Wire, jette un regard en arri\u00e8re sur l'ann\u00e9e 2017 \u00e9coul\u00e9e et montre ce qui sera important en 2018 en mati\u00e8re de s\u00e9curit\u00e9 informatique.","robots":{"index":"index","follow":"follow","max-snippet":"max-snippet:-1","max-image-preview":"max-image-preview:large","max-video-preview":"max-video-preview:-1"},"canonical":"https:\/\/www.organisator.ch\/fr\/gestion-2\/it\/2017-12-20\/it-security-check-fuer-2018-datenleaks-malware-und-die-neue-eu-dsgvo\/","og_locale":"fr_FR","og_type":"article","og_title":"IT-Security-Check f\u00fcr 2018: Datenleaks, Malware und die neue EU-DSGVO","og_description":"Alan Duric, CTO und COO von #Wire, wirft einen Blick zur\u00fcck auf das vergangene Jahr 2017 und zeigt, was 2018 in puncto #IT-Sicherheit wichtig sein wird.","og_url":"https:\/\/www.organisator.ch\/fr\/gestion-2\/it\/2017-12-20\/it-security-check-fuer-2018-datenleaks-malware-und-die-neue-eu-dsgvo\/","og_site_name":"Organisator","article_publisher":"https:\/\/www.facebook.com\/OrganisatorFachmagazin","article_published_time":"2017-12-20T06:30:49+00:00","og_image":[{"width":800,"height":533,"url":"https:\/\/www.organisator.ch\/wp-content\/uploads\/2017\/12\/IT-Security-Check-fuer-2018-Datenleaks-Malware-und-die-neue-EU-DSGVO_Organisator.jpg","type":"image\/jpeg"}],"author":"thomas.berner","twitter_card":"summary_large_image","twitter_title":"#IT-Security-Check f\u00fcr 2018: #Datenleaks, #Malware und die neue #EU-DSGVO","twitter_description":"Alan Duric, CTO und COO von #Wire, wirft einen Blick zur\u00fcck auf das vergangene Jahr 2017 und zeigt, was 2018 in puncto #IT-Sicherheit wichtig sein wird.","twitter_image":"https:\/\/www.organisator.ch\/wp-content\/uploads\/2017\/12\/IT-Security-Check-f\u00fcr-2018-Datenleaks-Malware-und-die-neue-EU-DSGVO_Organisator.jpg","schema":{"@context":"https:\/\/schema.org","@graph":[{"@type":"Article","@id":"https:\/\/www.organisator.ch\/management\/it\/2017-12-20\/it-security-check-fuer-2018-datenleaks-malware-und-die-neue-eu-dsgvo\/#article","isPartOf":{"@id":"https:\/\/www.organisator.ch\/management\/it\/2017-12-20\/it-security-check-fuer-2018-datenleaks-malware-und-die-neue-eu-dsgvo\/"},"author":{"name":"thomas.berner","@id":"https:\/\/www.organisator.ch\/#\/schema\/person\/6f650f90b2842cd4c0cc334b4e36f67e"},"headline":"IT-Security-Check f\u00fcr 2018: Datenleaks, Malware und die neue EU-DSGVO","datePublished":"2017-12-20T06:30:49+00:00","mainEntityOfPage":{"@id":"https:\/\/www.organisator.ch\/management\/it\/2017-12-20\/it-security-check-fuer-2018-datenleaks-malware-und-die-neue-eu-dsgvo\/"},"wordCount":1072,"commentCount":0,"publisher":{"@id":"https:\/\/www.organisator.ch\/#organization"},"image":{"@id":"https:\/\/www.organisator.ch\/management\/it\/2017-12-20\/it-security-check-fuer-2018-datenleaks-malware-und-die-neue-eu-dsgvo\/#primaryimage"},"thumbnailUrl":"https:\/\/www.organisator.ch\/wp-content\/uploads\/2017\/12\/IT-Security-Check-fuer-2018-Datenleaks-Malware-und-die-neue-EU-DSGVO_Organisator.jpg","keywords":["Cyber-Crime","Digitalisierung","ICT-Sicherheit","IT"],"articleSection":["IT"],"inLanguage":"fr-FR"},{"@type":"WebPage","@id":"https:\/\/www.organisator.ch\/management\/it\/2017-12-20\/it-security-check-fuer-2018-datenleaks-malware-und-die-neue-eu-dsgvo\/","url":"https:\/\/www.organisator.ch\/management\/it\/2017-12-20\/it-security-check-fuer-2018-datenleaks-malware-und-die-neue-eu-dsgvo\/","name":"Contr\u00f4le de s\u00e9curit\u00e9 informatique pour 2018 : fuites de donn\u00e9es, logiciels malveillants et nouveau RGPD de l'UE - Organisateur","isPartOf":{"@id":"https:\/\/www.organisator.ch\/#website"},"primaryImageOfPage":{"@id":"https:\/\/www.organisator.ch\/management\/it\/2017-12-20\/it-security-check-fuer-2018-datenleaks-malware-und-die-neue-eu-dsgvo\/#primaryimage"},"image":{"@id":"https:\/\/www.organisator.ch\/management\/it\/2017-12-20\/it-security-check-fuer-2018-datenleaks-malware-und-die-neue-eu-dsgvo\/#primaryimage"},"thumbnailUrl":"https:\/\/www.organisator.ch\/wp-content\/uploads\/2017\/12\/IT-Security-Check-fuer-2018-Datenleaks-Malware-und-die-neue-EU-DSGVO_Organisator.jpg","datePublished":"2017-12-20T06:30:49+00:00","description":"Alan Duric, CTO et COO de Wire, jette un regard en arri\u00e8re sur l'ann\u00e9e 2017 \u00e9coul\u00e9e et montre ce qui sera important en 2018 en mati\u00e8re de s\u00e9curit\u00e9 informatique.","breadcrumb":{"@id":"https:\/\/www.organisator.ch\/management\/it\/2017-12-20\/it-security-check-fuer-2018-datenleaks-malware-und-die-neue-eu-dsgvo\/#breadcrumb"},"inLanguage":"fr-FR","potentialAction":[{"@type":"ReadAction","target":["https:\/\/www.organisator.ch\/management\/it\/2017-12-20\/it-security-check-fuer-2018-datenleaks-malware-und-die-neue-eu-dsgvo\/"]}]},{"@type":"ImageObject","inLanguage":"fr-FR","@id":"https:\/\/www.organisator.ch\/management\/it\/2017-12-20\/it-security-check-fuer-2018-datenleaks-malware-und-die-neue-eu-dsgvo\/#primaryimage","url":"https:\/\/www.organisator.ch\/wp-content\/uploads\/2017\/12\/IT-Security-Check-fuer-2018-Datenleaks-Malware-und-die-neue-EU-DSGVO_Organisator.jpg","contentUrl":"https:\/\/www.organisator.ch\/wp-content\/uploads\/2017\/12\/IT-Security-Check-fuer-2018-Datenleaks-Malware-und-die-neue-EU-DSGVO_Organisator.jpg","width":800,"height":533,"caption":"Das Jahr 2017 war gepr\u00e4gt von Datenlecks, Angriffen mit Malware und mehr. Braucht es mehr Hintert\u00fcren in Online-Services? (Bild: unsplash.com \/ Matthew Henry)"},{"@type":"BreadcrumbList","@id":"https:\/\/www.organisator.ch\/management\/it\/2017-12-20\/it-security-check-fuer-2018-datenleaks-malware-und-die-neue-eu-dsgvo\/#breadcrumb","itemListElement":[{"@type":"ListItem","position":1,"name":"Home","item":"https:\/\/www.organisator.ch\/"},{"@type":"ListItem","position":2,"name":"IT-Security-Check f\u00fcr 2018: Datenleaks, Malware und die neue EU-DSGVO"}]},{"@type":"WebSite","@id":"https:\/\/www.organisator.ch\/#website","url":"https:\/\/www.organisator.ch\/","name":"Organisateur","description":"Comp\u00e9tence et comp\u00e9tence. Proches de la pratique. L'ORGANISATEUR pr\u00e9pare 10 num\u00e9ros par an sur les th\u00e8mes essentiels pour les dirigeants de PME.","publisher":{"@id":"https:\/\/www.organisator.ch\/#organization"},"potentialAction":[{"@type":"SearchAction","target":{"@type":"EntryPoint","urlTemplate":"https:\/\/www.organisator.ch\/?s={search_term_string}"},"query-input":{"@type":"PropertyValueSpecification","valueRequired":true,"valueName":"search_term_string"}}],"inLanguage":"fr-FR"},{"@type":"Organization","@id":"https:\/\/www.organisator.ch\/#organization","name":"Organisateur","url":"https:\/\/www.organisator.ch\/","logo":{"@type":"ImageObject","inLanguage":"fr-FR","@id":"https:\/\/www.organisator.ch\/#\/schema\/logo\/image\/","url":"https:\/\/www.organisator.ch\/wp-content\/uploads\/2022\/01\/Logo_Organisator_Website.png","contentUrl":"https:\/\/www.organisator.ch\/wp-content\/uploads\/2022\/01\/Logo_Organisator_Website.png","width":800,"height":77,"caption":"Organisator"},"image":{"@id":"https:\/\/www.organisator.ch\/#\/schema\/logo\/image\/"},"sameAs":["https:\/\/www.facebook.com\/OrganisatorFachmagazin","https:\/\/www.linkedin.com\/showcase\/organisator-das-magazin-fr-kmu","https:\/\/www.xing.com\/news\/pages\/organisator-ch-695","https:\/\/www.youtube.com\/channel\/UCGP2Sq0iWaZwT3BdIAQFYpw"]},{"@type":"Person","@id":"https:\/\/www.organisator.ch\/#\/schema\/person\/6f650f90b2842cd4c0cc334b4e36f67e","name":"thomas.berner","image":{"@type":"ImageObject","inLanguage":"fr-FR","@id":"https:\/\/secure.gravatar.com\/avatar\/ac5001d2a36cb6c6cd3e50789007ffca834b477b74a2144564522e944eabff61?s=96&d=mm&r=g","url":"https:\/\/secure.gravatar.com\/avatar\/ac5001d2a36cb6c6cd3e50789007ffca834b477b74a2144564522e944eabff61?s=96&d=mm&r=g","contentUrl":"https:\/\/secure.gravatar.com\/avatar\/ac5001d2a36cb6c6cd3e50789007ffca834b477b74a2144564522e944eabff61?s=96&d=mm&r=g","caption":"thomas.berner"},"url":"https:\/\/www.organisator.ch\/fr\/author\/thomas-berner\/"}]}},"_links":{"self":[{"href":"https:\/\/www.organisator.ch\/fr\/wp-json\/wp\/v2\/posts\/2896","targetHints":{"allow":["GET"]}}],"collection":[{"href":"https:\/\/www.organisator.ch\/fr\/wp-json\/wp\/v2\/posts"}],"about":[{"href":"https:\/\/www.organisator.ch\/fr\/wp-json\/wp\/v2\/types\/post"}],"author":[{"embeddable":true,"href":"https:\/\/www.organisator.ch\/fr\/wp-json\/wp\/v2\/users\/4"}],"replies":[{"embeddable":true,"href":"https:\/\/www.organisator.ch\/fr\/wp-json\/wp\/v2\/comments?post=2896"}],"version-history":[{"count":0,"href":"https:\/\/www.organisator.ch\/fr\/wp-json\/wp\/v2\/posts\/2896\/revisions"}],"wp:featuredmedia":[{"embeddable":true,"href":"https:\/\/www.organisator.ch\/fr\/wp-json\/wp\/v2\/media\/2897"}],"wp:attachment":[{"href":"https:\/\/www.organisator.ch\/fr\/wp-json\/wp\/v2\/media?parent=2896"}],"wp:term":[{"taxonomy":"category","embeddable":true,"href":"https:\/\/www.organisator.ch\/fr\/wp-json\/wp\/v2\/categories?post=2896"},{"taxonomy":"post_tag","embeddable":true,"href":"https:\/\/www.organisator.ch\/fr\/wp-json\/wp\/v2\/tags?post=2896"}],"curies":[{"name":"wp","href":"https:\/\/api.w.org\/{rel}","templated":true}]}}