{"id":29024,"date":"2024-08-27T23:45:18","date_gmt":"2024-08-27T21:45:18","guid":{"rendered":"https:\/\/www.organisator.ch\/?p=29024"},"modified":"2024-08-15T08:49:15","modified_gmt":"2024-08-15T06:49:15","slug":"eventbericht-nachhaltigkeit-voneinander-lernen","status":"publish","type":"post","link":"https:\/\/www.organisator.ch\/fr\/sustainability\/2024-08-27\/eventbericht-nachhaltigkeit-voneinander-lernen\/","title":{"rendered":"Rapport d'\u00e9v\u00e9nement : Durabilit\u00e9 - apprendre les uns des autres"},"content":{"rendered":"<section class=\"placed focus\">\n<figure id=\"attachment_29025\" aria-describedby=\"caption-attachment-29025\" style=\"width: 680px\" class=\"wp-caption alignnone\"><img loading=\"lazy\" decoding=\"async\" class=\"size-full wp-image-29025\" src=\"https:\/\/www.organisator.ch\/wp-content\/uploads\/2024\/08\/Eventbericht-Nachhaltigkeit-voneinander-lernen_Organisator.jpg\" alt=\"\" width=\"680\" height=\"397\" srcset=\"https:\/\/www.organisator.ch\/wp-content\/uploads\/2024\/08\/Eventbericht-Nachhaltigkeit-voneinander-lernen_Organisator.jpg 680w, https:\/\/www.organisator.ch\/wp-content\/uploads\/2024\/08\/Eventbericht-Nachhaltigkeit-voneinander-lernen_Organisator-18x12.jpg 18w, https:\/\/www.organisator.ch\/wp-content\/uploads\/2024\/08\/Eventbericht-Nachhaltigkeit-voneinander-lernen_Organisator-375x219.jpg 375w, https:\/\/www.organisator.ch\/wp-content\/uploads\/2024\/08\/Eventbericht-Nachhaltigkeit-voneinander-lernen_Organisator-599x350.jpg 599w\" sizes=\"auto, (max-width: 680px) 100vw, 680px\" \/><figcaption id=\"caption-attachment-29025\" class=\"wp-caption-text\">De gauche \u00e0 droite : Marc Meier, Managing Director EMEA, Dachser Air &amp; Sea Logistics, Bernhard C. B\u00e4rtschi, Head International Markets, Member Executive Management, A. Vogel Group, Jochen Layer, Vice President Corporate Fulfillment, Ricola, Bea Jucker, Moderatorin, Newbury Media &amp; Communications GmbH, et Bukurim Selmani, Compliance Officer, CMS\/CSR Project Responsible, A. Vogel AG. (Photo : Marlies Beeler-Thurnheer)<\/figcaption><\/figure><\/p>\n<p>La durabilit\u00e9 est aujourd'hui attendue par de nombreux clients dans le monde entier. Elle renforce la valeur de l'image de marque. Pour se rapprocher de cet objectif strat\u00e9gique, il faut faire de nombreux petits pas.<\/p>\n<p>Les pr\u00e9sentations de A. Vogel AG et de Ricola Suisse SA ont offert aux participants des informations et des exemples de d\u00e9marches possibles. Bernhard C. Baertschi, Head International Markets, Member Executive Management, A. Vogel AG (CH), et Jochen Layer, Vice President Corporate Fulfillment, Ricola (CH), ont expliqu\u00e9, \u00e0 l'aide d'exemples, quelles \u00e9tapes concr\u00e8tes ont \u00e9t\u00e9 franchies jusqu'\u00e0 pr\u00e9sent dans leurs entreprises pour d\u00e9velopper des solutions r\u00e9alisables et mesurables, et quels objectifs sont vis\u00e9s pour l'avenir.<\/p>\n<p>Les deux entreprises sont d\u00e9j\u00e0 fortement engag\u00e9es dans des initiatives de durabilit\u00e9 dans le domaine de la responsabilit\u00e9 sociale et environnementale. Des am\u00e9liorations, en particulier dans la logistique, sont continuellement pouss\u00e9es en coop\u00e9ration avec Dachser afin de garantir une cr\u00e9ation de valeur durable \u00e0 long terme. Ricola examine \u00e9galement les normes \u00e9cologiques dans la cha\u00eene de cr\u00e9ation de valeur, afin de trouver des solutions optimales avec les fournisseurs, les prestataires de services et les entreprises partenaires, par exemple. En effet, pour atteindre ses propres objectifs strat\u00e9giques, il faut une coop\u00e9ration interdisciplinaire et interentreprises ainsi qu'une culture d'entreprise similaire chez les partenaires. Dans le cadre de la manifestation, il est apparu que l'entreprise Ricola est d\u00e9j\u00e0 tr\u00e8s avanc\u00e9e en mati\u00e8re de durabilit\u00e9 dans la distribution.<\/p>\n<p>Marc Meier, Managing Director Dachser Air &amp; Sea Logistics EMEA, a expliqu\u00e9 qu'il serait possible de r\u00e9aliser des progr\u00e8s encore plus importants dans le domaine de la durabilit\u00e9 gr\u00e2ce \u00e0 davantage de transparence et de collaboration tout au long de la cha\u00eene d'approvisionnement, \u00e0 un \u00e9change ouvert et intensif d'exp\u00e9riences, y compris avec les autorit\u00e9s, \u00e0 un partage complet et confiant des donn\u00e9es et \u00e0 une meilleure int\u00e9gration des processus. Mais peut-\u00eatre faut-il aussi parfois trouver des approches totalement nouvelles pour accro\u00eetre durablement la comp\u00e9titivit\u00e9 et la performance des entreprises, au-del\u00e0 des am\u00e9liorations continues. Dachser essaie toujours de soutenir ses clients dans leurs projets de d\u00e9veloppement durable par des mesures concr\u00e8tes et sur mesure.<\/p>\n<p>Avec des manifestations de networking comme celle du 4 juin 2024 chez A. Vogel AG, les agences Dachser de Saint-Gall (CH), Baindt (DE) et Steisslingen (DE) veulent intensifier le dialogue avec et entre leurs clients. \"Apprendre les uns des autres\" est une pr\u00e9occupation majeure du prestataire logistique. En outre, l'entreprise souhaite donner des pistes de r\u00e9flexion critiques et remercie ses clients pour celles qu'ils lui fournissent.<\/p>\n<p>&nbsp;<\/p>\n<\/section>\n<section class=\"placed\">\n<blockquote>\n<h3>A propos de Dachser Suisse :<\/h3>\n<p>Dachser Spedition AG (Dachser Suisse) est une filiale du prestataire de services de transport et de logistique Dachser dont le si\u00e8ge social se trouve \u00e0 Kempten, en Allemagne. La premi\u00e8re agence en Suisse a \u00e9t\u00e9 ouverte en 1967. Dachser Suisse est aujourd'hui pr\u00e9sent sur six sites, emploie 328 collaborateurs et a r\u00e9alis\u00e9 en 2023 un chiffre d'affaires net de 115,3 millions de francs suisses. En 2023, Dachser Suisse a transport\u00e9 622 700 envois d'un poids de 272 900 tonnes.<\/p>\n<p>Pour plus d'informations, voir <a href=\"http:\/\/www.dachser.ch\">dachser.ch<\/a>.<\/p>\n<p>&nbsp;<\/p>\n<h3>A propos de Dachser :<\/h3>\n<p>Le site <a href=\"http:\/\/www.dachser.de\">Entreprise familiale Dachser, si\u00e8ge social \u00e0 Kempten, Allemagne<\/a>Dachser Air &amp; Sea Logistics et Dachser Road Logistics, qui proposent des services de logistique de transport, d'entreposage et des services personnalis\u00e9s au sein de deux secteurs d'activit\u00e9. Ce dernier se divise en deux business lines, Dachser European Logistics et Dachser Food Logistics. Des services logistiques contractuels globaux ainsi que des solutions sp\u00e9cifiques \u00e0 certains secteurs compl\u00e8tent l'offre. Un r\u00e9seau de transport europ\u00e9en et intercontinental complet et des syst\u00e8mes d'information enti\u00e8rement int\u00e9gr\u00e9s garantissent des solutions logistiques intelligentes dans le monde entier.<\/p>\n<\/blockquote>\n<\/section>","protected":false},"excerpt":{"rendered":"<p>PUBLIREPORTAGE Le 4 juin, Dachser Suisse a organis\u00e9 \u00e0 Roggwil TG, en coop\u00e9ration avec A. Vogel AG, un \u00e9v\u00e9nement de r\u00e9seautage interactif tr\u00e8s fr\u00e9quent\u00e9, plac\u00e9 sous la devise \"Durabilit\u00e9 - apprendre les uns des autres\".<\/p>","protected":false},"author":4,"featured_media":29025,"comment_status":"closed","ping_status":"closed","sticky":false,"template":"","format":"standard","meta":{"_acf_changed":false,"_yoast_wpseo_focuskw":"Nachhaltigkeit","_yoast_wpseo_metadesc":"Am 4. Juni veranstaltete Dachser Schweiz mit der A. Vogel AG einen Networking-Event unter dem Motto \u00abNachhaltigkeit \u2013 voneinander lernen\u00bb.","articlekey":"","footnotes":""},"categories":[580],"tags":[4106,328,358],"class_list":["post-29024","post","type-post","status-publish","format-standard","has-post-thumbnail","hentry","category-sustainability","tag-business-events","tag-logistik","tag-nachhaltige-wirtschaft"],"acf":[],"yoast_head":"<!-- This site is optimized with the Yoast SEO plugin v27.5 - https:\/\/yoast.com\/product\/yoast-seo-wordpress\/ -->\n<title>Eventbericht: Nachhaltigkeit \u2013 voneinander lernen - Organisator<\/title>\n<meta name=\"description\" content=\"Am 4. Juni veranstaltete Dachser Schweiz mit der A. Vogel AG einen Networking-Event unter dem Motto \u00abNachhaltigkeit \u2013 voneinander lernen\u00bb.\" \/>\n<meta name=\"robots\" content=\"index, follow, max-snippet:-1, max-image-preview:large, max-video-preview:-1\" \/>\n<link rel=\"canonical\" href=\"https:\/\/www.organisator.ch\/fr\/sustainability\/2024-08-27\/eventbericht-nachhaltigkeit-voneinander-lernen\/\" \/>\n<meta property=\"og:locale\" content=\"fr_FR\" \/>\n<meta property=\"og:type\" content=\"article\" \/>\n<meta property=\"og:title\" content=\"Eventbericht: Nachhaltigkeit \u2013 voneinander lernen - Organisator\" \/>\n<meta property=\"og:description\" content=\"Am 4. Juni veranstaltete Dachser Schweiz mit der A. Vogel AG einen Networking-Event unter dem Motto \u00abNachhaltigkeit \u2013 voneinander lernen\u00bb.\" \/>\n<meta property=\"og:url\" content=\"https:\/\/www.organisator.ch\/fr\/sustainability\/2024-08-27\/eventbericht-nachhaltigkeit-voneinander-lernen\/\" \/>\n<meta property=\"og:site_name\" content=\"Organisator\" \/>\n<meta property=\"article:publisher\" content=\"https:\/\/www.facebook.com\/OrganisatorFachmagazin\" \/>\n<meta property=\"article:published_time\" content=\"2024-08-27T21:45:18+00:00\" \/>\n<meta property=\"og:image\" content=\"https:\/\/www.organisator.ch\/wp-content\/uploads\/2024\/08\/Eventbericht-Nachhaltigkeit-voneinander-lernen_Organisator.jpg\" \/>\n\t<meta property=\"og:image:width\" content=\"680\" \/>\n\t<meta property=\"og:image:height\" content=\"397\" \/>\n\t<meta property=\"og:image:type\" content=\"image\/jpeg\" \/>\n<meta name=\"author\" content=\"thomas.berner\" \/>\n<meta name=\"twitter:card\" content=\"summary_large_image\" \/>\n<script type=\"application\/ld+json\" class=\"yoast-schema-graph\">{\"@context\":\"https:\\\/\\\/schema.org\",\"@graph\":[{\"@type\":\"Article\",\"@id\":\"https:\\\/\\\/www.organisator.ch\\\/sustainability\\\/2024-08-27\\\/eventbericht-nachhaltigkeit-voneinander-lernen\\\/#article\",\"isPartOf\":{\"@id\":\"https:\\\/\\\/www.organisator.ch\\\/sustainability\\\/2024-08-27\\\/eventbericht-nachhaltigkeit-voneinander-lernen\\\/\"},\"author\":{\"name\":\"thomas.berner\",\"@id\":\"https:\\\/\\\/www.organisator.ch\\\/#\\\/schema\\\/person\\\/6f650f90b2842cd4c0cc334b4e36f67e\"},\"headline\":\"Eventbericht: Nachhaltigkeit \u2013 voneinander lernen\",\"datePublished\":\"2024-08-27T21:45:18+00:00\",\"mainEntityOfPage\":{\"@id\":\"https:\\\/\\\/www.organisator.ch\\\/sustainability\\\/2024-08-27\\\/eventbericht-nachhaltigkeit-voneinander-lernen\\\/\"},\"wordCount\":572,\"publisher\":{\"@id\":\"https:\\\/\\\/www.organisator.ch\\\/#organization\"},\"image\":{\"@id\":\"https:\\\/\\\/www.organisator.ch\\\/sustainability\\\/2024-08-27\\\/eventbericht-nachhaltigkeit-voneinander-lernen\\\/#primaryimage\"},\"thumbnailUrl\":\"https:\\\/\\\/www.organisator.ch\\\/wp-content\\\/uploads\\\/2024\\\/08\\\/Eventbericht-Nachhaltigkeit-voneinander-lernen_Organisator.jpg\",\"keywords\":[\"Business-Events\",\"Logistik\",\"Nachhaltige Wirtschaft\"],\"articleSection\":[\"SUSTAINABILITY\"],\"inLanguage\":\"fr-FR\"},{\"@type\":\"WebPage\",\"@id\":\"https:\\\/\\\/www.organisator.ch\\\/sustainability\\\/2024-08-27\\\/eventbericht-nachhaltigkeit-voneinander-lernen\\\/\",\"url\":\"https:\\\/\\\/www.organisator.ch\\\/sustainability\\\/2024-08-27\\\/eventbericht-nachhaltigkeit-voneinander-lernen\\\/\",\"name\":\"Eventbericht: Nachhaltigkeit \u2013 voneinander lernen - Organisator\",\"isPartOf\":{\"@id\":\"https:\\\/\\\/www.organisator.ch\\\/#website\"},\"primaryImageOfPage\":{\"@id\":\"https:\\\/\\\/www.organisator.ch\\\/sustainability\\\/2024-08-27\\\/eventbericht-nachhaltigkeit-voneinander-lernen\\\/#primaryimage\"},\"image\":{\"@id\":\"https:\\\/\\\/www.organisator.ch\\\/sustainability\\\/2024-08-27\\\/eventbericht-nachhaltigkeit-voneinander-lernen\\\/#primaryimage\"},\"thumbnailUrl\":\"https:\\\/\\\/www.organisator.ch\\\/wp-content\\\/uploads\\\/2024\\\/08\\\/Eventbericht-Nachhaltigkeit-voneinander-lernen_Organisator.jpg\",\"datePublished\":\"2024-08-27T21:45:18+00:00\",\"description\":\"Am 4. Juni veranstaltete Dachser Schweiz mit der A. Vogel AG einen Networking-Event unter dem Motto \u00abNachhaltigkeit \u2013 voneinander lernen\u00bb.\",\"breadcrumb\":{\"@id\":\"https:\\\/\\\/www.organisator.ch\\\/sustainability\\\/2024-08-27\\\/eventbericht-nachhaltigkeit-voneinander-lernen\\\/#breadcrumb\"},\"inLanguage\":\"fr-FR\",\"potentialAction\":[{\"@type\":\"ReadAction\",\"target\":[\"https:\\\/\\\/www.organisator.ch\\\/sustainability\\\/2024-08-27\\\/eventbericht-nachhaltigkeit-voneinander-lernen\\\/\"]}]},{\"@type\":\"ImageObject\",\"inLanguage\":\"fr-FR\",\"@id\":\"https:\\\/\\\/www.organisator.ch\\\/sustainability\\\/2024-08-27\\\/eventbericht-nachhaltigkeit-voneinander-lernen\\\/#primaryimage\",\"url\":\"https:\\\/\\\/www.organisator.ch\\\/wp-content\\\/uploads\\\/2024\\\/08\\\/Eventbericht-Nachhaltigkeit-voneinander-lernen_Organisator.jpg\",\"contentUrl\":\"https:\\\/\\\/www.organisator.ch\\\/wp-content\\\/uploads\\\/2024\\\/08\\\/Eventbericht-Nachhaltigkeit-voneinander-lernen_Organisator.jpg\",\"width\":680,\"height\":397,\"caption\":\"Von links nach rechts: Marc Meier, Managing Director EMEA, Dachser Air & Sea Logistics, Bernhard C. B\u00e4rtschi, Head International Markets, Member Executive Management, A. Vogel Group, Jochen Layer, Vice President Corporate Fulfillment, Ricola, Bea Jucker, Moderatorin, Newbury Media & Communications GmbH, und Bukurim Selmani, Compliance Officer, CMS\\\/CSR Project Responsible, A. Vogel AG. (Bild: Marlies Beeler-Thurnheer)\"},{\"@type\":\"BreadcrumbList\",\"@id\":\"https:\\\/\\\/www.organisator.ch\\\/sustainability\\\/2024-08-27\\\/eventbericht-nachhaltigkeit-voneinander-lernen\\\/#breadcrumb\",\"itemListElement\":[{\"@type\":\"ListItem\",\"position\":1,\"name\":\"Home\",\"item\":\"https:\\\/\\\/www.organisator.ch\\\/\"},{\"@type\":\"ListItem\",\"position\":2,\"name\":\"Eventbericht: Nachhaltigkeit \u2013 voneinander lernen\"}]},{\"@type\":\"WebSite\",\"@id\":\"https:\\\/\\\/www.organisator.ch\\\/#website\",\"url\":\"https:\\\/\\\/www.organisator.ch\\\/\",\"name\":\"Organisator\",\"description\":\"Kompetent. Praxisnah. Der ORGANISATOR bereitet in 10 Ausgaben pro Jahr die wesentlichen Themen f\u00fcr F\u00fchrungskr\u00e4fte von KMU auf.\",\"publisher\":{\"@id\":\"https:\\\/\\\/www.organisator.ch\\\/#organization\"},\"potentialAction\":[{\"@type\":\"SearchAction\",\"target\":{\"@type\":\"EntryPoint\",\"urlTemplate\":\"https:\\\/\\\/www.organisator.ch\\\/?s={search_term_string}\"},\"query-input\":{\"@type\":\"PropertyValueSpecification\",\"valueRequired\":true,\"valueName\":\"search_term_string\"}}],\"inLanguage\":\"fr-FR\"},{\"@type\":\"Organization\",\"@id\":\"https:\\\/\\\/www.organisator.ch\\\/#organization\",\"name\":\"Organisator\",\"url\":\"https:\\\/\\\/www.organisator.ch\\\/\",\"logo\":{\"@type\":\"ImageObject\",\"inLanguage\":\"fr-FR\",\"@id\":\"https:\\\/\\\/www.organisator.ch\\\/#\\\/schema\\\/logo\\\/image\\\/\",\"url\":\"https:\\\/\\\/www.organisator.ch\\\/wp-content\\\/uploads\\\/2022\\\/01\\\/Logo_Organisator_Website.png\",\"contentUrl\":\"https:\\\/\\\/www.organisator.ch\\\/wp-content\\\/uploads\\\/2022\\\/01\\\/Logo_Organisator_Website.png\",\"width\":800,\"height\":77,\"caption\":\"Organisator\"},\"image\":{\"@id\":\"https:\\\/\\\/www.organisator.ch\\\/#\\\/schema\\\/logo\\\/image\\\/\"},\"sameAs\":[\"https:\\\/\\\/www.facebook.com\\\/OrganisatorFachmagazin\",\"https:\\\/\\\/www.linkedin.com\\\/showcase\\\/organisator-das-magazin-fr-kmu\",\"https:\\\/\\\/www.xing.com\\\/news\\\/pages\\\/organisator-ch-695\",\"https:\\\/\\\/www.youtube.com\\\/channel\\\/UCGP2Sq0iWaZwT3BdIAQFYpw\"]},{\"@type\":\"Person\",\"@id\":\"https:\\\/\\\/www.organisator.ch\\\/#\\\/schema\\\/person\\\/6f650f90b2842cd4c0cc334b4e36f67e\",\"name\":\"thomas.berner\",\"image\":{\"@type\":\"ImageObject\",\"inLanguage\":\"fr-FR\",\"@id\":\"https:\\\/\\\/secure.gravatar.com\\\/avatar\\\/ac5001d2a36cb6c6cd3e50789007ffca834b477b74a2144564522e944eabff61?s=96&d=mm&r=g\",\"url\":\"https:\\\/\\\/secure.gravatar.com\\\/avatar\\\/ac5001d2a36cb6c6cd3e50789007ffca834b477b74a2144564522e944eabff61?s=96&d=mm&r=g\",\"contentUrl\":\"https:\\\/\\\/secure.gravatar.com\\\/avatar\\\/ac5001d2a36cb6c6cd3e50789007ffca834b477b74a2144564522e944eabff61?s=96&d=mm&r=g\",\"caption\":\"thomas.berner\"},\"url\":\"https:\\\/\\\/www.organisator.ch\\\/fr\\\/author\\\/thomas-berner\\\/\"}]}<\/script>\n<!-- \/ Yoast SEO plugin. -->","yoast_head_json":{"title":"Rapport d'\u00e9v\u00e9nement : Durabilit\u00e9 - apprendre les uns des autres - Organisateur","description":"Le 4 juin, Dachser Suisse a organis\u00e9 avec A. Vogel AG un \u00e9v\u00e9nement de r\u00e9seautage sous la devise \"Durabilit\u00e9 - apprendre les uns des autres\".","robots":{"index":"index","follow":"follow","max-snippet":"max-snippet:-1","max-image-preview":"max-image-preview:large","max-video-preview":"max-video-preview:-1"},"canonical":"https:\/\/www.organisator.ch\/fr\/sustainability\/2024-08-27\/eventbericht-nachhaltigkeit-voneinander-lernen\/","og_locale":"fr_FR","og_type":"article","og_title":"Eventbericht: Nachhaltigkeit \u2013 voneinander lernen - Organisator","og_description":"Am 4. Juni veranstaltete Dachser Schweiz mit der A. Vogel AG einen Networking-Event unter dem Motto \u00abNachhaltigkeit \u2013 voneinander lernen\u00bb.","og_url":"https:\/\/www.organisator.ch\/fr\/sustainability\/2024-08-27\/eventbericht-nachhaltigkeit-voneinander-lernen\/","og_site_name":"Organisator","article_publisher":"https:\/\/www.facebook.com\/OrganisatorFachmagazin","article_published_time":"2024-08-27T21:45:18+00:00","og_image":[{"width":680,"height":397,"url":"https:\/\/www.organisator.ch\/wp-content\/uploads\/2024\/08\/Eventbericht-Nachhaltigkeit-voneinander-lernen_Organisator.jpg","type":"image\/jpeg"}],"author":"thomas.berner","twitter_card":"summary_large_image","schema":{"@context":"https:\/\/schema.org","@graph":[{"@type":"Article","@id":"https:\/\/www.organisator.ch\/sustainability\/2024-08-27\/eventbericht-nachhaltigkeit-voneinander-lernen\/#article","isPartOf":{"@id":"https:\/\/www.organisator.ch\/sustainability\/2024-08-27\/eventbericht-nachhaltigkeit-voneinander-lernen\/"},"author":{"name":"thomas.berner","@id":"https:\/\/www.organisator.ch\/#\/schema\/person\/6f650f90b2842cd4c0cc334b4e36f67e"},"headline":"Eventbericht: Nachhaltigkeit \u2013 voneinander lernen","datePublished":"2024-08-27T21:45:18+00:00","mainEntityOfPage":{"@id":"https:\/\/www.organisator.ch\/sustainability\/2024-08-27\/eventbericht-nachhaltigkeit-voneinander-lernen\/"},"wordCount":572,"publisher":{"@id":"https:\/\/www.organisator.ch\/#organization"},"image":{"@id":"https:\/\/www.organisator.ch\/sustainability\/2024-08-27\/eventbericht-nachhaltigkeit-voneinander-lernen\/#primaryimage"},"thumbnailUrl":"https:\/\/www.organisator.ch\/wp-content\/uploads\/2024\/08\/Eventbericht-Nachhaltigkeit-voneinander-lernen_Organisator.jpg","keywords":["Business-Events","Logistik","Nachhaltige Wirtschaft"],"articleSection":["SUSTAINABILITY"],"inLanguage":"fr-FR"},{"@type":"WebPage","@id":"https:\/\/www.organisator.ch\/sustainability\/2024-08-27\/eventbericht-nachhaltigkeit-voneinander-lernen\/","url":"https:\/\/www.organisator.ch\/sustainability\/2024-08-27\/eventbericht-nachhaltigkeit-voneinander-lernen\/","name":"Rapport d'\u00e9v\u00e9nement : Durabilit\u00e9 - apprendre les uns des autres - Organisateur","isPartOf":{"@id":"https:\/\/www.organisator.ch\/#website"},"primaryImageOfPage":{"@id":"https:\/\/www.organisator.ch\/sustainability\/2024-08-27\/eventbericht-nachhaltigkeit-voneinander-lernen\/#primaryimage"},"image":{"@id":"https:\/\/www.organisator.ch\/sustainability\/2024-08-27\/eventbericht-nachhaltigkeit-voneinander-lernen\/#primaryimage"},"thumbnailUrl":"https:\/\/www.organisator.ch\/wp-content\/uploads\/2024\/08\/Eventbericht-Nachhaltigkeit-voneinander-lernen_Organisator.jpg","datePublished":"2024-08-27T21:45:18+00:00","description":"Le 4 juin, Dachser Suisse a organis\u00e9 avec A. Vogel AG un \u00e9v\u00e9nement de r\u00e9seautage sous la devise \"Durabilit\u00e9 - apprendre les uns des autres\".","breadcrumb":{"@id":"https:\/\/www.organisator.ch\/sustainability\/2024-08-27\/eventbericht-nachhaltigkeit-voneinander-lernen\/#breadcrumb"},"inLanguage":"fr-FR","potentialAction":[{"@type":"ReadAction","target":["https:\/\/www.organisator.ch\/sustainability\/2024-08-27\/eventbericht-nachhaltigkeit-voneinander-lernen\/"]}]},{"@type":"ImageObject","inLanguage":"fr-FR","@id":"https:\/\/www.organisator.ch\/sustainability\/2024-08-27\/eventbericht-nachhaltigkeit-voneinander-lernen\/#primaryimage","url":"https:\/\/www.organisator.ch\/wp-content\/uploads\/2024\/08\/Eventbericht-Nachhaltigkeit-voneinander-lernen_Organisator.jpg","contentUrl":"https:\/\/www.organisator.ch\/wp-content\/uploads\/2024\/08\/Eventbericht-Nachhaltigkeit-voneinander-lernen_Organisator.jpg","width":680,"height":397,"caption":"Von links nach rechts: Marc Meier, Managing Director EMEA, Dachser Air & Sea Logistics, Bernhard C. B\u00e4rtschi, Head International Markets, Member Executive Management, A. Vogel Group, Jochen Layer, Vice President Corporate Fulfillment, Ricola, Bea Jucker, Moderatorin, Newbury Media & Communications GmbH, und Bukurim Selmani, Compliance Officer, CMS\/CSR Project Responsible, A. Vogel AG. (Bild: Marlies Beeler-Thurnheer)"},{"@type":"BreadcrumbList","@id":"https:\/\/www.organisator.ch\/sustainability\/2024-08-27\/eventbericht-nachhaltigkeit-voneinander-lernen\/#breadcrumb","itemListElement":[{"@type":"ListItem","position":1,"name":"Home","item":"https:\/\/www.organisator.ch\/"},{"@type":"ListItem","position":2,"name":"Eventbericht: Nachhaltigkeit \u2013 voneinander lernen"}]},{"@type":"WebSite","@id":"https:\/\/www.organisator.ch\/#website","url":"https:\/\/www.organisator.ch\/","name":"Organisateur","description":"Comp\u00e9tence et comp\u00e9tence. Proches de la pratique. L'ORGANISATEUR pr\u00e9pare 10 num\u00e9ros par an sur les th\u00e8mes essentiels pour les dirigeants de PME.","publisher":{"@id":"https:\/\/www.organisator.ch\/#organization"},"potentialAction":[{"@type":"SearchAction","target":{"@type":"EntryPoint","urlTemplate":"https:\/\/www.organisator.ch\/?s={search_term_string}"},"query-input":{"@type":"PropertyValueSpecification","valueRequired":true,"valueName":"search_term_string"}}],"inLanguage":"fr-FR"},{"@type":"Organization","@id":"https:\/\/www.organisator.ch\/#organization","name":"Organisateur","url":"https:\/\/www.organisator.ch\/","logo":{"@type":"ImageObject","inLanguage":"fr-FR","@id":"https:\/\/www.organisator.ch\/#\/schema\/logo\/image\/","url":"https:\/\/www.organisator.ch\/wp-content\/uploads\/2022\/01\/Logo_Organisator_Website.png","contentUrl":"https:\/\/www.organisator.ch\/wp-content\/uploads\/2022\/01\/Logo_Organisator_Website.png","width":800,"height":77,"caption":"Organisator"},"image":{"@id":"https:\/\/www.organisator.ch\/#\/schema\/logo\/image\/"},"sameAs":["https:\/\/www.facebook.com\/OrganisatorFachmagazin","https:\/\/www.linkedin.com\/showcase\/organisator-das-magazin-fr-kmu","https:\/\/www.xing.com\/news\/pages\/organisator-ch-695","https:\/\/www.youtube.com\/channel\/UCGP2Sq0iWaZwT3BdIAQFYpw"]},{"@type":"Person","@id":"https:\/\/www.organisator.ch\/#\/schema\/person\/6f650f90b2842cd4c0cc334b4e36f67e","name":"thomas.berner","image":{"@type":"ImageObject","inLanguage":"fr-FR","@id":"https:\/\/secure.gravatar.com\/avatar\/ac5001d2a36cb6c6cd3e50789007ffca834b477b74a2144564522e944eabff61?s=96&d=mm&r=g","url":"https:\/\/secure.gravatar.com\/avatar\/ac5001d2a36cb6c6cd3e50789007ffca834b477b74a2144564522e944eabff61?s=96&d=mm&r=g","contentUrl":"https:\/\/secure.gravatar.com\/avatar\/ac5001d2a36cb6c6cd3e50789007ffca834b477b74a2144564522e944eabff61?s=96&d=mm&r=g","caption":"thomas.berner"},"url":"https:\/\/www.organisator.ch\/fr\/author\/thomas-berner\/"}]}},"_links":{"self":[{"href":"https:\/\/www.organisator.ch\/fr\/wp-json\/wp\/v2\/posts\/29024","targetHints":{"allow":["GET"]}}],"collection":[{"href":"https:\/\/www.organisator.ch\/fr\/wp-json\/wp\/v2\/posts"}],"about":[{"href":"https:\/\/www.organisator.ch\/fr\/wp-json\/wp\/v2\/types\/post"}],"author":[{"embeddable":true,"href":"https:\/\/www.organisator.ch\/fr\/wp-json\/wp\/v2\/users\/4"}],"replies":[{"embeddable":true,"href":"https:\/\/www.organisator.ch\/fr\/wp-json\/wp\/v2\/comments?post=29024"}],"version-history":[{"count":4,"href":"https:\/\/www.organisator.ch\/fr\/wp-json\/wp\/v2\/posts\/29024\/revisions"}],"predecessor-version":[{"id":29394,"href":"https:\/\/www.organisator.ch\/fr\/wp-json\/wp\/v2\/posts\/29024\/revisions\/29394"}],"wp:featuredmedia":[{"embeddable":true,"href":"https:\/\/www.organisator.ch\/fr\/wp-json\/wp\/v2\/media\/29025"}],"wp:attachment":[{"href":"https:\/\/www.organisator.ch\/fr\/wp-json\/wp\/v2\/media?parent=29024"}],"wp:term":[{"taxonomy":"category","embeddable":true,"href":"https:\/\/www.organisator.ch\/fr\/wp-json\/wp\/v2\/categories?post=29024"},{"taxonomy":"post_tag","embeddable":true,"href":"https:\/\/www.organisator.ch\/fr\/wp-json\/wp\/v2\/tags?post=29024"}],"curies":[{"name":"wp","href":"https:\/\/api.w.org\/{rel}","templated":true}]}}