{"id":29064,"date":"2024-08-15T17:01:33","date_gmt":"2024-08-15T15:01:33","guid":{"rendered":"https:\/\/www.markt-kom.com\/?p=221652"},"modified":"2024-11-08T12:51:21","modified_gmt":"2024-11-08T11:51:21","slug":"internet-anbieter-iway-unterstuetzt-a-million-dreams-2","status":"publish","type":"post","link":"https:\/\/www.organisator.ch\/fr\/marketing\/2024-08-15\/internet-anbieter-iway-unterstuetzt-a-million-dreams-2\/","title":{"rendered":"Le fournisseur d'acc\u00e8s \u00e0 Internet iWay soutient A Million Dreams"},"content":{"rendered":"<p><img class=\"alignnone wp-image-221653 size-full\" src=\"https:\/\/www.markt-kom.com\/wp-content\/uploads\/2024\/08\/walkofdreams-2024-iway.jpg\" alt=\"Walk of Dreams\" width=\"1200\" height=\"627\" \/>iWay est le sponsor principal de la premi\u00e8re \u00e9dition de \"Walk of Dreams\", une randonn\u00e9e qui se d\u00e9roulera du 25 au 29 septembre. Cet \u00e9v\u00e9nement sp\u00e9cial vise \u00e0 rassembler les gens pour qu'ils r\u00e9fl\u00e9chissent \u00e0 leurs propres r\u00eaves et en parlent avec d'autres, tout en collectant des fonds pour les personnes d\u00e9favoris\u00e9es.<\/p>\r\n<p>\"Nous sommes tr\u00e8s heureux d'\u00eatre le premier Main \u00e0 sponsoriser ce nouvel \u00e9v\u00e9nement et mouvement inspirant. En effet, les fonds r\u00e9colt\u00e9s seront utilis\u00e9s \u00e0 100 % pour r\u00e9aliser les r\u00eaves de personnes d\u00e9favoris\u00e9es en Suisse\", d\u00e9clare Markus Vetterli, CEO d'iWay. Vetterli se r\u00e9jouit particuli\u00e8rement du fait qu'en plus du soutien financier apport\u00e9 au Walk of Dreams, des collaborateurs d'iWay participeront \u00e0 la randonn\u00e9e et r\u00e9colteront ainsi des dons pour l'organisation \u00e0 chaque kilom\u00e8tre parcouru.<\/p>\r\n<h3>Lancement le jour des r\u00eaves<\/h3>\r\n<p>Le Walk of Dreams d\u00e9bute le 25 septembre, journ\u00e9e internationale des r\u00eaves. A Million Dreams souhaite marquer cette journ\u00e9e largement m\u00e9connue des Suisses.<br \/>\r\npopulation et la c\u00e9l\u00e9brer. Le chemin m\u00e8ne d'Aarau \u00e0 Berne en passant par Aarburg, Langenthal, Soleure et Jegenstorf et s'\u00e9tend sur cinq jours avec des \u00e9tapes quotidiennes d'environ 20 kilom\u00e8tres. Le Walk of Dreams met en sc\u00e8ne Allycorn, sans doute la plus grande licorne volante que la Suisse ait jamais connue.<\/p>\r\n<p>La montgolfi\u00e8re rose de 30 m\u00e8tres de haut ne sera pas seulement admir\u00e9e dans le ciel. Quatre vols matinaux seront mis aux ench\u00e8res pour la bonne cause et des vols stationnaires en montgolfi\u00e8re captive avec Allycorn seront propos\u00e9s aux lieux d'\u00e9tape. Plus d'informations <a href=\"http:\/\/www.walkofdreams.ch.\/\">ici.<\/a><\/p>\r\n<hr \/>\r\n<p><em>iWay AG, dont le si\u00e8ge est \u00e0 Zurich, fait partie des principaux fournisseurs d'acc\u00e8s Internet pour les particuliers et les petites et moyennes entreprises. Fond\u00e9e en 1995, l'entreprise propose des solutions sur mesure dans les domaines de l'Internet, de la VoIP, de la t\u00e9l\u00e9phonie mobile, de la t\u00e9l\u00e9vision, de l'h\u00e9bergement, des domaines et des centres de donn\u00e9es. Les lecteurs du magazine \u00e9conomique Bilanz ont d\u00e9j\u00e0 distingu\u00e9 iWay \u00e0 plusieurs reprises dans le cadre du Telekom-Rating publi\u00e9 chaque ann\u00e9e. iWay est synonyme de support personnalis\u00e9 et gratuit et mise \u00e0 100 % sur le savoir-faire et l'infrastructure suisses.<\/em><\/p>","protected":false},"excerpt":{"rendered":"<p>iWay d\u00e9veloppe ses activit\u00e9s de sponsoring et soutient d\u00e9sormais \u00e0 plus grande \u00e9chelle une organisation d'utilit\u00e9 publique, A Million Dreams.<\/p>","protected":false},"author":8,"featured_media":0,"comment_status":"closed","ping_status":"closed","sticky":false,"template":"","format":"standard","meta":{"_acf_changed":false,"_yoast_wpseo_focuskw":"Walk of Dreams","_yoast_wpseo_metadesc":"iWay sponsort Walk of Dreams 2024. Wanderung zum Sammeln von Spenden f\u00fcr benachteiligte Menschen vom 25. bis 29. September.","articlekey":"","footnotes":""},"categories":[29],"tags":[4343,2896],"class_list":["post-29064","post","type-post","status-publish","format-standard","hentry","category-marketing","tag-markom","tag-sponsoring"],"acf":[],"yoast_head":"<!-- This site is optimized with the Yoast SEO plugin v27.4 - https:\/\/yoast.com\/product\/yoast-seo-wordpress\/ -->\n<title>Internet-Anbieter iWay unterst\u00fctzt A Million Dreams - Organisator<\/title>\n<meta name=\"description\" content=\"iWay sponsort Walk of Dreams 2024. Wanderung zum Sammeln von Spenden f\u00fcr benachteiligte Menschen vom 25. bis 29. September.\" \/>\n<meta name=\"robots\" content=\"index, follow, max-snippet:-1, max-image-preview:large, max-video-preview:-1\" \/>\n<link rel=\"canonical\" href=\"https:\/\/www.organisator.ch\/fr\/marketing\/2024-08-15\/internet-anbieter-iway-unterstuetzt-a-million-dreams-2\/\" \/>\n<meta property=\"og:locale\" content=\"fr_FR\" \/>\n<meta property=\"og:type\" content=\"article\" \/>\n<meta property=\"og:title\" content=\"Internet-Anbieter iWay unterst\u00fctzt A Million Dreams - Organisator\" \/>\n<meta property=\"og:description\" content=\"iWay sponsort Walk of Dreams 2024. Wanderung zum Sammeln von Spenden f\u00fcr benachteiligte Menschen vom 25. bis 29. September.\" \/>\n<meta property=\"og:url\" content=\"https:\/\/www.organisator.ch\/fr\/marketing\/2024-08-15\/internet-anbieter-iway-unterstuetzt-a-million-dreams-2\/\" \/>\n<meta property=\"og:site_name\" content=\"Organisator\" \/>\n<meta property=\"article:publisher\" content=\"https:\/\/www.facebook.com\/OrganisatorFachmagazin\" \/>\n<meta property=\"article:published_time\" content=\"2024-08-15T15:01:33+00:00\" \/>\n<meta property=\"article:modified_time\" content=\"2024-11-08T11:51:21+00:00\" \/>\n<meta property=\"og:image\" content=\"https:\/\/www.markt-kom.com\/wp-content\/uploads\/2024\/08\/walkofdreams-2024-iway.jpg\" \/>\n<meta name=\"author\" content=\"galledia\" \/>\n<meta name=\"twitter:card\" content=\"summary_large_image\" \/>\n<meta name=\"twitter:creator\" content=\"@admin\" \/>\n<script type=\"application\/ld+json\" class=\"yoast-schema-graph\">{\"@context\":\"https:\\\/\\\/schema.org\",\"@graph\":[{\"@type\":\"Article\",\"@id\":\"https:\\\/\\\/www.organisator.ch\\\/marketing\\\/2024-08-15\\\/internet-anbieter-iway-unterstuetzt-a-million-dreams-2\\\/#article\",\"isPartOf\":{\"@id\":\"https:\\\/\\\/www.organisator.ch\\\/marketing\\\/2024-08-15\\\/internet-anbieter-iway-unterstuetzt-a-million-dreams-2\\\/\"},\"author\":{\"name\":\"galledia\",\"@id\":\"https:\\\/\\\/www.organisator.ch\\\/#\\\/schema\\\/person\\\/4e51799071cd2dd1232ac003643ef5f0\"},\"headline\":\"Internet-Anbieter iWay unterst\u00fctzt A Million Dreams\",\"datePublished\":\"2024-08-15T15:01:33+00:00\",\"dateModified\":\"2024-11-08T11:51:21+00:00\",\"mainEntityOfPage\":{\"@id\":\"https:\\\/\\\/www.organisator.ch\\\/marketing\\\/2024-08-15\\\/internet-anbieter-iway-unterstuetzt-a-million-dreams-2\\\/\"},\"wordCount\":328,\"publisher\":{\"@id\":\"https:\\\/\\\/www.organisator.ch\\\/#organization\"},\"image\":{\"@id\":\"https:\\\/\\\/www.organisator.ch\\\/marketing\\\/2024-08-15\\\/internet-anbieter-iway-unterstuetzt-a-million-dreams-2\\\/#primaryimage\"},\"thumbnailUrl\":\"https:\\\/\\\/www.markt-kom.com\\\/wp-content\\\/uploads\\\/2024\\\/08\\\/walkofdreams-2024-iway.jpg\",\"keywords\":[\"MarKom\",\"Sponsoring\"],\"articleSection\":[\"MARKETING\"],\"inLanguage\":\"fr-FR\"},{\"@type\":\"WebPage\",\"@id\":\"https:\\\/\\\/www.organisator.ch\\\/marketing\\\/2024-08-15\\\/internet-anbieter-iway-unterstuetzt-a-million-dreams-2\\\/\",\"url\":\"https:\\\/\\\/www.organisator.ch\\\/marketing\\\/2024-08-15\\\/internet-anbieter-iway-unterstuetzt-a-million-dreams-2\\\/\",\"name\":\"Internet-Anbieter iWay unterst\u00fctzt A Million Dreams - Organisator\",\"isPartOf\":{\"@id\":\"https:\\\/\\\/www.organisator.ch\\\/#website\"},\"primaryImageOfPage\":{\"@id\":\"https:\\\/\\\/www.organisator.ch\\\/marketing\\\/2024-08-15\\\/internet-anbieter-iway-unterstuetzt-a-million-dreams-2\\\/#primaryimage\"},\"image\":{\"@id\":\"https:\\\/\\\/www.organisator.ch\\\/marketing\\\/2024-08-15\\\/internet-anbieter-iway-unterstuetzt-a-million-dreams-2\\\/#primaryimage\"},\"thumbnailUrl\":\"https:\\\/\\\/www.markt-kom.com\\\/wp-content\\\/uploads\\\/2024\\\/08\\\/walkofdreams-2024-iway.jpg\",\"datePublished\":\"2024-08-15T15:01:33+00:00\",\"dateModified\":\"2024-11-08T11:51:21+00:00\",\"description\":\"iWay sponsort Walk of Dreams 2024. Wanderung zum Sammeln von Spenden f\u00fcr benachteiligte Menschen vom 25. bis 29. September.\",\"breadcrumb\":{\"@id\":\"https:\\\/\\\/www.organisator.ch\\\/marketing\\\/2024-08-15\\\/internet-anbieter-iway-unterstuetzt-a-million-dreams-2\\\/#breadcrumb\"},\"inLanguage\":\"fr-FR\",\"potentialAction\":[{\"@type\":\"ReadAction\",\"target\":[\"https:\\\/\\\/www.organisator.ch\\\/marketing\\\/2024-08-15\\\/internet-anbieter-iway-unterstuetzt-a-million-dreams-2\\\/\"]}]},{\"@type\":\"ImageObject\",\"inLanguage\":\"fr-FR\",\"@id\":\"https:\\\/\\\/www.organisator.ch\\\/marketing\\\/2024-08-15\\\/internet-anbieter-iway-unterstuetzt-a-million-dreams-2\\\/#primaryimage\",\"url\":\"https:\\\/\\\/www.markt-kom.com\\\/wp-content\\\/uploads\\\/2024\\\/08\\\/walkofdreams-2024-iway.jpg\",\"contentUrl\":\"https:\\\/\\\/www.markt-kom.com\\\/wp-content\\\/uploads\\\/2024\\\/08\\\/walkofdreams-2024-iway.jpg\"},{\"@type\":\"BreadcrumbList\",\"@id\":\"https:\\\/\\\/www.organisator.ch\\\/marketing\\\/2024-08-15\\\/internet-anbieter-iway-unterstuetzt-a-million-dreams-2\\\/#breadcrumb\",\"itemListElement\":[{\"@type\":\"ListItem\",\"position\":1,\"name\":\"Home\",\"item\":\"https:\\\/\\\/www.organisator.ch\\\/\"},{\"@type\":\"ListItem\",\"position\":2,\"name\":\"Internet-Anbieter iWay unterst\u00fctzt A Million Dreams\"}]},{\"@type\":\"WebSite\",\"@id\":\"https:\\\/\\\/www.organisator.ch\\\/#website\",\"url\":\"https:\\\/\\\/www.organisator.ch\\\/\",\"name\":\"Organisator\",\"description\":\"Kompetent. Praxisnah. Der ORGANISATOR bereitet in 10 Ausgaben pro Jahr die wesentlichen Themen f\u00fcr F\u00fchrungskr\u00e4fte von KMU auf.\",\"publisher\":{\"@id\":\"https:\\\/\\\/www.organisator.ch\\\/#organization\"},\"potentialAction\":[{\"@type\":\"SearchAction\",\"target\":{\"@type\":\"EntryPoint\",\"urlTemplate\":\"https:\\\/\\\/www.organisator.ch\\\/?s={search_term_string}\"},\"query-input\":{\"@type\":\"PropertyValueSpecification\",\"valueRequired\":true,\"valueName\":\"search_term_string\"}}],\"inLanguage\":\"fr-FR\"},{\"@type\":\"Organization\",\"@id\":\"https:\\\/\\\/www.organisator.ch\\\/#organization\",\"name\":\"Organisator\",\"url\":\"https:\\\/\\\/www.organisator.ch\\\/\",\"logo\":{\"@type\":\"ImageObject\",\"inLanguage\":\"fr-FR\",\"@id\":\"https:\\\/\\\/www.organisator.ch\\\/#\\\/schema\\\/logo\\\/image\\\/\",\"url\":\"https:\\\/\\\/www.organisator.ch\\\/wp-content\\\/uploads\\\/2022\\\/01\\\/Logo_Organisator_Website.png\",\"contentUrl\":\"https:\\\/\\\/www.organisator.ch\\\/wp-content\\\/uploads\\\/2022\\\/01\\\/Logo_Organisator_Website.png\",\"width\":800,\"height\":77,\"caption\":\"Organisator\"},\"image\":{\"@id\":\"https:\\\/\\\/www.organisator.ch\\\/#\\\/schema\\\/logo\\\/image\\\/\"},\"sameAs\":[\"https:\\\/\\\/www.facebook.com\\\/OrganisatorFachmagazin\",\"https:\\\/\\\/www.linkedin.com\\\/showcase\\\/organisator-das-magazin-fr-kmu\",\"https:\\\/\\\/www.xing.com\\\/news\\\/pages\\\/organisator-ch-695\",\"https:\\\/\\\/www.youtube.com\\\/channel\\\/UCGP2Sq0iWaZwT3BdIAQFYpw\"]},{\"@type\":\"Person\",\"@id\":\"https:\\\/\\\/www.organisator.ch\\\/#\\\/schema\\\/person\\\/4e51799071cd2dd1232ac003643ef5f0\",\"name\":\"galledia\",\"image\":{\"@type\":\"ImageObject\",\"inLanguage\":\"fr-FR\",\"@id\":\"https:\\\/\\\/secure.gravatar.com\\\/avatar\\\/78a7f90c01fc2bfc875782a0d4922b37cde2cf184ce347b91316d23cd7f69a36?s=96&d=mm&r=g\",\"url\":\"https:\\\/\\\/secure.gravatar.com\\\/avatar\\\/78a7f90c01fc2bfc875782a0d4922b37cde2cf184ce347b91316d23cd7f69a36?s=96&d=mm&r=g\",\"contentUrl\":\"https:\\\/\\\/secure.gravatar.com\\\/avatar\\\/78a7f90c01fc2bfc875782a0d4922b37cde2cf184ce347b91316d23cd7f69a36?s=96&d=mm&r=g\",\"caption\":\"galledia\"},\"sameAs\":[\"https:\\\/\\\/x.com\\\/admin\"],\"url\":\"https:\\\/\\\/www.organisator.ch\\\/fr\\\/author\\\/galledia\\\/\"}]}<\/script>\n<!-- \/ Yoast SEO plugin. -->","yoast_head_json":{"title":"Le fournisseur d'acc\u00e8s \u00e0 Internet iWay soutient A Million Dreams - Organisateur","description":"iWay sponsorise Walk of Dreams 2024. Une randonn\u00e9e pour r\u00e9colter des fonds pour les personnes d\u00e9favoris\u00e9es du 25 au 29 septembre.","robots":{"index":"index","follow":"follow","max-snippet":"max-snippet:-1","max-image-preview":"max-image-preview:large","max-video-preview":"max-video-preview:-1"},"canonical":"https:\/\/www.organisator.ch\/fr\/marketing\/2024-08-15\/internet-anbieter-iway-unterstuetzt-a-million-dreams-2\/","og_locale":"fr_FR","og_type":"article","og_title":"Internet-Anbieter iWay unterst\u00fctzt A Million Dreams - Organisator","og_description":"iWay sponsort Walk of Dreams 2024. Wanderung zum Sammeln von Spenden f\u00fcr benachteiligte Menschen vom 25. bis 29. September.","og_url":"https:\/\/www.organisator.ch\/fr\/marketing\/2024-08-15\/internet-anbieter-iway-unterstuetzt-a-million-dreams-2\/","og_site_name":"Organisator","article_publisher":"https:\/\/www.facebook.com\/OrganisatorFachmagazin","article_published_time":"2024-08-15T15:01:33+00:00","article_modified_time":"2024-11-08T11:51:21+00:00","og_image":[{"url":"https:\/\/www.markt-kom.com\/wp-content\/uploads\/2024\/08\/walkofdreams-2024-iway.jpg","type":"","width":"","height":""}],"author":"galledia","twitter_card":"summary_large_image","twitter_creator":"@admin","schema":{"@context":"https:\/\/schema.org","@graph":[{"@type":"Article","@id":"https:\/\/www.organisator.ch\/marketing\/2024-08-15\/internet-anbieter-iway-unterstuetzt-a-million-dreams-2\/#article","isPartOf":{"@id":"https:\/\/www.organisator.ch\/marketing\/2024-08-15\/internet-anbieter-iway-unterstuetzt-a-million-dreams-2\/"},"author":{"name":"galledia","@id":"https:\/\/www.organisator.ch\/#\/schema\/person\/4e51799071cd2dd1232ac003643ef5f0"},"headline":"Internet-Anbieter iWay unterst\u00fctzt A Million Dreams","datePublished":"2024-08-15T15:01:33+00:00","dateModified":"2024-11-08T11:51:21+00:00","mainEntityOfPage":{"@id":"https:\/\/www.organisator.ch\/marketing\/2024-08-15\/internet-anbieter-iway-unterstuetzt-a-million-dreams-2\/"},"wordCount":328,"publisher":{"@id":"https:\/\/www.organisator.ch\/#organization"},"image":{"@id":"https:\/\/www.organisator.ch\/marketing\/2024-08-15\/internet-anbieter-iway-unterstuetzt-a-million-dreams-2\/#primaryimage"},"thumbnailUrl":"https:\/\/www.markt-kom.com\/wp-content\/uploads\/2024\/08\/walkofdreams-2024-iway.jpg","keywords":["MarKom","Sponsoring"],"articleSection":["MARKETING"],"inLanguage":"fr-FR"},{"@type":"WebPage","@id":"https:\/\/www.organisator.ch\/marketing\/2024-08-15\/internet-anbieter-iway-unterstuetzt-a-million-dreams-2\/","url":"https:\/\/www.organisator.ch\/marketing\/2024-08-15\/internet-anbieter-iway-unterstuetzt-a-million-dreams-2\/","name":"Le fournisseur d'acc\u00e8s \u00e0 Internet iWay soutient A Million Dreams - Organisateur","isPartOf":{"@id":"https:\/\/www.organisator.ch\/#website"},"primaryImageOfPage":{"@id":"https:\/\/www.organisator.ch\/marketing\/2024-08-15\/internet-anbieter-iway-unterstuetzt-a-million-dreams-2\/#primaryimage"},"image":{"@id":"https:\/\/www.organisator.ch\/marketing\/2024-08-15\/internet-anbieter-iway-unterstuetzt-a-million-dreams-2\/#primaryimage"},"thumbnailUrl":"https:\/\/www.markt-kom.com\/wp-content\/uploads\/2024\/08\/walkofdreams-2024-iway.jpg","datePublished":"2024-08-15T15:01:33+00:00","dateModified":"2024-11-08T11:51:21+00:00","description":"iWay sponsorise Walk of Dreams 2024. Une randonn\u00e9e pour r\u00e9colter des fonds pour les personnes d\u00e9favoris\u00e9es du 25 au 29 septembre.","breadcrumb":{"@id":"https:\/\/www.organisator.ch\/marketing\/2024-08-15\/internet-anbieter-iway-unterstuetzt-a-million-dreams-2\/#breadcrumb"},"inLanguage":"fr-FR","potentialAction":[{"@type":"ReadAction","target":["https:\/\/www.organisator.ch\/marketing\/2024-08-15\/internet-anbieter-iway-unterstuetzt-a-million-dreams-2\/"]}]},{"@type":"ImageObject","inLanguage":"fr-FR","@id":"https:\/\/www.organisator.ch\/marketing\/2024-08-15\/internet-anbieter-iway-unterstuetzt-a-million-dreams-2\/#primaryimage","url":"https:\/\/www.markt-kom.com\/wp-content\/uploads\/2024\/08\/walkofdreams-2024-iway.jpg","contentUrl":"https:\/\/www.markt-kom.com\/wp-content\/uploads\/2024\/08\/walkofdreams-2024-iway.jpg"},{"@type":"BreadcrumbList","@id":"https:\/\/www.organisator.ch\/marketing\/2024-08-15\/internet-anbieter-iway-unterstuetzt-a-million-dreams-2\/#breadcrumb","itemListElement":[{"@type":"ListItem","position":1,"name":"Home","item":"https:\/\/www.organisator.ch\/"},{"@type":"ListItem","position":2,"name":"Internet-Anbieter iWay unterst\u00fctzt A Million Dreams"}]},{"@type":"WebSite","@id":"https:\/\/www.organisator.ch\/#website","url":"https:\/\/www.organisator.ch\/","name":"Organisateur","description":"Comp\u00e9tence et comp\u00e9tence. Proches de la pratique. L'ORGANISATEUR pr\u00e9pare 10 num\u00e9ros par an sur les th\u00e8mes essentiels pour les dirigeants de PME.","publisher":{"@id":"https:\/\/www.organisator.ch\/#organization"},"potentialAction":[{"@type":"SearchAction","target":{"@type":"EntryPoint","urlTemplate":"https:\/\/www.organisator.ch\/?s={search_term_string}"},"query-input":{"@type":"PropertyValueSpecification","valueRequired":true,"valueName":"search_term_string"}}],"inLanguage":"fr-FR"},{"@type":"Organization","@id":"https:\/\/www.organisator.ch\/#organization","name":"Organisateur","url":"https:\/\/www.organisator.ch\/","logo":{"@type":"ImageObject","inLanguage":"fr-FR","@id":"https:\/\/www.organisator.ch\/#\/schema\/logo\/image\/","url":"https:\/\/www.organisator.ch\/wp-content\/uploads\/2022\/01\/Logo_Organisator_Website.png","contentUrl":"https:\/\/www.organisator.ch\/wp-content\/uploads\/2022\/01\/Logo_Organisator_Website.png","width":800,"height":77,"caption":"Organisator"},"image":{"@id":"https:\/\/www.organisator.ch\/#\/schema\/logo\/image\/"},"sameAs":["https:\/\/www.facebook.com\/OrganisatorFachmagazin","https:\/\/www.linkedin.com\/showcase\/organisator-das-magazin-fr-kmu","https:\/\/www.xing.com\/news\/pages\/organisator-ch-695","https:\/\/www.youtube.com\/channel\/UCGP2Sq0iWaZwT3BdIAQFYpw"]},{"@type":"Person","@id":"https:\/\/www.organisator.ch\/#\/schema\/person\/4e51799071cd2dd1232ac003643ef5f0","name":"galledia","image":{"@type":"ImageObject","inLanguage":"fr-FR","@id":"https:\/\/secure.gravatar.com\/avatar\/78a7f90c01fc2bfc875782a0d4922b37cde2cf184ce347b91316d23cd7f69a36?s=96&d=mm&r=g","url":"https:\/\/secure.gravatar.com\/avatar\/78a7f90c01fc2bfc875782a0d4922b37cde2cf184ce347b91316d23cd7f69a36?s=96&d=mm&r=g","contentUrl":"https:\/\/secure.gravatar.com\/avatar\/78a7f90c01fc2bfc875782a0d4922b37cde2cf184ce347b91316d23cd7f69a36?s=96&d=mm&r=g","caption":"galledia"},"sameAs":["https:\/\/x.com\/admin"],"url":"https:\/\/www.organisator.ch\/fr\/author\/galledia\/"}]}},"_links":{"self":[{"href":"https:\/\/www.organisator.ch\/fr\/wp-json\/wp\/v2\/posts\/29064","targetHints":{"allow":["GET"]}}],"collection":[{"href":"https:\/\/www.organisator.ch\/fr\/wp-json\/wp\/v2\/posts"}],"about":[{"href":"https:\/\/www.organisator.ch\/fr\/wp-json\/wp\/v2\/types\/post"}],"author":[{"embeddable":true,"href":"https:\/\/www.organisator.ch\/fr\/wp-json\/wp\/v2\/users\/8"}],"replies":[{"embeddable":true,"href":"https:\/\/www.organisator.ch\/fr\/wp-json\/wp\/v2\/comments?post=29064"}],"version-history":[{"count":4,"href":"https:\/\/www.organisator.ch\/fr\/wp-json\/wp\/v2\/posts\/29064\/revisions"}],"predecessor-version":[{"id":32041,"href":"https:\/\/www.organisator.ch\/fr\/wp-json\/wp\/v2\/posts\/29064\/revisions\/32041"}],"wp:attachment":[{"href":"https:\/\/www.organisator.ch\/fr\/wp-json\/wp\/v2\/media?parent=29064"}],"wp:term":[{"taxonomy":"category","embeddable":true,"href":"https:\/\/www.organisator.ch\/fr\/wp-json\/wp\/v2\/categories?post=29064"},{"taxonomy":"post_tag","embeddable":true,"href":"https:\/\/www.organisator.ch\/fr\/wp-json\/wp\/v2\/tags?post=29064"}],"curies":[{"name":"wp","href":"https:\/\/api.w.org\/{rel}","templated":true}]}}