{"id":29075,"date":"2024-08-16T07:25:09","date_gmt":"2024-08-16T05:25:09","guid":{"rendered":"https:\/\/www.m-q.ch\/?p=20214"},"modified":"2024-11-08T12:49:33","modified_gmt":"2024-11-08T11:49:33","slug":"lutz-holding-expandiert-in-der-schweiz","status":"publish","type":"post","link":"https:\/\/www.organisator.ch\/fr\/operational-excellence\/2024-08-16\/lutz-holding-expandiert-in-der-schweiz\/","title":{"rendered":"Lutz Holding s'\u00e9tend en Suisse"},"content":{"rendered":"<figure id=\"attachment_20215\" class=\"wp-caption alignnone\" style=\"width: 680px\" aria-describedby=\"caption-attachment-20215\"><img class=\"alignnone wp-image-20215 size-full\" src=\"https:\/\/www.m-q.ch\/wp-content\/uploads\/2024\/08\/Lutz_Jesco_Suisse_Bild1_ps.jpg\" alt=\"Lutz-Jesco Suisse\" width=\"680\" height=\"464\" \/>\r\n<figcaption id=\"caption-attachment-20215\" class=\"wp-caption-text\">\u00c0 partir du 15 ao\u00fbt 2024, Lutz-Jesco Suisse SA sera active sur le march\u00e9 suisse et distribuera des moteurs \u00e9lectriques, des pompes ainsi que des syst\u00e8mes de dosage. (Image : www.lutz-pumpen.de)<\/figcaption>\r\n<\/figure>\r\n<p>Lutz-Jesco Suisse SA est sp\u00e9cialis\u00e9e dans la fabrication de moteurs \u00e9lectriques universels d'une puissance allant jusqu'\u00e0 1,5 kW ainsi que de composants de moteurs tels que les rotors et les stators. \u00c0 l'avenir, le portefeuille de produits de l'entreprise comprendra \u00e9galement des pompes, des syst\u00e8mes de dosage et des installations de traitement de l'eau, adapt\u00e9s aux stations d'\u00e9puration, aux piscines couvertes et de plein air, \u00e0 l'industrie chimique et pharmaceutique, \u00e0 l'industrie du papier et de la cellulose ainsi qu'\u00e0 l'\u00e9conomie agricole.<\/p>\r\n<p>\"Pour nous, la Suisse n'est pas seulement un march\u00e9 important, mais aussi un carrefour d'innovation et de qualit\u00e9. Avec l'\u00e9largissement des domaines d'activit\u00e9 de Lutz-Jesco Suisse SA, nous renfor\u00e7ons notre pr\u00e9sence en Suisse et franchissons une nouvelle \u00e9tape importante dans notre strat\u00e9gie de croissance internationale\", d\u00e9clare Heinz Lutz, directeur de Lutz Holding GmbH, un groupe d'entreprises mondial auquel appartiennent \u00e9galement Lutz Pumpen GmbH de Wertheim et Lutz-Jesco GmbH de Wedemark. \"Dans ce contexte, Couvet nous offre non seulement une situation strat\u00e9giquement favorable, mais aussi l'acc\u00e8s \u00e0 un march\u00e9 r\u00e9put\u00e9 pour ses exigences \u00e9lev\u00e9es en mati\u00e8re de technologie et de fiabilit\u00e9\".<\/p>\r\n<h3><strong>Une plus grande proximit\u00e9 avec les clients et des temps de r\u00e9action plus courts.<\/strong><\/h3>\r\n<p>Lutz-Jesco Suisse SA r\u00e9pond au souhait des clients suisses d'une proximit\u00e9 accrue et de temps de r\u00e9action plus courts. \"Une excellente technique est aujourd'hui, pour la plupart des clients, la base \u00e9vidente d'une bonne relation fournisseur-client\", explique Lutz. C'est pourquoi, selon lui, la proximit\u00e9 avec les clients et le service sont les facteurs cl\u00e9s pour la poursuite du succ\u00e8s. \"Gr\u00e2ce \u00e0 notre pr\u00e9sence \u00e0 Couvet, nous pouvons offrir aux clients en Suisse un suivi encore plus rapide et plus direct, ce qui nous donne un avantage concurrentiel d\u00e9cisif\".<\/p>\r\n<h3><strong>Une industrie moderne dans une r\u00e9gion marqu\u00e9e par l'histoire<\/strong><\/h3>\r\n<p>Couvet est une localit\u00e9 de la partie francophone de la Suisse, situ\u00e9e dans le Val-de-Travers, dans le canton de Neuch\u00e2tel. La petite commune est connue pour son importance historique dans l'industrie horlog\u00e8re. Lutz explique : \"Avec la pr\u00e9sence de Lutz-Jesco Suisse SA \u00e0 Couvet, nous montrons que des industries modernes sont \u00e9galement actives dans cette r\u00e9gion riche en traditions\".<\/p>\r\n<h3><strong>Pionnier dans le domaine de la gestion des fluides depuis 1954<\/strong><\/h3>\r\n<p>Fond\u00e9e en 1954, l'entreprise familiale Lutz, active au niveau international, est synonyme de gestion professionnelle des fluides. Le groupe Lutz comprend aujourd'hui des entreprises moyennes performantes, implant\u00e9es en Allemagne et \u00e0 l'\u00e9tranger, qui op\u00e8rent dans le vaste domaine de la technologie des pompes, du traitement et de la d\u00e9sinfection de l'eau. Le groupe Lutz poss\u00e8de 13 filiales et est repr\u00e9sent\u00e9 par des agences dans plus de 80 pays.<\/p>\r\n<p><em>Source : <a href=\"https:\/\/www.lutz-pumpen.de\/lutz-firmenverbund\">www.lutz-pumpen.de\u00a0<\/a><\/em><\/p>\n<p class=\"syndicated-attribution\">Cet article est paru initialement sur m-q.ch - <a href=\"https:\/\/www.m-q.ch\/de\/lutz-holding-expandiert-in-der-schweiz\/\" target=\"_blank\">https:\/\/www.m-q.ch\/de\/lutz-holding-expandiert-in-der-schweiz\/<\/a><\/p>","protected":false},"excerpt":{"rendered":"<p>La filiale de Lutz Holding, Lutz-Jesco Suisse SA \u00e0 Couvet, \u00e9largit son champ d'activit\u00e9 et son portefeuille de produits \u00e0 partir du 15 ao\u00fbt 2024.<\/p>","protected":false},"author":58,"featured_media":0,"comment_status":"closed","ping_status":"closed","sticky":false,"template":"","format":"standard","meta":{"_acf_changed":false,"_yoast_wpseo_focuskw":"Lutz-Jesco Suisse","_yoast_wpseo_metadesc":"Lutz-Jesco Suisse SA startet am 15. August 2024 in der Schweiz mit Vertrieb von Elektromotoren, Pumpen und Dosiersystemen.","articlekey":"","footnotes":""},"categories":[582],"tags":[4391,605,424,492],"class_list":["post-29075","post","type-post","status-publish","format-standard","hentry","category-operational-excellence","tag-expandieren","tag-qualitaetsmanagement","tag-schweiz","tag-unternehmen"],"acf":[],"yoast_head":"<!-- This site is optimized with the Yoast SEO plugin v27.5 - https:\/\/yoast.com\/product\/yoast-seo-wordpress\/ -->\n<title>Lutz Holding expandiert in der Schweiz - Organisator<\/title>\n<meta name=\"description\" content=\"Lutz-Jesco Suisse SA startet am 15. August 2024 in der Schweiz mit Vertrieb von Elektromotoren, Pumpen und Dosiersystemen.\" \/>\n<meta name=\"robots\" content=\"index, follow, max-snippet:-1, max-image-preview:large, max-video-preview:-1\" \/>\n<link rel=\"canonical\" href=\"https:\/\/www.organisator.ch\/fr\/excellence-operationnelle\/2024-08-16\/lutz-holding-expandiert-in-der-schweiz\/\" \/>\n<meta property=\"og:locale\" content=\"fr_FR\" \/>\n<meta property=\"og:type\" content=\"article\" \/>\n<meta property=\"og:title\" content=\"Lutz Holding expandiert in der Schweiz - Organisator\" \/>\n<meta property=\"og:description\" content=\"Lutz-Jesco Suisse SA startet am 15. August 2024 in der Schweiz mit Vertrieb von Elektromotoren, Pumpen und Dosiersystemen.\" \/>\n<meta property=\"og:url\" content=\"https:\/\/www.organisator.ch\/fr\/excellence-operationnelle\/2024-08-16\/lutz-holding-expandiert-in-der-schweiz\/\" \/>\n<meta property=\"og:site_name\" content=\"Organisator\" \/>\n<meta property=\"article:publisher\" content=\"https:\/\/www.facebook.com\/OrganisatorFachmagazin\" \/>\n<meta property=\"article:published_time\" content=\"2024-08-16T05:25:09+00:00\" \/>\n<meta property=\"article:modified_time\" content=\"2024-11-08T11:49:33+00:00\" \/>\n<meta property=\"og:image\" content=\"https:\/\/www.m-q.ch\/wp-content\/uploads\/2024\/08\/Lutz_Jesco_Suisse_Bild1_ps.jpg\" \/>\n<meta name=\"author\" content=\"Adelisa Kalajdzini\" \/>\n<meta name=\"twitter:card\" content=\"summary_large_image\" \/>\n<script type=\"application\/ld+json\" class=\"yoast-schema-graph\">{\"@context\":\"https:\\\/\\\/schema.org\",\"@graph\":[{\"@type\":\"Article\",\"@id\":\"https:\\\/\\\/www.organisator.ch\\\/operational-excellence\\\/2024-08-16\\\/lutz-holding-expandiert-in-der-schweiz\\\/#article\",\"isPartOf\":{\"@id\":\"https:\\\/\\\/www.organisator.ch\\\/operational-excellence\\\/2024-08-16\\\/lutz-holding-expandiert-in-der-schweiz\\\/\"},\"author\":{\"name\":\"Adelisa Kalajdzini\",\"@id\":\"https:\\\/\\\/www.organisator.ch\\\/#\\\/schema\\\/person\\\/2e1314a2172123f874db408d8911d3f3\"},\"headline\":\"Lutz Holding expandiert in der Schweiz\",\"datePublished\":\"2024-08-16T05:25:09+00:00\",\"dateModified\":\"2024-11-08T11:49:33+00:00\",\"mainEntityOfPage\":{\"@id\":\"https:\\\/\\\/www.organisator.ch\\\/operational-excellence\\\/2024-08-16\\\/lutz-holding-expandiert-in-der-schweiz\\\/\"},\"wordCount\":413,\"publisher\":{\"@id\":\"https:\\\/\\\/www.organisator.ch\\\/#organization\"},\"image\":{\"@id\":\"https:\\\/\\\/www.organisator.ch\\\/operational-excellence\\\/2024-08-16\\\/lutz-holding-expandiert-in-der-schweiz\\\/#primaryimage\"},\"thumbnailUrl\":\"https:\\\/\\\/www.m-q.ch\\\/wp-content\\\/uploads\\\/2024\\\/08\\\/Lutz_Jesco_Suisse_Bild1_ps.jpg\",\"keywords\":[\"Expandieren\",\"Qualit\u00e4tsmanagement\",\"Schweiz\",\"Unternehmen\"],\"articleSection\":[\"OPERATIONAL EXCELLENCE\"],\"inLanguage\":\"fr-FR\"},{\"@type\":\"WebPage\",\"@id\":\"https:\\\/\\\/www.organisator.ch\\\/operational-excellence\\\/2024-08-16\\\/lutz-holding-expandiert-in-der-schweiz\\\/\",\"url\":\"https:\\\/\\\/www.organisator.ch\\\/operational-excellence\\\/2024-08-16\\\/lutz-holding-expandiert-in-der-schweiz\\\/\",\"name\":\"Lutz Holding expandiert in der Schweiz - Organisator\",\"isPartOf\":{\"@id\":\"https:\\\/\\\/www.organisator.ch\\\/#website\"},\"primaryImageOfPage\":{\"@id\":\"https:\\\/\\\/www.organisator.ch\\\/operational-excellence\\\/2024-08-16\\\/lutz-holding-expandiert-in-der-schweiz\\\/#primaryimage\"},\"image\":{\"@id\":\"https:\\\/\\\/www.organisator.ch\\\/operational-excellence\\\/2024-08-16\\\/lutz-holding-expandiert-in-der-schweiz\\\/#primaryimage\"},\"thumbnailUrl\":\"https:\\\/\\\/www.m-q.ch\\\/wp-content\\\/uploads\\\/2024\\\/08\\\/Lutz_Jesco_Suisse_Bild1_ps.jpg\",\"datePublished\":\"2024-08-16T05:25:09+00:00\",\"dateModified\":\"2024-11-08T11:49:33+00:00\",\"description\":\"Lutz-Jesco Suisse SA startet am 15. August 2024 in der Schweiz mit Vertrieb von Elektromotoren, Pumpen und Dosiersystemen.\",\"breadcrumb\":{\"@id\":\"https:\\\/\\\/www.organisator.ch\\\/operational-excellence\\\/2024-08-16\\\/lutz-holding-expandiert-in-der-schweiz\\\/#breadcrumb\"},\"inLanguage\":\"fr-FR\",\"potentialAction\":[{\"@type\":\"ReadAction\",\"target\":[\"https:\\\/\\\/www.organisator.ch\\\/operational-excellence\\\/2024-08-16\\\/lutz-holding-expandiert-in-der-schweiz\\\/\"]}]},{\"@type\":\"ImageObject\",\"inLanguage\":\"fr-FR\",\"@id\":\"https:\\\/\\\/www.organisator.ch\\\/operational-excellence\\\/2024-08-16\\\/lutz-holding-expandiert-in-der-schweiz\\\/#primaryimage\",\"url\":\"https:\\\/\\\/www.m-q.ch\\\/wp-content\\\/uploads\\\/2024\\\/08\\\/Lutz_Jesco_Suisse_Bild1_ps.jpg\",\"contentUrl\":\"https:\\\/\\\/www.m-q.ch\\\/wp-content\\\/uploads\\\/2024\\\/08\\\/Lutz_Jesco_Suisse_Bild1_ps.jpg\"},{\"@type\":\"BreadcrumbList\",\"@id\":\"https:\\\/\\\/www.organisator.ch\\\/operational-excellence\\\/2024-08-16\\\/lutz-holding-expandiert-in-der-schweiz\\\/#breadcrumb\",\"itemListElement\":[{\"@type\":\"ListItem\",\"position\":1,\"name\":\"Home\",\"item\":\"https:\\\/\\\/www.organisator.ch\\\/\"},{\"@type\":\"ListItem\",\"position\":2,\"name\":\"Lutz Holding expandiert in der Schweiz\"}]},{\"@type\":\"WebSite\",\"@id\":\"https:\\\/\\\/www.organisator.ch\\\/#website\",\"url\":\"https:\\\/\\\/www.organisator.ch\\\/\",\"name\":\"Organisator\",\"description\":\"Kompetent. Praxisnah. Der ORGANISATOR bereitet in 10 Ausgaben pro Jahr die wesentlichen Themen f\u00fcr F\u00fchrungskr\u00e4fte von KMU auf.\",\"publisher\":{\"@id\":\"https:\\\/\\\/www.organisator.ch\\\/#organization\"},\"potentialAction\":[{\"@type\":\"SearchAction\",\"target\":{\"@type\":\"EntryPoint\",\"urlTemplate\":\"https:\\\/\\\/www.organisator.ch\\\/?s={search_term_string}\"},\"query-input\":{\"@type\":\"PropertyValueSpecification\",\"valueRequired\":true,\"valueName\":\"search_term_string\"}}],\"inLanguage\":\"fr-FR\"},{\"@type\":\"Organization\",\"@id\":\"https:\\\/\\\/www.organisator.ch\\\/#organization\",\"name\":\"Organisator\",\"url\":\"https:\\\/\\\/www.organisator.ch\\\/\",\"logo\":{\"@type\":\"ImageObject\",\"inLanguage\":\"fr-FR\",\"@id\":\"https:\\\/\\\/www.organisator.ch\\\/#\\\/schema\\\/logo\\\/image\\\/\",\"url\":\"https:\\\/\\\/www.organisator.ch\\\/wp-content\\\/uploads\\\/2022\\\/01\\\/Logo_Organisator_Website.png\",\"contentUrl\":\"https:\\\/\\\/www.organisator.ch\\\/wp-content\\\/uploads\\\/2022\\\/01\\\/Logo_Organisator_Website.png\",\"width\":800,\"height\":77,\"caption\":\"Organisator\"},\"image\":{\"@id\":\"https:\\\/\\\/www.organisator.ch\\\/#\\\/schema\\\/logo\\\/image\\\/\"},\"sameAs\":[\"https:\\\/\\\/www.facebook.com\\\/OrganisatorFachmagazin\",\"https:\\\/\\\/www.linkedin.com\\\/showcase\\\/organisator-das-magazin-fr-kmu\",\"https:\\\/\\\/www.xing.com\\\/news\\\/pages\\\/organisator-ch-695\",\"https:\\\/\\\/www.youtube.com\\\/channel\\\/UCGP2Sq0iWaZwT3BdIAQFYpw\"]},{\"@type\":\"Person\",\"@id\":\"https:\\\/\\\/www.organisator.ch\\\/#\\\/schema\\\/person\\\/2e1314a2172123f874db408d8911d3f3\",\"name\":\"Adelisa Kalajdzini\",\"image\":{\"@type\":\"ImageObject\",\"inLanguage\":\"fr-FR\",\"@id\":\"https:\\\/\\\/secure.gravatar.com\\\/avatar\\\/09a397c22ac58cad6f160ee8306348599df9df58a8ede73696226897b9fa4b24?s=96&d=mm&r=g\",\"url\":\"https:\\\/\\\/secure.gravatar.com\\\/avatar\\\/09a397c22ac58cad6f160ee8306348599df9df58a8ede73696226897b9fa4b24?s=96&d=mm&r=g\",\"contentUrl\":\"https:\\\/\\\/secure.gravatar.com\\\/avatar\\\/09a397c22ac58cad6f160ee8306348599df9df58a8ede73696226897b9fa4b24?s=96&d=mm&r=g\",\"caption\":\"Adelisa Kalajdzini\"},\"url\":\"https:\\\/\\\/www.organisator.ch\\\/fr\\\/author\\\/adelisa-kalajdzini\\\/\"}]}<\/script>\n<!-- \/ Yoast SEO plugin. -->","yoast_head_json":{"title":"Lutz Holding s'\u00e9tend en Suisse - Organisateur","description":"Lutz-Jesco Suisse SA d\u00e9bute la distribution de moteurs \u00e9lectriques, de pompes et de syst\u00e8mes de dosage en Suisse le 15 ao\u00fbt 2024.","robots":{"index":"index","follow":"follow","max-snippet":"max-snippet:-1","max-image-preview":"max-image-preview:large","max-video-preview":"max-video-preview:-1"},"canonical":"https:\/\/www.organisator.ch\/fr\/excellence-operationnelle\/2024-08-16\/lutz-holding-expandiert-in-der-schweiz\/","og_locale":"fr_FR","og_type":"article","og_title":"Lutz Holding expandiert in der Schweiz - Organisator","og_description":"Lutz-Jesco Suisse SA startet am 15. August 2024 in der Schweiz mit Vertrieb von Elektromotoren, Pumpen und Dosiersystemen.","og_url":"https:\/\/www.organisator.ch\/fr\/excellence-operationnelle\/2024-08-16\/lutz-holding-expandiert-in-der-schweiz\/","og_site_name":"Organisator","article_publisher":"https:\/\/www.facebook.com\/OrganisatorFachmagazin","article_published_time":"2024-08-16T05:25:09+00:00","article_modified_time":"2024-11-08T11:49:33+00:00","og_image":[{"url":"https:\/\/www.m-q.ch\/wp-content\/uploads\/2024\/08\/Lutz_Jesco_Suisse_Bild1_ps.jpg","type":"","width":"","height":""}],"author":"Adelisa Kalajdzini","twitter_card":"summary_large_image","schema":{"@context":"https:\/\/schema.org","@graph":[{"@type":"Article","@id":"https:\/\/www.organisator.ch\/operational-excellence\/2024-08-16\/lutz-holding-expandiert-in-der-schweiz\/#article","isPartOf":{"@id":"https:\/\/www.organisator.ch\/operational-excellence\/2024-08-16\/lutz-holding-expandiert-in-der-schweiz\/"},"author":{"name":"Adelisa Kalajdzini","@id":"https:\/\/www.organisator.ch\/#\/schema\/person\/2e1314a2172123f874db408d8911d3f3"},"headline":"Lutz Holding expandiert in der Schweiz","datePublished":"2024-08-16T05:25:09+00:00","dateModified":"2024-11-08T11:49:33+00:00","mainEntityOfPage":{"@id":"https:\/\/www.organisator.ch\/operational-excellence\/2024-08-16\/lutz-holding-expandiert-in-der-schweiz\/"},"wordCount":413,"publisher":{"@id":"https:\/\/www.organisator.ch\/#organization"},"image":{"@id":"https:\/\/www.organisator.ch\/operational-excellence\/2024-08-16\/lutz-holding-expandiert-in-der-schweiz\/#primaryimage"},"thumbnailUrl":"https:\/\/www.m-q.ch\/wp-content\/uploads\/2024\/08\/Lutz_Jesco_Suisse_Bild1_ps.jpg","keywords":["Expandieren","Qualit\u00e4tsmanagement","Schweiz","Unternehmen"],"articleSection":["OPERATIONAL EXCELLENCE"],"inLanguage":"fr-FR"},{"@type":"WebPage","@id":"https:\/\/www.organisator.ch\/operational-excellence\/2024-08-16\/lutz-holding-expandiert-in-der-schweiz\/","url":"https:\/\/www.organisator.ch\/operational-excellence\/2024-08-16\/lutz-holding-expandiert-in-der-schweiz\/","name":"Lutz Holding s'\u00e9tend en Suisse - Organisateur","isPartOf":{"@id":"https:\/\/www.organisator.ch\/#website"},"primaryImageOfPage":{"@id":"https:\/\/www.organisator.ch\/operational-excellence\/2024-08-16\/lutz-holding-expandiert-in-der-schweiz\/#primaryimage"},"image":{"@id":"https:\/\/www.organisator.ch\/operational-excellence\/2024-08-16\/lutz-holding-expandiert-in-der-schweiz\/#primaryimage"},"thumbnailUrl":"https:\/\/www.m-q.ch\/wp-content\/uploads\/2024\/08\/Lutz_Jesco_Suisse_Bild1_ps.jpg","datePublished":"2024-08-16T05:25:09+00:00","dateModified":"2024-11-08T11:49:33+00:00","description":"Lutz-Jesco Suisse SA d\u00e9bute la distribution de moteurs \u00e9lectriques, de pompes et de syst\u00e8mes de dosage en Suisse le 15 ao\u00fbt 2024.","breadcrumb":{"@id":"https:\/\/www.organisator.ch\/operational-excellence\/2024-08-16\/lutz-holding-expandiert-in-der-schweiz\/#breadcrumb"},"inLanguage":"fr-FR","potentialAction":[{"@type":"ReadAction","target":["https:\/\/www.organisator.ch\/operational-excellence\/2024-08-16\/lutz-holding-expandiert-in-der-schweiz\/"]}]},{"@type":"ImageObject","inLanguage":"fr-FR","@id":"https:\/\/www.organisator.ch\/operational-excellence\/2024-08-16\/lutz-holding-expandiert-in-der-schweiz\/#primaryimage","url":"https:\/\/www.m-q.ch\/wp-content\/uploads\/2024\/08\/Lutz_Jesco_Suisse_Bild1_ps.jpg","contentUrl":"https:\/\/www.m-q.ch\/wp-content\/uploads\/2024\/08\/Lutz_Jesco_Suisse_Bild1_ps.jpg"},{"@type":"BreadcrumbList","@id":"https:\/\/www.organisator.ch\/operational-excellence\/2024-08-16\/lutz-holding-expandiert-in-der-schweiz\/#breadcrumb","itemListElement":[{"@type":"ListItem","position":1,"name":"Home","item":"https:\/\/www.organisator.ch\/"},{"@type":"ListItem","position":2,"name":"Lutz Holding expandiert in der Schweiz"}]},{"@type":"WebSite","@id":"https:\/\/www.organisator.ch\/#website","url":"https:\/\/www.organisator.ch\/","name":"Organisateur","description":"Comp\u00e9tence et comp\u00e9tence. Proches de la pratique. L'ORGANISATEUR pr\u00e9pare 10 num\u00e9ros par an sur les th\u00e8mes essentiels pour les dirigeants de PME.","publisher":{"@id":"https:\/\/www.organisator.ch\/#organization"},"potentialAction":[{"@type":"SearchAction","target":{"@type":"EntryPoint","urlTemplate":"https:\/\/www.organisator.ch\/?s={search_term_string}"},"query-input":{"@type":"PropertyValueSpecification","valueRequired":true,"valueName":"search_term_string"}}],"inLanguage":"fr-FR"},{"@type":"Organization","@id":"https:\/\/www.organisator.ch\/#organization","name":"Organisateur","url":"https:\/\/www.organisator.ch\/","logo":{"@type":"ImageObject","inLanguage":"fr-FR","@id":"https:\/\/www.organisator.ch\/#\/schema\/logo\/image\/","url":"https:\/\/www.organisator.ch\/wp-content\/uploads\/2022\/01\/Logo_Organisator_Website.png","contentUrl":"https:\/\/www.organisator.ch\/wp-content\/uploads\/2022\/01\/Logo_Organisator_Website.png","width":800,"height":77,"caption":"Organisator"},"image":{"@id":"https:\/\/www.organisator.ch\/#\/schema\/logo\/image\/"},"sameAs":["https:\/\/www.facebook.com\/OrganisatorFachmagazin","https:\/\/www.linkedin.com\/showcase\/organisator-das-magazin-fr-kmu","https:\/\/www.xing.com\/news\/pages\/organisator-ch-695","https:\/\/www.youtube.com\/channel\/UCGP2Sq0iWaZwT3BdIAQFYpw"]},{"@type":"Person","@id":"https:\/\/www.organisator.ch\/#\/schema\/person\/2e1314a2172123f874db408d8911d3f3","name":"Adelisa Kalajdzini","image":{"@type":"ImageObject","inLanguage":"fr-FR","@id":"https:\/\/secure.gravatar.com\/avatar\/09a397c22ac58cad6f160ee8306348599df9df58a8ede73696226897b9fa4b24?s=96&d=mm&r=g","url":"https:\/\/secure.gravatar.com\/avatar\/09a397c22ac58cad6f160ee8306348599df9df58a8ede73696226897b9fa4b24?s=96&d=mm&r=g","contentUrl":"https:\/\/secure.gravatar.com\/avatar\/09a397c22ac58cad6f160ee8306348599df9df58a8ede73696226897b9fa4b24?s=96&d=mm&r=g","caption":"Adelisa Kalajdzini"},"url":"https:\/\/www.organisator.ch\/fr\/author\/adelisa-kalajdzini\/"}]}},"_links":{"self":[{"href":"https:\/\/www.organisator.ch\/fr\/wp-json\/wp\/v2\/posts\/29075","targetHints":{"allow":["GET"]}}],"collection":[{"href":"https:\/\/www.organisator.ch\/fr\/wp-json\/wp\/v2\/posts"}],"about":[{"href":"https:\/\/www.organisator.ch\/fr\/wp-json\/wp\/v2\/types\/post"}],"author":[{"embeddable":true,"href":"https:\/\/www.organisator.ch\/fr\/wp-json\/wp\/v2\/users\/58"}],"replies":[{"embeddable":true,"href":"https:\/\/www.organisator.ch\/fr\/wp-json\/wp\/v2\/comments?post=29075"}],"version-history":[{"count":5,"href":"https:\/\/www.organisator.ch\/fr\/wp-json\/wp\/v2\/posts\/29075\/revisions"}],"predecessor-version":[{"id":32039,"href":"https:\/\/www.organisator.ch\/fr\/wp-json\/wp\/v2\/posts\/29075\/revisions\/32039"}],"wp:attachment":[{"href":"https:\/\/www.organisator.ch\/fr\/wp-json\/wp\/v2\/media?parent=29075"}],"wp:term":[{"taxonomy":"category","embeddable":true,"href":"https:\/\/www.organisator.ch\/fr\/wp-json\/wp\/v2\/categories?post=29075"},{"taxonomy":"post_tag","embeddable":true,"href":"https:\/\/www.organisator.ch\/fr\/wp-json\/wp\/v2\/tags?post=29075"}],"curies":[{"name":"wp","href":"https:\/\/api.w.org\/{rel}","templated":true}]}}