{"id":29088,"date":"2024-08-21T08:15:17","date_gmt":"2024-08-21T06:15:17","guid":{"rendered":"https:\/\/www.organisator.ch\/?p=29088"},"modified":"2024-08-19T10:15:31","modified_gmt":"2024-08-19T08:15:31","slug":"wifo-2025-das-jubilaeumsprogramm-ist-komplett","status":"publish","type":"post","link":"https:\/\/www.organisator.ch\/fr\/management\/2024-08-21\/wifo-2025-das-jubilaeumsprogramm-ist-komplett\/","title":{"rendered":"Wifo 2025 : le programme du jubil\u00e9 est complet"},"content":{"rendered":"<figure id=\"attachment_29089\" aria-describedby=\"caption-attachment-29089\" style=\"width: 680px\" class=\"wp-caption alignnone\"><img loading=\"lazy\" decoding=\"async\" class=\"size-full wp-image-29089\" src=\"https:\/\/www.organisator.ch\/wp-content\/uploads\/2024\/08\/Rheintaler-Wirtschaftsforum-2024_Rueckblick_Bild1_ps.jpg\" alt=\"\" width=\"680\" height=\"413\" srcset=\"https:\/\/www.organisator.ch\/wp-content\/uploads\/2024\/08\/Rheintaler-Wirtschaftsforum-2024_Rueckblick_Bild1_ps.jpg 680w, https:\/\/www.organisator.ch\/wp-content\/uploads\/2024\/08\/Rheintaler-Wirtschaftsforum-2024_Rueckblick_Bild1_ps-18x12.jpg 18w, https:\/\/www.organisator.ch\/wp-content\/uploads\/2024\/08\/Rheintaler-Wirtschaftsforum-2024_Rueckblick_Bild1_ps-375x228.jpg 375w, https:\/\/www.organisator.ch\/wp-content\/uploads\/2024\/08\/Rheintaler-Wirtschaftsforum-2024_Rueckblick_Bild1_ps-576x350.jpg 576w\" sizes=\"auto, (max-width: 680px) 100vw, 680px\" \/><figcaption id=\"caption-attachment-29089\" class=\"wp-caption-text\">Image de l'ambiance du Forum \u00e9conomique de la vall\u00e9e du Rhin 2024. (Image : www.wifo.ch)<\/figcaption><\/figure>\n<p>Cette ann\u00e9e, le Forum \u00e9conomique de la vall\u00e9e du Rhin est consacr\u00e9 \u00e0 trois th\u00e8mes centraux pour l'avenir des entreprises : Le site, la strat\u00e9gie et le passage de t\u00e9moin. Ces aspects seront abord\u00e9s lors de conf\u00e9rences et de tables rondes avec des personnalit\u00e9s et des experts de premier plan.<\/p>\n<h3><strong>Site et strat\u00e9gie : perspectives d'avenir<\/strong><\/h3>\n<p>Outre Jahangir Doongaji, CEO du groupe Hilti, Alfred Felder, CEO du groupe Zumtobel, et Franziska Tschudi Sauber, pr\u00e9sidente du conseil d'administration du groupe Weidmann, participeront \u00e0 la table ronde sur la garantie de l'avenir. Alfred Felder apporte une vaste exp\u00e9rience internationale acquise lors de son passage chez Siemens et de sa direction chez Zumtobel. Franziska Tschudi Sauber enrichira la table ronde de son expertise en mati\u00e8re de d\u00e9veloppement d'entreprise et de ses multiples mandats dans des conseils d'administration d'entreprises importantes.<\/p>\n<h3><strong>Passage de t\u00e9moin : de la transmission \u00e0 l'avenir<\/strong><\/h3>\n<p>La table ronde sur le th\u00e8me \"Passage de t\u00e9moin - le passage d'une g\u00e9n\u00e9ration \u00e0 l'autre\" se concentre sur la mani\u00e8re dont le passage de t\u00e9moin s'est effectu\u00e9 d'une g\u00e9n\u00e9ration \u00e0 l'autre. Diana Gutjahr, copropri\u00e9taire et pr\u00e9sidente du conseil d'administration d'Ernst Fischer AG, Philipp Lehner, CEO du groupe ALPLA, et Antje von Dewitz, directrice g\u00e9n\u00e9rale de VAUDE, partagent leurs exp\u00e9riences personnelles et leurs strat\u00e9gies en mati\u00e8re de reprise et de direction dans leurs entreprises. Ils expliquent comment le passage de t\u00e9moin s'est d\u00e9roul\u00e9 et comment ils souhaitent assurer l'avenir \u00e0 long terme de leurs entreprises.\u00a0<\/p>\n<h3><strong>Conseiller f\u00e9d\u00e9ral Guy Parmelin : La place \u00e9conomique suisse<\/strong><\/h3>\n<p>Comme annonc\u00e9 dans le premier communiqu\u00e9 de presse, le conseiller f\u00e9d\u00e9ral Guy Parmelin s'exprimera sur le th\u00e8me de la localisation et \u00e9voquera l'attractivit\u00e9 de la place \u00e9conomique suisse pour les entreprises, notamment dans le contexte des r\u00e9centes n\u00e9gociations entre la Suisse et l'UE. Le 31e prix de l'\u00e9conomie de la vall\u00e9e du Rhin sera \u00e9galement d\u00e9cern\u00e9 en amont. Le forum sera \u00e0 nouveau anim\u00e9 par Sonja Hasler, de la SRF. Cette ann\u00e9e encore, un invit\u00e9 surprise viendra cl\u00f4turer le 30e Forum \u00e9conomique du Rheintal. L'invit\u00e9 surprise sera annonc\u00e9 ult\u00e9rieurement.<\/p>\n<p><em>Source et inscription : <a href=\"http:\/\/www.wifo.ch\">www.wifo.ch<\/a><\/em><\/p>","protected":false},"excerpt":{"rendered":"<p>Le 17 janvier 2025, le Forum \u00e9conomique du Rhin f\u00eatera son 30e anniversaire avec un programme de haut niveau et des intervenants comp\u00e9tents : Certains de ces intervenants \u00e9tant d\u00e9j\u00e0 connus, le programme complet est d\u00e9sormais disponible. <\/p>","protected":false},"author":58,"featured_media":29089,"comment_status":"closed","ping_status":"closed","sticky":false,"template":"","format":"standard","meta":{"_acf_changed":false,"_yoast_wpseo_focuskw":"Wifo","_yoast_wpseo_metadesc":"Das Rheintaler Wirtschaftsforum feiert am 17. Januar 2025 sein 30-j\u00e4hriges Jubil\u00e4um mit einem hochkar\u00e4tigen Programm.","articlekey":"","footnotes":""},"categories":[28],"tags":[221,292,334,3348],"class_list":["post-29088","post","type-post","status-publish","format-standard","has-post-thumbnail","hentry","category-management","tag-forum","tag-jubilaeum","tag-management","tag-rheintaler-wirtschaftsforum"],"acf":[],"yoast_head":"<!-- This site is optimized with the Yoast SEO plugin v27.4 - https:\/\/yoast.com\/product\/yoast-seo-wordpress\/ -->\n<title>Wifo 2025: Das Jubil\u00e4umsprogramm ist komplett - Organisator<\/title>\n<meta name=\"description\" content=\"Das Rheintaler Wirtschaftsforum feiert am 17. Januar 2025 sein 30-j\u00e4hriges Jubil\u00e4um mit einem hochkar\u00e4tigen Programm.\" \/>\n<meta name=\"robots\" content=\"index, follow, max-snippet:-1, max-image-preview:large, max-video-preview:-1\" \/>\n<link rel=\"canonical\" href=\"https:\/\/www.organisator.ch\/fr\/gestion-2\/2024-08-21\/wifo-2025-das-jubilaeumsprogramm-ist-komplett\/\" \/>\n<meta property=\"og:locale\" content=\"fr_FR\" \/>\n<meta property=\"og:type\" content=\"article\" \/>\n<meta property=\"og:title\" content=\"Wifo 2025: Das Jubil\u00e4umsprogramm ist komplett\" \/>\n<meta property=\"og:description\" content=\"Das Rheintaler Wirtschaftsforum feiert am 17. Januar 2025 sein 30-j\u00e4hriges Jubil\u00e4um mit einem hochkar\u00e4tigen Programm.\" \/>\n<meta property=\"og:url\" content=\"https:\/\/www.organisator.ch\/fr\/gestion-2\/2024-08-21\/wifo-2025-das-jubilaeumsprogramm-ist-komplett\/\" \/>\n<meta property=\"og:site_name\" content=\"Organisator\" \/>\n<meta property=\"article:publisher\" content=\"https:\/\/www.facebook.com\/OrganisatorFachmagazin\" \/>\n<meta property=\"article:published_time\" content=\"2024-08-21T06:15:17+00:00\" \/>\n<meta property=\"og:image\" content=\"https:\/\/www.organisator.ch\/wp-content\/uploads\/2024\/08\/Rheintaler-Wirtschaftsforum-2024_Rueckblick_Bild1_ps.jpg\" \/>\n\t<meta property=\"og:image:width\" content=\"680\" \/>\n\t<meta property=\"og:image:height\" content=\"413\" \/>\n\t<meta property=\"og:image:type\" content=\"image\/jpeg\" \/>\n<meta name=\"author\" content=\"Adelisa Kalajdzini\" \/>\n<meta name=\"twitter:card\" content=\"summary_large_image\" \/>\n<meta name=\"twitter:title\" content=\"Wifo 2025: Das Jubil\u00e4umsprogramm ist komplett\" \/>\n<meta name=\"twitter:description\" content=\"Das #Rheintaler #Wirtschaftsforum feiert am 17. Januar 2025 sein #30-j\u00e4hriges #Jubil\u00e4um mit einem hochkar\u00e4tigen #Programm.\" \/>\n<meta name=\"twitter:image\" content=\"https:\/\/www.organisator.ch\/wp-content\/uploads\/2024\/08\/Rheintaler-Wirtschaftsforum-2024_Rueckblick_Bild1_ps.jpg\" \/>\n<script type=\"application\/ld+json\" class=\"yoast-schema-graph\">{\"@context\":\"https:\\\/\\\/schema.org\",\"@graph\":[{\"@type\":\"Article\",\"@id\":\"https:\\\/\\\/www.organisator.ch\\\/management\\\/2024-08-21\\\/wifo-2025-das-jubilaeumsprogramm-ist-komplett\\\/#article\",\"isPartOf\":{\"@id\":\"https:\\\/\\\/www.organisator.ch\\\/management\\\/2024-08-21\\\/wifo-2025-das-jubilaeumsprogramm-ist-komplett\\\/\"},\"author\":{\"name\":\"Adelisa Kalajdzini\",\"@id\":\"https:\\\/\\\/www.organisator.ch\\\/#\\\/schema\\\/person\\\/2e1314a2172123f874db408d8911d3f3\"},\"headline\":\"Wifo 2025: Das Jubil\u00e4umsprogramm ist komplett\",\"datePublished\":\"2024-08-21T06:15:17+00:00\",\"mainEntityOfPage\":{\"@id\":\"https:\\\/\\\/www.organisator.ch\\\/management\\\/2024-08-21\\\/wifo-2025-das-jubilaeumsprogramm-ist-komplett\\\/\"},\"wordCount\":330,\"publisher\":{\"@id\":\"https:\\\/\\\/www.organisator.ch\\\/#organization\"},\"image\":{\"@id\":\"https:\\\/\\\/www.organisator.ch\\\/management\\\/2024-08-21\\\/wifo-2025-das-jubilaeumsprogramm-ist-komplett\\\/#primaryimage\"},\"thumbnailUrl\":\"https:\\\/\\\/www.organisator.ch\\\/wp-content\\\/uploads\\\/2024\\\/08\\\/Rheintaler-Wirtschaftsforum-2024_Rueckblick_Bild1_ps.jpg\",\"keywords\":[\"Forum\",\"Jubil\u00e4um\",\"Management\",\"Rheintaler Wirtschaftsforum\"],\"articleSection\":[\"MANAGEMENT\"],\"inLanguage\":\"fr-FR\"},{\"@type\":\"WebPage\",\"@id\":\"https:\\\/\\\/www.organisator.ch\\\/management\\\/2024-08-21\\\/wifo-2025-das-jubilaeumsprogramm-ist-komplett\\\/\",\"url\":\"https:\\\/\\\/www.organisator.ch\\\/management\\\/2024-08-21\\\/wifo-2025-das-jubilaeumsprogramm-ist-komplett\\\/\",\"name\":\"Wifo 2025: Das Jubil\u00e4umsprogramm ist komplett - Organisator\",\"isPartOf\":{\"@id\":\"https:\\\/\\\/www.organisator.ch\\\/#website\"},\"primaryImageOfPage\":{\"@id\":\"https:\\\/\\\/www.organisator.ch\\\/management\\\/2024-08-21\\\/wifo-2025-das-jubilaeumsprogramm-ist-komplett\\\/#primaryimage\"},\"image\":{\"@id\":\"https:\\\/\\\/www.organisator.ch\\\/management\\\/2024-08-21\\\/wifo-2025-das-jubilaeumsprogramm-ist-komplett\\\/#primaryimage\"},\"thumbnailUrl\":\"https:\\\/\\\/www.organisator.ch\\\/wp-content\\\/uploads\\\/2024\\\/08\\\/Rheintaler-Wirtschaftsforum-2024_Rueckblick_Bild1_ps.jpg\",\"datePublished\":\"2024-08-21T06:15:17+00:00\",\"description\":\"Das Rheintaler Wirtschaftsforum feiert am 17. Januar 2025 sein 30-j\u00e4hriges Jubil\u00e4um mit einem hochkar\u00e4tigen Programm.\",\"breadcrumb\":{\"@id\":\"https:\\\/\\\/www.organisator.ch\\\/management\\\/2024-08-21\\\/wifo-2025-das-jubilaeumsprogramm-ist-komplett\\\/#breadcrumb\"},\"inLanguage\":\"fr-FR\",\"potentialAction\":[{\"@type\":\"ReadAction\",\"target\":[\"https:\\\/\\\/www.organisator.ch\\\/management\\\/2024-08-21\\\/wifo-2025-das-jubilaeumsprogramm-ist-komplett\\\/\"]}]},{\"@type\":\"ImageObject\",\"inLanguage\":\"fr-FR\",\"@id\":\"https:\\\/\\\/www.organisator.ch\\\/management\\\/2024-08-21\\\/wifo-2025-das-jubilaeumsprogramm-ist-komplett\\\/#primaryimage\",\"url\":\"https:\\\/\\\/www.organisator.ch\\\/wp-content\\\/uploads\\\/2024\\\/08\\\/Rheintaler-Wirtschaftsforum-2024_Rueckblick_Bild1_ps.jpg\",\"contentUrl\":\"https:\\\/\\\/www.organisator.ch\\\/wp-content\\\/uploads\\\/2024\\\/08\\\/Rheintaler-Wirtschaftsforum-2024_Rueckblick_Bild1_ps.jpg\",\"width\":680,\"height\":413,\"caption\":\"Stimmungsbild vom Rheintaler Wirtschaftsforum 2024. (Bild: www.wifo.ch)\"},{\"@type\":\"BreadcrumbList\",\"@id\":\"https:\\\/\\\/www.organisator.ch\\\/management\\\/2024-08-21\\\/wifo-2025-das-jubilaeumsprogramm-ist-komplett\\\/#breadcrumb\",\"itemListElement\":[{\"@type\":\"ListItem\",\"position\":1,\"name\":\"Home\",\"item\":\"https:\\\/\\\/www.organisator.ch\\\/\"},{\"@type\":\"ListItem\",\"position\":2,\"name\":\"Wifo 2025: Das Jubil\u00e4umsprogramm ist komplett\"}]},{\"@type\":\"WebSite\",\"@id\":\"https:\\\/\\\/www.organisator.ch\\\/#website\",\"url\":\"https:\\\/\\\/www.organisator.ch\\\/\",\"name\":\"Organisator\",\"description\":\"Kompetent. Praxisnah. Der ORGANISATOR bereitet in 10 Ausgaben pro Jahr die wesentlichen Themen f\u00fcr F\u00fchrungskr\u00e4fte von KMU auf.\",\"publisher\":{\"@id\":\"https:\\\/\\\/www.organisator.ch\\\/#organization\"},\"potentialAction\":[{\"@type\":\"SearchAction\",\"target\":{\"@type\":\"EntryPoint\",\"urlTemplate\":\"https:\\\/\\\/www.organisator.ch\\\/?s={search_term_string}\"},\"query-input\":{\"@type\":\"PropertyValueSpecification\",\"valueRequired\":true,\"valueName\":\"search_term_string\"}}],\"inLanguage\":\"fr-FR\"},{\"@type\":\"Organization\",\"@id\":\"https:\\\/\\\/www.organisator.ch\\\/#organization\",\"name\":\"Organisator\",\"url\":\"https:\\\/\\\/www.organisator.ch\\\/\",\"logo\":{\"@type\":\"ImageObject\",\"inLanguage\":\"fr-FR\",\"@id\":\"https:\\\/\\\/www.organisator.ch\\\/#\\\/schema\\\/logo\\\/image\\\/\",\"url\":\"https:\\\/\\\/www.organisator.ch\\\/wp-content\\\/uploads\\\/2022\\\/01\\\/Logo_Organisator_Website.png\",\"contentUrl\":\"https:\\\/\\\/www.organisator.ch\\\/wp-content\\\/uploads\\\/2022\\\/01\\\/Logo_Organisator_Website.png\",\"width\":800,\"height\":77,\"caption\":\"Organisator\"},\"image\":{\"@id\":\"https:\\\/\\\/www.organisator.ch\\\/#\\\/schema\\\/logo\\\/image\\\/\"},\"sameAs\":[\"https:\\\/\\\/www.facebook.com\\\/OrganisatorFachmagazin\",\"https:\\\/\\\/www.linkedin.com\\\/showcase\\\/organisator-das-magazin-fr-kmu\",\"https:\\\/\\\/www.xing.com\\\/news\\\/pages\\\/organisator-ch-695\",\"https:\\\/\\\/www.youtube.com\\\/channel\\\/UCGP2Sq0iWaZwT3BdIAQFYpw\"]},{\"@type\":\"Person\",\"@id\":\"https:\\\/\\\/www.organisator.ch\\\/#\\\/schema\\\/person\\\/2e1314a2172123f874db408d8911d3f3\",\"name\":\"Adelisa Kalajdzini\",\"image\":{\"@type\":\"ImageObject\",\"inLanguage\":\"fr-FR\",\"@id\":\"https:\\\/\\\/secure.gravatar.com\\\/avatar\\\/09a397c22ac58cad6f160ee8306348599df9df58a8ede73696226897b9fa4b24?s=96&d=mm&r=g\",\"url\":\"https:\\\/\\\/secure.gravatar.com\\\/avatar\\\/09a397c22ac58cad6f160ee8306348599df9df58a8ede73696226897b9fa4b24?s=96&d=mm&r=g\",\"contentUrl\":\"https:\\\/\\\/secure.gravatar.com\\\/avatar\\\/09a397c22ac58cad6f160ee8306348599df9df58a8ede73696226897b9fa4b24?s=96&d=mm&r=g\",\"caption\":\"Adelisa Kalajdzini\"},\"url\":\"https:\\\/\\\/www.organisator.ch\\\/fr\\\/author\\\/adelisa-kalajdzini\\\/\"}]}<\/script>\n<!-- \/ Yoast SEO plugin. -->","yoast_head_json":{"title":"Wifo 2025 : Le programme du jubil\u00e9 est complet - Organisateur","description":"Le 17 janvier 2025, le Forum \u00e9conomique de la vall\u00e9e du Rhin f\u00eatera son 30e anniversaire avec un programme de haut niveau.","robots":{"index":"index","follow":"follow","max-snippet":"max-snippet:-1","max-image-preview":"max-image-preview:large","max-video-preview":"max-video-preview:-1"},"canonical":"https:\/\/www.organisator.ch\/fr\/gestion-2\/2024-08-21\/wifo-2025-das-jubilaeumsprogramm-ist-komplett\/","og_locale":"fr_FR","og_type":"article","og_title":"Wifo 2025: Das Jubil\u00e4umsprogramm ist komplett","og_description":"Das Rheintaler Wirtschaftsforum feiert am 17. Januar 2025 sein 30-j\u00e4hriges Jubil\u00e4um mit einem hochkar\u00e4tigen Programm.","og_url":"https:\/\/www.organisator.ch\/fr\/gestion-2\/2024-08-21\/wifo-2025-das-jubilaeumsprogramm-ist-komplett\/","og_site_name":"Organisator","article_publisher":"https:\/\/www.facebook.com\/OrganisatorFachmagazin","article_published_time":"2024-08-21T06:15:17+00:00","og_image":[{"width":680,"height":413,"url":"https:\/\/www.organisator.ch\/wp-content\/uploads\/2024\/08\/Rheintaler-Wirtschaftsforum-2024_Rueckblick_Bild1_ps.jpg","type":"image\/jpeg"}],"author":"Adelisa Kalajdzini","twitter_card":"summary_large_image","twitter_title":"Wifo 2025: Das Jubil\u00e4umsprogramm ist komplett","twitter_description":"Das #Rheintaler #Wirtschaftsforum feiert am 17. Januar 2025 sein #30-j\u00e4hriges #Jubil\u00e4um mit einem hochkar\u00e4tigen #Programm.","twitter_image":"https:\/\/www.organisator.ch\/wp-content\/uploads\/2024\/08\/Rheintaler-Wirtschaftsforum-2024_Rueckblick_Bild1_ps.jpg","schema":{"@context":"https:\/\/schema.org","@graph":[{"@type":"Article","@id":"https:\/\/www.organisator.ch\/management\/2024-08-21\/wifo-2025-das-jubilaeumsprogramm-ist-komplett\/#article","isPartOf":{"@id":"https:\/\/www.organisator.ch\/management\/2024-08-21\/wifo-2025-das-jubilaeumsprogramm-ist-komplett\/"},"author":{"name":"Adelisa Kalajdzini","@id":"https:\/\/www.organisator.ch\/#\/schema\/person\/2e1314a2172123f874db408d8911d3f3"},"headline":"Wifo 2025: Das Jubil\u00e4umsprogramm ist komplett","datePublished":"2024-08-21T06:15:17+00:00","mainEntityOfPage":{"@id":"https:\/\/www.organisator.ch\/management\/2024-08-21\/wifo-2025-das-jubilaeumsprogramm-ist-komplett\/"},"wordCount":330,"publisher":{"@id":"https:\/\/www.organisator.ch\/#organization"},"image":{"@id":"https:\/\/www.organisator.ch\/management\/2024-08-21\/wifo-2025-das-jubilaeumsprogramm-ist-komplett\/#primaryimage"},"thumbnailUrl":"https:\/\/www.organisator.ch\/wp-content\/uploads\/2024\/08\/Rheintaler-Wirtschaftsforum-2024_Rueckblick_Bild1_ps.jpg","keywords":["Forum","Jubil\u00e4um","Management","Rheintaler Wirtschaftsforum"],"articleSection":["MANAGEMENT"],"inLanguage":"fr-FR"},{"@type":"WebPage","@id":"https:\/\/www.organisator.ch\/management\/2024-08-21\/wifo-2025-das-jubilaeumsprogramm-ist-komplett\/","url":"https:\/\/www.organisator.ch\/management\/2024-08-21\/wifo-2025-das-jubilaeumsprogramm-ist-komplett\/","name":"Wifo 2025 : Le programme du jubil\u00e9 est complet - Organisateur","isPartOf":{"@id":"https:\/\/www.organisator.ch\/#website"},"primaryImageOfPage":{"@id":"https:\/\/www.organisator.ch\/management\/2024-08-21\/wifo-2025-das-jubilaeumsprogramm-ist-komplett\/#primaryimage"},"image":{"@id":"https:\/\/www.organisator.ch\/management\/2024-08-21\/wifo-2025-das-jubilaeumsprogramm-ist-komplett\/#primaryimage"},"thumbnailUrl":"https:\/\/www.organisator.ch\/wp-content\/uploads\/2024\/08\/Rheintaler-Wirtschaftsforum-2024_Rueckblick_Bild1_ps.jpg","datePublished":"2024-08-21T06:15:17+00:00","description":"Le 17 janvier 2025, le Forum \u00e9conomique de la vall\u00e9e du Rhin f\u00eatera son 30e anniversaire avec un programme de haut niveau.","breadcrumb":{"@id":"https:\/\/www.organisator.ch\/management\/2024-08-21\/wifo-2025-das-jubilaeumsprogramm-ist-komplett\/#breadcrumb"},"inLanguage":"fr-FR","potentialAction":[{"@type":"ReadAction","target":["https:\/\/www.organisator.ch\/management\/2024-08-21\/wifo-2025-das-jubilaeumsprogramm-ist-komplett\/"]}]},{"@type":"ImageObject","inLanguage":"fr-FR","@id":"https:\/\/www.organisator.ch\/management\/2024-08-21\/wifo-2025-das-jubilaeumsprogramm-ist-komplett\/#primaryimage","url":"https:\/\/www.organisator.ch\/wp-content\/uploads\/2024\/08\/Rheintaler-Wirtschaftsforum-2024_Rueckblick_Bild1_ps.jpg","contentUrl":"https:\/\/www.organisator.ch\/wp-content\/uploads\/2024\/08\/Rheintaler-Wirtschaftsforum-2024_Rueckblick_Bild1_ps.jpg","width":680,"height":413,"caption":"Stimmungsbild vom Rheintaler Wirtschaftsforum 2024. (Bild: www.wifo.ch)"},{"@type":"BreadcrumbList","@id":"https:\/\/www.organisator.ch\/management\/2024-08-21\/wifo-2025-das-jubilaeumsprogramm-ist-komplett\/#breadcrumb","itemListElement":[{"@type":"ListItem","position":1,"name":"Home","item":"https:\/\/www.organisator.ch\/"},{"@type":"ListItem","position":2,"name":"Wifo 2025: Das Jubil\u00e4umsprogramm ist komplett"}]},{"@type":"WebSite","@id":"https:\/\/www.organisator.ch\/#website","url":"https:\/\/www.organisator.ch\/","name":"Organisateur","description":"Comp\u00e9tence et comp\u00e9tence. Proches de la pratique. L'ORGANISATEUR pr\u00e9pare 10 num\u00e9ros par an sur les th\u00e8mes essentiels pour les dirigeants de PME.","publisher":{"@id":"https:\/\/www.organisator.ch\/#organization"},"potentialAction":[{"@type":"SearchAction","target":{"@type":"EntryPoint","urlTemplate":"https:\/\/www.organisator.ch\/?s={search_term_string}"},"query-input":{"@type":"PropertyValueSpecification","valueRequired":true,"valueName":"search_term_string"}}],"inLanguage":"fr-FR"},{"@type":"Organization","@id":"https:\/\/www.organisator.ch\/#organization","name":"Organisateur","url":"https:\/\/www.organisator.ch\/","logo":{"@type":"ImageObject","inLanguage":"fr-FR","@id":"https:\/\/www.organisator.ch\/#\/schema\/logo\/image\/","url":"https:\/\/www.organisator.ch\/wp-content\/uploads\/2022\/01\/Logo_Organisator_Website.png","contentUrl":"https:\/\/www.organisator.ch\/wp-content\/uploads\/2022\/01\/Logo_Organisator_Website.png","width":800,"height":77,"caption":"Organisator"},"image":{"@id":"https:\/\/www.organisator.ch\/#\/schema\/logo\/image\/"},"sameAs":["https:\/\/www.facebook.com\/OrganisatorFachmagazin","https:\/\/www.linkedin.com\/showcase\/organisator-das-magazin-fr-kmu","https:\/\/www.xing.com\/news\/pages\/organisator-ch-695","https:\/\/www.youtube.com\/channel\/UCGP2Sq0iWaZwT3BdIAQFYpw"]},{"@type":"Person","@id":"https:\/\/www.organisator.ch\/#\/schema\/person\/2e1314a2172123f874db408d8911d3f3","name":"Adelisa Kalajdzini","image":{"@type":"ImageObject","inLanguage":"fr-FR","@id":"https:\/\/secure.gravatar.com\/avatar\/09a397c22ac58cad6f160ee8306348599df9df58a8ede73696226897b9fa4b24?s=96&d=mm&r=g","url":"https:\/\/secure.gravatar.com\/avatar\/09a397c22ac58cad6f160ee8306348599df9df58a8ede73696226897b9fa4b24?s=96&d=mm&r=g","contentUrl":"https:\/\/secure.gravatar.com\/avatar\/09a397c22ac58cad6f160ee8306348599df9df58a8ede73696226897b9fa4b24?s=96&d=mm&r=g","caption":"Adelisa Kalajdzini"},"url":"https:\/\/www.organisator.ch\/fr\/author\/adelisa-kalajdzini\/"}]}},"_links":{"self":[{"href":"https:\/\/www.organisator.ch\/fr\/wp-json\/wp\/v2\/posts\/29088","targetHints":{"allow":["GET"]}}],"collection":[{"href":"https:\/\/www.organisator.ch\/fr\/wp-json\/wp\/v2\/posts"}],"about":[{"href":"https:\/\/www.organisator.ch\/fr\/wp-json\/wp\/v2\/types\/post"}],"author":[{"embeddable":true,"href":"https:\/\/www.organisator.ch\/fr\/wp-json\/wp\/v2\/users\/58"}],"replies":[{"embeddable":true,"href":"https:\/\/www.organisator.ch\/fr\/wp-json\/wp\/v2\/comments?post=29088"}],"version-history":[{"count":2,"href":"https:\/\/www.organisator.ch\/fr\/wp-json\/wp\/v2\/posts\/29088\/revisions"}],"predecessor-version":[{"id":29185,"href":"https:\/\/www.organisator.ch\/fr\/wp-json\/wp\/v2\/posts\/29088\/revisions\/29185"}],"wp:featuredmedia":[{"embeddable":true,"href":"https:\/\/www.organisator.ch\/fr\/wp-json\/wp\/v2\/media\/29089"}],"wp:attachment":[{"href":"https:\/\/www.organisator.ch\/fr\/wp-json\/wp\/v2\/media?parent=29088"}],"wp:term":[{"taxonomy":"category","embeddable":true,"href":"https:\/\/www.organisator.ch\/fr\/wp-json\/wp\/v2\/categories?post=29088"},{"taxonomy":"post_tag","embeddable":true,"href":"https:\/\/www.organisator.ch\/fr\/wp-json\/wp\/v2\/tags?post=29088"}],"curies":[{"name":"wp","href":"https:\/\/api.w.org\/{rel}","templated":true}]}}