{"id":29091,"date":"2024-08-19T11:20:36","date_gmt":"2024-08-19T09:20:36","guid":{"rendered":"https:\/\/www.organisator.ch\/?p=29091"},"modified":"2024-08-19T11:20:36","modified_gmt":"2024-08-19T09:20:36","slug":"itesys-erweitert-marktpraesenz-in-deutschland-mit-nexquent-consulting","status":"publish","type":"post","link":"https:\/\/www.organisator.ch\/fr\/management\/2024-08-19\/itesys-erweitert-marktpraesenz-in-deutschland-mit-nexquent-consulting\/","title":{"rendered":"Itesys \u00e9tend sa pr\u00e9sence sur le march\u00e9 allemand avec nexQuent Consulting"},"content":{"rendered":"<figure id=\"attachment_29092\" aria-describedby=\"caption-attachment-29092\" style=\"width: 680px\" class=\"wp-caption alignnone\"><img loading=\"lazy\" decoding=\"async\" class=\"size-full wp-image-29092\" src=\"https:\/\/www.organisator.ch\/wp-content\/uploads\/2024\/08\/Newsletter_August_NQ_itesys_Bild1_ps.jpg\" alt=\"\" width=\"680\" height=\"264\" srcset=\"https:\/\/www.organisator.ch\/wp-content\/uploads\/2024\/08\/Newsletter_August_NQ_itesys_Bild1_ps.jpg 680w, https:\/\/www.organisator.ch\/wp-content\/uploads\/2024\/08\/Newsletter_August_NQ_itesys_Bild1_ps-18x7.jpg 18w, https:\/\/www.organisator.ch\/wp-content\/uploads\/2024\/08\/Newsletter_August_NQ_itesys_Bild1_ps-375x146.jpg 375w\" sizes=\"auto, (max-width: 680px) 100vw, 680px\" \/><figcaption id=\"caption-attachment-29092\" class=\"wp-caption-text\">itesys AG conclut une alliance strat\u00e9gique avec nexQuent Consulting GmbH en Allemagne. (Image : www.itesys.expert \/ www.nexquent.de)<\/figcaption><\/figure>\n<p>La soci\u00e9t\u00e9 nexQuent Consulting GmbH est un fournisseur de services complets pour les th\u00e8mes SAP centraux tels que l'exploitation, l'int\u00e9gration et l'infrastructure cloud, l'automatisation, l'archivage et l'ILM, la s\u00e9curit\u00e9 ainsi que la gestion du cycle de vie des utilisateurs. Pr\u00e9sent sur le march\u00e9 avec succ\u00e8s depuis 2007, le groupe nexQuent s'est sp\u00e9cialis\u00e9 dans les technologies SAP Basis ainsi que dans la mise en place et l'exploitation d'environnements syst\u00e8me hybrides. Avec pr\u00e8s de 40 collaborateurs en Allemagne, nexQuent propose aux clients de tous les secteurs et de toutes les tailles des solutions technologiques et \u00e9conomiques pour les th\u00e8mes de l'environnement SAP Basis, de la conformit\u00e9, de la gestion des utilisateurs et de la s\u00e9curit\u00e9 ainsi qu'un soutien dans la transformation S\/4HANA et le contexte RISE with SAP.<\/p>\n<p>itesys AG, un partenaire SAP comptant environ 130 collaborateurs, se concentre sur SAP Basis et sur des prestations de conseil et d'exploitation proches de SAP Basis. Depuis 2003, l'entreprise soutient ses clients avec des services g\u00e9r\u00e9s sur mesure, une exploitation SAP certifi\u00e9e ISO dans des centres informatiques suisses, un Expert Desk dans le Mission Control Center avec l'outil de surveillance Scansor et un nouveau SAP Security Operations Center (SAP SOC).<\/p>\n<p>Les clients des deux entreprises b\u00e9n\u00e9ficient d\u00e8s \u00e0 pr\u00e9sent d'une \u00e9quipe d'experts encore plus grande, compos\u00e9e d'environ 170 sp\u00e9cialistes SAP, ainsi que des connaissances et de la force concentr\u00e9es d'une \u00e9quipe forte et internationale, pr\u00eate \u00e0 assurer le succ\u00e8s technologique des clients. Les solutions d'exploitation et technologiques SAP pourront d\u00e9sormais \u00eatre fournies dans le monde entier \u00e0 partir des sites d'Allemagne, de Suisse, de Slovaquie, de Roumanie et de Nouvelle-Z\u00e9lande. En tant que fournisseur de services complets, les entreprises assurent une exploitation du syst\u00e8me efficace et \u00e0 l'\u00e9preuve du temps.<\/p>\n<p>Sascha Lioi, directeur g\u00e9n\u00e9ral de itesys AG, explique : \"nexQuent nous convient parfaitement. La passion pour la technologie SAP nous unit et ensemble, nous travaillons \u00e0 notre objectif de devenir le fer de lance dans le domaine de la technologie SAP. Strat\u00e9giquement, les nouveaux th\u00e8mes d'innovation SAP et de cloud vont prendre plus d'importance, tandis que nous continuons \u00e0 miser sur la base SAP classique, afin d'accorder l'attention n\u00e9cessaire \u00e0 la grande majorit\u00e9 de nos clients existants et de les pr\u00e9parer techniquement et architecturalement \u00e0 l'avenir dans l'environnement SAP RISE au cours des prochaines ann\u00e9es\".<\/p>\n<p>Frank Hasemann, directeur g\u00e9n\u00e9ral de nexQuent Consulting GmbH, ajoute : \"La fusion avec itesys est une \u00e9tape importante pour notre entreprise. Nous y voyons une opportunit\u00e9 de croissance internationale et les avantages d'un portefeuille commun. Les clients et les collaborateurs profiteront consid\u00e9rablement d'une \u00e9quipe plus grande, d'une expertise \u00e9largie et de l'imbrication des th\u00e8mes de conseil et d'exploitation SAP\".<\/p>\n<p>Au cours des prochaines semaines, les organisations se rapprocheront afin de continuer \u00e0 promouvoir la collaboration et \u00e0 faire avancer l'int\u00e9gration dans le groupe itesys. Pour les collaborateurs, rien ne change aux conditions existantes. Il a \u00e9t\u00e9 convenu de ne pas divulguer les conditions.<\/p>\n<p>Lors du congr\u00e8s annuel de la DSAG de cette ann\u00e9e, le rendez-vous le plus important pour les entreprises utilisatrices de SAP dans les pays germanophones, qui se tiendra du 15 au 17 octobre 2024 \u00e0 Leipzig, une \u00e9quipe commune sera d\u00e9j\u00e0 sur place pour accueillir les clients.<\/p>\n<p><em>Source : <a href=\"http:\/\/www.itesys.expert\">www.itesys.expert<\/a> \/ <a href=\"http:\/\/www.nexquent.de\">www.nexquent.de<\/a><\/em><\/p>","protected":false},"excerpt":{"rendered":"<p>itesys AG, sp\u00e9cialiste des services d'exploitation et de projet SAP Basis, conclut une alliance strat\u00e9gique avec nexQuent Consulting GmbH en Allemagne. itesys s'enrichit ainsi d'une quarantaine d'experts SAP et \u00e9largit son portefeuille dans le domaine de l'exploitation SAP et du conseil en technologie SAP. L'expansion en Allemagne permet non seulement \u00e0 l'entreprise de consolider sa pr\u00e9sence sur le march\u00e9, mais aussi d'\u00e9tablir une base strat\u00e9gique pour une croissance durable et une comp\u00e9titivit\u00e9 internationale. <\/p>","protected":false},"author":58,"featured_media":29092,"comment_status":"closed","ping_status":"closed","sticky":false,"template":"","format":"standard","meta":{"_acf_changed":false,"_yoast_wpseo_focuskw":"Itesys","_yoast_wpseo_metadesc":"Die itesys AG, Spezialistin f\u00fcr SAP Basis Projekt- und Betriebsdienstleistungen, schliesst strategischen Bund mit der nexQuent Consulting.","articlekey":"","footnotes":""},"categories":[28],"tags":[334,4394,421,492],"class_list":["post-29091","post","type-post","status-publish","format-standard","has-post-thumbnail","hentry","category-management","tag-management","tag-marktpraesenz","tag-sap","tag-unternehmen"],"acf":[],"yoast_head":"<!-- This site is optimized with the Yoast SEO plugin v27.5 - https:\/\/yoast.com\/product\/yoast-seo-wordpress\/ -->\n<title>Itesys erweitert Marktpr\u00e4senz in Deutschland mit nexQuent Consulting - Organisator<\/title>\n<meta name=\"description\" content=\"Die itesys AG, Spezialistin f\u00fcr SAP Basis Projekt- und Betriebsdienstleistungen, schliesst strategischen Bund mit der nexQuent Consulting.\" \/>\n<meta name=\"robots\" content=\"index, follow, max-snippet:-1, max-image-preview:large, max-video-preview:-1\" \/>\n<link rel=\"canonical\" href=\"https:\/\/www.organisator.ch\/fr\/gestion-2\/2024-08-19\/itesys-erweitert-marktpraesenz-in-deutschland-mit-nexquent-consulting\/\" \/>\n<meta property=\"og:locale\" content=\"fr_FR\" \/>\n<meta property=\"og:type\" content=\"article\" \/>\n<meta property=\"og:title\" content=\"Itesys erweitert Marktpr\u00e4senz in Deutschland mit nexQuent Consulting\" \/>\n<meta property=\"og:description\" content=\"Die itesys AG, Spezialistin f\u00fcr SAP Basis Projekt- und Betriebsdienstleistungen, schliesst strategischen Bund mit der nexQuent Consulting.\" \/>\n<meta property=\"og:url\" content=\"https:\/\/www.organisator.ch\/fr\/gestion-2\/2024-08-19\/itesys-erweitert-marktpraesenz-in-deutschland-mit-nexquent-consulting\/\" \/>\n<meta property=\"og:site_name\" content=\"Organisator\" \/>\n<meta property=\"article:publisher\" content=\"https:\/\/www.facebook.com\/OrganisatorFachmagazin\" \/>\n<meta property=\"article:published_time\" content=\"2024-08-19T09:20:36+00:00\" \/>\n<meta property=\"og:image\" content=\"https:\/\/www.organisator.ch\/wp-content\/uploads\/2024\/08\/Newsletter_August_NQ_itesys_Bild1_ps.jpg\" \/>\n\t<meta property=\"og:image:width\" content=\"680\" \/>\n\t<meta property=\"og:image:height\" content=\"264\" \/>\n\t<meta property=\"og:image:type\" content=\"image\/jpeg\" \/>\n<meta name=\"author\" content=\"Adelisa Kalajdzini\" \/>\n<meta name=\"twitter:card\" content=\"summary_large_image\" \/>\n<meta name=\"twitter:title\" content=\"Itesys erweitert Marktpr\u00e4senz in Deutschland mit nexQuent Consulting\" \/>\n<meta name=\"twitter:description\" content=\"Die #itesys AG, Spezialistin f\u00fcr #SAP Basis Projekt- und Betriebsdienstleistungen, schliesst strategischen Bund mit der #nexQuent #Consulting.\" \/>\n<meta name=\"twitter:image\" content=\"https:\/\/www.organisator.ch\/wp-content\/uploads\/2024\/08\/Newsletter_August_NQ_itesys_Bild1_ps.jpg\" \/>\n<script type=\"application\/ld+json\" class=\"yoast-schema-graph\">{\"@context\":\"https:\\\/\\\/schema.org\",\"@graph\":[{\"@type\":\"Article\",\"@id\":\"https:\\\/\\\/www.organisator.ch\\\/management\\\/2024-08-19\\\/itesys-erweitert-marktpraesenz-in-deutschland-mit-nexquent-consulting\\\/#article\",\"isPartOf\":{\"@id\":\"https:\\\/\\\/www.organisator.ch\\\/management\\\/2024-08-19\\\/itesys-erweitert-marktpraesenz-in-deutschland-mit-nexquent-consulting\\\/\"},\"author\":{\"name\":\"Adelisa Kalajdzini\",\"@id\":\"https:\\\/\\\/www.organisator.ch\\\/#\\\/schema\\\/person\\\/2e1314a2172123f874db408d8911d3f3\"},\"headline\":\"Itesys erweitert Marktpr\u00e4senz in Deutschland mit nexQuent Consulting\",\"datePublished\":\"2024-08-19T09:20:36+00:00\",\"mainEntityOfPage\":{\"@id\":\"https:\\\/\\\/www.organisator.ch\\\/management\\\/2024-08-19\\\/itesys-erweitert-marktpraesenz-in-deutschland-mit-nexquent-consulting\\\/\"},\"wordCount\":480,\"publisher\":{\"@id\":\"https:\\\/\\\/www.organisator.ch\\\/#organization\"},\"image\":{\"@id\":\"https:\\\/\\\/www.organisator.ch\\\/management\\\/2024-08-19\\\/itesys-erweitert-marktpraesenz-in-deutschland-mit-nexquent-consulting\\\/#primaryimage\"},\"thumbnailUrl\":\"https:\\\/\\\/www.organisator.ch\\\/wp-content\\\/uploads\\\/2024\\\/08\\\/Newsletter_August_NQ_itesys_Bild1_ps.jpg\",\"keywords\":[\"Management\",\"Marktpr\u00e4senz\",\"SAP\",\"Unternehmen\"],\"articleSection\":[\"MANAGEMENT\"],\"inLanguage\":\"fr-FR\"},{\"@type\":\"WebPage\",\"@id\":\"https:\\\/\\\/www.organisator.ch\\\/management\\\/2024-08-19\\\/itesys-erweitert-marktpraesenz-in-deutschland-mit-nexquent-consulting\\\/\",\"url\":\"https:\\\/\\\/www.organisator.ch\\\/management\\\/2024-08-19\\\/itesys-erweitert-marktpraesenz-in-deutschland-mit-nexquent-consulting\\\/\",\"name\":\"Itesys erweitert Marktpr\u00e4senz in Deutschland mit nexQuent Consulting - Organisator\",\"isPartOf\":{\"@id\":\"https:\\\/\\\/www.organisator.ch\\\/#website\"},\"primaryImageOfPage\":{\"@id\":\"https:\\\/\\\/www.organisator.ch\\\/management\\\/2024-08-19\\\/itesys-erweitert-marktpraesenz-in-deutschland-mit-nexquent-consulting\\\/#primaryimage\"},\"image\":{\"@id\":\"https:\\\/\\\/www.organisator.ch\\\/management\\\/2024-08-19\\\/itesys-erweitert-marktpraesenz-in-deutschland-mit-nexquent-consulting\\\/#primaryimage\"},\"thumbnailUrl\":\"https:\\\/\\\/www.organisator.ch\\\/wp-content\\\/uploads\\\/2024\\\/08\\\/Newsletter_August_NQ_itesys_Bild1_ps.jpg\",\"datePublished\":\"2024-08-19T09:20:36+00:00\",\"description\":\"Die itesys AG, Spezialistin f\u00fcr SAP Basis Projekt- und Betriebsdienstleistungen, schliesst strategischen Bund mit der nexQuent Consulting.\",\"breadcrumb\":{\"@id\":\"https:\\\/\\\/www.organisator.ch\\\/management\\\/2024-08-19\\\/itesys-erweitert-marktpraesenz-in-deutschland-mit-nexquent-consulting\\\/#breadcrumb\"},\"inLanguage\":\"fr-FR\",\"potentialAction\":[{\"@type\":\"ReadAction\",\"target\":[\"https:\\\/\\\/www.organisator.ch\\\/management\\\/2024-08-19\\\/itesys-erweitert-marktpraesenz-in-deutschland-mit-nexquent-consulting\\\/\"]}]},{\"@type\":\"ImageObject\",\"inLanguage\":\"fr-FR\",\"@id\":\"https:\\\/\\\/www.organisator.ch\\\/management\\\/2024-08-19\\\/itesys-erweitert-marktpraesenz-in-deutschland-mit-nexquent-consulting\\\/#primaryimage\",\"url\":\"https:\\\/\\\/www.organisator.ch\\\/wp-content\\\/uploads\\\/2024\\\/08\\\/Newsletter_August_NQ_itesys_Bild1_ps.jpg\",\"contentUrl\":\"https:\\\/\\\/www.organisator.ch\\\/wp-content\\\/uploads\\\/2024\\\/08\\\/Newsletter_August_NQ_itesys_Bild1_ps.jpg\",\"width\":680,\"height\":264,\"caption\":\"Die itesys AG schliesst den strategischen Bund mit der nexQuent Consulting GmbH in Deutschland. (Bild: www.itesys.expert \\\/ www.nexquent.de)\"},{\"@type\":\"BreadcrumbList\",\"@id\":\"https:\\\/\\\/www.organisator.ch\\\/management\\\/2024-08-19\\\/itesys-erweitert-marktpraesenz-in-deutschland-mit-nexquent-consulting\\\/#breadcrumb\",\"itemListElement\":[{\"@type\":\"ListItem\",\"position\":1,\"name\":\"Home\",\"item\":\"https:\\\/\\\/www.organisator.ch\\\/\"},{\"@type\":\"ListItem\",\"position\":2,\"name\":\"Itesys erweitert Marktpr\u00e4senz in Deutschland mit nexQuent Consulting\"}]},{\"@type\":\"WebSite\",\"@id\":\"https:\\\/\\\/www.organisator.ch\\\/#website\",\"url\":\"https:\\\/\\\/www.organisator.ch\\\/\",\"name\":\"Organisator\",\"description\":\"Kompetent. Praxisnah. Der ORGANISATOR bereitet in 10 Ausgaben pro Jahr die wesentlichen Themen f\u00fcr F\u00fchrungskr\u00e4fte von KMU auf.\",\"publisher\":{\"@id\":\"https:\\\/\\\/www.organisator.ch\\\/#organization\"},\"potentialAction\":[{\"@type\":\"SearchAction\",\"target\":{\"@type\":\"EntryPoint\",\"urlTemplate\":\"https:\\\/\\\/www.organisator.ch\\\/?s={search_term_string}\"},\"query-input\":{\"@type\":\"PropertyValueSpecification\",\"valueRequired\":true,\"valueName\":\"search_term_string\"}}],\"inLanguage\":\"fr-FR\"},{\"@type\":\"Organization\",\"@id\":\"https:\\\/\\\/www.organisator.ch\\\/#organization\",\"name\":\"Organisator\",\"url\":\"https:\\\/\\\/www.organisator.ch\\\/\",\"logo\":{\"@type\":\"ImageObject\",\"inLanguage\":\"fr-FR\",\"@id\":\"https:\\\/\\\/www.organisator.ch\\\/#\\\/schema\\\/logo\\\/image\\\/\",\"url\":\"https:\\\/\\\/www.organisator.ch\\\/wp-content\\\/uploads\\\/2022\\\/01\\\/Logo_Organisator_Website.png\",\"contentUrl\":\"https:\\\/\\\/www.organisator.ch\\\/wp-content\\\/uploads\\\/2022\\\/01\\\/Logo_Organisator_Website.png\",\"width\":800,\"height\":77,\"caption\":\"Organisator\"},\"image\":{\"@id\":\"https:\\\/\\\/www.organisator.ch\\\/#\\\/schema\\\/logo\\\/image\\\/\"},\"sameAs\":[\"https:\\\/\\\/www.facebook.com\\\/OrganisatorFachmagazin\",\"https:\\\/\\\/www.linkedin.com\\\/showcase\\\/organisator-das-magazin-fr-kmu\",\"https:\\\/\\\/www.xing.com\\\/news\\\/pages\\\/organisator-ch-695\",\"https:\\\/\\\/www.youtube.com\\\/channel\\\/UCGP2Sq0iWaZwT3BdIAQFYpw\"]},{\"@type\":\"Person\",\"@id\":\"https:\\\/\\\/www.organisator.ch\\\/#\\\/schema\\\/person\\\/2e1314a2172123f874db408d8911d3f3\",\"name\":\"Adelisa Kalajdzini\",\"image\":{\"@type\":\"ImageObject\",\"inLanguage\":\"fr-FR\",\"@id\":\"https:\\\/\\\/secure.gravatar.com\\\/avatar\\\/09a397c22ac58cad6f160ee8306348599df9df58a8ede73696226897b9fa4b24?s=96&d=mm&r=g\",\"url\":\"https:\\\/\\\/secure.gravatar.com\\\/avatar\\\/09a397c22ac58cad6f160ee8306348599df9df58a8ede73696226897b9fa4b24?s=96&d=mm&r=g\",\"contentUrl\":\"https:\\\/\\\/secure.gravatar.com\\\/avatar\\\/09a397c22ac58cad6f160ee8306348599df9df58a8ede73696226897b9fa4b24?s=96&d=mm&r=g\",\"caption\":\"Adelisa Kalajdzini\"},\"url\":\"https:\\\/\\\/www.organisator.ch\\\/fr\\\/author\\\/adelisa-kalajdzini\\\/\"}]}<\/script>\n<!-- \/ Yoast SEO plugin. -->","yoast_head_json":{"title":"Itesys \u00e9tend sa pr\u00e9sence sur le march\u00e9 allemand avec nexQuent Consulting - Organisateur","description":"itesys AG, sp\u00e9cialiste des services de projet et d'exploitation SAP Basis, conclut une alliance strat\u00e9gique avec nexQuent Consulting.","robots":{"index":"index","follow":"follow","max-snippet":"max-snippet:-1","max-image-preview":"max-image-preview:large","max-video-preview":"max-video-preview:-1"},"canonical":"https:\/\/www.organisator.ch\/fr\/gestion-2\/2024-08-19\/itesys-erweitert-marktpraesenz-in-deutschland-mit-nexquent-consulting\/","og_locale":"fr_FR","og_type":"article","og_title":"Itesys erweitert Marktpr\u00e4senz in Deutschland mit nexQuent Consulting","og_description":"Die itesys AG, Spezialistin f\u00fcr SAP Basis Projekt- und Betriebsdienstleistungen, schliesst strategischen Bund mit der nexQuent Consulting.","og_url":"https:\/\/www.organisator.ch\/fr\/gestion-2\/2024-08-19\/itesys-erweitert-marktpraesenz-in-deutschland-mit-nexquent-consulting\/","og_site_name":"Organisator","article_publisher":"https:\/\/www.facebook.com\/OrganisatorFachmagazin","article_published_time":"2024-08-19T09:20:36+00:00","og_image":[{"width":680,"height":264,"url":"https:\/\/www.organisator.ch\/wp-content\/uploads\/2024\/08\/Newsletter_August_NQ_itesys_Bild1_ps.jpg","type":"image\/jpeg"}],"author":"Adelisa Kalajdzini","twitter_card":"summary_large_image","twitter_title":"Itesys erweitert Marktpr\u00e4senz in Deutschland mit nexQuent Consulting","twitter_description":"Die #itesys AG, Spezialistin f\u00fcr #SAP Basis Projekt- und Betriebsdienstleistungen, schliesst strategischen Bund mit der #nexQuent #Consulting.","twitter_image":"https:\/\/www.organisator.ch\/wp-content\/uploads\/2024\/08\/Newsletter_August_NQ_itesys_Bild1_ps.jpg","schema":{"@context":"https:\/\/schema.org","@graph":[{"@type":"Article","@id":"https:\/\/www.organisator.ch\/management\/2024-08-19\/itesys-erweitert-marktpraesenz-in-deutschland-mit-nexquent-consulting\/#article","isPartOf":{"@id":"https:\/\/www.organisator.ch\/management\/2024-08-19\/itesys-erweitert-marktpraesenz-in-deutschland-mit-nexquent-consulting\/"},"author":{"name":"Adelisa Kalajdzini","@id":"https:\/\/www.organisator.ch\/#\/schema\/person\/2e1314a2172123f874db408d8911d3f3"},"headline":"Itesys erweitert Marktpr\u00e4senz in Deutschland mit nexQuent Consulting","datePublished":"2024-08-19T09:20:36+00:00","mainEntityOfPage":{"@id":"https:\/\/www.organisator.ch\/management\/2024-08-19\/itesys-erweitert-marktpraesenz-in-deutschland-mit-nexquent-consulting\/"},"wordCount":480,"publisher":{"@id":"https:\/\/www.organisator.ch\/#organization"},"image":{"@id":"https:\/\/www.organisator.ch\/management\/2024-08-19\/itesys-erweitert-marktpraesenz-in-deutschland-mit-nexquent-consulting\/#primaryimage"},"thumbnailUrl":"https:\/\/www.organisator.ch\/wp-content\/uploads\/2024\/08\/Newsletter_August_NQ_itesys_Bild1_ps.jpg","keywords":["Management","Marktpr\u00e4senz","SAP","Unternehmen"],"articleSection":["MANAGEMENT"],"inLanguage":"fr-FR"},{"@type":"WebPage","@id":"https:\/\/www.organisator.ch\/management\/2024-08-19\/itesys-erweitert-marktpraesenz-in-deutschland-mit-nexquent-consulting\/","url":"https:\/\/www.organisator.ch\/management\/2024-08-19\/itesys-erweitert-marktpraesenz-in-deutschland-mit-nexquent-consulting\/","name":"Itesys \u00e9tend sa pr\u00e9sence sur le march\u00e9 allemand avec nexQuent Consulting - Organisateur","isPartOf":{"@id":"https:\/\/www.organisator.ch\/#website"},"primaryImageOfPage":{"@id":"https:\/\/www.organisator.ch\/management\/2024-08-19\/itesys-erweitert-marktpraesenz-in-deutschland-mit-nexquent-consulting\/#primaryimage"},"image":{"@id":"https:\/\/www.organisator.ch\/management\/2024-08-19\/itesys-erweitert-marktpraesenz-in-deutschland-mit-nexquent-consulting\/#primaryimage"},"thumbnailUrl":"https:\/\/www.organisator.ch\/wp-content\/uploads\/2024\/08\/Newsletter_August_NQ_itesys_Bild1_ps.jpg","datePublished":"2024-08-19T09:20:36+00:00","description":"itesys AG, sp\u00e9cialiste des services de projet et d'exploitation SAP Basis, conclut une alliance strat\u00e9gique avec nexQuent Consulting.","breadcrumb":{"@id":"https:\/\/www.organisator.ch\/management\/2024-08-19\/itesys-erweitert-marktpraesenz-in-deutschland-mit-nexquent-consulting\/#breadcrumb"},"inLanguage":"fr-FR","potentialAction":[{"@type":"ReadAction","target":["https:\/\/www.organisator.ch\/management\/2024-08-19\/itesys-erweitert-marktpraesenz-in-deutschland-mit-nexquent-consulting\/"]}]},{"@type":"ImageObject","inLanguage":"fr-FR","@id":"https:\/\/www.organisator.ch\/management\/2024-08-19\/itesys-erweitert-marktpraesenz-in-deutschland-mit-nexquent-consulting\/#primaryimage","url":"https:\/\/www.organisator.ch\/wp-content\/uploads\/2024\/08\/Newsletter_August_NQ_itesys_Bild1_ps.jpg","contentUrl":"https:\/\/www.organisator.ch\/wp-content\/uploads\/2024\/08\/Newsletter_August_NQ_itesys_Bild1_ps.jpg","width":680,"height":264,"caption":"Die itesys AG schliesst den strategischen Bund mit der nexQuent Consulting GmbH in Deutschland. (Bild: www.itesys.expert \/ www.nexquent.de)"},{"@type":"BreadcrumbList","@id":"https:\/\/www.organisator.ch\/management\/2024-08-19\/itesys-erweitert-marktpraesenz-in-deutschland-mit-nexquent-consulting\/#breadcrumb","itemListElement":[{"@type":"ListItem","position":1,"name":"Home","item":"https:\/\/www.organisator.ch\/"},{"@type":"ListItem","position":2,"name":"Itesys erweitert Marktpr\u00e4senz in Deutschland mit nexQuent Consulting"}]},{"@type":"WebSite","@id":"https:\/\/www.organisator.ch\/#website","url":"https:\/\/www.organisator.ch\/","name":"Organisateur","description":"Comp\u00e9tence et comp\u00e9tence. Proches de la pratique. L'ORGANISATEUR pr\u00e9pare 10 num\u00e9ros par an sur les th\u00e8mes essentiels pour les dirigeants de PME.","publisher":{"@id":"https:\/\/www.organisator.ch\/#organization"},"potentialAction":[{"@type":"SearchAction","target":{"@type":"EntryPoint","urlTemplate":"https:\/\/www.organisator.ch\/?s={search_term_string}"},"query-input":{"@type":"PropertyValueSpecification","valueRequired":true,"valueName":"search_term_string"}}],"inLanguage":"fr-FR"},{"@type":"Organization","@id":"https:\/\/www.organisator.ch\/#organization","name":"Organisateur","url":"https:\/\/www.organisator.ch\/","logo":{"@type":"ImageObject","inLanguage":"fr-FR","@id":"https:\/\/www.organisator.ch\/#\/schema\/logo\/image\/","url":"https:\/\/www.organisator.ch\/wp-content\/uploads\/2022\/01\/Logo_Organisator_Website.png","contentUrl":"https:\/\/www.organisator.ch\/wp-content\/uploads\/2022\/01\/Logo_Organisator_Website.png","width":800,"height":77,"caption":"Organisator"},"image":{"@id":"https:\/\/www.organisator.ch\/#\/schema\/logo\/image\/"},"sameAs":["https:\/\/www.facebook.com\/OrganisatorFachmagazin","https:\/\/www.linkedin.com\/showcase\/organisator-das-magazin-fr-kmu","https:\/\/www.xing.com\/news\/pages\/organisator-ch-695","https:\/\/www.youtube.com\/channel\/UCGP2Sq0iWaZwT3BdIAQFYpw"]},{"@type":"Person","@id":"https:\/\/www.organisator.ch\/#\/schema\/person\/2e1314a2172123f874db408d8911d3f3","name":"Adelisa Kalajdzini","image":{"@type":"ImageObject","inLanguage":"fr-FR","@id":"https:\/\/secure.gravatar.com\/avatar\/09a397c22ac58cad6f160ee8306348599df9df58a8ede73696226897b9fa4b24?s=96&d=mm&r=g","url":"https:\/\/secure.gravatar.com\/avatar\/09a397c22ac58cad6f160ee8306348599df9df58a8ede73696226897b9fa4b24?s=96&d=mm&r=g","contentUrl":"https:\/\/secure.gravatar.com\/avatar\/09a397c22ac58cad6f160ee8306348599df9df58a8ede73696226897b9fa4b24?s=96&d=mm&r=g","caption":"Adelisa Kalajdzini"},"url":"https:\/\/www.organisator.ch\/fr\/author\/adelisa-kalajdzini\/"}]}},"_links":{"self":[{"href":"https:\/\/www.organisator.ch\/fr\/wp-json\/wp\/v2\/posts\/29091","targetHints":{"allow":["GET"]}}],"collection":[{"href":"https:\/\/www.organisator.ch\/fr\/wp-json\/wp\/v2\/posts"}],"about":[{"href":"https:\/\/www.organisator.ch\/fr\/wp-json\/wp\/v2\/types\/post"}],"author":[{"embeddable":true,"href":"https:\/\/www.organisator.ch\/fr\/wp-json\/wp\/v2\/users\/58"}],"replies":[{"embeddable":true,"href":"https:\/\/www.organisator.ch\/fr\/wp-json\/wp\/v2\/comments?post=29091"}],"version-history":[{"count":4,"href":"https:\/\/www.organisator.ch\/fr\/wp-json\/wp\/v2\/posts\/29091\/revisions"}],"predecessor-version":[{"id":29119,"href":"https:\/\/www.organisator.ch\/fr\/wp-json\/wp\/v2\/posts\/29091\/revisions\/29119"}],"wp:featuredmedia":[{"embeddable":true,"href":"https:\/\/www.organisator.ch\/fr\/wp-json\/wp\/v2\/media\/29092"}],"wp:attachment":[{"href":"https:\/\/www.organisator.ch\/fr\/wp-json\/wp\/v2\/media?parent=29091"}],"wp:term":[{"taxonomy":"category","embeddable":true,"href":"https:\/\/www.organisator.ch\/fr\/wp-json\/wp\/v2\/categories?post=29091"},{"taxonomy":"post_tag","embeddable":true,"href":"https:\/\/www.organisator.ch\/fr\/wp-json\/wp\/v2\/tags?post=29091"}],"curies":[{"name":"wp","href":"https:\/\/api.w.org\/{rel}","templated":true}]}}