{"id":29134,"date":"2024-08-20T11:00:16","date_gmt":"2024-08-20T09:00:16","guid":{"rendered":"https:\/\/www.m-q.ch\/?p=20232"},"modified":"2024-11-08T12:42:28","modified_gmt":"2024-11-08T11:42:28","slug":"supply-chain-management-in-der-cloud-macht-unplanbares-planbar","status":"publish","type":"post","link":"https:\/\/www.organisator.ch\/fr\/operational-excellence\/2024-08-20\/supply-chain-management-in-der-cloud-macht-unplanbares-planbar\/","title":{"rendered":"Gestion de la cha\u00eene d'approvisionnement dans le cloud : rendre l'impr\u00e9visible planifiable"},"content":{"rendered":"<figure id=\"attachment_20234\" class=\"wp-caption alignnone\" style=\"width: 680px\" aria-describedby=\"caption-attachment-20234\"><img class=\"alignnone wp-image-20234 size-full\" src=\"https:\/\/www.organisator.ch\/wp-content\/uploads\/2023\/05\/OpEx_Autonomes-Fahren_Bild1_organisator_45996-scaled.jpg\" alt=\"Cha\u00eene d&#039;approvisionnement en nuage\" width=\"1400\" height=\"872\" \/>\r\n<figcaption id=\"caption-attachment-20234\" class=\"wp-caption-text\">Une solution cloud innovante pour la planification de la cha\u00eene d'approvisionnement permet aux collaborateurs d'identifier les probl\u00e8mes \u00e0 un stade pr\u00e9coce et de les r\u00e9soudre rapidement. (Image : www.oracle.com)<\/figcaption>\r\n<\/figure>\r\n<p>Le travail en nuage modifie et renforce tous les processus dans les entreprises. Ind\u00e9pendamment de la stabilit\u00e9 de la gestion de la cha\u00eene d'approvisionnement sur site, la planification de la cha\u00eene d'approvisionnement bas\u00e9e sur le cloud offre de nombreux avantages. Il s'agit notamment de l'\u00e9volutivit\u00e9 de base et de la meilleure connectivit\u00e9 des r\u00e9seaux de la cha\u00eene d'approvisionnement. Pour les cha\u00eenes d'approvisionnement matures, il existe en outre l'option d'un \u00e9cosyst\u00e8me avec des processus de planification et d'ex\u00e9cution int\u00e9gr\u00e9s. Tout cela est g\u00e9r\u00e9 via une plateforme unique avec une structure de donn\u00e9es commune.\u00a0<\/p>\r\n<p>Mais quelles sont les exigences pos\u00e9es \u00e0 une solution correspondante ? J\u00fcrgen Hindler, Senior Manager Sales Development &amp; Strategy SCM chez Oracle, explique quelles fonctions doivent absolument \u00eatre pr\u00e9sentes.\u00a0<\/p>\r\n<h3><strong>La segmentation comme point de d\u00e9part pour l'orchestration\u00a0<\/strong><\/h3>\r\n<p>Une solution cloud optimale pour la planification de la cha\u00eene d'approvisionnement divise la cha\u00eene d'approvisionnement en diff\u00e9rents segments. Ce processus s'effectue sur la base de divers param\u00e8tres, tels que les r\u00e9gions g\u00e9ographiques et les besoins convergents des diff\u00e9rents clients. Id\u00e9alement, les collaborateurs peuvent \u00e9galement tenir compte de facteurs tels que l'agilit\u00e9 et la r\u00e9silience lors de la subdivision par segment. Tout cela apporte une grande valeur ajout\u00e9e aux processus organisationnels. Les entreprises peuvent alors planifier avec pr\u00e9cision par segment, mieux r\u00e9pondre aux exigences sp\u00e9cifiques et tenir compte des d\u00e9pendances. En cons\u00e9quence, la qualit\u00e9, la robustesse et la vitesse de l'ensemble de la cha\u00eene d'approvisionnement augmentent.\u00a0<\/p>\r\n<h3><strong>Focalisation sur la collaboration avec les fournisseurs\u00a0<\/strong><\/h3>\r\n<p>Les entreprises ont besoin d'une solution cloud qui permette une planification int\u00e9gr\u00e9e - une planification qui tienne compte de tous les aspects de la demande, de l'offre et du stock et qui les coordonne. Une telle coordination implique une collaboration \u00e9troite avec les propres fournisseurs et l'\u00e9change de toutes les informations pertinentes. Il est donc important de pouvoir int\u00e9grer des partenaires et d'autres syst\u00e8mes de la cha\u00eene d'approvisionnement dans la solution. Plus il y a de fonctions disponibles pour la collaboration, plus la planification des processus commerciaux est efficace. Il se peut que certaines fonctions ne r\u00e9pondent pas \u00e0 un besoin imm\u00e9diat, mais si la situation \u00e9volue, les entreprises seront pr\u00eates.\u00a0<\/p>\r\n<h3><strong>Toujours trouver une solution efficace\u00a0<\/strong><\/h3>\r\n<p>L'aide \u00e0 la d\u00e9cision d'une solution cloud joue \u00e9galement un grand r\u00f4le. La bonne technologie offre des analyses pr\u00e9\u00e9tablies, des solutions guid\u00e9es aux probl\u00e8mes et des recommandations intelligentes. Cela aide les collaborateurs \u00e0 prendre des d\u00e9cisions plus facilement et \u00e0 planifier efficacement. Ils trouvent ainsi rapidement la solution optimale pour chaque situation.\u00a0<\/p>\r\n<h3><strong>Crit\u00e8re cl\u00e9 : la vitesse\u00a0<\/strong><\/h3>\r\n<p>Les retards de livraison causent toujours de gros probl\u00e8mes aux entreprises. Une solution cloud innovante pour la planification de la cha\u00eene d'approvisionnement permet aux collaborateurs d'identifier les probl\u00e8mes \u00e0 un stade pr\u00e9coce et d'y rem\u00e9dier rapidement. Avec une bonne gestion de la cha\u00eene d'approvisionnement, ils obtiennent une vue d'ensemble de leur propre cha\u00eene d'approvisionnement et voient les changements en temps r\u00e9el. Il devrait \u00e9galement y avoir des fonctions permettant d'identifier les alternatives possibles en cas d'\u00e9cart par rapport au plan et d'analyser les effets probables sur l'entreprise. Sur cette base, les entreprises peuvent toujours r\u00e9agir de mani\u00e8re flexible aux nouveaux d\u00e9veloppements et informer directement toutes les parties prenantes.\u00a0<\/p>\r\n<h3><strong>Logistique intelligente : automatis\u00e9e, efficace et \u00e9volutive\u00a0<\/strong><\/h3>\r\n<p>L'utilisation de l'intelligence artificielle (IA) et de l'apprentissage automatique (ML) promet encore plus de succ\u00e8s dans la planification de la cha\u00eene d'approvisionnement. Elle automatise les d\u00e9cisions en fonction du succ\u00e8s commercial et le garantit. Une solution cloud correspondante ne se contente pas de prendre des mesures, elle les ex\u00e9cute ensuite elle-m\u00eame. Cela augmente l'efficacit\u00e9 et permet aux collaborateurs de consacrer plus de temps aux t\u00e2ches strat\u00e9giques. De plus, une mise \u00e0 l'\u00e9chelle est nettement plus simple \u00e0 l'avenir.\u00a0<\/p>\r\n<h3><strong>Atteindre tous les objectifs \u00e0 long terme\u00a0<\/strong><\/h3>\r\n<p>\"Dans le domaine de la logistique, de grands d\u00e9fis attendent toujours les entreprises. Avec la bonne solution cloud pour la planification de la cha\u00eene d'approvisionnement, elles ma\u00eetrisent toutes les t\u00e2ches et s'assurent un \u00e9norme avantage concurrentiel par rapport \u00e0 la concurrence\", explique J\u00fcrgen Hindler. \"La solution id\u00e9ale soutient aussi bien la planification strat\u00e9gique que tactique et op\u00e9rationnelle. Elle permet aux collaborateurs d'avoir une vue d'ensemble des processus en temps r\u00e9el et d'adapter les planifications. Ensemble, ils cr\u00e9ent les conditions d'une transformation num\u00e9rique r\u00e9ussie de la cha\u00eene d'approvisionnement\".\u00a0<\/p>\r\n<p><em>Source : <a href=\"http:\/\/www.oracle.com\/\">www.oracle.com<\/a><\/em><\/p>\n<p class=\"syndicated-attribution\">Cet article est paru initialement sur m-q.ch - <a href=\"https:\/\/www.m-q.ch\/de\/supply-chain-management-in-der-cloud-macht-unplanbares-planbar\/\" target=\"_blank\">https:\/\/www.m-q.ch\/de\/supply-chain-management-in-der-cloud-macht-unplanbares-planbar\/<\/a><\/p>","protected":false},"excerpt":{"rendered":"<p>Ces derni\u00e8res ann\u00e9es ont clairement montr\u00e9 que les crises et les conflits mondiaux entra\u00eenent toujours de grandes fluctuations de l'offre et de la demande de mati\u00e8res premi\u00e8res et de produits. Pour rester comp\u00e9titives, les entreprises investissent d\u00e9sormais dans des solutions cloud modernes pour la planification de la cha\u00eene d'approvisionnement. Celles-ci peuvent faire bien plus que simplement optimiser la logistique.<\/p>","protected":false},"author":58,"featured_media":0,"comment_status":"closed","ping_status":"closed","sticky":false,"template":"","format":"standard","meta":{"_acf_changed":false,"_yoast_wpseo_focuskw":"Cloud Supply Chain","_yoast_wpseo_metadesc":"Oracle bietet innovative Cloud-L\u00f6sung f\u00fcr Supply Chain Planning, steigert Effizienz und erm\u00f6glicht schnelle Probleml\u00f6sung.","articlekey":"","footnotes":""},"categories":[582],"tags":[4044,605,462,492],"class_list":["post-29134","post","type-post","status-publish","format-standard","hentry","category-operational-excellence","tag-cloud-loesungen","tag-qualitaetsmanagement","tag-supply-chain-management","tag-unternehmen"],"acf":[],"yoast_head":"<!-- This site is optimized with the Yoast SEO plugin v27.5 - https:\/\/yoast.com\/product\/yoast-seo-wordpress\/ -->\n<title>Supply Chain Management in der Cloud: Macht unplanbares planbar - Organisator<\/title>\n<meta name=\"description\" content=\"Oracle bietet innovative Cloud-L\u00f6sung f\u00fcr Supply Chain Planning, steigert Effizienz und erm\u00f6glicht schnelle Probleml\u00f6sung.\" \/>\n<meta name=\"robots\" content=\"index, follow, max-snippet:-1, max-image-preview:large, max-video-preview:-1\" \/>\n<link rel=\"canonical\" href=\"https:\/\/www.organisator.ch\/fr\/excellence-operationnelle\/2024-08-20\/supply-chain-management-in-der-cloud-macht-unplanbares-planbar\/\" \/>\n<meta property=\"og:locale\" content=\"fr_FR\" \/>\n<meta property=\"og:type\" content=\"article\" \/>\n<meta property=\"og:title\" content=\"Supply Chain Management in der Cloud: Macht unplanbares planbar - Organisator\" \/>\n<meta property=\"og:description\" content=\"Oracle bietet innovative Cloud-L\u00f6sung f\u00fcr Supply Chain Planning, steigert Effizienz und erm\u00f6glicht schnelle Probleml\u00f6sung.\" \/>\n<meta property=\"og:url\" content=\"https:\/\/www.organisator.ch\/fr\/excellence-operationnelle\/2024-08-20\/supply-chain-management-in-der-cloud-macht-unplanbares-planbar\/\" \/>\n<meta property=\"og:site_name\" content=\"Organisator\" \/>\n<meta property=\"article:publisher\" content=\"https:\/\/www.facebook.com\/OrganisatorFachmagazin\" \/>\n<meta property=\"article:published_time\" content=\"2024-08-20T09:00:16+00:00\" \/>\n<meta property=\"article:modified_time\" content=\"2024-11-08T11:42:28+00:00\" \/>\n<meta property=\"og:image\" content=\"https:\/\/www.organisator.ch\/wp-content\/uploads\/2023\/05\/OpEx_Autonomes-Fahren_Bild1_organisator_45996-scaled.jpg\" \/>\n<meta name=\"author\" content=\"Adelisa Kalajdzini\" \/>\n<meta name=\"twitter:card\" content=\"summary_large_image\" \/>\n<script type=\"application\/ld+json\" class=\"yoast-schema-graph\">{\"@context\":\"https:\\\/\\\/schema.org\",\"@graph\":[{\"@type\":\"Article\",\"@id\":\"https:\\\/\\\/www.organisator.ch\\\/operational-excellence\\\/2024-08-20\\\/supply-chain-management-in-der-cloud-macht-unplanbares-planbar\\\/#article\",\"isPartOf\":{\"@id\":\"https:\\\/\\\/www.organisator.ch\\\/operational-excellence\\\/2024-08-20\\\/supply-chain-management-in-der-cloud-macht-unplanbares-planbar\\\/\"},\"author\":{\"name\":\"Adelisa Kalajdzini\",\"@id\":\"https:\\\/\\\/www.organisator.ch\\\/#\\\/schema\\\/person\\\/2e1314a2172123f874db408d8911d3f3\"},\"headline\":\"Supply Chain Management in der Cloud: Macht unplanbares planbar\",\"datePublished\":\"2024-08-20T09:00:16+00:00\",\"dateModified\":\"2024-11-08T11:42:28+00:00\",\"mainEntityOfPage\":{\"@id\":\"https:\\\/\\\/www.organisator.ch\\\/operational-excellence\\\/2024-08-20\\\/supply-chain-management-in-der-cloud-macht-unplanbares-planbar\\\/\"},\"wordCount\":668,\"publisher\":{\"@id\":\"https:\\\/\\\/www.organisator.ch\\\/#organization\"},\"image\":{\"@id\":\"https:\\\/\\\/www.organisator.ch\\\/operational-excellence\\\/2024-08-20\\\/supply-chain-management-in-der-cloud-macht-unplanbares-planbar\\\/#primaryimage\"},\"thumbnailUrl\":\"https:\\\/\\\/www.organisator.ch\\\/wp-content\\\/uploads\\\/2023\\\/05\\\/OpEx_Autonomes-Fahren_Bild1_organisator_45996-scaled.jpg\",\"keywords\":[\"Cloud-L\u00f6sungen\",\"Qualit\u00e4tsmanagement\",\"Supply Chain Management\",\"Unternehmen\"],\"articleSection\":[\"OPERATIONAL EXCELLENCE\"],\"inLanguage\":\"fr-FR\"},{\"@type\":\"WebPage\",\"@id\":\"https:\\\/\\\/www.organisator.ch\\\/operational-excellence\\\/2024-08-20\\\/supply-chain-management-in-der-cloud-macht-unplanbares-planbar\\\/\",\"url\":\"https:\\\/\\\/www.organisator.ch\\\/operational-excellence\\\/2024-08-20\\\/supply-chain-management-in-der-cloud-macht-unplanbares-planbar\\\/\",\"name\":\"Supply Chain Management in der Cloud: Macht unplanbares planbar - Organisator\",\"isPartOf\":{\"@id\":\"https:\\\/\\\/www.organisator.ch\\\/#website\"},\"primaryImageOfPage\":{\"@id\":\"https:\\\/\\\/www.organisator.ch\\\/operational-excellence\\\/2024-08-20\\\/supply-chain-management-in-der-cloud-macht-unplanbares-planbar\\\/#primaryimage\"},\"image\":{\"@id\":\"https:\\\/\\\/www.organisator.ch\\\/operational-excellence\\\/2024-08-20\\\/supply-chain-management-in-der-cloud-macht-unplanbares-planbar\\\/#primaryimage\"},\"thumbnailUrl\":\"https:\\\/\\\/www.organisator.ch\\\/wp-content\\\/uploads\\\/2023\\\/05\\\/OpEx_Autonomes-Fahren_Bild1_organisator_45996-scaled.jpg\",\"datePublished\":\"2024-08-20T09:00:16+00:00\",\"dateModified\":\"2024-11-08T11:42:28+00:00\",\"description\":\"Oracle bietet innovative Cloud-L\u00f6sung f\u00fcr Supply Chain Planning, steigert Effizienz und erm\u00f6glicht schnelle Probleml\u00f6sung.\",\"breadcrumb\":{\"@id\":\"https:\\\/\\\/www.organisator.ch\\\/operational-excellence\\\/2024-08-20\\\/supply-chain-management-in-der-cloud-macht-unplanbares-planbar\\\/#breadcrumb\"},\"inLanguage\":\"fr-FR\",\"potentialAction\":[{\"@type\":\"ReadAction\",\"target\":[\"https:\\\/\\\/www.organisator.ch\\\/operational-excellence\\\/2024-08-20\\\/supply-chain-management-in-der-cloud-macht-unplanbares-planbar\\\/\"]}]},{\"@type\":\"ImageObject\",\"inLanguage\":\"fr-FR\",\"@id\":\"https:\\\/\\\/www.organisator.ch\\\/operational-excellence\\\/2024-08-20\\\/supply-chain-management-in-der-cloud-macht-unplanbares-planbar\\\/#primaryimage\",\"url\":\"https:\\\/\\\/www.organisator.ch\\\/wp-content\\\/uploads\\\/2023\\\/05\\\/OpEx_Autonomes-Fahren_Bild1_organisator_45996-scaled.jpg\",\"contentUrl\":\"https:\\\/\\\/www.organisator.ch\\\/wp-content\\\/uploads\\\/2023\\\/05\\\/OpEx_Autonomes-Fahren_Bild1_organisator_45996-scaled.jpg\"},{\"@type\":\"BreadcrumbList\",\"@id\":\"https:\\\/\\\/www.organisator.ch\\\/operational-excellence\\\/2024-08-20\\\/supply-chain-management-in-der-cloud-macht-unplanbares-planbar\\\/#breadcrumb\",\"itemListElement\":[{\"@type\":\"ListItem\",\"position\":1,\"name\":\"Home\",\"item\":\"https:\\\/\\\/www.organisator.ch\\\/\"},{\"@type\":\"ListItem\",\"position\":2,\"name\":\"Supply Chain Management in der Cloud: Macht unplanbares planbar\"}]},{\"@type\":\"WebSite\",\"@id\":\"https:\\\/\\\/www.organisator.ch\\\/#website\",\"url\":\"https:\\\/\\\/www.organisator.ch\\\/\",\"name\":\"Organisator\",\"description\":\"Kompetent. Praxisnah. Der ORGANISATOR bereitet in 10 Ausgaben pro Jahr die wesentlichen Themen f\u00fcr F\u00fchrungskr\u00e4fte von KMU auf.\",\"publisher\":{\"@id\":\"https:\\\/\\\/www.organisator.ch\\\/#organization\"},\"potentialAction\":[{\"@type\":\"SearchAction\",\"target\":{\"@type\":\"EntryPoint\",\"urlTemplate\":\"https:\\\/\\\/www.organisator.ch\\\/?s={search_term_string}\"},\"query-input\":{\"@type\":\"PropertyValueSpecification\",\"valueRequired\":true,\"valueName\":\"search_term_string\"}}],\"inLanguage\":\"fr-FR\"},{\"@type\":\"Organization\",\"@id\":\"https:\\\/\\\/www.organisator.ch\\\/#organization\",\"name\":\"Organisator\",\"url\":\"https:\\\/\\\/www.organisator.ch\\\/\",\"logo\":{\"@type\":\"ImageObject\",\"inLanguage\":\"fr-FR\",\"@id\":\"https:\\\/\\\/www.organisator.ch\\\/#\\\/schema\\\/logo\\\/image\\\/\",\"url\":\"https:\\\/\\\/www.organisator.ch\\\/wp-content\\\/uploads\\\/2022\\\/01\\\/Logo_Organisator_Website.png\",\"contentUrl\":\"https:\\\/\\\/www.organisator.ch\\\/wp-content\\\/uploads\\\/2022\\\/01\\\/Logo_Organisator_Website.png\",\"width\":800,\"height\":77,\"caption\":\"Organisator\"},\"image\":{\"@id\":\"https:\\\/\\\/www.organisator.ch\\\/#\\\/schema\\\/logo\\\/image\\\/\"},\"sameAs\":[\"https:\\\/\\\/www.facebook.com\\\/OrganisatorFachmagazin\",\"https:\\\/\\\/www.linkedin.com\\\/showcase\\\/organisator-das-magazin-fr-kmu\",\"https:\\\/\\\/www.xing.com\\\/news\\\/pages\\\/organisator-ch-695\",\"https:\\\/\\\/www.youtube.com\\\/channel\\\/UCGP2Sq0iWaZwT3BdIAQFYpw\"]},{\"@type\":\"Person\",\"@id\":\"https:\\\/\\\/www.organisator.ch\\\/#\\\/schema\\\/person\\\/2e1314a2172123f874db408d8911d3f3\",\"name\":\"Adelisa Kalajdzini\",\"image\":{\"@type\":\"ImageObject\",\"inLanguage\":\"fr-FR\",\"@id\":\"https:\\\/\\\/secure.gravatar.com\\\/avatar\\\/09a397c22ac58cad6f160ee8306348599df9df58a8ede73696226897b9fa4b24?s=96&d=mm&r=g\",\"url\":\"https:\\\/\\\/secure.gravatar.com\\\/avatar\\\/09a397c22ac58cad6f160ee8306348599df9df58a8ede73696226897b9fa4b24?s=96&d=mm&r=g\",\"contentUrl\":\"https:\\\/\\\/secure.gravatar.com\\\/avatar\\\/09a397c22ac58cad6f160ee8306348599df9df58a8ede73696226897b9fa4b24?s=96&d=mm&r=g\",\"caption\":\"Adelisa Kalajdzini\"},\"url\":\"https:\\\/\\\/www.organisator.ch\\\/fr\\\/author\\\/adelisa-kalajdzini\\\/\"}]}<\/script>\n<!-- \/ Yoast SEO plugin. -->","yoast_head_json":{"title":"Gestion de la cha\u00eene d'approvisionnement dans le cloud : rendre l'impr\u00e9visible planifiable - Organisateur","description":"Oracle propose une solution Cloud innovante pour la planification de la cha\u00eene d'approvisionnement, am\u00e9liore l'efficacit\u00e9 et permet une r\u00e9solution rapide des probl\u00e8mes.","robots":{"index":"index","follow":"follow","max-snippet":"max-snippet:-1","max-image-preview":"max-image-preview:large","max-video-preview":"max-video-preview:-1"},"canonical":"https:\/\/www.organisator.ch\/fr\/excellence-operationnelle\/2024-08-20\/supply-chain-management-in-der-cloud-macht-unplanbares-planbar\/","og_locale":"fr_FR","og_type":"article","og_title":"Supply Chain Management in der Cloud: Macht unplanbares planbar - Organisator","og_description":"Oracle bietet innovative Cloud-L\u00f6sung f\u00fcr Supply Chain Planning, steigert Effizienz und erm\u00f6glicht schnelle Probleml\u00f6sung.","og_url":"https:\/\/www.organisator.ch\/fr\/excellence-operationnelle\/2024-08-20\/supply-chain-management-in-der-cloud-macht-unplanbares-planbar\/","og_site_name":"Organisator","article_publisher":"https:\/\/www.facebook.com\/OrganisatorFachmagazin","article_published_time":"2024-08-20T09:00:16+00:00","article_modified_time":"2024-11-08T11:42:28+00:00","og_image":[{"url":"https:\/\/www.organisator.ch\/wp-content\/uploads\/2023\/05\/OpEx_Autonomes-Fahren_Bild1_organisator_45996-scaled.jpg","type":"","width":"","height":""}],"author":"Adelisa Kalajdzini","twitter_card":"summary_large_image","schema":{"@context":"https:\/\/schema.org","@graph":[{"@type":"Article","@id":"https:\/\/www.organisator.ch\/operational-excellence\/2024-08-20\/supply-chain-management-in-der-cloud-macht-unplanbares-planbar\/#article","isPartOf":{"@id":"https:\/\/www.organisator.ch\/operational-excellence\/2024-08-20\/supply-chain-management-in-der-cloud-macht-unplanbares-planbar\/"},"author":{"name":"Adelisa Kalajdzini","@id":"https:\/\/www.organisator.ch\/#\/schema\/person\/2e1314a2172123f874db408d8911d3f3"},"headline":"Supply Chain Management in der Cloud: Macht unplanbares planbar","datePublished":"2024-08-20T09:00:16+00:00","dateModified":"2024-11-08T11:42:28+00:00","mainEntityOfPage":{"@id":"https:\/\/www.organisator.ch\/operational-excellence\/2024-08-20\/supply-chain-management-in-der-cloud-macht-unplanbares-planbar\/"},"wordCount":668,"publisher":{"@id":"https:\/\/www.organisator.ch\/#organization"},"image":{"@id":"https:\/\/www.organisator.ch\/operational-excellence\/2024-08-20\/supply-chain-management-in-der-cloud-macht-unplanbares-planbar\/#primaryimage"},"thumbnailUrl":"https:\/\/www.organisator.ch\/wp-content\/uploads\/2023\/05\/OpEx_Autonomes-Fahren_Bild1_organisator_45996-scaled.jpg","keywords":["Cloud-L\u00f6sungen","Qualit\u00e4tsmanagement","Supply Chain Management","Unternehmen"],"articleSection":["OPERATIONAL EXCELLENCE"],"inLanguage":"fr-FR"},{"@type":"WebPage","@id":"https:\/\/www.organisator.ch\/operational-excellence\/2024-08-20\/supply-chain-management-in-der-cloud-macht-unplanbares-planbar\/","url":"https:\/\/www.organisator.ch\/operational-excellence\/2024-08-20\/supply-chain-management-in-der-cloud-macht-unplanbares-planbar\/","name":"Gestion de la cha\u00eene d'approvisionnement dans le cloud : rendre l'impr\u00e9visible planifiable - Organisateur","isPartOf":{"@id":"https:\/\/www.organisator.ch\/#website"},"primaryImageOfPage":{"@id":"https:\/\/www.organisator.ch\/operational-excellence\/2024-08-20\/supply-chain-management-in-der-cloud-macht-unplanbares-planbar\/#primaryimage"},"image":{"@id":"https:\/\/www.organisator.ch\/operational-excellence\/2024-08-20\/supply-chain-management-in-der-cloud-macht-unplanbares-planbar\/#primaryimage"},"thumbnailUrl":"https:\/\/www.organisator.ch\/wp-content\/uploads\/2023\/05\/OpEx_Autonomes-Fahren_Bild1_organisator_45996-scaled.jpg","datePublished":"2024-08-20T09:00:16+00:00","dateModified":"2024-11-08T11:42:28+00:00","description":"Oracle propose une solution Cloud innovante pour la planification de la cha\u00eene d'approvisionnement, am\u00e9liore l'efficacit\u00e9 et permet une r\u00e9solution rapide des probl\u00e8mes.","breadcrumb":{"@id":"https:\/\/www.organisator.ch\/operational-excellence\/2024-08-20\/supply-chain-management-in-der-cloud-macht-unplanbares-planbar\/#breadcrumb"},"inLanguage":"fr-FR","potentialAction":[{"@type":"ReadAction","target":["https:\/\/www.organisator.ch\/operational-excellence\/2024-08-20\/supply-chain-management-in-der-cloud-macht-unplanbares-planbar\/"]}]},{"@type":"ImageObject","inLanguage":"fr-FR","@id":"https:\/\/www.organisator.ch\/operational-excellence\/2024-08-20\/supply-chain-management-in-der-cloud-macht-unplanbares-planbar\/#primaryimage","url":"https:\/\/www.organisator.ch\/wp-content\/uploads\/2023\/05\/OpEx_Autonomes-Fahren_Bild1_organisator_45996-scaled.jpg","contentUrl":"https:\/\/www.organisator.ch\/wp-content\/uploads\/2023\/05\/OpEx_Autonomes-Fahren_Bild1_organisator_45996-scaled.jpg"},{"@type":"BreadcrumbList","@id":"https:\/\/www.organisator.ch\/operational-excellence\/2024-08-20\/supply-chain-management-in-der-cloud-macht-unplanbares-planbar\/#breadcrumb","itemListElement":[{"@type":"ListItem","position":1,"name":"Home","item":"https:\/\/www.organisator.ch\/"},{"@type":"ListItem","position":2,"name":"Supply Chain Management in der Cloud: Macht unplanbares planbar"}]},{"@type":"WebSite","@id":"https:\/\/www.organisator.ch\/#website","url":"https:\/\/www.organisator.ch\/","name":"Organisateur","description":"Comp\u00e9tence et comp\u00e9tence. Proches de la pratique. L'ORGANISATEUR pr\u00e9pare 10 num\u00e9ros par an sur les th\u00e8mes essentiels pour les dirigeants de PME.","publisher":{"@id":"https:\/\/www.organisator.ch\/#organization"},"potentialAction":[{"@type":"SearchAction","target":{"@type":"EntryPoint","urlTemplate":"https:\/\/www.organisator.ch\/?s={search_term_string}"},"query-input":{"@type":"PropertyValueSpecification","valueRequired":true,"valueName":"search_term_string"}}],"inLanguage":"fr-FR"},{"@type":"Organization","@id":"https:\/\/www.organisator.ch\/#organization","name":"Organisateur","url":"https:\/\/www.organisator.ch\/","logo":{"@type":"ImageObject","inLanguage":"fr-FR","@id":"https:\/\/www.organisator.ch\/#\/schema\/logo\/image\/","url":"https:\/\/www.organisator.ch\/wp-content\/uploads\/2022\/01\/Logo_Organisator_Website.png","contentUrl":"https:\/\/www.organisator.ch\/wp-content\/uploads\/2022\/01\/Logo_Organisator_Website.png","width":800,"height":77,"caption":"Organisator"},"image":{"@id":"https:\/\/www.organisator.ch\/#\/schema\/logo\/image\/"},"sameAs":["https:\/\/www.facebook.com\/OrganisatorFachmagazin","https:\/\/www.linkedin.com\/showcase\/organisator-das-magazin-fr-kmu","https:\/\/www.xing.com\/news\/pages\/organisator-ch-695","https:\/\/www.youtube.com\/channel\/UCGP2Sq0iWaZwT3BdIAQFYpw"]},{"@type":"Person","@id":"https:\/\/www.organisator.ch\/#\/schema\/person\/2e1314a2172123f874db408d8911d3f3","name":"Adelisa Kalajdzini","image":{"@type":"ImageObject","inLanguage":"fr-FR","@id":"https:\/\/secure.gravatar.com\/avatar\/09a397c22ac58cad6f160ee8306348599df9df58a8ede73696226897b9fa4b24?s=96&d=mm&r=g","url":"https:\/\/secure.gravatar.com\/avatar\/09a397c22ac58cad6f160ee8306348599df9df58a8ede73696226897b9fa4b24?s=96&d=mm&r=g","contentUrl":"https:\/\/secure.gravatar.com\/avatar\/09a397c22ac58cad6f160ee8306348599df9df58a8ede73696226897b9fa4b24?s=96&d=mm&r=g","caption":"Adelisa Kalajdzini"},"url":"https:\/\/www.organisator.ch\/fr\/author\/adelisa-kalajdzini\/"}]}},"_links":{"self":[{"href":"https:\/\/www.organisator.ch\/fr\/wp-json\/wp\/v2\/posts\/29134","targetHints":{"allow":["GET"]}}],"collection":[{"href":"https:\/\/www.organisator.ch\/fr\/wp-json\/wp\/v2\/posts"}],"about":[{"href":"https:\/\/www.organisator.ch\/fr\/wp-json\/wp\/v2\/types\/post"}],"author":[{"embeddable":true,"href":"https:\/\/www.organisator.ch\/fr\/wp-json\/wp\/v2\/users\/58"}],"replies":[{"embeddable":true,"href":"https:\/\/www.organisator.ch\/fr\/wp-json\/wp\/v2\/comments?post=29134"}],"version-history":[{"count":6,"href":"https:\/\/www.organisator.ch\/fr\/wp-json\/wp\/v2\/posts\/29134\/revisions"}],"predecessor-version":[{"id":32032,"href":"https:\/\/www.organisator.ch\/fr\/wp-json\/wp\/v2\/posts\/29134\/revisions\/32032"}],"wp:attachment":[{"href":"https:\/\/www.organisator.ch\/fr\/wp-json\/wp\/v2\/media?parent=29134"}],"wp:term":[{"taxonomy":"category","embeddable":true,"href":"https:\/\/www.organisator.ch\/fr\/wp-json\/wp\/v2\/categories?post=29134"},{"taxonomy":"post_tag","embeddable":true,"href":"https:\/\/www.organisator.ch\/fr\/wp-json\/wp\/v2\/tags?post=29134"}],"curies":[{"name":"wp","href":"https:\/\/api.w.org\/{rel}","templated":true}]}}