{"id":2917,"date":"2017-12-28T07:30:33","date_gmt":"2017-12-28T06:30:33","guid":{"rendered":"https:\/\/www.organisator.ch\/?p=2917"},"modified":"2017-12-28T07:30:33","modified_gmt":"2017-12-28T06:30:33","slug":"die-finalisten-des-prix-svc-ostschweiz-2018-sind-nominiert","status":"publish","type":"post","link":"https:\/\/www.organisator.ch\/fr\/management\/2017-12-28\/die-finalisten-des-prix-svc-ostschweiz-2018-sind-nominiert\/","title":{"rendered":"Les finalistes du Prix SVC Ostschweiz 2018 sont nomin\u00e9s"},"content":{"rendered":"<figure id=\"attachment_2918\" aria-describedby=\"caption-attachment-2918\" style=\"width: 640px\" class=\"wp-caption alignnone\"><img loading=\"lazy\" decoding=\"async\" class=\"size-full wp-image-2918\" src=\"https:\/\/www.organisator.ch\/wp-content\/uploads\/2017\/12\/Die-Finalisten-des-Prix-SVC-Ostschweiz-2018-sind-nominiert_Organisator.jpg\" alt=\"\" width=\"640\" height=\"362\" srcset=\"https:\/\/www.organisator.ch\/wp-content\/uploads\/2017\/12\/Die-Finalisten-des-Prix-SVC-Ostschweiz-2018-sind-nominiert_Organisator.jpg 640w, https:\/\/www.organisator.ch\/wp-content\/uploads\/2017\/12\/Die-Finalisten-des-Prix-SVC-Ostschweiz-2018-sind-nominiert_Organisator-16x9.jpg 16w, https:\/\/www.organisator.ch\/wp-content\/uploads\/2017\/12\/Die-Finalisten-des-Prix-SVC-Ostschweiz-2018-sind-nominiert_Organisator-309x175.jpg 309w, https:\/\/www.organisator.ch\/wp-content\/uploads\/2017\/12\/Die-Finalisten-des-Prix-SVC-Ostschweiz-2018-sind-nominiert_Organisator-619x350.jpg 619w, https:\/\/www.organisator.ch\/wp-content\/uploads\/2017\/12\/Die-Finalisten-des-Prix-SVC-Ostschweiz-2018-sind-nominiert_Organisator-300x170.jpg 300w\" sizes=\"auto, (max-width: 640px) 100vw, 640px\" \/><figcaption id=\"caption-attachment-2918\" class=\"wp-caption-text\">Qui remportera le Prix SVC Ostschweiz 2018 ? (Image : Thomas Berner)<\/figcaption><\/figure>\n<p>Le Prix SVC Ostschweiz est d\u00e9cern\u00e9 par le Swiss Venture Club (SVC) \u00e0 des petites et moyennes entreprises (PME) de la r\u00e9gion qui r\u00e9ussissent et qui convainquent par leur culture d'entreprise, la qualit\u00e9 de leurs collaborateurs et de leur management, leurs produits et leurs innovations ainsi que par leurs r\u00e9sultats durables. Depuis 2004, le Prix SVC Ostschweiz est d\u00e9cern\u00e9 tous les deux ans, donc en 2018 pour la huiti\u00e8me fois d\u00e9j\u00e0. Le Swiss Venture Club (SVC) est une association ind\u00e9pendante, \u00e0 but non lucratif, cr\u00e9\u00e9e par des entrepreneurs pour des entrepreneurs. Il soutient et encourage les PME en tant que force motrice de l'\u00e9conomie suisse et contribue ainsi \u00e0 la cr\u00e9ation et au maintien d'emplois en Suisse. Dans sept r\u00e9gions \u00e9conomiques, le SVC cr\u00e9e des possibilit\u00e9s de contact et de r\u00e9seau pour ses plus de 3000 membres et g\u00e9n\u00e8re des impulsions entrepreneuriales pour la place \u00e9conomique suisse.<\/p>\n<h2><strong>Des entreprises de toute la Suisse orientale<\/strong><\/h2>\n<p>Le jury d'experts, compos\u00e9 de 13 membres, a d\u00e9sign\u00e9 les six laur\u00e9ats au cours d'une proc\u00e9dure en plusieurs \u00e9tapes - sous la direction du professeur Dr Thomas Zellweger de l'Institut PME de la HSG - \u00e0 partir d'une liste d'environ 150 entreprises. Le choix s'est port\u00e9 sur des entreprises des deux Appenzell, de Glaris, des Grisons, de Saint-Gall et de Thurgovie. Les finalistes du Prix SVC Ostschweiz 2018 sont (par ordre alphab\u00e9tique) :<\/p>\n<ul>\n<li><strong>B\u00fcchi Labortechnik AG :<\/strong> Le leader mondial des solutions technologiques de laboratoire pour la recherche et le d\u00e9veloppement, l'assurance qualit\u00e9 et la production propose des solutions pour l'\u00e9vaporation industrielle et parall\u00e8le, le s\u00e9chage par atomisation et l'encapsulation, ainsi que pour la lyophilisation et le laboratoire. Depuis 75 ans, B\u00fcchi Labortechnik AG d\u00e9veloppe des techniques de laboratoire convaincantes pour des secteurs tels que la pharmacie, la chimie, l'alimentation, l'alimentation animale, l'analyse environnementale et les universit\u00e9s. Elle emploie plus de 700 personnes \u00e0 son si\u00e8ge social de Flawil, dans le canton de St-Gall, et dans ses 18 filiales (Asie, Europe, Am\u00e9rique) r\u00e9parties dans le monde entier.<\/li>\n<li><strong>Corvaglia Holding AG : <\/strong>Avec trois sites, des partenaires dans 15 pays et des clients dans le monde entier, Corvaglia Holding AG, bas\u00e9e \u00e0 Eschlikon en Thurgovie, fournit avec beaucoup d'esprit pionnier des solutions de bouchage pour les bouteilles en PET \u00e0 de grands groupes multinationaux de renom. En tant que fournisseur innovant et couronn\u00e9 de succ\u00e8s de l'industrie des boissons, Corvaglia Holding AG a pos\u00e9 des jalons dans le monde entier pour les bouchons en plastique. Ses 275 collaborateurs travaillent sur l'ensemble de la cha\u00eene de processus enti\u00e8rement int\u00e9gr\u00e9e, de la conception et du d\u00e9veloppement des bouchons \u00e0 l'application et au support technique, en passant par la fabrication des moules et la production des bouchons.<\/li>\n<li><strong>HB-Therm AG : <\/strong>Des secteurs tels que l'automobile, la technique m\u00e9dicale, les biens de consommation, l'optique et l'industrie sont \u00e9quip\u00e9s d'appareils de thermostatisation innovants de HB-Therm AG, qui garantit ainsi la qualit\u00e9 et la rentabilit\u00e9 \u00e9lev\u00e9e des pi\u00e8ces moul\u00e9es par injection plastique. Les 130 collaborateurs assistent leurs clients depuis la conception de l'appareil jusqu'au service apr\u00e8s-vente. La production \u00e0 Saint-Gall distribue les r\u00e9gulateurs de temp\u00e9rature \u00e0 ses propres soci\u00e9t\u00e9s de distribution en Allemagne et en France ainsi que dans plus de 50 autres pays via un r\u00e9seau de distribution.<\/li>\n<li><strong>Namics AG : <\/strong>Namics est l'une des principales agences num\u00e9riques offrant un service complet en mati\u00e8re de commerce \u00e9lectronique, de sites web et de portails ainsi que de communication num\u00e9rique. En tant que partenaire strat\u00e9gique dans le changement num\u00e9rique, le sp\u00e9cialiste de l'e-business, qui compte environ 500 collaborateurs, propose un conseil strat\u00e9gique, une conception cr\u00e9ative et une mise en \u0153uvre technique d'un seul tenant. L'entreprise dirig\u00e9e par ses propri\u00e9taires a \u00e9t\u00e9 fond\u00e9e en 1995 - \u00e0 l'origine comme spin-off de la HSG. Outre son site fondateur \u00e0 Saint-Gall, Namics AG est repr\u00e9sent\u00e9e sur cinq autres sites en Allemagne et en Serbie.<\/li>\n<li><strong>MS Direct Group AG : <\/strong>Le leader du march\u00e9 suisse de la gestion de la relation client propose des services dans les domaines du CRM, des centres d'appel, du lettershop, des solutions informatiques pour le commerce \u00e9lectronique et de la logistique des retours. Sa filiale Quickmail livre chaque semaine en Suisse 3 millions de m\u00e9nages avec des mailings et des catalogues adress\u00e9s. MS Direct Group AG, dont le si\u00e8ge principal est \u00e0 Saint-Gall, emploie environ 1200 personnes sur huit sites r\u00e9partis dans toute la Suisse.<\/li>\n<li><strong>Uffer AG : <\/strong>Construction en bois, construction par \u00e9l\u00e9ments et construction modulaire, construction \u00e0 sec, b\u00e2timent et g\u00e9nie civil ainsi que garantie de l'\u00e9lectromobilit\u00e9 dans la r\u00e9gion d'implantation - Uffer SA a une large palette d'activit\u00e9s. Forte d'une tradition artisanale et d'une vision d'avenir, elle fait partie de l'\"ela energiewelt\", h\u00e9berge le centre de comp\u00e9tences \"Construction et \u00e9nergie\" et a pos\u00e9 un jalon dans la construction modulaire avec le syst\u00e8me \"QUADRIN\". En tant qu'un des plus grands employeurs de la r\u00e9gion, Uffer SA emploie environ 80 personnes sur son site de Savognin.<\/li>\n<\/ul>\n<h2>Remise des prix le 8 mars 2018 \u00e0 Saint-Gall<\/h2>\n<p>Le Prix SVC Ostschweiz a \u00e9t\u00e9 d\u00e9cern\u00e9 pour la premi\u00e8re fois en 2004 \u00e0 Saint-Gall, alors qu'il s'appelait encore \"Prix de l'Entreprise SVC Ostschweiz\". Outre le troph\u00e9e de la victoire, tous les finalistes recevront cette fois encore des prix attrayants qui leur permettront de poursuivre le d\u00e9veloppement de leur entreprise avec succ\u00e8s.<\/p>\n<p><a href=\"http:\/\/www.swiss-venture-club.ch\/Web\/Ostschweiz_id318\"><em>Plus d'informations<\/em><\/a><\/p>","protected":false},"excerpt":{"rendered":"<p>Mit dem Prix SVC Ostschweiz werden erfolgreiche Klein- und Mittelunternehmen (KMU) der Region vom Swiss Venture Club (SVC) ausgezeichnet, die \u00fcberzeugen: mit ihrer Firmenkultur, mit der Qualit\u00e4t der Mitarbeitenden und des Managements, mit ihren Produkten und Innovationen sowie mit einem nachhaltigen Erfolgsausweis. Seit 2004 wird der Prix SVC Ostschweiz alle zwei Jahre vergeben, 2018 also [&hellip;]<\/p>\n","protected":false},"author":4,"featured_media":2918,"comment_status":"open","ping_status":"open","sticky":false,"template":"","format":"standard","meta":{"_acf_changed":false,"_yoast_wpseo_focuskw":"Prix SVC Ostschweiz","_yoast_wpseo_metadesc":"Die sechs Finalisten f\u00fcr den Prix SVC Ostschweiz, allesamt erfolgreiche Ostschweizer KMU, stehen nun fest. Die Preisverleihung findet am 8. M\u00e4rz 2018 statt.","articlekey":"","footnotes":""},"categories":[28],"tags":[66,492,496,502],"class_list":["post-2917","post","type-post","status-publish","format-standard","has-post-thumbnail","hentry","category-management","tag-awards","tag-unternehmen","tag-unternehmensfuehrung","tag-veranstaltungen"],"acf":[],"yoast_head":"<!-- This site is optimized with the Yoast SEO plugin v27.4 - https:\/\/yoast.com\/product\/yoast-seo-wordpress\/ -->\n<title>Die Finalisten des Prix SVC Ostschweiz 2018 sind nominiert - Organisator<\/title>\n<meta name=\"description\" content=\"Die sechs Finalisten f\u00fcr den Prix SVC Ostschweiz, allesamt erfolgreiche Ostschweizer KMU, stehen nun fest. Die Preisverleihung findet am 8. M\u00e4rz 2018 statt.\" \/>\n<meta name=\"robots\" content=\"index, follow, max-snippet:-1, max-image-preview:large, max-video-preview:-1\" \/>\n<link rel=\"canonical\" href=\"https:\/\/www.organisator.ch\/fr\/gestion-2\/2017-12-28\/die-finalisten-des-prix-svc-ostschweiz-2018-sind-nominiert\/\" \/>\n<meta property=\"og:locale\" content=\"fr_FR\" \/>\n<meta property=\"og:type\" content=\"article\" \/>\n<meta property=\"og:title\" content=\"Die Finalisten des Prix SVC Ostschweiz 2018 sind nominiert\" \/>\n<meta property=\"og:description\" content=\"Die sechs #Finalisten f\u00fcr den Prix #SVC #Ostschweiz, allesamt erfolgreiche Ostschweizer KMU, stehen nun fest. Die #Preisverleihung findet am 8. M\u00e4rz 2018 statt.\" \/>\n<meta property=\"og:url\" content=\"https:\/\/www.organisator.ch\/fr\/gestion-2\/2017-12-28\/die-finalisten-des-prix-svc-ostschweiz-2018-sind-nominiert\/\" \/>\n<meta property=\"og:site_name\" content=\"Organisator\" \/>\n<meta property=\"article:publisher\" content=\"https:\/\/www.facebook.com\/OrganisatorFachmagazin\" \/>\n<meta property=\"article:published_time\" content=\"2017-12-28T06:30:33+00:00\" \/>\n<meta property=\"og:image\" content=\"https:\/\/www.organisator.ch\/wp-content\/uploads\/2017\/12\/Die-Finalisten-des-Prix-SVC-Ostschweiz-2018-sind-nominiert_Organisator.jpg\" \/>\n\t<meta property=\"og:image:width\" content=\"640\" \/>\n\t<meta property=\"og:image:height\" content=\"362\" \/>\n\t<meta property=\"og:image:type\" content=\"image\/jpeg\" \/>\n<meta name=\"author\" content=\"thomas.berner\" \/>\n<meta name=\"twitter:card\" content=\"summary_large_image\" \/>\n<meta name=\"twitter:title\" content=\"Die #Finalisten des Prix SVC Ostschweiz 2018 sind nominiert #PrixSVC_Ostschweiz\" \/>\n<meta name=\"twitter:description\" content=\"Die sechs #Finalisten f\u00fcr den Prix SVC #Ostschweiz, allesamt erfolgreiche Ostschweizer KMU, stehen nun fest. Die #Preisverleihung findet am 8. M\u00e4rz 2018 statt.\" \/>\n<meta name=\"twitter:image\" content=\"https:\/\/www.organisator.ch\/wp-content\/uploads\/2017\/12\/Die-Finalisten-des-Prix-SVC-Ostschweiz-2018-sind-nominiert_Organisator.jpg\" \/>\n<script type=\"application\/ld+json\" class=\"yoast-schema-graph\">{\"@context\":\"https:\\\/\\\/schema.org\",\"@graph\":[{\"@type\":\"Article\",\"@id\":\"https:\\\/\\\/www.organisator.ch\\\/management\\\/2017-12-28\\\/die-finalisten-des-prix-svc-ostschweiz-2018-sind-nominiert\\\/#article\",\"isPartOf\":{\"@id\":\"https:\\\/\\\/www.organisator.ch\\\/management\\\/2017-12-28\\\/die-finalisten-des-prix-svc-ostschweiz-2018-sind-nominiert\\\/\"},\"author\":{\"name\":\"thomas.berner\",\"@id\":\"https:\\\/\\\/www.organisator.ch\\\/#\\\/schema\\\/person\\\/6f650f90b2842cd4c0cc334b4e36f67e\"},\"headline\":\"Die Finalisten des Prix SVC Ostschweiz 2018 sind nominiert\",\"datePublished\":\"2017-12-28T06:30:33+00:00\",\"mainEntityOfPage\":{\"@id\":\"https:\\\/\\\/www.organisator.ch\\\/management\\\/2017-12-28\\\/die-finalisten-des-prix-svc-ostschweiz-2018-sind-nominiert\\\/\"},\"wordCount\":708,\"commentCount\":0,\"publisher\":{\"@id\":\"https:\\\/\\\/www.organisator.ch\\\/#organization\"},\"image\":{\"@id\":\"https:\\\/\\\/www.organisator.ch\\\/management\\\/2017-12-28\\\/die-finalisten-des-prix-svc-ostschweiz-2018-sind-nominiert\\\/#primaryimage\"},\"thumbnailUrl\":\"https:\\\/\\\/www.organisator.ch\\\/wp-content\\\/uploads\\\/2017\\\/12\\\/Die-Finalisten-des-Prix-SVC-Ostschweiz-2018-sind-nominiert_Organisator.jpg\",\"keywords\":[\"Awards\",\"Unternehmen\",\"Unternehmensf\u00fchrung\",\"Veranstaltungen\"],\"articleSection\":[\"MANAGEMENT\"],\"inLanguage\":\"fr-FR\"},{\"@type\":\"WebPage\",\"@id\":\"https:\\\/\\\/www.organisator.ch\\\/management\\\/2017-12-28\\\/die-finalisten-des-prix-svc-ostschweiz-2018-sind-nominiert\\\/\",\"url\":\"https:\\\/\\\/www.organisator.ch\\\/management\\\/2017-12-28\\\/die-finalisten-des-prix-svc-ostschweiz-2018-sind-nominiert\\\/\",\"name\":\"Die Finalisten des Prix SVC Ostschweiz 2018 sind nominiert - Organisator\",\"isPartOf\":{\"@id\":\"https:\\\/\\\/www.organisator.ch\\\/#website\"},\"primaryImageOfPage\":{\"@id\":\"https:\\\/\\\/www.organisator.ch\\\/management\\\/2017-12-28\\\/die-finalisten-des-prix-svc-ostschweiz-2018-sind-nominiert\\\/#primaryimage\"},\"image\":{\"@id\":\"https:\\\/\\\/www.organisator.ch\\\/management\\\/2017-12-28\\\/die-finalisten-des-prix-svc-ostschweiz-2018-sind-nominiert\\\/#primaryimage\"},\"thumbnailUrl\":\"https:\\\/\\\/www.organisator.ch\\\/wp-content\\\/uploads\\\/2017\\\/12\\\/Die-Finalisten-des-Prix-SVC-Ostschweiz-2018-sind-nominiert_Organisator.jpg\",\"datePublished\":\"2017-12-28T06:30:33+00:00\",\"description\":\"Die sechs Finalisten f\u00fcr den Prix SVC Ostschweiz, allesamt erfolgreiche Ostschweizer KMU, stehen nun fest. Die Preisverleihung findet am 8. M\u00e4rz 2018 statt.\",\"breadcrumb\":{\"@id\":\"https:\\\/\\\/www.organisator.ch\\\/management\\\/2017-12-28\\\/die-finalisten-des-prix-svc-ostschweiz-2018-sind-nominiert\\\/#breadcrumb\"},\"inLanguage\":\"fr-FR\",\"potentialAction\":[{\"@type\":\"ReadAction\",\"target\":[\"https:\\\/\\\/www.organisator.ch\\\/management\\\/2017-12-28\\\/die-finalisten-des-prix-svc-ostschweiz-2018-sind-nominiert\\\/\"]}]},{\"@type\":\"ImageObject\",\"inLanguage\":\"fr-FR\",\"@id\":\"https:\\\/\\\/www.organisator.ch\\\/management\\\/2017-12-28\\\/die-finalisten-des-prix-svc-ostschweiz-2018-sind-nominiert\\\/#primaryimage\",\"url\":\"https:\\\/\\\/www.organisator.ch\\\/wp-content\\\/uploads\\\/2017\\\/12\\\/Die-Finalisten-des-Prix-SVC-Ostschweiz-2018-sind-nominiert_Organisator.jpg\",\"contentUrl\":\"https:\\\/\\\/www.organisator.ch\\\/wp-content\\\/uploads\\\/2017\\\/12\\\/Die-Finalisten-des-Prix-SVC-Ostschweiz-2018-sind-nominiert_Organisator.jpg\",\"width\":640,\"height\":362,\"caption\":\"Wer gewinnt den Prix SVC Ostschweiz 2018? (Bild: Thomas Berner)\"},{\"@type\":\"BreadcrumbList\",\"@id\":\"https:\\\/\\\/www.organisator.ch\\\/management\\\/2017-12-28\\\/die-finalisten-des-prix-svc-ostschweiz-2018-sind-nominiert\\\/#breadcrumb\",\"itemListElement\":[{\"@type\":\"ListItem\",\"position\":1,\"name\":\"Home\",\"item\":\"https:\\\/\\\/www.organisator.ch\\\/\"},{\"@type\":\"ListItem\",\"position\":2,\"name\":\"Die Finalisten des Prix SVC Ostschweiz 2018 sind nominiert\"}]},{\"@type\":\"WebSite\",\"@id\":\"https:\\\/\\\/www.organisator.ch\\\/#website\",\"url\":\"https:\\\/\\\/www.organisator.ch\\\/\",\"name\":\"Organisator\",\"description\":\"Kompetent. Praxisnah. Der ORGANISATOR bereitet in 10 Ausgaben pro Jahr die wesentlichen Themen f\u00fcr F\u00fchrungskr\u00e4fte von KMU auf.\",\"publisher\":{\"@id\":\"https:\\\/\\\/www.organisator.ch\\\/#organization\"},\"potentialAction\":[{\"@type\":\"SearchAction\",\"target\":{\"@type\":\"EntryPoint\",\"urlTemplate\":\"https:\\\/\\\/www.organisator.ch\\\/?s={search_term_string}\"},\"query-input\":{\"@type\":\"PropertyValueSpecification\",\"valueRequired\":true,\"valueName\":\"search_term_string\"}}],\"inLanguage\":\"fr-FR\"},{\"@type\":\"Organization\",\"@id\":\"https:\\\/\\\/www.organisator.ch\\\/#organization\",\"name\":\"Organisator\",\"url\":\"https:\\\/\\\/www.organisator.ch\\\/\",\"logo\":{\"@type\":\"ImageObject\",\"inLanguage\":\"fr-FR\",\"@id\":\"https:\\\/\\\/www.organisator.ch\\\/#\\\/schema\\\/logo\\\/image\\\/\",\"url\":\"https:\\\/\\\/www.organisator.ch\\\/wp-content\\\/uploads\\\/2022\\\/01\\\/Logo_Organisator_Website.png\",\"contentUrl\":\"https:\\\/\\\/www.organisator.ch\\\/wp-content\\\/uploads\\\/2022\\\/01\\\/Logo_Organisator_Website.png\",\"width\":800,\"height\":77,\"caption\":\"Organisator\"},\"image\":{\"@id\":\"https:\\\/\\\/www.organisator.ch\\\/#\\\/schema\\\/logo\\\/image\\\/\"},\"sameAs\":[\"https:\\\/\\\/www.facebook.com\\\/OrganisatorFachmagazin\",\"https:\\\/\\\/www.linkedin.com\\\/showcase\\\/organisator-das-magazin-fr-kmu\",\"https:\\\/\\\/www.xing.com\\\/news\\\/pages\\\/organisator-ch-695\",\"https:\\\/\\\/www.youtube.com\\\/channel\\\/UCGP2Sq0iWaZwT3BdIAQFYpw\"]},{\"@type\":\"Person\",\"@id\":\"https:\\\/\\\/www.organisator.ch\\\/#\\\/schema\\\/person\\\/6f650f90b2842cd4c0cc334b4e36f67e\",\"name\":\"thomas.berner\",\"image\":{\"@type\":\"ImageObject\",\"inLanguage\":\"fr-FR\",\"@id\":\"https:\\\/\\\/secure.gravatar.com\\\/avatar\\\/ac5001d2a36cb6c6cd3e50789007ffca834b477b74a2144564522e944eabff61?s=96&d=mm&r=g\",\"url\":\"https:\\\/\\\/secure.gravatar.com\\\/avatar\\\/ac5001d2a36cb6c6cd3e50789007ffca834b477b74a2144564522e944eabff61?s=96&d=mm&r=g\",\"contentUrl\":\"https:\\\/\\\/secure.gravatar.com\\\/avatar\\\/ac5001d2a36cb6c6cd3e50789007ffca834b477b74a2144564522e944eabff61?s=96&d=mm&r=g\",\"caption\":\"thomas.berner\"},\"url\":\"https:\\\/\\\/www.organisator.ch\\\/fr\\\/author\\\/thomas-berner\\\/\"}]}<\/script>\n<!-- \/ Yoast SEO plugin. -->","yoast_head_json":{"title":"Les finalistes du Prix SVC Ostschweiz 2018 sont nomin\u00e9s - Organisateur","description":"Les six finalistes du Prix SVC Ostschweiz, tous des PME prosp\u00e8res de Suisse orientale, sont d\u00e9sormais connus. La c\u00e9r\u00e9monie de remise des prix aura lieu le 8 mars 2018.","robots":{"index":"index","follow":"follow","max-snippet":"max-snippet:-1","max-image-preview":"max-image-preview:large","max-video-preview":"max-video-preview:-1"},"canonical":"https:\/\/www.organisator.ch\/fr\/gestion-2\/2017-12-28\/die-finalisten-des-prix-svc-ostschweiz-2018-sind-nominiert\/","og_locale":"fr_FR","og_type":"article","og_title":"Die Finalisten des Prix SVC Ostschweiz 2018 sind nominiert","og_description":"Die sechs #Finalisten f\u00fcr den Prix #SVC #Ostschweiz, allesamt erfolgreiche Ostschweizer KMU, stehen nun fest. Die #Preisverleihung findet am 8. M\u00e4rz 2018 statt.","og_url":"https:\/\/www.organisator.ch\/fr\/gestion-2\/2017-12-28\/die-finalisten-des-prix-svc-ostschweiz-2018-sind-nominiert\/","og_site_name":"Organisator","article_publisher":"https:\/\/www.facebook.com\/OrganisatorFachmagazin","article_published_time":"2017-12-28T06:30:33+00:00","og_image":[{"width":640,"height":362,"url":"https:\/\/www.organisator.ch\/wp-content\/uploads\/2017\/12\/Die-Finalisten-des-Prix-SVC-Ostschweiz-2018-sind-nominiert_Organisator.jpg","type":"image\/jpeg"}],"author":"thomas.berner","twitter_card":"summary_large_image","twitter_title":"Die #Finalisten des Prix SVC Ostschweiz 2018 sind nominiert #PrixSVC_Ostschweiz","twitter_description":"Die sechs #Finalisten f\u00fcr den Prix SVC #Ostschweiz, allesamt erfolgreiche Ostschweizer KMU, stehen nun fest. Die #Preisverleihung findet am 8. M\u00e4rz 2018 statt.","twitter_image":"https:\/\/www.organisator.ch\/wp-content\/uploads\/2017\/12\/Die-Finalisten-des-Prix-SVC-Ostschweiz-2018-sind-nominiert_Organisator.jpg","schema":{"@context":"https:\/\/schema.org","@graph":[{"@type":"Article","@id":"https:\/\/www.organisator.ch\/management\/2017-12-28\/die-finalisten-des-prix-svc-ostschweiz-2018-sind-nominiert\/#article","isPartOf":{"@id":"https:\/\/www.organisator.ch\/management\/2017-12-28\/die-finalisten-des-prix-svc-ostschweiz-2018-sind-nominiert\/"},"author":{"name":"thomas.berner","@id":"https:\/\/www.organisator.ch\/#\/schema\/person\/6f650f90b2842cd4c0cc334b4e36f67e"},"headline":"Die Finalisten des Prix SVC Ostschweiz 2018 sind nominiert","datePublished":"2017-12-28T06:30:33+00:00","mainEntityOfPage":{"@id":"https:\/\/www.organisator.ch\/management\/2017-12-28\/die-finalisten-des-prix-svc-ostschweiz-2018-sind-nominiert\/"},"wordCount":708,"commentCount":0,"publisher":{"@id":"https:\/\/www.organisator.ch\/#organization"},"image":{"@id":"https:\/\/www.organisator.ch\/management\/2017-12-28\/die-finalisten-des-prix-svc-ostschweiz-2018-sind-nominiert\/#primaryimage"},"thumbnailUrl":"https:\/\/www.organisator.ch\/wp-content\/uploads\/2017\/12\/Die-Finalisten-des-Prix-SVC-Ostschweiz-2018-sind-nominiert_Organisator.jpg","keywords":["Awards","Unternehmen","Unternehmensf\u00fchrung","Veranstaltungen"],"articleSection":["MANAGEMENT"],"inLanguage":"fr-FR"},{"@type":"WebPage","@id":"https:\/\/www.organisator.ch\/management\/2017-12-28\/die-finalisten-des-prix-svc-ostschweiz-2018-sind-nominiert\/","url":"https:\/\/www.organisator.ch\/management\/2017-12-28\/die-finalisten-des-prix-svc-ostschweiz-2018-sind-nominiert\/","name":"Les finalistes du Prix SVC Ostschweiz 2018 sont nomin\u00e9s - Organisateur","isPartOf":{"@id":"https:\/\/www.organisator.ch\/#website"},"primaryImageOfPage":{"@id":"https:\/\/www.organisator.ch\/management\/2017-12-28\/die-finalisten-des-prix-svc-ostschweiz-2018-sind-nominiert\/#primaryimage"},"image":{"@id":"https:\/\/www.organisator.ch\/management\/2017-12-28\/die-finalisten-des-prix-svc-ostschweiz-2018-sind-nominiert\/#primaryimage"},"thumbnailUrl":"https:\/\/www.organisator.ch\/wp-content\/uploads\/2017\/12\/Die-Finalisten-des-Prix-SVC-Ostschweiz-2018-sind-nominiert_Organisator.jpg","datePublished":"2017-12-28T06:30:33+00:00","description":"Les six finalistes du Prix SVC Ostschweiz, tous des PME prosp\u00e8res de Suisse orientale, sont d\u00e9sormais connus. La c\u00e9r\u00e9monie de remise des prix aura lieu le 8 mars 2018.","breadcrumb":{"@id":"https:\/\/www.organisator.ch\/management\/2017-12-28\/die-finalisten-des-prix-svc-ostschweiz-2018-sind-nominiert\/#breadcrumb"},"inLanguage":"fr-FR","potentialAction":[{"@type":"ReadAction","target":["https:\/\/www.organisator.ch\/management\/2017-12-28\/die-finalisten-des-prix-svc-ostschweiz-2018-sind-nominiert\/"]}]},{"@type":"ImageObject","inLanguage":"fr-FR","@id":"https:\/\/www.organisator.ch\/management\/2017-12-28\/die-finalisten-des-prix-svc-ostschweiz-2018-sind-nominiert\/#primaryimage","url":"https:\/\/www.organisator.ch\/wp-content\/uploads\/2017\/12\/Die-Finalisten-des-Prix-SVC-Ostschweiz-2018-sind-nominiert_Organisator.jpg","contentUrl":"https:\/\/www.organisator.ch\/wp-content\/uploads\/2017\/12\/Die-Finalisten-des-Prix-SVC-Ostschweiz-2018-sind-nominiert_Organisator.jpg","width":640,"height":362,"caption":"Wer gewinnt den Prix SVC Ostschweiz 2018? (Bild: Thomas Berner)"},{"@type":"BreadcrumbList","@id":"https:\/\/www.organisator.ch\/management\/2017-12-28\/die-finalisten-des-prix-svc-ostschweiz-2018-sind-nominiert\/#breadcrumb","itemListElement":[{"@type":"ListItem","position":1,"name":"Home","item":"https:\/\/www.organisator.ch\/"},{"@type":"ListItem","position":2,"name":"Die Finalisten des Prix SVC Ostschweiz 2018 sind nominiert"}]},{"@type":"WebSite","@id":"https:\/\/www.organisator.ch\/#website","url":"https:\/\/www.organisator.ch\/","name":"Organisateur","description":"Comp\u00e9tence et comp\u00e9tence. Proches de la pratique. L'ORGANISATEUR pr\u00e9pare 10 num\u00e9ros par an sur les th\u00e8mes essentiels pour les dirigeants de PME.","publisher":{"@id":"https:\/\/www.organisator.ch\/#organization"},"potentialAction":[{"@type":"SearchAction","target":{"@type":"EntryPoint","urlTemplate":"https:\/\/www.organisator.ch\/?s={search_term_string}"},"query-input":{"@type":"PropertyValueSpecification","valueRequired":true,"valueName":"search_term_string"}}],"inLanguage":"fr-FR"},{"@type":"Organization","@id":"https:\/\/www.organisator.ch\/#organization","name":"Organisateur","url":"https:\/\/www.organisator.ch\/","logo":{"@type":"ImageObject","inLanguage":"fr-FR","@id":"https:\/\/www.organisator.ch\/#\/schema\/logo\/image\/","url":"https:\/\/www.organisator.ch\/wp-content\/uploads\/2022\/01\/Logo_Organisator_Website.png","contentUrl":"https:\/\/www.organisator.ch\/wp-content\/uploads\/2022\/01\/Logo_Organisator_Website.png","width":800,"height":77,"caption":"Organisator"},"image":{"@id":"https:\/\/www.organisator.ch\/#\/schema\/logo\/image\/"},"sameAs":["https:\/\/www.facebook.com\/OrganisatorFachmagazin","https:\/\/www.linkedin.com\/showcase\/organisator-das-magazin-fr-kmu","https:\/\/www.xing.com\/news\/pages\/organisator-ch-695","https:\/\/www.youtube.com\/channel\/UCGP2Sq0iWaZwT3BdIAQFYpw"]},{"@type":"Person","@id":"https:\/\/www.organisator.ch\/#\/schema\/person\/6f650f90b2842cd4c0cc334b4e36f67e","name":"thomas.berner","image":{"@type":"ImageObject","inLanguage":"fr-FR","@id":"https:\/\/secure.gravatar.com\/avatar\/ac5001d2a36cb6c6cd3e50789007ffca834b477b74a2144564522e944eabff61?s=96&d=mm&r=g","url":"https:\/\/secure.gravatar.com\/avatar\/ac5001d2a36cb6c6cd3e50789007ffca834b477b74a2144564522e944eabff61?s=96&d=mm&r=g","contentUrl":"https:\/\/secure.gravatar.com\/avatar\/ac5001d2a36cb6c6cd3e50789007ffca834b477b74a2144564522e944eabff61?s=96&d=mm&r=g","caption":"thomas.berner"},"url":"https:\/\/www.organisator.ch\/fr\/author\/thomas-berner\/"}]}},"_links":{"self":[{"href":"https:\/\/www.organisator.ch\/fr\/wp-json\/wp\/v2\/posts\/2917","targetHints":{"allow":["GET"]}}],"collection":[{"href":"https:\/\/www.organisator.ch\/fr\/wp-json\/wp\/v2\/posts"}],"about":[{"href":"https:\/\/www.organisator.ch\/fr\/wp-json\/wp\/v2\/types\/post"}],"author":[{"embeddable":true,"href":"https:\/\/www.organisator.ch\/fr\/wp-json\/wp\/v2\/users\/4"}],"replies":[{"embeddable":true,"href":"https:\/\/www.organisator.ch\/fr\/wp-json\/wp\/v2\/comments?post=2917"}],"version-history":[{"count":0,"href":"https:\/\/www.organisator.ch\/fr\/wp-json\/wp\/v2\/posts\/2917\/revisions"}],"wp:featuredmedia":[{"embeddable":true,"href":"https:\/\/www.organisator.ch\/fr\/wp-json\/wp\/v2\/media\/2918"}],"wp:attachment":[{"href":"https:\/\/www.organisator.ch\/fr\/wp-json\/wp\/v2\/media?parent=2917"}],"wp:term":[{"taxonomy":"category","embeddable":true,"href":"https:\/\/www.organisator.ch\/fr\/wp-json\/wp\/v2\/categories?post=2917"},{"taxonomy":"post_tag","embeddable":true,"href":"https:\/\/www.organisator.ch\/fr\/wp-json\/wp\/v2\/tags?post=2917"}],"curies":[{"name":"wp","href":"https:\/\/api.w.org\/{rel}","templated":true}]}}