{"id":29177,"date":"2024-08-21T14:12:09","date_gmt":"2024-08-21T12:12:09","guid":{"rendered":"https:\/\/www.organisator.ch\/?p=29177"},"modified":"2024-08-21T13:12:20","modified_gmt":"2024-08-21T11:12:20","slug":"wechsel-in-der-geschaeftsfuehrung-der-quickmail-planzer-ag","status":"publish","type":"post","link":"https:\/\/www.organisator.ch\/fr\/management\/2024-08-21\/wechsel-in-der-geschaeftsfuehrung-der-quickmail-planzer-ag\/","title":{"rendered":"Changement \u00e0 la direction de Quickmail Planzer AG"},"content":{"rendered":"<figure id=\"attachment_29179\" aria-describedby=\"caption-attachment-29179\" style=\"width: 680px\" class=\"wp-caption alignnone\"><img loading=\"lazy\" decoding=\"async\" class=\"size-full wp-image-29179\" src=\"https:\/\/www.organisator.ch\/wp-content\/uploads\/2024\/08\/Quickmail-Planzer_Bild1_ps_ps.jpg\" alt=\"\" width=\"680\" height=\"381\" srcset=\"https:\/\/www.organisator.ch\/wp-content\/uploads\/2024\/08\/Quickmail-Planzer_Bild1_ps_ps.jpg 680w, https:\/\/www.organisator.ch\/wp-content\/uploads\/2024\/08\/Quickmail-Planzer_Bild1_ps_ps-18x10.jpg 18w, https:\/\/www.organisator.ch\/wp-content\/uploads\/2024\/08\/Quickmail-Planzer_Bild1_ps_ps-375x210.jpg 375w, https:\/\/www.organisator.ch\/wp-content\/uploads\/2024\/08\/Quickmail-Planzer_Bild1_ps_ps-625x350.jpg 625w\" sizes=\"auto, (max-width: 680px) 100vw, 680px\" \/><figcaption id=\"caption-attachment-29179\" class=\"wp-caption-text\">Nouveaux directeurs chez Quickmail : Claude Bruderer (\u00e0 gauche) et Carsten Vossmeyer (\u00e0 droite). (Image : www.quickmail-ag.ch)<\/figcaption><\/figure>\n<p>Christof Lenhard, jusqu'ici directeur g\u00e9n\u00e9ral (CEO), et Bernard Germanier, jusqu'ici directeur g\u00e9n\u00e9ral et responsable Sales &amp; Marketing, ont d\u00e9cid\u00e9 de quitter l'entreprise le 31 ao\u00fbt 2024 pour relever de nouveaux d\u00e9fis professionnels.<\/p>\n<h3><strong>Nouveau duo de directeurs<\/strong><\/h3>\n<p>Claude Bruderer reprendra la direction de l'entreprise \u00e0 partir du 1er d\u00e9cembre 2024 et Carsten Vossmeyer le poste de directeur des ventes et du marketing \u00e0 partir de d\u00e9but 2025. Claude Bruderer est \u00e2g\u00e9 de 48 ans et habite dans le canton d'Argovie. Il apporte une longue exp\u00e9rience de direction acquise \u00e0 diff\u00e9rents postes \u00e0 la Poste Suisse. Carsten Vossmeyer a 61 ans, habite dans le canton de Zurich et est actuellement CEO d'EDS Media AG (anciennement Asendia Press EDS AG), une soci\u00e9t\u00e9 du groupe La Poste. Auparavant, Carsten Vossmeyer \u00e9tait directeur g\u00e9n\u00e9ral de GO ! Express &amp; Logistics Augsburg GmbH.<\/p>\n<p>Nils Planzer, CEO de Planzer, se r\u00e9jouit : \"Claude Bruderer et Carsten Vossmeyer sont des connaisseurs profonds du march\u00e9 philat\u00e9lique suisse. Ils disposent d'un grand r\u00e9seau et d'un bon flair pour les \u00e9volutions de la branche. Nous sommes convaincus qu'avec Bruderer et Vossmeyer, nous pourrons continuer \u00e0 d\u00e9velopper avec succ\u00e8s le secteur d'activit\u00e9 Quickmail, passionnant pour notre entreprise familiale Planzer\".<\/p>\n<h3><strong>Continuit\u00e9 et d\u00e9veloppement en ligne de mire<\/strong><\/h3>\n<p>Durant la phase de transition du 1er septembre au 30 novembre, Daniel Goldman assurera l'int\u00e9rim \u00e0 la t\u00eate de Quickmail Planzer AG dans son r\u00f4le de pr\u00e9sident du conseil d'administration. \"Nous remercions chaleureusement Christof Lenhard et Bernard Germanier pour leur pr\u00e9cieux travail chez Quickmail pendant plus de 15 ans et leur souhaitons beaucoup de succ\u00e8s et de plaisir dans leurs futurs d\u00e9fis\", souligne Nils Planzer. \"Il \u00e9tait important pour nous d'organiser soigneusement le remplacement afin d'assurer la continuit\u00e9 et de garantir de mani\u00e8re optimale le savoir-faire sp\u00e9cifique \u00e0 la branche\".<\/p>\n<p><em>Source : <a href=\"http:\/\/www.quickmail-ag.ch\">www.quickmail-ag.ch<\/a><\/em><\/p>","protected":false},"excerpt":{"rendered":"<p>Avec Claude Bruderer et Carsten Vossmeyer, Quickmail a pu s'assurer les services d'un duo tr\u00e8s bien implant\u00e9 sur le march\u00e9 suisse du courrier pour le remplacement de la direction. Quickmail est le seul prestataire de services priv\u00e9 en Suisse pour la distribution de mailings adress\u00e9s et non adress\u00e9s, de catalogues et de magazines clients.<\/p>","protected":false},"author":58,"featured_media":29179,"comment_status":"closed","ping_status":"closed","sticky":false,"template":"","format":"standard","meta":{"_acf_changed":false,"_yoast_wpseo_focuskw":"Quickmail Planzer AG","_yoast_wpseo_metadesc":"Mit Claude Bruderer und Carsten Vossmeyer konnte Quickmail ein im Schweizerischen Briefmarkt bestens vernetztes Duo f\u00fcr die Neubesetzung der Gesch\u00e4ftsf\u00fchrung gewinnen.","articlekey":"","footnotes":""},"categories":[28],"tags":[238,335,424,492],"class_list":["post-29177","post","type-post","status-publish","format-standard","has-post-thumbnail","hentry","category-management","tag-geschaeftsfuehrung","tag-management-und-unternehmensfuehrung","tag-schweiz","tag-unternehmen"],"acf":[],"yoast_head":"<!-- This site is optimized with the Yoast SEO plugin v27.4 - https:\/\/yoast.com\/product\/yoast-seo-wordpress\/ -->\n<title>Wechsel in der Gesch\u00e4ftsf\u00fchrung der Quickmail Planzer AG - Organisator<\/title>\n<meta name=\"description\" content=\"Mit Claude Bruderer und Carsten Vossmeyer konnte Quickmail ein im Schweizerischen Briefmarkt bestens vernetztes Duo f\u00fcr die Neubesetzung der Gesch\u00e4ftsf\u00fchrung gewinnen.\" \/>\n<meta name=\"robots\" content=\"index, follow, max-snippet:-1, max-image-preview:large, max-video-preview:-1\" \/>\n<link rel=\"canonical\" href=\"https:\/\/www.organisator.ch\/fr\/gestion-2\/2024-08-21\/wechsel-in-der-geschaeftsfuehrung-der-quickmail-planzer-ag\/\" \/>\n<meta property=\"og:locale\" content=\"fr_FR\" \/>\n<meta property=\"og:type\" content=\"article\" \/>\n<meta property=\"og:title\" content=\"Wechsel in der Gesch\u00e4ftsf\u00fchrung der Quickmail Planzer AG\" \/>\n<meta property=\"og:description\" content=\"Mit Claude Bruderer und Carsten Vossmeyer konnte Quickmail ein im Schweizerischen Briefmarkt bestens vernetztes Duo f\u00fcr die Neubesetzung der Gesch\u00e4ftsf\u00fchrung gewinnen.\" \/>\n<meta property=\"og:url\" content=\"https:\/\/www.organisator.ch\/fr\/gestion-2\/2024-08-21\/wechsel-in-der-geschaeftsfuehrung-der-quickmail-planzer-ag\/\" \/>\n<meta property=\"og:site_name\" content=\"Organisator\" \/>\n<meta property=\"article:publisher\" content=\"https:\/\/www.facebook.com\/OrganisatorFachmagazin\" \/>\n<meta property=\"article:published_time\" content=\"2024-08-21T12:12:09+00:00\" \/>\n<meta property=\"og:image\" content=\"https:\/\/www.organisator.ch\/wp-content\/uploads\/2024\/08\/Quickmail-Planzer_Bild1_ps_ps.jpg\" \/>\n\t<meta property=\"og:image:width\" content=\"680\" \/>\n\t<meta property=\"og:image:height\" content=\"381\" \/>\n\t<meta property=\"og:image:type\" content=\"image\/jpeg\" \/>\n<meta name=\"author\" content=\"Adelisa Kalajdzini\" \/>\n<meta name=\"twitter:card\" content=\"summary_large_image\" \/>\n<meta name=\"twitter:title\" content=\"Wechsel in der Gesch\u00e4ftsf\u00fchrung der Quickmail Planzer AG\" \/>\n<meta name=\"twitter:description\" content=\"Mit #Claude #Bruderer und #Carsten #Vossmeyer konnte #Quickmail ein im Schweizerischen Briefmarkt bestens vernetztes #Duo f\u00fcr die Neubesetzung der #Gesch\u00e4ftsf\u00fchrung gewinnen.\" \/>\n<meta name=\"twitter:image\" content=\"https:\/\/www.organisator.ch\/wp-content\/uploads\/2024\/08\/Quickmail-Planzer_Bild1_ps_ps.jpg\" \/>\n<script type=\"application\/ld+json\" class=\"yoast-schema-graph\">{\"@context\":\"https:\\\/\\\/schema.org\",\"@graph\":[{\"@type\":\"Article\",\"@id\":\"https:\\\/\\\/www.organisator.ch\\\/management\\\/2024-08-21\\\/wechsel-in-der-geschaeftsfuehrung-der-quickmail-planzer-ag\\\/#article\",\"isPartOf\":{\"@id\":\"https:\\\/\\\/www.organisator.ch\\\/management\\\/2024-08-21\\\/wechsel-in-der-geschaeftsfuehrung-der-quickmail-planzer-ag\\\/\"},\"author\":{\"name\":\"Adelisa Kalajdzini\",\"@id\":\"https:\\\/\\\/www.organisator.ch\\\/#\\\/schema\\\/person\\\/2e1314a2172123f874db408d8911d3f3\"},\"headline\":\"Wechsel in der Gesch\u00e4ftsf\u00fchrung der Quickmail Planzer AG\",\"datePublished\":\"2024-08-21T12:12:09+00:00\",\"mainEntityOfPage\":{\"@id\":\"https:\\\/\\\/www.organisator.ch\\\/management\\\/2024-08-21\\\/wechsel-in-der-geschaeftsfuehrung-der-quickmail-planzer-ag\\\/\"},\"wordCount\":308,\"publisher\":{\"@id\":\"https:\\\/\\\/www.organisator.ch\\\/#organization\"},\"image\":{\"@id\":\"https:\\\/\\\/www.organisator.ch\\\/management\\\/2024-08-21\\\/wechsel-in-der-geschaeftsfuehrung-der-quickmail-planzer-ag\\\/#primaryimage\"},\"thumbnailUrl\":\"https:\\\/\\\/www.organisator.ch\\\/wp-content\\\/uploads\\\/2024\\\/08\\\/Quickmail-Planzer_Bild1_ps_ps.jpg\",\"keywords\":[\"Gesch\u00e4ftsf\u00fchrung\",\"Management und Unternehmensf\u00fchrung\",\"Schweiz\",\"Unternehmen\"],\"articleSection\":[\"MANAGEMENT\"],\"inLanguage\":\"fr-FR\"},{\"@type\":\"WebPage\",\"@id\":\"https:\\\/\\\/www.organisator.ch\\\/management\\\/2024-08-21\\\/wechsel-in-der-geschaeftsfuehrung-der-quickmail-planzer-ag\\\/\",\"url\":\"https:\\\/\\\/www.organisator.ch\\\/management\\\/2024-08-21\\\/wechsel-in-der-geschaeftsfuehrung-der-quickmail-planzer-ag\\\/\",\"name\":\"Wechsel in der Gesch\u00e4ftsf\u00fchrung der Quickmail Planzer AG - Organisator\",\"isPartOf\":{\"@id\":\"https:\\\/\\\/www.organisator.ch\\\/#website\"},\"primaryImageOfPage\":{\"@id\":\"https:\\\/\\\/www.organisator.ch\\\/management\\\/2024-08-21\\\/wechsel-in-der-geschaeftsfuehrung-der-quickmail-planzer-ag\\\/#primaryimage\"},\"image\":{\"@id\":\"https:\\\/\\\/www.organisator.ch\\\/management\\\/2024-08-21\\\/wechsel-in-der-geschaeftsfuehrung-der-quickmail-planzer-ag\\\/#primaryimage\"},\"thumbnailUrl\":\"https:\\\/\\\/www.organisator.ch\\\/wp-content\\\/uploads\\\/2024\\\/08\\\/Quickmail-Planzer_Bild1_ps_ps.jpg\",\"datePublished\":\"2024-08-21T12:12:09+00:00\",\"description\":\"Mit Claude Bruderer und Carsten Vossmeyer konnte Quickmail ein im Schweizerischen Briefmarkt bestens vernetztes Duo f\u00fcr die Neubesetzung der Gesch\u00e4ftsf\u00fchrung gewinnen.\",\"breadcrumb\":{\"@id\":\"https:\\\/\\\/www.organisator.ch\\\/management\\\/2024-08-21\\\/wechsel-in-der-geschaeftsfuehrung-der-quickmail-planzer-ag\\\/#breadcrumb\"},\"inLanguage\":\"fr-FR\",\"potentialAction\":[{\"@type\":\"ReadAction\",\"target\":[\"https:\\\/\\\/www.organisator.ch\\\/management\\\/2024-08-21\\\/wechsel-in-der-geschaeftsfuehrung-der-quickmail-planzer-ag\\\/\"]}]},{\"@type\":\"ImageObject\",\"inLanguage\":\"fr-FR\",\"@id\":\"https:\\\/\\\/www.organisator.ch\\\/management\\\/2024-08-21\\\/wechsel-in-der-geschaeftsfuehrung-der-quickmail-planzer-ag\\\/#primaryimage\",\"url\":\"https:\\\/\\\/www.organisator.ch\\\/wp-content\\\/uploads\\\/2024\\\/08\\\/Quickmail-Planzer_Bild1_ps_ps.jpg\",\"contentUrl\":\"https:\\\/\\\/www.organisator.ch\\\/wp-content\\\/uploads\\\/2024\\\/08\\\/Quickmail-Planzer_Bild1_ps_ps.jpg\",\"width\":680,\"height\":381,\"caption\":\"Neue Gesch\u00e4ftsf\u00fchrer bei Quickmail: Claude Bruderer (links) und Carsten Vossmeyer (rechts). (Bild: www.quickmail-ag.ch)\"},{\"@type\":\"BreadcrumbList\",\"@id\":\"https:\\\/\\\/www.organisator.ch\\\/management\\\/2024-08-21\\\/wechsel-in-der-geschaeftsfuehrung-der-quickmail-planzer-ag\\\/#breadcrumb\",\"itemListElement\":[{\"@type\":\"ListItem\",\"position\":1,\"name\":\"Home\",\"item\":\"https:\\\/\\\/www.organisator.ch\\\/\"},{\"@type\":\"ListItem\",\"position\":2,\"name\":\"Wechsel in der Gesch\u00e4ftsf\u00fchrung der Quickmail Planzer AG\"}]},{\"@type\":\"WebSite\",\"@id\":\"https:\\\/\\\/www.organisator.ch\\\/#website\",\"url\":\"https:\\\/\\\/www.organisator.ch\\\/\",\"name\":\"Organisator\",\"description\":\"Kompetent. Praxisnah. Der ORGANISATOR bereitet in 10 Ausgaben pro Jahr die wesentlichen Themen f\u00fcr F\u00fchrungskr\u00e4fte von KMU auf.\",\"publisher\":{\"@id\":\"https:\\\/\\\/www.organisator.ch\\\/#organization\"},\"potentialAction\":[{\"@type\":\"SearchAction\",\"target\":{\"@type\":\"EntryPoint\",\"urlTemplate\":\"https:\\\/\\\/www.organisator.ch\\\/?s={search_term_string}\"},\"query-input\":{\"@type\":\"PropertyValueSpecification\",\"valueRequired\":true,\"valueName\":\"search_term_string\"}}],\"inLanguage\":\"fr-FR\"},{\"@type\":\"Organization\",\"@id\":\"https:\\\/\\\/www.organisator.ch\\\/#organization\",\"name\":\"Organisator\",\"url\":\"https:\\\/\\\/www.organisator.ch\\\/\",\"logo\":{\"@type\":\"ImageObject\",\"inLanguage\":\"fr-FR\",\"@id\":\"https:\\\/\\\/www.organisator.ch\\\/#\\\/schema\\\/logo\\\/image\\\/\",\"url\":\"https:\\\/\\\/www.organisator.ch\\\/wp-content\\\/uploads\\\/2022\\\/01\\\/Logo_Organisator_Website.png\",\"contentUrl\":\"https:\\\/\\\/www.organisator.ch\\\/wp-content\\\/uploads\\\/2022\\\/01\\\/Logo_Organisator_Website.png\",\"width\":800,\"height\":77,\"caption\":\"Organisator\"},\"image\":{\"@id\":\"https:\\\/\\\/www.organisator.ch\\\/#\\\/schema\\\/logo\\\/image\\\/\"},\"sameAs\":[\"https:\\\/\\\/www.facebook.com\\\/OrganisatorFachmagazin\",\"https:\\\/\\\/www.linkedin.com\\\/showcase\\\/organisator-das-magazin-fr-kmu\",\"https:\\\/\\\/www.xing.com\\\/news\\\/pages\\\/organisator-ch-695\",\"https:\\\/\\\/www.youtube.com\\\/channel\\\/UCGP2Sq0iWaZwT3BdIAQFYpw\"]},{\"@type\":\"Person\",\"@id\":\"https:\\\/\\\/www.organisator.ch\\\/#\\\/schema\\\/person\\\/2e1314a2172123f874db408d8911d3f3\",\"name\":\"Adelisa Kalajdzini\",\"image\":{\"@type\":\"ImageObject\",\"inLanguage\":\"fr-FR\",\"@id\":\"https:\\\/\\\/secure.gravatar.com\\\/avatar\\\/09a397c22ac58cad6f160ee8306348599df9df58a8ede73696226897b9fa4b24?s=96&d=mm&r=g\",\"url\":\"https:\\\/\\\/secure.gravatar.com\\\/avatar\\\/09a397c22ac58cad6f160ee8306348599df9df58a8ede73696226897b9fa4b24?s=96&d=mm&r=g\",\"contentUrl\":\"https:\\\/\\\/secure.gravatar.com\\\/avatar\\\/09a397c22ac58cad6f160ee8306348599df9df58a8ede73696226897b9fa4b24?s=96&d=mm&r=g\",\"caption\":\"Adelisa Kalajdzini\"},\"url\":\"https:\\\/\\\/www.organisator.ch\\\/fr\\\/author\\\/adelisa-kalajdzini\\\/\"}]}<\/script>\n<!-- \/ Yoast SEO plugin. -->","yoast_head_json":{"title":"Changement \u00e0 la direction de Quickmail Planzer AG - Organisateur","description":"Avec Claude Bruderer et Carsten Vossmeyer, Quickmail a pu s'assurer les services d'un duo tr\u00e8s bien implant\u00e9 sur le march\u00e9 suisse du courrier pour le remplacement de la direction.","robots":{"index":"index","follow":"follow","max-snippet":"max-snippet:-1","max-image-preview":"max-image-preview:large","max-video-preview":"max-video-preview:-1"},"canonical":"https:\/\/www.organisator.ch\/fr\/gestion-2\/2024-08-21\/wechsel-in-der-geschaeftsfuehrung-der-quickmail-planzer-ag\/","og_locale":"fr_FR","og_type":"article","og_title":"Wechsel in der Gesch\u00e4ftsf\u00fchrung der Quickmail Planzer AG","og_description":"Mit Claude Bruderer und Carsten Vossmeyer konnte Quickmail ein im Schweizerischen Briefmarkt bestens vernetztes Duo f\u00fcr die Neubesetzung der Gesch\u00e4ftsf\u00fchrung gewinnen.","og_url":"https:\/\/www.organisator.ch\/fr\/gestion-2\/2024-08-21\/wechsel-in-der-geschaeftsfuehrung-der-quickmail-planzer-ag\/","og_site_name":"Organisator","article_publisher":"https:\/\/www.facebook.com\/OrganisatorFachmagazin","article_published_time":"2024-08-21T12:12:09+00:00","og_image":[{"width":680,"height":381,"url":"https:\/\/www.organisator.ch\/wp-content\/uploads\/2024\/08\/Quickmail-Planzer_Bild1_ps_ps.jpg","type":"image\/jpeg"}],"author":"Adelisa Kalajdzini","twitter_card":"summary_large_image","twitter_title":"Wechsel in der Gesch\u00e4ftsf\u00fchrung der Quickmail Planzer AG","twitter_description":"Mit #Claude #Bruderer und #Carsten #Vossmeyer konnte #Quickmail ein im Schweizerischen Briefmarkt bestens vernetztes #Duo f\u00fcr die Neubesetzung der #Gesch\u00e4ftsf\u00fchrung gewinnen.","twitter_image":"https:\/\/www.organisator.ch\/wp-content\/uploads\/2024\/08\/Quickmail-Planzer_Bild1_ps_ps.jpg","schema":{"@context":"https:\/\/schema.org","@graph":[{"@type":"Article","@id":"https:\/\/www.organisator.ch\/management\/2024-08-21\/wechsel-in-der-geschaeftsfuehrung-der-quickmail-planzer-ag\/#article","isPartOf":{"@id":"https:\/\/www.organisator.ch\/management\/2024-08-21\/wechsel-in-der-geschaeftsfuehrung-der-quickmail-planzer-ag\/"},"author":{"name":"Adelisa Kalajdzini","@id":"https:\/\/www.organisator.ch\/#\/schema\/person\/2e1314a2172123f874db408d8911d3f3"},"headline":"Wechsel in der Gesch\u00e4ftsf\u00fchrung der Quickmail Planzer AG","datePublished":"2024-08-21T12:12:09+00:00","mainEntityOfPage":{"@id":"https:\/\/www.organisator.ch\/management\/2024-08-21\/wechsel-in-der-geschaeftsfuehrung-der-quickmail-planzer-ag\/"},"wordCount":308,"publisher":{"@id":"https:\/\/www.organisator.ch\/#organization"},"image":{"@id":"https:\/\/www.organisator.ch\/management\/2024-08-21\/wechsel-in-der-geschaeftsfuehrung-der-quickmail-planzer-ag\/#primaryimage"},"thumbnailUrl":"https:\/\/www.organisator.ch\/wp-content\/uploads\/2024\/08\/Quickmail-Planzer_Bild1_ps_ps.jpg","keywords":["Gesch\u00e4ftsf\u00fchrung","Management und Unternehmensf\u00fchrung","Schweiz","Unternehmen"],"articleSection":["MANAGEMENT"],"inLanguage":"fr-FR"},{"@type":"WebPage","@id":"https:\/\/www.organisator.ch\/management\/2024-08-21\/wechsel-in-der-geschaeftsfuehrung-der-quickmail-planzer-ag\/","url":"https:\/\/www.organisator.ch\/management\/2024-08-21\/wechsel-in-der-geschaeftsfuehrung-der-quickmail-planzer-ag\/","name":"Changement \u00e0 la direction de Quickmail Planzer AG - Organisateur","isPartOf":{"@id":"https:\/\/www.organisator.ch\/#website"},"primaryImageOfPage":{"@id":"https:\/\/www.organisator.ch\/management\/2024-08-21\/wechsel-in-der-geschaeftsfuehrung-der-quickmail-planzer-ag\/#primaryimage"},"image":{"@id":"https:\/\/www.organisator.ch\/management\/2024-08-21\/wechsel-in-der-geschaeftsfuehrung-der-quickmail-planzer-ag\/#primaryimage"},"thumbnailUrl":"https:\/\/www.organisator.ch\/wp-content\/uploads\/2024\/08\/Quickmail-Planzer_Bild1_ps_ps.jpg","datePublished":"2024-08-21T12:12:09+00:00","description":"Avec Claude Bruderer et Carsten Vossmeyer, Quickmail a pu s'assurer les services d'un duo tr\u00e8s bien implant\u00e9 sur le march\u00e9 suisse du courrier pour le remplacement de la direction.","breadcrumb":{"@id":"https:\/\/www.organisator.ch\/management\/2024-08-21\/wechsel-in-der-geschaeftsfuehrung-der-quickmail-planzer-ag\/#breadcrumb"},"inLanguage":"fr-FR","potentialAction":[{"@type":"ReadAction","target":["https:\/\/www.organisator.ch\/management\/2024-08-21\/wechsel-in-der-geschaeftsfuehrung-der-quickmail-planzer-ag\/"]}]},{"@type":"ImageObject","inLanguage":"fr-FR","@id":"https:\/\/www.organisator.ch\/management\/2024-08-21\/wechsel-in-der-geschaeftsfuehrung-der-quickmail-planzer-ag\/#primaryimage","url":"https:\/\/www.organisator.ch\/wp-content\/uploads\/2024\/08\/Quickmail-Planzer_Bild1_ps_ps.jpg","contentUrl":"https:\/\/www.organisator.ch\/wp-content\/uploads\/2024\/08\/Quickmail-Planzer_Bild1_ps_ps.jpg","width":680,"height":381,"caption":"Neue Gesch\u00e4ftsf\u00fchrer bei Quickmail: Claude Bruderer (links) und Carsten Vossmeyer (rechts). (Bild: www.quickmail-ag.ch)"},{"@type":"BreadcrumbList","@id":"https:\/\/www.organisator.ch\/management\/2024-08-21\/wechsel-in-der-geschaeftsfuehrung-der-quickmail-planzer-ag\/#breadcrumb","itemListElement":[{"@type":"ListItem","position":1,"name":"Home","item":"https:\/\/www.organisator.ch\/"},{"@type":"ListItem","position":2,"name":"Wechsel in der Gesch\u00e4ftsf\u00fchrung der Quickmail Planzer AG"}]},{"@type":"WebSite","@id":"https:\/\/www.organisator.ch\/#website","url":"https:\/\/www.organisator.ch\/","name":"Organisateur","description":"Comp\u00e9tence et comp\u00e9tence. Proches de la pratique. L'ORGANISATEUR pr\u00e9pare 10 num\u00e9ros par an sur les th\u00e8mes essentiels pour les dirigeants de PME.","publisher":{"@id":"https:\/\/www.organisator.ch\/#organization"},"potentialAction":[{"@type":"SearchAction","target":{"@type":"EntryPoint","urlTemplate":"https:\/\/www.organisator.ch\/?s={search_term_string}"},"query-input":{"@type":"PropertyValueSpecification","valueRequired":true,"valueName":"search_term_string"}}],"inLanguage":"fr-FR"},{"@type":"Organization","@id":"https:\/\/www.organisator.ch\/#organization","name":"Organisateur","url":"https:\/\/www.organisator.ch\/","logo":{"@type":"ImageObject","inLanguage":"fr-FR","@id":"https:\/\/www.organisator.ch\/#\/schema\/logo\/image\/","url":"https:\/\/www.organisator.ch\/wp-content\/uploads\/2022\/01\/Logo_Organisator_Website.png","contentUrl":"https:\/\/www.organisator.ch\/wp-content\/uploads\/2022\/01\/Logo_Organisator_Website.png","width":800,"height":77,"caption":"Organisator"},"image":{"@id":"https:\/\/www.organisator.ch\/#\/schema\/logo\/image\/"},"sameAs":["https:\/\/www.facebook.com\/OrganisatorFachmagazin","https:\/\/www.linkedin.com\/showcase\/organisator-das-magazin-fr-kmu","https:\/\/www.xing.com\/news\/pages\/organisator-ch-695","https:\/\/www.youtube.com\/channel\/UCGP2Sq0iWaZwT3BdIAQFYpw"]},{"@type":"Person","@id":"https:\/\/www.organisator.ch\/#\/schema\/person\/2e1314a2172123f874db408d8911d3f3","name":"Adelisa Kalajdzini","image":{"@type":"ImageObject","inLanguage":"fr-FR","@id":"https:\/\/secure.gravatar.com\/avatar\/09a397c22ac58cad6f160ee8306348599df9df58a8ede73696226897b9fa4b24?s=96&d=mm&r=g","url":"https:\/\/secure.gravatar.com\/avatar\/09a397c22ac58cad6f160ee8306348599df9df58a8ede73696226897b9fa4b24?s=96&d=mm&r=g","contentUrl":"https:\/\/secure.gravatar.com\/avatar\/09a397c22ac58cad6f160ee8306348599df9df58a8ede73696226897b9fa4b24?s=96&d=mm&r=g","caption":"Adelisa Kalajdzini"},"url":"https:\/\/www.organisator.ch\/fr\/author\/adelisa-kalajdzini\/"}]}},"_links":{"self":[{"href":"https:\/\/www.organisator.ch\/fr\/wp-json\/wp\/v2\/posts\/29177","targetHints":{"allow":["GET"]}}],"collection":[{"href":"https:\/\/www.organisator.ch\/fr\/wp-json\/wp\/v2\/posts"}],"about":[{"href":"https:\/\/www.organisator.ch\/fr\/wp-json\/wp\/v2\/types\/post"}],"author":[{"embeddable":true,"href":"https:\/\/www.organisator.ch\/fr\/wp-json\/wp\/v2\/users\/58"}],"replies":[{"embeddable":true,"href":"https:\/\/www.organisator.ch\/fr\/wp-json\/wp\/v2\/comments?post=29177"}],"version-history":[{"count":3,"href":"https:\/\/www.organisator.ch\/fr\/wp-json\/wp\/v2\/posts\/29177\/revisions"}],"predecessor-version":[{"id":29200,"href":"https:\/\/www.organisator.ch\/fr\/wp-json\/wp\/v2\/posts\/29177\/revisions\/29200"}],"wp:featuredmedia":[{"embeddable":true,"href":"https:\/\/www.organisator.ch\/fr\/wp-json\/wp\/v2\/media\/29179"}],"wp:attachment":[{"href":"https:\/\/www.organisator.ch\/fr\/wp-json\/wp\/v2\/media?parent=29177"}],"wp:term":[{"taxonomy":"category","embeddable":true,"href":"https:\/\/www.organisator.ch\/fr\/wp-json\/wp\/v2\/categories?post=29177"},{"taxonomy":"post_tag","embeddable":true,"href":"https:\/\/www.organisator.ch\/fr\/wp-json\/wp\/v2\/tags?post=29177"}],"curies":[{"name":"wp","href":"https:\/\/api.w.org\/{rel}","templated":true}]}}