{"id":29188,"date":"2024-08-22T13:03:34","date_gmt":"2024-08-22T11:03:34","guid":{"rendered":"https:\/\/www.organisator.ch\/?p=29188"},"modified":"2024-08-21T15:33:48","modified_gmt":"2024-08-21T13:33:48","slug":"schwaches-geschaeftsklima-im-kmu-mem-sektor","status":"publish","type":"post","link":"https:\/\/www.organisator.ch\/fr\/management\/2024-08-22\/schwaches-geschaeftsklima-im-kmu-mem-sektor\/","title":{"rendered":"Faible climat des affaires dans le secteur des PME-MEM"},"content":{"rendered":"<figure id=\"attachment_29190\" aria-describedby=\"caption-attachment-29190\" style=\"width: 680px\" class=\"wp-caption alignnone\"><img loading=\"lazy\" decoding=\"async\" class=\"size-full wp-image-29190\" src=\"https:\/\/www.organisator.ch\/wp-content\/uploads\/2024\/08\/DE_Geschaeftsklimaindex_Bild1_ps.jpg\" alt=\"\" width=\"680\" height=\"594\" srcset=\"https:\/\/www.organisator.ch\/wp-content\/uploads\/2024\/08\/DE_Geschaeftsklimaindex_Bild1_ps.jpg 680w, https:\/\/www.organisator.ch\/wp-content\/uploads\/2024\/08\/DE_Geschaeftsklimaindex_Bild1_ps-14x12.jpg 14w, https:\/\/www.organisator.ch\/wp-content\/uploads\/2024\/08\/DE_Geschaeftsklimaindex_Bild1_ps-343x300.jpg 343w, https:\/\/www.organisator.ch\/wp-content\/uploads\/2024\/08\/DE_Geschaeftsklimaindex_Bild1_ps-401x350.jpg 401w\" sizes=\"auto, (max-width: 680px) 100vw, 680px\" \/><figcaption id=\"caption-attachment-29190\" class=\"wp-caption-text\">(Image : www.swissmechanic.ch)<\/figcaption><\/figure>\n<p>L'ambiance dans la branche s'est encore d\u00e9grad\u00e9e cet \u00e9t\u00e9 : plus de deux tiers des entreprises interrog\u00e9es jugent le climat des affaires d\u00e9favorable. Cela fait d\u00e9j\u00e0 plus d'un an que l'indice du climat des affaires de Swissmechanic, le barom\u00e8tre des PME-MEM, se situe d\u00e9sormais dans la zone n\u00e9gative.\u00a0<\/p>\n<h3><strong>Le recul des commandes reste le plus grand d\u00e9fi pour les PME-MEM<\/strong><\/h3>\n<p>Le manque de commandes reste toujours le plus grand d\u00e9fi pour les entreprises interrog\u00e9es. En juillet 2024, environ la moiti\u00e9 d'entre elles font \u00e9tat d'une baisse des entr\u00e9es de commandes et du chiffre d'affaires par rapport \u00e0 la m\u00eame p\u00e9riode de l'ann\u00e9e pr\u00e9c\u00e9dente. Environ un quart des personnes interrog\u00e9es disposent d'une production assur\u00e9e d'un mois au maximum. Si, malgr\u00e9 un contexte \u00e9conomique difficile, les PME-MEM faisaient preuve jusqu'\u00e0 pr\u00e9sent d'un optimisme mod\u00e9r\u00e9 pour l'avenir, les perspectives pour le troisi\u00e8me trimestre 2024 ont d\u00e9sormais tendance \u00e0 \u00eatre pessimistes.\u00a0<\/p>\n<figure id=\"attachment_29189\" aria-describedby=\"caption-attachment-29189\" style=\"width: 680px\" class=\"wp-caption alignnone\"><img loading=\"lazy\" decoding=\"async\" class=\"size-full wp-image-29189\" src=\"https:\/\/www.organisator.ch\/wp-content\/uploads\/2024\/08\/DE_Herausforderungen_Bild2_ps.jpg\" alt=\"\" width=\"680\" height=\"652\" srcset=\"https:\/\/www.organisator.ch\/wp-content\/uploads\/2024\/08\/DE_Herausforderungen_Bild2_ps.jpg 680w, https:\/\/www.organisator.ch\/wp-content\/uploads\/2024\/08\/DE_Herausforderungen_Bild2_ps-13x12.jpg 13w, https:\/\/www.organisator.ch\/wp-content\/uploads\/2024\/08\/DE_Herausforderungen_Bild2_ps-313x300.jpg 313w, https:\/\/www.organisator.ch\/wp-content\/uploads\/2024\/08\/DE_Herausforderungen_Bild2_ps-365x350.jpg 365w\" sizes=\"auto, (max-width: 680px) 100vw, 680px\" \/><figcaption id=\"caption-attachment-29189\" class=\"wp-caption-text\">Le manque de commandes reste toujours le plus grand d\u00e9fi pour les entreprises interrog\u00e9es. (Image : www.swissmechanic.ch)<\/figcaption><\/figure>\n<h3><strong>La baisse des marges p\u00e8se sur l'entreprise : Les fonds propres s'amenuisent<\/strong><\/h3>\n<p>La baisse des marges est un autre probl\u00e8me. Depuis deux ans d\u00e9j\u00e0, plus d'une entreprise sur trois signale des baisses. Au deuxi\u00e8me trimestre 2024, les marges ont baiss\u00e9 pour plus de 40 % des entreprises par rapport au m\u00eame trimestre de l'ann\u00e9e pr\u00e9c\u00e9dente. Dans ce contexte, l'augmentation du nombre d'entreprises ayant d\u00e9clar\u00e9 ne pas investir en raison d'un manque de fonds propres est inqui\u00e9tante. Cette tendance indique que les premi\u00e8res PME-MEM, souvent financ\u00e9es par des fonds propres, commencent \u00e0 manquer de souffle.<\/p>\n<h3><strong>La baisse des taux directeurs pourrait stimuler la demande de biens d'\u00e9quipement<\/strong><\/h3>\n<p>Les experts s'attendent \u00e0 une nouvelle baisse du taux directeur d'ici la fin de l'ann\u00e9e, compte tenu de la baisse de l'inflation. En tant qu'association fa\u00eeti\u00e8re des PME-MEM, Swissmechanic accueillerait tr\u00e8s favorablement une telle adaptation. En effet, les deux baisses de taux d'int\u00e9r\u00eat qui ont d\u00e9j\u00e0 eu lieu en 2024 ont \u00e0 chaque fois donn\u00e9 des impulsions tr\u00e8s positives \u00e0 l'industrie MEM, fortement orient\u00e9e vers l'exportation.\u00a0<\/p>\n<h3><strong>Les conditions g\u00e9n\u00e9rales doivent \u00eatre am\u00e9lior\u00e9es<\/strong><\/h3>\n<p>En outre, compte tenu des d\u00e9fis structurels et de la situation g\u00e9opolitique volatile, Swissmechanic estime qu'il est du devoir des politiques d'am\u00e9liorer en priorit\u00e9 les conditions-cadres pour les PME suisses. Les PME sont l'\u00e9pine dorsale de l'\u00e9conomie suisse. La place industrielle suisse est un facteur essentiel de la prosp\u00e9rit\u00e9 du pays. Swissmechanic s'engage pour endiguer le flot de r\u00e9glementations. En effet, les processus bureaucratiques mobilisent actuellement 15% des ressources en personnel des PME-MEM, comme l'a montr\u00e9 le barom\u00e8tre \u00e9conomique Swissmechanic de mai 2024.\u00a0<\/p>\n<p><em>Source : <a href=\"http:\/\/www.swissmechanic.ch\">www.swissmechanic.ch<\/a><\/em><\/p>","protected":false},"excerpt":{"rendered":"<p>En juillet 2024, l'indice du climat des affaires PME-MEM de Swissmechanic reste dans la zone n\u00e9gative pour la cinqui\u00e8me fois cons\u00e9cutive. Une conjoncture industrielle faible continue de peser lourdement sur les PME. A cela s'ajoutent des d\u00e9fis structurels. Le manque de commandes, en particulier, met les PME-MEM \u00e0 rude \u00e9preuve. <\/p>","protected":false},"author":58,"featured_media":29190,"comment_status":"closed","ping_status":"closed","sticky":false,"template":"","format":"standard","meta":{"_acf_changed":false,"_yoast_wpseo_focuskw":"KMU-MEM","_yoast_wpseo_metadesc":"Der Swissmechanic KMU-MEM-Gesch\u00e4ftsklimaindex verharrt im Juli 2024 zum f\u00fcnften Mal in Folge im negativen Bereich.","articlekey":"","footnotes":""},"categories":[28],"tags":[4406,334,424,3414,492],"class_list":["post-29188","post","type-post","status-publish","format-standard","has-post-thumbnail","hentry","category-management","tag-kmu-mem","tag-management","tag-schweiz","tag-swissmechanic","tag-unternehmen"],"acf":[],"yoast_head":"<!-- This site is optimized with the Yoast SEO plugin v27.4 - https:\/\/yoast.com\/product\/yoast-seo-wordpress\/ -->\n<title>Schwaches Gesch\u00e4ftsklima im KMU-MEM-Sektor - Organisator<\/title>\n<meta name=\"description\" content=\"Der Swissmechanic KMU-MEM-Gesch\u00e4ftsklimaindex verharrt im Juli 2024 zum f\u00fcnften Mal in Folge im negativen Bereich.\" \/>\n<meta name=\"robots\" content=\"index, follow, max-snippet:-1, max-image-preview:large, max-video-preview:-1\" \/>\n<link rel=\"canonical\" href=\"https:\/\/www.organisator.ch\/fr\/gestion-2\/2024-08-22\/schwaches-geschaeftsklima-im-kmu-mem-sektor\/\" \/>\n<meta property=\"og:locale\" content=\"fr_FR\" \/>\n<meta property=\"og:type\" content=\"article\" \/>\n<meta property=\"og:title\" content=\"Schwaches Gesch\u00e4ftsklima im KMU-MEM-Sektor\" \/>\n<meta property=\"og:description\" content=\"Der Swissmechanic KMU-MEM-Gesch\u00e4ftsklimaindex verharrt im Juli 2024 zum f\u00fcnften Mal in Folge im negativen Bereich.\" \/>\n<meta property=\"og:url\" content=\"https:\/\/www.organisator.ch\/fr\/gestion-2\/2024-08-22\/schwaches-geschaeftsklima-im-kmu-mem-sektor\/\" \/>\n<meta property=\"og:site_name\" content=\"Organisator\" \/>\n<meta property=\"article:publisher\" content=\"https:\/\/www.facebook.com\/OrganisatorFachmagazin\" \/>\n<meta property=\"article:published_time\" content=\"2024-08-22T11:03:34+00:00\" \/>\n<meta property=\"og:image\" content=\"https:\/\/www.organisator.ch\/wp-content\/uploads\/2024\/08\/DE_Geschaeftsklimaindex_Bild1_ps.jpg\" \/>\n\t<meta property=\"og:image:width\" content=\"680\" \/>\n\t<meta property=\"og:image:height\" content=\"594\" \/>\n\t<meta property=\"og:image:type\" content=\"image\/jpeg\" \/>\n<meta name=\"author\" content=\"Adelisa Kalajdzini\" \/>\n<meta name=\"twitter:card\" content=\"summary_large_image\" \/>\n<meta name=\"twitter:title\" content=\"Schwaches Gesch\u00e4ftsklima im KMU-MEM-Sektor\" \/>\n<meta name=\"twitter:description\" content=\"Der #Swissmechanic #KMU-MEM-Gesch\u00e4ftsklimaindex verharrt im #Juli 2024 zum f\u00fcnften Mal in Folge im #negativen #Bereich.\" \/>\n<meta name=\"twitter:image\" content=\"https:\/\/www.organisator.ch\/wp-content\/uploads\/2024\/08\/DE_Geschaeftsklimaindex_Bild1_ps.jpg\" \/>\n<script type=\"application\/ld+json\" class=\"yoast-schema-graph\">{\"@context\":\"https:\\\/\\\/schema.org\",\"@graph\":[{\"@type\":\"Article\",\"@id\":\"https:\\\/\\\/www.organisator.ch\\\/management\\\/2024-08-22\\\/schwaches-geschaeftsklima-im-kmu-mem-sektor\\\/#article\",\"isPartOf\":{\"@id\":\"https:\\\/\\\/www.organisator.ch\\\/management\\\/2024-08-22\\\/schwaches-geschaeftsklima-im-kmu-mem-sektor\\\/\"},\"author\":{\"name\":\"Adelisa Kalajdzini\",\"@id\":\"https:\\\/\\\/www.organisator.ch\\\/#\\\/schema\\\/person\\\/2e1314a2172123f874db408d8911d3f3\"},\"headline\":\"Schwaches Gesch\u00e4ftsklima im KMU-MEM-Sektor\",\"datePublished\":\"2024-08-22T11:03:34+00:00\",\"mainEntityOfPage\":{\"@id\":\"https:\\\/\\\/www.organisator.ch\\\/management\\\/2024-08-22\\\/schwaches-geschaeftsklima-im-kmu-mem-sektor\\\/\"},\"wordCount\":398,\"publisher\":{\"@id\":\"https:\\\/\\\/www.organisator.ch\\\/#organization\"},\"image\":{\"@id\":\"https:\\\/\\\/www.organisator.ch\\\/management\\\/2024-08-22\\\/schwaches-geschaeftsklima-im-kmu-mem-sektor\\\/#primaryimage\"},\"thumbnailUrl\":\"https:\\\/\\\/www.organisator.ch\\\/wp-content\\\/uploads\\\/2024\\\/08\\\/DE_Geschaeftsklimaindex_Bild1_ps.jpg\",\"keywords\":[\"KMU-MEM\",\"Management\",\"Schweiz\",\"Swissmechanic\",\"Unternehmen\"],\"articleSection\":[\"MANAGEMENT\"],\"inLanguage\":\"fr-FR\"},{\"@type\":\"WebPage\",\"@id\":\"https:\\\/\\\/www.organisator.ch\\\/management\\\/2024-08-22\\\/schwaches-geschaeftsklima-im-kmu-mem-sektor\\\/\",\"url\":\"https:\\\/\\\/www.organisator.ch\\\/management\\\/2024-08-22\\\/schwaches-geschaeftsklima-im-kmu-mem-sektor\\\/\",\"name\":\"Schwaches Gesch\u00e4ftsklima im KMU-MEM-Sektor - Organisator\",\"isPartOf\":{\"@id\":\"https:\\\/\\\/www.organisator.ch\\\/#website\"},\"primaryImageOfPage\":{\"@id\":\"https:\\\/\\\/www.organisator.ch\\\/management\\\/2024-08-22\\\/schwaches-geschaeftsklima-im-kmu-mem-sektor\\\/#primaryimage\"},\"image\":{\"@id\":\"https:\\\/\\\/www.organisator.ch\\\/management\\\/2024-08-22\\\/schwaches-geschaeftsklima-im-kmu-mem-sektor\\\/#primaryimage\"},\"thumbnailUrl\":\"https:\\\/\\\/www.organisator.ch\\\/wp-content\\\/uploads\\\/2024\\\/08\\\/DE_Geschaeftsklimaindex_Bild1_ps.jpg\",\"datePublished\":\"2024-08-22T11:03:34+00:00\",\"description\":\"Der Swissmechanic KMU-MEM-Gesch\u00e4ftsklimaindex verharrt im Juli 2024 zum f\u00fcnften Mal in Folge im negativen Bereich.\",\"breadcrumb\":{\"@id\":\"https:\\\/\\\/www.organisator.ch\\\/management\\\/2024-08-22\\\/schwaches-geschaeftsklima-im-kmu-mem-sektor\\\/#breadcrumb\"},\"inLanguage\":\"fr-FR\",\"potentialAction\":[{\"@type\":\"ReadAction\",\"target\":[\"https:\\\/\\\/www.organisator.ch\\\/management\\\/2024-08-22\\\/schwaches-geschaeftsklima-im-kmu-mem-sektor\\\/\"]}]},{\"@type\":\"ImageObject\",\"inLanguage\":\"fr-FR\",\"@id\":\"https:\\\/\\\/www.organisator.ch\\\/management\\\/2024-08-22\\\/schwaches-geschaeftsklima-im-kmu-mem-sektor\\\/#primaryimage\",\"url\":\"https:\\\/\\\/www.organisator.ch\\\/wp-content\\\/uploads\\\/2024\\\/08\\\/DE_Geschaeftsklimaindex_Bild1_ps.jpg\",\"contentUrl\":\"https:\\\/\\\/www.organisator.ch\\\/wp-content\\\/uploads\\\/2024\\\/08\\\/DE_Geschaeftsklimaindex_Bild1_ps.jpg\",\"width\":680,\"height\":594,\"caption\":\"(Bild: www.swissmechanic.ch)\"},{\"@type\":\"BreadcrumbList\",\"@id\":\"https:\\\/\\\/www.organisator.ch\\\/management\\\/2024-08-22\\\/schwaches-geschaeftsklima-im-kmu-mem-sektor\\\/#breadcrumb\",\"itemListElement\":[{\"@type\":\"ListItem\",\"position\":1,\"name\":\"Home\",\"item\":\"https:\\\/\\\/www.organisator.ch\\\/\"},{\"@type\":\"ListItem\",\"position\":2,\"name\":\"Schwaches Gesch\u00e4ftsklima im KMU-MEM-Sektor\"}]},{\"@type\":\"WebSite\",\"@id\":\"https:\\\/\\\/www.organisator.ch\\\/#website\",\"url\":\"https:\\\/\\\/www.organisator.ch\\\/\",\"name\":\"Organisator\",\"description\":\"Kompetent. Praxisnah. Der ORGANISATOR bereitet in 10 Ausgaben pro Jahr die wesentlichen Themen f\u00fcr F\u00fchrungskr\u00e4fte von KMU auf.\",\"publisher\":{\"@id\":\"https:\\\/\\\/www.organisator.ch\\\/#organization\"},\"potentialAction\":[{\"@type\":\"SearchAction\",\"target\":{\"@type\":\"EntryPoint\",\"urlTemplate\":\"https:\\\/\\\/www.organisator.ch\\\/?s={search_term_string}\"},\"query-input\":{\"@type\":\"PropertyValueSpecification\",\"valueRequired\":true,\"valueName\":\"search_term_string\"}}],\"inLanguage\":\"fr-FR\"},{\"@type\":\"Organization\",\"@id\":\"https:\\\/\\\/www.organisator.ch\\\/#organization\",\"name\":\"Organisator\",\"url\":\"https:\\\/\\\/www.organisator.ch\\\/\",\"logo\":{\"@type\":\"ImageObject\",\"inLanguage\":\"fr-FR\",\"@id\":\"https:\\\/\\\/www.organisator.ch\\\/#\\\/schema\\\/logo\\\/image\\\/\",\"url\":\"https:\\\/\\\/www.organisator.ch\\\/wp-content\\\/uploads\\\/2022\\\/01\\\/Logo_Organisator_Website.png\",\"contentUrl\":\"https:\\\/\\\/www.organisator.ch\\\/wp-content\\\/uploads\\\/2022\\\/01\\\/Logo_Organisator_Website.png\",\"width\":800,\"height\":77,\"caption\":\"Organisator\"},\"image\":{\"@id\":\"https:\\\/\\\/www.organisator.ch\\\/#\\\/schema\\\/logo\\\/image\\\/\"},\"sameAs\":[\"https:\\\/\\\/www.facebook.com\\\/OrganisatorFachmagazin\",\"https:\\\/\\\/www.linkedin.com\\\/showcase\\\/organisator-das-magazin-fr-kmu\",\"https:\\\/\\\/www.xing.com\\\/news\\\/pages\\\/organisator-ch-695\",\"https:\\\/\\\/www.youtube.com\\\/channel\\\/UCGP2Sq0iWaZwT3BdIAQFYpw\"]},{\"@type\":\"Person\",\"@id\":\"https:\\\/\\\/www.organisator.ch\\\/#\\\/schema\\\/person\\\/2e1314a2172123f874db408d8911d3f3\",\"name\":\"Adelisa Kalajdzini\",\"image\":{\"@type\":\"ImageObject\",\"inLanguage\":\"fr-FR\",\"@id\":\"https:\\\/\\\/secure.gravatar.com\\\/avatar\\\/09a397c22ac58cad6f160ee8306348599df9df58a8ede73696226897b9fa4b24?s=96&d=mm&r=g\",\"url\":\"https:\\\/\\\/secure.gravatar.com\\\/avatar\\\/09a397c22ac58cad6f160ee8306348599df9df58a8ede73696226897b9fa4b24?s=96&d=mm&r=g\",\"contentUrl\":\"https:\\\/\\\/secure.gravatar.com\\\/avatar\\\/09a397c22ac58cad6f160ee8306348599df9df58a8ede73696226897b9fa4b24?s=96&d=mm&r=g\",\"caption\":\"Adelisa Kalajdzini\"},\"url\":\"https:\\\/\\\/www.organisator.ch\\\/fr\\\/author\\\/adelisa-kalajdzini\\\/\"}]}<\/script>\n<!-- \/ Yoast SEO plugin. -->","yoast_head_json":{"title":"Faible climat des affaires dans le secteur PME-MEM - Organisateur","description":"En juillet 2024, l'indice du climat des affaires PME-MEM de Swissmechanic reste dans la zone n\u00e9gative pour la cinqui\u00e8me fois cons\u00e9cutive.","robots":{"index":"index","follow":"follow","max-snippet":"max-snippet:-1","max-image-preview":"max-image-preview:large","max-video-preview":"max-video-preview:-1"},"canonical":"https:\/\/www.organisator.ch\/fr\/gestion-2\/2024-08-22\/schwaches-geschaeftsklima-im-kmu-mem-sektor\/","og_locale":"fr_FR","og_type":"article","og_title":"Schwaches Gesch\u00e4ftsklima im KMU-MEM-Sektor","og_description":"Der Swissmechanic KMU-MEM-Gesch\u00e4ftsklimaindex verharrt im Juli 2024 zum f\u00fcnften Mal in Folge im negativen Bereich.","og_url":"https:\/\/www.organisator.ch\/fr\/gestion-2\/2024-08-22\/schwaches-geschaeftsklima-im-kmu-mem-sektor\/","og_site_name":"Organisator","article_publisher":"https:\/\/www.facebook.com\/OrganisatorFachmagazin","article_published_time":"2024-08-22T11:03:34+00:00","og_image":[{"width":680,"height":594,"url":"https:\/\/www.organisator.ch\/wp-content\/uploads\/2024\/08\/DE_Geschaeftsklimaindex_Bild1_ps.jpg","type":"image\/jpeg"}],"author":"Adelisa Kalajdzini","twitter_card":"summary_large_image","twitter_title":"Schwaches Gesch\u00e4ftsklima im KMU-MEM-Sektor","twitter_description":"Der #Swissmechanic #KMU-MEM-Gesch\u00e4ftsklimaindex verharrt im #Juli 2024 zum f\u00fcnften Mal in Folge im #negativen #Bereich.","twitter_image":"https:\/\/www.organisator.ch\/wp-content\/uploads\/2024\/08\/DE_Geschaeftsklimaindex_Bild1_ps.jpg","schema":{"@context":"https:\/\/schema.org","@graph":[{"@type":"Article","@id":"https:\/\/www.organisator.ch\/management\/2024-08-22\/schwaches-geschaeftsklima-im-kmu-mem-sektor\/#article","isPartOf":{"@id":"https:\/\/www.organisator.ch\/management\/2024-08-22\/schwaches-geschaeftsklima-im-kmu-mem-sektor\/"},"author":{"name":"Adelisa Kalajdzini","@id":"https:\/\/www.organisator.ch\/#\/schema\/person\/2e1314a2172123f874db408d8911d3f3"},"headline":"Schwaches Gesch\u00e4ftsklima im KMU-MEM-Sektor","datePublished":"2024-08-22T11:03:34+00:00","mainEntityOfPage":{"@id":"https:\/\/www.organisator.ch\/management\/2024-08-22\/schwaches-geschaeftsklima-im-kmu-mem-sektor\/"},"wordCount":398,"publisher":{"@id":"https:\/\/www.organisator.ch\/#organization"},"image":{"@id":"https:\/\/www.organisator.ch\/management\/2024-08-22\/schwaches-geschaeftsklima-im-kmu-mem-sektor\/#primaryimage"},"thumbnailUrl":"https:\/\/www.organisator.ch\/wp-content\/uploads\/2024\/08\/DE_Geschaeftsklimaindex_Bild1_ps.jpg","keywords":["KMU-MEM","Management","Schweiz","Swissmechanic","Unternehmen"],"articleSection":["MANAGEMENT"],"inLanguage":"fr-FR"},{"@type":"WebPage","@id":"https:\/\/www.organisator.ch\/management\/2024-08-22\/schwaches-geschaeftsklima-im-kmu-mem-sektor\/","url":"https:\/\/www.organisator.ch\/management\/2024-08-22\/schwaches-geschaeftsklima-im-kmu-mem-sektor\/","name":"Faible climat des affaires dans le secteur PME-MEM - Organisateur","isPartOf":{"@id":"https:\/\/www.organisator.ch\/#website"},"primaryImageOfPage":{"@id":"https:\/\/www.organisator.ch\/management\/2024-08-22\/schwaches-geschaeftsklima-im-kmu-mem-sektor\/#primaryimage"},"image":{"@id":"https:\/\/www.organisator.ch\/management\/2024-08-22\/schwaches-geschaeftsklima-im-kmu-mem-sektor\/#primaryimage"},"thumbnailUrl":"https:\/\/www.organisator.ch\/wp-content\/uploads\/2024\/08\/DE_Geschaeftsklimaindex_Bild1_ps.jpg","datePublished":"2024-08-22T11:03:34+00:00","description":"En juillet 2024, l'indice du climat des affaires PME-MEM de Swissmechanic reste dans la zone n\u00e9gative pour la cinqui\u00e8me fois cons\u00e9cutive.","breadcrumb":{"@id":"https:\/\/www.organisator.ch\/management\/2024-08-22\/schwaches-geschaeftsklima-im-kmu-mem-sektor\/#breadcrumb"},"inLanguage":"fr-FR","potentialAction":[{"@type":"ReadAction","target":["https:\/\/www.organisator.ch\/management\/2024-08-22\/schwaches-geschaeftsklima-im-kmu-mem-sektor\/"]}]},{"@type":"ImageObject","inLanguage":"fr-FR","@id":"https:\/\/www.organisator.ch\/management\/2024-08-22\/schwaches-geschaeftsklima-im-kmu-mem-sektor\/#primaryimage","url":"https:\/\/www.organisator.ch\/wp-content\/uploads\/2024\/08\/DE_Geschaeftsklimaindex_Bild1_ps.jpg","contentUrl":"https:\/\/www.organisator.ch\/wp-content\/uploads\/2024\/08\/DE_Geschaeftsklimaindex_Bild1_ps.jpg","width":680,"height":594,"caption":"(Bild: www.swissmechanic.ch)"},{"@type":"BreadcrumbList","@id":"https:\/\/www.organisator.ch\/management\/2024-08-22\/schwaches-geschaeftsklima-im-kmu-mem-sektor\/#breadcrumb","itemListElement":[{"@type":"ListItem","position":1,"name":"Home","item":"https:\/\/www.organisator.ch\/"},{"@type":"ListItem","position":2,"name":"Schwaches Gesch\u00e4ftsklima im KMU-MEM-Sektor"}]},{"@type":"WebSite","@id":"https:\/\/www.organisator.ch\/#website","url":"https:\/\/www.organisator.ch\/","name":"Organisateur","description":"Comp\u00e9tence et comp\u00e9tence. Proches de la pratique. L'ORGANISATEUR pr\u00e9pare 10 num\u00e9ros par an sur les th\u00e8mes essentiels pour les dirigeants de PME.","publisher":{"@id":"https:\/\/www.organisator.ch\/#organization"},"potentialAction":[{"@type":"SearchAction","target":{"@type":"EntryPoint","urlTemplate":"https:\/\/www.organisator.ch\/?s={search_term_string}"},"query-input":{"@type":"PropertyValueSpecification","valueRequired":true,"valueName":"search_term_string"}}],"inLanguage":"fr-FR"},{"@type":"Organization","@id":"https:\/\/www.organisator.ch\/#organization","name":"Organisateur","url":"https:\/\/www.organisator.ch\/","logo":{"@type":"ImageObject","inLanguage":"fr-FR","@id":"https:\/\/www.organisator.ch\/#\/schema\/logo\/image\/","url":"https:\/\/www.organisator.ch\/wp-content\/uploads\/2022\/01\/Logo_Organisator_Website.png","contentUrl":"https:\/\/www.organisator.ch\/wp-content\/uploads\/2022\/01\/Logo_Organisator_Website.png","width":800,"height":77,"caption":"Organisator"},"image":{"@id":"https:\/\/www.organisator.ch\/#\/schema\/logo\/image\/"},"sameAs":["https:\/\/www.facebook.com\/OrganisatorFachmagazin","https:\/\/www.linkedin.com\/showcase\/organisator-das-magazin-fr-kmu","https:\/\/www.xing.com\/news\/pages\/organisator-ch-695","https:\/\/www.youtube.com\/channel\/UCGP2Sq0iWaZwT3BdIAQFYpw"]},{"@type":"Person","@id":"https:\/\/www.organisator.ch\/#\/schema\/person\/2e1314a2172123f874db408d8911d3f3","name":"Adelisa Kalajdzini","image":{"@type":"ImageObject","inLanguage":"fr-FR","@id":"https:\/\/secure.gravatar.com\/avatar\/09a397c22ac58cad6f160ee8306348599df9df58a8ede73696226897b9fa4b24?s=96&d=mm&r=g","url":"https:\/\/secure.gravatar.com\/avatar\/09a397c22ac58cad6f160ee8306348599df9df58a8ede73696226897b9fa4b24?s=96&d=mm&r=g","contentUrl":"https:\/\/secure.gravatar.com\/avatar\/09a397c22ac58cad6f160ee8306348599df9df58a8ede73696226897b9fa4b24?s=96&d=mm&r=g","caption":"Adelisa Kalajdzini"},"url":"https:\/\/www.organisator.ch\/fr\/author\/adelisa-kalajdzini\/"}]}},"_links":{"self":[{"href":"https:\/\/www.organisator.ch\/fr\/wp-json\/wp\/v2\/posts\/29188","targetHints":{"allow":["GET"]}}],"collection":[{"href":"https:\/\/www.organisator.ch\/fr\/wp-json\/wp\/v2\/posts"}],"about":[{"href":"https:\/\/www.organisator.ch\/fr\/wp-json\/wp\/v2\/types\/post"}],"author":[{"embeddable":true,"href":"https:\/\/www.organisator.ch\/fr\/wp-json\/wp\/v2\/users\/58"}],"replies":[{"embeddable":true,"href":"https:\/\/www.organisator.ch\/fr\/wp-json\/wp\/v2\/comments?post=29188"}],"version-history":[{"count":4,"href":"https:\/\/www.organisator.ch\/fr\/wp-json\/wp\/v2\/posts\/29188\/revisions"}],"predecessor-version":[{"id":29258,"href":"https:\/\/www.organisator.ch\/fr\/wp-json\/wp\/v2\/posts\/29188\/revisions\/29258"}],"wp:featuredmedia":[{"embeddable":true,"href":"https:\/\/www.organisator.ch\/fr\/wp-json\/wp\/v2\/media\/29190"}],"wp:attachment":[{"href":"https:\/\/www.organisator.ch\/fr\/wp-json\/wp\/v2\/media?parent=29188"}],"wp:term":[{"taxonomy":"category","embeddable":true,"href":"https:\/\/www.organisator.ch\/fr\/wp-json\/wp\/v2\/categories?post=29188"},{"taxonomy":"post_tag","embeddable":true,"href":"https:\/\/www.organisator.ch\/fr\/wp-json\/wp\/v2\/tags?post=29188"}],"curies":[{"name":"wp","href":"https:\/\/api.w.org\/{rel}","templated":true}]}}