{"id":29214,"date":"2024-08-22T08:45:24","date_gmt":"2024-08-22T06:45:24","guid":{"rendered":"https:\/\/www.markt-kom.com\/?p=221895"},"modified":"2024-11-08T12:35:40","modified_gmt":"2024-11-08T11:35:40","slug":"zuercher-gemeinderat-lehnt-initiative-tschuess-genderstern-ab","status":"publish","type":"post","link":"https:\/\/www.organisator.ch\/fr\/marketing\/2024-08-22\/zuercher-gemeinderat-lehnt-initiative-tschuess-genderstern-ab\/","title":{"rendered":"Le conseil municipal de Zurich rejette l'initiative \"Au revoir l'\u00e9toile du genre"},"content":{"rendered":"<figure id=\"attachment_221896\" class=\"wp-caption aligncenter\" style=\"width: 1400px\" aria-describedby=\"caption-attachment-221896\"><img class=\"aligncenter wp-image-221896 size-full\" src=\"https:\/\/www.markt-kom.com\/wp-content\/uploads\/2024\/08\/Tschuess-Genderstern.jpg\" alt=\"Initiative de Zurich\" width=\"1400\" height=\"1050\" \/>\r\n<figcaption id=\"caption-attachment-221896\" class=\"wp-caption-text\">L'\u00e9toile du genre est entr\u00e9e dans les m\u0153urs, le conseil municipal de Zurich et une majorit\u00e9 du conseil communal en sont convaincus - ils rejettent l'initiative \"Au revoir l'\u00e9toile du genre\". (Image : Keystone\/Petra Orosz)<\/figcaption>\r\n<\/figure>\r\n<p>L'initiative issue des rangs de l'UDC demande concr\u00e8tement une modification du r\u00e8glement communal : les autorit\u00e9s municipales doivent utiliser un langage clair, compr\u00e9hensible et lisible et renoncer \u00e0 l'utilisation de caract\u00e8res sp\u00e9ciaux \u00e0 l'int\u00e9rieur de certains mots.<\/p>\r\n<p>La ville de Zurich avait mis \u00e0 jour en 2022 son r\u00e8glement sur l'\u00e9galit\u00e9 linguistique, en vigueur depuis 1994. L'utilisation du \"Binnen-I\" dans le terme \"MitarbeiterInnen\", auparavant autoris\u00e9, a \u00e9t\u00e9 supprim\u00e9e. En revanche, il est d\u00e9sormais possible d'utiliser, si n\u00e9cessaire, soit \"Mitarbeitende\", soit \"Mitarbeiter*innen\".<\/p>\r\n<p><strong>\"Qu'est-ce qu'un paysan ?\"<\/strong><\/p>\r\n<p>Les textes avec l'\u00e9toile de genre sont difficilement compr\u00e9hensibles pour les personnes issues de l'immigration qui apprennent l'allemand comme langue \u00e9trang\u00e8re, critique maintenant le comit\u00e9 d'initiative. De plus, cette \u00e9toile cr\u00e9e \u00e9galement des formes erron\u00e9es, a d\u00e9clar\u00e9 Stefan Urech de l'UDC lors du d\u00e9bat au Conseil. Il a fait r\u00e9f\u00e9rence \u00e0 des termes tels que \"paysans*\" et \"m\u00e9decins*\". Et il a demand\u00e9 : \"Qu'est-ce qu'un paysan ? Qu'est-ce qu'un m\u00e9decin ?\"<\/p>\r\n<p>Le PRD a \u00e9galement \u00e9mis des r\u00e9serves : Ce diktat linguistique conduit \u00e0 un langage incompr\u00e9hensible et peu clair et donc \u00e0 des malentendus, a d\u00e9clar\u00e9 Yasmine Bourgeois. De plus, un ast\u00e9risque ne rend pas le monde meilleur - ce qui compte, c'est l'attitude et les valeurs.<\/p>\r\n<p>Les radicaux ne se sont toutefois pas rang\u00e9s derri\u00e8re l'initiative \"Au revoir l'\u00e9toile du genre\" avec une conviction totale : \"Nous ne voulons ni une interdiction ni une contrainte\". Une proposition dans ce sens n'a cependant pas eu de chance au Conseil, raison pour laquelle le PRD a finalement soutenu l'initiative de l'UDC.<\/p>\r\n<h3><strong>A peine n\u00e9gatif<\/strong><strong>R\u00e9actions actives<\/strong><\/h3>\r\n<p>Le conseil municipal de Zurich s'est clairement prononc\u00e9 contre l'initiative. Il a soulign\u00e9 les \"difficult\u00e9s d'application relatives lors de la mise en \u0153uvre\". En effet, selon lui, les caract\u00e8res sp\u00e9ciaux qui doivent \u00eatre interdits \u00e0 l'int\u00e9rieur d'un mot ne sont pas seulement l'\u00e9toile (de genre), mais aussi les traits d'union ou de s\u00e9paration ou les diacritiques comme \"\u00ef\", \"\u00e7\" ou \"\u017e\".<\/p>\r\n<p>Dans sa proposition, il ajoute que la population et les collaborateurs n'ont fait que peu de remarques n\u00e9gatives sur le r\u00e8glement r\u00e9vis\u00e9. Et il n'y a pas de cas connu o\u00f9 un texte n'aurait pas \u00e9t\u00e9 compris correctement \u00e0 cause d'un \"*\".<\/p>\r\n<p>En autorisant sciemment l'\u00e9toile de genre, l'administration montre \"qu'elle prend en compte et respecte les personnes non-binaires et trans\", a d\u00e9clar\u00e9 Corine Mauch, maire socialiste de la ville. Le r\u00e8glement ne s'applique qu'\u00e0 la communication des autorit\u00e9s, a-t-elle ajout\u00e9. La population zurichoise, les entreprises ou la langue parl\u00e9e ne sont pas concern\u00e9es, a-t-elle ajout\u00e9.<\/p>\r\n<h3><strong>Souvenirs de \"Mademoiselle<\/strong><\/h3>\r\n<p>La majorit\u00e9 du conseil municipal \u00e9tait du m\u00eame avis que le conseil municipal. La langue doit inclure tout le monde, a d\u00e9clar\u00e9 Urs Riklin des Verts. Une langue qui inclut tout le monde ne fait de mal \u00e0 personne, a compl\u00e9t\u00e9 Anna-B\u00e9atrice Schmaltz, \u00e9galement des Verts.<\/p>\r\n<p>M\u00eame le PVL, avec sa \"vision progressiste de la soci\u00e9t\u00e9\", n'a pas compris qu'un combat culturel soit men\u00e9 autour de la petite \u00e9toile, comme l'a dit Ann-Catherine Nabholz. La langue \u00e9volue, le mot \"mademoiselle\" a pu \u00eatre surmont\u00e9 sans probl\u00e8me.<\/p>\r\n<p>Corine Mauch a \u00e9galement constat\u00e9 que \"les signes typographiques en faveur d'une langue trans-inclusive font partie du quotidien depuis longtemps\". Elle a cit\u00e9 les annonces d'emploi et la publicit\u00e9. \"La langue est quelque chose de vivant, elle \u00e9volue avec notre soci\u00e9t\u00e9\".<\/p>\r\n<p>Apr\u00e8s un d\u00e9bat d'environ une heure et demie, les groupes parlementaires du PLR, de l'UDC et du centre\/PEV se sont prononc\u00e9s en faveur de l'initiative lors du vote final. Ceux du PS, des Verts, des Verts lib\u00e9raux et de l'AL l'ont rejet\u00e9e. La date du vote n'est pas encore connue. <em>(SDA\/swi)<\/em><\/p>","protected":false},"excerpt":{"rendered":"<p>L'initiative populaire \"Au revoir l'\u00e9toile du genre\" n'a pas trouv\u00e9 suffisamment de soutien mercredi soir au conseil municipal de Zurich : L'organe de 125 membres recommande aux \u00e9lecteurs de la rejeter dans les urnes par 68 voix contre 44.<\/p>","protected":false},"author":8,"featured_media":0,"comment_status":"closed","ping_status":"closed","sticky":false,"template":"","format":"standard","meta":{"_acf_changed":false,"_yoast_wpseo_focuskw":"Initiative Z\u00fcrich","_yoast_wpseo_metadesc":"Z\u00fcrich lehnt Initiative \u00abTsch\u00fcss Genderstern\u00bb ab. Debatte \u00fcber Genderstern und sprachliche Gleichstellung.","articlekey":"","footnotes":""},"categories":[29],"tags":[4412,4343],"class_list":["post-29214","post","type-post","status-publish","format-standard","hentry","category-marketing","tag-gendergerechte-sprache","tag-markom"],"acf":[],"yoast_head":"<!-- This site is optimized with the Yoast SEO plugin v27.5 - https:\/\/yoast.com\/product\/yoast-seo-wordpress\/ -->\n<title>Z\u00fcrcher Gemeinderat lehnt Initiative \u00abTsch\u00fcss Genderstern\u00bb ab - Organisator<\/title>\n<meta name=\"description\" content=\"Z\u00fcrich lehnt Initiative \u00abTsch\u00fcss Genderstern\u00bb ab. Debatte \u00fcber Genderstern und sprachliche Gleichstellung.\" \/>\n<meta name=\"robots\" content=\"index, follow, max-snippet:-1, max-image-preview:large, max-video-preview:-1\" \/>\n<link rel=\"canonical\" href=\"https:\/\/www.organisator.ch\/fr\/marketing\/2024-08-22\/zuercher-gemeinderat-lehnt-initiative-tschuess-genderstern-ab\/\" \/>\n<meta property=\"og:locale\" content=\"fr_FR\" \/>\n<meta property=\"og:type\" content=\"article\" \/>\n<meta property=\"og:title\" content=\"Z\u00fcrcher Gemeinderat lehnt Initiative \u00abTsch\u00fcss Genderstern\u00bb ab - Organisator\" \/>\n<meta property=\"og:description\" content=\"Z\u00fcrich lehnt Initiative \u00abTsch\u00fcss Genderstern\u00bb ab. Debatte \u00fcber Genderstern und sprachliche Gleichstellung.\" \/>\n<meta property=\"og:url\" content=\"https:\/\/www.organisator.ch\/fr\/marketing\/2024-08-22\/zuercher-gemeinderat-lehnt-initiative-tschuess-genderstern-ab\/\" \/>\n<meta property=\"og:site_name\" content=\"Organisator\" \/>\n<meta property=\"article:publisher\" content=\"https:\/\/www.facebook.com\/OrganisatorFachmagazin\" \/>\n<meta property=\"article:published_time\" content=\"2024-08-22T06:45:24+00:00\" \/>\n<meta property=\"article:modified_time\" content=\"2024-11-08T11:35:40+00:00\" \/>\n<meta property=\"og:image\" content=\"https:\/\/www.markt-kom.com\/wp-content\/uploads\/2024\/08\/Tschuess-Genderstern.jpg\" \/>\n<meta name=\"author\" content=\"galledia\" \/>\n<meta name=\"twitter:card\" content=\"summary_large_image\" \/>\n<meta name=\"twitter:creator\" content=\"@admin\" \/>\n<script type=\"application\/ld+json\" class=\"yoast-schema-graph\">{\"@context\":\"https:\\\/\\\/schema.org\",\"@graph\":[{\"@type\":\"Article\",\"@id\":\"https:\\\/\\\/www.organisator.ch\\\/marketing\\\/2024-08-22\\\/zuercher-gemeinderat-lehnt-initiative-tschuess-genderstern-ab\\\/#article\",\"isPartOf\":{\"@id\":\"https:\\\/\\\/www.organisator.ch\\\/marketing\\\/2024-08-22\\\/zuercher-gemeinderat-lehnt-initiative-tschuess-genderstern-ab\\\/\"},\"author\":{\"name\":\"galledia\",\"@id\":\"https:\\\/\\\/www.organisator.ch\\\/#\\\/schema\\\/person\\\/4e51799071cd2dd1232ac003643ef5f0\"},\"headline\":\"Z\u00fcrcher Gemeinderat lehnt Initiative \u00abTsch\u00fcss Genderstern\u00bb ab\",\"datePublished\":\"2024-08-22T06:45:24+00:00\",\"dateModified\":\"2024-11-08T11:35:40+00:00\",\"mainEntityOfPage\":{\"@id\":\"https:\\\/\\\/www.organisator.ch\\\/marketing\\\/2024-08-22\\\/zuercher-gemeinderat-lehnt-initiative-tschuess-genderstern-ab\\\/\"},\"wordCount\":563,\"publisher\":{\"@id\":\"https:\\\/\\\/www.organisator.ch\\\/#organization\"},\"image\":{\"@id\":\"https:\\\/\\\/www.organisator.ch\\\/marketing\\\/2024-08-22\\\/zuercher-gemeinderat-lehnt-initiative-tschuess-genderstern-ab\\\/#primaryimage\"},\"thumbnailUrl\":\"https:\\\/\\\/www.markt-kom.com\\\/wp-content\\\/uploads\\\/2024\\\/08\\\/Tschuess-Genderstern.jpg\",\"keywords\":[\"Gendergerechte Sprache\",\"MarKom\"],\"articleSection\":[\"MARKETING\"],\"inLanguage\":\"fr-FR\"},{\"@type\":\"WebPage\",\"@id\":\"https:\\\/\\\/www.organisator.ch\\\/marketing\\\/2024-08-22\\\/zuercher-gemeinderat-lehnt-initiative-tschuess-genderstern-ab\\\/\",\"url\":\"https:\\\/\\\/www.organisator.ch\\\/marketing\\\/2024-08-22\\\/zuercher-gemeinderat-lehnt-initiative-tschuess-genderstern-ab\\\/\",\"name\":\"Z\u00fcrcher Gemeinderat lehnt Initiative \u00abTsch\u00fcss Genderstern\u00bb ab - Organisator\",\"isPartOf\":{\"@id\":\"https:\\\/\\\/www.organisator.ch\\\/#website\"},\"primaryImageOfPage\":{\"@id\":\"https:\\\/\\\/www.organisator.ch\\\/marketing\\\/2024-08-22\\\/zuercher-gemeinderat-lehnt-initiative-tschuess-genderstern-ab\\\/#primaryimage\"},\"image\":{\"@id\":\"https:\\\/\\\/www.organisator.ch\\\/marketing\\\/2024-08-22\\\/zuercher-gemeinderat-lehnt-initiative-tschuess-genderstern-ab\\\/#primaryimage\"},\"thumbnailUrl\":\"https:\\\/\\\/www.markt-kom.com\\\/wp-content\\\/uploads\\\/2024\\\/08\\\/Tschuess-Genderstern.jpg\",\"datePublished\":\"2024-08-22T06:45:24+00:00\",\"dateModified\":\"2024-11-08T11:35:40+00:00\",\"description\":\"Z\u00fcrich lehnt Initiative \u00abTsch\u00fcss Genderstern\u00bb ab. Debatte \u00fcber Genderstern und sprachliche Gleichstellung.\",\"breadcrumb\":{\"@id\":\"https:\\\/\\\/www.organisator.ch\\\/marketing\\\/2024-08-22\\\/zuercher-gemeinderat-lehnt-initiative-tschuess-genderstern-ab\\\/#breadcrumb\"},\"inLanguage\":\"fr-FR\",\"potentialAction\":[{\"@type\":\"ReadAction\",\"target\":[\"https:\\\/\\\/www.organisator.ch\\\/marketing\\\/2024-08-22\\\/zuercher-gemeinderat-lehnt-initiative-tschuess-genderstern-ab\\\/\"]}]},{\"@type\":\"ImageObject\",\"inLanguage\":\"fr-FR\",\"@id\":\"https:\\\/\\\/www.organisator.ch\\\/marketing\\\/2024-08-22\\\/zuercher-gemeinderat-lehnt-initiative-tschuess-genderstern-ab\\\/#primaryimage\",\"url\":\"https:\\\/\\\/www.markt-kom.com\\\/wp-content\\\/uploads\\\/2024\\\/08\\\/Tschuess-Genderstern.jpg\",\"contentUrl\":\"https:\\\/\\\/www.markt-kom.com\\\/wp-content\\\/uploads\\\/2024\\\/08\\\/Tschuess-Genderstern.jpg\"},{\"@type\":\"BreadcrumbList\",\"@id\":\"https:\\\/\\\/www.organisator.ch\\\/marketing\\\/2024-08-22\\\/zuercher-gemeinderat-lehnt-initiative-tschuess-genderstern-ab\\\/#breadcrumb\",\"itemListElement\":[{\"@type\":\"ListItem\",\"position\":1,\"name\":\"Home\",\"item\":\"https:\\\/\\\/www.organisator.ch\\\/\"},{\"@type\":\"ListItem\",\"position\":2,\"name\":\"Z\u00fcrcher Gemeinderat lehnt Initiative \u00abTsch\u00fcss Genderstern\u00bb ab\"}]},{\"@type\":\"WebSite\",\"@id\":\"https:\\\/\\\/www.organisator.ch\\\/#website\",\"url\":\"https:\\\/\\\/www.organisator.ch\\\/\",\"name\":\"Organisator\",\"description\":\"Kompetent. Praxisnah. Der ORGANISATOR bereitet in 10 Ausgaben pro Jahr die wesentlichen Themen f\u00fcr F\u00fchrungskr\u00e4fte von KMU auf.\",\"publisher\":{\"@id\":\"https:\\\/\\\/www.organisator.ch\\\/#organization\"},\"potentialAction\":[{\"@type\":\"SearchAction\",\"target\":{\"@type\":\"EntryPoint\",\"urlTemplate\":\"https:\\\/\\\/www.organisator.ch\\\/?s={search_term_string}\"},\"query-input\":{\"@type\":\"PropertyValueSpecification\",\"valueRequired\":true,\"valueName\":\"search_term_string\"}}],\"inLanguage\":\"fr-FR\"},{\"@type\":\"Organization\",\"@id\":\"https:\\\/\\\/www.organisator.ch\\\/#organization\",\"name\":\"Organisator\",\"url\":\"https:\\\/\\\/www.organisator.ch\\\/\",\"logo\":{\"@type\":\"ImageObject\",\"inLanguage\":\"fr-FR\",\"@id\":\"https:\\\/\\\/www.organisator.ch\\\/#\\\/schema\\\/logo\\\/image\\\/\",\"url\":\"https:\\\/\\\/www.organisator.ch\\\/wp-content\\\/uploads\\\/2022\\\/01\\\/Logo_Organisator_Website.png\",\"contentUrl\":\"https:\\\/\\\/www.organisator.ch\\\/wp-content\\\/uploads\\\/2022\\\/01\\\/Logo_Organisator_Website.png\",\"width\":800,\"height\":77,\"caption\":\"Organisator\"},\"image\":{\"@id\":\"https:\\\/\\\/www.organisator.ch\\\/#\\\/schema\\\/logo\\\/image\\\/\"},\"sameAs\":[\"https:\\\/\\\/www.facebook.com\\\/OrganisatorFachmagazin\",\"https:\\\/\\\/www.linkedin.com\\\/showcase\\\/organisator-das-magazin-fr-kmu\",\"https:\\\/\\\/www.xing.com\\\/news\\\/pages\\\/organisator-ch-695\",\"https:\\\/\\\/www.youtube.com\\\/channel\\\/UCGP2Sq0iWaZwT3BdIAQFYpw\"]},{\"@type\":\"Person\",\"@id\":\"https:\\\/\\\/www.organisator.ch\\\/#\\\/schema\\\/person\\\/4e51799071cd2dd1232ac003643ef5f0\",\"name\":\"galledia\",\"image\":{\"@type\":\"ImageObject\",\"inLanguage\":\"fr-FR\",\"@id\":\"https:\\\/\\\/secure.gravatar.com\\\/avatar\\\/78a7f90c01fc2bfc875782a0d4922b37cde2cf184ce347b91316d23cd7f69a36?s=96&d=mm&r=g\",\"url\":\"https:\\\/\\\/secure.gravatar.com\\\/avatar\\\/78a7f90c01fc2bfc875782a0d4922b37cde2cf184ce347b91316d23cd7f69a36?s=96&d=mm&r=g\",\"contentUrl\":\"https:\\\/\\\/secure.gravatar.com\\\/avatar\\\/78a7f90c01fc2bfc875782a0d4922b37cde2cf184ce347b91316d23cd7f69a36?s=96&d=mm&r=g\",\"caption\":\"galledia\"},\"sameAs\":[\"https:\\\/\\\/x.com\\\/admin\"],\"url\":\"https:\\\/\\\/www.organisator.ch\\\/fr\\\/author\\\/galledia\\\/\"}]}<\/script>\n<!-- \/ Yoast SEO plugin. -->","yoast_head_json":{"title":"Le conseil municipal de Zurich rejette l'initiative \"Au revoir l'\u00e9toile du genre\" - Organisateur","description":"Zurich rejette l'initiative \"Tsch\u00fcss Genderstern\". D\u00e9bat sur l'\u00e9toile de genre et l'\u00e9galit\u00e9 linguistique.","robots":{"index":"index","follow":"follow","max-snippet":"max-snippet:-1","max-image-preview":"max-image-preview:large","max-video-preview":"max-video-preview:-1"},"canonical":"https:\/\/www.organisator.ch\/fr\/marketing\/2024-08-22\/zuercher-gemeinderat-lehnt-initiative-tschuess-genderstern-ab\/","og_locale":"fr_FR","og_type":"article","og_title":"Z\u00fcrcher Gemeinderat lehnt Initiative \u00abTsch\u00fcss Genderstern\u00bb ab - Organisator","og_description":"Z\u00fcrich lehnt Initiative \u00abTsch\u00fcss Genderstern\u00bb ab. Debatte \u00fcber Genderstern und sprachliche Gleichstellung.","og_url":"https:\/\/www.organisator.ch\/fr\/marketing\/2024-08-22\/zuercher-gemeinderat-lehnt-initiative-tschuess-genderstern-ab\/","og_site_name":"Organisator","article_publisher":"https:\/\/www.facebook.com\/OrganisatorFachmagazin","article_published_time":"2024-08-22T06:45:24+00:00","article_modified_time":"2024-11-08T11:35:40+00:00","og_image":[{"url":"https:\/\/www.markt-kom.com\/wp-content\/uploads\/2024\/08\/Tschuess-Genderstern.jpg","type":"","width":"","height":""}],"author":"galledia","twitter_card":"summary_large_image","twitter_creator":"@admin","schema":{"@context":"https:\/\/schema.org","@graph":[{"@type":"Article","@id":"https:\/\/www.organisator.ch\/marketing\/2024-08-22\/zuercher-gemeinderat-lehnt-initiative-tschuess-genderstern-ab\/#article","isPartOf":{"@id":"https:\/\/www.organisator.ch\/marketing\/2024-08-22\/zuercher-gemeinderat-lehnt-initiative-tschuess-genderstern-ab\/"},"author":{"name":"galledia","@id":"https:\/\/www.organisator.ch\/#\/schema\/person\/4e51799071cd2dd1232ac003643ef5f0"},"headline":"Z\u00fcrcher Gemeinderat lehnt Initiative \u00abTsch\u00fcss Genderstern\u00bb ab","datePublished":"2024-08-22T06:45:24+00:00","dateModified":"2024-11-08T11:35:40+00:00","mainEntityOfPage":{"@id":"https:\/\/www.organisator.ch\/marketing\/2024-08-22\/zuercher-gemeinderat-lehnt-initiative-tschuess-genderstern-ab\/"},"wordCount":563,"publisher":{"@id":"https:\/\/www.organisator.ch\/#organization"},"image":{"@id":"https:\/\/www.organisator.ch\/marketing\/2024-08-22\/zuercher-gemeinderat-lehnt-initiative-tschuess-genderstern-ab\/#primaryimage"},"thumbnailUrl":"https:\/\/www.markt-kom.com\/wp-content\/uploads\/2024\/08\/Tschuess-Genderstern.jpg","keywords":["Gendergerechte Sprache","MarKom"],"articleSection":["MARKETING"],"inLanguage":"fr-FR"},{"@type":"WebPage","@id":"https:\/\/www.organisator.ch\/marketing\/2024-08-22\/zuercher-gemeinderat-lehnt-initiative-tschuess-genderstern-ab\/","url":"https:\/\/www.organisator.ch\/marketing\/2024-08-22\/zuercher-gemeinderat-lehnt-initiative-tschuess-genderstern-ab\/","name":"Le conseil municipal de Zurich rejette l'initiative \"Au revoir l'\u00e9toile du genre\" - Organisateur","isPartOf":{"@id":"https:\/\/www.organisator.ch\/#website"},"primaryImageOfPage":{"@id":"https:\/\/www.organisator.ch\/marketing\/2024-08-22\/zuercher-gemeinderat-lehnt-initiative-tschuess-genderstern-ab\/#primaryimage"},"image":{"@id":"https:\/\/www.organisator.ch\/marketing\/2024-08-22\/zuercher-gemeinderat-lehnt-initiative-tschuess-genderstern-ab\/#primaryimage"},"thumbnailUrl":"https:\/\/www.markt-kom.com\/wp-content\/uploads\/2024\/08\/Tschuess-Genderstern.jpg","datePublished":"2024-08-22T06:45:24+00:00","dateModified":"2024-11-08T11:35:40+00:00","description":"Zurich rejette l'initiative \"Tsch\u00fcss Genderstern\". D\u00e9bat sur l'\u00e9toile de genre et l'\u00e9galit\u00e9 linguistique.","breadcrumb":{"@id":"https:\/\/www.organisator.ch\/marketing\/2024-08-22\/zuercher-gemeinderat-lehnt-initiative-tschuess-genderstern-ab\/#breadcrumb"},"inLanguage":"fr-FR","potentialAction":[{"@type":"ReadAction","target":["https:\/\/www.organisator.ch\/marketing\/2024-08-22\/zuercher-gemeinderat-lehnt-initiative-tschuess-genderstern-ab\/"]}]},{"@type":"ImageObject","inLanguage":"fr-FR","@id":"https:\/\/www.organisator.ch\/marketing\/2024-08-22\/zuercher-gemeinderat-lehnt-initiative-tschuess-genderstern-ab\/#primaryimage","url":"https:\/\/www.markt-kom.com\/wp-content\/uploads\/2024\/08\/Tschuess-Genderstern.jpg","contentUrl":"https:\/\/www.markt-kom.com\/wp-content\/uploads\/2024\/08\/Tschuess-Genderstern.jpg"},{"@type":"BreadcrumbList","@id":"https:\/\/www.organisator.ch\/marketing\/2024-08-22\/zuercher-gemeinderat-lehnt-initiative-tschuess-genderstern-ab\/#breadcrumb","itemListElement":[{"@type":"ListItem","position":1,"name":"Home","item":"https:\/\/www.organisator.ch\/"},{"@type":"ListItem","position":2,"name":"Z\u00fcrcher Gemeinderat lehnt Initiative \u00abTsch\u00fcss Genderstern\u00bb ab"}]},{"@type":"WebSite","@id":"https:\/\/www.organisator.ch\/#website","url":"https:\/\/www.organisator.ch\/","name":"Organisateur","description":"Comp\u00e9tence et comp\u00e9tence. Proches de la pratique. L'ORGANISATEUR pr\u00e9pare 10 num\u00e9ros par an sur les th\u00e8mes essentiels pour les dirigeants de PME.","publisher":{"@id":"https:\/\/www.organisator.ch\/#organization"},"potentialAction":[{"@type":"SearchAction","target":{"@type":"EntryPoint","urlTemplate":"https:\/\/www.organisator.ch\/?s={search_term_string}"},"query-input":{"@type":"PropertyValueSpecification","valueRequired":true,"valueName":"search_term_string"}}],"inLanguage":"fr-FR"},{"@type":"Organization","@id":"https:\/\/www.organisator.ch\/#organization","name":"Organisateur","url":"https:\/\/www.organisator.ch\/","logo":{"@type":"ImageObject","inLanguage":"fr-FR","@id":"https:\/\/www.organisator.ch\/#\/schema\/logo\/image\/","url":"https:\/\/www.organisator.ch\/wp-content\/uploads\/2022\/01\/Logo_Organisator_Website.png","contentUrl":"https:\/\/www.organisator.ch\/wp-content\/uploads\/2022\/01\/Logo_Organisator_Website.png","width":800,"height":77,"caption":"Organisator"},"image":{"@id":"https:\/\/www.organisator.ch\/#\/schema\/logo\/image\/"},"sameAs":["https:\/\/www.facebook.com\/OrganisatorFachmagazin","https:\/\/www.linkedin.com\/showcase\/organisator-das-magazin-fr-kmu","https:\/\/www.xing.com\/news\/pages\/organisator-ch-695","https:\/\/www.youtube.com\/channel\/UCGP2Sq0iWaZwT3BdIAQFYpw"]},{"@type":"Person","@id":"https:\/\/www.organisator.ch\/#\/schema\/person\/4e51799071cd2dd1232ac003643ef5f0","name":"galledia","image":{"@type":"ImageObject","inLanguage":"fr-FR","@id":"https:\/\/secure.gravatar.com\/avatar\/78a7f90c01fc2bfc875782a0d4922b37cde2cf184ce347b91316d23cd7f69a36?s=96&d=mm&r=g","url":"https:\/\/secure.gravatar.com\/avatar\/78a7f90c01fc2bfc875782a0d4922b37cde2cf184ce347b91316d23cd7f69a36?s=96&d=mm&r=g","contentUrl":"https:\/\/secure.gravatar.com\/avatar\/78a7f90c01fc2bfc875782a0d4922b37cde2cf184ce347b91316d23cd7f69a36?s=96&d=mm&r=g","caption":"galledia"},"sameAs":["https:\/\/x.com\/admin"],"url":"https:\/\/www.organisator.ch\/fr\/author\/galledia\/"}]}},"_links":{"self":[{"href":"https:\/\/www.organisator.ch\/fr\/wp-json\/wp\/v2\/posts\/29214","targetHints":{"allow":["GET"]}}],"collection":[{"href":"https:\/\/www.organisator.ch\/fr\/wp-json\/wp\/v2\/posts"}],"about":[{"href":"https:\/\/www.organisator.ch\/fr\/wp-json\/wp\/v2\/types\/post"}],"author":[{"embeddable":true,"href":"https:\/\/www.organisator.ch\/fr\/wp-json\/wp\/v2\/users\/8"}],"replies":[{"embeddable":true,"href":"https:\/\/www.organisator.ch\/fr\/wp-json\/wp\/v2\/comments?post=29214"}],"version-history":[{"count":5,"href":"https:\/\/www.organisator.ch\/fr\/wp-json\/wp\/v2\/posts\/29214\/revisions"}],"predecessor-version":[{"id":32022,"href":"https:\/\/www.organisator.ch\/fr\/wp-json\/wp\/v2\/posts\/29214\/revisions\/32022"}],"wp:attachment":[{"href":"https:\/\/www.organisator.ch\/fr\/wp-json\/wp\/v2\/media?parent=29214"}],"wp:term":[{"taxonomy":"category","embeddable":true,"href":"https:\/\/www.organisator.ch\/fr\/wp-json\/wp\/v2\/categories?post=29214"},{"taxonomy":"post_tag","embeddable":true,"href":"https:\/\/www.organisator.ch\/fr\/wp-json\/wp\/v2\/tags?post=29214"}],"curies":[{"name":"wp","href":"https:\/\/api.w.org\/{rel}","templated":true}]}}