{"id":2923,"date":"2020-03-16T15:01:00","date_gmt":"2020-03-16T14:01:00","guid":{"rendered":"https:\/\/www.umweltperspektiven.ch\/?p=2923"},"modified":"2022-02-09T11:06:50","modified_gmt":"2022-02-09T10:06:50","slug":"waldabholzungen-corona-und-fledermaeuse-zur-entstehung-einer-ansteckenden-epidemie","status":"publish","type":"post","link":"https:\/\/www.organisator.ch\/fr\/sustainability\/2020-03-16\/waldabholzungen-corona-und-fledermaeuse-zur-entstehung-einer-ansteckenden-epidemie\/","title":{"rendered":"D\u00e9forestation, Corona et chauves-souris : vers l'\u00e9mergence d'une \u00e9pid\u00e9mie contagieuse"},"content":{"rendered":"<figure id=\"attachment_2924\" aria-describedby=\"caption-attachment-2924\" style=\"width: 680px\" class=\"wp-caption alignnone\"><img loading=\"lazy\" decoding=\"async\" class=\"size-medium wp-image-2924\" src=\"\/\/www.umweltperspektiven.ch\/wp-content\/uploads\/2020\/03\/Corona-Waldabholzungen-Flederm\u00e4use-UP_Umwelt-Perspektiven.jpg\" alt=\"\" width=\"680\" height=\"453\" \/><figcaption id=\"caption-attachment-2924\" class=\"wp-caption-text\">Lorsqu'il s'agit d'endiguer la propagation des coronavirus, il devient encore plus important d'informer les gens sur les risques environnementaux li\u00e9s \u00e0 l'homme (par exemple entre l'homme et l'animal). Image symbolique : Unsplash<\/figcaption><\/figure>\n<p>La pand\u00e9mie de COVID-19 (famili\u00e8rement d\u00e9crite comme \"pand\u00e9mie de coronavirus\", \"crise de Corona\") est une <a href=\"\/\/de.wikipedia.org\/wiki\/Epidemiologie#Endemie,_Epidemie_und_Pandemie\">\u00c9vasion<\/a> de la nouvelle <a href=\"\/\/de.wikipedia.org\/wiki\/Atemwegserkrankung\">Maladie respiratoire<\/a> <a href=\"\/\/de.wikipedia.org\/wiki\/COVID-19\">COVID-19<\/a> (ou \"Covid-19\", pour <em>Maladie du virus de la couronne 2019<\/em>). D\u00e8s janvier 2020, les premi\u00e8res contaminations hors de la R\u00e9publique populaire de Chine ont \u00e9t\u00e9 signal\u00e9es, mais ce n'est que depuis le 11 mars 2020 que l'Organisation mondiale de la sant\u00e9 (OMS) consid\u00e8re officiellement qu'il s'agit d'une pand\u00e9mie (la premi\u00e8re depuis la pand\u00e9mie H1N1 2009\/10).<\/p>\n<p>\"En 1997, alors que des nuages de fum\u00e9e planaient au-dessus des for\u00eats tropicales d'Indon\u00e9sie parce qu'une zone de la taille de la Pennsylvanie avait \u00e9t\u00e9 br\u00fbl\u00e9e pour faire de la place \u00e0 l'agriculture - les incendies ayant \u00e9t\u00e9 aggrav\u00e9s par la s\u00e9cheresse - les arbres \u00e9touff\u00e9s par la brume ne pouvaient plus produire de fruits. Les chauves-souris locales n'ont donc pas trouv\u00e9 d'autre solution pour se nourrir, elles ont d\u00fb s'envoler ailleurs, emportant avec elles une maladie mortelle\", commence l'article de Katarina Zimmer, journaliste scientifique ind\u00e9pendante, publi\u00e9 le 22 novembre 2019 par National Geographic.<\/p>\n<p>Zimmer \u00e9crit que des chauves-souris se sont ensuite cach\u00e9es dans des orchid\u00e9es de Malaisie. Les cochons sont soudainement tomb\u00e9s malades. Il est possible qu'ils aient mang\u00e9 des fruits tomb\u00e9s et dess\u00e9ch\u00e9s que les chauves-souris avaient grignot\u00e9s auparavant. En 1999, 265 personnes ont \u00e9t\u00e9 atteintes d'une dangereuse enc\u00e9phalite, dont 105 ont succomb\u00e9 au virus Nipah.<\/p>\n<p>Plusieurs chercheurs indiquent que le virus Nipah n'est qu'une des nombreuses maladies contagieuses provenant de ces r\u00e9gions o\u00f9 l'on d\u00e9boise massivement depuis des d\u00e9cennies. Plusieurs \u00e9tudes scientifiquement prouv\u00e9es \u00e9tablissent un lien de causalit\u00e9 entre la d\u00e9forestation et une cascade complexe d'\u00e9v\u00e9nements qui finissent par propager des virus pathog\u00e8nes dans tous les coins du monde.<\/p>\n<p><strong>Les piq\u00fbres de moustiques et les \"multiplicateurs\" cr\u00e9\u00e9s par l'homme \u00a0\u00a0<\/strong><\/p>\n<p>Dans une analyse complexe de donn\u00e9es satellitaires et sanitaires publi\u00e9e r\u00e9cemment dans la revue Proceedings of the National Academy of Sciences, Erin Mordecai de l'Universit\u00e9 MacDonald et de l'Universit\u00e9 de Stanford a rapport\u00e9 un impact significatif de la d\u00e9forestation du bassin amazonien sur la transmission du paludisme - ceci en accord avec certaines \u00e9tudes pr\u00e9c\u00e9dentes.<\/p>\n<p>Bien qu'il s'agisse d'estimations, l'ampleur du ph\u00e9nom\u00e8ne est \u00e9vidente : Entre 2003 et 2015, on enregistre une augmentation annuelle de 10 pour cent de la perte de for\u00eats. Durant cette p\u00e9riode, les cas de paludisme ont augment\u00e9 de 3 % par an. Par exemple, une ann\u00e9e de l'\u00e9tude, une parcelle suppl\u00e9mentaire de for\u00eat d\u00e9frich\u00e9e de 618 kilom\u00e8tres carr\u00e9s (1 600 kilom\u00e8tres carr\u00e9s) - l'\u00e9quivalent de pr\u00e8s de 300 000 terrains de football - a \u00e9t\u00e9 associ\u00e9e \u00e0 10 000 cas de paludisme suppl\u00e9mentaires.<\/p>\n<p>Cet effet a \u00e9t\u00e9 le plus prononc\u00e9 \u00e0 l'int\u00e9rieur de la for\u00eat. Ici, les surfaces foresti\u00e8res \u00e9taient encore intactes, les moustiques colonisant un habitat humide \u00e0 leur p\u00e9riph\u00e9rie.<\/p>\n<blockquote><p>\"Comme les clairi\u00e8res \u00e0 moustiques bord\u00e9es d'arbres disparaissent, les contaminations pourraient augmenter dans les zones urbaines\".<\/p><\/blockquote>\n<p>D'autres \u00e9tudes, comme celle de l'\u00e9pid\u00e9miologiste Amy Vittor de l'Emerging Pathogens Institute de l'Universit\u00e9 de Floride, montrent que le moustique est une esp\u00e8ce en voie de disparition : Le long des lisi\u00e8res de for\u00eat d\u00e9bois\u00e9es se forme un habitat id\u00e9al pour la reproduction du moustique Anopheles darlingi, le principal vecteur de la malaria en Amazonie.<\/p>\n<p>Gr\u00e2ce \u00e0 des recherches minutieuses en Amazonie p\u00e9ruvienne, Vittor a trouv\u00e9 un nombre plus \u00e9lev\u00e9 de larves dans des mares chaudes, parfois ombrag\u00e9es, qui se formaient \u00e0 c\u00f4t\u00e9 de routes taill\u00e9es dans la for\u00eat et de d\u00e9combres. \"C'\u00e9taient des endroits o\u00f9 les Anopheles darlingi aimaient vraiment se retrouver\", se souvient la chercheuse.<\/p>\n<p>Compte tenu de la persistance des incendies en Amazonie en 2019, ces r\u00e9sultats ne laissaient rien pr\u00e9sager de bon. Les donn\u00e9es publi\u00e9es en novembre 2019 montrent qu'en 2019, une surface douze fois plus grande que la ville de New York a \u00e9t\u00e9 d\u00e9truite en Amazonie. Cependant, dans de tels endroits fauch\u00e9s, l'eau de pluie ne peut pas \u00eatre r\u00e9g\u00e9n\u00e9r\u00e9e par les arbres et les plantes.<\/p>\n<p><strong>Conclusion : les chauves-souris, vecteurs de la maladie du VCo ? \u00a0\u00a0<\/strong><\/p>\n<p>Le travail publi\u00e9 en avril 2018 sous le titre \"Bats, Coronavirus, and Deforestation : Toward the Emergence of Novel Infectious Diseases ?\" (source : US National Library of Medicine \/ National Institutes of Health) de <a href=\"\/\/www.ncbi.nlm.nih.gov\/pubmed\/?term=Afelt%20A%5BAuthor%5D&amp;cauthor=true&amp;cauthor_uid=29696007\">Aneta Afelt<\/a>, <a href=\"\/\/www.ncbi.nlm.nih.gov\/pubmed\/?term=Frutos%20R%5BAuthor%5D&amp;cauthor=true&amp;cauthor_uid=29696007\">Roger Frutos<\/a> et <a href=\"\/\/www.ncbi.nlm.nih.gov\/pubmed\/?term=Devaux%20C%5BAuthor%5D&amp;cauthor=true&amp;cauthor_uid=29696007\">Christian Devaux<\/a> \u00e9tablit un lien clair entre les chauves-souris, la d\u00e9forestation et les coronavirus. En raison de l'\u00e9volution de l'utilisation des sols, les populations de chauves-souris s'installent dans des zones plus proches des habitations humaines (Reuter et al., 2016).<\/p>\n<p>Les chercheurs font toutefois une distinction entre l'homme et l'animal :<\/p>\n<p>\"Bien que du sang humain ait \u00e9t\u00e9 trouv\u00e9 dans l'alimentation de chauves-souris D. ecaudata au Br\u00e9sil (Ito et al., 2016), ce qui indique que les chauves-souris peuvent se nourrir d'humains, il s'agit d'une exception. En outre, \u00e0 l'exception peut-\u00eatre du virus de la lyse des chauves-souris australiennes (ABLV) et du virus de Duvanhage, il n'existe aucun cas clair de transmission directe du virus des chauves-souris \u00e0 l'homme (Tignor et al., 1977 ; Hanna et al., 2000 ; Paweska et al., 2006)\".<\/p>\n<p>Les experts pensent m\u00eame que les chauves-souris sont plus utiles que beaucoup ne le pensent. Les chauves-souris aident par exemple \u00e0 polliniser les arbres fruitiers (Whittnaker et al., 1992 ; Kelm et al., 2008) et elles contribueraient \u00e9galement \u00e0 limiter les populations d'insectes (Leelapaibul et al., 2005 ; Kalka et al., 2008). Cependant, de nos jours, en Asie, pr\u00e8s de 56 esp\u00e8ces de chauves-souris sont chass\u00e9es et consomm\u00e9es par des populations \u00e0 faible revenu (Mildenstein et al., 2016). Elles sont \u00e9galement utilis\u00e9es dans la m\u00e9decine traditionnelle (Walker, 2005 ; Ashwell et Walston, 2008) et dans les exploitations agricoles pour la production d'engrais \u00e0 base de guano (Chhay, 2012 ; Thi et al., 2014).<\/p>\n<p>&nbsp;<\/p>\n<p><img loading=\"lazy\" decoding=\"async\" class=\"alignnone size-medium wp-image-2925\" src=\"\/\/www.umweltperspektiven.ch\/wp-content\/uploads\/2020\/03\/Waldabholzungen-Corona-und-Flederm\u00e4use-Zur-Entstehung-einer-ansteckenden-Epidemie-UP_Umwelt-Perspektiven.jpg\" alt=\"\" width=\"680\" height=\"451\" \/><\/p>\n<p>Les analyses des chercheurs susmentionn\u00e9s soulignent toutefois que plusieurs \u00e9v\u00e9nements de transmission du CoV entre les chauves-souris, les civettes et les humains avaient d\u00e9j\u00e0 eu lieu avant l'\u00e9pid\u00e9mie de SRAS en 2002 (Zheng et al., 2004). Dans leur publication, on peut lire par exemple : \"Le probl\u00e8me biologique de l'\u00e9mergence du virus n'a pas fondamentalement chang\u00e9, mais la probabilit\u00e9 d'occurrence du risque augmente en raison de la pollution et des changements environnementaux\".<\/p>\n<p><strong>Anthropization et apparition de maladies<\/strong><\/p>\n<p>Sur <strong>Anthropization<\/strong> ou anthropisation (traduit de l'anglais), on entend en g\u00e9ographie et en \u00e9cologie la transformation des espaces ouverts, des paysages et des environnements naturels par l'action humaine. L'\u00e9rosion anthropique est le processus de d\u00e9gradation du terrain et du sol par l'activit\u00e9 humaine.<\/p>\n<p>Les zones rurales se caract\u00e9risent par une grande diversit\u00e9 de paysages, comprenant des maisons, des granges, des champs, des vergers et des for\u00eats de diff\u00e9rentes densit\u00e9s. Il est g\u00e9n\u00e9ralement admis que la d\u00e9forestation et l'anthropisation peuvent entra\u00eener la disparition d'esp\u00e8ces. Ce n'est toutefois pas toujours vrai lorsque de nouveaux environnements offrent un habitat acceptable \u00e0 un grand nombre d'animaux et favorisent, par exemple, une plus grande diversit\u00e9 de chauves-souris.<\/p>\n<p>En outre, les lumi\u00e8res des maisons attirent la nuit un grand nombre d'insectes, qui constituent des proies faciles pour les chauves-souris insectivores. Les maisons et les granges offrent des abris aux chauves-souris cavernicoles, tandis que les vergers et les champs attirent les chauves-souris frugivores. Cet effet attractif de l'environnement anthropis\u00e9 sur des chauves-souris aux besoins biologiques diff\u00e9rents entra\u00eene une plus grande concentration et biodiversit\u00e9 de virus de chauves-souris (Han et al., 2015 ; Plowright et al., 2015 ; Reuter et al., 2016 ; Lacroix et al., 2017a,b ; Walsh et al., 2017 ; Afelt et al., 2018).<\/p>\n<p>Cela augmente le risque de transmission de virus par contact direct, par des infections d'animaux domestiques ou par contamination par l'urine ou les excr\u00e9ments. En effet, les chauves-souris produisent \u00e9galement des virus \u00e0 c\u00f4t\u00e9 des habitations humaines (Plowright et al., 2015 ; Afelt et al., 2018). Parce que les CoVs (voir infobox \"<strong>Nouvelle maladie \u00e0 CoV des chauves-souris\".<\/strong>) sont en premier lieu des agents pathog\u00e8nes des maladies animales, le risque d'apparition de maladies existe aussi bien pour les maladies des animaux domestiques que pour les maladies humaines.<\/p>\n<p><strong>Les virus transmis par les animaux : un ennemi historique promis \u00e0 un brillant avenir<\/strong><\/p>\n<p>Le nouveau coronavirus est appel\u00e9 <strong>SARS-CoV-2<\/strong> (Severe Acute Respiratory Syndrome Coronavirus 2). La maladie respiratoire provoqu\u00e9e par ce virus est appel\u00e9e <strong>COVID-19 <\/strong>(Coronavirus disease 2019).<\/p>\n<p>Des infections humaines majeures dues \u00e0 des virus de chauve-souris ont \u00e9t\u00e9 document\u00e9es r\u00e9cemment, bien qu'elles aient pu se produire plus t\u00f4t dans l'histoire. Les coronavirus (CoVs en abr\u00e9g\u00e9) ont g\u00e9n\u00e9ralement \u00e9t\u00e9 associ\u00e9s \u00e0 des maladies animales, le b\u00e9tail et les animaux domestiques jouant le r\u00f4le de vecteurs interm\u00e9diaires pour la transmission \u00e0 l'homme.<\/p>\n<p>Environ 4,4 pour cent des rats vendus sur trois march\u00e9s vivants dans la r\u00e9gion du delta du M\u00e9kong au Vietnam et 22 pour cent des chauves-souris \u00e9chantillonn\u00e9es dans trois \u00e9levages de chauves-souris \u00e9taient porteurs du CoV, ce qui repr\u00e9sente un niveau \u00e9lev\u00e9 de contamination animale (Berto et al., 2017). Avant l'apparition du SRAS-CoV et du MERS-CoV chez l'homme, les quatre CoV humains connus (HCoV-HKU1, HCoV-229E, HCoV-NL63 et HCoV-OC43) ont \u00e9t\u00e9 signal\u00e9s comme end\u00e9miques et responsables de maladies respiratoires l\u00e9g\u00e8res \u00e0 mod\u00e9r\u00e9es pendant plus de trois d\u00e9cennies.<\/p>\n<p>Il existe des preuves que les alpha-CoV de la chauve-souris Hipposideros caffer ruber ont des anc\u00eatres communs avec le HCoV-229E humain (Pfefferle et al., 2009) et qu'un virus apparent\u00e9 a infect\u00e9 des alpagas captur\u00e9s (Vicugna pacos), tandis qu'un autre virus apparent\u00e9 a infect\u00e9 des chameaux (Corman et al., 2016).<\/p>\n<p>En outre, le HCoV-NL63, trouv\u00e9 dans 9,3 pour cent des \u00e9chantillons pr\u00e9lev\u00e9s sur des personnes hospitalis\u00e9es pour des maladies respiratoires, montre que le HCoV-NL63 n'est pas un virus. Il existe donc des similitudes de s\u00e9quence entre le CoV ARCoV.2 de chauve-souris (Perimyotis subflavus) et les personnes infect\u00e9es, tandis que le HCoV-NL63 peut se multiplier dans des lign\u00e9es cellulaires provenant de poumons de chauve-souris tricolores (Huynh et al., 2012).<\/p>\n<p>Le MERS-CoV est \u00e9troitement li\u00e9 \u00e0 la fois au CoV de chauve-souris HKU4 (chez les chauves-souris Tylonycteris) et au CoV de chauve-souris HKU5 (chez les chauves-souris Pipistrellus). Dans l'ensemble, ces donn\u00e9es illustrent la dynamique complexe de la circulation des CoV entre les chauves-souris et les animaux sauvages ou domestiques (b\u0153uf, porc) avant leur croisement avec l'homme.<\/p>\n<p>Cependant, les chauves-souris ne sont pas n\u00e9cessairement impliqu\u00e9es dans les infections primaires chez l'homme. Cependant, \u00e9crivent <a href=\"\/\/www.ncbi.nlm.nih.gov\/pubmed\/?term=Afelt%20A%5BAuthor%5D&amp;cauthor=true&amp;cauthor_uid=29696007\">Aneta Afelt<\/a>, <a href=\"\/\/www.ncbi.nlm.nih.gov\/pubmed\/?term=Frutos%20R%5BAuthor%5D&amp;cauthor=true&amp;cauthor_uid=29696007\">Roger Frutos<\/a> et <a href=\"\/\/www.ncbi.nlm.nih.gov\/pubmed\/?term=Devaux%20C%5BAuthor%5D&amp;cauthor=true&amp;cauthor_uid=29696007\">Christian Devaux<\/a> dans leur \u00e9tude publi\u00e9e en 2018 et intitul\u00e9e \"Bats, Coronavirus, and Deforestation : Toward the Emergence of Novel Infectious Diseases ?\":<\/p>\n<p>\"Il en va autrement de l'apparition d'un nouvel agent pathog\u00e8ne au sein d'une population humaine immunologiquement active. Dans un tel cas, le risque de grandes \u00e9pid\u00e9mies associ\u00e9es \u00e0 une mortalit\u00e9 \u00e9lev\u00e9e est tr\u00e8s \u00e9lev\u00e9. Une fois adapt\u00e9s \u00e0 l'homme, les CoV peuvent \u00e9voluer pour d\u00e9velopper un mode de transmission intra-esp\u00e8ce plus efficace. Lors des \u00e9pid\u00e9mies de SRAS \u00e0 Taiwan et \u00e0 Toronto, certaines personnes ont \u00e9t\u00e9 tr\u00e8s efficaces dans la transmission du CoV du SRAS et ont \u00e9t\u00e9 appel\u00e9es \"superspreaders\" (McDonald et al., 2004).<\/p>\n<p>Au total, 83,2 % des \u00e9v\u00e9nements de transmission \u00e9taient \u00e9pid\u00e9miologiquement li\u00e9s \u00e0 cinq \"superspreaders\", qui avaient tous une pneumonie diagnostiqu\u00e9e lors de la premi\u00e8re consultation m\u00e9dicale.<\/p>\n<p><strong>R\u00e9sum\u00e9 (sur la propagation des coronavirus) <\/strong><\/p>\n<p>Comme l'impact croissant des activit\u00e9s humaines sur les \u00e9cosyst\u00e8mes ne va probablement pas s'att\u00e9nuer, il est n\u00e9cessaire de renforcer la surveillance des CoV chez la faune sauvage, le b\u00e9tail, les animaux domestiques et les humains afin de mieux comprendre la dynamique de la transmission inter-esp\u00e8ces et d'am\u00e9liorer l'\u00e9valuation des risques, l'alerte pr\u00e9coce et l'intervention (Devaux, 2012).<\/p>\n<p>Malheureusement, le probl\u00e8me des virus transmis par les chauves-souris ne se limite pas aux CoV. Sur les 60 esp\u00e8ces virales qui seraient associ\u00e9es aux chauves-souris, 59 sont des virus \u00e0 ARN qui pourraient potentiellement \u00eatre responsables de l'apparition et de la r\u00e9apparition de maladies infectieuses chez l'homme (Brook et Dobson, 2015).<\/p>\n<p>Or, le risque d'apparition de maladies est-il directement li\u00e9 \u00e0 la distribution des esp\u00e8ces de chauves-souris ? Plusieurs exemples peuvent \u00eatre trouv\u00e9s dans d'autres familles de virus. Le virus Hendra a \u00e9t\u00e9 d\u00e9tect\u00e9 en 1994 apr\u00e8s la mort de 30 chevaux et d'un homme \u00e0 Hendra, en Australie. Le mode de contamination le plus probable par l'homme \u00e9tait les a\u00e9rosols de chevaux malades, initialement contamin\u00e9s par l'urine ou le liquide amniotique de chauves-souris Pteropus (Weatherman et al., 2017). Le virus Nipah est un autre exemple de l'effet combin\u00e9 de la d\u00e9forestation et de l'attraction des environnements anthropis\u00e9s. Les chauves-souris Pteropus touch\u00e9es par la d\u00e9forestation se sont install\u00e9es dans des \u00e9tables, o\u00f9 elles ont transmis le virus aux porcs, qui ont \u00e0 leur tour infect\u00e9 les humains (Chadha et al., 2006).<\/p>\n<blockquote><p>\"Il reste \u00e9vident que le risque d'apparition de nouveaux virus est tr\u00e8s \u00e9lev\u00e9\".<\/p><\/blockquote>\n<p>Anthony et ses coll\u00e8gues ont estim\u00e9 qu'au moins 3 204 CoV circulent chez les chauves-souris en 2018 (Anthony et al., 2017). Quelle que soit la pr\u00e9cision de cette pr\u00e9diction, il reste \u00e9vident que le risque d'\u00e9mergence de nouveaux virus \u00e0 partir des chauves-souris est probablement tr\u00e8s \u00e9lev\u00e9. Comme le continent asiatique - avec l'Am\u00e9rique du Sud - est l'une des r\u00e9gions du monde o\u00f9 la croissance d\u00e9mographique est la plus forte et o\u00f9 le taux de d\u00e9forestation est extr\u00eame, il remplit toutes les conditions - voir aussi les conditions sanitaires - pour devenir un lieu d'\u00e9mergence ou de r\u00e9\u00e9mergence de maladies infectieuses.<\/p>\n<p>Le concept \"One Health\" reconna\u00eet que la sant\u00e9 humaine est li\u00e9e \u00e0 la sant\u00e9 animale et \u00e0 l'environnement. Cependant, la population mondiale est confront\u00e9e \u00e0 tant de probl\u00e8mes en ce qui concerne l'augmentation de la population urbaine, la diminution des terres agricoles et l'urbanisation mal g\u00e9r\u00e9e en de nombreux endroits.<\/p>\n<p>&nbsp;<\/p>\n<blockquote>\n<figure id=\"attachment_2926\" aria-describedby=\"caption-attachment-2926\" style=\"width: 680px\" class=\"wp-caption alignnone\"><img loading=\"lazy\" decoding=\"async\" class=\"size-medium wp-image-2926\" src=\"\/\/www.umweltperspektiven.ch\/wp-content\/uploads\/2020\/03\/Abrodung_Waldabholzungen-Corona-und-Flederm\u00e4use-Zur-Entstehung-einer-ansteckenden-Epidemie-UP_Umwelt-Perspektiven-.jpg\" alt=\"\" width=\"680\" height=\"453\" \/><figcaption id=\"caption-attachment-2926\" class=\"wp-caption-text\">Un paysan asiatique \u00e9teint des \"d\u00e9chets\" \u00e0 proximit\u00e9 de la for\u00eat vierge. Le feu et la fum\u00e9e, mais aussi une fiente de chauve-souris contenue dans la poussi\u00e8re, pourraient \u00e9ventuellement \u00eatre propag\u00e9s par l'air. (Image : Unsplash)<\/figcaption><\/figure><\/blockquote>\n<p>&nbsp;<\/p>\n<p>Bo\u00eete d'information :<\/p>\n<p><strong>Nouvelle maladie CoV des chauves-souris<\/strong><\/p>\n<p><em>Les coronavirus (CoV) ont \u00e9t\u00e9 associ\u00e9s depuis longtemps \u00e0 diverses maladies animales, par exemple les oiseaux pr\u00e9sentent des infections \u00e0 coronavirus, mais il existe aussi chez les bovins l'infection respiratoire (BRD-BCoV), la diarrh\u00e9e des veaux, chez les porcs et les chiens le SDCV, le PEDV, le SECD, chez les f\u00e9lins, chez les animaux de la famille des f\u00e9lins les maladies intestinales ou la p\u00e9ritonite infectieuse (Saif, 2014).<\/em><\/p>\n<p><em>Chez l'homme, il y a toujours eu des vagues de grippe et des rhumes ordinaires. Cependant, le SRAS est apparu en Chine en 2002 et s'est propag\u00e9 de mani\u00e8re exponentielle dans 29 autres pays, avec un taux de mortalit\u00e9 de 10 %. Plus r\u00e9cemment, l'\u00e9pid\u00e9mie de MERS-CoV en Arabie saoudite en 2012 a affich\u00e9 un taux de mortalit\u00e9 de 38 pour cent. La survenue de ces deux \u00e9v\u00e9nements impliquant des CoV hautement pathog\u00e8nes met en lumi\u00e8re la menace que repr\u00e9sentent les coronavirus pour l'homme.<\/em><\/p>\n<p><em>Les chauves-souris h\u00e9bergent de nombreux virus (Calisher et al., 2006), notamment les coronavirus, qui repr\u00e9sentent 31 % de leur virome (Chen et al., 2014). En outre, les chauves-souris font preuve d'une r\u00e9sistance remarquable aux virus (Omatsu et al., 2007 ; Storm et al., 2018). Le risque d'apparition d'un nouveau type de maladie CoV des chauves-souris est donc pr\u00e9visible. (mm)<\/em><\/p>\n<p>&nbsp;<\/p>\n<p>Remarque :<\/p>\n<p><em><strong>Des chercheurs ont attir\u00e9 l'attention sur les \"superspreaders\" il y a des ann\u00e9es d\u00e9j\u00e0 \u00a0<\/strong><\/em><\/p>\n<p><em>Il sera certainement d\u00e9cisif d'accorder une attention particuli\u00e8re aux \"superspreaders\", qui transmettent tr\u00e8s efficacement les CoV par exposition aux gouttelettes respiratoires, peut-on lire par exemple dans l'\u00e9tude \"Bats, Coronaviruses, and Deforestation : Toward the Emergence of Novel Infectious Diseases ?\", publi\u00e9e en avril 2018 dans la US National Library of Medicine \/ National Institutes of Health. Voici un passage de ce document :<\/em><\/p>\n<p><em>\"L'\u00e9mergence d'une maladie est un processus al\u00e9atoire et il est donc impossible de pr\u00e9dire les sc\u00e9narios et la dynamique des maladies infectieuses \u00e9mergentes. L'effet attractif des environnements anthropis\u00e9s sur les chauves-souris est un facteur de risque important pour l'apparition de maladies \u00e9mergentes transmises par les chauves-souris, tant chez les humains que chez les animaux. Compte tenu de la proportion de CoV d\u00e9crits chez les chauves-souris, soit 31%, le risque de maladies \u00e9mergentes associ\u00e9es aux CoV devrait \u00eatre s\u00e9rieusement pris en compte \u00e0 l'avenir\".<\/em><\/p>\n<p><em>Si la priorit\u00e9 est de d\u00e9couvrir des options th\u00e9rapeutiques et des vaccins (Graham et al., 2013 ; Zumla et al., 2016), il est encore plus important de travailler \u00e0 l'\u00e9ducation et \u00e0 la sensibilisation des personnes aux risques li\u00e9s \u00e0 l'environnement anthropis\u00e9.<\/em><\/p>\n<p><a href=\"\/\/www.ncbi.nlm.nih.gov\/pmc\/articles\/PMC5904276\/\"><em>Vers la liste de r\u00e9f\u00e9rences<\/em> <\/a><\/p>\n<p id=\"__p13\"><em>Les auteurs d\u00e9clarent que la recherche a \u00e9t\u00e9 men\u00e9e en l'absence de toute relation commerciale ou financi\u00e8re qui pourrait \u00eatre construite comme un conflit d'int\u00e9r\u00eat potentiel.<\/em><\/p>\n<p>&nbsp;<\/p>\n<p>&nbsp;<\/p>\n<p>Copyright des textes publi\u00e9s ci-dessus :<\/p>\n<p>Michael Merz, Perspectives environnementales<\/p>\n<p>&nbsp;<\/p>\n<p>&nbsp;<\/p>\n<p>&nbsp;<\/p>","protected":false},"excerpt":{"rendered":"<p>Die COVID-19-Pandemie (umgangssprachlich auch \u00abCoronavirus-Pandemie\u00bb, \u00abCorona-Krise\u00bb beschrieben) ist ein Ausbruch der neuartigen Atemwegserkrankung COVID-19 (oder \u201eCovid-19\u201c, f\u00fcr Corona virus disease 2019). Bereits im Januar 2020 wurden erste Ansteckungen ausserhalb der Volksrepublik China gemeldet, doch erst seit dem 11. M\u00e4rz 2020 geht die Weltgesundheitsorganisation WHO offiziell von einer Pandemie (der ersten seit der Pandemie H1N1 2009\/10) [&hellip;]<\/p>\n","protected":false},"author":5,"featured_media":9686,"comment_status":"closed","ping_status":"closed","sticky":false,"template":"","format":"standard","meta":{"_acf_changed":false,"_yoast_wpseo_focuskw":"Corona","_yoast_wpseo_metadesc":"Waldabholzungen, Corona und Flederm\u00e4use: Seit die W\u00e4lder gerodet werden, warnen Experten vor Umweltrisiken wie CoV. Zur Entstehung einer Epidemie.","articlekey":"","footnotes":""},"categories":[580],"tags":[713,714,715,946,949,951,953,968,1190,460,2476],"class_list":["post-2923","post","type-post","status-publish","format-standard","has-post-thumbnail","hentry","category-sustainability","tag-ansteckende-krankheiten","tag-anthropisierung","tag-anthropization","tag-corona","tag-coronaviren","tag-cov","tag-covid-19","tag-deforestation","tag-fledermaeuse","tag-studien","tag-viren"],"acf":[],"yoast_head":"<!-- This site is optimized with the Yoast SEO plugin v27.5 - https:\/\/yoast.com\/product\/yoast-seo-wordpress\/ -->\n<title>Waldabholzungen, Corona und Flederm\u00e4use: Zur Entstehung einer ansteckenden Epidemie - Organisator<\/title>\n<meta name=\"description\" content=\"Waldabholzungen, Corona und Flederm\u00e4use: Seit die W\u00e4lder gerodet werden, warnen Experten vor Umweltrisiken wie CoV. Zur Entstehung einer Epidemie.\" \/>\n<meta name=\"robots\" content=\"index, follow, max-snippet:-1, max-image-preview:large, max-video-preview:-1\" \/>\n<link rel=\"canonical\" href=\"https:\/\/www.organisator.ch\/fr\/sustainability\/2020-03-16\/waldabholzungen-corona-und-fledermaeuse-zur-entstehung-einer-ansteckenden-epidemie\/\" \/>\n<meta property=\"og:locale\" content=\"fr_FR\" \/>\n<meta property=\"og:type\" content=\"article\" \/>\n<meta property=\"og:title\" content=\"Waldabholzungen, Corona und Flederm\u00e4use: Zur Entstehung einer ansteckenden Epidemie - Organisator\" \/>\n<meta property=\"og:description\" content=\"Waldabholzungen, Corona und Flederm\u00e4use: Seit die W\u00e4lder gerodet werden, warnen Experten vor Umweltrisiken wie CoV. Zur Entstehung einer Epidemie.\" \/>\n<meta property=\"og:url\" content=\"https:\/\/www.organisator.ch\/fr\/sustainability\/2020-03-16\/waldabholzungen-corona-und-fledermaeuse-zur-entstehung-einer-ansteckenden-epidemie\/\" \/>\n<meta property=\"og:site_name\" content=\"Organisator\" \/>\n<meta property=\"article:publisher\" content=\"https:\/\/www.facebook.com\/OrganisatorFachmagazin\" \/>\n<meta property=\"article:published_time\" content=\"2020-03-16T14:01:00+00:00\" \/>\n<meta property=\"article:modified_time\" content=\"2022-02-09T10:06:50+00:00\" \/>\n<meta property=\"og:image\" content=\"https:\/\/www.organisator.ch\/wp-content\/uploads\/2020\/03\/Waldabholzungen-Corona-und-Fledermaeuse-Zur-Entstehung-einer-ansteckenden-Epidemie-UP_Umwelt-Perspektiven-scaled.jpg\" \/>\n\t<meta property=\"og:image:width\" content=\"2560\" \/>\n\t<meta property=\"og:image:height\" content=\"1700\" \/>\n\t<meta property=\"og:image:type\" content=\"image\/jpeg\" \/>\n<meta name=\"author\" content=\"michael.merz\" \/>\n<meta name=\"twitter:card\" content=\"summary_large_image\" \/>\n<script type=\"application\/ld+json\" class=\"yoast-schema-graph\">{\"@context\":\"https:\\\/\\\/schema.org\",\"@graph\":[{\"@type\":\"Article\",\"@id\":\"https:\\\/\\\/www.organisator.ch\\\/sustainability\\\/2020-03-16\\\/waldabholzungen-corona-und-fledermaeuse-zur-entstehung-einer-ansteckenden-epidemie\\\/#article\",\"isPartOf\":{\"@id\":\"https:\\\/\\\/www.organisator.ch\\\/sustainability\\\/2020-03-16\\\/waldabholzungen-corona-und-fledermaeuse-zur-entstehung-einer-ansteckenden-epidemie\\\/\"},\"author\":{\"name\":\"michael.merz\",\"@id\":\"https:\\\/\\\/www.organisator.ch\\\/#\\\/schema\\\/person\\\/134708ca9321c57b0362cceb7948ffbd\"},\"headline\":\"Waldabholzungen, Corona und Flederm\u00e4use: Zur Entstehung einer ansteckenden Epidemie\",\"datePublished\":\"2020-03-16T14:01:00+00:00\",\"dateModified\":\"2022-02-09T10:06:50+00:00\",\"mainEntityOfPage\":{\"@id\":\"https:\\\/\\\/www.organisator.ch\\\/sustainability\\\/2020-03-16\\\/waldabholzungen-corona-und-fledermaeuse-zur-entstehung-einer-ansteckenden-epidemie\\\/\"},\"wordCount\":2492,\"publisher\":{\"@id\":\"https:\\\/\\\/www.organisator.ch\\\/#organization\"},\"image\":{\"@id\":\"https:\\\/\\\/www.organisator.ch\\\/sustainability\\\/2020-03-16\\\/waldabholzungen-corona-und-fledermaeuse-zur-entstehung-einer-ansteckenden-epidemie\\\/#primaryimage\"},\"thumbnailUrl\":\"https:\\\/\\\/www.organisator.ch\\\/wp-content\\\/uploads\\\/2020\\\/03\\\/Waldabholzungen-Corona-und-Fledermaeuse-Zur-Entstehung-einer-ansteckenden-Epidemie-UP_Umwelt-Perspektiven-scaled.jpg\",\"keywords\":[\"ansteckende Krankheiten\",\"Anthropisierung\",\"Anthropization\",\"Corona\",\"Coronaviren\",\"Cov\",\"Covid-19\",\"Deforestation\",\"Flederm\u00e4use\",\"Studien\",\"Viren\"],\"articleSection\":[\"SUSTAINABILITY\"],\"inLanguage\":\"fr-FR\"},{\"@type\":\"WebPage\",\"@id\":\"https:\\\/\\\/www.organisator.ch\\\/sustainability\\\/2020-03-16\\\/waldabholzungen-corona-und-fledermaeuse-zur-entstehung-einer-ansteckenden-epidemie\\\/\",\"url\":\"https:\\\/\\\/www.organisator.ch\\\/sustainability\\\/2020-03-16\\\/waldabholzungen-corona-und-fledermaeuse-zur-entstehung-einer-ansteckenden-epidemie\\\/\",\"name\":\"Waldabholzungen, Corona und Flederm\u00e4use: Zur Entstehung einer ansteckenden Epidemie - Organisator\",\"isPartOf\":{\"@id\":\"https:\\\/\\\/www.organisator.ch\\\/#website\"},\"primaryImageOfPage\":{\"@id\":\"https:\\\/\\\/www.organisator.ch\\\/sustainability\\\/2020-03-16\\\/waldabholzungen-corona-und-fledermaeuse-zur-entstehung-einer-ansteckenden-epidemie\\\/#primaryimage\"},\"image\":{\"@id\":\"https:\\\/\\\/www.organisator.ch\\\/sustainability\\\/2020-03-16\\\/waldabholzungen-corona-und-fledermaeuse-zur-entstehung-einer-ansteckenden-epidemie\\\/#primaryimage\"},\"thumbnailUrl\":\"https:\\\/\\\/www.organisator.ch\\\/wp-content\\\/uploads\\\/2020\\\/03\\\/Waldabholzungen-Corona-und-Fledermaeuse-Zur-Entstehung-einer-ansteckenden-Epidemie-UP_Umwelt-Perspektiven-scaled.jpg\",\"datePublished\":\"2020-03-16T14:01:00+00:00\",\"dateModified\":\"2022-02-09T10:06:50+00:00\",\"description\":\"Waldabholzungen, Corona und Flederm\u00e4use: Seit die W\u00e4lder gerodet werden, warnen Experten vor Umweltrisiken wie CoV. Zur Entstehung einer Epidemie.\",\"breadcrumb\":{\"@id\":\"https:\\\/\\\/www.organisator.ch\\\/sustainability\\\/2020-03-16\\\/waldabholzungen-corona-und-fledermaeuse-zur-entstehung-einer-ansteckenden-epidemie\\\/#breadcrumb\"},\"inLanguage\":\"fr-FR\",\"potentialAction\":[{\"@type\":\"ReadAction\",\"target\":[\"https:\\\/\\\/www.organisator.ch\\\/sustainability\\\/2020-03-16\\\/waldabholzungen-corona-und-fledermaeuse-zur-entstehung-einer-ansteckenden-epidemie\\\/\"]}]},{\"@type\":\"ImageObject\",\"inLanguage\":\"fr-FR\",\"@id\":\"https:\\\/\\\/www.organisator.ch\\\/sustainability\\\/2020-03-16\\\/waldabholzungen-corona-und-fledermaeuse-zur-entstehung-einer-ansteckenden-epidemie\\\/#primaryimage\",\"url\":\"https:\\\/\\\/www.organisator.ch\\\/wp-content\\\/uploads\\\/2020\\\/03\\\/Waldabholzungen-Corona-und-Fledermaeuse-Zur-Entstehung-einer-ansteckenden-Epidemie-UP_Umwelt-Perspektiven-scaled.jpg\",\"contentUrl\":\"https:\\\/\\\/www.organisator.ch\\\/wp-content\\\/uploads\\\/2020\\\/03\\\/Waldabholzungen-Corona-und-Fledermaeuse-Zur-Entstehung-einer-ansteckenden-Epidemie-UP_Umwelt-Perspektiven-scaled.jpg\",\"width\":2560,\"height\":1700},{\"@type\":\"BreadcrumbList\",\"@id\":\"https:\\\/\\\/www.organisator.ch\\\/sustainability\\\/2020-03-16\\\/waldabholzungen-corona-und-fledermaeuse-zur-entstehung-einer-ansteckenden-epidemie\\\/#breadcrumb\",\"itemListElement\":[{\"@type\":\"ListItem\",\"position\":1,\"name\":\"Home\",\"item\":\"https:\\\/\\\/www.organisator.ch\\\/\"},{\"@type\":\"ListItem\",\"position\":2,\"name\":\"Waldabholzungen, Corona und Flederm\u00e4use: Zur Entstehung einer ansteckenden Epidemie\"}]},{\"@type\":\"WebSite\",\"@id\":\"https:\\\/\\\/www.organisator.ch\\\/#website\",\"url\":\"https:\\\/\\\/www.organisator.ch\\\/\",\"name\":\"Organisator\",\"description\":\"Kompetent. Praxisnah. Der ORGANISATOR bereitet in 10 Ausgaben pro Jahr die wesentlichen Themen f\u00fcr F\u00fchrungskr\u00e4fte von KMU auf.\",\"publisher\":{\"@id\":\"https:\\\/\\\/www.organisator.ch\\\/#organization\"},\"potentialAction\":[{\"@type\":\"SearchAction\",\"target\":{\"@type\":\"EntryPoint\",\"urlTemplate\":\"https:\\\/\\\/www.organisator.ch\\\/?s={search_term_string}\"},\"query-input\":{\"@type\":\"PropertyValueSpecification\",\"valueRequired\":true,\"valueName\":\"search_term_string\"}}],\"inLanguage\":\"fr-FR\"},{\"@type\":\"Organization\",\"@id\":\"https:\\\/\\\/www.organisator.ch\\\/#organization\",\"name\":\"Organisator\",\"url\":\"https:\\\/\\\/www.organisator.ch\\\/\",\"logo\":{\"@type\":\"ImageObject\",\"inLanguage\":\"fr-FR\",\"@id\":\"https:\\\/\\\/www.organisator.ch\\\/#\\\/schema\\\/logo\\\/image\\\/\",\"url\":\"https:\\\/\\\/www.organisator.ch\\\/wp-content\\\/uploads\\\/2022\\\/01\\\/Logo_Organisator_Website.png\",\"contentUrl\":\"https:\\\/\\\/www.organisator.ch\\\/wp-content\\\/uploads\\\/2022\\\/01\\\/Logo_Organisator_Website.png\",\"width\":800,\"height\":77,\"caption\":\"Organisator\"},\"image\":{\"@id\":\"https:\\\/\\\/www.organisator.ch\\\/#\\\/schema\\\/logo\\\/image\\\/\"},\"sameAs\":[\"https:\\\/\\\/www.facebook.com\\\/OrganisatorFachmagazin\",\"https:\\\/\\\/www.linkedin.com\\\/showcase\\\/organisator-das-magazin-fr-kmu\",\"https:\\\/\\\/www.xing.com\\\/news\\\/pages\\\/organisator-ch-695\",\"https:\\\/\\\/www.youtube.com\\\/channel\\\/UCGP2Sq0iWaZwT3BdIAQFYpw\"]},{\"@type\":\"Person\",\"@id\":\"https:\\\/\\\/www.organisator.ch\\\/#\\\/schema\\\/person\\\/134708ca9321c57b0362cceb7948ffbd\",\"name\":\"michael.merz\",\"image\":{\"@type\":\"ImageObject\",\"inLanguage\":\"fr-FR\",\"@id\":\"https:\\\/\\\/secure.gravatar.com\\\/avatar\\\/?s=96&d=mm&r=g\",\"url\":\"https:\\\/\\\/secure.gravatar.com\\\/avatar\\\/?s=96&d=mm&r=g\",\"contentUrl\":\"https:\\\/\\\/secure.gravatar.com\\\/avatar\\\/?s=96&d=mm&r=g\",\"caption\":\"michael.merz\"},\"url\":\"https:\\\/\\\/www.organisator.ch\\\/fr\\\/author\\\/michael-merz\\\/\"}]}<\/script>\n<!-- \/ Yoast SEO plugin. -->","yoast_head_json":{"title":"D\u00e9forestation, Corona et chauves-souris : vers l'\u00e9mergence d'une \u00e9pid\u00e9mie contagieuse - Organisateur","description":"D\u00e9forestation, Corona et chauves-souris : depuis que les for\u00eats sont d\u00e9bois\u00e9es, les experts mettent en garde contre les risques environnementaux comme le CoV. Sur la gen\u00e8se d'une \u00e9pid\u00e9mie.","robots":{"index":"index","follow":"follow","max-snippet":"max-snippet:-1","max-image-preview":"max-image-preview:large","max-video-preview":"max-video-preview:-1"},"canonical":"https:\/\/www.organisator.ch\/fr\/sustainability\/2020-03-16\/waldabholzungen-corona-und-fledermaeuse-zur-entstehung-einer-ansteckenden-epidemie\/","og_locale":"fr_FR","og_type":"article","og_title":"Waldabholzungen, Corona und Flederm\u00e4use: Zur Entstehung einer ansteckenden Epidemie - Organisator","og_description":"Waldabholzungen, Corona und Flederm\u00e4use: Seit die W\u00e4lder gerodet werden, warnen Experten vor Umweltrisiken wie CoV. Zur Entstehung einer Epidemie.","og_url":"https:\/\/www.organisator.ch\/fr\/sustainability\/2020-03-16\/waldabholzungen-corona-und-fledermaeuse-zur-entstehung-einer-ansteckenden-epidemie\/","og_site_name":"Organisator","article_publisher":"https:\/\/www.facebook.com\/OrganisatorFachmagazin","article_published_time":"2020-03-16T14:01:00+00:00","article_modified_time":"2022-02-09T10:06:50+00:00","og_image":[{"width":2560,"height":1700,"url":"https:\/\/www.organisator.ch\/wp-content\/uploads\/2020\/03\/Waldabholzungen-Corona-und-Fledermaeuse-Zur-Entstehung-einer-ansteckenden-Epidemie-UP_Umwelt-Perspektiven-scaled.jpg","type":"image\/jpeg"}],"author":"michael.merz","twitter_card":"summary_large_image","schema":{"@context":"https:\/\/schema.org","@graph":[{"@type":"Article","@id":"https:\/\/www.organisator.ch\/sustainability\/2020-03-16\/waldabholzungen-corona-und-fledermaeuse-zur-entstehung-einer-ansteckenden-epidemie\/#article","isPartOf":{"@id":"https:\/\/www.organisator.ch\/sustainability\/2020-03-16\/waldabholzungen-corona-und-fledermaeuse-zur-entstehung-einer-ansteckenden-epidemie\/"},"author":{"name":"michael.merz","@id":"https:\/\/www.organisator.ch\/#\/schema\/person\/134708ca9321c57b0362cceb7948ffbd"},"headline":"Waldabholzungen, Corona und Flederm\u00e4use: Zur Entstehung einer ansteckenden Epidemie","datePublished":"2020-03-16T14:01:00+00:00","dateModified":"2022-02-09T10:06:50+00:00","mainEntityOfPage":{"@id":"https:\/\/www.organisator.ch\/sustainability\/2020-03-16\/waldabholzungen-corona-und-fledermaeuse-zur-entstehung-einer-ansteckenden-epidemie\/"},"wordCount":2492,"publisher":{"@id":"https:\/\/www.organisator.ch\/#organization"},"image":{"@id":"https:\/\/www.organisator.ch\/sustainability\/2020-03-16\/waldabholzungen-corona-und-fledermaeuse-zur-entstehung-einer-ansteckenden-epidemie\/#primaryimage"},"thumbnailUrl":"https:\/\/www.organisator.ch\/wp-content\/uploads\/2020\/03\/Waldabholzungen-Corona-und-Fledermaeuse-Zur-Entstehung-einer-ansteckenden-Epidemie-UP_Umwelt-Perspektiven-scaled.jpg","keywords":["ansteckende Krankheiten","Anthropisierung","Anthropization","Corona","Coronaviren","Cov","Covid-19","Deforestation","Flederm\u00e4use","Studien","Viren"],"articleSection":["SUSTAINABILITY"],"inLanguage":"fr-FR"},{"@type":"WebPage","@id":"https:\/\/www.organisator.ch\/sustainability\/2020-03-16\/waldabholzungen-corona-und-fledermaeuse-zur-entstehung-einer-ansteckenden-epidemie\/","url":"https:\/\/www.organisator.ch\/sustainability\/2020-03-16\/waldabholzungen-corona-und-fledermaeuse-zur-entstehung-einer-ansteckenden-epidemie\/","name":"D\u00e9forestation, Corona et chauves-souris : vers l'\u00e9mergence d'une \u00e9pid\u00e9mie contagieuse - Organisateur","isPartOf":{"@id":"https:\/\/www.organisator.ch\/#website"},"primaryImageOfPage":{"@id":"https:\/\/www.organisator.ch\/sustainability\/2020-03-16\/waldabholzungen-corona-und-fledermaeuse-zur-entstehung-einer-ansteckenden-epidemie\/#primaryimage"},"image":{"@id":"https:\/\/www.organisator.ch\/sustainability\/2020-03-16\/waldabholzungen-corona-und-fledermaeuse-zur-entstehung-einer-ansteckenden-epidemie\/#primaryimage"},"thumbnailUrl":"https:\/\/www.organisator.ch\/wp-content\/uploads\/2020\/03\/Waldabholzungen-Corona-und-Fledermaeuse-Zur-Entstehung-einer-ansteckenden-Epidemie-UP_Umwelt-Perspektiven-scaled.jpg","datePublished":"2020-03-16T14:01:00+00:00","dateModified":"2022-02-09T10:06:50+00:00","description":"D\u00e9forestation, Corona et chauves-souris : depuis que les for\u00eats sont d\u00e9bois\u00e9es, les experts mettent en garde contre les risques environnementaux comme le CoV. Sur la gen\u00e8se d'une \u00e9pid\u00e9mie.","breadcrumb":{"@id":"https:\/\/www.organisator.ch\/sustainability\/2020-03-16\/waldabholzungen-corona-und-fledermaeuse-zur-entstehung-einer-ansteckenden-epidemie\/#breadcrumb"},"inLanguage":"fr-FR","potentialAction":[{"@type":"ReadAction","target":["https:\/\/www.organisator.ch\/sustainability\/2020-03-16\/waldabholzungen-corona-und-fledermaeuse-zur-entstehung-einer-ansteckenden-epidemie\/"]}]},{"@type":"ImageObject","inLanguage":"fr-FR","@id":"https:\/\/www.organisator.ch\/sustainability\/2020-03-16\/waldabholzungen-corona-und-fledermaeuse-zur-entstehung-einer-ansteckenden-epidemie\/#primaryimage","url":"https:\/\/www.organisator.ch\/wp-content\/uploads\/2020\/03\/Waldabholzungen-Corona-und-Fledermaeuse-Zur-Entstehung-einer-ansteckenden-Epidemie-UP_Umwelt-Perspektiven-scaled.jpg","contentUrl":"https:\/\/www.organisator.ch\/wp-content\/uploads\/2020\/03\/Waldabholzungen-Corona-und-Fledermaeuse-Zur-Entstehung-einer-ansteckenden-Epidemie-UP_Umwelt-Perspektiven-scaled.jpg","width":2560,"height":1700},{"@type":"BreadcrumbList","@id":"https:\/\/www.organisator.ch\/sustainability\/2020-03-16\/waldabholzungen-corona-und-fledermaeuse-zur-entstehung-einer-ansteckenden-epidemie\/#breadcrumb","itemListElement":[{"@type":"ListItem","position":1,"name":"Home","item":"https:\/\/www.organisator.ch\/"},{"@type":"ListItem","position":2,"name":"Waldabholzungen, Corona und Flederm\u00e4use: Zur Entstehung einer ansteckenden Epidemie"}]},{"@type":"WebSite","@id":"https:\/\/www.organisator.ch\/#website","url":"https:\/\/www.organisator.ch\/","name":"Organisateur","description":"Comp\u00e9tence et comp\u00e9tence. Proches de la pratique. L'ORGANISATEUR pr\u00e9pare 10 num\u00e9ros par an sur les th\u00e8mes essentiels pour les dirigeants de PME.","publisher":{"@id":"https:\/\/www.organisator.ch\/#organization"},"potentialAction":[{"@type":"SearchAction","target":{"@type":"EntryPoint","urlTemplate":"https:\/\/www.organisator.ch\/?s={search_term_string}"},"query-input":{"@type":"PropertyValueSpecification","valueRequired":true,"valueName":"search_term_string"}}],"inLanguage":"fr-FR"},{"@type":"Organization","@id":"https:\/\/www.organisator.ch\/#organization","name":"Organisateur","url":"https:\/\/www.organisator.ch\/","logo":{"@type":"ImageObject","inLanguage":"fr-FR","@id":"https:\/\/www.organisator.ch\/#\/schema\/logo\/image\/","url":"https:\/\/www.organisator.ch\/wp-content\/uploads\/2022\/01\/Logo_Organisator_Website.png","contentUrl":"https:\/\/www.organisator.ch\/wp-content\/uploads\/2022\/01\/Logo_Organisator_Website.png","width":800,"height":77,"caption":"Organisator"},"image":{"@id":"https:\/\/www.organisator.ch\/#\/schema\/logo\/image\/"},"sameAs":["https:\/\/www.facebook.com\/OrganisatorFachmagazin","https:\/\/www.linkedin.com\/showcase\/organisator-das-magazin-fr-kmu","https:\/\/www.xing.com\/news\/pages\/organisator-ch-695","https:\/\/www.youtube.com\/channel\/UCGP2Sq0iWaZwT3BdIAQFYpw"]},{"@type":"Person","@id":"https:\/\/www.organisator.ch\/#\/schema\/person\/134708ca9321c57b0362cceb7948ffbd","name":"michael.merz","image":{"@type":"ImageObject","inLanguage":"fr-FR","@id":"https:\/\/secure.gravatar.com\/avatar\/?s=96&d=mm&r=g","url":"https:\/\/secure.gravatar.com\/avatar\/?s=96&d=mm&r=g","contentUrl":"https:\/\/secure.gravatar.com\/avatar\/?s=96&d=mm&r=g","caption":"michael.merz"},"url":"https:\/\/www.organisator.ch\/fr\/author\/michael-merz\/"}]}},"_links":{"self":[{"href":"https:\/\/www.organisator.ch\/fr\/wp-json\/wp\/v2\/posts\/2923","targetHints":{"allow":["GET"]}}],"collection":[{"href":"https:\/\/www.organisator.ch\/fr\/wp-json\/wp\/v2\/posts"}],"about":[{"href":"https:\/\/www.organisator.ch\/fr\/wp-json\/wp\/v2\/types\/post"}],"author":[{"embeddable":true,"href":"https:\/\/www.organisator.ch\/fr\/wp-json\/wp\/v2\/users\/5"}],"replies":[{"embeddable":true,"href":"https:\/\/www.organisator.ch\/fr\/wp-json\/wp\/v2\/comments?post=2923"}],"version-history":[{"count":1,"href":"https:\/\/www.organisator.ch\/fr\/wp-json\/wp\/v2\/posts\/2923\/revisions"}],"predecessor-version":[{"id":10681,"href":"https:\/\/www.organisator.ch\/fr\/wp-json\/wp\/v2\/posts\/2923\/revisions\/10681"}],"wp:featuredmedia":[{"embeddable":true,"href":"https:\/\/www.organisator.ch\/fr\/wp-json\/wp\/v2\/media\/9686"}],"wp:attachment":[{"href":"https:\/\/www.organisator.ch\/fr\/wp-json\/wp\/v2\/media?parent=2923"}],"wp:term":[{"taxonomy":"category","embeddable":true,"href":"https:\/\/www.organisator.ch\/fr\/wp-json\/wp\/v2\/categories?post=2923"},{"taxonomy":"post_tag","embeddable":true,"href":"https:\/\/www.organisator.ch\/fr\/wp-json\/wp\/v2\/tags?post=2923"}],"curies":[{"name":"wp","href":"https:\/\/api.w.org\/{rel}","templated":true}]}}