{"id":29236,"date":"2024-08-23T09:19:42","date_gmt":"2024-08-23T07:19:42","guid":{"rendered":"https:\/\/www.organisator.ch\/?p=29236"},"modified":"2024-08-22T11:20:01","modified_gmt":"2024-08-22T09:20:01","slug":"die-schweiz-besitzt-eine-gigantische-rohstoffmine","status":"publish","type":"post","link":"https:\/\/www.organisator.ch\/fr\/sustainability\/2024-08-23\/die-schweiz-besitzt-eine-gigantische-rohstoffmine\/","title":{"rendered":"La Suisse poss\u00e8de une gigantesque mine de mati\u00e8res premi\u00e8res"},"content":{"rendered":"<figure id=\"attachment_29238\" aria-describedby=\"caption-attachment-29238\" style=\"width: 680px\" class=\"wp-caption alignnone\"><img loading=\"lazy\" decoding=\"async\" class=\"size-full wp-image-29238\" src=\"https:\/\/www.organisator.ch\/wp-content\/uploads\/2024\/08\/Swico_Bild1_ps.jpg\" alt=\"\" width=\"680\" height=\"453\" srcset=\"https:\/\/www.organisator.ch\/wp-content\/uploads\/2024\/08\/Swico_Bild1_ps.jpg 680w, https:\/\/www.organisator.ch\/wp-content\/uploads\/2024\/08\/Swico_Bild1_ps-18x12.jpg 18w, https:\/\/www.organisator.ch\/wp-content\/uploads\/2024\/08\/Swico_Bild1_ps-375x250.jpg 375w, https:\/\/www.organisator.ch\/wp-content\/uploads\/2024\/08\/Swico_Bild1_ps-525x350.jpg 525w\" sizes=\"auto, (max-width: 680px) 100vw, 680px\" \/><figcaption id=\"caption-attachment-29238\" class=\"wp-caption-text\">Le syst\u00e8me de recyclage Swico permet de r\u00e9cup\u00e9rer chaque ann\u00e9e environ 27'000 tonnes de mati\u00e8res premi\u00e8res secondaires \u00e0 partir des appareils \u00e9lectriques usag\u00e9s. (Image : www.swico.ch)<\/figcaption><\/figure>\n<p>Fermer les cycles de mati\u00e8res signifie utiliser efficacement les mati\u00e8res premi\u00e8res disponibles et \u00e9largir leur valeur ajout\u00e9e. Le volume de mati\u00e8res premi\u00e8res dans les zones urbaines est \u00e9norme. Gr\u00e2ce \u00e0 une r\u00e9cup\u00e9ration efficace et cibl\u00e9e, ce potentiel peut contribuer consid\u00e9rablement \u00e0 r\u00e9duire l'extraction polluante dans les mines et \u00e0 approvisionner l'industrie en mati\u00e8res premi\u00e8res secondaires.<\/p>\n<h3><strong>Des mati\u00e8res premi\u00e8res secondaires pr\u00e9cieuses pour l'industrie<\/strong><\/h3>\n<p>Le syst\u00e8me de recyclage Swico permet de r\u00e9cup\u00e9rer chaque ann\u00e9e environ 27 000 tonnes de mati\u00e8res premi\u00e8res secondaires \u00e0 partir des appareils \u00e9lectriques usag\u00e9s. Celles-ci comprennent, selon les estimations<\/p>\n<ul>\n<li>21'600 tonnes de m\u00e9taux industriels comme le fer, l'aluminium et le cuivre<\/li>\n<li>4 300 tonnes de mati\u00e8res plastiques<\/li>\n<li>900 kilogrammes de m\u00e9taux pr\u00e9cieux tels que l'or, l'argent et le palladium.<\/li>\n<\/ul>\n<p>Les m\u00e9taux pr\u00e9cieux r\u00e9cup\u00e9r\u00e9s suffisent \u00e0 eux seuls \u00e0 couvrir quatre fois la demande annuelle d'ordinateurs portables en Suisse. En outre, le cuivre recycl\u00e9 provenant des appareils \u00e9lectriques usag\u00e9s suffirait \u00e0 produire 14 fois plus de smartphones que ceux actuellement vendus en Suisse.<\/p>\n<h3><strong>Le recyclage favorise l'ind\u00e9pendance<\/strong><\/h3>\n<p>Environ 90% des appareils informatiques, de communication et de divertissement mis sur le march\u00e9 suisse retrouvent le chemin du syst\u00e8me de recyclage Swico apr\u00e8s plusieurs ann\u00e9es. Contrairement aux mines naturelles qui finissent par s'\u00e9puiser, le flux d'appareils \u00e9lectroniques mis au rebut et collect\u00e9s ne s'\u00e9puise jamais. La mission centrale de Swico est de r\u00e9introduire autant de mati\u00e8res premi\u00e8res que possible sous forme pure dans le cycle \u00e9conomique mondial. \"Notre syst\u00e8me de recyclage est une mine urbaine et donc un atout inestimable pour l'\u00e9conomie circulaire\", d\u00e9clare Jon Fanzun, directeur g\u00e9n\u00e9ral de Swico. \"Nos efforts r\u00e9duisent la d\u00e9pendance \u00e0 l'\u00e9gard de l'extraction polluante de mati\u00e8res premi\u00e8res et nous cr\u00e9ons des emplois pr\u00e9cieux\".<\/p>\n<h3><strong>Croissance rapide des appareils \u00e9lectroniques<\/strong><\/h3>\n<p>La croissance rapide des appareils \u00e9lectroniques au cours des derni\u00e8res ann\u00e9es illustre la n\u00e9cessit\u00e9 d'un syst\u00e8me de recyclage efficace. Le nombre d'appareils r\u00e9cup\u00e9r\u00e9s est pass\u00e9 d'environ 7 millions en 2012 \u00e0 l'impressionnant chiffre de 10 millions en 2023, soit une augmentation annuelle de 28%. Cette croissance s'appuie sur la demande croissante de nouveaux appareils multifonctionnels.<\/p>\n<p>On doit Urban Mining \u00e0 un syst\u00e8me de recyclage sophistiqu\u00e9 et en filigrane : depuis 30 ans, Swico exploite un \u00e9cosyst\u00e8me \u00e9tendu de 600 points de collecte, 6'000 possibilit\u00e9s de remise dans le commerce et 7 partenaires de recyclage. Ces derniers collectent, d\u00e9montent et recyclent les appareils de toutes les marques avec soin et selon les normes les plus strictes - et ce, en grande partie en Suisse. Mais ce n'est que gr\u00e2ce aux consommatrices et consommateurs qui apportent consciencieusement leurs appareils \u00e0 la d\u00e9ch\u00e8terie que quelque 40'000 tonnes de d\u00e9chets \u00e9lectroniques sont collect\u00e9es chaque ann\u00e9e.<\/p>\n<h3><strong>L'innovation comme facteur central de r\u00e9ussite<\/strong><\/h3>\n<p>Swico pousse continuellement l'innovation afin de rendre le syst\u00e8me de recyclage toujours plus efficace et progressiste. Le fonds d'innovation de Swico Recycling, qui soutient des projets orient\u00e9s vers l'avenir \u00e0 hauteur de 300 000 CHF, montre la voie vers un avenir durable. La r\u00e9cup\u00e9ration des terres rares en particulier, qui repr\u00e9sente aujourd'hui encore un d\u00e9fi \u00e9conomique, reste un objectif \u00e0 long terme.<\/p>\n<p><em>Source : <a href=\"http:\/\/www.swico.ch\">www.swico.ch<\/a><\/em><\/p>","protected":false},"excerpt":{"rendered":"<p>Au cours des 30 derni\u00e8res ann\u00e9es, Swico a collect\u00e9 et recycl\u00e9 environ un million de tonnes d'appareils \u00e9lectroniques, soit deux fois le poids de la Burj Khalifa, le plus haut b\u00e2timent du monde. Le r\u00e9sultat ? Une mine de mati\u00e8res premi\u00e8res qui fournit chaque ann\u00e9e pr\u00e8s d'une tonne de m\u00e9taux pr\u00e9cieux d'une valeur d'environ 12 millions de francs suisses.<\/p>","protected":false},"author":58,"featured_media":0,"comment_status":"closed","ping_status":"closed","sticky":false,"template":"","format":"standard","meta":{"_acf_changed":false,"_yoast_wpseo_focuskw":"Rohstoffmine","_yoast_wpseo_metadesc":"In den letzten 30 Jahren sammelte und recycelte Swico rund eine Million Tonnen Elektronikger\u00e4t.","articlekey":"","footnotes":""},"categories":[580],"tags":[1787,1987,2026,424,492],"class_list":["post-29236","post","type-post","status-publish","format-standard","hentry","category-sustainability","tag-nachhaltigkeit","tag-recycling","tag-rohstoff","tag-schweiz","tag-unternehmen"],"acf":[],"yoast_head":"<!-- This site is optimized with the Yoast SEO plugin v27.4 - https:\/\/yoast.com\/product\/yoast-seo-wordpress\/ -->\n<title>Die Schweiz besitzt eine gigantische Rohstoffmine - Organisator<\/title>\n<meta name=\"description\" content=\"In den letzten 30 Jahren sammelte und recycelte Swico rund eine Million Tonnen Elektronikger\u00e4t.\" \/>\n<meta name=\"robots\" content=\"index, follow, max-snippet:-1, max-image-preview:large, max-video-preview:-1\" \/>\n<link rel=\"canonical\" href=\"https:\/\/www.organisator.ch\/fr\/sustainability\/2024-08-23\/die-schweiz-besitzt-eine-gigantische-rohstoffmine\/\" \/>\n<meta property=\"og:locale\" content=\"fr_FR\" \/>\n<meta property=\"og:type\" content=\"article\" \/>\n<meta property=\"og:title\" content=\"Die Schweiz besitzt eine gigantische Rohstoffmine\" \/>\n<meta property=\"og:description\" content=\"In den letzten 30 Jahren sammelte und recycelte Swico rund eine Million Tonnen Elektronikger\u00e4t.\" \/>\n<meta property=\"og:url\" content=\"https:\/\/www.organisator.ch\/fr\/sustainability\/2024-08-23\/die-schweiz-besitzt-eine-gigantische-rohstoffmine\/\" \/>\n<meta property=\"og:site_name\" content=\"Organisator\" \/>\n<meta property=\"article:publisher\" content=\"https:\/\/www.facebook.com\/OrganisatorFachmagazin\" \/>\n<meta property=\"article:published_time\" content=\"2024-08-23T07:19:42+00:00\" \/>\n<meta property=\"og:image\" content=\"https:\/\/www.organisator.ch\/wp-content\/uploads\/2024\/08\/Swico_Bild1_ps.jpg\" \/>\n\t<meta property=\"og:image:width\" content=\"680\" \/>\n\t<meta property=\"og:image:height\" content=\"453\" \/>\n\t<meta property=\"og:image:type\" content=\"image\/jpeg\" \/>\n<meta name=\"author\" content=\"Adelisa Kalajdzini\" \/>\n<meta name=\"twitter:card\" content=\"summary_large_image\" \/>\n<meta name=\"twitter:title\" content=\"Die Schweiz besitzt eine gigantische Rohstoffmine\" \/>\n<meta name=\"twitter:description\" content=\"In den letzten #30 #Jahren sammelte und #recycelte #Swico rund eine #Million #Tonnen #Elektronikger\u00e4t.\" \/>\n<meta name=\"twitter:image\" content=\"https:\/\/www.organisator.ch\/wp-content\/uploads\/2024\/08\/Swico_Bild1_ps.jpg\" \/>\n<script type=\"application\/ld+json\" class=\"yoast-schema-graph\">{\"@context\":\"https:\\\/\\\/schema.org\",\"@graph\":[{\"@type\":\"Article\",\"@id\":\"https:\\\/\\\/www.organisator.ch\\\/sustainability\\\/2024-08-23\\\/die-schweiz-besitzt-eine-gigantische-rohstoffmine\\\/#article\",\"isPartOf\":{\"@id\":\"https:\\\/\\\/www.organisator.ch\\\/sustainability\\\/2024-08-23\\\/die-schweiz-besitzt-eine-gigantische-rohstoffmine\\\/\"},\"author\":{\"name\":\"Adelisa Kalajdzini\",\"@id\":\"https:\\\/\\\/www.organisator.ch\\\/#\\\/schema\\\/person\\\/2e1314a2172123f874db408d8911d3f3\"},\"headline\":\"Die Schweiz besitzt eine gigantische Rohstoffmine\",\"datePublished\":\"2024-08-23T07:19:42+00:00\",\"mainEntityOfPage\":{\"@id\":\"https:\\\/\\\/www.organisator.ch\\\/sustainability\\\/2024-08-23\\\/die-schweiz-besitzt-eine-gigantische-rohstoffmine\\\/\"},\"wordCount\":475,\"publisher\":{\"@id\":\"https:\\\/\\\/www.organisator.ch\\\/#organization\"},\"image\":{\"@id\":\"https:\\\/\\\/www.organisator.ch\\\/sustainability\\\/2024-08-23\\\/die-schweiz-besitzt-eine-gigantische-rohstoffmine\\\/#primaryimage\"},\"thumbnailUrl\":\"https:\\\/\\\/www.organisator.ch\\\/wp-content\\\/uploads\\\/2024\\\/08\\\/Swico_Bild1_ps.jpg\",\"keywords\":[\"Nachhaltigkeit\",\"Recycling\",\"Rohstoff\",\"Schweiz\",\"Unternehmen\"],\"articleSection\":[\"SUSTAINABILITY\"],\"inLanguage\":\"fr-FR\"},{\"@type\":\"WebPage\",\"@id\":\"https:\\\/\\\/www.organisator.ch\\\/sustainability\\\/2024-08-23\\\/die-schweiz-besitzt-eine-gigantische-rohstoffmine\\\/\",\"url\":\"https:\\\/\\\/www.organisator.ch\\\/sustainability\\\/2024-08-23\\\/die-schweiz-besitzt-eine-gigantische-rohstoffmine\\\/\",\"name\":\"Die Schweiz besitzt eine gigantische Rohstoffmine - Organisator\",\"isPartOf\":{\"@id\":\"https:\\\/\\\/www.organisator.ch\\\/#website\"},\"primaryImageOfPage\":{\"@id\":\"https:\\\/\\\/www.organisator.ch\\\/sustainability\\\/2024-08-23\\\/die-schweiz-besitzt-eine-gigantische-rohstoffmine\\\/#primaryimage\"},\"image\":{\"@id\":\"https:\\\/\\\/www.organisator.ch\\\/sustainability\\\/2024-08-23\\\/die-schweiz-besitzt-eine-gigantische-rohstoffmine\\\/#primaryimage\"},\"thumbnailUrl\":\"https:\\\/\\\/www.organisator.ch\\\/wp-content\\\/uploads\\\/2024\\\/08\\\/Swico_Bild1_ps.jpg\",\"datePublished\":\"2024-08-23T07:19:42+00:00\",\"description\":\"In den letzten 30 Jahren sammelte und recycelte Swico rund eine Million Tonnen Elektronikger\u00e4t.\",\"breadcrumb\":{\"@id\":\"https:\\\/\\\/www.organisator.ch\\\/sustainability\\\/2024-08-23\\\/die-schweiz-besitzt-eine-gigantische-rohstoffmine\\\/#breadcrumb\"},\"inLanguage\":\"fr-FR\",\"potentialAction\":[{\"@type\":\"ReadAction\",\"target\":[\"https:\\\/\\\/www.organisator.ch\\\/sustainability\\\/2024-08-23\\\/die-schweiz-besitzt-eine-gigantische-rohstoffmine\\\/\"]}]},{\"@type\":\"ImageObject\",\"inLanguage\":\"fr-FR\",\"@id\":\"https:\\\/\\\/www.organisator.ch\\\/sustainability\\\/2024-08-23\\\/die-schweiz-besitzt-eine-gigantische-rohstoffmine\\\/#primaryimage\",\"url\":\"https:\\\/\\\/www.organisator.ch\\\/wp-content\\\/uploads\\\/2024\\\/08\\\/Swico_Bild1_ps.jpg\",\"contentUrl\":\"https:\\\/\\\/www.organisator.ch\\\/wp-content\\\/uploads\\\/2024\\\/08\\\/Swico_Bild1_ps.jpg\"},{\"@type\":\"BreadcrumbList\",\"@id\":\"https:\\\/\\\/www.organisator.ch\\\/sustainability\\\/2024-08-23\\\/die-schweiz-besitzt-eine-gigantische-rohstoffmine\\\/#breadcrumb\",\"itemListElement\":[{\"@type\":\"ListItem\",\"position\":1,\"name\":\"Home\",\"item\":\"https:\\\/\\\/www.organisator.ch\\\/\"},{\"@type\":\"ListItem\",\"position\":2,\"name\":\"Die Schweiz besitzt eine gigantische Rohstoffmine\"}]},{\"@type\":\"WebSite\",\"@id\":\"https:\\\/\\\/www.organisator.ch\\\/#website\",\"url\":\"https:\\\/\\\/www.organisator.ch\\\/\",\"name\":\"Organisator\",\"description\":\"Kompetent. Praxisnah. Der ORGANISATOR bereitet in 10 Ausgaben pro Jahr die wesentlichen Themen f\u00fcr F\u00fchrungskr\u00e4fte von KMU auf.\",\"publisher\":{\"@id\":\"https:\\\/\\\/www.organisator.ch\\\/#organization\"},\"potentialAction\":[{\"@type\":\"SearchAction\",\"target\":{\"@type\":\"EntryPoint\",\"urlTemplate\":\"https:\\\/\\\/www.organisator.ch\\\/?s={search_term_string}\"},\"query-input\":{\"@type\":\"PropertyValueSpecification\",\"valueRequired\":true,\"valueName\":\"search_term_string\"}}],\"inLanguage\":\"fr-FR\"},{\"@type\":\"Organization\",\"@id\":\"https:\\\/\\\/www.organisator.ch\\\/#organization\",\"name\":\"Organisator\",\"url\":\"https:\\\/\\\/www.organisator.ch\\\/\",\"logo\":{\"@type\":\"ImageObject\",\"inLanguage\":\"fr-FR\",\"@id\":\"https:\\\/\\\/www.organisator.ch\\\/#\\\/schema\\\/logo\\\/image\\\/\",\"url\":\"https:\\\/\\\/www.organisator.ch\\\/wp-content\\\/uploads\\\/2022\\\/01\\\/Logo_Organisator_Website.png\",\"contentUrl\":\"https:\\\/\\\/www.organisator.ch\\\/wp-content\\\/uploads\\\/2022\\\/01\\\/Logo_Organisator_Website.png\",\"width\":800,\"height\":77,\"caption\":\"Organisator\"},\"image\":{\"@id\":\"https:\\\/\\\/www.organisator.ch\\\/#\\\/schema\\\/logo\\\/image\\\/\"},\"sameAs\":[\"https:\\\/\\\/www.facebook.com\\\/OrganisatorFachmagazin\",\"https:\\\/\\\/www.linkedin.com\\\/showcase\\\/organisator-das-magazin-fr-kmu\",\"https:\\\/\\\/www.xing.com\\\/news\\\/pages\\\/organisator-ch-695\",\"https:\\\/\\\/www.youtube.com\\\/channel\\\/UCGP2Sq0iWaZwT3BdIAQFYpw\"]},{\"@type\":\"Person\",\"@id\":\"https:\\\/\\\/www.organisator.ch\\\/#\\\/schema\\\/person\\\/2e1314a2172123f874db408d8911d3f3\",\"name\":\"Adelisa Kalajdzini\",\"image\":{\"@type\":\"ImageObject\",\"inLanguage\":\"fr-FR\",\"@id\":\"https:\\\/\\\/secure.gravatar.com\\\/avatar\\\/09a397c22ac58cad6f160ee8306348599df9df58a8ede73696226897b9fa4b24?s=96&d=mm&r=g\",\"url\":\"https:\\\/\\\/secure.gravatar.com\\\/avatar\\\/09a397c22ac58cad6f160ee8306348599df9df58a8ede73696226897b9fa4b24?s=96&d=mm&r=g\",\"contentUrl\":\"https:\\\/\\\/secure.gravatar.com\\\/avatar\\\/09a397c22ac58cad6f160ee8306348599df9df58a8ede73696226897b9fa4b24?s=96&d=mm&r=g\",\"caption\":\"Adelisa Kalajdzini\"},\"url\":\"https:\\\/\\\/www.organisator.ch\\\/fr\\\/author\\\/adelisa-kalajdzini\\\/\"}]}<\/script>\n<!-- \/ Yoast SEO plugin. -->","yoast_head_json":{"title":"La Suisse poss\u00e8de une gigantesque mine de mati\u00e8res premi\u00e8res - Organisateur","description":"Au cours des 30 derni\u00e8res ann\u00e9es, Swico a collect\u00e9 et recycl\u00e9 environ un million de tonnes d'appareils \u00e9lectroniques.","robots":{"index":"index","follow":"follow","max-snippet":"max-snippet:-1","max-image-preview":"max-image-preview:large","max-video-preview":"max-video-preview:-1"},"canonical":"https:\/\/www.organisator.ch\/fr\/sustainability\/2024-08-23\/die-schweiz-besitzt-eine-gigantische-rohstoffmine\/","og_locale":"fr_FR","og_type":"article","og_title":"Die Schweiz besitzt eine gigantische Rohstoffmine","og_description":"In den letzten 30 Jahren sammelte und recycelte Swico rund eine Million Tonnen Elektronikger\u00e4t.","og_url":"https:\/\/www.organisator.ch\/fr\/sustainability\/2024-08-23\/die-schweiz-besitzt-eine-gigantische-rohstoffmine\/","og_site_name":"Organisator","article_publisher":"https:\/\/www.facebook.com\/OrganisatorFachmagazin","article_published_time":"2024-08-23T07:19:42+00:00","og_image":[{"width":680,"height":453,"url":"https:\/\/www.organisator.ch\/wp-content\/uploads\/2024\/08\/Swico_Bild1_ps.jpg","type":"image\/jpeg"}],"author":"Adelisa Kalajdzini","twitter_card":"summary_large_image","twitter_title":"Die Schweiz besitzt eine gigantische Rohstoffmine","twitter_description":"In den letzten #30 #Jahren sammelte und #recycelte #Swico rund eine #Million #Tonnen #Elektronikger\u00e4t.","twitter_image":"https:\/\/www.organisator.ch\/wp-content\/uploads\/2024\/08\/Swico_Bild1_ps.jpg","schema":{"@context":"https:\/\/schema.org","@graph":[{"@type":"Article","@id":"https:\/\/www.organisator.ch\/sustainability\/2024-08-23\/die-schweiz-besitzt-eine-gigantische-rohstoffmine\/#article","isPartOf":{"@id":"https:\/\/www.organisator.ch\/sustainability\/2024-08-23\/die-schweiz-besitzt-eine-gigantische-rohstoffmine\/"},"author":{"name":"Adelisa Kalajdzini","@id":"https:\/\/www.organisator.ch\/#\/schema\/person\/2e1314a2172123f874db408d8911d3f3"},"headline":"Die Schweiz besitzt eine gigantische Rohstoffmine","datePublished":"2024-08-23T07:19:42+00:00","mainEntityOfPage":{"@id":"https:\/\/www.organisator.ch\/sustainability\/2024-08-23\/die-schweiz-besitzt-eine-gigantische-rohstoffmine\/"},"wordCount":475,"publisher":{"@id":"https:\/\/www.organisator.ch\/#organization"},"image":{"@id":"https:\/\/www.organisator.ch\/sustainability\/2024-08-23\/die-schweiz-besitzt-eine-gigantische-rohstoffmine\/#primaryimage"},"thumbnailUrl":"https:\/\/www.organisator.ch\/wp-content\/uploads\/2024\/08\/Swico_Bild1_ps.jpg","keywords":["Nachhaltigkeit","Recycling","Rohstoff","Schweiz","Unternehmen"],"articleSection":["SUSTAINABILITY"],"inLanguage":"fr-FR"},{"@type":"WebPage","@id":"https:\/\/www.organisator.ch\/sustainability\/2024-08-23\/die-schweiz-besitzt-eine-gigantische-rohstoffmine\/","url":"https:\/\/www.organisator.ch\/sustainability\/2024-08-23\/die-schweiz-besitzt-eine-gigantische-rohstoffmine\/","name":"La Suisse poss\u00e8de une gigantesque mine de mati\u00e8res premi\u00e8res - Organisateur","isPartOf":{"@id":"https:\/\/www.organisator.ch\/#website"},"primaryImageOfPage":{"@id":"https:\/\/www.organisator.ch\/sustainability\/2024-08-23\/die-schweiz-besitzt-eine-gigantische-rohstoffmine\/#primaryimage"},"image":{"@id":"https:\/\/www.organisator.ch\/sustainability\/2024-08-23\/die-schweiz-besitzt-eine-gigantische-rohstoffmine\/#primaryimage"},"thumbnailUrl":"https:\/\/www.organisator.ch\/wp-content\/uploads\/2024\/08\/Swico_Bild1_ps.jpg","datePublished":"2024-08-23T07:19:42+00:00","description":"Au cours des 30 derni\u00e8res ann\u00e9es, Swico a collect\u00e9 et recycl\u00e9 environ un million de tonnes d'appareils \u00e9lectroniques.","breadcrumb":{"@id":"https:\/\/www.organisator.ch\/sustainability\/2024-08-23\/die-schweiz-besitzt-eine-gigantische-rohstoffmine\/#breadcrumb"},"inLanguage":"fr-FR","potentialAction":[{"@type":"ReadAction","target":["https:\/\/www.organisator.ch\/sustainability\/2024-08-23\/die-schweiz-besitzt-eine-gigantische-rohstoffmine\/"]}]},{"@type":"ImageObject","inLanguage":"fr-FR","@id":"https:\/\/www.organisator.ch\/sustainability\/2024-08-23\/die-schweiz-besitzt-eine-gigantische-rohstoffmine\/#primaryimage","url":"https:\/\/www.organisator.ch\/wp-content\/uploads\/2024\/08\/Swico_Bild1_ps.jpg","contentUrl":"https:\/\/www.organisator.ch\/wp-content\/uploads\/2024\/08\/Swico_Bild1_ps.jpg"},{"@type":"BreadcrumbList","@id":"https:\/\/www.organisator.ch\/sustainability\/2024-08-23\/die-schweiz-besitzt-eine-gigantische-rohstoffmine\/#breadcrumb","itemListElement":[{"@type":"ListItem","position":1,"name":"Home","item":"https:\/\/www.organisator.ch\/"},{"@type":"ListItem","position":2,"name":"Die Schweiz besitzt eine gigantische Rohstoffmine"}]},{"@type":"WebSite","@id":"https:\/\/www.organisator.ch\/#website","url":"https:\/\/www.organisator.ch\/","name":"Organisateur","description":"Comp\u00e9tence et comp\u00e9tence. Proches de la pratique. L'ORGANISATEUR pr\u00e9pare 10 num\u00e9ros par an sur les th\u00e8mes essentiels pour les dirigeants de PME.","publisher":{"@id":"https:\/\/www.organisator.ch\/#organization"},"potentialAction":[{"@type":"SearchAction","target":{"@type":"EntryPoint","urlTemplate":"https:\/\/www.organisator.ch\/?s={search_term_string}"},"query-input":{"@type":"PropertyValueSpecification","valueRequired":true,"valueName":"search_term_string"}}],"inLanguage":"fr-FR"},{"@type":"Organization","@id":"https:\/\/www.organisator.ch\/#organization","name":"Organisateur","url":"https:\/\/www.organisator.ch\/","logo":{"@type":"ImageObject","inLanguage":"fr-FR","@id":"https:\/\/www.organisator.ch\/#\/schema\/logo\/image\/","url":"https:\/\/www.organisator.ch\/wp-content\/uploads\/2022\/01\/Logo_Organisator_Website.png","contentUrl":"https:\/\/www.organisator.ch\/wp-content\/uploads\/2022\/01\/Logo_Organisator_Website.png","width":800,"height":77,"caption":"Organisator"},"image":{"@id":"https:\/\/www.organisator.ch\/#\/schema\/logo\/image\/"},"sameAs":["https:\/\/www.facebook.com\/OrganisatorFachmagazin","https:\/\/www.linkedin.com\/showcase\/organisator-das-magazin-fr-kmu","https:\/\/www.xing.com\/news\/pages\/organisator-ch-695","https:\/\/www.youtube.com\/channel\/UCGP2Sq0iWaZwT3BdIAQFYpw"]},{"@type":"Person","@id":"https:\/\/www.organisator.ch\/#\/schema\/person\/2e1314a2172123f874db408d8911d3f3","name":"Adelisa Kalajdzini","image":{"@type":"ImageObject","inLanguage":"fr-FR","@id":"https:\/\/secure.gravatar.com\/avatar\/09a397c22ac58cad6f160ee8306348599df9df58a8ede73696226897b9fa4b24?s=96&d=mm&r=g","url":"https:\/\/secure.gravatar.com\/avatar\/09a397c22ac58cad6f160ee8306348599df9df58a8ede73696226897b9fa4b24?s=96&d=mm&r=g","contentUrl":"https:\/\/secure.gravatar.com\/avatar\/09a397c22ac58cad6f160ee8306348599df9df58a8ede73696226897b9fa4b24?s=96&d=mm&r=g","caption":"Adelisa Kalajdzini"},"url":"https:\/\/www.organisator.ch\/fr\/author\/adelisa-kalajdzini\/"}]}},"_links":{"self":[{"href":"https:\/\/www.organisator.ch\/fr\/wp-json\/wp\/v2\/posts\/29236","targetHints":{"allow":["GET"]}}],"collection":[{"href":"https:\/\/www.organisator.ch\/fr\/wp-json\/wp\/v2\/posts"}],"about":[{"href":"https:\/\/www.organisator.ch\/fr\/wp-json\/wp\/v2\/types\/post"}],"author":[{"embeddable":true,"href":"https:\/\/www.organisator.ch\/fr\/wp-json\/wp\/v2\/users\/58"}],"replies":[{"embeddable":true,"href":"https:\/\/www.organisator.ch\/fr\/wp-json\/wp\/v2\/comments?post=29236"}],"version-history":[{"count":5,"href":"https:\/\/www.organisator.ch\/fr\/wp-json\/wp\/v2\/posts\/29236\/revisions"}],"predecessor-version":[{"id":29302,"href":"https:\/\/www.organisator.ch\/fr\/wp-json\/wp\/v2\/posts\/29236\/revisions\/29302"}],"wp:attachment":[{"href":"https:\/\/www.organisator.ch\/fr\/wp-json\/wp\/v2\/media?parent=29236"}],"wp:term":[{"taxonomy":"category","embeddable":true,"href":"https:\/\/www.organisator.ch\/fr\/wp-json\/wp\/v2\/categories?post=29236"},{"taxonomy":"post_tag","embeddable":true,"href":"https:\/\/www.organisator.ch\/fr\/wp-json\/wp\/v2\/tags?post=29236"}],"curies":[{"name":"wp","href":"https:\/\/api.w.org\/{rel}","templated":true}]}}