{"id":29240,"date":"2024-08-23T12:49:08","date_gmt":"2024-08-23T10:49:08","guid":{"rendered":"https:\/\/www.organisator.ch\/?p=29240"},"modified":"2024-08-22T13:49:19","modified_gmt":"2024-08-22T11:49:19","slug":"igravity-erweitert-kompetenz-mit-zwei-neuen-verwaltungsraeten","status":"publish","type":"post","link":"https:\/\/www.organisator.ch\/fr\/management\/2024-08-23\/igravity-erweitert-kompetenz-mit-zwei-neuen-verwaltungsraeten\/","title":{"rendered":"iGravity \u00e9largit ses comp\u00e9tences avec deux nouveaux membres du conseil d'administration"},"content":{"rendered":"<figure id=\"attachment_29242\" aria-describedby=\"caption-attachment-29242\" style=\"width: 680px\" class=\"wp-caption alignnone\"><img loading=\"lazy\" decoding=\"async\" class=\"size-full wp-image-29242\" src=\"https:\/\/www.organisator.ch\/wp-content\/uploads\/2024\/08\/Heidi-Foppa-and-Andrew-Bredenkamp_Bild1_ps.jpg\" alt=\"\" width=\"680\" height=\"382\" srcset=\"https:\/\/www.organisator.ch\/wp-content\/uploads\/2024\/08\/Heidi-Foppa-and-Andrew-Bredenkamp_Bild1_ps.jpg 680w, https:\/\/www.organisator.ch\/wp-content\/uploads\/2024\/08\/Heidi-Foppa-and-Andrew-Bredenkamp_Bild1_ps-18x10.jpg 18w, https:\/\/www.organisator.ch\/wp-content\/uploads\/2024\/08\/Heidi-Foppa-and-Andrew-Bredenkamp_Bild1_ps-375x211.jpg 375w, https:\/\/www.organisator.ch\/wp-content\/uploads\/2024\/08\/Heidi-Foppa-and-Andrew-Bredenkamp_Bild1_ps-623x350.jpg 623w\" sizes=\"auto, (max-width: 680px) 100vw, 680px\" \/><figcaption id=\"caption-attachment-29242\" class=\"wp-caption-text\">Deux nouveaux membres au conseil d'administration - Heidi Foppa et Andrew Bredenkamp. (Image : www.igravity.net)<\/figcaption><\/figure>\n<p>L'impact investing d\u00e9signe les investissements qui visent non seulement \u00e0 g\u00e9n\u00e9rer des revenus financiers, mais aussi \u00e0 obtenir un impact social ou \u00e9cologique positif et d\u00e9montrable. Il s'agit d'investir dans des entreprises, des organisations et des fonds afin de cr\u00e9er, outre un b\u00e9n\u00e9fice \u00e9conomique, un avantage social ou \u00e9cologique. C'est le cas d'iGravity, qui renforce ses comp\u00e9tences avec deux nouveaux administrateurs.<\/p>\n<p>Heidi Foppa apporte plus de 25 ans d'exp\u00e9rience de direction dans les domaines de la gestion, du conseil et du management ainsi que de l'impact investing. Sa vaste carri\u00e8re comprend des r\u00f4les dans le d\u00e9veloppement de produits, les services financiers et le d\u00e9veloppement commercial strat\u00e9gique au sein d'institutions de renomm\u00e9e mondiale telles que Sectoral Asset Management, Triodos Investment Management et Lombard Odier. L'engagement d'Heidi en faveur de l'investissement d'impact et son r\u00f4le actif en tant qu'investisseur providentiel et leader form\u00e9 de B-Corp feront progresser la mission d'iGravity, qui consiste \u00e0 utiliser les ressources financi\u00e8res \u00e0 des fins sociales positives.<\/p>\n<p>Andrew Bredenkamp est un entrepreneur technologique exp\u00e9riment\u00e9 et une personnalit\u00e9 exceptionnelle dans les domaines de l'IA et de l'investissement \u00e0 impact social. En tant que fondateur et ancien CEO d'Acrolinx, Andrew a \u00e9t\u00e9 \u00e0 l'origine de d\u00e9veloppements r\u00e9volutionnaires. Son engagement aupr\u00e8s de Clear Global et de nombreuses initiatives d'impact social en Afrique, en Inde et en Europe souligne sa volont\u00e9 de promouvoir des changements significatifs gr\u00e2ce \u00e0 des solutions innovantes. L'expertise d'Andrew contribuera de mani\u00e8re significative au d\u00e9veloppement d'iGravity.<\/p>\n<h3><strong>Approbation de la FINMA : Une preuve de notre engagement<\/strong><\/h3>\n<p>Cet \u00e9largissement de la direction co\u00efncide avec une autre \u00e9tape importante pour iGravity : Agr\u00e9ment FINMA en tant que gestionnaire de portefeuille agr\u00e9\u00e9. Cette reconnaissance r\u00e9glementaire confirme non seulement le professionnalisme et l'engagement d'iGravity en faveur de l'int\u00e9grit\u00e9 de l'impact, mais renforce \u00e9galement ses capacit\u00e9s pour les clients et les partenaires \u00e0 la recherche d'investissements efficaces qui g\u00e9n\u00e8rent \u00e0 la fois des rendements financiers et des avantages sociaux tangibles.<\/p>\n<p><em>Source : <a href=\"http:\/\/www.igravity.net\">www.igravity.net<\/a><\/em><\/p>","protected":false},"excerpt":{"rendered":"<p>iGravity, une soci\u00e9t\u00e9 mondiale d'investissement d'impact qui se consacre \u00e0 la cr\u00e9ation d'un monde plus juste et plus durable, a le plaisir d'annoncer la nomination de deux nouveaux membres \u00e0 son conseil d'administration : Heidi Foppa et Andrew Bredenkamp - aux c\u00f4t\u00e9s des membres actuels du conseil d'administration, Bernhard Hodler et Patrick Elmer. <\/p>","protected":false},"author":58,"featured_media":29242,"comment_status":"closed","ping_status":"closed","sticky":false,"template":"","format":"standard","meta":{"_acf_changed":false,"_yoast_wpseo_focuskw":"iGravity","_yoast_wpseo_metadesc":"iGravity, eine globale Impact-Investmentfirma freut sich, die Ernennung von zwei neuen Mitgliedern in seinen Vorstand bekannt zu geben.","articlekey":"","footnotes":""},"categories":[28,580],"tags":[1442,335,1787,492,513],"class_list":["post-29240","post","type-post","status-publish","format-standard","has-post-thumbnail","hentry","category-management","category-sustainability","tag-investment","tag-management-und-unternehmensfuehrung","tag-nachhaltigkeit","tag-unternehmen","tag-verwaltungsraete"],"acf":[],"yoast_head":"<!-- This site is optimized with the Yoast SEO plugin v27.4 - https:\/\/yoast.com\/product\/yoast-seo-wordpress\/ -->\n<title>iGravity erweitert Kompetenz mit zwei neuen Verwaltungsr\u00e4ten - Organisator<\/title>\n<meta name=\"description\" content=\"iGravity, eine globale Impact-Investmentfirma freut sich, die Ernennung von zwei neuen Mitgliedern in seinen Vorstand bekannt zu geben.\" \/>\n<meta name=\"robots\" content=\"index, follow, max-snippet:-1, max-image-preview:large, max-video-preview:-1\" \/>\n<link rel=\"canonical\" href=\"https:\/\/www.organisator.ch\/fr\/gestion-2\/2024-08-23\/igravity-erweitert-kompetenz-mit-zwei-neuen-verwaltungsraeten\/\" \/>\n<meta property=\"og:locale\" content=\"fr_FR\" \/>\n<meta property=\"og:type\" content=\"article\" \/>\n<meta property=\"og:title\" content=\"iGravity erweitert Kompetenz mit zwei neuen Verwaltungsr\u00e4ten\" \/>\n<meta property=\"og:description\" content=\"iGravity, eine globale Impact-Investmentfirma freut sich, die Ernennung von zwei neuen Mitgliedern in seinen Vorstand bekannt zu geben.\" \/>\n<meta property=\"og:url\" content=\"https:\/\/www.organisator.ch\/fr\/gestion-2\/2024-08-23\/igravity-erweitert-kompetenz-mit-zwei-neuen-verwaltungsraeten\/\" \/>\n<meta property=\"og:site_name\" content=\"Organisator\" \/>\n<meta property=\"article:publisher\" content=\"https:\/\/www.facebook.com\/OrganisatorFachmagazin\" \/>\n<meta property=\"article:published_time\" content=\"2024-08-23T10:49:08+00:00\" \/>\n<meta property=\"og:image\" content=\"https:\/\/www.organisator.ch\/wp-content\/uploads\/2024\/08\/Heidi-Foppa-and-Andrew-Bredenkamp_Bild1_ps.jpg\" \/>\n\t<meta property=\"og:image:width\" content=\"680\" \/>\n\t<meta property=\"og:image:height\" content=\"382\" \/>\n\t<meta property=\"og:image:type\" content=\"image\/jpeg\" \/>\n<meta name=\"author\" content=\"Adelisa Kalajdzini\" \/>\n<meta name=\"twitter:card\" content=\"summary_large_image\" \/>\n<meta name=\"twitter:title\" content=\"iGravity erweitert Kompetenz mit zwei neuen Verwaltungsr\u00e4ten\" \/>\n<meta name=\"twitter:description\" content=\"#iGravity, eine globale #Impact-Investmentfirma freut sich, die #Ernennung von #zwei neuen #Mitgliedern in seinen #Vorstand bekannt zu geben.\" \/>\n<meta name=\"twitter:image\" content=\"https:\/\/www.organisator.ch\/wp-content\/uploads\/2024\/08\/Heidi-Foppa-and-Andrew-Bredenkamp_Bild1_ps.jpg\" \/>\n<script type=\"application\/ld+json\" class=\"yoast-schema-graph\">{\"@context\":\"https:\\\/\\\/schema.org\",\"@graph\":[{\"@type\":\"Article\",\"@id\":\"https:\\\/\\\/www.organisator.ch\\\/management\\\/2024-08-23\\\/igravity-erweitert-kompetenz-mit-zwei-neuen-verwaltungsraeten\\\/#article\",\"isPartOf\":{\"@id\":\"https:\\\/\\\/www.organisator.ch\\\/management\\\/2024-08-23\\\/igravity-erweitert-kompetenz-mit-zwei-neuen-verwaltungsraeten\\\/\"},\"author\":{\"name\":\"Adelisa Kalajdzini\",\"@id\":\"https:\\\/\\\/www.organisator.ch\\\/#\\\/schema\\\/person\\\/2e1314a2172123f874db408d8911d3f3\"},\"headline\":\"iGravity erweitert Kompetenz mit zwei neuen Verwaltungsr\u00e4ten\",\"datePublished\":\"2024-08-23T10:49:08+00:00\",\"mainEntityOfPage\":{\"@id\":\"https:\\\/\\\/www.organisator.ch\\\/management\\\/2024-08-23\\\/igravity-erweitert-kompetenz-mit-zwei-neuen-verwaltungsraeten\\\/\"},\"wordCount\":315,\"publisher\":{\"@id\":\"https:\\\/\\\/www.organisator.ch\\\/#organization\"},\"image\":{\"@id\":\"https:\\\/\\\/www.organisator.ch\\\/management\\\/2024-08-23\\\/igravity-erweitert-kompetenz-mit-zwei-neuen-verwaltungsraeten\\\/#primaryimage\"},\"thumbnailUrl\":\"https:\\\/\\\/www.organisator.ch\\\/wp-content\\\/uploads\\\/2024\\\/08\\\/Heidi-Foppa-and-Andrew-Bredenkamp_Bild1_ps.jpg\",\"keywords\":[\"Investment\",\"Management und Unternehmensf\u00fchrung\",\"Nachhaltigkeit\",\"Unternehmen\",\"Verwaltungsr\u00e4te\"],\"articleSection\":[\"MANAGEMENT\",\"SUSTAINABILITY\"],\"inLanguage\":\"fr-FR\"},{\"@type\":\"WebPage\",\"@id\":\"https:\\\/\\\/www.organisator.ch\\\/management\\\/2024-08-23\\\/igravity-erweitert-kompetenz-mit-zwei-neuen-verwaltungsraeten\\\/\",\"url\":\"https:\\\/\\\/www.organisator.ch\\\/management\\\/2024-08-23\\\/igravity-erweitert-kompetenz-mit-zwei-neuen-verwaltungsraeten\\\/\",\"name\":\"iGravity erweitert Kompetenz mit zwei neuen Verwaltungsr\u00e4ten - Organisator\",\"isPartOf\":{\"@id\":\"https:\\\/\\\/www.organisator.ch\\\/#website\"},\"primaryImageOfPage\":{\"@id\":\"https:\\\/\\\/www.organisator.ch\\\/management\\\/2024-08-23\\\/igravity-erweitert-kompetenz-mit-zwei-neuen-verwaltungsraeten\\\/#primaryimage\"},\"image\":{\"@id\":\"https:\\\/\\\/www.organisator.ch\\\/management\\\/2024-08-23\\\/igravity-erweitert-kompetenz-mit-zwei-neuen-verwaltungsraeten\\\/#primaryimage\"},\"thumbnailUrl\":\"https:\\\/\\\/www.organisator.ch\\\/wp-content\\\/uploads\\\/2024\\\/08\\\/Heidi-Foppa-and-Andrew-Bredenkamp_Bild1_ps.jpg\",\"datePublished\":\"2024-08-23T10:49:08+00:00\",\"description\":\"iGravity, eine globale Impact-Investmentfirma freut sich, die Ernennung von zwei neuen Mitgliedern in seinen Vorstand bekannt zu geben.\",\"breadcrumb\":{\"@id\":\"https:\\\/\\\/www.organisator.ch\\\/management\\\/2024-08-23\\\/igravity-erweitert-kompetenz-mit-zwei-neuen-verwaltungsraeten\\\/#breadcrumb\"},\"inLanguage\":\"fr-FR\",\"potentialAction\":[{\"@type\":\"ReadAction\",\"target\":[\"https:\\\/\\\/www.organisator.ch\\\/management\\\/2024-08-23\\\/igravity-erweitert-kompetenz-mit-zwei-neuen-verwaltungsraeten\\\/\"]}]},{\"@type\":\"ImageObject\",\"inLanguage\":\"fr-FR\",\"@id\":\"https:\\\/\\\/www.organisator.ch\\\/management\\\/2024-08-23\\\/igravity-erweitert-kompetenz-mit-zwei-neuen-verwaltungsraeten\\\/#primaryimage\",\"url\":\"https:\\\/\\\/www.organisator.ch\\\/wp-content\\\/uploads\\\/2024\\\/08\\\/Heidi-Foppa-and-Andrew-Bredenkamp_Bild1_ps.jpg\",\"contentUrl\":\"https:\\\/\\\/www.organisator.ch\\\/wp-content\\\/uploads\\\/2024\\\/08\\\/Heidi-Foppa-and-Andrew-Bredenkamp_Bild1_ps.jpg\",\"width\":680,\"height\":382,\"caption\":\"Zwei neue Mitglieder in den Vorstand - Heidi Foppa und Andrew Bredenkamp. (Bild: www.igravity.net)\"},{\"@type\":\"BreadcrumbList\",\"@id\":\"https:\\\/\\\/www.organisator.ch\\\/management\\\/2024-08-23\\\/igravity-erweitert-kompetenz-mit-zwei-neuen-verwaltungsraeten\\\/#breadcrumb\",\"itemListElement\":[{\"@type\":\"ListItem\",\"position\":1,\"name\":\"Home\",\"item\":\"https:\\\/\\\/www.organisator.ch\\\/\"},{\"@type\":\"ListItem\",\"position\":2,\"name\":\"iGravity erweitert Kompetenz mit zwei neuen Verwaltungsr\u00e4ten\"}]},{\"@type\":\"WebSite\",\"@id\":\"https:\\\/\\\/www.organisator.ch\\\/#website\",\"url\":\"https:\\\/\\\/www.organisator.ch\\\/\",\"name\":\"Organisator\",\"description\":\"Kompetent. Praxisnah. Der ORGANISATOR bereitet in 10 Ausgaben pro Jahr die wesentlichen Themen f\u00fcr F\u00fchrungskr\u00e4fte von KMU auf.\",\"publisher\":{\"@id\":\"https:\\\/\\\/www.organisator.ch\\\/#organization\"},\"potentialAction\":[{\"@type\":\"SearchAction\",\"target\":{\"@type\":\"EntryPoint\",\"urlTemplate\":\"https:\\\/\\\/www.organisator.ch\\\/?s={search_term_string}\"},\"query-input\":{\"@type\":\"PropertyValueSpecification\",\"valueRequired\":true,\"valueName\":\"search_term_string\"}}],\"inLanguage\":\"fr-FR\"},{\"@type\":\"Organization\",\"@id\":\"https:\\\/\\\/www.organisator.ch\\\/#organization\",\"name\":\"Organisator\",\"url\":\"https:\\\/\\\/www.organisator.ch\\\/\",\"logo\":{\"@type\":\"ImageObject\",\"inLanguage\":\"fr-FR\",\"@id\":\"https:\\\/\\\/www.organisator.ch\\\/#\\\/schema\\\/logo\\\/image\\\/\",\"url\":\"https:\\\/\\\/www.organisator.ch\\\/wp-content\\\/uploads\\\/2022\\\/01\\\/Logo_Organisator_Website.png\",\"contentUrl\":\"https:\\\/\\\/www.organisator.ch\\\/wp-content\\\/uploads\\\/2022\\\/01\\\/Logo_Organisator_Website.png\",\"width\":800,\"height\":77,\"caption\":\"Organisator\"},\"image\":{\"@id\":\"https:\\\/\\\/www.organisator.ch\\\/#\\\/schema\\\/logo\\\/image\\\/\"},\"sameAs\":[\"https:\\\/\\\/www.facebook.com\\\/OrganisatorFachmagazin\",\"https:\\\/\\\/www.linkedin.com\\\/showcase\\\/organisator-das-magazin-fr-kmu\",\"https:\\\/\\\/www.xing.com\\\/news\\\/pages\\\/organisator-ch-695\",\"https:\\\/\\\/www.youtube.com\\\/channel\\\/UCGP2Sq0iWaZwT3BdIAQFYpw\"]},{\"@type\":\"Person\",\"@id\":\"https:\\\/\\\/www.organisator.ch\\\/#\\\/schema\\\/person\\\/2e1314a2172123f874db408d8911d3f3\",\"name\":\"Adelisa Kalajdzini\",\"image\":{\"@type\":\"ImageObject\",\"inLanguage\":\"fr-FR\",\"@id\":\"https:\\\/\\\/secure.gravatar.com\\\/avatar\\\/09a397c22ac58cad6f160ee8306348599df9df58a8ede73696226897b9fa4b24?s=96&d=mm&r=g\",\"url\":\"https:\\\/\\\/secure.gravatar.com\\\/avatar\\\/09a397c22ac58cad6f160ee8306348599df9df58a8ede73696226897b9fa4b24?s=96&d=mm&r=g\",\"contentUrl\":\"https:\\\/\\\/secure.gravatar.com\\\/avatar\\\/09a397c22ac58cad6f160ee8306348599df9df58a8ede73696226897b9fa4b24?s=96&d=mm&r=g\",\"caption\":\"Adelisa Kalajdzini\"},\"url\":\"https:\\\/\\\/www.organisator.ch\\\/fr\\\/author\\\/adelisa-kalajdzini\\\/\"}]}<\/script>\n<!-- \/ Yoast SEO plugin. -->","yoast_head_json":{"title":"iGravity \u00e9largit ses comp\u00e9tences avec deux nouveaux administrateurs - Organisateur","description":"iGravity, une soci\u00e9t\u00e9 mondiale d'investissement d'impact, est heureuse d'annoncer la nomination de deux nouveaux membres \u00e0 son conseil d'administration.","robots":{"index":"index","follow":"follow","max-snippet":"max-snippet:-1","max-image-preview":"max-image-preview:large","max-video-preview":"max-video-preview:-1"},"canonical":"https:\/\/www.organisator.ch\/fr\/gestion-2\/2024-08-23\/igravity-erweitert-kompetenz-mit-zwei-neuen-verwaltungsraeten\/","og_locale":"fr_FR","og_type":"article","og_title":"iGravity erweitert Kompetenz mit zwei neuen Verwaltungsr\u00e4ten","og_description":"iGravity, eine globale Impact-Investmentfirma freut sich, die Ernennung von zwei neuen Mitgliedern in seinen Vorstand bekannt zu geben.","og_url":"https:\/\/www.organisator.ch\/fr\/gestion-2\/2024-08-23\/igravity-erweitert-kompetenz-mit-zwei-neuen-verwaltungsraeten\/","og_site_name":"Organisator","article_publisher":"https:\/\/www.facebook.com\/OrganisatorFachmagazin","article_published_time":"2024-08-23T10:49:08+00:00","og_image":[{"width":680,"height":382,"url":"https:\/\/www.organisator.ch\/wp-content\/uploads\/2024\/08\/Heidi-Foppa-and-Andrew-Bredenkamp_Bild1_ps.jpg","type":"image\/jpeg"}],"author":"Adelisa Kalajdzini","twitter_card":"summary_large_image","twitter_title":"iGravity erweitert Kompetenz mit zwei neuen Verwaltungsr\u00e4ten","twitter_description":"#iGravity, eine globale #Impact-Investmentfirma freut sich, die #Ernennung von #zwei neuen #Mitgliedern in seinen #Vorstand bekannt zu geben.","twitter_image":"https:\/\/www.organisator.ch\/wp-content\/uploads\/2024\/08\/Heidi-Foppa-and-Andrew-Bredenkamp_Bild1_ps.jpg","schema":{"@context":"https:\/\/schema.org","@graph":[{"@type":"Article","@id":"https:\/\/www.organisator.ch\/management\/2024-08-23\/igravity-erweitert-kompetenz-mit-zwei-neuen-verwaltungsraeten\/#article","isPartOf":{"@id":"https:\/\/www.organisator.ch\/management\/2024-08-23\/igravity-erweitert-kompetenz-mit-zwei-neuen-verwaltungsraeten\/"},"author":{"name":"Adelisa Kalajdzini","@id":"https:\/\/www.organisator.ch\/#\/schema\/person\/2e1314a2172123f874db408d8911d3f3"},"headline":"iGravity erweitert Kompetenz mit zwei neuen Verwaltungsr\u00e4ten","datePublished":"2024-08-23T10:49:08+00:00","mainEntityOfPage":{"@id":"https:\/\/www.organisator.ch\/management\/2024-08-23\/igravity-erweitert-kompetenz-mit-zwei-neuen-verwaltungsraeten\/"},"wordCount":315,"publisher":{"@id":"https:\/\/www.organisator.ch\/#organization"},"image":{"@id":"https:\/\/www.organisator.ch\/management\/2024-08-23\/igravity-erweitert-kompetenz-mit-zwei-neuen-verwaltungsraeten\/#primaryimage"},"thumbnailUrl":"https:\/\/www.organisator.ch\/wp-content\/uploads\/2024\/08\/Heidi-Foppa-and-Andrew-Bredenkamp_Bild1_ps.jpg","keywords":["Investment","Management und Unternehmensf\u00fchrung","Nachhaltigkeit","Unternehmen","Verwaltungsr\u00e4te"],"articleSection":["MANAGEMENT","SUSTAINABILITY"],"inLanguage":"fr-FR"},{"@type":"WebPage","@id":"https:\/\/www.organisator.ch\/management\/2024-08-23\/igravity-erweitert-kompetenz-mit-zwei-neuen-verwaltungsraeten\/","url":"https:\/\/www.organisator.ch\/management\/2024-08-23\/igravity-erweitert-kompetenz-mit-zwei-neuen-verwaltungsraeten\/","name":"iGravity \u00e9largit ses comp\u00e9tences avec deux nouveaux administrateurs - Organisateur","isPartOf":{"@id":"https:\/\/www.organisator.ch\/#website"},"primaryImageOfPage":{"@id":"https:\/\/www.organisator.ch\/management\/2024-08-23\/igravity-erweitert-kompetenz-mit-zwei-neuen-verwaltungsraeten\/#primaryimage"},"image":{"@id":"https:\/\/www.organisator.ch\/management\/2024-08-23\/igravity-erweitert-kompetenz-mit-zwei-neuen-verwaltungsraeten\/#primaryimage"},"thumbnailUrl":"https:\/\/www.organisator.ch\/wp-content\/uploads\/2024\/08\/Heidi-Foppa-and-Andrew-Bredenkamp_Bild1_ps.jpg","datePublished":"2024-08-23T10:49:08+00:00","description":"iGravity, une soci\u00e9t\u00e9 mondiale d'investissement d'impact, est heureuse d'annoncer la nomination de deux nouveaux membres \u00e0 son conseil d'administration.","breadcrumb":{"@id":"https:\/\/www.organisator.ch\/management\/2024-08-23\/igravity-erweitert-kompetenz-mit-zwei-neuen-verwaltungsraeten\/#breadcrumb"},"inLanguage":"fr-FR","potentialAction":[{"@type":"ReadAction","target":["https:\/\/www.organisator.ch\/management\/2024-08-23\/igravity-erweitert-kompetenz-mit-zwei-neuen-verwaltungsraeten\/"]}]},{"@type":"ImageObject","inLanguage":"fr-FR","@id":"https:\/\/www.organisator.ch\/management\/2024-08-23\/igravity-erweitert-kompetenz-mit-zwei-neuen-verwaltungsraeten\/#primaryimage","url":"https:\/\/www.organisator.ch\/wp-content\/uploads\/2024\/08\/Heidi-Foppa-and-Andrew-Bredenkamp_Bild1_ps.jpg","contentUrl":"https:\/\/www.organisator.ch\/wp-content\/uploads\/2024\/08\/Heidi-Foppa-and-Andrew-Bredenkamp_Bild1_ps.jpg","width":680,"height":382,"caption":"Zwei neue Mitglieder in den Vorstand - Heidi Foppa und Andrew Bredenkamp. (Bild: www.igravity.net)"},{"@type":"BreadcrumbList","@id":"https:\/\/www.organisator.ch\/management\/2024-08-23\/igravity-erweitert-kompetenz-mit-zwei-neuen-verwaltungsraeten\/#breadcrumb","itemListElement":[{"@type":"ListItem","position":1,"name":"Home","item":"https:\/\/www.organisator.ch\/"},{"@type":"ListItem","position":2,"name":"iGravity erweitert Kompetenz mit zwei neuen Verwaltungsr\u00e4ten"}]},{"@type":"WebSite","@id":"https:\/\/www.organisator.ch\/#website","url":"https:\/\/www.organisator.ch\/","name":"Organisateur","description":"Comp\u00e9tence et comp\u00e9tence. Proches de la pratique. L'ORGANISATEUR pr\u00e9pare 10 num\u00e9ros par an sur les th\u00e8mes essentiels pour les dirigeants de PME.","publisher":{"@id":"https:\/\/www.organisator.ch\/#organization"},"potentialAction":[{"@type":"SearchAction","target":{"@type":"EntryPoint","urlTemplate":"https:\/\/www.organisator.ch\/?s={search_term_string}"},"query-input":{"@type":"PropertyValueSpecification","valueRequired":true,"valueName":"search_term_string"}}],"inLanguage":"fr-FR"},{"@type":"Organization","@id":"https:\/\/www.organisator.ch\/#organization","name":"Organisateur","url":"https:\/\/www.organisator.ch\/","logo":{"@type":"ImageObject","inLanguage":"fr-FR","@id":"https:\/\/www.organisator.ch\/#\/schema\/logo\/image\/","url":"https:\/\/www.organisator.ch\/wp-content\/uploads\/2022\/01\/Logo_Organisator_Website.png","contentUrl":"https:\/\/www.organisator.ch\/wp-content\/uploads\/2022\/01\/Logo_Organisator_Website.png","width":800,"height":77,"caption":"Organisator"},"image":{"@id":"https:\/\/www.organisator.ch\/#\/schema\/logo\/image\/"},"sameAs":["https:\/\/www.facebook.com\/OrganisatorFachmagazin","https:\/\/www.linkedin.com\/showcase\/organisator-das-magazin-fr-kmu","https:\/\/www.xing.com\/news\/pages\/organisator-ch-695","https:\/\/www.youtube.com\/channel\/UCGP2Sq0iWaZwT3BdIAQFYpw"]},{"@type":"Person","@id":"https:\/\/www.organisator.ch\/#\/schema\/person\/2e1314a2172123f874db408d8911d3f3","name":"Adelisa Kalajdzini","image":{"@type":"ImageObject","inLanguage":"fr-FR","@id":"https:\/\/secure.gravatar.com\/avatar\/09a397c22ac58cad6f160ee8306348599df9df58a8ede73696226897b9fa4b24?s=96&d=mm&r=g","url":"https:\/\/secure.gravatar.com\/avatar\/09a397c22ac58cad6f160ee8306348599df9df58a8ede73696226897b9fa4b24?s=96&d=mm&r=g","contentUrl":"https:\/\/secure.gravatar.com\/avatar\/09a397c22ac58cad6f160ee8306348599df9df58a8ede73696226897b9fa4b24?s=96&d=mm&r=g","caption":"Adelisa Kalajdzini"},"url":"https:\/\/www.organisator.ch\/fr\/author\/adelisa-kalajdzini\/"}]}},"_links":{"self":[{"href":"https:\/\/www.organisator.ch\/fr\/wp-json\/wp\/v2\/posts\/29240","targetHints":{"allow":["GET"]}}],"collection":[{"href":"https:\/\/www.organisator.ch\/fr\/wp-json\/wp\/v2\/posts"}],"about":[{"href":"https:\/\/www.organisator.ch\/fr\/wp-json\/wp\/v2\/types\/post"}],"author":[{"embeddable":true,"href":"https:\/\/www.organisator.ch\/fr\/wp-json\/wp\/v2\/users\/58"}],"replies":[{"embeddable":true,"href":"https:\/\/www.organisator.ch\/fr\/wp-json\/wp\/v2\/comments?post=29240"}],"version-history":[{"count":5,"href":"https:\/\/www.organisator.ch\/fr\/wp-json\/wp\/v2\/posts\/29240\/revisions"}],"predecessor-version":[{"id":29301,"href":"https:\/\/www.organisator.ch\/fr\/wp-json\/wp\/v2\/posts\/29240\/revisions\/29301"}],"wp:featuredmedia":[{"embeddable":true,"href":"https:\/\/www.organisator.ch\/fr\/wp-json\/wp\/v2\/media\/29242"}],"wp:attachment":[{"href":"https:\/\/www.organisator.ch\/fr\/wp-json\/wp\/v2\/media?parent=29240"}],"wp:term":[{"taxonomy":"category","embeddable":true,"href":"https:\/\/www.organisator.ch\/fr\/wp-json\/wp\/v2\/categories?post=29240"},{"taxonomy":"post_tag","embeddable":true,"href":"https:\/\/www.organisator.ch\/fr\/wp-json\/wp\/v2\/tags?post=29240"}],"curies":[{"name":"wp","href":"https:\/\/api.w.org\/{rel}","templated":true}]}}