{"id":29263,"date":"2024-08-23T07:11:20","date_gmt":"2024-08-23T05:11:20","guid":{"rendered":"https:\/\/www.m-q.ch\/?p=20246"},"modified":"2024-11-08T12:32:27","modified_gmt":"2024-11-08T11:32:27","slug":"digital-realty-sichert-sich-das-sdea-label-gold","status":"publish","type":"post","link":"https:\/\/www.organisator.ch\/fr\/operational-excellence\/2024-08-23\/digital-realty-sichert-sich-das-sdea-label-gold\/","title":{"rendered":"Digital Realty s'assure le label \"Gold+\" de SDEA"},"content":{"rendered":"<figure id=\"attachment_20247\" class=\"wp-caption alignnone\" style=\"width: 680px\" aria-describedby=\"caption-attachment-20247\"><img class=\"alignnone wp-image-20247 size-full\" src=\"https:\/\/www.m-q.ch\/wp-content\/uploads\/2024\/08\/SDEA-GOLD-Plus-Label_Bild1_ps.jpg\" alt=\"Digital Realty\" width=\"680\" height=\"579\" \/>\r\n<figcaption id=\"caption-attachment-20247\" class=\"wp-caption-text\">Digital Realty obtient la premi\u00e8re certification \"Gold+\" jamais d\u00e9cern\u00e9e par SDEA. (Image : ch.digitalrealty.com)<\/figcaption>\r\n<\/figure>\r\n<p>Les deux centres de donn\u00e9es ZUR1 et ZUR2 de Digital Realty \u00e0 Glattbrugg ont \u00e9t\u00e9 soumis \u00e0 un processus de certification intensif et exigeant de la SDEA (Swiss Datacenter Efficiency Association), au cours duquel ils ont d\u00e9sormais \u00e9t\u00e9 r\u00e9compens\u00e9s pour leur excellente efficacit\u00e9 \u00e9nerg\u00e9tique et leur faible empreinte carbone.<\/p>\r\n<p>Le centre de donn\u00e9es ZUR1, qui compte d\u00e9j\u00e0 24 ans d'exploitation, a re\u00e7u le label \"Silver+\" - une reconnaissance de plus de deux d\u00e9cennies d'excellence, d'innovation et d'am\u00e9lioration continue de l'infrastructure. ZUR2, qui a \u00e9t\u00e9 mis en service en 2020, a re\u00e7u le prestigieux label \"Gold+\". Il s'agit en outre de la premi\u00e8re certification \"Gold+\" d\u00e9cern\u00e9e \u00e0 ce jour par le SDEA, un indicateur de l'efficacit\u00e9 et de la durabilit\u00e9 exceptionnelles de l'infrastructure \u00e9valu\u00e9e dans le cadre du processus de certification.<\/p>\r\n<p>Yves Zischek, Managing Director de Digital Realty Switzerland, a exprim\u00e9 sa fiert\u00e9 : \"Nous sommes tr\u00e8s heureux que notre approche \u00e9cologique et durable ait \u00e9t\u00e9 reconnue et certifi\u00e9e par le SDEA. Je remercie en particulier notre \u00e9quipe engag\u00e9e en Suisse, qui a rendu possible cette performance exceptionnelle\".<\/p>\r\n<p>Cette certification serait le r\u00e9sultat de l'innovation continue de l'\u00e9quipe locale de Glattbrugg. Les clients de Digital Realty profitent \u00e9galement de cette focalisation sur l'efficacit\u00e9 \u00e9nerg\u00e9tique. Denis Marusic, directeur des op\u00e9rations chez Digital Realty Switzerland, a soulign\u00e9 : \"Cette certification offre \u00e0 nos clients la possibilit\u00e9 de renforcer leurs propres objectifs de durabilit\u00e9 en int\u00e9grant leur infrastructure informatique \u00e0 notre plateforme de centre de donn\u00e9es certifi\u00e9e. Ils obtiennent ainsi un environnement informatique enti\u00e8rement certifi\u00e9 et durable, qui refl\u00e8te notre engagement commun en mati\u00e8re d'efficacit\u00e9 \u00e9nerg\u00e9tique et de responsabilit\u00e9 environnementale\".<\/p>\r\n<p><em>Source : <a href=\"https:\/\/ch.digitalrealty.com\/\">ch.digitalrealty.com<\/a><\/em><\/p>\n<p class=\"syndicated-attribution\">Cet article est paru initialement sur m-q.ch - <a href=\"https:\/\/www.m-q.ch\/de\/digital-realty-sichert-sich-das-sdea-label-gold\/\" target=\"_blank\">https:\/\/www.m-q.ch\/de\/digital-realty-sichert-sich-das-sdea-label-gold\/<\/a><\/p>","protected":false},"excerpt":{"rendered":"<p>Le SDEA est une association d'organisations qui se consacre au th\u00e8me de l'impact environnemental des centres de donn\u00e9es. Il certifie des entreprises et des organisations particuli\u00e8rement durables et \u00e9cologiques afin de cr\u00e9er plus de transparence. Digital Realty obtient la premi\u00e8re certification \"Gold+\" jamais d\u00e9cern\u00e9e par la SDEA.<\/p>","protected":false},"author":58,"featured_media":0,"comment_status":"closed","ping_status":"closed","sticky":false,"template":"","format":"standard","meta":{"_acf_changed":false,"_yoast_wpseo_focuskw":"Digital Realty","_yoast_wpseo_metadesc":"Digital Realty erh\u00e4lt erste SDEA Gold+-Zertifizierung f\u00fcr hervorragende Energieeffizienz und geringen CO2-Fu\u00dfabdruck.","articlekey":"","footnotes":""},"categories":[582],"tags":[605,2660,4415,492,613],"class_list":["post-29263","post","type-post","status-publish","format-standard","hentry","category-operational-excellence","tag-qualitaetsmanagement","tag-rechenzentren","tag-umweltauswirkungen","tag-unternehmen","tag-zertifizierung"],"acf":[],"yoast_head":"<!-- This site is optimized with the Yoast SEO plugin v27.4 - https:\/\/yoast.com\/product\/yoast-seo-wordpress\/ -->\n<title>Digital Realty sichert sich das SDEA-Label \u00abGold+\u00bb - Organisator<\/title>\n<meta name=\"description\" content=\"Digital Realty erh\u00e4lt erste SDEA Gold+-Zertifizierung f\u00fcr hervorragende Energieeffizienz und geringen CO2-Fu\u00dfabdruck.\" \/>\n<meta name=\"robots\" content=\"index, follow, max-snippet:-1, max-image-preview:large, max-video-preview:-1\" \/>\n<link rel=\"canonical\" href=\"https:\/\/www.organisator.ch\/fr\/excellence-operationnelle\/2024-08-23\/digital-realty-sichert-sich-das-sdea-label-gold\/\" \/>\n<meta property=\"og:locale\" content=\"fr_FR\" \/>\n<meta property=\"og:type\" content=\"article\" \/>\n<meta property=\"og:title\" content=\"Digital Realty sichert sich das SDEA-Label \u00abGold+\u00bb - Organisator\" \/>\n<meta property=\"og:description\" content=\"Digital Realty erh\u00e4lt erste SDEA Gold+-Zertifizierung f\u00fcr hervorragende Energieeffizienz und geringen CO2-Fu\u00dfabdruck.\" \/>\n<meta property=\"og:url\" content=\"https:\/\/www.organisator.ch\/fr\/excellence-operationnelle\/2024-08-23\/digital-realty-sichert-sich-das-sdea-label-gold\/\" \/>\n<meta property=\"og:site_name\" content=\"Organisator\" \/>\n<meta property=\"article:publisher\" content=\"https:\/\/www.facebook.com\/OrganisatorFachmagazin\" \/>\n<meta property=\"article:published_time\" content=\"2024-08-23T05:11:20+00:00\" \/>\n<meta property=\"article:modified_time\" content=\"2024-11-08T11:32:27+00:00\" \/>\n<meta property=\"og:image\" content=\"https:\/\/www.m-q.ch\/wp-content\/uploads\/2024\/08\/SDEA-GOLD-Plus-Label_Bild1_ps.jpg\" \/>\n<meta name=\"author\" content=\"Adelisa Kalajdzini\" \/>\n<meta name=\"twitter:card\" content=\"summary_large_image\" \/>\n<script type=\"application\/ld+json\" class=\"yoast-schema-graph\">{\"@context\":\"https:\\\/\\\/schema.org\",\"@graph\":[{\"@type\":\"Article\",\"@id\":\"https:\\\/\\\/www.organisator.ch\\\/operational-excellence\\\/2024-08-23\\\/digital-realty-sichert-sich-das-sdea-label-gold\\\/#article\",\"isPartOf\":{\"@id\":\"https:\\\/\\\/www.organisator.ch\\\/operational-excellence\\\/2024-08-23\\\/digital-realty-sichert-sich-das-sdea-label-gold\\\/\"},\"author\":{\"name\":\"Adelisa Kalajdzini\",\"@id\":\"https:\\\/\\\/www.organisator.ch\\\/#\\\/schema\\\/person\\\/2e1314a2172123f874db408d8911d3f3\"},\"headline\":\"Digital Realty sichert sich das SDEA-Label \u00abGold+\u00bb\",\"datePublished\":\"2024-08-23T05:11:20+00:00\",\"dateModified\":\"2024-11-08T11:32:27+00:00\",\"mainEntityOfPage\":{\"@id\":\"https:\\\/\\\/www.organisator.ch\\\/operational-excellence\\\/2024-08-23\\\/digital-realty-sichert-sich-das-sdea-label-gold\\\/\"},\"wordCount\":279,\"publisher\":{\"@id\":\"https:\\\/\\\/www.organisator.ch\\\/#organization\"},\"image\":{\"@id\":\"https:\\\/\\\/www.organisator.ch\\\/operational-excellence\\\/2024-08-23\\\/digital-realty-sichert-sich-das-sdea-label-gold\\\/#primaryimage\"},\"thumbnailUrl\":\"https:\\\/\\\/www.m-q.ch\\\/wp-content\\\/uploads\\\/2024\\\/08\\\/SDEA-GOLD-Plus-Label_Bild1_ps.jpg\",\"keywords\":[\"Qualit\u00e4tsmanagement\",\"Rechenzentren\",\"Umweltauswirkungen\",\"Unternehmen\",\"Zertifizierung\"],\"articleSection\":[\"OPERATIONAL EXCELLENCE\"],\"inLanguage\":\"fr-FR\"},{\"@type\":\"WebPage\",\"@id\":\"https:\\\/\\\/www.organisator.ch\\\/operational-excellence\\\/2024-08-23\\\/digital-realty-sichert-sich-das-sdea-label-gold\\\/\",\"url\":\"https:\\\/\\\/www.organisator.ch\\\/operational-excellence\\\/2024-08-23\\\/digital-realty-sichert-sich-das-sdea-label-gold\\\/\",\"name\":\"Digital Realty sichert sich das SDEA-Label \u00abGold+\u00bb - Organisator\",\"isPartOf\":{\"@id\":\"https:\\\/\\\/www.organisator.ch\\\/#website\"},\"primaryImageOfPage\":{\"@id\":\"https:\\\/\\\/www.organisator.ch\\\/operational-excellence\\\/2024-08-23\\\/digital-realty-sichert-sich-das-sdea-label-gold\\\/#primaryimage\"},\"image\":{\"@id\":\"https:\\\/\\\/www.organisator.ch\\\/operational-excellence\\\/2024-08-23\\\/digital-realty-sichert-sich-das-sdea-label-gold\\\/#primaryimage\"},\"thumbnailUrl\":\"https:\\\/\\\/www.m-q.ch\\\/wp-content\\\/uploads\\\/2024\\\/08\\\/SDEA-GOLD-Plus-Label_Bild1_ps.jpg\",\"datePublished\":\"2024-08-23T05:11:20+00:00\",\"dateModified\":\"2024-11-08T11:32:27+00:00\",\"description\":\"Digital Realty erh\u00e4lt erste SDEA Gold+-Zertifizierung f\u00fcr hervorragende Energieeffizienz und geringen CO2-Fu\u00dfabdruck.\",\"breadcrumb\":{\"@id\":\"https:\\\/\\\/www.organisator.ch\\\/operational-excellence\\\/2024-08-23\\\/digital-realty-sichert-sich-das-sdea-label-gold\\\/#breadcrumb\"},\"inLanguage\":\"fr-FR\",\"potentialAction\":[{\"@type\":\"ReadAction\",\"target\":[\"https:\\\/\\\/www.organisator.ch\\\/operational-excellence\\\/2024-08-23\\\/digital-realty-sichert-sich-das-sdea-label-gold\\\/\"]}]},{\"@type\":\"ImageObject\",\"inLanguage\":\"fr-FR\",\"@id\":\"https:\\\/\\\/www.organisator.ch\\\/operational-excellence\\\/2024-08-23\\\/digital-realty-sichert-sich-das-sdea-label-gold\\\/#primaryimage\",\"url\":\"https:\\\/\\\/www.m-q.ch\\\/wp-content\\\/uploads\\\/2024\\\/08\\\/SDEA-GOLD-Plus-Label_Bild1_ps.jpg\",\"contentUrl\":\"https:\\\/\\\/www.m-q.ch\\\/wp-content\\\/uploads\\\/2024\\\/08\\\/SDEA-GOLD-Plus-Label_Bild1_ps.jpg\"},{\"@type\":\"BreadcrumbList\",\"@id\":\"https:\\\/\\\/www.organisator.ch\\\/operational-excellence\\\/2024-08-23\\\/digital-realty-sichert-sich-das-sdea-label-gold\\\/#breadcrumb\",\"itemListElement\":[{\"@type\":\"ListItem\",\"position\":1,\"name\":\"Home\",\"item\":\"https:\\\/\\\/www.organisator.ch\\\/\"},{\"@type\":\"ListItem\",\"position\":2,\"name\":\"Digital Realty sichert sich das SDEA-Label \u00abGold+\u00bb\"}]},{\"@type\":\"WebSite\",\"@id\":\"https:\\\/\\\/www.organisator.ch\\\/#website\",\"url\":\"https:\\\/\\\/www.organisator.ch\\\/\",\"name\":\"Organisator\",\"description\":\"Kompetent. Praxisnah. Der ORGANISATOR bereitet in 10 Ausgaben pro Jahr die wesentlichen Themen f\u00fcr F\u00fchrungskr\u00e4fte von KMU auf.\",\"publisher\":{\"@id\":\"https:\\\/\\\/www.organisator.ch\\\/#organization\"},\"potentialAction\":[{\"@type\":\"SearchAction\",\"target\":{\"@type\":\"EntryPoint\",\"urlTemplate\":\"https:\\\/\\\/www.organisator.ch\\\/?s={search_term_string}\"},\"query-input\":{\"@type\":\"PropertyValueSpecification\",\"valueRequired\":true,\"valueName\":\"search_term_string\"}}],\"inLanguage\":\"fr-FR\"},{\"@type\":\"Organization\",\"@id\":\"https:\\\/\\\/www.organisator.ch\\\/#organization\",\"name\":\"Organisator\",\"url\":\"https:\\\/\\\/www.organisator.ch\\\/\",\"logo\":{\"@type\":\"ImageObject\",\"inLanguage\":\"fr-FR\",\"@id\":\"https:\\\/\\\/www.organisator.ch\\\/#\\\/schema\\\/logo\\\/image\\\/\",\"url\":\"https:\\\/\\\/www.organisator.ch\\\/wp-content\\\/uploads\\\/2022\\\/01\\\/Logo_Organisator_Website.png\",\"contentUrl\":\"https:\\\/\\\/www.organisator.ch\\\/wp-content\\\/uploads\\\/2022\\\/01\\\/Logo_Organisator_Website.png\",\"width\":800,\"height\":77,\"caption\":\"Organisator\"},\"image\":{\"@id\":\"https:\\\/\\\/www.organisator.ch\\\/#\\\/schema\\\/logo\\\/image\\\/\"},\"sameAs\":[\"https:\\\/\\\/www.facebook.com\\\/OrganisatorFachmagazin\",\"https:\\\/\\\/www.linkedin.com\\\/showcase\\\/organisator-das-magazin-fr-kmu\",\"https:\\\/\\\/www.xing.com\\\/news\\\/pages\\\/organisator-ch-695\",\"https:\\\/\\\/www.youtube.com\\\/channel\\\/UCGP2Sq0iWaZwT3BdIAQFYpw\"]},{\"@type\":\"Person\",\"@id\":\"https:\\\/\\\/www.organisator.ch\\\/#\\\/schema\\\/person\\\/2e1314a2172123f874db408d8911d3f3\",\"name\":\"Adelisa Kalajdzini\",\"image\":{\"@type\":\"ImageObject\",\"inLanguage\":\"fr-FR\",\"@id\":\"https:\\\/\\\/secure.gravatar.com\\\/avatar\\\/09a397c22ac58cad6f160ee8306348599df9df58a8ede73696226897b9fa4b24?s=96&d=mm&r=g\",\"url\":\"https:\\\/\\\/secure.gravatar.com\\\/avatar\\\/09a397c22ac58cad6f160ee8306348599df9df58a8ede73696226897b9fa4b24?s=96&d=mm&r=g\",\"contentUrl\":\"https:\\\/\\\/secure.gravatar.com\\\/avatar\\\/09a397c22ac58cad6f160ee8306348599df9df58a8ede73696226897b9fa4b24?s=96&d=mm&r=g\",\"caption\":\"Adelisa Kalajdzini\"},\"url\":\"https:\\\/\\\/www.organisator.ch\\\/fr\\\/author\\\/adelisa-kalajdzini\\\/\"}]}<\/script>\n<!-- \/ Yoast SEO plugin. -->","yoast_head_json":{"title":"Digital Realty s'assure le label SDEA \"Gold+\" - Organisateur","description":"Digital Realty obtient la premi\u00e8re certification SDEA Gold+ pour son excellente efficacit\u00e9 \u00e9nerg\u00e9tique et sa faible empreinte carbone.","robots":{"index":"index","follow":"follow","max-snippet":"max-snippet:-1","max-image-preview":"max-image-preview:large","max-video-preview":"max-video-preview:-1"},"canonical":"https:\/\/www.organisator.ch\/fr\/excellence-operationnelle\/2024-08-23\/digital-realty-sichert-sich-das-sdea-label-gold\/","og_locale":"fr_FR","og_type":"article","og_title":"Digital Realty sichert sich das SDEA-Label \u00abGold+\u00bb - Organisator","og_description":"Digital Realty erh\u00e4lt erste SDEA Gold+-Zertifizierung f\u00fcr hervorragende Energieeffizienz und geringen CO2-Fu\u00dfabdruck.","og_url":"https:\/\/www.organisator.ch\/fr\/excellence-operationnelle\/2024-08-23\/digital-realty-sichert-sich-das-sdea-label-gold\/","og_site_name":"Organisator","article_publisher":"https:\/\/www.facebook.com\/OrganisatorFachmagazin","article_published_time":"2024-08-23T05:11:20+00:00","article_modified_time":"2024-11-08T11:32:27+00:00","og_image":[{"url":"https:\/\/www.m-q.ch\/wp-content\/uploads\/2024\/08\/SDEA-GOLD-Plus-Label_Bild1_ps.jpg","type":"","width":"","height":""}],"author":"Adelisa Kalajdzini","twitter_card":"summary_large_image","schema":{"@context":"https:\/\/schema.org","@graph":[{"@type":"Article","@id":"https:\/\/www.organisator.ch\/operational-excellence\/2024-08-23\/digital-realty-sichert-sich-das-sdea-label-gold\/#article","isPartOf":{"@id":"https:\/\/www.organisator.ch\/operational-excellence\/2024-08-23\/digital-realty-sichert-sich-das-sdea-label-gold\/"},"author":{"name":"Adelisa Kalajdzini","@id":"https:\/\/www.organisator.ch\/#\/schema\/person\/2e1314a2172123f874db408d8911d3f3"},"headline":"Digital Realty sichert sich das SDEA-Label \u00abGold+\u00bb","datePublished":"2024-08-23T05:11:20+00:00","dateModified":"2024-11-08T11:32:27+00:00","mainEntityOfPage":{"@id":"https:\/\/www.organisator.ch\/operational-excellence\/2024-08-23\/digital-realty-sichert-sich-das-sdea-label-gold\/"},"wordCount":279,"publisher":{"@id":"https:\/\/www.organisator.ch\/#organization"},"image":{"@id":"https:\/\/www.organisator.ch\/operational-excellence\/2024-08-23\/digital-realty-sichert-sich-das-sdea-label-gold\/#primaryimage"},"thumbnailUrl":"https:\/\/www.m-q.ch\/wp-content\/uploads\/2024\/08\/SDEA-GOLD-Plus-Label_Bild1_ps.jpg","keywords":["Qualit\u00e4tsmanagement","Rechenzentren","Umweltauswirkungen","Unternehmen","Zertifizierung"],"articleSection":["OPERATIONAL EXCELLENCE"],"inLanguage":"fr-FR"},{"@type":"WebPage","@id":"https:\/\/www.organisator.ch\/operational-excellence\/2024-08-23\/digital-realty-sichert-sich-das-sdea-label-gold\/","url":"https:\/\/www.organisator.ch\/operational-excellence\/2024-08-23\/digital-realty-sichert-sich-das-sdea-label-gold\/","name":"Digital Realty s'assure le label SDEA \"Gold+\" - Organisateur","isPartOf":{"@id":"https:\/\/www.organisator.ch\/#website"},"primaryImageOfPage":{"@id":"https:\/\/www.organisator.ch\/operational-excellence\/2024-08-23\/digital-realty-sichert-sich-das-sdea-label-gold\/#primaryimage"},"image":{"@id":"https:\/\/www.organisator.ch\/operational-excellence\/2024-08-23\/digital-realty-sichert-sich-das-sdea-label-gold\/#primaryimage"},"thumbnailUrl":"https:\/\/www.m-q.ch\/wp-content\/uploads\/2024\/08\/SDEA-GOLD-Plus-Label_Bild1_ps.jpg","datePublished":"2024-08-23T05:11:20+00:00","dateModified":"2024-11-08T11:32:27+00:00","description":"Digital Realty obtient la premi\u00e8re certification SDEA Gold+ pour son excellente efficacit\u00e9 \u00e9nerg\u00e9tique et sa faible empreinte carbone.","breadcrumb":{"@id":"https:\/\/www.organisator.ch\/operational-excellence\/2024-08-23\/digital-realty-sichert-sich-das-sdea-label-gold\/#breadcrumb"},"inLanguage":"fr-FR","potentialAction":[{"@type":"ReadAction","target":["https:\/\/www.organisator.ch\/operational-excellence\/2024-08-23\/digital-realty-sichert-sich-das-sdea-label-gold\/"]}]},{"@type":"ImageObject","inLanguage":"fr-FR","@id":"https:\/\/www.organisator.ch\/operational-excellence\/2024-08-23\/digital-realty-sichert-sich-das-sdea-label-gold\/#primaryimage","url":"https:\/\/www.m-q.ch\/wp-content\/uploads\/2024\/08\/SDEA-GOLD-Plus-Label_Bild1_ps.jpg","contentUrl":"https:\/\/www.m-q.ch\/wp-content\/uploads\/2024\/08\/SDEA-GOLD-Plus-Label_Bild1_ps.jpg"},{"@type":"BreadcrumbList","@id":"https:\/\/www.organisator.ch\/operational-excellence\/2024-08-23\/digital-realty-sichert-sich-das-sdea-label-gold\/#breadcrumb","itemListElement":[{"@type":"ListItem","position":1,"name":"Home","item":"https:\/\/www.organisator.ch\/"},{"@type":"ListItem","position":2,"name":"Digital Realty sichert sich das SDEA-Label \u00abGold+\u00bb"}]},{"@type":"WebSite","@id":"https:\/\/www.organisator.ch\/#website","url":"https:\/\/www.organisator.ch\/","name":"Organisateur","description":"Comp\u00e9tence et comp\u00e9tence. Proches de la pratique. L'ORGANISATEUR pr\u00e9pare 10 num\u00e9ros par an sur les th\u00e8mes essentiels pour les dirigeants de PME.","publisher":{"@id":"https:\/\/www.organisator.ch\/#organization"},"potentialAction":[{"@type":"SearchAction","target":{"@type":"EntryPoint","urlTemplate":"https:\/\/www.organisator.ch\/?s={search_term_string}"},"query-input":{"@type":"PropertyValueSpecification","valueRequired":true,"valueName":"search_term_string"}}],"inLanguage":"fr-FR"},{"@type":"Organization","@id":"https:\/\/www.organisator.ch\/#organization","name":"Organisateur","url":"https:\/\/www.organisator.ch\/","logo":{"@type":"ImageObject","inLanguage":"fr-FR","@id":"https:\/\/www.organisator.ch\/#\/schema\/logo\/image\/","url":"https:\/\/www.organisator.ch\/wp-content\/uploads\/2022\/01\/Logo_Organisator_Website.png","contentUrl":"https:\/\/www.organisator.ch\/wp-content\/uploads\/2022\/01\/Logo_Organisator_Website.png","width":800,"height":77,"caption":"Organisator"},"image":{"@id":"https:\/\/www.organisator.ch\/#\/schema\/logo\/image\/"},"sameAs":["https:\/\/www.facebook.com\/OrganisatorFachmagazin","https:\/\/www.linkedin.com\/showcase\/organisator-das-magazin-fr-kmu","https:\/\/www.xing.com\/news\/pages\/organisator-ch-695","https:\/\/www.youtube.com\/channel\/UCGP2Sq0iWaZwT3BdIAQFYpw"]},{"@type":"Person","@id":"https:\/\/www.organisator.ch\/#\/schema\/person\/2e1314a2172123f874db408d8911d3f3","name":"Adelisa Kalajdzini","image":{"@type":"ImageObject","inLanguage":"fr-FR","@id":"https:\/\/secure.gravatar.com\/avatar\/09a397c22ac58cad6f160ee8306348599df9df58a8ede73696226897b9fa4b24?s=96&d=mm&r=g","url":"https:\/\/secure.gravatar.com\/avatar\/09a397c22ac58cad6f160ee8306348599df9df58a8ede73696226897b9fa4b24?s=96&d=mm&r=g","contentUrl":"https:\/\/secure.gravatar.com\/avatar\/09a397c22ac58cad6f160ee8306348599df9df58a8ede73696226897b9fa4b24?s=96&d=mm&r=g","caption":"Adelisa Kalajdzini"},"url":"https:\/\/www.organisator.ch\/fr\/author\/adelisa-kalajdzini\/"}]}},"_links":{"self":[{"href":"https:\/\/www.organisator.ch\/fr\/wp-json\/wp\/v2\/posts\/29263","targetHints":{"allow":["GET"]}}],"collection":[{"href":"https:\/\/www.organisator.ch\/fr\/wp-json\/wp\/v2\/posts"}],"about":[{"href":"https:\/\/www.organisator.ch\/fr\/wp-json\/wp\/v2\/types\/post"}],"author":[{"embeddable":true,"href":"https:\/\/www.organisator.ch\/fr\/wp-json\/wp\/v2\/users\/58"}],"replies":[{"embeddable":true,"href":"https:\/\/www.organisator.ch\/fr\/wp-json\/wp\/v2\/comments?post=29263"}],"version-history":[{"count":6,"href":"https:\/\/www.organisator.ch\/fr\/wp-json\/wp\/v2\/posts\/29263\/revisions"}],"predecessor-version":[{"id":32020,"href":"https:\/\/www.organisator.ch\/fr\/wp-json\/wp\/v2\/posts\/29263\/revisions\/32020"}],"wp:attachment":[{"href":"https:\/\/www.organisator.ch\/fr\/wp-json\/wp\/v2\/media?parent=29263"}],"wp:term":[{"taxonomy":"category","embeddable":true,"href":"https:\/\/www.organisator.ch\/fr\/wp-json\/wp\/v2\/categories?post=29263"},{"taxonomy":"post_tag","embeddable":true,"href":"https:\/\/www.organisator.ch\/fr\/wp-json\/wp\/v2\/tags?post=29263"}],"curies":[{"name":"wp","href":"https:\/\/api.w.org\/{rel}","templated":true}]}}