{"id":2929,"date":"2018-01-04T08:12:31","date_gmt":"2018-01-04T07:12:31","guid":{"rendered":"https:\/\/www.organisator.ch\/?p=2929"},"modified":"2018-01-04T08:12:31","modified_gmt":"2018-01-04T07:12:31","slug":"rekordhohe-anzahl-firmengruendungen-in-der-schweiz","status":"publish","type":"post","link":"https:\/\/www.organisator.ch\/fr\/management\/2018-01-04\/rekordhohe-anzahl-firmengruendungen-in-der-schweiz\/","title":{"rendered":"Nombre record de cr\u00e9ations d'entreprises en Suisse"},"content":{"rendered":"<figure id=\"attachment_2930\" aria-describedby=\"caption-attachment-2930\" style=\"width: 480px\" class=\"wp-caption alignnone\"><img loading=\"lazy\" decoding=\"async\" class=\"size-full wp-image-2930\" src=\"https:\/\/www.organisator.ch\/wp-content\/uploads\/2018\/01\/Rekordhohe-Anzahl-Firmengruendungen-in-der-Schweiz-2_Organisator.jpg\" alt=\"\" width=\"480\" height=\"560\" srcset=\"https:\/\/www.organisator.ch\/wp-content\/uploads\/2018\/01\/Rekordhohe-Anzahl-Firmengruendungen-in-der-Schweiz-2_Organisator.jpg 480w, https:\/\/www.organisator.ch\/wp-content\/uploads\/2018\/01\/Rekordhohe-Anzahl-Firmengruendungen-in-der-Schweiz-2_Organisator-10x12.jpg 10w, https:\/\/www.organisator.ch\/wp-content\/uploads\/2018\/01\/Rekordhohe-Anzahl-Firmengruendungen-in-der-Schweiz-2_Organisator-150x175.jpg 150w, https:\/\/www.organisator.ch\/wp-content\/uploads\/2018\/01\/Rekordhohe-Anzahl-Firmengruendungen-in-der-Schweiz-2_Organisator-300x350.jpg 300w\" sizes=\"auto, (max-width: 480px) 100vw, 480px\" \/><figcaption id=\"caption-attachment-2930\" class=\"wp-caption-text\">Au total, la Suisse a enregistr\u00e9 cinq pour cent de cr\u00e9ations d'entreprises en plus par rapport \u00e0 l'ann\u00e9e pr\u00e9c\u00e9dente. (Source : Feuille officielle suisse du commerce FOSC)<\/figcaption><\/figure>\n<p>Jamais autant de nouvelles entreprises n'ont \u00e9t\u00e9 cr\u00e9\u00e9es en Suisse qu'en 2017, soit cinq pour cent de plus que l'ann\u00e9e pr\u00e9c\u00e9dente. C'est une nouvelle r\u00e9jouissante pour l'ensemble de l'\u00e9conomie, comme l'annonce l'IFJ Institut f\u00fcr Jungunternehmen dans un communiqu\u00e9 diffus\u00e9 le 3 janvier.<\/p>\n<p>Dans les grandes r\u00e9gions de Suisse al\u00e9manique et de Suisse romande, les cr\u00e9ations d'entreprises ont augment\u00e9 de mani\u00e8re significative. En Suisse orientale, les nouvelles inscriptions ont augment\u00e9 de 2 %, \u00e0 Zurich de 5 %, dans l'Espace Mittelland de 6 %, dans le Nord-Ouest de la Suisse ainsi qu'en Suisse centrale, l'augmentation a \u00e9t\u00e9 de 8 % dans chaque r\u00e9gion. En Suisse romande, le nombre de nouvelles entreprises a augment\u00e9 de sept pour cent. La croissance la plus forte a \u00e9t\u00e9 enregistr\u00e9e dans les cantons de Zoug (+20%), Schaffhouse (+14%), B\u00e2le-Campagne (+13%), Uri (+12%), Valais (+11%) et Fribourg (+10%). En chiffres absolus, ce sont les cantons de Zurich (7'775), Vaud (4'393), Gen\u00e8ve (3'717) et Berne (3'536) qui ont cr\u00e9\u00e9 le plus d'entreprises.<\/p>\n<p>L'analyse de l'IFJ Institut f\u00fcr Jungunternehmen montre que la soci\u00e9t\u00e9 \u00e0 responsabilit\u00e9 limit\u00e9e (S\u00e0rl) reste la forme juridique la plus populaire avec une part de 38%, suivie de l'entreprise individuelle (32%), de la soci\u00e9t\u00e9 anonyme (SA) avec 21% et de la soci\u00e9t\u00e9 en nom collectif (3%). La r\u00e9vision du droit de la S\u00e0rl en 2008, dans le cadre d'une r\u00e9vision de la loi sur le Code des obligations, a brusquement augment\u00e9 sa diffusion. Auparavant, cette forme juridique qui existe depuis 1936 \u00e9tait quelque peu d\u00e9daign\u00e9e en tant que \"soci\u00e9t\u00e9 \u00e0 horizon limit\u00e9\". Les changements les plus fondamentaux ont \u00e9t\u00e9 l'autorisation de la S\u00e0rl en tant que soci\u00e9t\u00e9 unipersonnelle, la suppression de la limite de capital de 2 millions de CHF et la suppression de la responsabilit\u00e9 solidaire subsidiaire des associ\u00e9s \u00e0 hauteur du capital social. La S\u00e0rl pr\u00e9sente en g\u00e9n\u00e9ral deux avantages d\u00e9terminants : Par rapport \u00e0 l'entreprise individuelle et \u00e0 la soci\u00e9t\u00e9 en nom collectif, l'entrepreneur ou l'entrepreneuse n'est responsable que sur sa fortune commerciale. Le patrimoine priv\u00e9 est donc \u00e9pargn\u00e9. De plus, avec une mise de fonds plus faible de CHF 20'000 par rapport \u00e0 CHF 100'000, la S\u00e0rl se distingue \u00e9galement de la SA.<\/p>\n<p>La plupart des nouvelles entreprises sont cr\u00e9\u00e9es dans les secteurs du conseil aux entreprises, de l'artisanat, du commerce de d\u00e9tail, des services aux entreprises et de l'h\u00f4tellerie-restauration.<\/p>\n<p><em>Plus d'informations : <a href=\"http:\/\/www.ifj.ch\">IFJ Institut pour jeunes entreprises SA<\/a><\/em>. <em>Image : Fotolia.com<\/em><\/p>\n<p>&nbsp;<\/p>","protected":false},"excerpt":{"rendered":"<p>Noch nie wurden in der Schweiz so viele neue Firmen gegr\u00fcndet wie 2017, n\u00e4mlich f\u00fcnf Prozent mehr als im Vorjahr. Dies ist eine erfreuliche Nachricht f\u00fcr die gesamte Wirtschaft, wie das IFJ\u00a0Institut f\u00fcr Jungunternehmen in einer am 3. Januar verbreiteten Mitteilung vermeldet. In den Deutschschweizer und Westschweizer Grossregionen stiegen die Firmengr\u00fcndungen signifikant an. In der [&hellip;]<\/p>\n","protected":false},"author":4,"featured_media":2931,"comment_status":"open","ping_status":"open","sticky":false,"template":"","format":"standard","meta":{"_acf_changed":false,"_yoast_wpseo_focuskw":"Firmengr\u00fcndungen","_yoast_wpseo_metadesc":"Im Jahr 2017 wurden so viele neue Firmen gegr\u00fcndet wie noch nie. Ein erfreuliches Signal f\u00fcr die gesamte Schweizer Wirtschaft.","articlekey":"","footnotes":""},"categories":[28],"tags":[335,451,492,531],"class_list":["post-2929","post","type-post","status-publish","format-standard","has-post-thumbnail","hentry","category-management","tag-management-und-unternehmensfuehrung","tag-startups","tag-unternehmen","tag-wirtschaftspolitik"],"acf":[],"yoast_head":"<!-- This site is optimized with the Yoast SEO plugin v27.5 - https:\/\/yoast.com\/product\/yoast-seo-wordpress\/ -->\n<title>Rekordhohe Anzahl Firmengr\u00fcndungen in der Schweiz - Organisator<\/title>\n<meta name=\"description\" content=\"Im Jahr 2017 wurden so viele neue Firmen gegr\u00fcndet wie noch nie. Ein erfreuliches Signal f\u00fcr die gesamte Schweizer Wirtschaft.\" \/>\n<meta name=\"robots\" content=\"index, follow, max-snippet:-1, max-image-preview:large, max-video-preview:-1\" \/>\n<link rel=\"canonical\" href=\"https:\/\/www.organisator.ch\/fr\/gestion-2\/2018-01-04\/rekordhohe-anzahl-firmengruendungen-in-der-schweiz\/\" \/>\n<meta property=\"og:locale\" content=\"fr_FR\" \/>\n<meta property=\"og:type\" content=\"article\" \/>\n<meta property=\"og:title\" content=\"Rekordhohe Anzahl Firmengr\u00fcndungen in der Schweiz\" \/>\n<meta property=\"og:description\" content=\"Im Jahr 2017 wurden so viele neue #Firmen gegr\u00fcndet wie noch nie. Ein erfreuliches Signal f\u00fcr die gesamte Schweizer Wirtschaft.\" \/>\n<meta property=\"og:url\" content=\"https:\/\/www.organisator.ch\/fr\/gestion-2\/2018-01-04\/rekordhohe-anzahl-firmengruendungen-in-der-schweiz\/\" \/>\n<meta property=\"og:site_name\" content=\"Organisator\" \/>\n<meta property=\"article:publisher\" content=\"https:\/\/www.facebook.com\/OrganisatorFachmagazin\" \/>\n<meta property=\"article:published_time\" content=\"2018-01-04T07:12:31+00:00\" \/>\n<meta property=\"og:image\" content=\"https:\/\/www.organisator.ch\/wp-content\/uploads\/2018\/01\/Rekordhohe-Anzahl-Firmengruendungen-in-der-Schweiz-1_Organisator.jpg\" \/>\n\t<meta property=\"og:image:width\" content=\"640\" \/>\n\t<meta property=\"og:image:height\" content=\"364\" \/>\n\t<meta property=\"og:image:type\" content=\"image\/jpeg\" \/>\n<meta name=\"author\" content=\"thomas.berner\" \/>\n<meta name=\"twitter:card\" content=\"summary_large_image\" \/>\n<meta name=\"twitter:title\" content=\"Rekordhohe Anzahl #Firmengr\u00fcndungen in der Schweiz\" \/>\n<meta name=\"twitter:description\" content=\"Im Jahr 2017 wurden so viele neue #Firmen gegr\u00fcndet wie noch nie. Ein erfreuliches Signal f\u00fcr die gesamte Schweizer Wirtschaft.\" \/>\n<meta name=\"twitter:image\" content=\"https:\/\/www.organisator.ch\/wp-content\/uploads\/2018\/01\/Rekordhohe-Anzahl-Firmengr\u00fcndungen-in-der-Schweiz-1_Organisator.jpg\" \/>\n<script type=\"application\/ld+json\" class=\"yoast-schema-graph\">{\"@context\":\"https:\\\/\\\/schema.org\",\"@graph\":[{\"@type\":\"Article\",\"@id\":\"https:\\\/\\\/www.organisator.ch\\\/management\\\/2018-01-04\\\/rekordhohe-anzahl-firmengruendungen-in-der-schweiz\\\/#article\",\"isPartOf\":{\"@id\":\"https:\\\/\\\/www.organisator.ch\\\/management\\\/2018-01-04\\\/rekordhohe-anzahl-firmengruendungen-in-der-schweiz\\\/\"},\"author\":{\"name\":\"thomas.berner\",\"@id\":\"https:\\\/\\\/www.organisator.ch\\\/#\\\/schema\\\/person\\\/6f650f90b2842cd4c0cc334b4e36f67e\"},\"headline\":\"Rekordhohe Anzahl Firmengr\u00fcndungen in der Schweiz\",\"datePublished\":\"2018-01-04T07:12:31+00:00\",\"mainEntityOfPage\":{\"@id\":\"https:\\\/\\\/www.organisator.ch\\\/management\\\/2018-01-04\\\/rekordhohe-anzahl-firmengruendungen-in-der-schweiz\\\/\"},\"wordCount\":365,\"commentCount\":0,\"publisher\":{\"@id\":\"https:\\\/\\\/www.organisator.ch\\\/#organization\"},\"image\":{\"@id\":\"https:\\\/\\\/www.organisator.ch\\\/management\\\/2018-01-04\\\/rekordhohe-anzahl-firmengruendungen-in-der-schweiz\\\/#primaryimage\"},\"thumbnailUrl\":\"https:\\\/\\\/www.organisator.ch\\\/wp-content\\\/uploads\\\/2018\\\/01\\\/Rekordhohe-Anzahl-Firmengruendungen-in-der-Schweiz-1_Organisator.jpg\",\"keywords\":[\"Management und Unternehmensf\u00fchrung\",\"Startups\",\"Unternehmen\",\"Wirtschaftspolitik\"],\"articleSection\":[\"MANAGEMENT\"],\"inLanguage\":\"fr-FR\"},{\"@type\":\"WebPage\",\"@id\":\"https:\\\/\\\/www.organisator.ch\\\/management\\\/2018-01-04\\\/rekordhohe-anzahl-firmengruendungen-in-der-schweiz\\\/\",\"url\":\"https:\\\/\\\/www.organisator.ch\\\/management\\\/2018-01-04\\\/rekordhohe-anzahl-firmengruendungen-in-der-schweiz\\\/\",\"name\":\"Rekordhohe Anzahl Firmengr\u00fcndungen in der Schweiz - Organisator\",\"isPartOf\":{\"@id\":\"https:\\\/\\\/www.organisator.ch\\\/#website\"},\"primaryImageOfPage\":{\"@id\":\"https:\\\/\\\/www.organisator.ch\\\/management\\\/2018-01-04\\\/rekordhohe-anzahl-firmengruendungen-in-der-schweiz\\\/#primaryimage\"},\"image\":{\"@id\":\"https:\\\/\\\/www.organisator.ch\\\/management\\\/2018-01-04\\\/rekordhohe-anzahl-firmengruendungen-in-der-schweiz\\\/#primaryimage\"},\"thumbnailUrl\":\"https:\\\/\\\/www.organisator.ch\\\/wp-content\\\/uploads\\\/2018\\\/01\\\/Rekordhohe-Anzahl-Firmengruendungen-in-der-Schweiz-1_Organisator.jpg\",\"datePublished\":\"2018-01-04T07:12:31+00:00\",\"description\":\"Im Jahr 2017 wurden so viele neue Firmen gegr\u00fcndet wie noch nie. Ein erfreuliches Signal f\u00fcr die gesamte Schweizer Wirtschaft.\",\"breadcrumb\":{\"@id\":\"https:\\\/\\\/www.organisator.ch\\\/management\\\/2018-01-04\\\/rekordhohe-anzahl-firmengruendungen-in-der-schweiz\\\/#breadcrumb\"},\"inLanguage\":\"fr-FR\",\"potentialAction\":[{\"@type\":\"ReadAction\",\"target\":[\"https:\\\/\\\/www.organisator.ch\\\/management\\\/2018-01-04\\\/rekordhohe-anzahl-firmengruendungen-in-der-schweiz\\\/\"]}]},{\"@type\":\"ImageObject\",\"inLanguage\":\"fr-FR\",\"@id\":\"https:\\\/\\\/www.organisator.ch\\\/management\\\/2018-01-04\\\/rekordhohe-anzahl-firmengruendungen-in-der-schweiz\\\/#primaryimage\",\"url\":\"https:\\\/\\\/www.organisator.ch\\\/wp-content\\\/uploads\\\/2018\\\/01\\\/Rekordhohe-Anzahl-Firmengruendungen-in-der-Schweiz-1_Organisator.jpg\",\"contentUrl\":\"https:\\\/\\\/www.organisator.ch\\\/wp-content\\\/uploads\\\/2018\\\/01\\\/Rekordhohe-Anzahl-Firmengruendungen-in-der-Schweiz-1_Organisator.jpg\",\"width\":640,\"height\":364,\"caption\":\"Der Firmengr\u00fcndungs-Boom setzt sich in der Schweiz auch im ersten Quartal 2018 fort. (Bild: Bild: Fotolia.com)\"},{\"@type\":\"BreadcrumbList\",\"@id\":\"https:\\\/\\\/www.organisator.ch\\\/management\\\/2018-01-04\\\/rekordhohe-anzahl-firmengruendungen-in-der-schweiz\\\/#breadcrumb\",\"itemListElement\":[{\"@type\":\"ListItem\",\"position\":1,\"name\":\"Home\",\"item\":\"https:\\\/\\\/www.organisator.ch\\\/\"},{\"@type\":\"ListItem\",\"position\":2,\"name\":\"Rekordhohe Anzahl Firmengr\u00fcndungen in der Schweiz\"}]},{\"@type\":\"WebSite\",\"@id\":\"https:\\\/\\\/www.organisator.ch\\\/#website\",\"url\":\"https:\\\/\\\/www.organisator.ch\\\/\",\"name\":\"Organisator\",\"description\":\"Kompetent. Praxisnah. Der ORGANISATOR bereitet in 10 Ausgaben pro Jahr die wesentlichen Themen f\u00fcr F\u00fchrungskr\u00e4fte von KMU auf.\",\"publisher\":{\"@id\":\"https:\\\/\\\/www.organisator.ch\\\/#organization\"},\"potentialAction\":[{\"@type\":\"SearchAction\",\"target\":{\"@type\":\"EntryPoint\",\"urlTemplate\":\"https:\\\/\\\/www.organisator.ch\\\/?s={search_term_string}\"},\"query-input\":{\"@type\":\"PropertyValueSpecification\",\"valueRequired\":true,\"valueName\":\"search_term_string\"}}],\"inLanguage\":\"fr-FR\"},{\"@type\":\"Organization\",\"@id\":\"https:\\\/\\\/www.organisator.ch\\\/#organization\",\"name\":\"Organisator\",\"url\":\"https:\\\/\\\/www.organisator.ch\\\/\",\"logo\":{\"@type\":\"ImageObject\",\"inLanguage\":\"fr-FR\",\"@id\":\"https:\\\/\\\/www.organisator.ch\\\/#\\\/schema\\\/logo\\\/image\\\/\",\"url\":\"https:\\\/\\\/www.organisator.ch\\\/wp-content\\\/uploads\\\/2022\\\/01\\\/Logo_Organisator_Website.png\",\"contentUrl\":\"https:\\\/\\\/www.organisator.ch\\\/wp-content\\\/uploads\\\/2022\\\/01\\\/Logo_Organisator_Website.png\",\"width\":800,\"height\":77,\"caption\":\"Organisator\"},\"image\":{\"@id\":\"https:\\\/\\\/www.organisator.ch\\\/#\\\/schema\\\/logo\\\/image\\\/\"},\"sameAs\":[\"https:\\\/\\\/www.facebook.com\\\/OrganisatorFachmagazin\",\"https:\\\/\\\/www.linkedin.com\\\/showcase\\\/organisator-das-magazin-fr-kmu\",\"https:\\\/\\\/www.xing.com\\\/news\\\/pages\\\/organisator-ch-695\",\"https:\\\/\\\/www.youtube.com\\\/channel\\\/UCGP2Sq0iWaZwT3BdIAQFYpw\"]},{\"@type\":\"Person\",\"@id\":\"https:\\\/\\\/www.organisator.ch\\\/#\\\/schema\\\/person\\\/6f650f90b2842cd4c0cc334b4e36f67e\",\"name\":\"thomas.berner\",\"image\":{\"@type\":\"ImageObject\",\"inLanguage\":\"fr-FR\",\"@id\":\"https:\\\/\\\/secure.gravatar.com\\\/avatar\\\/ac5001d2a36cb6c6cd3e50789007ffca834b477b74a2144564522e944eabff61?s=96&d=mm&r=g\",\"url\":\"https:\\\/\\\/secure.gravatar.com\\\/avatar\\\/ac5001d2a36cb6c6cd3e50789007ffca834b477b74a2144564522e944eabff61?s=96&d=mm&r=g\",\"contentUrl\":\"https:\\\/\\\/secure.gravatar.com\\\/avatar\\\/ac5001d2a36cb6c6cd3e50789007ffca834b477b74a2144564522e944eabff61?s=96&d=mm&r=g\",\"caption\":\"thomas.berner\"},\"url\":\"https:\\\/\\\/www.organisator.ch\\\/fr\\\/author\\\/thomas-berner\\\/\"}]}<\/script>\n<!-- \/ Yoast SEO plugin. -->","yoast_head_json":{"title":"Nombre record de cr\u00e9ations d'entreprises en Suisse - Organisateur","description":"En 2017, le nombre de nouvelles entreprises cr\u00e9\u00e9es n'a jamais \u00e9t\u00e9 aussi \u00e9lev\u00e9. Un signal r\u00e9jouissant pour l'ensemble de l'\u00e9conomie suisse.","robots":{"index":"index","follow":"follow","max-snippet":"max-snippet:-1","max-image-preview":"max-image-preview:large","max-video-preview":"max-video-preview:-1"},"canonical":"https:\/\/www.organisator.ch\/fr\/gestion-2\/2018-01-04\/rekordhohe-anzahl-firmengruendungen-in-der-schweiz\/","og_locale":"fr_FR","og_type":"article","og_title":"Rekordhohe Anzahl Firmengr\u00fcndungen in der Schweiz","og_description":"Im Jahr 2017 wurden so viele neue #Firmen gegr\u00fcndet wie noch nie. Ein erfreuliches Signal f\u00fcr die gesamte Schweizer Wirtschaft.","og_url":"https:\/\/www.organisator.ch\/fr\/gestion-2\/2018-01-04\/rekordhohe-anzahl-firmengruendungen-in-der-schweiz\/","og_site_name":"Organisator","article_publisher":"https:\/\/www.facebook.com\/OrganisatorFachmagazin","article_published_time":"2018-01-04T07:12:31+00:00","og_image":[{"width":640,"height":364,"url":"https:\/\/www.organisator.ch\/wp-content\/uploads\/2018\/01\/Rekordhohe-Anzahl-Firmengruendungen-in-der-Schweiz-1_Organisator.jpg","type":"image\/jpeg"}],"author":"thomas.berner","twitter_card":"summary_large_image","twitter_title":"Rekordhohe Anzahl #Firmengr\u00fcndungen in der Schweiz","twitter_description":"Im Jahr 2017 wurden so viele neue #Firmen gegr\u00fcndet wie noch nie. Ein erfreuliches Signal f\u00fcr die gesamte Schweizer Wirtschaft.","twitter_image":"https:\/\/www.organisator.ch\/wp-content\/uploads\/2018\/01\/Rekordhohe-Anzahl-Firmengr\u00fcndungen-in-der-Schweiz-1_Organisator.jpg","schema":{"@context":"https:\/\/schema.org","@graph":[{"@type":"Article","@id":"https:\/\/www.organisator.ch\/management\/2018-01-04\/rekordhohe-anzahl-firmengruendungen-in-der-schweiz\/#article","isPartOf":{"@id":"https:\/\/www.organisator.ch\/management\/2018-01-04\/rekordhohe-anzahl-firmengruendungen-in-der-schweiz\/"},"author":{"name":"thomas.berner","@id":"https:\/\/www.organisator.ch\/#\/schema\/person\/6f650f90b2842cd4c0cc334b4e36f67e"},"headline":"Rekordhohe Anzahl Firmengr\u00fcndungen in der Schweiz","datePublished":"2018-01-04T07:12:31+00:00","mainEntityOfPage":{"@id":"https:\/\/www.organisator.ch\/management\/2018-01-04\/rekordhohe-anzahl-firmengruendungen-in-der-schweiz\/"},"wordCount":365,"commentCount":0,"publisher":{"@id":"https:\/\/www.organisator.ch\/#organization"},"image":{"@id":"https:\/\/www.organisator.ch\/management\/2018-01-04\/rekordhohe-anzahl-firmengruendungen-in-der-schweiz\/#primaryimage"},"thumbnailUrl":"https:\/\/www.organisator.ch\/wp-content\/uploads\/2018\/01\/Rekordhohe-Anzahl-Firmengruendungen-in-der-Schweiz-1_Organisator.jpg","keywords":["Management und Unternehmensf\u00fchrung","Startups","Unternehmen","Wirtschaftspolitik"],"articleSection":["MANAGEMENT"],"inLanguage":"fr-FR"},{"@type":"WebPage","@id":"https:\/\/www.organisator.ch\/management\/2018-01-04\/rekordhohe-anzahl-firmengruendungen-in-der-schweiz\/","url":"https:\/\/www.organisator.ch\/management\/2018-01-04\/rekordhohe-anzahl-firmengruendungen-in-der-schweiz\/","name":"Nombre record de cr\u00e9ations d'entreprises en Suisse - Organisateur","isPartOf":{"@id":"https:\/\/www.organisator.ch\/#website"},"primaryImageOfPage":{"@id":"https:\/\/www.organisator.ch\/management\/2018-01-04\/rekordhohe-anzahl-firmengruendungen-in-der-schweiz\/#primaryimage"},"image":{"@id":"https:\/\/www.organisator.ch\/management\/2018-01-04\/rekordhohe-anzahl-firmengruendungen-in-der-schweiz\/#primaryimage"},"thumbnailUrl":"https:\/\/www.organisator.ch\/wp-content\/uploads\/2018\/01\/Rekordhohe-Anzahl-Firmengruendungen-in-der-Schweiz-1_Organisator.jpg","datePublished":"2018-01-04T07:12:31+00:00","description":"En 2017, le nombre de nouvelles entreprises cr\u00e9\u00e9es n'a jamais \u00e9t\u00e9 aussi \u00e9lev\u00e9. Un signal r\u00e9jouissant pour l'ensemble de l'\u00e9conomie suisse.","breadcrumb":{"@id":"https:\/\/www.organisator.ch\/management\/2018-01-04\/rekordhohe-anzahl-firmengruendungen-in-der-schweiz\/#breadcrumb"},"inLanguage":"fr-FR","potentialAction":[{"@type":"ReadAction","target":["https:\/\/www.organisator.ch\/management\/2018-01-04\/rekordhohe-anzahl-firmengruendungen-in-der-schweiz\/"]}]},{"@type":"ImageObject","inLanguage":"fr-FR","@id":"https:\/\/www.organisator.ch\/management\/2018-01-04\/rekordhohe-anzahl-firmengruendungen-in-der-schweiz\/#primaryimage","url":"https:\/\/www.organisator.ch\/wp-content\/uploads\/2018\/01\/Rekordhohe-Anzahl-Firmengruendungen-in-der-Schweiz-1_Organisator.jpg","contentUrl":"https:\/\/www.organisator.ch\/wp-content\/uploads\/2018\/01\/Rekordhohe-Anzahl-Firmengruendungen-in-der-Schweiz-1_Organisator.jpg","width":640,"height":364,"caption":"Der Firmengr\u00fcndungs-Boom setzt sich in der Schweiz auch im ersten Quartal 2018 fort. (Bild: Bild: Fotolia.com)"},{"@type":"BreadcrumbList","@id":"https:\/\/www.organisator.ch\/management\/2018-01-04\/rekordhohe-anzahl-firmengruendungen-in-der-schweiz\/#breadcrumb","itemListElement":[{"@type":"ListItem","position":1,"name":"Home","item":"https:\/\/www.organisator.ch\/"},{"@type":"ListItem","position":2,"name":"Rekordhohe Anzahl Firmengr\u00fcndungen in der Schweiz"}]},{"@type":"WebSite","@id":"https:\/\/www.organisator.ch\/#website","url":"https:\/\/www.organisator.ch\/","name":"Organisateur","description":"Comp\u00e9tence et comp\u00e9tence. Proches de la pratique. L'ORGANISATEUR pr\u00e9pare 10 num\u00e9ros par an sur les th\u00e8mes essentiels pour les dirigeants de PME.","publisher":{"@id":"https:\/\/www.organisator.ch\/#organization"},"potentialAction":[{"@type":"SearchAction","target":{"@type":"EntryPoint","urlTemplate":"https:\/\/www.organisator.ch\/?s={search_term_string}"},"query-input":{"@type":"PropertyValueSpecification","valueRequired":true,"valueName":"search_term_string"}}],"inLanguage":"fr-FR"},{"@type":"Organization","@id":"https:\/\/www.organisator.ch\/#organization","name":"Organisateur","url":"https:\/\/www.organisator.ch\/","logo":{"@type":"ImageObject","inLanguage":"fr-FR","@id":"https:\/\/www.organisator.ch\/#\/schema\/logo\/image\/","url":"https:\/\/www.organisator.ch\/wp-content\/uploads\/2022\/01\/Logo_Organisator_Website.png","contentUrl":"https:\/\/www.organisator.ch\/wp-content\/uploads\/2022\/01\/Logo_Organisator_Website.png","width":800,"height":77,"caption":"Organisator"},"image":{"@id":"https:\/\/www.organisator.ch\/#\/schema\/logo\/image\/"},"sameAs":["https:\/\/www.facebook.com\/OrganisatorFachmagazin","https:\/\/www.linkedin.com\/showcase\/organisator-das-magazin-fr-kmu","https:\/\/www.xing.com\/news\/pages\/organisator-ch-695","https:\/\/www.youtube.com\/channel\/UCGP2Sq0iWaZwT3BdIAQFYpw"]},{"@type":"Person","@id":"https:\/\/www.organisator.ch\/#\/schema\/person\/6f650f90b2842cd4c0cc334b4e36f67e","name":"thomas.berner","image":{"@type":"ImageObject","inLanguage":"fr-FR","@id":"https:\/\/secure.gravatar.com\/avatar\/ac5001d2a36cb6c6cd3e50789007ffca834b477b74a2144564522e944eabff61?s=96&d=mm&r=g","url":"https:\/\/secure.gravatar.com\/avatar\/ac5001d2a36cb6c6cd3e50789007ffca834b477b74a2144564522e944eabff61?s=96&d=mm&r=g","contentUrl":"https:\/\/secure.gravatar.com\/avatar\/ac5001d2a36cb6c6cd3e50789007ffca834b477b74a2144564522e944eabff61?s=96&d=mm&r=g","caption":"thomas.berner"},"url":"https:\/\/www.organisator.ch\/fr\/author\/thomas-berner\/"}]}},"_links":{"self":[{"href":"https:\/\/www.organisator.ch\/fr\/wp-json\/wp\/v2\/posts\/2929","targetHints":{"allow":["GET"]}}],"collection":[{"href":"https:\/\/www.organisator.ch\/fr\/wp-json\/wp\/v2\/posts"}],"about":[{"href":"https:\/\/www.organisator.ch\/fr\/wp-json\/wp\/v2\/types\/post"}],"author":[{"embeddable":true,"href":"https:\/\/www.organisator.ch\/fr\/wp-json\/wp\/v2\/users\/4"}],"replies":[{"embeddable":true,"href":"https:\/\/www.organisator.ch\/fr\/wp-json\/wp\/v2\/comments?post=2929"}],"version-history":[{"count":0,"href":"https:\/\/www.organisator.ch\/fr\/wp-json\/wp\/v2\/posts\/2929\/revisions"}],"wp:featuredmedia":[{"embeddable":true,"href":"https:\/\/www.organisator.ch\/fr\/wp-json\/wp\/v2\/media\/2931"}],"wp:attachment":[{"href":"https:\/\/www.organisator.ch\/fr\/wp-json\/wp\/v2\/media?parent=2929"}],"wp:term":[{"taxonomy":"category","embeddable":true,"href":"https:\/\/www.organisator.ch\/fr\/wp-json\/wp\/v2\/categories?post=2929"},{"taxonomy":"post_tag","embeddable":true,"href":"https:\/\/www.organisator.ch\/fr\/wp-json\/wp\/v2\/tags?post=2929"}],"curies":[{"name":"wp","href":"https:\/\/api.w.org\/{rel}","templated":true}]}}