{"id":29309,"date":"2024-08-27T10:26:05","date_gmt":"2024-08-27T08:26:05","guid":{"rendered":"https:\/\/www.organisator.ch\/?p=29309"},"modified":"2024-08-27T11:13:06","modified_gmt":"2024-08-27T09:13:06","slug":"digitalisierung-als-wachstumsmotor-fuer-kleinunternehmer-in-dach","status":"publish","type":"post","link":"https:\/\/www.organisator.ch\/fr\/management\/2024-08-27\/digitalisierung-als-wachstumsmotor-fuer-kleinunternehmer-in-dach\/","title":{"rendered":"La num\u00e9risation, moteur de croissance pour les petits entrepreneurs en DACH"},"content":{"rendered":"<figure id=\"attachment_29311\" aria-describedby=\"caption-attachment-29311\" style=\"width: 680px\" class=\"wp-caption alignnone\"><img loading=\"lazy\" decoding=\"async\" class=\"size-full wp-image-29311\" src=\"https:\/\/www.organisator.ch\/wp-content\/uploads\/2024\/08\/GoDaddy_Bild1_ps.jpg\" alt=\"\" width=\"680\" height=\"438\" srcset=\"https:\/\/www.organisator.ch\/wp-content\/uploads\/2024\/08\/GoDaddy_Bild1_ps.jpg 680w, https:\/\/www.organisator.ch\/wp-content\/uploads\/2024\/08\/GoDaddy_Bild1_ps-18x12.jpg 18w, https:\/\/www.organisator.ch\/wp-content\/uploads\/2024\/08\/GoDaddy_Bild1_ps-375x242.jpg 375w, https:\/\/www.organisator.ch\/wp-content\/uploads\/2024\/08\/GoDaddy_Bild1_ps-543x350.jpg 543w\" sizes=\"auto, (max-width: 680px) 100vw, 680px\" \/><figcaption id=\"caption-attachment-29311\" class=\"wp-caption-text\">Lorsqu'une entreprise se d\u00e9veloppe, ses d\u00e9fis \u00e9voluent \u00e9galement. (Image : www.depositphotos.com)<\/figcaption><\/figure>\n<p>GoDaddy, un fournisseur de sites web et de domaines, a publi\u00e9 les r\u00e9sultats de son Global Entrepreneurship Survey 2024. Ils mettent en lumi\u00e8re les motivations, les obstacles et les succ\u00e8s des entrepreneurs dans la r\u00e9gion DACH.<\/p>\n<h3><strong>Motivations et premiers obstacles<\/strong><\/h3>\n<p>L'enqu\u00eate montre la diversit\u00e9 des origines des entrepreneurs d'aujourd'hui. La majorit\u00e9 des personnes interrog\u00e9es appartiennent \u00e0 la g\u00e9n\u00e9ration du mill\u00e9naire (36 %) et \u00e0 la g\u00e9n\u00e9ration X (34 %), suivies par les baby-boomers (22 %) et la g\u00e9n\u00e9ration Z (8 %). Du point de vue de l'\u00e9ducation, 61 % des personnes interrog\u00e9es ont un dipl\u00f4me d'\u00e9cole ou de formation, 24 % ont un dipl\u00f4me universitaire et 15 % ont un dipl\u00f4me universitaire sup\u00e9rieur.<\/p>\n<p>Les principales motivations pour se mettre \u00e0 son compte \u00e9taient la poursuite d'une passion (31 %), le d\u00e9sir d'une plus grande flexibilit\u00e9 (18 %) et la n\u00e9cessit\u00e9 de prendre un nouveau d\u00e9part professionnel (16 %).<\/p>\n<p>Il est frappant de constater que 40 % des entrepreneurs dirigent leur entreprise depuis moins de cinq ans, ce qui t\u00e9moigne du dynamisme et de la vitalit\u00e9 de la sc\u00e8ne entrepreneuriale dans la r\u00e9gion DACH. Qu'ils viennent de se lancer ou qu'ils op\u00e8rent sur le march\u00e9 depuis plus longtemps, les premi\u00e8res phases de l'entrepreneuriat sont souvent marqu\u00e9es par des d\u00e9fis importants. Parmi les principaux obstacles rencontr\u00e9s lors du lancement d'une entreprise, on trouve la commercialisation en ligne (31 %), les questions fiscales (25 %) et le manque de connaissances sp\u00e9cialis\u00e9es dans la planification et la gestion des affaires (24 %).<\/p>\n<p>Pour surmonter ces obstacles, les entrepreneurs ont utilis\u00e9 leurs ressources financi\u00e8res de mani\u00e8re strat\u00e9gique : Les premiers investissements ont \u00e9t\u00e9 consacr\u00e9s \u00e0 l'\u00e9quipement (20 %), \u00e0 l'inventaire (13 %) et au marketing en ligne (13 %).<\/p>\n<h3><strong>D\u00e9fis actuels et transformation num\u00e9rique<\/strong><\/h3>\n<p>Les d\u00e9fis \u00e9voluent avec la croissance d'une entreprise. Actuellement, 48 % des personnes interrog\u00e9es consid\u00e8rent les probl\u00e8mes li\u00e9s aux clients comme leur plus grand d\u00e9fi, suivis par les difficult\u00e9s financi\u00e8res (26 %) et les probl\u00e8mes li\u00e9s aux employ\u00e9s (23 %).\u00a0<\/p>\n<p>L'accent mis sur l'\u00e9quipement (27 %) montre l'importance de la transformation num\u00e9rique. Les entrepreneurs investissent de plus en plus dans le d\u00e9veloppement de leur infrastructure num\u00e9rique, notamment dans le marketing en ligne (16 %) et le d\u00e9veloppement de nouveaux produits (13 %). Pour beaucoup, cette transformation num\u00e9rique pourrait \u00eatre la cl\u00e9 de nouvelles opportunit\u00e9s de croissance et d'un succ\u00e8s \u00e0 long terme.<\/p>\n<h3><strong>Chercher des conseils et mesurer le succ\u00e8s<\/strong><\/h3>\n<p>Le mentorat joue un r\u00f4le central dans le d\u00e9veloppement de l'entreprise : 46 % des propri\u00e9taires d'entreprise ont demand\u00e9 conseil \u00e0 des mentors exp\u00e9riment\u00e9s. Les entrepreneurs s'accordent \u00e0 dire que ce soutien les aide \u00e0 ma\u00eetriser la complexit\u00e9 de la gestion quotidienne de leur entreprise et contribue de mani\u00e8re d\u00e9cisive \u00e0 leur succ\u00e8s.<\/p>\n<p>Les effets positifs de l'entrepreneuriat sont clairement perceptibles : 85 % des personnes interrog\u00e9es d\u00e9clarent que leur vie s'est am\u00e9lior\u00e9e depuis le lancement de leur activit\u00e9 entrepreneuriale. Cette satisfaction motive nombre d'entre eux \u00e0 viser plus haut : 63 % des entreprises g\u00e9n\u00e8rent d\u00e9j\u00e0 jusqu'\u00e0 la moiti\u00e9 de leur chiffre d'affaires en ligne, et 98 % de ceux qui g\u00e9n\u00e8rent actuellement un revenu suppl\u00e9mentaire s'efforcent d'en faire leur revenu principal. Cela souligne l'importance croissante des plateformes num\u00e9riques et la forte volont\u00e9 d'ind\u00e9pendance financi\u00e8re.<\/p>\n<p>En ce qui concerne l'avenir, 52 % des personnes interrog\u00e9es s'attendent \u00e0 une \u00e9volution positive des affaires au cours des trois \u00e0 cinq prochaines ann\u00e9es, ce qui refl\u00e8te leur optimisme et leur confiance dans leurs capacit\u00e9s entrepreneuriales.<\/p>\n<p>\"GoDaddy s'engage \u00e0 fournir aux entrepreneurs les outils et les ressources en ligne n\u00e9cessaires pour r\u00e9ussir \u00e0 l'\u00e8re du num\u00e9rique\", d\u00e9clare Alexandra Anderson, directrice marketing DACH chez GoDaddy. \"Notre objectif est d'aider les entrepreneurs \u00e0 chaque \u00e9tape de leur d\u00e9veloppement et de faire de leur vision une r\u00e9alit\u00e9\".<\/p>\n<p><em>Source : <a href=\"http:\/\/www.godaddy.com\">www.godaddy.com<\/a><\/em><\/p>","protected":false},"excerpt":{"rendered":"<p>Qu'est-ce qui motive les gens \u00e0 quitter leur emploi stable et \u00e0 se lancer dans l'entrepreneuriat ? Dans un monde en constante \u00e9volution, le chemin vers l'ind\u00e9pendance est un voyage plein de d\u00e9fis et d'histoires \u00e0 succ\u00e8s. <\/p>","protected":false},"author":58,"featured_media":29311,"comment_status":"closed","ping_status":"closed","sticky":false,"template":"","format":"standard","meta":{"_acf_changed":false,"_yoast_wpseo_focuskw":"Kleinunternehmer","_yoast_wpseo_metadesc":"In einer Welt, die sich st\u00e4ndig wandelt, ist der Weg in die Selbstst\u00e4ndigkeit eine Reise voller Herausforderungen und Erfolgsgeschichten.","articlekey":"","footnotes":""},"categories":[28],"tags":[795,3992,156,301,335],"class_list":["post-29309","post","type-post","status-publish","format-standard","has-post-thumbnail","hentry","category-management","tag-befragung","tag-dach","tag-digitalisierung","tag-kmu","tag-management-und-unternehmensfuehrung"],"acf":[],"yoast_head":"<!-- This site is optimized with the Yoast SEO plugin v27.4 - https:\/\/yoast.com\/product\/yoast-seo-wordpress\/ -->\n<title>Digitalisierung als Wachstumsmotor f\u00fcr Kleinunternehmer in DACH - Organisator<\/title>\n<meta name=\"description\" content=\"In einer Welt, die sich st\u00e4ndig wandelt, ist der Weg in die Selbstst\u00e4ndigkeit eine Reise voller Herausforderungen und Erfolgsgeschichten.\" \/>\n<meta name=\"robots\" content=\"index, follow, max-snippet:-1, max-image-preview:large, max-video-preview:-1\" \/>\n<link rel=\"canonical\" href=\"https:\/\/www.organisator.ch\/fr\/gestion-2\/2024-08-27\/digitalisierung-als-wachstumsmotor-fuer-kleinunternehmer-in-dach\/\" \/>\n<meta property=\"og:locale\" content=\"fr_FR\" \/>\n<meta property=\"og:type\" content=\"article\" \/>\n<meta property=\"og:title\" content=\"Digitalisierung als Wachstumsmotor f\u00fcr Kleinunternehmer in DACH\" \/>\n<meta property=\"og:description\" content=\"In einer Welt, die sich st\u00e4ndig wandelt, ist der Weg in die Selbstst\u00e4ndigkeit eine Reise voller Herausforderungen und Erfolgsgeschichten.\" \/>\n<meta property=\"og:url\" content=\"https:\/\/www.organisator.ch\/fr\/gestion-2\/2024-08-27\/digitalisierung-als-wachstumsmotor-fuer-kleinunternehmer-in-dach\/\" \/>\n<meta property=\"og:site_name\" content=\"Organisator\" \/>\n<meta property=\"article:publisher\" content=\"https:\/\/www.facebook.com\/OrganisatorFachmagazin\" \/>\n<meta property=\"article:published_time\" content=\"2024-08-27T08:26:05+00:00\" \/>\n<meta property=\"article:modified_time\" content=\"2024-08-27T09:13:06+00:00\" \/>\n<meta property=\"og:image\" content=\"https:\/\/www.organisator.ch\/wp-content\/uploads\/2024\/08\/GoDaddy_Bild1_ps.jpg\" \/>\n\t<meta property=\"og:image:width\" content=\"680\" \/>\n\t<meta property=\"og:image:height\" content=\"438\" \/>\n\t<meta property=\"og:image:type\" content=\"image\/jpeg\" \/>\n<meta name=\"author\" content=\"Adelisa Kalajdzini\" \/>\n<meta name=\"twitter:card\" content=\"summary_large_image\" \/>\n<meta name=\"twitter:title\" content=\"Digitalisierung als Wachstumsmotor f\u00fcr Kleinunternehmer in DACH\" \/>\n<meta name=\"twitter:description\" content=\"In einer Welt, die sich st\u00e4ndig wandelt, ist der #Weg in die #Selbstst\u00e4ndigkeit eine #Reise voller #Herausforderungen und #Erfolgsgeschichten.\" \/>\n<meta name=\"twitter:image\" content=\"https:\/\/www.organisator.ch\/wp-content\/uploads\/2024\/08\/GoDaddy_Bild1_ps.jpg\" \/>\n<script type=\"application\/ld+json\" class=\"yoast-schema-graph\">{\"@context\":\"https:\\\/\\\/schema.org\",\"@graph\":[{\"@type\":\"Article\",\"@id\":\"https:\\\/\\\/www.organisator.ch\\\/management\\\/2024-08-27\\\/digitalisierung-als-wachstumsmotor-fuer-kleinunternehmer-in-dach\\\/#article\",\"isPartOf\":{\"@id\":\"https:\\\/\\\/www.organisator.ch\\\/management\\\/2024-08-27\\\/digitalisierung-als-wachstumsmotor-fuer-kleinunternehmer-in-dach\\\/\"},\"author\":{\"name\":\"Adelisa Kalajdzini\",\"@id\":\"https:\\\/\\\/www.organisator.ch\\\/#\\\/schema\\\/person\\\/2e1314a2172123f874db408d8911d3f3\"},\"headline\":\"Digitalisierung als Wachstumsmotor f\u00fcr Kleinunternehmer in DACH\",\"datePublished\":\"2024-08-27T08:26:05+00:00\",\"dateModified\":\"2024-08-27T09:13:06+00:00\",\"mainEntityOfPage\":{\"@id\":\"https:\\\/\\\/www.organisator.ch\\\/management\\\/2024-08-27\\\/digitalisierung-als-wachstumsmotor-fuer-kleinunternehmer-in-dach\\\/\"},\"wordCount\":558,\"publisher\":{\"@id\":\"https:\\\/\\\/www.organisator.ch\\\/#organization\"},\"image\":{\"@id\":\"https:\\\/\\\/www.organisator.ch\\\/management\\\/2024-08-27\\\/digitalisierung-als-wachstumsmotor-fuer-kleinunternehmer-in-dach\\\/#primaryimage\"},\"thumbnailUrl\":\"https:\\\/\\\/www.organisator.ch\\\/wp-content\\\/uploads\\\/2024\\\/08\\\/GoDaddy_Bild1_ps.jpg\",\"keywords\":[\"Befragung\",\"DACH\",\"Digitalisierung\",\"KMU\",\"Management und Unternehmensf\u00fchrung\"],\"articleSection\":[\"MANAGEMENT\"],\"inLanguage\":\"fr-FR\"},{\"@type\":\"WebPage\",\"@id\":\"https:\\\/\\\/www.organisator.ch\\\/management\\\/2024-08-27\\\/digitalisierung-als-wachstumsmotor-fuer-kleinunternehmer-in-dach\\\/\",\"url\":\"https:\\\/\\\/www.organisator.ch\\\/management\\\/2024-08-27\\\/digitalisierung-als-wachstumsmotor-fuer-kleinunternehmer-in-dach\\\/\",\"name\":\"Digitalisierung als Wachstumsmotor f\u00fcr Kleinunternehmer in DACH - Organisator\",\"isPartOf\":{\"@id\":\"https:\\\/\\\/www.organisator.ch\\\/#website\"},\"primaryImageOfPage\":{\"@id\":\"https:\\\/\\\/www.organisator.ch\\\/management\\\/2024-08-27\\\/digitalisierung-als-wachstumsmotor-fuer-kleinunternehmer-in-dach\\\/#primaryimage\"},\"image\":{\"@id\":\"https:\\\/\\\/www.organisator.ch\\\/management\\\/2024-08-27\\\/digitalisierung-als-wachstumsmotor-fuer-kleinunternehmer-in-dach\\\/#primaryimage\"},\"thumbnailUrl\":\"https:\\\/\\\/www.organisator.ch\\\/wp-content\\\/uploads\\\/2024\\\/08\\\/GoDaddy_Bild1_ps.jpg\",\"datePublished\":\"2024-08-27T08:26:05+00:00\",\"dateModified\":\"2024-08-27T09:13:06+00:00\",\"description\":\"In einer Welt, die sich st\u00e4ndig wandelt, ist der Weg in die Selbstst\u00e4ndigkeit eine Reise voller Herausforderungen und Erfolgsgeschichten.\",\"breadcrumb\":{\"@id\":\"https:\\\/\\\/www.organisator.ch\\\/management\\\/2024-08-27\\\/digitalisierung-als-wachstumsmotor-fuer-kleinunternehmer-in-dach\\\/#breadcrumb\"},\"inLanguage\":\"fr-FR\",\"potentialAction\":[{\"@type\":\"ReadAction\",\"target\":[\"https:\\\/\\\/www.organisator.ch\\\/management\\\/2024-08-27\\\/digitalisierung-als-wachstumsmotor-fuer-kleinunternehmer-in-dach\\\/\"]}]},{\"@type\":\"ImageObject\",\"inLanguage\":\"fr-FR\",\"@id\":\"https:\\\/\\\/www.organisator.ch\\\/management\\\/2024-08-27\\\/digitalisierung-als-wachstumsmotor-fuer-kleinunternehmer-in-dach\\\/#primaryimage\",\"url\":\"https:\\\/\\\/www.organisator.ch\\\/wp-content\\\/uploads\\\/2024\\\/08\\\/GoDaddy_Bild1_ps.jpg\",\"contentUrl\":\"https:\\\/\\\/www.organisator.ch\\\/wp-content\\\/uploads\\\/2024\\\/08\\\/GoDaddy_Bild1_ps.jpg\",\"width\":680,\"height\":438,\"caption\":\"Mit dem Wachstum eines Unternehmens ver\u00e4ndern sich auch die Herausforderungen. (Bild: www.depositphotos.com)\"},{\"@type\":\"BreadcrumbList\",\"@id\":\"https:\\\/\\\/www.organisator.ch\\\/management\\\/2024-08-27\\\/digitalisierung-als-wachstumsmotor-fuer-kleinunternehmer-in-dach\\\/#breadcrumb\",\"itemListElement\":[{\"@type\":\"ListItem\",\"position\":1,\"name\":\"Home\",\"item\":\"https:\\\/\\\/www.organisator.ch\\\/\"},{\"@type\":\"ListItem\",\"position\":2,\"name\":\"Digitalisierung als Wachstumsmotor f\u00fcr Kleinunternehmer in DACH\"}]},{\"@type\":\"WebSite\",\"@id\":\"https:\\\/\\\/www.organisator.ch\\\/#website\",\"url\":\"https:\\\/\\\/www.organisator.ch\\\/\",\"name\":\"Organisator\",\"description\":\"Kompetent. Praxisnah. Der ORGANISATOR bereitet in 10 Ausgaben pro Jahr die wesentlichen Themen f\u00fcr F\u00fchrungskr\u00e4fte von KMU auf.\",\"publisher\":{\"@id\":\"https:\\\/\\\/www.organisator.ch\\\/#organization\"},\"potentialAction\":[{\"@type\":\"SearchAction\",\"target\":{\"@type\":\"EntryPoint\",\"urlTemplate\":\"https:\\\/\\\/www.organisator.ch\\\/?s={search_term_string}\"},\"query-input\":{\"@type\":\"PropertyValueSpecification\",\"valueRequired\":true,\"valueName\":\"search_term_string\"}}],\"inLanguage\":\"fr-FR\"},{\"@type\":\"Organization\",\"@id\":\"https:\\\/\\\/www.organisator.ch\\\/#organization\",\"name\":\"Organisator\",\"url\":\"https:\\\/\\\/www.organisator.ch\\\/\",\"logo\":{\"@type\":\"ImageObject\",\"inLanguage\":\"fr-FR\",\"@id\":\"https:\\\/\\\/www.organisator.ch\\\/#\\\/schema\\\/logo\\\/image\\\/\",\"url\":\"https:\\\/\\\/www.organisator.ch\\\/wp-content\\\/uploads\\\/2022\\\/01\\\/Logo_Organisator_Website.png\",\"contentUrl\":\"https:\\\/\\\/www.organisator.ch\\\/wp-content\\\/uploads\\\/2022\\\/01\\\/Logo_Organisator_Website.png\",\"width\":800,\"height\":77,\"caption\":\"Organisator\"},\"image\":{\"@id\":\"https:\\\/\\\/www.organisator.ch\\\/#\\\/schema\\\/logo\\\/image\\\/\"},\"sameAs\":[\"https:\\\/\\\/www.facebook.com\\\/OrganisatorFachmagazin\",\"https:\\\/\\\/www.linkedin.com\\\/showcase\\\/organisator-das-magazin-fr-kmu\",\"https:\\\/\\\/www.xing.com\\\/news\\\/pages\\\/organisator-ch-695\",\"https:\\\/\\\/www.youtube.com\\\/channel\\\/UCGP2Sq0iWaZwT3BdIAQFYpw\"]},{\"@type\":\"Person\",\"@id\":\"https:\\\/\\\/www.organisator.ch\\\/#\\\/schema\\\/person\\\/2e1314a2172123f874db408d8911d3f3\",\"name\":\"Adelisa Kalajdzini\",\"image\":{\"@type\":\"ImageObject\",\"inLanguage\":\"fr-FR\",\"@id\":\"https:\\\/\\\/secure.gravatar.com\\\/avatar\\\/09a397c22ac58cad6f160ee8306348599df9df58a8ede73696226897b9fa4b24?s=96&d=mm&r=g\",\"url\":\"https:\\\/\\\/secure.gravatar.com\\\/avatar\\\/09a397c22ac58cad6f160ee8306348599df9df58a8ede73696226897b9fa4b24?s=96&d=mm&r=g\",\"contentUrl\":\"https:\\\/\\\/secure.gravatar.com\\\/avatar\\\/09a397c22ac58cad6f160ee8306348599df9df58a8ede73696226897b9fa4b24?s=96&d=mm&r=g\",\"caption\":\"Adelisa Kalajdzini\"},\"url\":\"https:\\\/\\\/www.organisator.ch\\\/fr\\\/author\\\/adelisa-kalajdzini\\\/\"}]}<\/script>\n<!-- \/ Yoast SEO plugin. -->","yoast_head_json":{"title":"La num\u00e9risation comme moteur de croissance pour les petits entrepreneurs en DACH - Organisateur","description":"Dans un monde en constante \u00e9volution, le chemin vers l'ind\u00e9pendance est un voyage plein de d\u00e9fis et de r\u00e9ussites.","robots":{"index":"index","follow":"follow","max-snippet":"max-snippet:-1","max-image-preview":"max-image-preview:large","max-video-preview":"max-video-preview:-1"},"canonical":"https:\/\/www.organisator.ch\/fr\/gestion-2\/2024-08-27\/digitalisierung-als-wachstumsmotor-fuer-kleinunternehmer-in-dach\/","og_locale":"fr_FR","og_type":"article","og_title":"Digitalisierung als Wachstumsmotor f\u00fcr Kleinunternehmer in DACH","og_description":"In einer Welt, die sich st\u00e4ndig wandelt, ist der Weg in die Selbstst\u00e4ndigkeit eine Reise voller Herausforderungen und Erfolgsgeschichten.","og_url":"https:\/\/www.organisator.ch\/fr\/gestion-2\/2024-08-27\/digitalisierung-als-wachstumsmotor-fuer-kleinunternehmer-in-dach\/","og_site_name":"Organisator","article_publisher":"https:\/\/www.facebook.com\/OrganisatorFachmagazin","article_published_time":"2024-08-27T08:26:05+00:00","article_modified_time":"2024-08-27T09:13:06+00:00","og_image":[{"width":680,"height":438,"url":"https:\/\/www.organisator.ch\/wp-content\/uploads\/2024\/08\/GoDaddy_Bild1_ps.jpg","type":"image\/jpeg"}],"author":"Adelisa Kalajdzini","twitter_card":"summary_large_image","twitter_title":"Digitalisierung als Wachstumsmotor f\u00fcr Kleinunternehmer in DACH","twitter_description":"In einer Welt, die sich st\u00e4ndig wandelt, ist der #Weg in die #Selbstst\u00e4ndigkeit eine #Reise voller #Herausforderungen und #Erfolgsgeschichten.","twitter_image":"https:\/\/www.organisator.ch\/wp-content\/uploads\/2024\/08\/GoDaddy_Bild1_ps.jpg","schema":{"@context":"https:\/\/schema.org","@graph":[{"@type":"Article","@id":"https:\/\/www.organisator.ch\/management\/2024-08-27\/digitalisierung-als-wachstumsmotor-fuer-kleinunternehmer-in-dach\/#article","isPartOf":{"@id":"https:\/\/www.organisator.ch\/management\/2024-08-27\/digitalisierung-als-wachstumsmotor-fuer-kleinunternehmer-in-dach\/"},"author":{"name":"Adelisa Kalajdzini","@id":"https:\/\/www.organisator.ch\/#\/schema\/person\/2e1314a2172123f874db408d8911d3f3"},"headline":"Digitalisierung als Wachstumsmotor f\u00fcr Kleinunternehmer in DACH","datePublished":"2024-08-27T08:26:05+00:00","dateModified":"2024-08-27T09:13:06+00:00","mainEntityOfPage":{"@id":"https:\/\/www.organisator.ch\/management\/2024-08-27\/digitalisierung-als-wachstumsmotor-fuer-kleinunternehmer-in-dach\/"},"wordCount":558,"publisher":{"@id":"https:\/\/www.organisator.ch\/#organization"},"image":{"@id":"https:\/\/www.organisator.ch\/management\/2024-08-27\/digitalisierung-als-wachstumsmotor-fuer-kleinunternehmer-in-dach\/#primaryimage"},"thumbnailUrl":"https:\/\/www.organisator.ch\/wp-content\/uploads\/2024\/08\/GoDaddy_Bild1_ps.jpg","keywords":["Befragung","DACH","Digitalisierung","KMU","Management und Unternehmensf\u00fchrung"],"articleSection":["MANAGEMENT"],"inLanguage":"fr-FR"},{"@type":"WebPage","@id":"https:\/\/www.organisator.ch\/management\/2024-08-27\/digitalisierung-als-wachstumsmotor-fuer-kleinunternehmer-in-dach\/","url":"https:\/\/www.organisator.ch\/management\/2024-08-27\/digitalisierung-als-wachstumsmotor-fuer-kleinunternehmer-in-dach\/","name":"La num\u00e9risation comme moteur de croissance pour les petits entrepreneurs en DACH - Organisateur","isPartOf":{"@id":"https:\/\/www.organisator.ch\/#website"},"primaryImageOfPage":{"@id":"https:\/\/www.organisator.ch\/management\/2024-08-27\/digitalisierung-als-wachstumsmotor-fuer-kleinunternehmer-in-dach\/#primaryimage"},"image":{"@id":"https:\/\/www.organisator.ch\/management\/2024-08-27\/digitalisierung-als-wachstumsmotor-fuer-kleinunternehmer-in-dach\/#primaryimage"},"thumbnailUrl":"https:\/\/www.organisator.ch\/wp-content\/uploads\/2024\/08\/GoDaddy_Bild1_ps.jpg","datePublished":"2024-08-27T08:26:05+00:00","dateModified":"2024-08-27T09:13:06+00:00","description":"Dans un monde en constante \u00e9volution, le chemin vers l'ind\u00e9pendance est un voyage plein de d\u00e9fis et de r\u00e9ussites.","breadcrumb":{"@id":"https:\/\/www.organisator.ch\/management\/2024-08-27\/digitalisierung-als-wachstumsmotor-fuer-kleinunternehmer-in-dach\/#breadcrumb"},"inLanguage":"fr-FR","potentialAction":[{"@type":"ReadAction","target":["https:\/\/www.organisator.ch\/management\/2024-08-27\/digitalisierung-als-wachstumsmotor-fuer-kleinunternehmer-in-dach\/"]}]},{"@type":"ImageObject","inLanguage":"fr-FR","@id":"https:\/\/www.organisator.ch\/management\/2024-08-27\/digitalisierung-als-wachstumsmotor-fuer-kleinunternehmer-in-dach\/#primaryimage","url":"https:\/\/www.organisator.ch\/wp-content\/uploads\/2024\/08\/GoDaddy_Bild1_ps.jpg","contentUrl":"https:\/\/www.organisator.ch\/wp-content\/uploads\/2024\/08\/GoDaddy_Bild1_ps.jpg","width":680,"height":438,"caption":"Mit dem Wachstum eines Unternehmens ver\u00e4ndern sich auch die Herausforderungen. (Bild: www.depositphotos.com)"},{"@type":"BreadcrumbList","@id":"https:\/\/www.organisator.ch\/management\/2024-08-27\/digitalisierung-als-wachstumsmotor-fuer-kleinunternehmer-in-dach\/#breadcrumb","itemListElement":[{"@type":"ListItem","position":1,"name":"Home","item":"https:\/\/www.organisator.ch\/"},{"@type":"ListItem","position":2,"name":"Digitalisierung als Wachstumsmotor f\u00fcr Kleinunternehmer in DACH"}]},{"@type":"WebSite","@id":"https:\/\/www.organisator.ch\/#website","url":"https:\/\/www.organisator.ch\/","name":"Organisateur","description":"Comp\u00e9tence et comp\u00e9tence. Proches de la pratique. L'ORGANISATEUR pr\u00e9pare 10 num\u00e9ros par an sur les th\u00e8mes essentiels pour les dirigeants de PME.","publisher":{"@id":"https:\/\/www.organisator.ch\/#organization"},"potentialAction":[{"@type":"SearchAction","target":{"@type":"EntryPoint","urlTemplate":"https:\/\/www.organisator.ch\/?s={search_term_string}"},"query-input":{"@type":"PropertyValueSpecification","valueRequired":true,"valueName":"search_term_string"}}],"inLanguage":"fr-FR"},{"@type":"Organization","@id":"https:\/\/www.organisator.ch\/#organization","name":"Organisateur","url":"https:\/\/www.organisator.ch\/","logo":{"@type":"ImageObject","inLanguage":"fr-FR","@id":"https:\/\/www.organisator.ch\/#\/schema\/logo\/image\/","url":"https:\/\/www.organisator.ch\/wp-content\/uploads\/2022\/01\/Logo_Organisator_Website.png","contentUrl":"https:\/\/www.organisator.ch\/wp-content\/uploads\/2022\/01\/Logo_Organisator_Website.png","width":800,"height":77,"caption":"Organisator"},"image":{"@id":"https:\/\/www.organisator.ch\/#\/schema\/logo\/image\/"},"sameAs":["https:\/\/www.facebook.com\/OrganisatorFachmagazin","https:\/\/www.linkedin.com\/showcase\/organisator-das-magazin-fr-kmu","https:\/\/www.xing.com\/news\/pages\/organisator-ch-695","https:\/\/www.youtube.com\/channel\/UCGP2Sq0iWaZwT3BdIAQFYpw"]},{"@type":"Person","@id":"https:\/\/www.organisator.ch\/#\/schema\/person\/2e1314a2172123f874db408d8911d3f3","name":"Adelisa Kalajdzini","image":{"@type":"ImageObject","inLanguage":"fr-FR","@id":"https:\/\/secure.gravatar.com\/avatar\/09a397c22ac58cad6f160ee8306348599df9df58a8ede73696226897b9fa4b24?s=96&d=mm&r=g","url":"https:\/\/secure.gravatar.com\/avatar\/09a397c22ac58cad6f160ee8306348599df9df58a8ede73696226897b9fa4b24?s=96&d=mm&r=g","contentUrl":"https:\/\/secure.gravatar.com\/avatar\/09a397c22ac58cad6f160ee8306348599df9df58a8ede73696226897b9fa4b24?s=96&d=mm&r=g","caption":"Adelisa Kalajdzini"},"url":"https:\/\/www.organisator.ch\/fr\/author\/adelisa-kalajdzini\/"}]}},"_links":{"self":[{"href":"https:\/\/www.organisator.ch\/fr\/wp-json\/wp\/v2\/posts\/29309","targetHints":{"allow":["GET"]}}],"collection":[{"href":"https:\/\/www.organisator.ch\/fr\/wp-json\/wp\/v2\/posts"}],"about":[{"href":"https:\/\/www.organisator.ch\/fr\/wp-json\/wp\/v2\/types\/post"}],"author":[{"embeddable":true,"href":"https:\/\/www.organisator.ch\/fr\/wp-json\/wp\/v2\/users\/58"}],"replies":[{"embeddable":true,"href":"https:\/\/www.organisator.ch\/fr\/wp-json\/wp\/v2\/comments?post=29309"}],"version-history":[{"count":6,"href":"https:\/\/www.organisator.ch\/fr\/wp-json\/wp\/v2\/posts\/29309\/revisions"}],"predecessor-version":[{"id":29325,"href":"https:\/\/www.organisator.ch\/fr\/wp-json\/wp\/v2\/posts\/29309\/revisions\/29325"}],"wp:featuredmedia":[{"embeddable":true,"href":"https:\/\/www.organisator.ch\/fr\/wp-json\/wp\/v2\/media\/29311"}],"wp:attachment":[{"href":"https:\/\/www.organisator.ch\/fr\/wp-json\/wp\/v2\/media?parent=29309"}],"wp:term":[{"taxonomy":"category","embeddable":true,"href":"https:\/\/www.organisator.ch\/fr\/wp-json\/wp\/v2\/categories?post=29309"},{"taxonomy":"post_tag","embeddable":true,"href":"https:\/\/www.organisator.ch\/fr\/wp-json\/wp\/v2\/tags?post=29309"}],"curies":[{"name":"wp","href":"https:\/\/api.w.org\/{rel}","templated":true}]}}