{"id":29313,"date":"2024-08-27T09:08:26","date_gmt":"2024-08-27T07:08:26","guid":{"rendered":"https:\/\/www.m-q.ch\/?p=20250"},"modified":"2024-11-08T12:27:45","modified_gmt":"2024-11-08T11:27:45","slug":"green-baut-datacenter-kapazitaet-aus","status":"publish","type":"post","link":"https:\/\/www.organisator.ch\/fr\/operational-excellence\/2024-08-27\/green-baut-datacenter-kapazitaet-aus\/","title":{"rendered":"Green augmente sa capacit\u00e9 de datacenter"},"content":{"rendered":"<figure id=\"attachment_20252\" class=\"wp-caption alignnone\" style=\"width: 680px\" aria-describedby=\"caption-attachment-20252\"><img class=\"alignnone wp-image-20252 size-full\" src=\"https:\/\/www.m-q.ch\/wp-content\/uploads\/2024\/08\/Green_Metro_Campus_Zuerich_West_Datacenter_4_Bild1_ps.jpg\" alt=\"Centre de donn\u00e9es vert\" width=\"680\" height=\"400\" \/>\r\n<figcaption id=\"caption-attachment-20252\" class=\"wp-caption-text\">Visualisation du Datacenter 4 sur le Green Metro-Campus Zurich West. (Image : www.green.ch)<\/figcaption>\r\n<\/figure>\r\n<p>Green annonce aujourd'hui le d\u00e9but de la construction de son quatri\u00e8me datacenter sur le campus Metro de Zurich Ouest. Au si\u00e8ge de l'entreprise, 5'526 m<sup>2<\/sup> nouvelle surface de datacenter pour un calcul haute performance s\u00fbr et \u00e9nerg\u00e9tiquement efficace. Cela correspond \u00e0 12 m\u00e9gawatts de puissance pour les syst\u00e8mes des clients. Le datacenter Zurich West 4 sera \u00e9quip\u00e9 d'un syst\u00e8me de d\u00e9couplage de la chaleur r\u00e9siduelle afin d'approvisionner la r\u00e9gion en chaleur de chauffage climatiquement neutre.<\/p>\r\n<h3><strong>La demande acc\u00e9l\u00e8re le d\u00e9but de la construction<\/strong><\/h3>\r\n<p>La demande en centres de donn\u00e9es modernes est forte. Les nouvelles technologies telles que l'intelligence artificielle et la pouss\u00e9e de la num\u00e9risation dans tous les secteurs exigent davantage de puissance de calcul et g\u00e9n\u00e8rent plus de volumes de donn\u00e9es. Parall\u00e8lement, l'externalisation des centres de donn\u00e9es propres \u00e0 l'entreprise augmente - de nombreuses entreprises d\u00e9mant\u00e8lent leurs propres centres de donn\u00e9es parce qu'ils n'offrent plus suffisamment de capacit\u00e9, de flexibilit\u00e9 et d'efficacit\u00e9 \u00e9nerg\u00e9tique. \"Nous sommes au d\u00e9but d'une nouvelle vague d'investissements\", explique Roger S\u00fcess, CEO de Green, qui ajoute : \"Avec notre programme d'investissement, nous allons \u00e0 nouveau doubler nos capacit\u00e9s de datacenter au cours des deux \u00e0 trois prochaines ann\u00e9es. Des datacenters modernes et efficaces sont une condition importante pour que les entreprises puissent mettre en \u0153uvre la num\u00e9risation de mani\u00e8re durable et \u00e0 l'\u00e9preuve du temps\".<\/p>\r\n<h3><strong>Centres de donn\u00e9es soutenus par un r\u00e9seau de chaleur<\/strong><\/h3>\r\n<p>Green oriente son architecture de centre de donn\u00e9es vers une efficacit\u00e9 \u00e9nerg\u00e9tique \u00e9lev\u00e9e et vers les exigences futures de l'informatique haute performance. Le Datacenter Zurich West 4 sera \u00e9quip\u00e9 d'un syst\u00e8me de r\u00e9cup\u00e9ration de la chaleur. La chaleur r\u00e9siduelle des syst\u00e8mes des clients alimentera le nouveau r\u00e9seau de chaleur Naturenergie Eigenamt, g\u00e9r\u00e9 par IBB Energie AG. Pour le refroidissement, Green utilise en outre le refroidissement naturel (freecooling) de l'air ambiant, ce qui minimise la consommation d'\u00e9nergie. La conception des locaux, les installations et la commande correspondent \u00e0 la toute derni\u00e8re architecture de r\u00e9f\u00e9rence de Green, \u00e9conome en \u00e9nergie. De plus, des installations photovolta\u00efques compl\u00e8tent le concept.<\/p>\r\n<h3><strong>Le centre de donn\u00e9es Zurich West 4 en bref<\/strong><\/h3>\r\n<ul>\r\n\t<li>Datacenter haute performance de derni\u00e8re g\u00e9n\u00e9ration<\/li>\r\n\t<li>Mise en service : 2026<\/li>\r\n\t<li>5'526 m<sup>2<\/sup> Surface du centre de donn\u00e9es<\/li>\r\n\t<li>Environ 2'000 m<sup>2<\/sup> Espace de bureau<\/li>\r\n\t<li>Chaleur de chauffage climatiquement neutre pour la r\u00e9gion<\/li>\r\n\t<li>100% \u00e9nergie renouvelable dans l'exploitation du centre de donn\u00e9es<\/li>\r\n<\/ul>\r\n<p>La Suisse est une place \u00e9conomique et scientifique \u00e9tablie qui, \u00e0 l'avenir, misera encore plus sur l'innovation num\u00e9rique pour maintenir sa comp\u00e9titivit\u00e9. De plus, la Suisse est \u00e9galement attractive en tant que site de donn\u00e9es au sein de l'Europe. Les pr\u00e9visions \u00e0 moyen terme tablent sur une demande toujours \u00e9lev\u00e9e en capacit\u00e9s de datacenter. C'est pourquoi Green \u00e9value d\u00e9j\u00e0 de nouveaux sites pour la prochaine phase de son expansion.<\/p>\r\n<p><em>Source : <a href=\"http:\/\/www.green.ch\/\">www.green.ch<\/a><\/em><\/p>\n<p class=\"syndicated-attribution\">Cet article est paru initialement sur m-q.ch - <a href=\"https:\/\/www.m-q.ch\/de\/green-baut-datacenter-kapazitaet-aus\/\" target=\"_blank\">https:\/\/www.m-q.ch\/de\/green-baut-datacenter-kapazitaet-aus\/<\/a><\/p>","protected":false},"excerpt":{"rendered":"<p>Le fournisseur suisse de datacenters Green construit un nouveau centre de donn\u00e9es haute performance sur le campus Metro de Zurich Ouest. La demande en puissance de calcul a fortement augment\u00e9.<\/p>","protected":false},"author":58,"featured_media":0,"comment_status":"closed","ping_status":"closed","sticky":false,"template":"","format":"standard","meta":{"_acf_changed":false,"_yoast_wpseo_focuskw":"Green Datacenter","_yoast_wpseo_metadesc":"Green startet Bau des Datacenters Z\u00fcrich West 4. 5'526 m\u00b2 Fl\u00e4che f\u00fcr energieeffizientes Hochleistungs-Computing ab 2026.","articlekey":"","footnotes":""},"categories":[582],"tags":[103,3480,4422,424,492],"class_list":["post-29313","post","type-post","status-publish","format-standard","hentry","category-operational-excellence","tag-business-excellence","tag-datacenter","tag-green","tag-schweiz","tag-unternehmen"],"acf":[],"yoast_head":"<!-- This site is optimized with the Yoast SEO plugin v27.5 - https:\/\/yoast.com\/product\/yoast-seo-wordpress\/ -->\n<title>Green baut Datacenter-Kapazit\u00e4t aus - Organisator<\/title>\n<meta name=\"description\" content=\"Green startet Bau des Datacenters Z\u00fcrich West 4. 5&#039;526 m\u00b2 Fl\u00e4che f\u00fcr energieeffizientes Hochleistungs-Computing ab 2026.\" \/>\n<meta name=\"robots\" content=\"index, follow, max-snippet:-1, max-image-preview:large, max-video-preview:-1\" \/>\n<link rel=\"canonical\" href=\"https:\/\/www.organisator.ch\/fr\/excellence-operationnelle\/2024-08-27\/green-baut-datacenter-kapazitaet-aus\/\" \/>\n<meta property=\"og:locale\" content=\"fr_FR\" \/>\n<meta property=\"og:type\" content=\"article\" \/>\n<meta property=\"og:title\" content=\"Green baut Datacenter-Kapazit\u00e4t aus - Organisator\" \/>\n<meta property=\"og:description\" content=\"Green startet Bau des Datacenters Z\u00fcrich West 4. 5&#039;526 m\u00b2 Fl\u00e4che f\u00fcr energieeffizientes Hochleistungs-Computing ab 2026.\" \/>\n<meta property=\"og:url\" content=\"https:\/\/www.organisator.ch\/fr\/excellence-operationnelle\/2024-08-27\/green-baut-datacenter-kapazitaet-aus\/\" \/>\n<meta property=\"og:site_name\" content=\"Organisator\" \/>\n<meta property=\"article:publisher\" content=\"https:\/\/www.facebook.com\/OrganisatorFachmagazin\" \/>\n<meta property=\"article:published_time\" content=\"2024-08-27T07:08:26+00:00\" \/>\n<meta property=\"article:modified_time\" content=\"2024-11-08T11:27:45+00:00\" \/>\n<meta property=\"og:image\" content=\"https:\/\/www.m-q.ch\/wp-content\/uploads\/2024\/08\/Green_Metro_Campus_Zuerich_West_Datacenter_4_Bild1_ps.jpg\" \/>\n<meta name=\"author\" content=\"Adelisa Kalajdzini\" \/>\n<meta name=\"twitter:card\" content=\"summary_large_image\" \/>\n<script type=\"application\/ld+json\" class=\"yoast-schema-graph\">{\"@context\":\"https:\\\/\\\/schema.org\",\"@graph\":[{\"@type\":\"Article\",\"@id\":\"https:\\\/\\\/www.organisator.ch\\\/operational-excellence\\\/2024-08-27\\\/green-baut-datacenter-kapazitaet-aus\\\/#article\",\"isPartOf\":{\"@id\":\"https:\\\/\\\/www.organisator.ch\\\/operational-excellence\\\/2024-08-27\\\/green-baut-datacenter-kapazitaet-aus\\\/\"},\"author\":{\"name\":\"Adelisa Kalajdzini\",\"@id\":\"https:\\\/\\\/www.organisator.ch\\\/#\\\/schema\\\/person\\\/2e1314a2172123f874db408d8911d3f3\"},\"headline\":\"Green baut Datacenter-Kapazit\u00e4t aus\",\"datePublished\":\"2024-08-27T07:08:26+00:00\",\"dateModified\":\"2024-11-08T11:27:45+00:00\",\"mainEntityOfPage\":{\"@id\":\"https:\\\/\\\/www.organisator.ch\\\/operational-excellence\\\/2024-08-27\\\/green-baut-datacenter-kapazitaet-aus\\\/\"},\"wordCount\":371,\"publisher\":{\"@id\":\"https:\\\/\\\/www.organisator.ch\\\/#organization\"},\"image\":{\"@id\":\"https:\\\/\\\/www.organisator.ch\\\/operational-excellence\\\/2024-08-27\\\/green-baut-datacenter-kapazitaet-aus\\\/#primaryimage\"},\"thumbnailUrl\":\"https:\\\/\\\/www.m-q.ch\\\/wp-content\\\/uploads\\\/2024\\\/08\\\/Green_Metro_Campus_Zuerich_West_Datacenter_4_Bild1_ps.jpg\",\"keywords\":[\"Business Excellence\",\"Datacenter\",\"Green\",\"Schweiz\",\"Unternehmen\"],\"articleSection\":[\"OPERATIONAL EXCELLENCE\"],\"inLanguage\":\"fr-FR\"},{\"@type\":\"WebPage\",\"@id\":\"https:\\\/\\\/www.organisator.ch\\\/operational-excellence\\\/2024-08-27\\\/green-baut-datacenter-kapazitaet-aus\\\/\",\"url\":\"https:\\\/\\\/www.organisator.ch\\\/operational-excellence\\\/2024-08-27\\\/green-baut-datacenter-kapazitaet-aus\\\/\",\"name\":\"Green baut Datacenter-Kapazit\u00e4t aus - Organisator\",\"isPartOf\":{\"@id\":\"https:\\\/\\\/www.organisator.ch\\\/#website\"},\"primaryImageOfPage\":{\"@id\":\"https:\\\/\\\/www.organisator.ch\\\/operational-excellence\\\/2024-08-27\\\/green-baut-datacenter-kapazitaet-aus\\\/#primaryimage\"},\"image\":{\"@id\":\"https:\\\/\\\/www.organisator.ch\\\/operational-excellence\\\/2024-08-27\\\/green-baut-datacenter-kapazitaet-aus\\\/#primaryimage\"},\"thumbnailUrl\":\"https:\\\/\\\/www.m-q.ch\\\/wp-content\\\/uploads\\\/2024\\\/08\\\/Green_Metro_Campus_Zuerich_West_Datacenter_4_Bild1_ps.jpg\",\"datePublished\":\"2024-08-27T07:08:26+00:00\",\"dateModified\":\"2024-11-08T11:27:45+00:00\",\"description\":\"Green startet Bau des Datacenters Z\u00fcrich West 4. 5'526 m\u00b2 Fl\u00e4che f\u00fcr energieeffizientes Hochleistungs-Computing ab 2026.\",\"breadcrumb\":{\"@id\":\"https:\\\/\\\/www.organisator.ch\\\/operational-excellence\\\/2024-08-27\\\/green-baut-datacenter-kapazitaet-aus\\\/#breadcrumb\"},\"inLanguage\":\"fr-FR\",\"potentialAction\":[{\"@type\":\"ReadAction\",\"target\":[\"https:\\\/\\\/www.organisator.ch\\\/operational-excellence\\\/2024-08-27\\\/green-baut-datacenter-kapazitaet-aus\\\/\"]}]},{\"@type\":\"ImageObject\",\"inLanguage\":\"fr-FR\",\"@id\":\"https:\\\/\\\/www.organisator.ch\\\/operational-excellence\\\/2024-08-27\\\/green-baut-datacenter-kapazitaet-aus\\\/#primaryimage\",\"url\":\"https:\\\/\\\/www.m-q.ch\\\/wp-content\\\/uploads\\\/2024\\\/08\\\/Green_Metro_Campus_Zuerich_West_Datacenter_4_Bild1_ps.jpg\",\"contentUrl\":\"https:\\\/\\\/www.m-q.ch\\\/wp-content\\\/uploads\\\/2024\\\/08\\\/Green_Metro_Campus_Zuerich_West_Datacenter_4_Bild1_ps.jpg\"},{\"@type\":\"BreadcrumbList\",\"@id\":\"https:\\\/\\\/www.organisator.ch\\\/operational-excellence\\\/2024-08-27\\\/green-baut-datacenter-kapazitaet-aus\\\/#breadcrumb\",\"itemListElement\":[{\"@type\":\"ListItem\",\"position\":1,\"name\":\"Home\",\"item\":\"https:\\\/\\\/www.organisator.ch\\\/\"},{\"@type\":\"ListItem\",\"position\":2,\"name\":\"Green baut Datacenter-Kapazit\u00e4t aus\"}]},{\"@type\":\"WebSite\",\"@id\":\"https:\\\/\\\/www.organisator.ch\\\/#website\",\"url\":\"https:\\\/\\\/www.organisator.ch\\\/\",\"name\":\"Organisator\",\"description\":\"Kompetent. Praxisnah. Der ORGANISATOR bereitet in 10 Ausgaben pro Jahr die wesentlichen Themen f\u00fcr F\u00fchrungskr\u00e4fte von KMU auf.\",\"publisher\":{\"@id\":\"https:\\\/\\\/www.organisator.ch\\\/#organization\"},\"potentialAction\":[{\"@type\":\"SearchAction\",\"target\":{\"@type\":\"EntryPoint\",\"urlTemplate\":\"https:\\\/\\\/www.organisator.ch\\\/?s={search_term_string}\"},\"query-input\":{\"@type\":\"PropertyValueSpecification\",\"valueRequired\":true,\"valueName\":\"search_term_string\"}}],\"inLanguage\":\"fr-FR\"},{\"@type\":\"Organization\",\"@id\":\"https:\\\/\\\/www.organisator.ch\\\/#organization\",\"name\":\"Organisator\",\"url\":\"https:\\\/\\\/www.organisator.ch\\\/\",\"logo\":{\"@type\":\"ImageObject\",\"inLanguage\":\"fr-FR\",\"@id\":\"https:\\\/\\\/www.organisator.ch\\\/#\\\/schema\\\/logo\\\/image\\\/\",\"url\":\"https:\\\/\\\/www.organisator.ch\\\/wp-content\\\/uploads\\\/2022\\\/01\\\/Logo_Organisator_Website.png\",\"contentUrl\":\"https:\\\/\\\/www.organisator.ch\\\/wp-content\\\/uploads\\\/2022\\\/01\\\/Logo_Organisator_Website.png\",\"width\":800,\"height\":77,\"caption\":\"Organisator\"},\"image\":{\"@id\":\"https:\\\/\\\/www.organisator.ch\\\/#\\\/schema\\\/logo\\\/image\\\/\"},\"sameAs\":[\"https:\\\/\\\/www.facebook.com\\\/OrganisatorFachmagazin\",\"https:\\\/\\\/www.linkedin.com\\\/showcase\\\/organisator-das-magazin-fr-kmu\",\"https:\\\/\\\/www.xing.com\\\/news\\\/pages\\\/organisator-ch-695\",\"https:\\\/\\\/www.youtube.com\\\/channel\\\/UCGP2Sq0iWaZwT3BdIAQFYpw\"]},{\"@type\":\"Person\",\"@id\":\"https:\\\/\\\/www.organisator.ch\\\/#\\\/schema\\\/person\\\/2e1314a2172123f874db408d8911d3f3\",\"name\":\"Adelisa Kalajdzini\",\"image\":{\"@type\":\"ImageObject\",\"inLanguage\":\"fr-FR\",\"@id\":\"https:\\\/\\\/secure.gravatar.com\\\/avatar\\\/09a397c22ac58cad6f160ee8306348599df9df58a8ede73696226897b9fa4b24?s=96&d=mm&r=g\",\"url\":\"https:\\\/\\\/secure.gravatar.com\\\/avatar\\\/09a397c22ac58cad6f160ee8306348599df9df58a8ede73696226897b9fa4b24?s=96&d=mm&r=g\",\"contentUrl\":\"https:\\\/\\\/secure.gravatar.com\\\/avatar\\\/09a397c22ac58cad6f160ee8306348599df9df58a8ede73696226897b9fa4b24?s=96&d=mm&r=g\",\"caption\":\"Adelisa Kalajdzini\"},\"url\":\"https:\\\/\\\/www.organisator.ch\\\/fr\\\/author\\\/adelisa-kalajdzini\\\/\"}]}<\/script>\n<!-- \/ Yoast SEO plugin. -->","yoast_head_json":{"title":"Green augmente sa capacit\u00e9 de datacenter - Organisateur","description":"Green lance la construction du Datacenter Zurich West 4. Une surface de 5'526 m\u00b2 pour un calcul haute performance efficace sur le plan \u00e9nerg\u00e9tique \u00e0 partir de 2026.","robots":{"index":"index","follow":"follow","max-snippet":"max-snippet:-1","max-image-preview":"max-image-preview:large","max-video-preview":"max-video-preview:-1"},"canonical":"https:\/\/www.organisator.ch\/fr\/excellence-operationnelle\/2024-08-27\/green-baut-datacenter-kapazitaet-aus\/","og_locale":"fr_FR","og_type":"article","og_title":"Green baut Datacenter-Kapazit\u00e4t aus - Organisator","og_description":"Green startet Bau des Datacenters Z\u00fcrich West 4. 5'526 m\u00b2 Fl\u00e4che f\u00fcr energieeffizientes Hochleistungs-Computing ab 2026.","og_url":"https:\/\/www.organisator.ch\/fr\/excellence-operationnelle\/2024-08-27\/green-baut-datacenter-kapazitaet-aus\/","og_site_name":"Organisator","article_publisher":"https:\/\/www.facebook.com\/OrganisatorFachmagazin","article_published_time":"2024-08-27T07:08:26+00:00","article_modified_time":"2024-11-08T11:27:45+00:00","og_image":[{"url":"https:\/\/www.m-q.ch\/wp-content\/uploads\/2024\/08\/Green_Metro_Campus_Zuerich_West_Datacenter_4_Bild1_ps.jpg","type":"","width":"","height":""}],"author":"Adelisa Kalajdzini","twitter_card":"summary_large_image","schema":{"@context":"https:\/\/schema.org","@graph":[{"@type":"Article","@id":"https:\/\/www.organisator.ch\/operational-excellence\/2024-08-27\/green-baut-datacenter-kapazitaet-aus\/#article","isPartOf":{"@id":"https:\/\/www.organisator.ch\/operational-excellence\/2024-08-27\/green-baut-datacenter-kapazitaet-aus\/"},"author":{"name":"Adelisa Kalajdzini","@id":"https:\/\/www.organisator.ch\/#\/schema\/person\/2e1314a2172123f874db408d8911d3f3"},"headline":"Green baut Datacenter-Kapazit\u00e4t aus","datePublished":"2024-08-27T07:08:26+00:00","dateModified":"2024-11-08T11:27:45+00:00","mainEntityOfPage":{"@id":"https:\/\/www.organisator.ch\/operational-excellence\/2024-08-27\/green-baut-datacenter-kapazitaet-aus\/"},"wordCount":371,"publisher":{"@id":"https:\/\/www.organisator.ch\/#organization"},"image":{"@id":"https:\/\/www.organisator.ch\/operational-excellence\/2024-08-27\/green-baut-datacenter-kapazitaet-aus\/#primaryimage"},"thumbnailUrl":"https:\/\/www.m-q.ch\/wp-content\/uploads\/2024\/08\/Green_Metro_Campus_Zuerich_West_Datacenter_4_Bild1_ps.jpg","keywords":["Business Excellence","Datacenter","Green","Schweiz","Unternehmen"],"articleSection":["OPERATIONAL EXCELLENCE"],"inLanguage":"fr-FR"},{"@type":"WebPage","@id":"https:\/\/www.organisator.ch\/operational-excellence\/2024-08-27\/green-baut-datacenter-kapazitaet-aus\/","url":"https:\/\/www.organisator.ch\/operational-excellence\/2024-08-27\/green-baut-datacenter-kapazitaet-aus\/","name":"Green augmente sa capacit\u00e9 de datacenter - Organisateur","isPartOf":{"@id":"https:\/\/www.organisator.ch\/#website"},"primaryImageOfPage":{"@id":"https:\/\/www.organisator.ch\/operational-excellence\/2024-08-27\/green-baut-datacenter-kapazitaet-aus\/#primaryimage"},"image":{"@id":"https:\/\/www.organisator.ch\/operational-excellence\/2024-08-27\/green-baut-datacenter-kapazitaet-aus\/#primaryimage"},"thumbnailUrl":"https:\/\/www.m-q.ch\/wp-content\/uploads\/2024\/08\/Green_Metro_Campus_Zuerich_West_Datacenter_4_Bild1_ps.jpg","datePublished":"2024-08-27T07:08:26+00:00","dateModified":"2024-11-08T11:27:45+00:00","description":"Green lance la construction du Datacenter Zurich West 4. Une surface de 5'526 m\u00b2 pour un calcul haute performance efficace sur le plan \u00e9nerg\u00e9tique \u00e0 partir de 2026.","breadcrumb":{"@id":"https:\/\/www.organisator.ch\/operational-excellence\/2024-08-27\/green-baut-datacenter-kapazitaet-aus\/#breadcrumb"},"inLanguage":"fr-FR","potentialAction":[{"@type":"ReadAction","target":["https:\/\/www.organisator.ch\/operational-excellence\/2024-08-27\/green-baut-datacenter-kapazitaet-aus\/"]}]},{"@type":"ImageObject","inLanguage":"fr-FR","@id":"https:\/\/www.organisator.ch\/operational-excellence\/2024-08-27\/green-baut-datacenter-kapazitaet-aus\/#primaryimage","url":"https:\/\/www.m-q.ch\/wp-content\/uploads\/2024\/08\/Green_Metro_Campus_Zuerich_West_Datacenter_4_Bild1_ps.jpg","contentUrl":"https:\/\/www.m-q.ch\/wp-content\/uploads\/2024\/08\/Green_Metro_Campus_Zuerich_West_Datacenter_4_Bild1_ps.jpg"},{"@type":"BreadcrumbList","@id":"https:\/\/www.organisator.ch\/operational-excellence\/2024-08-27\/green-baut-datacenter-kapazitaet-aus\/#breadcrumb","itemListElement":[{"@type":"ListItem","position":1,"name":"Home","item":"https:\/\/www.organisator.ch\/"},{"@type":"ListItem","position":2,"name":"Green baut Datacenter-Kapazit\u00e4t aus"}]},{"@type":"WebSite","@id":"https:\/\/www.organisator.ch\/#website","url":"https:\/\/www.organisator.ch\/","name":"Organisateur","description":"Comp\u00e9tence et comp\u00e9tence. Proches de la pratique. L'ORGANISATEUR pr\u00e9pare 10 num\u00e9ros par an sur les th\u00e8mes essentiels pour les dirigeants de PME.","publisher":{"@id":"https:\/\/www.organisator.ch\/#organization"},"potentialAction":[{"@type":"SearchAction","target":{"@type":"EntryPoint","urlTemplate":"https:\/\/www.organisator.ch\/?s={search_term_string}"},"query-input":{"@type":"PropertyValueSpecification","valueRequired":true,"valueName":"search_term_string"}}],"inLanguage":"fr-FR"},{"@type":"Organization","@id":"https:\/\/www.organisator.ch\/#organization","name":"Organisateur","url":"https:\/\/www.organisator.ch\/","logo":{"@type":"ImageObject","inLanguage":"fr-FR","@id":"https:\/\/www.organisator.ch\/#\/schema\/logo\/image\/","url":"https:\/\/www.organisator.ch\/wp-content\/uploads\/2022\/01\/Logo_Organisator_Website.png","contentUrl":"https:\/\/www.organisator.ch\/wp-content\/uploads\/2022\/01\/Logo_Organisator_Website.png","width":800,"height":77,"caption":"Organisator"},"image":{"@id":"https:\/\/www.organisator.ch\/#\/schema\/logo\/image\/"},"sameAs":["https:\/\/www.facebook.com\/OrganisatorFachmagazin","https:\/\/www.linkedin.com\/showcase\/organisator-das-magazin-fr-kmu","https:\/\/www.xing.com\/news\/pages\/organisator-ch-695","https:\/\/www.youtube.com\/channel\/UCGP2Sq0iWaZwT3BdIAQFYpw"]},{"@type":"Person","@id":"https:\/\/www.organisator.ch\/#\/schema\/person\/2e1314a2172123f874db408d8911d3f3","name":"Adelisa Kalajdzini","image":{"@type":"ImageObject","inLanguage":"fr-FR","@id":"https:\/\/secure.gravatar.com\/avatar\/09a397c22ac58cad6f160ee8306348599df9df58a8ede73696226897b9fa4b24?s=96&d=mm&r=g","url":"https:\/\/secure.gravatar.com\/avatar\/09a397c22ac58cad6f160ee8306348599df9df58a8ede73696226897b9fa4b24?s=96&d=mm&r=g","contentUrl":"https:\/\/secure.gravatar.com\/avatar\/09a397c22ac58cad6f160ee8306348599df9df58a8ede73696226897b9fa4b24?s=96&d=mm&r=g","caption":"Adelisa Kalajdzini"},"url":"https:\/\/www.organisator.ch\/fr\/author\/adelisa-kalajdzini\/"}]}},"_links":{"self":[{"href":"https:\/\/www.organisator.ch\/fr\/wp-json\/wp\/v2\/posts\/29313","targetHints":{"allow":["GET"]}}],"collection":[{"href":"https:\/\/www.organisator.ch\/fr\/wp-json\/wp\/v2\/posts"}],"about":[{"href":"https:\/\/www.organisator.ch\/fr\/wp-json\/wp\/v2\/types\/post"}],"author":[{"embeddable":true,"href":"https:\/\/www.organisator.ch\/fr\/wp-json\/wp\/v2\/users\/58"}],"replies":[{"embeddable":true,"href":"https:\/\/www.organisator.ch\/fr\/wp-json\/wp\/v2\/comments?post=29313"}],"version-history":[{"count":6,"href":"https:\/\/www.organisator.ch\/fr\/wp-json\/wp\/v2\/posts\/29313\/revisions"}],"predecessor-version":[{"id":32016,"href":"https:\/\/www.organisator.ch\/fr\/wp-json\/wp\/v2\/posts\/29313\/revisions\/32016"}],"wp:attachment":[{"href":"https:\/\/www.organisator.ch\/fr\/wp-json\/wp\/v2\/media?parent=29313"}],"wp:term":[{"taxonomy":"category","embeddable":true,"href":"https:\/\/www.organisator.ch\/fr\/wp-json\/wp\/v2\/categories?post=29313"},{"taxonomy":"post_tag","embeddable":true,"href":"https:\/\/www.organisator.ch\/fr\/wp-json\/wp\/v2\/tags?post=29313"}],"curies":[{"name":"wp","href":"https:\/\/api.w.org\/{rel}","templated":true}]}}