{"id":29317,"date":"2024-08-28T07:05:56","date_gmt":"2024-08-28T05:05:56","guid":{"rendered":"https:\/\/www.organisator.ch\/?p=29317"},"modified":"2024-08-27T10:06:13","modified_gmt":"2024-08-27T08:06:13","slug":"die-hoehle-der-loewen-schweiz-neue-staffel-mit-einem-neuen-loewen","status":"publish","type":"post","link":"https:\/\/www.organisator.ch\/fr\/management\/2024-08-28\/die-hoehle-der-loewen-schweiz-neue-staffel-mit-einem-neuen-loewen\/","title":{"rendered":"\"La grotte des lions Suisse\" : Nouvelle saison avec un nouveau lion"},"content":{"rendered":"<figure id=\"attachment_29320\" aria-describedby=\"caption-attachment-29320\" style=\"width: 680px\" class=\"wp-caption alignnone\"><img loading=\"lazy\" decoding=\"async\" class=\"size-full wp-image-29320\" src=\"https:\/\/www.organisator.ch\/wp-content\/uploads\/2024\/08\/HDL6_Bild1_ps.jpg\" alt=\"\" width=\"680\" height=\"400\" srcset=\"https:\/\/www.organisator.ch\/wp-content\/uploads\/2024\/08\/HDL6_Bild1_ps.jpg 680w, https:\/\/www.organisator.ch\/wp-content\/uploads\/2024\/08\/HDL6_Bild1_ps-18x12.jpg 18w, https:\/\/www.organisator.ch\/wp-content\/uploads\/2024\/08\/HDL6_Bild1_ps-375x221.jpg 375w, https:\/\/www.organisator.ch\/wp-content\/uploads\/2024\/08\/HDL6_Bild1_ps-595x350.jpg 595w\" sizes=\"auto, (max-width: 680px) 100vw, 680px\" \/><figcaption id=\"caption-attachment-29320\" class=\"wp-caption-text\">\"Die H\u00f6hle der L\u00f6wen Schweiz\" revient le 10 septembre avec un nouveau lion. (Image : CH Media)<\/figcaption><\/figure>\n<p>D'o\u00f9 leur viennent de telles id\u00e9es ? En regardant \"Die H\u00f6hle der L\u00f6wen Schweiz\", on se pose in\u00e9vitablement cette question. Les start-ups sont extr\u00eamement cr\u00e9atives, car dans la lutte pour un investissement, les jeunes entreprises doivent r\u00e9ussir \u00e0 convaincre ces investisseurs de leurs id\u00e9es : l'expert du commerce en ligne et brack.ch, la pionni\u00e8re des appartements d'affaires Anja Graf, l'entrepreneuse tech Bettina Hein, l'entrepreneur en d\u00e9veloppement durable Tobias Reichmuth, le cofondateur et CEO d'Amorana Lukas Speiser, le propri\u00e9taire de la soci\u00e9t\u00e9 d'investissement J\u00fcrg Schwarzenbach, le dermatologue et pr\u00e9sentateur TedX Felix Bertram, l'entrepreneuse en intelligence artificielle Nicole B\u00fcttner-Thiel ainsi que l'entrepreneur en informatique Tom Zimmermann.<\/p>\n<h3><strong>Qui est le nouveau lion ?<\/strong><\/h3>\n<p>Tom Zimmermann a fortement marqu\u00e9 l'industrie informatique dans le domaine de l'\u00e9ducation pendant plus de deux d\u00e9cennies. Son exp\u00e9rience dans la vente et le marketing l'a men\u00e9 \u00e0 des postes prestigieux aupr\u00e8s de grandes banques et d'entreprises leaders comme ALSO et IBM. Avec son partenaire d'affaires, il a fond\u00e9 la soci\u00e9t\u00e9 Pathworks, qu'il a vendue en 2019 au groupe Computacenter, cot\u00e9 en bourse. Parall\u00e8lement \u00e0 son activit\u00e9 d'entrepreneur, Tom Zimmermann s'engage dans le domaine des start-up. Dans sa vie priv\u00e9e, il est passionn\u00e9 d'art et de culture. Il aime jouer au snooker et au golf - ce dernier \u00e9galement avec sa jeune famille.<\/p>\n<h3><strong>Quelles sont les start-ups qui se distinguent particuli\u00e8rement ?<\/strong><\/h3>\n<p>Cette fois-ci, 42 start-ups passionnantes issues des secteurs les plus divers se lancent dans l'aventure de l'\u00e9mission H\u00f6hle der L\u00f6wen. Par exemple<\/p>\n<ul>\n<li><strong>Flappie (SZ) - la chati\u00e8re intelligente :<\/strong> Flappie est r\u00e9volutionnaire. Chaque fois que le chat veut entrer avec sa proie, Flappie r\u00e9agit instantan\u00e9ment et ferme l'entr\u00e9e. L'IA rend cela possible - et une start-up de Freienbach, dans le canton de Schwytz.<\/li>\n<li><strong>Everyman Health (ZH) - Plateforme pour les hommes ayant des probl\u00e8mes d'impuissance :<\/strong> Everyman Health, une start-up de la ville de Zurich, propose aux hommes ayant des probl\u00e8mes d'impuissance un point de contact en ligne non stigmatis\u00e9, pratique et s\u00fbr pour les traitements m\u00e9dicaux. En quelques clics, les personnes concern\u00e9es re\u00e7oivent une recommandation de m\u00e9decins suisses et une pharmacie suisse livre discr\u00e8tement la solution ad\u00e9quate jusqu'\u00e0 leur porte.<\/li>\n<li><strong>Kanbii (ZH) - application de matching d'emploi :<\/strong> Cette application de matching d'emploi cr\u00e9e un profil d'emploi uniquement sur la base des comp\u00e9tences, sans CV. Ainsi, aucune information personnelle n'est partag\u00e9e avant qu'un match n'ait lieu. Les demandeurs et les offreurs d'emploi sont mis en relation par un simple balayage vers la gauche ou vers la droite. Fabriqu\u00e9 \u00e0 Zurich.<\/li>\n<li><strong>House of Momos (ZH) - service de livraison et de restauration : <\/strong>La start-up d'Adliswil (ZH) propose un service de livraison des d\u00e9licieux raviolis tib\u00e9tains, y compris un service de restauration. Pr\u00e9par\u00e9s \u00e0 la main, avec des ingr\u00e9dients r\u00e9gionaux et toujours accompagn\u00e9s des dips appropri\u00e9s. Chaque emballage est compostable et fabriqu\u00e9 \u00e0 partir de mat\u00e9riaux renouvelables.<\/li>\n<li><strong>Studyflash (BE) - L'IA qui aide \u00e0 l'apprentissage : <\/strong>\u00c0 Muri pr\u00e8s de Berne, une start-up s'est donn\u00e9 pour mission d'utiliser l'IA pour adapter le mat\u00e9riel d'apprentissage aux cours et aux conf\u00e9rences suivis ainsi qu'aux besoins personnels.<\/li>\n<\/ul>\n<p>Quelles sont les start-ups qui parviennent \u00e0 enthousiasmer les lions et lesquelles repartent bredouilles ?<\/p>\n<h3><strong>Aper\u00e7u des start-ups class\u00e9es par canton :\u00a0<\/strong><\/h3>\n<ul>\n<li>Argovie : 4<\/li>\n<li>B\u00e2le-Ville : 1<\/li>\n<li>Berne : 3<\/li>\n<li>Fribourg : 1<\/li>\n<li>Glaris : 1<\/li>\n<li>Lucerne : 3<\/li>\n<li>Schwyz : 4<\/li>\n<li>Gallen : 3<\/li>\n<li>Tessin : 1<\/li>\n<li>Uri : 2<\/li>\n<li>Valais : 1<\/li>\n<li>Zurich : 18<\/li>\n<\/ul>\n<p>La sixi\u00e8me saison de \"Die H\u00f6hle der L\u00f6wen Schweiz\" sera diffus\u00e9e \u00e0 partir du mardi 10 septembre 2024, \u00e0 20h15, sur 3+.<\/p>\n<p><em>Source : <a href=\"http:\/\/www.oneplus.ch\">www.oneplus.ch<\/a><\/em><\/p>","protected":false},"excerpt":{"rendered":"<p>Le public suisse de la t\u00e9l\u00e9vision et du streaming peut \u00e0 nouveau se r\u00e9jouir d'id\u00e9es commerciales originales et parfois r\u00e9volutionnaires - et d'un nouveau lion : Tom Zimmermann est un entrepreneur informatique \u00e0 succ\u00e8s et un investisseur immobilier. Il vient compl\u00e9ter le cercle d'investisseurs de haut niveau de cette sixi\u00e8me saison. 42 start-ups esp\u00e8rent d\u00e9crocher un accord, au cours de 7 \u00e9pisodes, elles donneront tout pour convaincre. Tous les mardis soirs \u00e0 partir du 10 septembre 2024 sur 3+.<\/p>","protected":false},"author":58,"featured_media":29320,"comment_status":"closed","ping_status":"closed","sticky":false,"template":"","format":"standard","meta":{"_acf_changed":false,"_yoast_wpseo_focuskw":"L\u00f6wen","_yoast_wpseo_metadesc":"Das Schweizer TV- und Streaming-Publikum darf sich wieder auf originelle und teils revolution\u00e4re Business-Ideen freuen.","articlekey":"","footnotes":""},"categories":[28],"tags":[4015,284,334,450,492],"class_list":["post-29317","post","type-post","status-publish","format-standard","has-post-thumbnail","hentry","category-management","tag-die-hoehle-der-loewen-schweiz","tag-investitionen","tag-management","tag-start-ups","tag-unternehmen"],"acf":[],"yoast_head":"<!-- This site is optimized with the Yoast SEO plugin v27.5 - https:\/\/yoast.com\/product\/yoast-seo-wordpress\/ -->\n<title>\u00abDie H\u00f6hle der L\u00f6wen Schweiz\u00bb: Neue Staffel mit einem neuen L\u00f6wen - Organisator<\/title>\n<meta name=\"description\" content=\"Das Schweizer TV- und Streaming-Publikum darf sich wieder auf originelle und teils revolution\u00e4re Business-Ideen freuen.\" \/>\n<meta name=\"robots\" content=\"index, follow, max-snippet:-1, max-image-preview:large, max-video-preview:-1\" \/>\n<link rel=\"canonical\" href=\"https:\/\/www.organisator.ch\/fr\/gestion-2\/2024-08-28\/die-hoehle-der-loewen-schweiz-neue-staffel-mit-einem-neuen-loewen\/\" \/>\n<meta property=\"og:locale\" content=\"fr_FR\" \/>\n<meta property=\"og:type\" content=\"article\" \/>\n<meta property=\"og:title\" content=\"\u00abDie H\u00f6hle der L\u00f6wen Schweiz\u00bb: Neue Staffel mit einem neuen L\u00f6wen\" \/>\n<meta property=\"og:description\" content=\"Das Schweizer TV- und Streaming-Publikum darf sich wieder auf originelle und teils revolution\u00e4re Business-Ideen freuen.\" \/>\n<meta property=\"og:url\" content=\"https:\/\/www.organisator.ch\/fr\/gestion-2\/2024-08-28\/die-hoehle-der-loewen-schweiz-neue-staffel-mit-einem-neuen-loewen\/\" \/>\n<meta property=\"og:site_name\" content=\"Organisator\" \/>\n<meta property=\"article:publisher\" content=\"https:\/\/www.facebook.com\/OrganisatorFachmagazin\" \/>\n<meta property=\"article:published_time\" content=\"2024-08-28T05:05:56+00:00\" \/>\n<meta property=\"og:image\" content=\"https:\/\/www.organisator.ch\/wp-content\/uploads\/2024\/08\/HDL6_Bild1_ps.jpg\" \/>\n\t<meta property=\"og:image:width\" content=\"680\" \/>\n\t<meta property=\"og:image:height\" content=\"400\" \/>\n\t<meta property=\"og:image:type\" content=\"image\/jpeg\" \/>\n<meta name=\"author\" content=\"Adelisa Kalajdzini\" \/>\n<meta name=\"twitter:card\" content=\"summary_large_image\" \/>\n<meta name=\"twitter:title\" content=\"\u00abDie H\u00f6hle der L\u00f6wen Schweiz\u00bb: Neue Staffel mit einem neuen L\u00f6wen\" \/>\n<meta name=\"twitter:description\" content=\"Das #Schweizer #TV- und #Streaming-Publikum darf sich wieder auf originelle und teils revolution\u00e4re #Business-Ideen freuen.\" \/>\n<meta name=\"twitter:image\" content=\"https:\/\/www.organisator.ch\/wp-content\/uploads\/2024\/08\/HDL6_Bild1_ps.jpg\" \/>\n<script type=\"application\/ld+json\" class=\"yoast-schema-graph\">{\"@context\":\"https:\\\/\\\/schema.org\",\"@graph\":[{\"@type\":\"Article\",\"@id\":\"https:\\\/\\\/www.organisator.ch\\\/management\\\/2024-08-28\\\/die-hoehle-der-loewen-schweiz-neue-staffel-mit-einem-neuen-loewen\\\/#article\",\"isPartOf\":{\"@id\":\"https:\\\/\\\/www.organisator.ch\\\/management\\\/2024-08-28\\\/die-hoehle-der-loewen-schweiz-neue-staffel-mit-einem-neuen-loewen\\\/\"},\"author\":{\"name\":\"Adelisa Kalajdzini\",\"@id\":\"https:\\\/\\\/www.organisator.ch\\\/#\\\/schema\\\/person\\\/2e1314a2172123f874db408d8911d3f3\"},\"headline\":\"\u00abDie H\u00f6hle der L\u00f6wen Schweiz\u00bb: Neue Staffel mit einem neuen L\u00f6wen\",\"datePublished\":\"2024-08-28T05:05:56+00:00\",\"mainEntityOfPage\":{\"@id\":\"https:\\\/\\\/www.organisator.ch\\\/management\\\/2024-08-28\\\/die-hoehle-der-loewen-schweiz-neue-staffel-mit-einem-neuen-loewen\\\/\"},\"wordCount\":521,\"publisher\":{\"@id\":\"https:\\\/\\\/www.organisator.ch\\\/#organization\"},\"image\":{\"@id\":\"https:\\\/\\\/www.organisator.ch\\\/management\\\/2024-08-28\\\/die-hoehle-der-loewen-schweiz-neue-staffel-mit-einem-neuen-loewen\\\/#primaryimage\"},\"thumbnailUrl\":\"https:\\\/\\\/www.organisator.ch\\\/wp-content\\\/uploads\\\/2024\\\/08\\\/HDL6_Bild1_ps.jpg\",\"keywords\":[\"Die H\u00f6hle der L\u00f6wen Schweiz\",\"Investitionen\",\"Management\",\"Start-ups\",\"Unternehmen\"],\"articleSection\":[\"MANAGEMENT\"],\"inLanguage\":\"fr-FR\"},{\"@type\":\"WebPage\",\"@id\":\"https:\\\/\\\/www.organisator.ch\\\/management\\\/2024-08-28\\\/die-hoehle-der-loewen-schweiz-neue-staffel-mit-einem-neuen-loewen\\\/\",\"url\":\"https:\\\/\\\/www.organisator.ch\\\/management\\\/2024-08-28\\\/die-hoehle-der-loewen-schweiz-neue-staffel-mit-einem-neuen-loewen\\\/\",\"name\":\"\u00abDie H\u00f6hle der L\u00f6wen Schweiz\u00bb: Neue Staffel mit einem neuen L\u00f6wen - Organisator\",\"isPartOf\":{\"@id\":\"https:\\\/\\\/www.organisator.ch\\\/#website\"},\"primaryImageOfPage\":{\"@id\":\"https:\\\/\\\/www.organisator.ch\\\/management\\\/2024-08-28\\\/die-hoehle-der-loewen-schweiz-neue-staffel-mit-einem-neuen-loewen\\\/#primaryimage\"},\"image\":{\"@id\":\"https:\\\/\\\/www.organisator.ch\\\/management\\\/2024-08-28\\\/die-hoehle-der-loewen-schweiz-neue-staffel-mit-einem-neuen-loewen\\\/#primaryimage\"},\"thumbnailUrl\":\"https:\\\/\\\/www.organisator.ch\\\/wp-content\\\/uploads\\\/2024\\\/08\\\/HDL6_Bild1_ps.jpg\",\"datePublished\":\"2024-08-28T05:05:56+00:00\",\"description\":\"Das Schweizer TV- und Streaming-Publikum darf sich wieder auf originelle und teils revolution\u00e4re Business-Ideen freuen.\",\"breadcrumb\":{\"@id\":\"https:\\\/\\\/www.organisator.ch\\\/management\\\/2024-08-28\\\/die-hoehle-der-loewen-schweiz-neue-staffel-mit-einem-neuen-loewen\\\/#breadcrumb\"},\"inLanguage\":\"fr-FR\",\"potentialAction\":[{\"@type\":\"ReadAction\",\"target\":[\"https:\\\/\\\/www.organisator.ch\\\/management\\\/2024-08-28\\\/die-hoehle-der-loewen-schweiz-neue-staffel-mit-einem-neuen-loewen\\\/\"]}]},{\"@type\":\"ImageObject\",\"inLanguage\":\"fr-FR\",\"@id\":\"https:\\\/\\\/www.organisator.ch\\\/management\\\/2024-08-28\\\/die-hoehle-der-loewen-schweiz-neue-staffel-mit-einem-neuen-loewen\\\/#primaryimage\",\"url\":\"https:\\\/\\\/www.organisator.ch\\\/wp-content\\\/uploads\\\/2024\\\/08\\\/HDL6_Bild1_ps.jpg\",\"contentUrl\":\"https:\\\/\\\/www.organisator.ch\\\/wp-content\\\/uploads\\\/2024\\\/08\\\/HDL6_Bild1_ps.jpg\",\"width\":680,\"height\":400,\"caption\":\"\u00abDie H\u00f6hle der L\u00f6wen Schweiz\u00bb kehrt am 10. September mit einem neuen L\u00f6wen zur\u00fcck. (Bild: CH Media)\"},{\"@type\":\"BreadcrumbList\",\"@id\":\"https:\\\/\\\/www.organisator.ch\\\/management\\\/2024-08-28\\\/die-hoehle-der-loewen-schweiz-neue-staffel-mit-einem-neuen-loewen\\\/#breadcrumb\",\"itemListElement\":[{\"@type\":\"ListItem\",\"position\":1,\"name\":\"Home\",\"item\":\"https:\\\/\\\/www.organisator.ch\\\/\"},{\"@type\":\"ListItem\",\"position\":2,\"name\":\"\u00abDie H\u00f6hle der L\u00f6wen Schweiz\u00bb: Neue Staffel mit einem neuen L\u00f6wen\"}]},{\"@type\":\"WebSite\",\"@id\":\"https:\\\/\\\/www.organisator.ch\\\/#website\",\"url\":\"https:\\\/\\\/www.organisator.ch\\\/\",\"name\":\"Organisator\",\"description\":\"Kompetent. Praxisnah. Der ORGANISATOR bereitet in 10 Ausgaben pro Jahr die wesentlichen Themen f\u00fcr F\u00fchrungskr\u00e4fte von KMU auf.\",\"publisher\":{\"@id\":\"https:\\\/\\\/www.organisator.ch\\\/#organization\"},\"potentialAction\":[{\"@type\":\"SearchAction\",\"target\":{\"@type\":\"EntryPoint\",\"urlTemplate\":\"https:\\\/\\\/www.organisator.ch\\\/?s={search_term_string}\"},\"query-input\":{\"@type\":\"PropertyValueSpecification\",\"valueRequired\":true,\"valueName\":\"search_term_string\"}}],\"inLanguage\":\"fr-FR\"},{\"@type\":\"Organization\",\"@id\":\"https:\\\/\\\/www.organisator.ch\\\/#organization\",\"name\":\"Organisator\",\"url\":\"https:\\\/\\\/www.organisator.ch\\\/\",\"logo\":{\"@type\":\"ImageObject\",\"inLanguage\":\"fr-FR\",\"@id\":\"https:\\\/\\\/www.organisator.ch\\\/#\\\/schema\\\/logo\\\/image\\\/\",\"url\":\"https:\\\/\\\/www.organisator.ch\\\/wp-content\\\/uploads\\\/2022\\\/01\\\/Logo_Organisator_Website.png\",\"contentUrl\":\"https:\\\/\\\/www.organisator.ch\\\/wp-content\\\/uploads\\\/2022\\\/01\\\/Logo_Organisator_Website.png\",\"width\":800,\"height\":77,\"caption\":\"Organisator\"},\"image\":{\"@id\":\"https:\\\/\\\/www.organisator.ch\\\/#\\\/schema\\\/logo\\\/image\\\/\"},\"sameAs\":[\"https:\\\/\\\/www.facebook.com\\\/OrganisatorFachmagazin\",\"https:\\\/\\\/www.linkedin.com\\\/showcase\\\/organisator-das-magazin-fr-kmu\",\"https:\\\/\\\/www.xing.com\\\/news\\\/pages\\\/organisator-ch-695\",\"https:\\\/\\\/www.youtube.com\\\/channel\\\/UCGP2Sq0iWaZwT3BdIAQFYpw\"]},{\"@type\":\"Person\",\"@id\":\"https:\\\/\\\/www.organisator.ch\\\/#\\\/schema\\\/person\\\/2e1314a2172123f874db408d8911d3f3\",\"name\":\"Adelisa Kalajdzini\",\"image\":{\"@type\":\"ImageObject\",\"inLanguage\":\"fr-FR\",\"@id\":\"https:\\\/\\\/secure.gravatar.com\\\/avatar\\\/09a397c22ac58cad6f160ee8306348599df9df58a8ede73696226897b9fa4b24?s=96&d=mm&r=g\",\"url\":\"https:\\\/\\\/secure.gravatar.com\\\/avatar\\\/09a397c22ac58cad6f160ee8306348599df9df58a8ede73696226897b9fa4b24?s=96&d=mm&r=g\",\"contentUrl\":\"https:\\\/\\\/secure.gravatar.com\\\/avatar\\\/09a397c22ac58cad6f160ee8306348599df9df58a8ede73696226897b9fa4b24?s=96&d=mm&r=g\",\"caption\":\"Adelisa Kalajdzini\"},\"url\":\"https:\\\/\\\/www.organisator.ch\\\/fr\\\/author\\\/adelisa-kalajdzini\\\/\"}]}<\/script>\n<!-- \/ Yoast SEO plugin. -->","yoast_head_json":{"title":"L'\u00e9mission \"Die H\u00f6hle der L\u00f6wen Schweiz\" : Une nouvelle saison avec un nouveau lion - Organisateur","description":"Le public suisse de la t\u00e9l\u00e9vision et du streaming peut \u00e0 nouveau se r\u00e9jouir d'id\u00e9es commerciales originales et parfois r\u00e9volutionnaires.","robots":{"index":"index","follow":"follow","max-snippet":"max-snippet:-1","max-image-preview":"max-image-preview:large","max-video-preview":"max-video-preview:-1"},"canonical":"https:\/\/www.organisator.ch\/fr\/gestion-2\/2024-08-28\/die-hoehle-der-loewen-schweiz-neue-staffel-mit-einem-neuen-loewen\/","og_locale":"fr_FR","og_type":"article","og_title":"\u00abDie H\u00f6hle der L\u00f6wen Schweiz\u00bb: Neue Staffel mit einem neuen L\u00f6wen","og_description":"Das Schweizer TV- und Streaming-Publikum darf sich wieder auf originelle und teils revolution\u00e4re Business-Ideen freuen.","og_url":"https:\/\/www.organisator.ch\/fr\/gestion-2\/2024-08-28\/die-hoehle-der-loewen-schweiz-neue-staffel-mit-einem-neuen-loewen\/","og_site_name":"Organisator","article_publisher":"https:\/\/www.facebook.com\/OrganisatorFachmagazin","article_published_time":"2024-08-28T05:05:56+00:00","og_image":[{"width":680,"height":400,"url":"https:\/\/www.organisator.ch\/wp-content\/uploads\/2024\/08\/HDL6_Bild1_ps.jpg","type":"image\/jpeg"}],"author":"Adelisa Kalajdzini","twitter_card":"summary_large_image","twitter_title":"\u00abDie H\u00f6hle der L\u00f6wen Schweiz\u00bb: Neue Staffel mit einem neuen L\u00f6wen","twitter_description":"Das #Schweizer #TV- und #Streaming-Publikum darf sich wieder auf originelle und teils revolution\u00e4re #Business-Ideen freuen.","twitter_image":"https:\/\/www.organisator.ch\/wp-content\/uploads\/2024\/08\/HDL6_Bild1_ps.jpg","schema":{"@context":"https:\/\/schema.org","@graph":[{"@type":"Article","@id":"https:\/\/www.organisator.ch\/management\/2024-08-28\/die-hoehle-der-loewen-schweiz-neue-staffel-mit-einem-neuen-loewen\/#article","isPartOf":{"@id":"https:\/\/www.organisator.ch\/management\/2024-08-28\/die-hoehle-der-loewen-schweiz-neue-staffel-mit-einem-neuen-loewen\/"},"author":{"name":"Adelisa Kalajdzini","@id":"https:\/\/www.organisator.ch\/#\/schema\/person\/2e1314a2172123f874db408d8911d3f3"},"headline":"\u00abDie H\u00f6hle der L\u00f6wen Schweiz\u00bb: Neue Staffel mit einem neuen L\u00f6wen","datePublished":"2024-08-28T05:05:56+00:00","mainEntityOfPage":{"@id":"https:\/\/www.organisator.ch\/management\/2024-08-28\/die-hoehle-der-loewen-schweiz-neue-staffel-mit-einem-neuen-loewen\/"},"wordCount":521,"publisher":{"@id":"https:\/\/www.organisator.ch\/#organization"},"image":{"@id":"https:\/\/www.organisator.ch\/management\/2024-08-28\/die-hoehle-der-loewen-schweiz-neue-staffel-mit-einem-neuen-loewen\/#primaryimage"},"thumbnailUrl":"https:\/\/www.organisator.ch\/wp-content\/uploads\/2024\/08\/HDL6_Bild1_ps.jpg","keywords":["Die H\u00f6hle der L\u00f6wen Schweiz","Investitionen","Management","Start-ups","Unternehmen"],"articleSection":["MANAGEMENT"],"inLanguage":"fr-FR"},{"@type":"WebPage","@id":"https:\/\/www.organisator.ch\/management\/2024-08-28\/die-hoehle-der-loewen-schweiz-neue-staffel-mit-einem-neuen-loewen\/","url":"https:\/\/www.organisator.ch\/management\/2024-08-28\/die-hoehle-der-loewen-schweiz-neue-staffel-mit-einem-neuen-loewen\/","name":"L'\u00e9mission \"Die H\u00f6hle der L\u00f6wen Schweiz\" : Une nouvelle saison avec un nouveau lion - Organisateur","isPartOf":{"@id":"https:\/\/www.organisator.ch\/#website"},"primaryImageOfPage":{"@id":"https:\/\/www.organisator.ch\/management\/2024-08-28\/die-hoehle-der-loewen-schweiz-neue-staffel-mit-einem-neuen-loewen\/#primaryimage"},"image":{"@id":"https:\/\/www.organisator.ch\/management\/2024-08-28\/die-hoehle-der-loewen-schweiz-neue-staffel-mit-einem-neuen-loewen\/#primaryimage"},"thumbnailUrl":"https:\/\/www.organisator.ch\/wp-content\/uploads\/2024\/08\/HDL6_Bild1_ps.jpg","datePublished":"2024-08-28T05:05:56+00:00","description":"Le public suisse de la t\u00e9l\u00e9vision et du streaming peut \u00e0 nouveau se r\u00e9jouir d'id\u00e9es commerciales originales et parfois r\u00e9volutionnaires.","breadcrumb":{"@id":"https:\/\/www.organisator.ch\/management\/2024-08-28\/die-hoehle-der-loewen-schweiz-neue-staffel-mit-einem-neuen-loewen\/#breadcrumb"},"inLanguage":"fr-FR","potentialAction":[{"@type":"ReadAction","target":["https:\/\/www.organisator.ch\/management\/2024-08-28\/die-hoehle-der-loewen-schweiz-neue-staffel-mit-einem-neuen-loewen\/"]}]},{"@type":"ImageObject","inLanguage":"fr-FR","@id":"https:\/\/www.organisator.ch\/management\/2024-08-28\/die-hoehle-der-loewen-schweiz-neue-staffel-mit-einem-neuen-loewen\/#primaryimage","url":"https:\/\/www.organisator.ch\/wp-content\/uploads\/2024\/08\/HDL6_Bild1_ps.jpg","contentUrl":"https:\/\/www.organisator.ch\/wp-content\/uploads\/2024\/08\/HDL6_Bild1_ps.jpg","width":680,"height":400,"caption":"\u00abDie H\u00f6hle der L\u00f6wen Schweiz\u00bb kehrt am 10. September mit einem neuen L\u00f6wen zur\u00fcck. (Bild: CH Media)"},{"@type":"BreadcrumbList","@id":"https:\/\/www.organisator.ch\/management\/2024-08-28\/die-hoehle-der-loewen-schweiz-neue-staffel-mit-einem-neuen-loewen\/#breadcrumb","itemListElement":[{"@type":"ListItem","position":1,"name":"Home","item":"https:\/\/www.organisator.ch\/"},{"@type":"ListItem","position":2,"name":"\u00abDie H\u00f6hle der L\u00f6wen Schweiz\u00bb: Neue Staffel mit einem neuen L\u00f6wen"}]},{"@type":"WebSite","@id":"https:\/\/www.organisator.ch\/#website","url":"https:\/\/www.organisator.ch\/","name":"Organisateur","description":"Comp\u00e9tence et comp\u00e9tence. Proches de la pratique. L'ORGANISATEUR pr\u00e9pare 10 num\u00e9ros par an sur les th\u00e8mes essentiels pour les dirigeants de PME.","publisher":{"@id":"https:\/\/www.organisator.ch\/#organization"},"potentialAction":[{"@type":"SearchAction","target":{"@type":"EntryPoint","urlTemplate":"https:\/\/www.organisator.ch\/?s={search_term_string}"},"query-input":{"@type":"PropertyValueSpecification","valueRequired":true,"valueName":"search_term_string"}}],"inLanguage":"fr-FR"},{"@type":"Organization","@id":"https:\/\/www.organisator.ch\/#organization","name":"Organisateur","url":"https:\/\/www.organisator.ch\/","logo":{"@type":"ImageObject","inLanguage":"fr-FR","@id":"https:\/\/www.organisator.ch\/#\/schema\/logo\/image\/","url":"https:\/\/www.organisator.ch\/wp-content\/uploads\/2022\/01\/Logo_Organisator_Website.png","contentUrl":"https:\/\/www.organisator.ch\/wp-content\/uploads\/2022\/01\/Logo_Organisator_Website.png","width":800,"height":77,"caption":"Organisator"},"image":{"@id":"https:\/\/www.organisator.ch\/#\/schema\/logo\/image\/"},"sameAs":["https:\/\/www.facebook.com\/OrganisatorFachmagazin","https:\/\/www.linkedin.com\/showcase\/organisator-das-magazin-fr-kmu","https:\/\/www.xing.com\/news\/pages\/organisator-ch-695","https:\/\/www.youtube.com\/channel\/UCGP2Sq0iWaZwT3BdIAQFYpw"]},{"@type":"Person","@id":"https:\/\/www.organisator.ch\/#\/schema\/person\/2e1314a2172123f874db408d8911d3f3","name":"Adelisa Kalajdzini","image":{"@type":"ImageObject","inLanguage":"fr-FR","@id":"https:\/\/secure.gravatar.com\/avatar\/09a397c22ac58cad6f160ee8306348599df9df58a8ede73696226897b9fa4b24?s=96&d=mm&r=g","url":"https:\/\/secure.gravatar.com\/avatar\/09a397c22ac58cad6f160ee8306348599df9df58a8ede73696226897b9fa4b24?s=96&d=mm&r=g","contentUrl":"https:\/\/secure.gravatar.com\/avatar\/09a397c22ac58cad6f160ee8306348599df9df58a8ede73696226897b9fa4b24?s=96&d=mm&r=g","caption":"Adelisa Kalajdzini"},"url":"https:\/\/www.organisator.ch\/fr\/author\/adelisa-kalajdzini\/"}]}},"_links":{"self":[{"href":"https:\/\/www.organisator.ch\/fr\/wp-json\/wp\/v2\/posts\/29317","targetHints":{"allow":["GET"]}}],"collection":[{"href":"https:\/\/www.organisator.ch\/fr\/wp-json\/wp\/v2\/posts"}],"about":[{"href":"https:\/\/www.organisator.ch\/fr\/wp-json\/wp\/v2\/types\/post"}],"author":[{"embeddable":true,"href":"https:\/\/www.organisator.ch\/fr\/wp-json\/wp\/v2\/users\/58"}],"replies":[{"embeddable":true,"href":"https:\/\/www.organisator.ch\/fr\/wp-json\/wp\/v2\/comments?post=29317"}],"version-history":[{"count":6,"href":"https:\/\/www.organisator.ch\/fr\/wp-json\/wp\/v2\/posts\/29317\/revisions"}],"predecessor-version":[{"id":29415,"href":"https:\/\/www.organisator.ch\/fr\/wp-json\/wp\/v2\/posts\/29317\/revisions\/29415"}],"wp:featuredmedia":[{"embeddable":true,"href":"https:\/\/www.organisator.ch\/fr\/wp-json\/wp\/v2\/media\/29320"}],"wp:attachment":[{"href":"https:\/\/www.organisator.ch\/fr\/wp-json\/wp\/v2\/media?parent=29317"}],"wp:term":[{"taxonomy":"category","embeddable":true,"href":"https:\/\/www.organisator.ch\/fr\/wp-json\/wp\/v2\/categories?post=29317"},{"taxonomy":"post_tag","embeddable":true,"href":"https:\/\/www.organisator.ch\/fr\/wp-json\/wp\/v2\/tags?post=29317"}],"curies":[{"name":"wp","href":"https:\/\/api.w.org\/{rel}","templated":true}]}}