{"id":2934,"date":"2020-03-10T11:38:06","date_gmt":"2020-03-10T10:38:06","guid":{"rendered":"https:\/\/www.umweltperspektiven.ch\/?p=2934"},"modified":"2024-11-07T06:04:54","modified_gmt":"2024-11-07T05:04:54","slug":"swico-investiert-in-elektroschrott-recycling-der-zukunft","status":"publish","type":"post","link":"https:\/\/www.organisator.ch\/fr\/sustainability\/2020-03-10\/swico-investiert-in-elektroschrott-recycling-der-zukunft\/","title":{"rendered":"Swico investit dans le recyclage des d\u00e9chets \u00e9lectroniques du futur"},"content":{"rendered":"<figure id=\"attachment_2935\" aria-describedby=\"caption-attachment-2935\" style=\"width: 680px\" class=\"wp-caption alignnone\"><img loading=\"lazy\" decoding=\"async\" class=\"wp-image-2935 size-medium\" src=\"https:\/\/www.organisator.ch\/wp-content\/uploads\/2020\/03\/Umwelt-Innovations-Fond-UP_Umwelt-Perspektiven-680x608.jpg\" alt=\"Swico Recycling \u00c9conomies de CO2\" width=\"680\" height=\"608\" srcset=\"https:\/\/www.organisator.ch\/wp-content\/uploads\/2020\/03\/Umwelt-Innovations-Fond-UP_Umwelt-Perspektiven-680x608.jpg 680w, https:\/\/www.organisator.ch\/wp-content\/uploads\/2020\/03\/Umwelt-Innovations-Fond-UP_Umwelt-Perspektiven-1024x916.jpg 1024w, https:\/\/www.organisator.ch\/wp-content\/uploads\/2020\/03\/Umwelt-Innovations-Fond-UP_Umwelt-Perspektiven-768x687.jpg 768w, https:\/\/www.organisator.ch\/wp-content\/uploads\/2020\/03\/Umwelt-Innovations-Fond-UP_Umwelt-Perspektiven-1536x1373.jpg 1536w, https:\/\/www.organisator.ch\/wp-content\/uploads\/2020\/03\/Umwelt-Innovations-Fond-UP_Umwelt-Perspektiven-2048x1831.jpg 2048w, https:\/\/www.organisator.ch\/wp-content\/uploads\/2020\/03\/Umwelt-Innovations-Fond-UP_Umwelt-Perspektiven-13x12.jpg 13w, https:\/\/www.organisator.ch\/wp-content\/uploads\/2020\/03\/Umwelt-Innovations-Fond-UP_Umwelt-Perspektiven-196x175.jpg 196w, https:\/\/www.organisator.ch\/wp-content\/uploads\/2020\/03\/Umwelt-Innovations-Fond-UP_Umwelt-Perspektiven-391x350.jpg 391w, https:\/\/www.organisator.ch\/wp-content\/uploads\/2020\/03\/Umwelt-Innovations-Fond-UP_Umwelt-Perspektiven-895x800.jpg 895w, https:\/\/www.organisator.ch\/wp-content\/uploads\/2020\/03\/Umwelt-Innovations-Fond-UP_Umwelt-Perspektiven-920x823.jpg 920w, https:\/\/www.organisator.ch\/wp-content\/uploads\/2020\/03\/Umwelt-Innovations-Fond-UP_Umwelt-Perspektiven-1400x1252.jpg 1400w, https:\/\/www.organisator.ch\/wp-content\/uploads\/2020\/03\/Umwelt-Innovations-Fond-UP_Umwelt-Perspektiven-1566x1400.jpg 1566w, https:\/\/www.organisator.ch\/wp-content\/uploads\/2020\/03\/Umwelt-Innovations-Fond-UP_Umwelt-Perspektiven-300x268.jpg 300w\" sizes=\"auto, (max-width: 680px) 100vw, 680px\" \/><figcaption id=\"caption-attachment-2935\" class=\"wp-caption-text\">Pour les recycleurs, le fonds d'innovation apporte des incitations au bon moment. (Image : zVg)<\/figcaption><\/figure>\n<p>Rien qu'au cours des dix derni\u00e8res ann\u00e9es, Swico Recycling a \u00e9conomis\u00e9 38 millions de tonnes d'\u00e9missions de CO2. En grande partie gr\u00e2ce au recyclage des m\u00e9taux pr\u00e9cieux tels que l'or, l'argent et le platine provenant des appareils num\u00e9riques mis au rebut. Cette performance \u00e9cologique est due au syst\u00e8me de recyclage volontaire auquel adh\u00e8rent les fabricants, importateurs et revendeurs d'appareils num\u00e9riques et qui est financ\u00e9 par la contribution anticip\u00e9e de recyclage.<\/p>\n<p>N\u00e9anmoins, l'industrie du recyclage est de plus en plus sous pression. Cela s'explique d'une part par la prise de conscience politique croissante en mati\u00e8re d'environnement et d'autre part par la volatilit\u00e9 des march\u00e9s de reprise. Le syst\u00e8me de Swico Recycling n'est cependant pas remis en question, car il conna\u00eet un succ\u00e8s extraordinaire avec un taux de reprise de 95 pour cent. \"Lorsque les syst\u00e8mes fonctionnent bien, une r\u00e9glementation suppl\u00e9mentaire n'apporte aucun avantage. Nous misons de mani\u00e8re cibl\u00e9e sur l'innovation\", explique Judith Bellaiche, directrice de Swico Recycling. Malgr\u00e9 sa position de leader international, la Suisse ne doit pas perdre sa force d'innovation dans le domaine du recyclage des appareils \u00e9lectriques.<\/p>\n<p><strong>L'innovation, une voie en or<\/strong><\/p>\n<p>C'est pourquoi Swico a cr\u00e9\u00e9 un fonds d'innovation, aliment\u00e9 par une partie des cotisations de recyclage. Ce fonds permet de soutenir financi\u00e8rement des projets qui doivent donner une impulsion d'innovation \u00e0 l'\u00e9cosyst\u00e8me de Swico Recycling. Les projets peuvent concerner l'ensemble de la cha\u00eene de recyclage, depuis la collecte des d\u00e9chets jusqu'\u00e0 l'extraction des mat\u00e9riaux recyclables. Dans ce cadre, les partenaires contractuels de Swico peuvent \u00e9galement s'engager dans des coop\u00e9rations avec des start-ups ou des centres de recherche afin de permettre la r\u00e9alisation de projets en dehors des garde-fous habituels.<\/p>\n<p>Pour les recycleurs, le fonds d'innovation apporte des incitations au bon moment : de nombreux partenaires de recyclage ont la volont\u00e9 et le potentiel d'innover, mais ne parviennent pas \u00e0 passer \u00e0 l'acte dans le contexte concurrentiel actuel - que ce soit par manque d'argent ou de temps. \"Une injection de fonds au bon moment peut donner des ailes \u00e0 une id\u00e9e\", est convaincue Judith Bellaiche.<\/p>\n<p><strong>Un syst\u00e8me complexe<\/strong><\/p>\n<p>Outre son utilit\u00e9 \u00e9cologique, le syst\u00e8me volontaire de Swico Recycling apporte une forte valeur ajout\u00e9e aux consommateurs et \u00e0 la soci\u00e9t\u00e9. D'une part, le r\u00e9seau dense de points de collecte met \u00e0 disposition, avec les points de collecte publics et priv\u00e9s ainsi que les magasins sp\u00e9cialis\u00e9s et les grands distributeurs, plus de 6000 possibilit\u00e9s de remise au total. D'autre part, le syst\u00e8me assure l'emploi d'environ 1000 personnes sur le march\u00e9 secondaire du travail.<\/p>\n<p>&nbsp;<\/p>\n<p><em>A propos du fonds d'innovation environnemental Swico :\u00a0<\/em><\/p>\n<p><em>Avec le fonds d'innovation environnemental Swico, Swico Recycling veut - dans l'int\u00e9r\u00eat des consommateurs, des fabricants et des importateurs - augmenter la quantit\u00e9 et la qualit\u00e9 du recyclage des d\u00e9chets d'\u00e9quipements \u00e9lectriques et \u00e9lectroniques informatiques et bureautiques.<\/em><\/p>\n<p><em>Swico Recycling soutient \u00e0 cet effet des projets de recyclage porteurs d'avenir avec jusqu'\u00e0<\/em><\/p>\n<p><em>300 000 FRANCS SUISSES. Le recyclage est ici compris dans le sens global de l'\u00e9conomie circulaire : La logistique, le contr\u00f4le ou la prolongation de la dur\u00e9e de vie des appareils en font \u00e9galement partie. Des projets de recherche appliqu\u00e9e et de d\u00e9veloppement ou des essais pilotes peuvent par exemple \u00eatre soutenus.<\/em><\/p>\n<p>&nbsp;<\/p>\n<p><em>Les participants \u00e0 l'\u00e9cosyst\u00e8me qui ont une relation contractuelle avec Swico peuvent poser leur candidature. Les coop\u00e9rations et les alliances avec des tiers, notamment des startups, sont les bienvenues. Le comit\u00e9 consultatif du Fonds d'innovation Swico d\u00e9cide des contributions de soutien.<\/em><\/p>\n<p>&nbsp;<\/p>\n<p><a href=\"\/\/www.swico.ch\">www.swico.ch<\/a><\/p>\n<p>&nbsp;<\/p>\n<p>________________________________________<\/p>\n<p>Composition du comit\u00e9 consultatif :<\/p>\n<p>Le comit\u00e9 consultatif du Fonds d'innovation pour l'environnement Swico est compos\u00e9 d'experts reconnus qui travaillent dans un domaine pertinent pour le fonds :<\/p>\n<p>Roger Gnos (pr\u00e9sident), conseiller pour les mati\u00e8res dangereuses et membre de la commission technique Swico Recycling<\/p>\n<p>Heinz B\u00f6ni, directeur du Swico, organisme d'\u00e9valuation de la conformit\u00e9 SN EN 50625, Empa<\/p>\n<p>Marius Schlegel, membre du Swico Recycling Board<\/p>","protected":false},"excerpt":{"rendered":"<p>38 Millionen Tonnen CO2-Emissionen hat Swico Recycling alleine in den letzten zehn Jahren eingespart. Mehrheitlich dank der R\u00fcckf\u00fchrung von Edelmetallen wie Gold, Silber und Platin aus ausrangierten Digitalger\u00e4ten in den Stoffkreislauf. Dieser \u00f6kologische Leistungsausweis ist dem freiwilligen Recycling-System zu verdanken, dem sich Hersteller, Importeure und H\u00e4ndler von Digitalger\u00e4ten anschliessen und welches durch den vorgezogenen Recyclingbeitrag [&hellip;]<\/p>\n","protected":false},"author":5,"featured_media":2935,"comment_status":"closed","ping_status":"closed","sticky":false,"template":"","format":"standard","meta":{"_acf_changed":false,"_yoast_wpseo_focuskw":"Swico Recycling CO2-Einsparungen","_yoast_wpseo_metadesc":"Swico Recycling spart 38 Millionen Tonnen CO2 in zehn Jahren durch Edelmetall-R\u00fcckf\u00fchrung aus Digitalger\u00e4ten ein.","articlekey":"","footnotes":""},"categories":[580],"tags":[1033,1204,1987,2254],"class_list":["post-2934","post","type-post","status-publish","format-standard","has-post-thumbnail","hentry","category-sustainability","tag-elektro-schrott","tag-fond","tag-recycling","tag-swico"],"acf":[],"yoast_head":"<!-- This site is optimized with the Yoast SEO plugin v27.4 - https:\/\/yoast.com\/product\/yoast-seo-wordpress\/ -->\n<title>Swico investiert in Elektroschrott-Recycling der Zukunft - Organisator<\/title>\n<meta name=\"description\" content=\"Swico Recycling spart 38 Millionen Tonnen CO2 in zehn Jahren durch Edelmetall-R\u00fcckf\u00fchrung aus Digitalger\u00e4ten ein.\" \/>\n<meta name=\"robots\" content=\"index, follow, max-snippet:-1, max-image-preview:large, max-video-preview:-1\" \/>\n<link rel=\"canonical\" href=\"https:\/\/www.organisator.ch\/fr\/sustainability\/2020-03-10\/swico-investiert-in-elektroschrott-recycling-der-zukunft\/\" \/>\n<meta property=\"og:locale\" content=\"fr_FR\" \/>\n<meta property=\"og:type\" content=\"article\" \/>\n<meta property=\"og:title\" content=\"Swico investiert in Elektroschrott-Recycling der Zukunft - Organisator\" \/>\n<meta property=\"og:description\" content=\"Swico Recycling spart 38 Millionen Tonnen CO2 in zehn Jahren durch Edelmetall-R\u00fcckf\u00fchrung aus Digitalger\u00e4ten ein.\" \/>\n<meta property=\"og:url\" content=\"https:\/\/www.organisator.ch\/fr\/sustainability\/2020-03-10\/swico-investiert-in-elektroschrott-recycling-der-zukunft\/\" \/>\n<meta property=\"og:site_name\" content=\"Organisator\" \/>\n<meta property=\"article:publisher\" content=\"https:\/\/www.facebook.com\/OrganisatorFachmagazin\" \/>\n<meta property=\"article:published_time\" content=\"2020-03-10T10:38:06+00:00\" \/>\n<meta property=\"article:modified_time\" content=\"2024-11-07T05:04:54+00:00\" \/>\n<meta property=\"og:image\" content=\"https:\/\/www.organisator.ch\/wp-content\/uploads\/2020\/03\/Umwelt-Innovations-Fond-UP_Umwelt-Perspektiven-scaled.jpg\" \/>\n\t<meta property=\"og:image:width\" content=\"2560\" \/>\n\t<meta property=\"og:image:height\" content=\"2289\" \/>\n\t<meta property=\"og:image:type\" content=\"image\/jpeg\" \/>\n<meta name=\"author\" content=\"michael.merz\" \/>\n<meta name=\"twitter:card\" content=\"summary_large_image\" \/>\n<script type=\"application\/ld+json\" class=\"yoast-schema-graph\">{\"@context\":\"https:\\\/\\\/schema.org\",\"@graph\":[{\"@type\":\"Article\",\"@id\":\"https:\\\/\\\/www.organisator.ch\\\/sustainability\\\/2020-03-10\\\/swico-investiert-in-elektroschrott-recycling-der-zukunft\\\/#article\",\"isPartOf\":{\"@id\":\"https:\\\/\\\/www.organisator.ch\\\/sustainability\\\/2020-03-10\\\/swico-investiert-in-elektroschrott-recycling-der-zukunft\\\/\"},\"author\":{\"name\":\"michael.merz\",\"@id\":\"https:\\\/\\\/www.organisator.ch\\\/#\\\/schema\\\/person\\\/134708ca9321c57b0362cceb7948ffbd\"},\"headline\":\"Swico investiert in Elektroschrott-Recycling der Zukunft\",\"datePublished\":\"2020-03-10T10:38:06+00:00\",\"dateModified\":\"2024-11-07T05:04:54+00:00\",\"mainEntityOfPage\":{\"@id\":\"https:\\\/\\\/www.organisator.ch\\\/sustainability\\\/2020-03-10\\\/swico-investiert-in-elektroschrott-recycling-der-zukunft\\\/\"},\"wordCount\":564,\"publisher\":{\"@id\":\"https:\\\/\\\/www.organisator.ch\\\/#organization\"},\"image\":{\"@id\":\"https:\\\/\\\/www.organisator.ch\\\/sustainability\\\/2020-03-10\\\/swico-investiert-in-elektroschrott-recycling-der-zukunft\\\/#primaryimage\"},\"thumbnailUrl\":\"https:\\\/\\\/www.organisator.ch\\\/wp-content\\\/uploads\\\/2020\\\/03\\\/Umwelt-Innovations-Fond-UP_Umwelt-Perspektiven-scaled.jpg\",\"keywords\":[\"Elektro-Schrott\",\"Fond\",\"Recycling\",\"Swico\"],\"articleSection\":[\"SUSTAINABILITY\"],\"inLanguage\":\"fr-FR\"},{\"@type\":\"WebPage\",\"@id\":\"https:\\\/\\\/www.organisator.ch\\\/sustainability\\\/2020-03-10\\\/swico-investiert-in-elektroschrott-recycling-der-zukunft\\\/\",\"url\":\"https:\\\/\\\/www.organisator.ch\\\/sustainability\\\/2020-03-10\\\/swico-investiert-in-elektroschrott-recycling-der-zukunft\\\/\",\"name\":\"Swico investiert in Elektroschrott-Recycling der Zukunft - Organisator\",\"isPartOf\":{\"@id\":\"https:\\\/\\\/www.organisator.ch\\\/#website\"},\"primaryImageOfPage\":{\"@id\":\"https:\\\/\\\/www.organisator.ch\\\/sustainability\\\/2020-03-10\\\/swico-investiert-in-elektroschrott-recycling-der-zukunft\\\/#primaryimage\"},\"image\":{\"@id\":\"https:\\\/\\\/www.organisator.ch\\\/sustainability\\\/2020-03-10\\\/swico-investiert-in-elektroschrott-recycling-der-zukunft\\\/#primaryimage\"},\"thumbnailUrl\":\"https:\\\/\\\/www.organisator.ch\\\/wp-content\\\/uploads\\\/2020\\\/03\\\/Umwelt-Innovations-Fond-UP_Umwelt-Perspektiven-scaled.jpg\",\"datePublished\":\"2020-03-10T10:38:06+00:00\",\"dateModified\":\"2024-11-07T05:04:54+00:00\",\"description\":\"Swico Recycling spart 38 Millionen Tonnen CO2 in zehn Jahren durch Edelmetall-R\u00fcckf\u00fchrung aus Digitalger\u00e4ten ein.\",\"breadcrumb\":{\"@id\":\"https:\\\/\\\/www.organisator.ch\\\/sustainability\\\/2020-03-10\\\/swico-investiert-in-elektroschrott-recycling-der-zukunft\\\/#breadcrumb\"},\"inLanguage\":\"fr-FR\",\"potentialAction\":[{\"@type\":\"ReadAction\",\"target\":[\"https:\\\/\\\/www.organisator.ch\\\/sustainability\\\/2020-03-10\\\/swico-investiert-in-elektroschrott-recycling-der-zukunft\\\/\"]}]},{\"@type\":\"ImageObject\",\"inLanguage\":\"fr-FR\",\"@id\":\"https:\\\/\\\/www.organisator.ch\\\/sustainability\\\/2020-03-10\\\/swico-investiert-in-elektroschrott-recycling-der-zukunft\\\/#primaryimage\",\"url\":\"https:\\\/\\\/www.organisator.ch\\\/wp-content\\\/uploads\\\/2020\\\/03\\\/Umwelt-Innovations-Fond-UP_Umwelt-Perspektiven-scaled.jpg\",\"contentUrl\":\"https:\\\/\\\/www.organisator.ch\\\/wp-content\\\/uploads\\\/2020\\\/03\\\/Umwelt-Innovations-Fond-UP_Umwelt-Perspektiven-scaled.jpg\",\"width\":2560,\"height\":2289,\"caption\":\"F\u00fcr Recycler bringt der Innovationsfonds Anreize zum richtigen Zeitpunkt. (Bild: zVg)\"},{\"@type\":\"BreadcrumbList\",\"@id\":\"https:\\\/\\\/www.organisator.ch\\\/sustainability\\\/2020-03-10\\\/swico-investiert-in-elektroschrott-recycling-der-zukunft\\\/#breadcrumb\",\"itemListElement\":[{\"@type\":\"ListItem\",\"position\":1,\"name\":\"Home\",\"item\":\"https:\\\/\\\/www.organisator.ch\\\/\"},{\"@type\":\"ListItem\",\"position\":2,\"name\":\"Swico investiert in Elektroschrott-Recycling der Zukunft\"}]},{\"@type\":\"WebSite\",\"@id\":\"https:\\\/\\\/www.organisator.ch\\\/#website\",\"url\":\"https:\\\/\\\/www.organisator.ch\\\/\",\"name\":\"Organisator\",\"description\":\"Kompetent. Praxisnah. Der ORGANISATOR bereitet in 10 Ausgaben pro Jahr die wesentlichen Themen f\u00fcr F\u00fchrungskr\u00e4fte von KMU auf.\",\"publisher\":{\"@id\":\"https:\\\/\\\/www.organisator.ch\\\/#organization\"},\"potentialAction\":[{\"@type\":\"SearchAction\",\"target\":{\"@type\":\"EntryPoint\",\"urlTemplate\":\"https:\\\/\\\/www.organisator.ch\\\/?s={search_term_string}\"},\"query-input\":{\"@type\":\"PropertyValueSpecification\",\"valueRequired\":true,\"valueName\":\"search_term_string\"}}],\"inLanguage\":\"fr-FR\"},{\"@type\":\"Organization\",\"@id\":\"https:\\\/\\\/www.organisator.ch\\\/#organization\",\"name\":\"Organisator\",\"url\":\"https:\\\/\\\/www.organisator.ch\\\/\",\"logo\":{\"@type\":\"ImageObject\",\"inLanguage\":\"fr-FR\",\"@id\":\"https:\\\/\\\/www.organisator.ch\\\/#\\\/schema\\\/logo\\\/image\\\/\",\"url\":\"https:\\\/\\\/www.organisator.ch\\\/wp-content\\\/uploads\\\/2022\\\/01\\\/Logo_Organisator_Website.png\",\"contentUrl\":\"https:\\\/\\\/www.organisator.ch\\\/wp-content\\\/uploads\\\/2022\\\/01\\\/Logo_Organisator_Website.png\",\"width\":800,\"height\":77,\"caption\":\"Organisator\"},\"image\":{\"@id\":\"https:\\\/\\\/www.organisator.ch\\\/#\\\/schema\\\/logo\\\/image\\\/\"},\"sameAs\":[\"https:\\\/\\\/www.facebook.com\\\/OrganisatorFachmagazin\",\"https:\\\/\\\/www.linkedin.com\\\/showcase\\\/organisator-das-magazin-fr-kmu\",\"https:\\\/\\\/www.xing.com\\\/news\\\/pages\\\/organisator-ch-695\",\"https:\\\/\\\/www.youtube.com\\\/channel\\\/UCGP2Sq0iWaZwT3BdIAQFYpw\"]},{\"@type\":\"Person\",\"@id\":\"https:\\\/\\\/www.organisator.ch\\\/#\\\/schema\\\/person\\\/134708ca9321c57b0362cceb7948ffbd\",\"name\":\"michael.merz\",\"image\":{\"@type\":\"ImageObject\",\"inLanguage\":\"fr-FR\",\"@id\":\"https:\\\/\\\/secure.gravatar.com\\\/avatar\\\/?s=96&d=mm&r=g\",\"url\":\"https:\\\/\\\/secure.gravatar.com\\\/avatar\\\/?s=96&d=mm&r=g\",\"contentUrl\":\"https:\\\/\\\/secure.gravatar.com\\\/avatar\\\/?s=96&d=mm&r=g\",\"caption\":\"michael.merz\"},\"url\":\"https:\\\/\\\/www.organisator.ch\\\/fr\\\/author\\\/michael-merz\\\/\"}]}<\/script>\n<!-- \/ Yoast SEO plugin. -->","yoast_head_json":{"title":"Swico investit dans le recyclage des d\u00e9chets \u00e9lectroniques du futur - Organisateur","description":"Swico Recycling \u00e9conomise 38 millions de tonnes de CO2 en dix ans en r\u00e9cup\u00e9rant les m\u00e9taux pr\u00e9cieux des appareils num\u00e9riques.","robots":{"index":"index","follow":"follow","max-snippet":"max-snippet:-1","max-image-preview":"max-image-preview:large","max-video-preview":"max-video-preview:-1"},"canonical":"https:\/\/www.organisator.ch\/fr\/sustainability\/2020-03-10\/swico-investiert-in-elektroschrott-recycling-der-zukunft\/","og_locale":"fr_FR","og_type":"article","og_title":"Swico investiert in Elektroschrott-Recycling der Zukunft - Organisator","og_description":"Swico Recycling spart 38 Millionen Tonnen CO2 in zehn Jahren durch Edelmetall-R\u00fcckf\u00fchrung aus Digitalger\u00e4ten ein.","og_url":"https:\/\/www.organisator.ch\/fr\/sustainability\/2020-03-10\/swico-investiert-in-elektroschrott-recycling-der-zukunft\/","og_site_name":"Organisator","article_publisher":"https:\/\/www.facebook.com\/OrganisatorFachmagazin","article_published_time":"2020-03-10T10:38:06+00:00","article_modified_time":"2024-11-07T05:04:54+00:00","og_image":[{"width":2560,"height":2289,"url":"https:\/\/www.organisator.ch\/wp-content\/uploads\/2020\/03\/Umwelt-Innovations-Fond-UP_Umwelt-Perspektiven-scaled.jpg","type":"image\/jpeg"}],"author":"michael.merz","twitter_card":"summary_large_image","schema":{"@context":"https:\/\/schema.org","@graph":[{"@type":"Article","@id":"https:\/\/www.organisator.ch\/sustainability\/2020-03-10\/swico-investiert-in-elektroschrott-recycling-der-zukunft\/#article","isPartOf":{"@id":"https:\/\/www.organisator.ch\/sustainability\/2020-03-10\/swico-investiert-in-elektroschrott-recycling-der-zukunft\/"},"author":{"name":"michael.merz","@id":"https:\/\/www.organisator.ch\/#\/schema\/person\/134708ca9321c57b0362cceb7948ffbd"},"headline":"Swico investiert in Elektroschrott-Recycling der Zukunft","datePublished":"2020-03-10T10:38:06+00:00","dateModified":"2024-11-07T05:04:54+00:00","mainEntityOfPage":{"@id":"https:\/\/www.organisator.ch\/sustainability\/2020-03-10\/swico-investiert-in-elektroschrott-recycling-der-zukunft\/"},"wordCount":564,"publisher":{"@id":"https:\/\/www.organisator.ch\/#organization"},"image":{"@id":"https:\/\/www.organisator.ch\/sustainability\/2020-03-10\/swico-investiert-in-elektroschrott-recycling-der-zukunft\/#primaryimage"},"thumbnailUrl":"https:\/\/www.organisator.ch\/wp-content\/uploads\/2020\/03\/Umwelt-Innovations-Fond-UP_Umwelt-Perspektiven-scaled.jpg","keywords":["Elektro-Schrott","Fond","Recycling","Swico"],"articleSection":["SUSTAINABILITY"],"inLanguage":"fr-FR"},{"@type":"WebPage","@id":"https:\/\/www.organisator.ch\/sustainability\/2020-03-10\/swico-investiert-in-elektroschrott-recycling-der-zukunft\/","url":"https:\/\/www.organisator.ch\/sustainability\/2020-03-10\/swico-investiert-in-elektroschrott-recycling-der-zukunft\/","name":"Swico investit dans le recyclage des d\u00e9chets \u00e9lectroniques du futur - Organisateur","isPartOf":{"@id":"https:\/\/www.organisator.ch\/#website"},"primaryImageOfPage":{"@id":"https:\/\/www.organisator.ch\/sustainability\/2020-03-10\/swico-investiert-in-elektroschrott-recycling-der-zukunft\/#primaryimage"},"image":{"@id":"https:\/\/www.organisator.ch\/sustainability\/2020-03-10\/swico-investiert-in-elektroschrott-recycling-der-zukunft\/#primaryimage"},"thumbnailUrl":"https:\/\/www.organisator.ch\/wp-content\/uploads\/2020\/03\/Umwelt-Innovations-Fond-UP_Umwelt-Perspektiven-scaled.jpg","datePublished":"2020-03-10T10:38:06+00:00","dateModified":"2024-11-07T05:04:54+00:00","description":"Swico Recycling \u00e9conomise 38 millions de tonnes de CO2 en dix ans en r\u00e9cup\u00e9rant les m\u00e9taux pr\u00e9cieux des appareils num\u00e9riques.","breadcrumb":{"@id":"https:\/\/www.organisator.ch\/sustainability\/2020-03-10\/swico-investiert-in-elektroschrott-recycling-der-zukunft\/#breadcrumb"},"inLanguage":"fr-FR","potentialAction":[{"@type":"ReadAction","target":["https:\/\/www.organisator.ch\/sustainability\/2020-03-10\/swico-investiert-in-elektroschrott-recycling-der-zukunft\/"]}]},{"@type":"ImageObject","inLanguage":"fr-FR","@id":"https:\/\/www.organisator.ch\/sustainability\/2020-03-10\/swico-investiert-in-elektroschrott-recycling-der-zukunft\/#primaryimage","url":"https:\/\/www.organisator.ch\/wp-content\/uploads\/2020\/03\/Umwelt-Innovations-Fond-UP_Umwelt-Perspektiven-scaled.jpg","contentUrl":"https:\/\/www.organisator.ch\/wp-content\/uploads\/2020\/03\/Umwelt-Innovations-Fond-UP_Umwelt-Perspektiven-scaled.jpg","width":2560,"height":2289,"caption":"F\u00fcr Recycler bringt der Innovationsfonds Anreize zum richtigen Zeitpunkt. (Bild: zVg)"},{"@type":"BreadcrumbList","@id":"https:\/\/www.organisator.ch\/sustainability\/2020-03-10\/swico-investiert-in-elektroschrott-recycling-der-zukunft\/#breadcrumb","itemListElement":[{"@type":"ListItem","position":1,"name":"Home","item":"https:\/\/www.organisator.ch\/"},{"@type":"ListItem","position":2,"name":"Swico investiert in Elektroschrott-Recycling der Zukunft"}]},{"@type":"WebSite","@id":"https:\/\/www.organisator.ch\/#website","url":"https:\/\/www.organisator.ch\/","name":"Organisateur","description":"Comp\u00e9tence et comp\u00e9tence. Proches de la pratique. L'ORGANISATEUR pr\u00e9pare 10 num\u00e9ros par an sur les th\u00e8mes essentiels pour les dirigeants de PME.","publisher":{"@id":"https:\/\/www.organisator.ch\/#organization"},"potentialAction":[{"@type":"SearchAction","target":{"@type":"EntryPoint","urlTemplate":"https:\/\/www.organisator.ch\/?s={search_term_string}"},"query-input":{"@type":"PropertyValueSpecification","valueRequired":true,"valueName":"search_term_string"}}],"inLanguage":"fr-FR"},{"@type":"Organization","@id":"https:\/\/www.organisator.ch\/#organization","name":"Organisateur","url":"https:\/\/www.organisator.ch\/","logo":{"@type":"ImageObject","inLanguage":"fr-FR","@id":"https:\/\/www.organisator.ch\/#\/schema\/logo\/image\/","url":"https:\/\/www.organisator.ch\/wp-content\/uploads\/2022\/01\/Logo_Organisator_Website.png","contentUrl":"https:\/\/www.organisator.ch\/wp-content\/uploads\/2022\/01\/Logo_Organisator_Website.png","width":800,"height":77,"caption":"Organisator"},"image":{"@id":"https:\/\/www.organisator.ch\/#\/schema\/logo\/image\/"},"sameAs":["https:\/\/www.facebook.com\/OrganisatorFachmagazin","https:\/\/www.linkedin.com\/showcase\/organisator-das-magazin-fr-kmu","https:\/\/www.xing.com\/news\/pages\/organisator-ch-695","https:\/\/www.youtube.com\/channel\/UCGP2Sq0iWaZwT3BdIAQFYpw"]},{"@type":"Person","@id":"https:\/\/www.organisator.ch\/#\/schema\/person\/134708ca9321c57b0362cceb7948ffbd","name":"michael.merz","image":{"@type":"ImageObject","inLanguage":"fr-FR","@id":"https:\/\/secure.gravatar.com\/avatar\/?s=96&d=mm&r=g","url":"https:\/\/secure.gravatar.com\/avatar\/?s=96&d=mm&r=g","contentUrl":"https:\/\/secure.gravatar.com\/avatar\/?s=96&d=mm&r=g","caption":"michael.merz"},"url":"https:\/\/www.organisator.ch\/fr\/author\/michael-merz\/"}]}},"_links":{"self":[{"href":"https:\/\/www.organisator.ch\/fr\/wp-json\/wp\/v2\/posts\/2934","targetHints":{"allow":["GET"]}}],"collection":[{"href":"https:\/\/www.organisator.ch\/fr\/wp-json\/wp\/v2\/posts"}],"about":[{"href":"https:\/\/www.organisator.ch\/fr\/wp-json\/wp\/v2\/types\/post"}],"author":[{"embeddable":true,"href":"https:\/\/www.organisator.ch\/fr\/wp-json\/wp\/v2\/users\/5"}],"replies":[{"embeddable":true,"href":"https:\/\/www.organisator.ch\/fr\/wp-json\/wp\/v2\/comments?post=2934"}],"version-history":[{"count":3,"href":"https:\/\/www.organisator.ch\/fr\/wp-json\/wp\/v2\/posts\/2934\/revisions"}],"predecessor-version":[{"id":31617,"href":"https:\/\/www.organisator.ch\/fr\/wp-json\/wp\/v2\/posts\/2934\/revisions\/31617"}],"wp:featuredmedia":[{"embeddable":true,"href":"https:\/\/www.organisator.ch\/fr\/wp-json\/wp\/v2\/media\/2935"}],"wp:attachment":[{"href":"https:\/\/www.organisator.ch\/fr\/wp-json\/wp\/v2\/media?parent=2934"}],"wp:term":[{"taxonomy":"category","embeddable":true,"href":"https:\/\/www.organisator.ch\/fr\/wp-json\/wp\/v2\/categories?post=2934"},{"taxonomy":"post_tag","embeddable":true,"href":"https:\/\/www.organisator.ch\/fr\/wp-json\/wp\/v2\/tags?post=2934"}],"curies":[{"name":"wp","href":"https:\/\/api.w.org\/{rel}","templated":true}]}}