{"id":29342,"date":"2024-08-27T14:24:18","date_gmt":"2024-08-27T12:24:18","guid":{"rendered":"https:\/\/www.markt-kom.com\/?p=222178"},"modified":"2024-11-08T12:26:28","modified_gmt":"2024-11-08T11:26:28","slug":"krankenkassen-sollen-weiterhin-praemien-fuer-werbung-einsetzen-koennen","status":"publish","type":"post","link":"https:\/\/www.organisator.ch\/fr\/marketing\/2024-08-27\/krankenkassen-sollen-weiterhin-praemien-fuer-werbung-einsetzen-koennen\/","title":{"rendered":"Les caisses maladie doivent pouvoir continuer \u00e0 utiliser les primes pour la publicit\u00e9"},"content":{"rendered":"<figure id=\"attachment_211065\" class=\"wp-caption aligncenter\" style=\"width: 1223px\" aria-describedby=\"caption-attachment-211065\"><img class=\"aligncenter wp-image-211065 size-full\" src=\"https:\/\/www.markt-kom.com\/wp-content\/uploads\/2024\/02\/Krankenkasse-Symbolbild-Christian-Beutler.png\" alt=\"Caisses de maladie\" width=\"1223\" height=\"682\" \/>\r\n<figcaption id=\"caption-attachment-211065\" class=\"wp-caption-text\">(Image symbolique : Keystone\/Christian Beutler)<\/figcaption>\r\n<\/figure>\r\n<p>Comme l'ont fait savoir les services parlementaires mardi, la Commission de la s\u00e9curit\u00e9 sociale et de la sant\u00e9 publique du Conseil des Etats (CSSS-E) estime que la publicit\u00e9 est \u00e9galement n\u00e9cessaire dans un syst\u00e8me de concurrence r\u00e9gul\u00e9e et qu'elle offre une valeur ajout\u00e9e. La commission souligne \u00e9galement que les co\u00fbts de la publicit\u00e9 ne repr\u00e9senteraient qu'environ 0,2 pour cent des primes.<\/p>\r\n<p>Par 7 voix contre 4 et une abstention, la commission du Conseil des Etats a rejet\u00e9 la d\u00e9cision de la commission s\u0153ur du Conseil national de donner suite \u00e0 une initiative parlementaire. Celle-ci \u00e9mane de l'ancien conseiller national Baptiste Hurni (PS\/NE), qui souhaite emp\u00eacher l'utilisation de l'argent des primes pour la publicit\u00e9 des caisses maladie.<\/p>\r\n<p>Apr\u00e8s la d\u00e9cision de la CSSS-E, l'intervention retourne maintenant \u00e0 la commission comp\u00e9tente du Conseil national. La Commission de la s\u00e9curit\u00e9 sociale et de la sant\u00e9 publique du Conseil national (CSSS-N) lui a donn\u00e9 suite de justesse en f\u00e9vrier. La d\u00e9cision a \u00e9t\u00e9 prise par 12 voix contre 12 et la voix pr\u00e9pond\u00e9rante de la pr\u00e9sidente de la commission, Barbara Gysi (PS\/SG).<\/p>\r\n<p>La majorit\u00e9 de la CSSS-N a rappel\u00e9 en f\u00e9vrier que l'assurance de base est obligatoire et que la publicit\u00e9 ne sert ni \u00e0 la pr\u00e9vention ni \u00e0 la promotion de la sant\u00e9 et n'apporte donc aucune valeur ajout\u00e9e. C'est pourquoi les d\u00e9penses correspondantes ne devraient pas \u00eatre financ\u00e9es par les primes. La pratique actuelle n'est \"plus acceptable\" au vu de l'augmentation continue des primes.<\/p>\r\n<p>Aujourd'hui, la publicit\u00e9 pour l'assurance-maladie obligatoire peut \u00e9galement \u00eatre comptabilis\u00e9e par les assureurs comme frais administratifs et est donc financ\u00e9e par les primes des assur\u00e9s. En 2022, ces frais de publicit\u00e9 s'\u00e9l\u00e8veront \u00e0 pr\u00e8s de 73 millions de francs, comme l'a \u00e9crit la CSSS-N au d\u00e9but de l'ann\u00e9e. <em>(SDA)<\/em><\/p>","protected":false},"excerpt":{"rendered":"<p>Les caisses maladie suisses doivent pouvoir continuer \u00e0 utiliser l'argent des primes pour la publicit\u00e9. C'est ce que souhaite la commission comp\u00e9tente du Conseil des Etats.<\/p>","protected":false},"author":8,"featured_media":0,"comment_status":"closed","ping_status":"closed","sticky":false,"template":"","format":"standard","meta":{"_acf_changed":false,"_yoast_wpseo_focuskw":"Krankenkassen","_yoast_wpseo_metadesc":"Debatte \u00fcber Krankenkassen-Werbung in der Schweiz: SGK-S lehnt Initiative zur Verhinderung von Pr\u00e4miengeldern f\u00fcr Werbung ab.","articlekey":"","footnotes":""},"categories":[29],"tags":[4425,4343,520],"class_list":["post-29342","post","type-post","status-publish","format-standard","hentry","category-marketing","tag-krankenkassen","tag-markom","tag-werbung"],"acf":[],"yoast_head":"<!-- This site is optimized with the Yoast SEO plugin v27.5 - https:\/\/yoast.com\/product\/yoast-seo-wordpress\/ -->\n<title>Krankenkassen sollen weiterhin Pr\u00e4mien f\u00fcr Werbung einsetzen k\u00f6nnen - Organisator<\/title>\n<meta name=\"description\" content=\"Debatte \u00fcber Krankenkassen-Werbung in der Schweiz: SGK-S lehnt Initiative zur Verhinderung von Pr\u00e4miengeldern f\u00fcr Werbung ab.\" \/>\n<meta name=\"robots\" content=\"index, follow, max-snippet:-1, max-image-preview:large, max-video-preview:-1\" \/>\n<link rel=\"canonical\" href=\"https:\/\/www.organisator.ch\/fr\/marketing\/2024-08-27\/krankenkassen-sollen-weiterhin-praemien-fuer-werbung-einsetzen-koennen\/\" \/>\n<meta property=\"og:locale\" content=\"fr_FR\" \/>\n<meta property=\"og:type\" content=\"article\" \/>\n<meta property=\"og:title\" content=\"Krankenkassen sollen weiterhin Pr\u00e4mien f\u00fcr Werbung einsetzen k\u00f6nnen - Organisator\" \/>\n<meta property=\"og:description\" content=\"Debatte \u00fcber Krankenkassen-Werbung in der Schweiz: SGK-S lehnt Initiative zur Verhinderung von Pr\u00e4miengeldern f\u00fcr Werbung ab.\" \/>\n<meta property=\"og:url\" content=\"https:\/\/www.organisator.ch\/fr\/marketing\/2024-08-27\/krankenkassen-sollen-weiterhin-praemien-fuer-werbung-einsetzen-koennen\/\" \/>\n<meta property=\"og:site_name\" content=\"Organisator\" \/>\n<meta property=\"article:publisher\" content=\"https:\/\/www.facebook.com\/OrganisatorFachmagazin\" \/>\n<meta property=\"article:published_time\" content=\"2024-08-27T12:24:18+00:00\" \/>\n<meta property=\"article:modified_time\" content=\"2024-11-08T11:26:28+00:00\" \/>\n<meta property=\"og:image\" content=\"https:\/\/www.markt-kom.com\/wp-content\/uploads\/2024\/02\/Krankenkasse-Symbolbild-Christian-Beutler.png\" \/>\n<meta name=\"author\" content=\"galledia\" \/>\n<meta name=\"twitter:card\" content=\"summary_large_image\" \/>\n<meta name=\"twitter:creator\" content=\"@admin\" \/>\n<script type=\"application\/ld+json\" class=\"yoast-schema-graph\">{\"@context\":\"https:\\\/\\\/schema.org\",\"@graph\":[{\"@type\":\"Article\",\"@id\":\"https:\\\/\\\/www.organisator.ch\\\/marketing\\\/2024-08-27\\\/krankenkassen-sollen-weiterhin-praemien-fuer-werbung-einsetzen-koennen\\\/#article\",\"isPartOf\":{\"@id\":\"https:\\\/\\\/www.organisator.ch\\\/marketing\\\/2024-08-27\\\/krankenkassen-sollen-weiterhin-praemien-fuer-werbung-einsetzen-koennen\\\/\"},\"author\":{\"name\":\"galledia\",\"@id\":\"https:\\\/\\\/www.organisator.ch\\\/#\\\/schema\\\/person\\\/4e51799071cd2dd1232ac003643ef5f0\"},\"headline\":\"Krankenkassen sollen weiterhin Pr\u00e4mien f\u00fcr Werbung einsetzen k\u00f6nnen\",\"datePublished\":\"2024-08-27T12:24:18+00:00\",\"dateModified\":\"2024-11-08T11:26:28+00:00\",\"mainEntityOfPage\":{\"@id\":\"https:\\\/\\\/www.organisator.ch\\\/marketing\\\/2024-08-27\\\/krankenkassen-sollen-weiterhin-praemien-fuer-werbung-einsetzen-koennen\\\/\"},\"wordCount\":254,\"publisher\":{\"@id\":\"https:\\\/\\\/www.organisator.ch\\\/#organization\"},\"image\":{\"@id\":\"https:\\\/\\\/www.organisator.ch\\\/marketing\\\/2024-08-27\\\/krankenkassen-sollen-weiterhin-praemien-fuer-werbung-einsetzen-koennen\\\/#primaryimage\"},\"thumbnailUrl\":\"https:\\\/\\\/www.markt-kom.com\\\/wp-content\\\/uploads\\\/2024\\\/02\\\/Krankenkasse-Symbolbild-Christian-Beutler.png\",\"keywords\":[\"Krankenkassen\",\"MarKom\",\"Werbung\"],\"articleSection\":[\"MARKETING\"],\"inLanguage\":\"fr-FR\"},{\"@type\":\"WebPage\",\"@id\":\"https:\\\/\\\/www.organisator.ch\\\/marketing\\\/2024-08-27\\\/krankenkassen-sollen-weiterhin-praemien-fuer-werbung-einsetzen-koennen\\\/\",\"url\":\"https:\\\/\\\/www.organisator.ch\\\/marketing\\\/2024-08-27\\\/krankenkassen-sollen-weiterhin-praemien-fuer-werbung-einsetzen-koennen\\\/\",\"name\":\"Krankenkassen sollen weiterhin Pr\u00e4mien f\u00fcr Werbung einsetzen k\u00f6nnen - Organisator\",\"isPartOf\":{\"@id\":\"https:\\\/\\\/www.organisator.ch\\\/#website\"},\"primaryImageOfPage\":{\"@id\":\"https:\\\/\\\/www.organisator.ch\\\/marketing\\\/2024-08-27\\\/krankenkassen-sollen-weiterhin-praemien-fuer-werbung-einsetzen-koennen\\\/#primaryimage\"},\"image\":{\"@id\":\"https:\\\/\\\/www.organisator.ch\\\/marketing\\\/2024-08-27\\\/krankenkassen-sollen-weiterhin-praemien-fuer-werbung-einsetzen-koennen\\\/#primaryimage\"},\"thumbnailUrl\":\"https:\\\/\\\/www.markt-kom.com\\\/wp-content\\\/uploads\\\/2024\\\/02\\\/Krankenkasse-Symbolbild-Christian-Beutler.png\",\"datePublished\":\"2024-08-27T12:24:18+00:00\",\"dateModified\":\"2024-11-08T11:26:28+00:00\",\"description\":\"Debatte \u00fcber Krankenkassen-Werbung in der Schweiz: SGK-S lehnt Initiative zur Verhinderung von Pr\u00e4miengeldern f\u00fcr Werbung ab.\",\"breadcrumb\":{\"@id\":\"https:\\\/\\\/www.organisator.ch\\\/marketing\\\/2024-08-27\\\/krankenkassen-sollen-weiterhin-praemien-fuer-werbung-einsetzen-koennen\\\/#breadcrumb\"},\"inLanguage\":\"fr-FR\",\"potentialAction\":[{\"@type\":\"ReadAction\",\"target\":[\"https:\\\/\\\/www.organisator.ch\\\/marketing\\\/2024-08-27\\\/krankenkassen-sollen-weiterhin-praemien-fuer-werbung-einsetzen-koennen\\\/\"]}]},{\"@type\":\"ImageObject\",\"inLanguage\":\"fr-FR\",\"@id\":\"https:\\\/\\\/www.organisator.ch\\\/marketing\\\/2024-08-27\\\/krankenkassen-sollen-weiterhin-praemien-fuer-werbung-einsetzen-koennen\\\/#primaryimage\",\"url\":\"https:\\\/\\\/www.markt-kom.com\\\/wp-content\\\/uploads\\\/2024\\\/02\\\/Krankenkasse-Symbolbild-Christian-Beutler.png\",\"contentUrl\":\"https:\\\/\\\/www.markt-kom.com\\\/wp-content\\\/uploads\\\/2024\\\/02\\\/Krankenkasse-Symbolbild-Christian-Beutler.png\"},{\"@type\":\"BreadcrumbList\",\"@id\":\"https:\\\/\\\/www.organisator.ch\\\/marketing\\\/2024-08-27\\\/krankenkassen-sollen-weiterhin-praemien-fuer-werbung-einsetzen-koennen\\\/#breadcrumb\",\"itemListElement\":[{\"@type\":\"ListItem\",\"position\":1,\"name\":\"Home\",\"item\":\"https:\\\/\\\/www.organisator.ch\\\/\"},{\"@type\":\"ListItem\",\"position\":2,\"name\":\"Krankenkassen sollen weiterhin Pr\u00e4mien f\u00fcr Werbung einsetzen k\u00f6nnen\"}]},{\"@type\":\"WebSite\",\"@id\":\"https:\\\/\\\/www.organisator.ch\\\/#website\",\"url\":\"https:\\\/\\\/www.organisator.ch\\\/\",\"name\":\"Organisator\",\"description\":\"Kompetent. Praxisnah. Der ORGANISATOR bereitet in 10 Ausgaben pro Jahr die wesentlichen Themen f\u00fcr F\u00fchrungskr\u00e4fte von KMU auf.\",\"publisher\":{\"@id\":\"https:\\\/\\\/www.organisator.ch\\\/#organization\"},\"potentialAction\":[{\"@type\":\"SearchAction\",\"target\":{\"@type\":\"EntryPoint\",\"urlTemplate\":\"https:\\\/\\\/www.organisator.ch\\\/?s={search_term_string}\"},\"query-input\":{\"@type\":\"PropertyValueSpecification\",\"valueRequired\":true,\"valueName\":\"search_term_string\"}}],\"inLanguage\":\"fr-FR\"},{\"@type\":\"Organization\",\"@id\":\"https:\\\/\\\/www.organisator.ch\\\/#organization\",\"name\":\"Organisator\",\"url\":\"https:\\\/\\\/www.organisator.ch\\\/\",\"logo\":{\"@type\":\"ImageObject\",\"inLanguage\":\"fr-FR\",\"@id\":\"https:\\\/\\\/www.organisator.ch\\\/#\\\/schema\\\/logo\\\/image\\\/\",\"url\":\"https:\\\/\\\/www.organisator.ch\\\/wp-content\\\/uploads\\\/2022\\\/01\\\/Logo_Organisator_Website.png\",\"contentUrl\":\"https:\\\/\\\/www.organisator.ch\\\/wp-content\\\/uploads\\\/2022\\\/01\\\/Logo_Organisator_Website.png\",\"width\":800,\"height\":77,\"caption\":\"Organisator\"},\"image\":{\"@id\":\"https:\\\/\\\/www.organisator.ch\\\/#\\\/schema\\\/logo\\\/image\\\/\"},\"sameAs\":[\"https:\\\/\\\/www.facebook.com\\\/OrganisatorFachmagazin\",\"https:\\\/\\\/www.linkedin.com\\\/showcase\\\/organisator-das-magazin-fr-kmu\",\"https:\\\/\\\/www.xing.com\\\/news\\\/pages\\\/organisator-ch-695\",\"https:\\\/\\\/www.youtube.com\\\/channel\\\/UCGP2Sq0iWaZwT3BdIAQFYpw\"]},{\"@type\":\"Person\",\"@id\":\"https:\\\/\\\/www.organisator.ch\\\/#\\\/schema\\\/person\\\/4e51799071cd2dd1232ac003643ef5f0\",\"name\":\"galledia\",\"image\":{\"@type\":\"ImageObject\",\"inLanguage\":\"fr-FR\",\"@id\":\"https:\\\/\\\/secure.gravatar.com\\\/avatar\\\/78a7f90c01fc2bfc875782a0d4922b37cde2cf184ce347b91316d23cd7f69a36?s=96&d=mm&r=g\",\"url\":\"https:\\\/\\\/secure.gravatar.com\\\/avatar\\\/78a7f90c01fc2bfc875782a0d4922b37cde2cf184ce347b91316d23cd7f69a36?s=96&d=mm&r=g\",\"contentUrl\":\"https:\\\/\\\/secure.gravatar.com\\\/avatar\\\/78a7f90c01fc2bfc875782a0d4922b37cde2cf184ce347b91316d23cd7f69a36?s=96&d=mm&r=g\",\"caption\":\"galledia\"},\"sameAs\":[\"https:\\\/\\\/x.com\\\/admin\"],\"url\":\"https:\\\/\\\/www.organisator.ch\\\/fr\\\/author\\\/galledia\\\/\"}]}<\/script>\n<!-- \/ Yoast SEO plugin. -->","yoast_head_json":{"title":"Les caisses maladie doivent pouvoir continuer \u00e0 utiliser les primes pour la publicit\u00e9 - Organisateur","description":"D\u00e9bat sur la publicit\u00e9 des caisses maladie en Suisse : la CSSS-E rejette l'initiative visant \u00e0 emp\u00eacher l'utilisation de l'argent des primes pour la publicit\u00e9.","robots":{"index":"index","follow":"follow","max-snippet":"max-snippet:-1","max-image-preview":"max-image-preview:large","max-video-preview":"max-video-preview:-1"},"canonical":"https:\/\/www.organisator.ch\/fr\/marketing\/2024-08-27\/krankenkassen-sollen-weiterhin-praemien-fuer-werbung-einsetzen-koennen\/","og_locale":"fr_FR","og_type":"article","og_title":"Krankenkassen sollen weiterhin Pr\u00e4mien f\u00fcr Werbung einsetzen k\u00f6nnen - Organisator","og_description":"Debatte \u00fcber Krankenkassen-Werbung in der Schweiz: SGK-S lehnt Initiative zur Verhinderung von Pr\u00e4miengeldern f\u00fcr Werbung ab.","og_url":"https:\/\/www.organisator.ch\/fr\/marketing\/2024-08-27\/krankenkassen-sollen-weiterhin-praemien-fuer-werbung-einsetzen-koennen\/","og_site_name":"Organisator","article_publisher":"https:\/\/www.facebook.com\/OrganisatorFachmagazin","article_published_time":"2024-08-27T12:24:18+00:00","article_modified_time":"2024-11-08T11:26:28+00:00","og_image":[{"url":"https:\/\/www.markt-kom.com\/wp-content\/uploads\/2024\/02\/Krankenkasse-Symbolbild-Christian-Beutler.png","type":"","width":"","height":""}],"author":"galledia","twitter_card":"summary_large_image","twitter_creator":"@admin","schema":{"@context":"https:\/\/schema.org","@graph":[{"@type":"Article","@id":"https:\/\/www.organisator.ch\/marketing\/2024-08-27\/krankenkassen-sollen-weiterhin-praemien-fuer-werbung-einsetzen-koennen\/#article","isPartOf":{"@id":"https:\/\/www.organisator.ch\/marketing\/2024-08-27\/krankenkassen-sollen-weiterhin-praemien-fuer-werbung-einsetzen-koennen\/"},"author":{"name":"galledia","@id":"https:\/\/www.organisator.ch\/#\/schema\/person\/4e51799071cd2dd1232ac003643ef5f0"},"headline":"Krankenkassen sollen weiterhin Pr\u00e4mien f\u00fcr Werbung einsetzen k\u00f6nnen","datePublished":"2024-08-27T12:24:18+00:00","dateModified":"2024-11-08T11:26:28+00:00","mainEntityOfPage":{"@id":"https:\/\/www.organisator.ch\/marketing\/2024-08-27\/krankenkassen-sollen-weiterhin-praemien-fuer-werbung-einsetzen-koennen\/"},"wordCount":254,"publisher":{"@id":"https:\/\/www.organisator.ch\/#organization"},"image":{"@id":"https:\/\/www.organisator.ch\/marketing\/2024-08-27\/krankenkassen-sollen-weiterhin-praemien-fuer-werbung-einsetzen-koennen\/#primaryimage"},"thumbnailUrl":"https:\/\/www.markt-kom.com\/wp-content\/uploads\/2024\/02\/Krankenkasse-Symbolbild-Christian-Beutler.png","keywords":["Krankenkassen","MarKom","Werbung"],"articleSection":["MARKETING"],"inLanguage":"fr-FR"},{"@type":"WebPage","@id":"https:\/\/www.organisator.ch\/marketing\/2024-08-27\/krankenkassen-sollen-weiterhin-praemien-fuer-werbung-einsetzen-koennen\/","url":"https:\/\/www.organisator.ch\/marketing\/2024-08-27\/krankenkassen-sollen-weiterhin-praemien-fuer-werbung-einsetzen-koennen\/","name":"Les caisses maladie doivent pouvoir continuer \u00e0 utiliser les primes pour la publicit\u00e9 - Organisateur","isPartOf":{"@id":"https:\/\/www.organisator.ch\/#website"},"primaryImageOfPage":{"@id":"https:\/\/www.organisator.ch\/marketing\/2024-08-27\/krankenkassen-sollen-weiterhin-praemien-fuer-werbung-einsetzen-koennen\/#primaryimage"},"image":{"@id":"https:\/\/www.organisator.ch\/marketing\/2024-08-27\/krankenkassen-sollen-weiterhin-praemien-fuer-werbung-einsetzen-koennen\/#primaryimage"},"thumbnailUrl":"https:\/\/www.markt-kom.com\/wp-content\/uploads\/2024\/02\/Krankenkasse-Symbolbild-Christian-Beutler.png","datePublished":"2024-08-27T12:24:18+00:00","dateModified":"2024-11-08T11:26:28+00:00","description":"D\u00e9bat sur la publicit\u00e9 des caisses maladie en Suisse : la CSSS-E rejette l'initiative visant \u00e0 emp\u00eacher l'utilisation de l'argent des primes pour la publicit\u00e9.","breadcrumb":{"@id":"https:\/\/www.organisator.ch\/marketing\/2024-08-27\/krankenkassen-sollen-weiterhin-praemien-fuer-werbung-einsetzen-koennen\/#breadcrumb"},"inLanguage":"fr-FR","potentialAction":[{"@type":"ReadAction","target":["https:\/\/www.organisator.ch\/marketing\/2024-08-27\/krankenkassen-sollen-weiterhin-praemien-fuer-werbung-einsetzen-koennen\/"]}]},{"@type":"ImageObject","inLanguage":"fr-FR","@id":"https:\/\/www.organisator.ch\/marketing\/2024-08-27\/krankenkassen-sollen-weiterhin-praemien-fuer-werbung-einsetzen-koennen\/#primaryimage","url":"https:\/\/www.markt-kom.com\/wp-content\/uploads\/2024\/02\/Krankenkasse-Symbolbild-Christian-Beutler.png","contentUrl":"https:\/\/www.markt-kom.com\/wp-content\/uploads\/2024\/02\/Krankenkasse-Symbolbild-Christian-Beutler.png"},{"@type":"BreadcrumbList","@id":"https:\/\/www.organisator.ch\/marketing\/2024-08-27\/krankenkassen-sollen-weiterhin-praemien-fuer-werbung-einsetzen-koennen\/#breadcrumb","itemListElement":[{"@type":"ListItem","position":1,"name":"Home","item":"https:\/\/www.organisator.ch\/"},{"@type":"ListItem","position":2,"name":"Krankenkassen sollen weiterhin Pr\u00e4mien f\u00fcr Werbung einsetzen k\u00f6nnen"}]},{"@type":"WebSite","@id":"https:\/\/www.organisator.ch\/#website","url":"https:\/\/www.organisator.ch\/","name":"Organisateur","description":"Comp\u00e9tence et comp\u00e9tence. Proches de la pratique. L'ORGANISATEUR pr\u00e9pare 10 num\u00e9ros par an sur les th\u00e8mes essentiels pour les dirigeants de PME.","publisher":{"@id":"https:\/\/www.organisator.ch\/#organization"},"potentialAction":[{"@type":"SearchAction","target":{"@type":"EntryPoint","urlTemplate":"https:\/\/www.organisator.ch\/?s={search_term_string}"},"query-input":{"@type":"PropertyValueSpecification","valueRequired":true,"valueName":"search_term_string"}}],"inLanguage":"fr-FR"},{"@type":"Organization","@id":"https:\/\/www.organisator.ch\/#organization","name":"Organisateur","url":"https:\/\/www.organisator.ch\/","logo":{"@type":"ImageObject","inLanguage":"fr-FR","@id":"https:\/\/www.organisator.ch\/#\/schema\/logo\/image\/","url":"https:\/\/www.organisator.ch\/wp-content\/uploads\/2022\/01\/Logo_Organisator_Website.png","contentUrl":"https:\/\/www.organisator.ch\/wp-content\/uploads\/2022\/01\/Logo_Organisator_Website.png","width":800,"height":77,"caption":"Organisator"},"image":{"@id":"https:\/\/www.organisator.ch\/#\/schema\/logo\/image\/"},"sameAs":["https:\/\/www.facebook.com\/OrganisatorFachmagazin","https:\/\/www.linkedin.com\/showcase\/organisator-das-magazin-fr-kmu","https:\/\/www.xing.com\/news\/pages\/organisator-ch-695","https:\/\/www.youtube.com\/channel\/UCGP2Sq0iWaZwT3BdIAQFYpw"]},{"@type":"Person","@id":"https:\/\/www.organisator.ch\/#\/schema\/person\/4e51799071cd2dd1232ac003643ef5f0","name":"galledia","image":{"@type":"ImageObject","inLanguage":"fr-FR","@id":"https:\/\/secure.gravatar.com\/avatar\/78a7f90c01fc2bfc875782a0d4922b37cde2cf184ce347b91316d23cd7f69a36?s=96&d=mm&r=g","url":"https:\/\/secure.gravatar.com\/avatar\/78a7f90c01fc2bfc875782a0d4922b37cde2cf184ce347b91316d23cd7f69a36?s=96&d=mm&r=g","contentUrl":"https:\/\/secure.gravatar.com\/avatar\/78a7f90c01fc2bfc875782a0d4922b37cde2cf184ce347b91316d23cd7f69a36?s=96&d=mm&r=g","caption":"galledia"},"sameAs":["https:\/\/x.com\/admin"],"url":"https:\/\/www.organisator.ch\/fr\/author\/galledia\/"}]}},"_links":{"self":[{"href":"https:\/\/www.organisator.ch\/fr\/wp-json\/wp\/v2\/posts\/29342","targetHints":{"allow":["GET"]}}],"collection":[{"href":"https:\/\/www.organisator.ch\/fr\/wp-json\/wp\/v2\/posts"}],"about":[{"href":"https:\/\/www.organisator.ch\/fr\/wp-json\/wp\/v2\/types\/post"}],"author":[{"embeddable":true,"href":"https:\/\/www.organisator.ch\/fr\/wp-json\/wp\/v2\/users\/8"}],"replies":[{"embeddable":true,"href":"https:\/\/www.organisator.ch\/fr\/wp-json\/wp\/v2\/comments?post=29342"}],"version-history":[{"count":4,"href":"https:\/\/www.organisator.ch\/fr\/wp-json\/wp\/v2\/posts\/29342\/revisions"}],"predecessor-version":[{"id":32015,"href":"https:\/\/www.organisator.ch\/fr\/wp-json\/wp\/v2\/posts\/29342\/revisions\/32015"}],"wp:attachment":[{"href":"https:\/\/www.organisator.ch\/fr\/wp-json\/wp\/v2\/media?parent=29342"}],"wp:term":[{"taxonomy":"category","embeddable":true,"href":"https:\/\/www.organisator.ch\/fr\/wp-json\/wp\/v2\/categories?post=29342"},{"taxonomy":"post_tag","embeddable":true,"href":"https:\/\/www.organisator.ch\/fr\/wp-json\/wp\/v2\/tags?post=29342"}],"curies":[{"name":"wp","href":"https:\/\/api.w.org\/{rel}","templated":true}]}}