{"id":2936,"date":"2018-01-04T09:06:22","date_gmt":"2018-01-04T08:06:22","guid":{"rendered":"https:\/\/www.organisator.ch\/?p=2936"},"modified":"2018-01-04T09:06:22","modified_gmt":"2018-01-04T08:06:22","slug":"vorsaetze-2018-wird-alles-anders-wirklich","status":"publish","type":"post","link":"https:\/\/www.organisator.ch\/fr\/human-resources\/fit_im_job\/2018-01-04\/vorsaetze-2018-wird-alles-anders-wirklich\/","title":{"rendered":"R\u00e9solutions : 2018 sera diff\u00e9rent - vraiment ?"},"content":{"rendered":"<figure id=\"attachment_2939\" aria-describedby=\"caption-attachment-2939\" style=\"width: 640px\" class=\"wp-caption alignnone\"><img loading=\"lazy\" decoding=\"async\" class=\"size-full wp-image-2939\" src=\"https:\/\/www.organisator.ch\/wp-content\/uploads\/2018\/01\/Vorsaetze-2018-wird-alles-anders-wirklich-1_Organisator.jpg\" alt=\"\" width=\"640\" height=\"213\" srcset=\"https:\/\/www.organisator.ch\/wp-content\/uploads\/2018\/01\/Vorsaetze-2018-wird-alles-anders-wirklich-1_Organisator.jpg 640w, https:\/\/www.organisator.ch\/wp-content\/uploads\/2018\/01\/Vorsaetze-2018-wird-alles-anders-wirklich-1_Organisator-16x5.jpg 16w, https:\/\/www.organisator.ch\/wp-content\/uploads\/2018\/01\/Vorsaetze-2018-wird-alles-anders-wirklich-1_Organisator-375x125.jpg 375w, https:\/\/www.organisator.ch\/wp-content\/uploads\/2018\/01\/Vorsaetze-2018-wird-alles-anders-wirklich-1_Organisator-300x100.jpg 300w\" sizes=\"auto, (max-width: 640px) 100vw, 640px\" \/><figcaption id=\"caption-attachment-2939\" class=\"wp-caption-text\">Quelles sont les r\u00e9solutions que vous avez prises pour 2018 ? Ancrez-les dans une vision de vie, sinon elles seront vite oubli\u00e9es. (Image : Thaut Images - Fotolia.com)<\/figcaption><\/figure>\n<p>Est-ce que je d\u00e9m\u00e9nage \u00e0 Zurich parce que je veux faire carri\u00e8re ou est-ce que mes amis sont plus importants pour moi ? Est-ce que j'\u00e9conomise 200 francs par mois pour mes vieux jours ou est-ce que je pars aux Maldives ? Est-ce que je veux avoir des enfants avec mon partenaire ou mon ind\u00e9pendance est-elle plus importante ? Nous sommes de plus en plus souvent confront\u00e9s dans notre vie \u00e0 de telles questions qui nous obligent \u00e0 faire des choix. Car il est illusoire de penser que tout est possible en m\u00eame temps.<\/p>\n<h2>Les r\u00e9solutions sont vite oubli\u00e9es<\/h2>\n<p>Prendre une d\u00e9cision est difficile pour beaucoup de gens. En effet, lorsque nous nous d\u00e9cidons pour quelque chose, nous devons rejeter d'autres possibilit\u00e9s. Nous ne pouvons le faire que si nous savons ce qui est important pour nous. Sinon, nous prenons certes de nombreuses r\u00e9solutions, mais quelques jours plus tard, elles sont oubli\u00e9es. Car nos r\u00e9solutions ne sont pas ancr\u00e9es dans une vision de la vie.<\/p>\n<p>De plus, ce qui est vraiment important dans notre vie n'est jamais urgent. Il n'est par exemple jamais urgent de faire du jogging. Mais ce serait bon pour notre sant\u00e9. Et il n'est jamais urgent de prendre le temps de discuter avec son partenaire. Pourtant, ce serait important pour la relation.<\/p>\n<p>Comme les choses vraiment importantes ne sont jamais urgentes, nous les remettons souvent \u00e0 plus tard. Ou alors nous nourrissons l'illusion que si je fais tout plus vite, j'aurai aussi le temps de le faire. La seule cons\u00e9quence : nous menons une vie \u00e0 grande vitesse. Et un jour ou l'autre, nous constatons avec r\u00e9signation que si ma vie est (encore) plus remplie, elle n'est pas pour autant plus \u00e9panouie.<\/p>\n<h2>D\u00e9fi : pr\u00e9server l'\u00e9quilibre de vie<\/h2>\n<p>Un tel d\u00e9s\u00e9quilibre n'est pas une fatalit\u00e9 isol\u00e9e. De plus en plus de personnes ont le sentiment que leur vie n'est pas en ordre. L'une des raisons est que la plupart des gens ont des perspectives claires en ce qui concerne leur carri\u00e8re professionnelle. Il en va autrement dans les domaines \"sens\/culture\", \"corps\/sant\u00e9\" et \"famille\/relation\". Dans ces domaines, nous manquons souvent d'objectifs clairs.<\/p>\n<figure id=\"attachment_2937\" aria-describedby=\"caption-attachment-2937\" style=\"width: 627px\" class=\"wp-caption alignnone\"><img loading=\"lazy\" decoding=\"async\" class=\"size-full wp-image-2937\" src=\"https:\/\/www.organisator.ch\/wp-content\/uploads\/2018\/01\/Vorsaetze-2018-wird-alles-anders-wirklich-2_Organisator.jpg\" alt=\"\" width=\"627\" height=\"480\" srcset=\"https:\/\/www.organisator.ch\/wp-content\/uploads\/2018\/01\/Vorsaetze-2018-wird-alles-anders-wirklich-2_Organisator.jpg 627w, https:\/\/www.organisator.ch\/wp-content\/uploads\/2018\/01\/Vorsaetze-2018-wird-alles-anders-wirklich-2_Organisator-16x12.jpg 16w, https:\/\/www.organisator.ch\/wp-content\/uploads\/2018\/01\/Vorsaetze-2018-wird-alles-anders-wirklich-2_Organisator-229x175.jpg 229w, https:\/\/www.organisator.ch\/wp-content\/uploads\/2018\/01\/Vorsaetze-2018-wird-alles-anders-wirklich-2_Organisator-457x350.jpg 457w, https:\/\/www.organisator.ch\/wp-content\/uploads\/2018\/01\/Vorsaetze-2018-wird-alles-anders-wirklich-2_Organisator-300x230.jpg 300w\" sizes=\"auto, (max-width: 627px) 100vw, 627px\" \/><figcaption id=\"caption-attachment-2937\" class=\"wp-caption-text\">Mod\u00e8le d'\u00e9quilibre de vie selon Nossrath Peseschkian (source : seminar consult Prohaska)<\/figcaption><\/figure>\n<p>Dans la fr\u00e9n\u00e9sie du quotidien, nous oublions souvent que les quatre domaines de la vie sont interd\u00e9pendants. C'est pourquoi, si l'on accorde trop d'importance au domaine \"travail\/profession\", on perd \u00e0 la longue non seulement sa joie de vivre, mais aussi sa capacit\u00e9 de performance. Car :<\/p>\n<ul>\n<li>Une personne malade ne peut ni profiter pleinement de la vie, ni \u00eatre pleinement performante.<\/li>\n<li>Celui qui est seul n'est pas \"couineur\" et ne peut pas consacrer toute son \u00e9nergie \u00e0 son travail.<\/li>\n<li>Celui qui est en crise de sens n'est ni heureux de vivre, ni tr\u00e8s performant. Car derri\u00e8re toute action se pose la question suivante : \u00e0 quoi cela sert-il ?<\/li>\n<\/ul>\n<p>Pour mener une vie \u00e9panouie, nous devons donc veiller \u00e0 un juste \u00e9quilibre entre les quatre domaines de la vie. Pour cela, nous avons besoin d'une vision de notre vie future. Nous en avons \u00e9galement besoin parce qu'aujourd'hui, nous sommes soumis \u00e0 de nombreuses exigences qui ne peuvent \u00eatre concili\u00e9es que de mani\u00e8re limit\u00e9e. Presque toutes les m\u00e8res qui travaillent le confirmeront imm\u00e9diatement. Dans la plupart des emplois hautement qualifi\u00e9s, il est normal d'avoir des horaires de travail irr\u00e9guliers. Pour les m\u00e8res actives, cela signifie : Elles ne peuvent plus quitter le bureau tous les jours \u00e0 16 heures pr\u00e9cises par exemple. Que doivent-elles donc faire lorsque la cr\u00e8che ferme \u00e0 16 heures ? Un autre exemple : de nombreux commerciaux d'entreprise ont de plus en plus de mal \u00e0 se rendre \u00e0 des rendez-vous priv\u00e9s r\u00e9guliers. En effet, il arrive r\u00e9guli\u00e8rement qu'un rendez-vous avec un client dure plus longtemps que pr\u00e9vu. Les conflits (d'int\u00e9r\u00eats) sont donc in\u00e9vitables.<\/p>\n<h2>D\u00e9fi : g\u00e9rer sa propre vie<\/h2>\n<p>Il en r\u00e9sulte un autre d\u00e9fi : nous devons devenir, pour ainsi dire, les gestionnaires de notre propre vie, c'est-\u00e0-dire des personnes qui, par leurs actions d'aujourd'hui, font en sorte de continuer \u00e0 mener une vie heureuse et \u00e9panouie \u00e0 l'avenir. La premi\u00e8re \u00e9tape consiste \u00e0 d\u00e9velopper une vision de notre vie future. Par exemple, le matin du Nouvel An, asseyez-vous et demandez-vous, en vous r\u00e9f\u00e9rant aux quatre domaines de votre vie, ce que vous voulez faire de votre vie :<\/p>\n<ul>\n<li>Qu'est-ce qui est vraiment important pour moi ?<\/li>\n<li>En quoi consiste pour moi une vie \u00e9panouie ? Et<\/li>\n<li>Que devrais-je faire aujourd'hui pour continuer \u00e0 mener une vie heureuse \u00e0 l'avenir ?<\/li>\n<\/ul>\n<p>Demandez-vous \u00e9galement (r\u00e9guli\u00e8rement) : y a-t-il des signes dans mon environnement qui indiquent que l'\u00e9quilibre de ma vie pourrait \u00eatre menac\u00e9 \u00e0 l'avenir ? De tels signaux d'alarme peuvent \u00eatre<\/p>\n<ul>\n<li>Le silence s'installe de plus en plus entre vous et votre partenaire. M\u00eame les amis importants ne donnent plus de nouvelles.<\/li>\n<li>Dans votre entreprise, la maxime supr\u00eame est soudain \"\u00e9conomiser\".<\/li>\n<li>Vous vous demandez de plus en plus souvent : \u00e0 quoi cela sert-il ?<\/li>\n<li>Vous ressentez de temps en temps des \u00e9lancements dans la r\u00e9gion du c\u0153ur.<\/li>\n<\/ul>\n<p>Une fois que vous avez r\u00e9pondu \u00e0 ces questions, vous pouvez prendre des r\u00e9solutions concr\u00e8tes et \u00e9laborer un plan d'action pour les mettre en \u0153uvre. Et ce, sans risquer d'oublier vos r\u00e9solutions \u00e0 peine les fus\u00e9es de la Saint-Sylvestre consum\u00e9es. Car vos r\u00e9solutions sont d\u00e9sormais ancr\u00e9es dans une vision de votre vie future.<\/p>\n<p><em><strong>A propos de l'auteur : <\/strong>La psychologue \u00e9conomique Sabine Prohaska est propri\u00e9taire de l'entreprise de formation et de conseil seminar consult prohaska, Vienne (Internet : <a href=\"http:\/\/www.seminarconsult.at\/\">www.seminarconsult.at<\/a>). Elle est notamment l'auteur du livre \"L\u00f6sungsorientiertes Selbstcoaching : Ihr Ziele n\u00e4herkommen - Schritt f\u00fcr Schritt\" (Auto-coaching orient\u00e9 vers les solutions : se rapprocher de ses objectifs - \u00e9tape par \u00e9tape).<\/em><\/p>","protected":false},"excerpt":{"rendered":"<p>Ziehe ich nach Z\u00fcrich, weil ich Karriere machen m\u00f6chte, oder sind mir meine Freunde wichtiger? Spare ich 200\u00a0Franken pro Monat f\u00fcrs Alter oder fliege ich auf die Malediven? Will ich mit meinem Partner Kinder kriegen oder ist mir meine Unabh\u00e4ngigkeit wichtiger? Vor solchen Fragen, bei denen wir uns entscheiden m\u00fcssen, stehen wir in unserem Leben [&hellip;]<\/p>\n","protected":false},"author":4,"featured_media":2939,"comment_status":"open","ping_status":"open","sticky":false,"template":"","format":"standard","meta":{"_acf_changed":false,"_yoast_wpseo_focuskw":"Vors\u00e4tze","_yoast_wpseo_metadesc":"Zu Jahresbeginn fassen viele Menschen gute Vors\u00e4tze. Doch wenig sp\u00e4ter sind diese wieder vergessen, weil sie nicht in einer Lebensvision verankert sind.","articlekey":"","footnotes":""},"categories":[25],"tags":[208,334,400,508],"class_list":["post-2936","post","type-post","status-publish","format-standard","has-post-thumbnail","hentry","category-fit_im_job","tag-fit-im-job","tag-management","tag-psychische-gesundheit","tag-vermischtes"],"acf":[],"yoast_head":"<!-- This site is optimized with the Yoast SEO plugin v27.4 - https:\/\/yoast.com\/product\/yoast-seo-wordpress\/ -->\n<title>Vors\u00e4tze: 2018 wird alles anders \u2013 wirklich? - Organisator<\/title>\n<meta name=\"description\" content=\"Zu Jahresbeginn fassen viele Menschen gute Vors\u00e4tze. Doch wenig sp\u00e4ter sind diese wieder vergessen, weil sie nicht in einer Lebensvision verankert sind.\" \/>\n<meta name=\"robots\" content=\"index, follow, max-snippet:-1, max-image-preview:large, max-video-preview:-1\" \/>\n<link rel=\"canonical\" href=\"https:\/\/www.organisator.ch\/fr\/ressources-humaines\/fit_im_job\/2018-01-04\/vorsaetze-2018-wird-alles-anders-wirklich\/\" \/>\n<meta property=\"og:locale\" content=\"fr_FR\" \/>\n<meta property=\"og:type\" content=\"article\" \/>\n<meta property=\"og:title\" content=\"Vors\u00e4tze: 2018 wird alles anders \u2013 wirklich?\" \/>\n<meta property=\"og:description\" content=\"Zu Jahresbeginn fassen viele Menschen gute #Vors\u00e4tze. Doch wenig sp\u00e4ter sind diese wieder vergessen, weil sie nicht in einer #Lebensvision verankert sind.\" \/>\n<meta property=\"og:url\" content=\"https:\/\/www.organisator.ch\/fr\/ressources-humaines\/fit_im_job\/2018-01-04\/vorsaetze-2018-wird-alles-anders-wirklich\/\" \/>\n<meta property=\"og:site_name\" content=\"Organisator\" \/>\n<meta property=\"article:publisher\" content=\"https:\/\/www.facebook.com\/OrganisatorFachmagazin\" \/>\n<meta property=\"article:published_time\" content=\"2018-01-04T08:06:22+00:00\" \/>\n<meta property=\"og:image\" content=\"https:\/\/www.organisator.ch\/wp-content\/uploads\/2018\/01\/Vorsaetze-2018-wird-alles-anders-wirklich-1_Organisator.jpg\" \/>\n\t<meta property=\"og:image:width\" content=\"640\" \/>\n\t<meta property=\"og:image:height\" content=\"213\" \/>\n\t<meta property=\"og:image:type\" content=\"image\/jpeg\" \/>\n<meta name=\"author\" content=\"thomas.berner\" \/>\n<meta name=\"twitter:card\" content=\"summary_large_image\" \/>\n<meta name=\"twitter:title\" content=\"#Vors\u00e4tze: 2018 wird alles anders \u2013 wirklich?\" \/>\n<meta name=\"twitter:description\" content=\"Zu Jahresbeginn fassen viele Menschen gute #Vors\u00e4tze. Doch wenig sp\u00e4ter sind diese wieder vergessen, weil sie nicht in einer #Lebensvision verankert sind.\" \/>\n<meta name=\"twitter:image\" content=\"https:\/\/www.organisator.ch\/wp-content\/uploads\/2018\/01\/Vors\u00e4tze-2018-wird-alles-anders-wirklich-1_Organisator.jpg\" \/>\n<script type=\"application\/ld+json\" class=\"yoast-schema-graph\">{\"@context\":\"https:\\\/\\\/schema.org\",\"@graph\":[{\"@type\":\"Article\",\"@id\":\"https:\\\/\\\/www.organisator.ch\\\/human-resources\\\/fit_im_job\\\/2018-01-04\\\/vorsaetze-2018-wird-alles-anders-wirklich\\\/#article\",\"isPartOf\":{\"@id\":\"https:\\\/\\\/www.organisator.ch\\\/human-resources\\\/fit_im_job\\\/2018-01-04\\\/vorsaetze-2018-wird-alles-anders-wirklich\\\/\"},\"author\":{\"name\":\"thomas.berner\",\"@id\":\"https:\\\/\\\/www.organisator.ch\\\/#\\\/schema\\\/person\\\/6f650f90b2842cd4c0cc334b4e36f67e\"},\"headline\":\"Vors\u00e4tze: 2018 wird alles anders \u2013 wirklich?\",\"datePublished\":\"2018-01-04T08:06:22+00:00\",\"mainEntityOfPage\":{\"@id\":\"https:\\\/\\\/www.organisator.ch\\\/human-resources\\\/fit_im_job\\\/2018-01-04\\\/vorsaetze-2018-wird-alles-anders-wirklich\\\/\"},\"wordCount\":895,\"commentCount\":0,\"publisher\":{\"@id\":\"https:\\\/\\\/www.organisator.ch\\\/#organization\"},\"image\":{\"@id\":\"https:\\\/\\\/www.organisator.ch\\\/human-resources\\\/fit_im_job\\\/2018-01-04\\\/vorsaetze-2018-wird-alles-anders-wirklich\\\/#primaryimage\"},\"thumbnailUrl\":\"https:\\\/\\\/www.organisator.ch\\\/wp-content\\\/uploads\\\/2018\\\/01\\\/Vorsaetze-2018-wird-alles-anders-wirklich-1_Organisator.jpg\",\"keywords\":[\"Fit im Job\",\"Management\",\"Psychische Gesundheit\",\"Vermischtes\"],\"articleSection\":[\"FIT IM JOB\"],\"inLanguage\":\"fr-FR\"},{\"@type\":\"WebPage\",\"@id\":\"https:\\\/\\\/www.organisator.ch\\\/human-resources\\\/fit_im_job\\\/2018-01-04\\\/vorsaetze-2018-wird-alles-anders-wirklich\\\/\",\"url\":\"https:\\\/\\\/www.organisator.ch\\\/human-resources\\\/fit_im_job\\\/2018-01-04\\\/vorsaetze-2018-wird-alles-anders-wirklich\\\/\",\"name\":\"Vors\u00e4tze: 2018 wird alles anders \u2013 wirklich? - Organisator\",\"isPartOf\":{\"@id\":\"https:\\\/\\\/www.organisator.ch\\\/#website\"},\"primaryImageOfPage\":{\"@id\":\"https:\\\/\\\/www.organisator.ch\\\/human-resources\\\/fit_im_job\\\/2018-01-04\\\/vorsaetze-2018-wird-alles-anders-wirklich\\\/#primaryimage\"},\"image\":{\"@id\":\"https:\\\/\\\/www.organisator.ch\\\/human-resources\\\/fit_im_job\\\/2018-01-04\\\/vorsaetze-2018-wird-alles-anders-wirklich\\\/#primaryimage\"},\"thumbnailUrl\":\"https:\\\/\\\/www.organisator.ch\\\/wp-content\\\/uploads\\\/2018\\\/01\\\/Vorsaetze-2018-wird-alles-anders-wirklich-1_Organisator.jpg\",\"datePublished\":\"2018-01-04T08:06:22+00:00\",\"description\":\"Zu Jahresbeginn fassen viele Menschen gute Vors\u00e4tze. Doch wenig sp\u00e4ter sind diese wieder vergessen, weil sie nicht in einer Lebensvision verankert sind.\",\"breadcrumb\":{\"@id\":\"https:\\\/\\\/www.organisator.ch\\\/human-resources\\\/fit_im_job\\\/2018-01-04\\\/vorsaetze-2018-wird-alles-anders-wirklich\\\/#breadcrumb\"},\"inLanguage\":\"fr-FR\",\"potentialAction\":[{\"@type\":\"ReadAction\",\"target\":[\"https:\\\/\\\/www.organisator.ch\\\/human-resources\\\/fit_im_job\\\/2018-01-04\\\/vorsaetze-2018-wird-alles-anders-wirklich\\\/\"]}]},{\"@type\":\"ImageObject\",\"inLanguage\":\"fr-FR\",\"@id\":\"https:\\\/\\\/www.organisator.ch\\\/human-resources\\\/fit_im_job\\\/2018-01-04\\\/vorsaetze-2018-wird-alles-anders-wirklich\\\/#primaryimage\",\"url\":\"https:\\\/\\\/www.organisator.ch\\\/wp-content\\\/uploads\\\/2018\\\/01\\\/Vorsaetze-2018-wird-alles-anders-wirklich-1_Organisator.jpg\",\"contentUrl\":\"https:\\\/\\\/www.organisator.ch\\\/wp-content\\\/uploads\\\/2018\\\/01\\\/Vorsaetze-2018-wird-alles-anders-wirklich-1_Organisator.jpg\",\"width\":640,\"height\":213,\"caption\":\"Welche Vors\u00e4tze haben Sie f\u00fcr 2018 gefasst? Verankern Sie diese in einer Lebensvision, denn andernfalls gehen sie schnell vergessen. (Bild: Thaut Images - Fotolia.com)\"},{\"@type\":\"BreadcrumbList\",\"@id\":\"https:\\\/\\\/www.organisator.ch\\\/human-resources\\\/fit_im_job\\\/2018-01-04\\\/vorsaetze-2018-wird-alles-anders-wirklich\\\/#breadcrumb\",\"itemListElement\":[{\"@type\":\"ListItem\",\"position\":1,\"name\":\"Home\",\"item\":\"https:\\\/\\\/www.organisator.ch\\\/\"},{\"@type\":\"ListItem\",\"position\":2,\"name\":\"Vors\u00e4tze: 2018 wird alles anders \u2013 wirklich?\"}]},{\"@type\":\"WebSite\",\"@id\":\"https:\\\/\\\/www.organisator.ch\\\/#website\",\"url\":\"https:\\\/\\\/www.organisator.ch\\\/\",\"name\":\"Organisator\",\"description\":\"Kompetent. Praxisnah. Der ORGANISATOR bereitet in 10 Ausgaben pro Jahr die wesentlichen Themen f\u00fcr F\u00fchrungskr\u00e4fte von KMU auf.\",\"publisher\":{\"@id\":\"https:\\\/\\\/www.organisator.ch\\\/#organization\"},\"potentialAction\":[{\"@type\":\"SearchAction\",\"target\":{\"@type\":\"EntryPoint\",\"urlTemplate\":\"https:\\\/\\\/www.organisator.ch\\\/?s={search_term_string}\"},\"query-input\":{\"@type\":\"PropertyValueSpecification\",\"valueRequired\":true,\"valueName\":\"search_term_string\"}}],\"inLanguage\":\"fr-FR\"},{\"@type\":\"Organization\",\"@id\":\"https:\\\/\\\/www.organisator.ch\\\/#organization\",\"name\":\"Organisator\",\"url\":\"https:\\\/\\\/www.organisator.ch\\\/\",\"logo\":{\"@type\":\"ImageObject\",\"inLanguage\":\"fr-FR\",\"@id\":\"https:\\\/\\\/www.organisator.ch\\\/#\\\/schema\\\/logo\\\/image\\\/\",\"url\":\"https:\\\/\\\/www.organisator.ch\\\/wp-content\\\/uploads\\\/2022\\\/01\\\/Logo_Organisator_Website.png\",\"contentUrl\":\"https:\\\/\\\/www.organisator.ch\\\/wp-content\\\/uploads\\\/2022\\\/01\\\/Logo_Organisator_Website.png\",\"width\":800,\"height\":77,\"caption\":\"Organisator\"},\"image\":{\"@id\":\"https:\\\/\\\/www.organisator.ch\\\/#\\\/schema\\\/logo\\\/image\\\/\"},\"sameAs\":[\"https:\\\/\\\/www.facebook.com\\\/OrganisatorFachmagazin\",\"https:\\\/\\\/www.linkedin.com\\\/showcase\\\/organisator-das-magazin-fr-kmu\",\"https:\\\/\\\/www.xing.com\\\/news\\\/pages\\\/organisator-ch-695\",\"https:\\\/\\\/www.youtube.com\\\/channel\\\/UCGP2Sq0iWaZwT3BdIAQFYpw\"]},{\"@type\":\"Person\",\"@id\":\"https:\\\/\\\/www.organisator.ch\\\/#\\\/schema\\\/person\\\/6f650f90b2842cd4c0cc334b4e36f67e\",\"name\":\"thomas.berner\",\"image\":{\"@type\":\"ImageObject\",\"inLanguage\":\"fr-FR\",\"@id\":\"https:\\\/\\\/secure.gravatar.com\\\/avatar\\\/ac5001d2a36cb6c6cd3e50789007ffca834b477b74a2144564522e944eabff61?s=96&d=mm&r=g\",\"url\":\"https:\\\/\\\/secure.gravatar.com\\\/avatar\\\/ac5001d2a36cb6c6cd3e50789007ffca834b477b74a2144564522e944eabff61?s=96&d=mm&r=g\",\"contentUrl\":\"https:\\\/\\\/secure.gravatar.com\\\/avatar\\\/ac5001d2a36cb6c6cd3e50789007ffca834b477b74a2144564522e944eabff61?s=96&d=mm&r=g\",\"caption\":\"thomas.berner\"},\"url\":\"https:\\\/\\\/www.organisator.ch\\\/fr\\\/author\\\/thomas-berner\\\/\"}]}<\/script>\n<!-- \/ Yoast SEO plugin. -->","yoast_head_json":{"title":"R\u00e9solutions : 2018 sera diff\u00e9rent - vraiment ? - Organisateur","description":"En d\u00e9but d'ann\u00e9e, de nombreuses personnes prennent de bonnes r\u00e9solutions. Mais un peu plus tard, elles sont oubli\u00e9es, car elles ne sont pas ancr\u00e9es dans une vision de vie.","robots":{"index":"index","follow":"follow","max-snippet":"max-snippet:-1","max-image-preview":"max-image-preview:large","max-video-preview":"max-video-preview:-1"},"canonical":"https:\/\/www.organisator.ch\/fr\/ressources-humaines\/fit_im_job\/2018-01-04\/vorsaetze-2018-wird-alles-anders-wirklich\/","og_locale":"fr_FR","og_type":"article","og_title":"Vors\u00e4tze: 2018 wird alles anders \u2013 wirklich?","og_description":"Zu Jahresbeginn fassen viele Menschen gute #Vors\u00e4tze. Doch wenig sp\u00e4ter sind diese wieder vergessen, weil sie nicht in einer #Lebensvision verankert sind.","og_url":"https:\/\/www.organisator.ch\/fr\/ressources-humaines\/fit_im_job\/2018-01-04\/vorsaetze-2018-wird-alles-anders-wirklich\/","og_site_name":"Organisator","article_publisher":"https:\/\/www.facebook.com\/OrganisatorFachmagazin","article_published_time":"2018-01-04T08:06:22+00:00","og_image":[{"width":640,"height":213,"url":"https:\/\/www.organisator.ch\/wp-content\/uploads\/2018\/01\/Vorsaetze-2018-wird-alles-anders-wirklich-1_Organisator.jpg","type":"image\/jpeg"}],"author":"thomas.berner","twitter_card":"summary_large_image","twitter_title":"#Vors\u00e4tze: 2018 wird alles anders \u2013 wirklich?","twitter_description":"Zu Jahresbeginn fassen viele Menschen gute #Vors\u00e4tze. Doch wenig sp\u00e4ter sind diese wieder vergessen, weil sie nicht in einer #Lebensvision verankert sind.","twitter_image":"https:\/\/www.organisator.ch\/wp-content\/uploads\/2018\/01\/Vors\u00e4tze-2018-wird-alles-anders-wirklich-1_Organisator.jpg","schema":{"@context":"https:\/\/schema.org","@graph":[{"@type":"Article","@id":"https:\/\/www.organisator.ch\/human-resources\/fit_im_job\/2018-01-04\/vorsaetze-2018-wird-alles-anders-wirklich\/#article","isPartOf":{"@id":"https:\/\/www.organisator.ch\/human-resources\/fit_im_job\/2018-01-04\/vorsaetze-2018-wird-alles-anders-wirklich\/"},"author":{"name":"thomas.berner","@id":"https:\/\/www.organisator.ch\/#\/schema\/person\/6f650f90b2842cd4c0cc334b4e36f67e"},"headline":"Vors\u00e4tze: 2018 wird alles anders \u2013 wirklich?","datePublished":"2018-01-04T08:06:22+00:00","mainEntityOfPage":{"@id":"https:\/\/www.organisator.ch\/human-resources\/fit_im_job\/2018-01-04\/vorsaetze-2018-wird-alles-anders-wirklich\/"},"wordCount":895,"commentCount":0,"publisher":{"@id":"https:\/\/www.organisator.ch\/#organization"},"image":{"@id":"https:\/\/www.organisator.ch\/human-resources\/fit_im_job\/2018-01-04\/vorsaetze-2018-wird-alles-anders-wirklich\/#primaryimage"},"thumbnailUrl":"https:\/\/www.organisator.ch\/wp-content\/uploads\/2018\/01\/Vorsaetze-2018-wird-alles-anders-wirklich-1_Organisator.jpg","keywords":["Fit im Job","Management","Psychische Gesundheit","Vermischtes"],"articleSection":["FIT IM JOB"],"inLanguage":"fr-FR"},{"@type":"WebPage","@id":"https:\/\/www.organisator.ch\/human-resources\/fit_im_job\/2018-01-04\/vorsaetze-2018-wird-alles-anders-wirklich\/","url":"https:\/\/www.organisator.ch\/human-resources\/fit_im_job\/2018-01-04\/vorsaetze-2018-wird-alles-anders-wirklich\/","name":"R\u00e9solutions : 2018 sera diff\u00e9rent - vraiment ? - Organisateur","isPartOf":{"@id":"https:\/\/www.organisator.ch\/#website"},"primaryImageOfPage":{"@id":"https:\/\/www.organisator.ch\/human-resources\/fit_im_job\/2018-01-04\/vorsaetze-2018-wird-alles-anders-wirklich\/#primaryimage"},"image":{"@id":"https:\/\/www.organisator.ch\/human-resources\/fit_im_job\/2018-01-04\/vorsaetze-2018-wird-alles-anders-wirklich\/#primaryimage"},"thumbnailUrl":"https:\/\/www.organisator.ch\/wp-content\/uploads\/2018\/01\/Vorsaetze-2018-wird-alles-anders-wirklich-1_Organisator.jpg","datePublished":"2018-01-04T08:06:22+00:00","description":"En d\u00e9but d'ann\u00e9e, de nombreuses personnes prennent de bonnes r\u00e9solutions. Mais un peu plus tard, elles sont oubli\u00e9es, car elles ne sont pas ancr\u00e9es dans une vision de vie.","breadcrumb":{"@id":"https:\/\/www.organisator.ch\/human-resources\/fit_im_job\/2018-01-04\/vorsaetze-2018-wird-alles-anders-wirklich\/#breadcrumb"},"inLanguage":"fr-FR","potentialAction":[{"@type":"ReadAction","target":["https:\/\/www.organisator.ch\/human-resources\/fit_im_job\/2018-01-04\/vorsaetze-2018-wird-alles-anders-wirklich\/"]}]},{"@type":"ImageObject","inLanguage":"fr-FR","@id":"https:\/\/www.organisator.ch\/human-resources\/fit_im_job\/2018-01-04\/vorsaetze-2018-wird-alles-anders-wirklich\/#primaryimage","url":"https:\/\/www.organisator.ch\/wp-content\/uploads\/2018\/01\/Vorsaetze-2018-wird-alles-anders-wirklich-1_Organisator.jpg","contentUrl":"https:\/\/www.organisator.ch\/wp-content\/uploads\/2018\/01\/Vorsaetze-2018-wird-alles-anders-wirklich-1_Organisator.jpg","width":640,"height":213,"caption":"Welche Vors\u00e4tze haben Sie f\u00fcr 2018 gefasst? Verankern Sie diese in einer Lebensvision, denn andernfalls gehen sie schnell vergessen. (Bild: Thaut Images - Fotolia.com)"},{"@type":"BreadcrumbList","@id":"https:\/\/www.organisator.ch\/human-resources\/fit_im_job\/2018-01-04\/vorsaetze-2018-wird-alles-anders-wirklich\/#breadcrumb","itemListElement":[{"@type":"ListItem","position":1,"name":"Home","item":"https:\/\/www.organisator.ch\/"},{"@type":"ListItem","position":2,"name":"Vors\u00e4tze: 2018 wird alles anders \u2013 wirklich?"}]},{"@type":"WebSite","@id":"https:\/\/www.organisator.ch\/#website","url":"https:\/\/www.organisator.ch\/","name":"Organisateur","description":"Comp\u00e9tence et comp\u00e9tence. Proches de la pratique. L'ORGANISATEUR pr\u00e9pare 10 num\u00e9ros par an sur les th\u00e8mes essentiels pour les dirigeants de PME.","publisher":{"@id":"https:\/\/www.organisator.ch\/#organization"},"potentialAction":[{"@type":"SearchAction","target":{"@type":"EntryPoint","urlTemplate":"https:\/\/www.organisator.ch\/?s={search_term_string}"},"query-input":{"@type":"PropertyValueSpecification","valueRequired":true,"valueName":"search_term_string"}}],"inLanguage":"fr-FR"},{"@type":"Organization","@id":"https:\/\/www.organisator.ch\/#organization","name":"Organisateur","url":"https:\/\/www.organisator.ch\/","logo":{"@type":"ImageObject","inLanguage":"fr-FR","@id":"https:\/\/www.organisator.ch\/#\/schema\/logo\/image\/","url":"https:\/\/www.organisator.ch\/wp-content\/uploads\/2022\/01\/Logo_Organisator_Website.png","contentUrl":"https:\/\/www.organisator.ch\/wp-content\/uploads\/2022\/01\/Logo_Organisator_Website.png","width":800,"height":77,"caption":"Organisator"},"image":{"@id":"https:\/\/www.organisator.ch\/#\/schema\/logo\/image\/"},"sameAs":["https:\/\/www.facebook.com\/OrganisatorFachmagazin","https:\/\/www.linkedin.com\/showcase\/organisator-das-magazin-fr-kmu","https:\/\/www.xing.com\/news\/pages\/organisator-ch-695","https:\/\/www.youtube.com\/channel\/UCGP2Sq0iWaZwT3BdIAQFYpw"]},{"@type":"Person","@id":"https:\/\/www.organisator.ch\/#\/schema\/person\/6f650f90b2842cd4c0cc334b4e36f67e","name":"thomas.berner","image":{"@type":"ImageObject","inLanguage":"fr-FR","@id":"https:\/\/secure.gravatar.com\/avatar\/ac5001d2a36cb6c6cd3e50789007ffca834b477b74a2144564522e944eabff61?s=96&d=mm&r=g","url":"https:\/\/secure.gravatar.com\/avatar\/ac5001d2a36cb6c6cd3e50789007ffca834b477b74a2144564522e944eabff61?s=96&d=mm&r=g","contentUrl":"https:\/\/secure.gravatar.com\/avatar\/ac5001d2a36cb6c6cd3e50789007ffca834b477b74a2144564522e944eabff61?s=96&d=mm&r=g","caption":"thomas.berner"},"url":"https:\/\/www.organisator.ch\/fr\/author\/thomas-berner\/"}]}},"_links":{"self":[{"href":"https:\/\/www.organisator.ch\/fr\/wp-json\/wp\/v2\/posts\/2936","targetHints":{"allow":["GET"]}}],"collection":[{"href":"https:\/\/www.organisator.ch\/fr\/wp-json\/wp\/v2\/posts"}],"about":[{"href":"https:\/\/www.organisator.ch\/fr\/wp-json\/wp\/v2\/types\/post"}],"author":[{"embeddable":true,"href":"https:\/\/www.organisator.ch\/fr\/wp-json\/wp\/v2\/users\/4"}],"replies":[{"embeddable":true,"href":"https:\/\/www.organisator.ch\/fr\/wp-json\/wp\/v2\/comments?post=2936"}],"version-history":[{"count":0,"href":"https:\/\/www.organisator.ch\/fr\/wp-json\/wp\/v2\/posts\/2936\/revisions"}],"wp:featuredmedia":[{"embeddable":true,"href":"https:\/\/www.organisator.ch\/fr\/wp-json\/wp\/v2\/media\/2939"}],"wp:attachment":[{"href":"https:\/\/www.organisator.ch\/fr\/wp-json\/wp\/v2\/media?parent=2936"}],"wp:term":[{"taxonomy":"category","embeddable":true,"href":"https:\/\/www.organisator.ch\/fr\/wp-json\/wp\/v2\/categories?post=2936"},{"taxonomy":"post_tag","embeddable":true,"href":"https:\/\/www.organisator.ch\/fr\/wp-json\/wp\/v2\/tags?post=2936"}],"curies":[{"name":"wp","href":"https:\/\/api.w.org\/{rel}","templated":true}]}}