{"id":29364,"date":"2024-08-28T05:34:59","date_gmt":"2024-08-28T03:34:59","guid":{"rendered":"https:\/\/www.m-q.ch\/?p=20254"},"modified":"2024-11-08T12:19:55","modified_gmt":"2024-11-08T11:19:55","slug":"scholtysik-gewinnt-strategie-mandat-der-groessten-schweizer-rehaklinik-gruppe","status":"publish","type":"post","link":"https:\/\/www.organisator.ch\/fr\/operational-excellence\/2024-08-28\/scholtysik-gewinnt-strategie-mandat-der-groessten-schweizer-rehaklinik-gruppe\/","title":{"rendered":"Scholtysik remporte le mandat de strat\u00e9gie du plus grand groupe suisse de cliniques de r\u00e9adaptation"},"content":{"rendered":"<figure id=\"attachment_20256\" class=\"wp-caption alignnone\" style=\"width: 680px\" aria-describedby=\"caption-attachment-20256\"><img class=\"alignnone wp-image-20256 size-full\" src=\"https:\/\/www.m-q.ch\/wp-content\/uploads\/2024\/08\/scholtysik_fusion_valens_zhreha_Bild1_ps.jpg\" alt=\"Cliniques Valens\" width=\"680\" height=\"453\" \/>\r\n<figcaption id=\"caption-attachment-20256\" class=\"wp-caption-text\">La fusion des cliniques Valens et des Z\u00fcrcher Rehazentren donne naissance au plus grand prestataire de r\u00e9\u00e9ducation m\u00e9dicale de Suisse. (Image : www.scholtysik.ch)<\/figcaption>\r\n<\/figure>\r\n<p>Les besoins en r\u00e9\u00e9ducation m\u00e9dicale augmentent fortement en Suisse, car la population croissante ne cesse de vieillir et la proportion de malades chroniques augmente. En ao\u00fbt 2023, les Z\u00fcrcher Rehazentren et les Kliniken Valens d\u00e9cident d'unir leurs forces. Cette fusion donne naissance au plus grand prestataire complet de r\u00e9\u00e9ducation m\u00e9dicale de Suisse, avec 12 cliniques stationnaires et ambulatoires et plus de 2200 collaborateurs. Dans le nouveau groupe de cliniques, pr\u00e8s de 10 000 patients b\u00e9n\u00e9ficieront chaque ann\u00e9e d'une r\u00e9\u00e9ducation globale et personnalis\u00e9e. En tant qu'excellente organisation, le groupe de cliniques a \u00e9t\u00e9 d\u00e9sign\u00e9 laur\u00e9at du prix ESPRIX le 23 avril 2024, en reconnaissance de sa gestion de la qualit\u00e9 selon le mod\u00e8le EFQM.<\/p>\r\n<h3><strong>Positionnement, naming et strat\u00e9gie de portefeuille de marques du nouveau groupe de cliniques<\/strong><\/h3>\r\n<p>Dans le cadre du processus d'int\u00e9gration pr\u00e9vu sur plusieurs ann\u00e9es, il s'agit entre autres de d\u00e9finir la strat\u00e9gie de marque pour le nouveau groupe de cliniques. Scholtysik remporte le mandat \u00e0 l'issue d'un processus d'\u00e9valuation en plusieurs \u00e9tapes. L'agence convainc les responsables par son approche structur\u00e9e et sa longue exp\u00e9rience en mati\u00e8re de branding strat\u00e9gique. Scholtysik va tout d'abord analyser le positionnement du nouveau groupe de cliniques ainsi que des diff\u00e9rents sites et offres. Sur cette base, le futur portefeuille de marques, la d\u00e9nomination et la nouvelle image de marque globale seront d\u00e9velopp\u00e9s en collaboration avec le client.<\/p>\r\n<p><em>Source : <a href=\"http:\/\/www.scholtysik.ch\/\">www.scholtysik.ch<\/a><\/em><\/p>\n<p class=\"syndicated-attribution\">Cet article est paru initialement sur m-q.ch - <a href=\"https:\/\/www.m-q.ch\/de\/scholtysik-gewinnt-strategie-mandat-der-groessten-schweizer-rehaklinik-gruppe\/\" target=\"_blank\">https:\/\/www.m-q.ch\/de\/scholtysik-gewinnt-strategie-mandat-der-groessten-schweizer-rehaklinik-gruppe\/<\/a><\/p>","protected":false},"excerpt":{"rendered":"<p>La fusion des cliniques Valens et des Z\u00fcrcher Rehazentren donne naissance au plus grand prestataire de r\u00e9\u00e9ducation m\u00e9dicale de Suisse. Scholtysik est charg\u00e9 de d\u00e9velopper la strat\u00e9gie de marque pour le groupe de cliniques fusionn\u00e9. Scholtysik s'impose dans un processus d'\u00e9valuation en plusieurs \u00e9tapes.<\/p>","protected":false},"author":58,"featured_media":0,"comment_status":"closed","ping_status":"closed","sticky":false,"template":"","format":"standard","meta":{"_acf_changed":false,"_yoast_wpseo_focuskw":"Kliniken Valens","_yoast_wpseo_metadesc":"Fusion der Kliniken Valens und Z\u00fcrcher Rehazentren schafft gr\u00f6\u00dften Anbieter f\u00fcr medizinische Rehabilitation in der Schweiz.","articlekey":"","footnotes":""},"categories":[582],"tags":[1235,605,4427,492],"class_list":["post-29364","post","type-post","status-publish","format-standard","hentry","category-operational-excellence","tag-fusion","tag-qualitaetsmanagement","tag-rehaklinik-gruppe","tag-unternehmen"],"acf":[],"yoast_head":"<!-- This site is optimized with the Yoast SEO plugin v27.5 - https:\/\/yoast.com\/product\/yoast-seo-wordpress\/ -->\n<title>Scholtysik gewinnt Strategie-Mandat der gr\u00f6ssten Schweizer Rehaklinik-Gruppe - Organisator<\/title>\n<meta name=\"description\" content=\"Fusion der Kliniken Valens und Z\u00fcrcher Rehazentren schafft gr\u00f6\u00dften Anbieter f\u00fcr medizinische Rehabilitation in der Schweiz.\" \/>\n<meta name=\"robots\" content=\"index, follow, max-snippet:-1, max-image-preview:large, max-video-preview:-1\" \/>\n<link rel=\"canonical\" href=\"https:\/\/www.organisator.ch\/fr\/excellence-operationnelle\/2024-08-28\/scholtysik-gewinnt-strategie-mandat-der-groessten-schweizer-rehaklinik-gruppe\/\" \/>\n<meta property=\"og:locale\" content=\"fr_FR\" \/>\n<meta property=\"og:type\" content=\"article\" \/>\n<meta property=\"og:title\" content=\"Scholtysik gewinnt Strategie-Mandat der gr\u00f6ssten Schweizer Rehaklinik-Gruppe - Organisator\" \/>\n<meta property=\"og:description\" content=\"Fusion der Kliniken Valens und Z\u00fcrcher Rehazentren schafft gr\u00f6\u00dften Anbieter f\u00fcr medizinische Rehabilitation in der Schweiz.\" \/>\n<meta property=\"og:url\" content=\"https:\/\/www.organisator.ch\/fr\/excellence-operationnelle\/2024-08-28\/scholtysik-gewinnt-strategie-mandat-der-groessten-schweizer-rehaklinik-gruppe\/\" \/>\n<meta property=\"og:site_name\" content=\"Organisator\" \/>\n<meta property=\"article:publisher\" content=\"https:\/\/www.facebook.com\/OrganisatorFachmagazin\" \/>\n<meta property=\"article:published_time\" content=\"2024-08-28T03:34:59+00:00\" \/>\n<meta property=\"article:modified_time\" content=\"2024-11-08T11:19:55+00:00\" \/>\n<meta property=\"og:image\" content=\"https:\/\/www.m-q.ch\/wp-content\/uploads\/2024\/08\/scholtysik_fusion_valens_zhreha_Bild1_ps.jpg\" \/>\n<meta name=\"author\" content=\"Adelisa Kalajdzini\" \/>\n<meta name=\"twitter:card\" content=\"summary_large_image\" \/>\n<script type=\"application\/ld+json\" class=\"yoast-schema-graph\">{\"@context\":\"https:\\\/\\\/schema.org\",\"@graph\":[{\"@type\":\"Article\",\"@id\":\"https:\\\/\\\/www.organisator.ch\\\/operational-excellence\\\/2024-08-28\\\/scholtysik-gewinnt-strategie-mandat-der-groessten-schweizer-rehaklinik-gruppe\\\/#article\",\"isPartOf\":{\"@id\":\"https:\\\/\\\/www.organisator.ch\\\/operational-excellence\\\/2024-08-28\\\/scholtysik-gewinnt-strategie-mandat-der-groessten-schweizer-rehaklinik-gruppe\\\/\"},\"author\":{\"name\":\"Adelisa Kalajdzini\",\"@id\":\"https:\\\/\\\/www.organisator.ch\\\/#\\\/schema\\\/person\\\/2e1314a2172123f874db408d8911d3f3\"},\"headline\":\"Scholtysik gewinnt Strategie-Mandat der gr\u00f6ssten Schweizer Rehaklinik-Gruppe\",\"datePublished\":\"2024-08-28T03:34:59+00:00\",\"dateModified\":\"2024-11-08T11:19:55+00:00\",\"mainEntityOfPage\":{\"@id\":\"https:\\\/\\\/www.organisator.ch\\\/operational-excellence\\\/2024-08-28\\\/scholtysik-gewinnt-strategie-mandat-der-groessten-schweizer-rehaklinik-gruppe\\\/\"},\"wordCount\":231,\"publisher\":{\"@id\":\"https:\\\/\\\/www.organisator.ch\\\/#organization\"},\"image\":{\"@id\":\"https:\\\/\\\/www.organisator.ch\\\/operational-excellence\\\/2024-08-28\\\/scholtysik-gewinnt-strategie-mandat-der-groessten-schweizer-rehaklinik-gruppe\\\/#primaryimage\"},\"thumbnailUrl\":\"https:\\\/\\\/www.m-q.ch\\\/wp-content\\\/uploads\\\/2024\\\/08\\\/scholtysik_fusion_valens_zhreha_Bild1_ps.jpg\",\"keywords\":[\"Fusion\",\"Qualit\u00e4tsmanagement\",\"Rehaklinik-Gruppe\",\"Unternehmen\"],\"articleSection\":[\"OPERATIONAL EXCELLENCE\"],\"inLanguage\":\"fr-FR\"},{\"@type\":\"WebPage\",\"@id\":\"https:\\\/\\\/www.organisator.ch\\\/operational-excellence\\\/2024-08-28\\\/scholtysik-gewinnt-strategie-mandat-der-groessten-schweizer-rehaklinik-gruppe\\\/\",\"url\":\"https:\\\/\\\/www.organisator.ch\\\/operational-excellence\\\/2024-08-28\\\/scholtysik-gewinnt-strategie-mandat-der-groessten-schweizer-rehaklinik-gruppe\\\/\",\"name\":\"Scholtysik gewinnt Strategie-Mandat der gr\u00f6ssten Schweizer Rehaklinik-Gruppe - Organisator\",\"isPartOf\":{\"@id\":\"https:\\\/\\\/www.organisator.ch\\\/#website\"},\"primaryImageOfPage\":{\"@id\":\"https:\\\/\\\/www.organisator.ch\\\/operational-excellence\\\/2024-08-28\\\/scholtysik-gewinnt-strategie-mandat-der-groessten-schweizer-rehaklinik-gruppe\\\/#primaryimage\"},\"image\":{\"@id\":\"https:\\\/\\\/www.organisator.ch\\\/operational-excellence\\\/2024-08-28\\\/scholtysik-gewinnt-strategie-mandat-der-groessten-schweizer-rehaklinik-gruppe\\\/#primaryimage\"},\"thumbnailUrl\":\"https:\\\/\\\/www.m-q.ch\\\/wp-content\\\/uploads\\\/2024\\\/08\\\/scholtysik_fusion_valens_zhreha_Bild1_ps.jpg\",\"datePublished\":\"2024-08-28T03:34:59+00:00\",\"dateModified\":\"2024-11-08T11:19:55+00:00\",\"description\":\"Fusion der Kliniken Valens und Z\u00fcrcher Rehazentren schafft gr\u00f6\u00dften Anbieter f\u00fcr medizinische Rehabilitation in der Schweiz.\",\"breadcrumb\":{\"@id\":\"https:\\\/\\\/www.organisator.ch\\\/operational-excellence\\\/2024-08-28\\\/scholtysik-gewinnt-strategie-mandat-der-groessten-schweizer-rehaklinik-gruppe\\\/#breadcrumb\"},\"inLanguage\":\"fr-FR\",\"potentialAction\":[{\"@type\":\"ReadAction\",\"target\":[\"https:\\\/\\\/www.organisator.ch\\\/operational-excellence\\\/2024-08-28\\\/scholtysik-gewinnt-strategie-mandat-der-groessten-schweizer-rehaklinik-gruppe\\\/\"]}]},{\"@type\":\"ImageObject\",\"inLanguage\":\"fr-FR\",\"@id\":\"https:\\\/\\\/www.organisator.ch\\\/operational-excellence\\\/2024-08-28\\\/scholtysik-gewinnt-strategie-mandat-der-groessten-schweizer-rehaklinik-gruppe\\\/#primaryimage\",\"url\":\"https:\\\/\\\/www.m-q.ch\\\/wp-content\\\/uploads\\\/2024\\\/08\\\/scholtysik_fusion_valens_zhreha_Bild1_ps.jpg\",\"contentUrl\":\"https:\\\/\\\/www.m-q.ch\\\/wp-content\\\/uploads\\\/2024\\\/08\\\/scholtysik_fusion_valens_zhreha_Bild1_ps.jpg\"},{\"@type\":\"BreadcrumbList\",\"@id\":\"https:\\\/\\\/www.organisator.ch\\\/operational-excellence\\\/2024-08-28\\\/scholtysik-gewinnt-strategie-mandat-der-groessten-schweizer-rehaklinik-gruppe\\\/#breadcrumb\",\"itemListElement\":[{\"@type\":\"ListItem\",\"position\":1,\"name\":\"Home\",\"item\":\"https:\\\/\\\/www.organisator.ch\\\/\"},{\"@type\":\"ListItem\",\"position\":2,\"name\":\"Scholtysik gewinnt Strategie-Mandat der gr\u00f6ssten Schweizer Rehaklinik-Gruppe\"}]},{\"@type\":\"WebSite\",\"@id\":\"https:\\\/\\\/www.organisator.ch\\\/#website\",\"url\":\"https:\\\/\\\/www.organisator.ch\\\/\",\"name\":\"Organisator\",\"description\":\"Kompetent. Praxisnah. Der ORGANISATOR bereitet in 10 Ausgaben pro Jahr die wesentlichen Themen f\u00fcr F\u00fchrungskr\u00e4fte von KMU auf.\",\"publisher\":{\"@id\":\"https:\\\/\\\/www.organisator.ch\\\/#organization\"},\"potentialAction\":[{\"@type\":\"SearchAction\",\"target\":{\"@type\":\"EntryPoint\",\"urlTemplate\":\"https:\\\/\\\/www.organisator.ch\\\/?s={search_term_string}\"},\"query-input\":{\"@type\":\"PropertyValueSpecification\",\"valueRequired\":true,\"valueName\":\"search_term_string\"}}],\"inLanguage\":\"fr-FR\"},{\"@type\":\"Organization\",\"@id\":\"https:\\\/\\\/www.organisator.ch\\\/#organization\",\"name\":\"Organisator\",\"url\":\"https:\\\/\\\/www.organisator.ch\\\/\",\"logo\":{\"@type\":\"ImageObject\",\"inLanguage\":\"fr-FR\",\"@id\":\"https:\\\/\\\/www.organisator.ch\\\/#\\\/schema\\\/logo\\\/image\\\/\",\"url\":\"https:\\\/\\\/www.organisator.ch\\\/wp-content\\\/uploads\\\/2022\\\/01\\\/Logo_Organisator_Website.png\",\"contentUrl\":\"https:\\\/\\\/www.organisator.ch\\\/wp-content\\\/uploads\\\/2022\\\/01\\\/Logo_Organisator_Website.png\",\"width\":800,\"height\":77,\"caption\":\"Organisator\"},\"image\":{\"@id\":\"https:\\\/\\\/www.organisator.ch\\\/#\\\/schema\\\/logo\\\/image\\\/\"},\"sameAs\":[\"https:\\\/\\\/www.facebook.com\\\/OrganisatorFachmagazin\",\"https:\\\/\\\/www.linkedin.com\\\/showcase\\\/organisator-das-magazin-fr-kmu\",\"https:\\\/\\\/www.xing.com\\\/news\\\/pages\\\/organisator-ch-695\",\"https:\\\/\\\/www.youtube.com\\\/channel\\\/UCGP2Sq0iWaZwT3BdIAQFYpw\"]},{\"@type\":\"Person\",\"@id\":\"https:\\\/\\\/www.organisator.ch\\\/#\\\/schema\\\/person\\\/2e1314a2172123f874db408d8911d3f3\",\"name\":\"Adelisa Kalajdzini\",\"image\":{\"@type\":\"ImageObject\",\"inLanguage\":\"fr-FR\",\"@id\":\"https:\\\/\\\/secure.gravatar.com\\\/avatar\\\/09a397c22ac58cad6f160ee8306348599df9df58a8ede73696226897b9fa4b24?s=96&d=mm&r=g\",\"url\":\"https:\\\/\\\/secure.gravatar.com\\\/avatar\\\/09a397c22ac58cad6f160ee8306348599df9df58a8ede73696226897b9fa4b24?s=96&d=mm&r=g\",\"contentUrl\":\"https:\\\/\\\/secure.gravatar.com\\\/avatar\\\/09a397c22ac58cad6f160ee8306348599df9df58a8ede73696226897b9fa4b24?s=96&d=mm&r=g\",\"caption\":\"Adelisa Kalajdzini\"},\"url\":\"https:\\\/\\\/www.organisator.ch\\\/fr\\\/author\\\/adelisa-kalajdzini\\\/\"}]}<\/script>\n<!-- \/ Yoast SEO plugin. -->","yoast_head_json":{"title":"Scholtysik remporte le mandat strat\u00e9gique du plus grand groupe suisse de cliniques de r\u00e9\u00e9ducation - Organisateur","description":"La fusion des cliniques Valens et Z\u00fcrcher Rehazentren cr\u00e9e le plus grand prestataire de r\u00e9\u00e9ducation m\u00e9dicale en Suisse.","robots":{"index":"index","follow":"follow","max-snippet":"max-snippet:-1","max-image-preview":"max-image-preview:large","max-video-preview":"max-video-preview:-1"},"canonical":"https:\/\/www.organisator.ch\/fr\/excellence-operationnelle\/2024-08-28\/scholtysik-gewinnt-strategie-mandat-der-groessten-schweizer-rehaklinik-gruppe\/","og_locale":"fr_FR","og_type":"article","og_title":"Scholtysik gewinnt Strategie-Mandat der gr\u00f6ssten Schweizer Rehaklinik-Gruppe - Organisator","og_description":"Fusion der Kliniken Valens und Z\u00fcrcher Rehazentren schafft gr\u00f6\u00dften Anbieter f\u00fcr medizinische Rehabilitation in der Schweiz.","og_url":"https:\/\/www.organisator.ch\/fr\/excellence-operationnelle\/2024-08-28\/scholtysik-gewinnt-strategie-mandat-der-groessten-schweizer-rehaklinik-gruppe\/","og_site_name":"Organisator","article_publisher":"https:\/\/www.facebook.com\/OrganisatorFachmagazin","article_published_time":"2024-08-28T03:34:59+00:00","article_modified_time":"2024-11-08T11:19:55+00:00","og_image":[{"url":"https:\/\/www.m-q.ch\/wp-content\/uploads\/2024\/08\/scholtysik_fusion_valens_zhreha_Bild1_ps.jpg","type":"","width":"","height":""}],"author":"Adelisa Kalajdzini","twitter_card":"summary_large_image","schema":{"@context":"https:\/\/schema.org","@graph":[{"@type":"Article","@id":"https:\/\/www.organisator.ch\/operational-excellence\/2024-08-28\/scholtysik-gewinnt-strategie-mandat-der-groessten-schweizer-rehaklinik-gruppe\/#article","isPartOf":{"@id":"https:\/\/www.organisator.ch\/operational-excellence\/2024-08-28\/scholtysik-gewinnt-strategie-mandat-der-groessten-schweizer-rehaklinik-gruppe\/"},"author":{"name":"Adelisa Kalajdzini","@id":"https:\/\/www.organisator.ch\/#\/schema\/person\/2e1314a2172123f874db408d8911d3f3"},"headline":"Scholtysik gewinnt Strategie-Mandat der gr\u00f6ssten Schweizer Rehaklinik-Gruppe","datePublished":"2024-08-28T03:34:59+00:00","dateModified":"2024-11-08T11:19:55+00:00","mainEntityOfPage":{"@id":"https:\/\/www.organisator.ch\/operational-excellence\/2024-08-28\/scholtysik-gewinnt-strategie-mandat-der-groessten-schweizer-rehaklinik-gruppe\/"},"wordCount":231,"publisher":{"@id":"https:\/\/www.organisator.ch\/#organization"},"image":{"@id":"https:\/\/www.organisator.ch\/operational-excellence\/2024-08-28\/scholtysik-gewinnt-strategie-mandat-der-groessten-schweizer-rehaklinik-gruppe\/#primaryimage"},"thumbnailUrl":"https:\/\/www.m-q.ch\/wp-content\/uploads\/2024\/08\/scholtysik_fusion_valens_zhreha_Bild1_ps.jpg","keywords":["Fusion","Qualit\u00e4tsmanagement","Rehaklinik-Gruppe","Unternehmen"],"articleSection":["OPERATIONAL EXCELLENCE"],"inLanguage":"fr-FR"},{"@type":"WebPage","@id":"https:\/\/www.organisator.ch\/operational-excellence\/2024-08-28\/scholtysik-gewinnt-strategie-mandat-der-groessten-schweizer-rehaklinik-gruppe\/","url":"https:\/\/www.organisator.ch\/operational-excellence\/2024-08-28\/scholtysik-gewinnt-strategie-mandat-der-groessten-schweizer-rehaklinik-gruppe\/","name":"Scholtysik remporte le mandat strat\u00e9gique du plus grand groupe suisse de cliniques de r\u00e9\u00e9ducation - Organisateur","isPartOf":{"@id":"https:\/\/www.organisator.ch\/#website"},"primaryImageOfPage":{"@id":"https:\/\/www.organisator.ch\/operational-excellence\/2024-08-28\/scholtysik-gewinnt-strategie-mandat-der-groessten-schweizer-rehaklinik-gruppe\/#primaryimage"},"image":{"@id":"https:\/\/www.organisator.ch\/operational-excellence\/2024-08-28\/scholtysik-gewinnt-strategie-mandat-der-groessten-schweizer-rehaklinik-gruppe\/#primaryimage"},"thumbnailUrl":"https:\/\/www.m-q.ch\/wp-content\/uploads\/2024\/08\/scholtysik_fusion_valens_zhreha_Bild1_ps.jpg","datePublished":"2024-08-28T03:34:59+00:00","dateModified":"2024-11-08T11:19:55+00:00","description":"La fusion des cliniques Valens et Z\u00fcrcher Rehazentren cr\u00e9e le plus grand prestataire de r\u00e9\u00e9ducation m\u00e9dicale en Suisse.","breadcrumb":{"@id":"https:\/\/www.organisator.ch\/operational-excellence\/2024-08-28\/scholtysik-gewinnt-strategie-mandat-der-groessten-schweizer-rehaklinik-gruppe\/#breadcrumb"},"inLanguage":"fr-FR","potentialAction":[{"@type":"ReadAction","target":["https:\/\/www.organisator.ch\/operational-excellence\/2024-08-28\/scholtysik-gewinnt-strategie-mandat-der-groessten-schweizer-rehaklinik-gruppe\/"]}]},{"@type":"ImageObject","inLanguage":"fr-FR","@id":"https:\/\/www.organisator.ch\/operational-excellence\/2024-08-28\/scholtysik-gewinnt-strategie-mandat-der-groessten-schweizer-rehaklinik-gruppe\/#primaryimage","url":"https:\/\/www.m-q.ch\/wp-content\/uploads\/2024\/08\/scholtysik_fusion_valens_zhreha_Bild1_ps.jpg","contentUrl":"https:\/\/www.m-q.ch\/wp-content\/uploads\/2024\/08\/scholtysik_fusion_valens_zhreha_Bild1_ps.jpg"},{"@type":"BreadcrumbList","@id":"https:\/\/www.organisator.ch\/operational-excellence\/2024-08-28\/scholtysik-gewinnt-strategie-mandat-der-groessten-schweizer-rehaklinik-gruppe\/#breadcrumb","itemListElement":[{"@type":"ListItem","position":1,"name":"Home","item":"https:\/\/www.organisator.ch\/"},{"@type":"ListItem","position":2,"name":"Scholtysik gewinnt Strategie-Mandat der gr\u00f6ssten Schweizer Rehaklinik-Gruppe"}]},{"@type":"WebSite","@id":"https:\/\/www.organisator.ch\/#website","url":"https:\/\/www.organisator.ch\/","name":"Organisateur","description":"Comp\u00e9tence et comp\u00e9tence. Proches de la pratique. L'ORGANISATEUR pr\u00e9pare 10 num\u00e9ros par an sur les th\u00e8mes essentiels pour les dirigeants de PME.","publisher":{"@id":"https:\/\/www.organisator.ch\/#organization"},"potentialAction":[{"@type":"SearchAction","target":{"@type":"EntryPoint","urlTemplate":"https:\/\/www.organisator.ch\/?s={search_term_string}"},"query-input":{"@type":"PropertyValueSpecification","valueRequired":true,"valueName":"search_term_string"}}],"inLanguage":"fr-FR"},{"@type":"Organization","@id":"https:\/\/www.organisator.ch\/#organization","name":"Organisateur","url":"https:\/\/www.organisator.ch\/","logo":{"@type":"ImageObject","inLanguage":"fr-FR","@id":"https:\/\/www.organisator.ch\/#\/schema\/logo\/image\/","url":"https:\/\/www.organisator.ch\/wp-content\/uploads\/2022\/01\/Logo_Organisator_Website.png","contentUrl":"https:\/\/www.organisator.ch\/wp-content\/uploads\/2022\/01\/Logo_Organisator_Website.png","width":800,"height":77,"caption":"Organisator"},"image":{"@id":"https:\/\/www.organisator.ch\/#\/schema\/logo\/image\/"},"sameAs":["https:\/\/www.facebook.com\/OrganisatorFachmagazin","https:\/\/www.linkedin.com\/showcase\/organisator-das-magazin-fr-kmu","https:\/\/www.xing.com\/news\/pages\/organisator-ch-695","https:\/\/www.youtube.com\/channel\/UCGP2Sq0iWaZwT3BdIAQFYpw"]},{"@type":"Person","@id":"https:\/\/www.organisator.ch\/#\/schema\/person\/2e1314a2172123f874db408d8911d3f3","name":"Adelisa Kalajdzini","image":{"@type":"ImageObject","inLanguage":"fr-FR","@id":"https:\/\/secure.gravatar.com\/avatar\/09a397c22ac58cad6f160ee8306348599df9df58a8ede73696226897b9fa4b24?s=96&d=mm&r=g","url":"https:\/\/secure.gravatar.com\/avatar\/09a397c22ac58cad6f160ee8306348599df9df58a8ede73696226897b9fa4b24?s=96&d=mm&r=g","contentUrl":"https:\/\/secure.gravatar.com\/avatar\/09a397c22ac58cad6f160ee8306348599df9df58a8ede73696226897b9fa4b24?s=96&d=mm&r=g","caption":"Adelisa Kalajdzini"},"url":"https:\/\/www.organisator.ch\/fr\/author\/adelisa-kalajdzini\/"}]}},"_links":{"self":[{"href":"https:\/\/www.organisator.ch\/fr\/wp-json\/wp\/v2\/posts\/29364","targetHints":{"allow":["GET"]}}],"collection":[{"href":"https:\/\/www.organisator.ch\/fr\/wp-json\/wp\/v2\/posts"}],"about":[{"href":"https:\/\/www.organisator.ch\/fr\/wp-json\/wp\/v2\/types\/post"}],"author":[{"embeddable":true,"href":"https:\/\/www.organisator.ch\/fr\/wp-json\/wp\/v2\/users\/58"}],"replies":[{"embeddable":true,"href":"https:\/\/www.organisator.ch\/fr\/wp-json\/wp\/v2\/comments?post=29364"}],"version-history":[{"count":5,"href":"https:\/\/www.organisator.ch\/fr\/wp-json\/wp\/v2\/posts\/29364\/revisions"}],"predecessor-version":[{"id":32009,"href":"https:\/\/www.organisator.ch\/fr\/wp-json\/wp\/v2\/posts\/29364\/revisions\/32009"}],"wp:attachment":[{"href":"https:\/\/www.organisator.ch\/fr\/wp-json\/wp\/v2\/media?parent=29364"}],"wp:term":[{"taxonomy":"category","embeddable":true,"href":"https:\/\/www.organisator.ch\/fr\/wp-json\/wp\/v2\/categories?post=29364"},{"taxonomy":"post_tag","embeddable":true,"href":"https:\/\/www.organisator.ch\/fr\/wp-json\/wp\/v2\/tags?post=29364"}],"curies":[{"name":"wp","href":"https:\/\/api.w.org\/{rel}","templated":true}]}}