{"id":29374,"date":"2024-08-29T06:43:45","date_gmt":"2024-08-29T04:43:45","guid":{"rendered":"https:\/\/www.organisator.ch\/?p=29374"},"modified":"2024-08-28T11:44:09","modified_gmt":"2024-08-28T09:44:09","slug":"neuer-eidgenoessischer-ki-abschluss-staerkt-wirtschaft","status":"publish","type":"post","link":"https:\/\/www.organisator.ch\/fr\/weiterbildung\/2024-08-29\/neuer-eidgenoessischer-ki-abschluss-staerkt-wirtschaft\/","title":{"rendered":"Le nouveau dipl\u00f4me f\u00e9d\u00e9ral en IA renforce l'\u00e9conomie"},"content":{"rendered":"<figure id=\"attachment_29376\" aria-describedby=\"caption-attachment-29376\" style=\"width: 680px\" class=\"wp-caption alignnone\"><img loading=\"lazy\" decoding=\"async\" class=\"size-full wp-image-29376\" src=\"https:\/\/www.organisator.ch\/wp-content\/uploads\/2024\/08\/KI-Abschluss_Bild1_ps.jpg\" alt=\"\" width=\"680\" height=\"454\" srcset=\"https:\/\/www.organisator.ch\/wp-content\/uploads\/2024\/08\/KI-Abschluss_Bild1_ps.jpg 680w, https:\/\/www.organisator.ch\/wp-content\/uploads\/2024\/08\/KI-Abschluss_Bild1_ps-18x12.jpg 18w, https:\/\/www.organisator.ch\/wp-content\/uploads\/2024\/08\/KI-Abschluss_Bild1_ps-375x250.jpg 375w, https:\/\/www.organisator.ch\/wp-content\/uploads\/2024\/08\/KI-Abschluss_Bild1_ps-524x350.jpg 524w\" sizes=\"auto, (max-width: 680px) 100vw, 680px\" \/><figcaption id=\"caption-attachment-29376\" class=\"wp-caption-text\">L'organisation nationale du monde du travail (OrTra) Formation professionnelle TIC Suisse lance un projet de formation en collaboration avec Huawei. (Image : www.depositphotos.com)<\/figcaption><\/figure>\n<p>L'intelligence artificielle (IA) est une technologie cl\u00e9 pour la Suisse. Cela entra\u00eene une demande croissante de sp\u00e9cialistes dans ce domaine. Une analyse du champ professionnel effectu\u00e9e par ICT-Formation professionnelle Suisse aupr\u00e8s des entreprises et de l'administration publique ainsi que l'\u00e9valuation par un comit\u00e9 d'experts ont clairement montr\u00e9 qu'un dipl\u00f4me f\u00e9d\u00e9ral dans le domaine de l'IA est souhait\u00e9. Les personnes interrog\u00e9es y voient une possibilit\u00e9 d'augmenter l'efficacit\u00e9 dans les entreprises, de faire avancer les innovations technologiques, d'identifier et de saisir de nouvelles opportunit\u00e9s commerciales, de professionnaliser le personnel et de r\u00e9duire les co\u00fbts. Le Secr\u00e9tariat d'\u00c9tat \u00e0 la formation, \u00e0 la recherche et \u00e0 l'innovation SBFI a approuv\u00e9 le lancement du projet en ao\u00fbt. Le premier examen devrait avoir lieu en 2026.<\/p>\n<h3><strong>Pas de profil technique <\/strong><\/h3>\n<p>L'analyse a montr\u00e9 qu'un profil orient\u00e9 vers la pratique \u00e0 l'interface entre le business et l'informatique est n\u00e9cessaire, car un tel profil n'a pas encore \u00e9t\u00e9 form\u00e9 de mani\u00e8re formelle. Le nouveau profil dans le domaine de la gestion de produits d'IA combine des comp\u00e9tences m\u00e9thodologiques, des connaissances techniques de base ainsi que des connaissances approfondies et un aper\u00e7u des technologies d'IA. Les clarifications men\u00e9es jusqu'\u00e0 pr\u00e9sent indiquent le d\u00e9veloppement d'un brevet f\u00e9d\u00e9ral. \"Avec un dipl\u00f4me f\u00e9d\u00e9ral contr\u00f4l\u00e9 de mani\u00e8re ind\u00e9pendante, nous souhaitons apporter de la s\u00e9r\u00e9nit\u00e9 sur le march\u00e9 de la formation continue, qui est actuellement inond\u00e9 d'offres non formelles\", explique Serge Frech, directeur de Formation professionnelle TIC Suisse.<\/p>\n<h3><strong>Partenariat avec Huawei <\/strong><\/h3>\n<p>Pour le d\u00e9veloppement du nouveau dipl\u00f4me, Formation professionnelle TIC Suisse travaille en \u00e9troite collaboration avec des repr\u00e9sentants de l'\u00e9conomie et de l'administration publique, notamment avec son partenaire Huawei. Le fournisseur ICT fait partie des leaders mondiaux dans le domaine de l'IA et poursuit une strat\u00e9gie claire en la mati\u00e8re, qui s'\u00e9tend de la recherche fondamentale \u00e0 la promotion des talents en passant par le portefeuille de produits. Dans le but de cr\u00e9er un \u00e9cosyst\u00e8me d'IA complet, Huawei investit, par exemple avec son programme mondial de d\u00e9veloppement des talents en intelligence num\u00e9rique, dans une formation initiale et continue efficace et acc\u00e9l\u00e9r\u00e9e dans ce domaine. \"Nous sommes heureux de pouvoir compter sur l'expertise de Huawei dans ce projet. Ce partenariat renforcera la connectivit\u00e9 internationale du nouveau dipl\u00f4me f\u00e9d\u00e9ral\", d\u00e9clare Dietmar Eglseder, responsable de la formation professionnelle sup\u00e9rieure chez ICT-Formation professionnelle Suisse.<\/p>\n<p>Michael Yang, CEO de Huawei Suisse, ajoute : \"Nous sommes toujours impressionn\u00e9s par la capacit\u00e9 d'innovation de la Suisse, qui refl\u00e8te la force du syst\u00e8me \u00e9ducatif du pays. Participer \u00e0 ce que, m\u00eame dans un domaine d'avenir aussi important que l'IA, les sp\u00e9cialistes suisses puissent exploiter tout leur potentiel de comp\u00e9titivit\u00e9 dans les entreprises des branches les plus diverses, nous remplit de fiert\u00e9\".<\/p>\n<p><em>Source : <a href=\"http:\/\/www.ict-berufsbildung.ch\">www.ict-berufsbildung.ch<\/a><\/em><\/p>","protected":false},"excerpt":{"rendered":"<p>L'organisation nationale du monde du travail (OrTra) Formation professionnelle TIC Suisse lance un projet de formation en collaboration avec Huawei. Il s'agit d'\u00e9laborer un nouveau dipl\u00f4me f\u00e9d\u00e9ral de formation professionnelle sup\u00e9rieure dans le domaine de l'intelligence artificielle (IA). L'objectif est de mettre les premiers dipl\u00f4m\u00e9s sur le march\u00e9 du travail en 2026.<\/p>","protected":false},"author":58,"featured_media":29376,"comment_status":"closed","ping_status":"closed","sticky":false,"template":"","format":"standard","meta":{"_acf_changed":false,"_yoast_wpseo_focuskw":"KI-Abschluss","_yoast_wpseo_metadesc":"Die nationale Organisation der Arbeitswelt (OdA) ICT-Berufsbildung Schweiz lanciert in Zusammenarbeit mit Huawei ein Bildungsprojekt.","articlekey":"","footnotes":""},"categories":[30],"tags":[62,4429,4428,298,492],"class_list":["post-29374","post","type-post","status-publish","format-standard","has-post-thumbnail","hentry","category-weiterbildung","tag-aus-weiterbildung","tag-bildungsprojekt","tag-ict-berufsbildung","tag-ki","tag-unternehmen"],"acf":[],"yoast_head":"<!-- This site is optimized with the Yoast SEO plugin v27.5 - https:\/\/yoast.com\/product\/yoast-seo-wordpress\/ -->\n<title>Neuer eidgen\u00f6ssischer KI-Abschluss st\u00e4rkt Wirtschaft - Organisator<\/title>\n<meta name=\"description\" content=\"Die nationale Organisation der Arbeitswelt (OdA) ICT-Berufsbildung Schweiz lanciert in Zusammenarbeit mit Huawei ein Bildungsprojekt.\" \/>\n<meta name=\"robots\" content=\"index, follow, max-snippet:-1, max-image-preview:large, max-video-preview:-1\" \/>\n<link rel=\"canonical\" href=\"https:\/\/www.organisator.ch\/fr\/formation-continue-2\/2024-08-29\/neuer-eidgenoessischer-ki-abschluss-staerkt-wirtschaft\/\" \/>\n<meta property=\"og:locale\" content=\"fr_FR\" \/>\n<meta property=\"og:type\" content=\"article\" \/>\n<meta property=\"og:title\" content=\"Neuer eidgen\u00f6ssischer KI-Abschluss st\u00e4rkt Wirtschaft\" \/>\n<meta property=\"og:description\" content=\"Die nationale Organisation der Arbeitswelt (OdA) ICT-Berufsbildung Schweiz lanciert in Zusammenarbeit mit Huawei ein Bildungsprojekt.\" \/>\n<meta property=\"og:url\" content=\"https:\/\/www.organisator.ch\/fr\/formation-continue-2\/2024-08-29\/neuer-eidgenoessischer-ki-abschluss-staerkt-wirtschaft\/\" \/>\n<meta property=\"og:site_name\" content=\"Organisator\" \/>\n<meta property=\"article:publisher\" content=\"https:\/\/www.facebook.com\/OrganisatorFachmagazin\" \/>\n<meta property=\"article:published_time\" content=\"2024-08-29T04:43:45+00:00\" \/>\n<meta property=\"og:image\" content=\"https:\/\/www.organisator.ch\/wp-content\/uploads\/2024\/08\/KI-Abschluss_Bild1_ps.jpg\" \/>\n\t<meta property=\"og:image:width\" content=\"680\" \/>\n\t<meta property=\"og:image:height\" content=\"454\" \/>\n\t<meta property=\"og:image:type\" content=\"image\/jpeg\" \/>\n<meta name=\"author\" content=\"Adelisa Kalajdzini\" \/>\n<meta name=\"twitter:card\" content=\"summary_large_image\" \/>\n<meta name=\"twitter:title\" content=\"Neuer eidgen\u00f6ssischer KI-Abschluss st\u00e4rkt Wirtschaft\" \/>\n<meta name=\"twitter:description\" content=\"Die nationale #Organisation der #Arbeitswelt (OdA) #ICT-Berufsbildung Schweiz lanciert in #Zusammenarbeit mit #Huawei ein #Bildungsprojekt.\" \/>\n<meta name=\"twitter:image\" content=\"https:\/\/www.organisator.ch\/wp-content\/uploads\/2024\/08\/KI-Abschluss_Bild1_ps.jpg\" \/>\n<script type=\"application\/ld+json\" class=\"yoast-schema-graph\">{\"@context\":\"https:\\\/\\\/schema.org\",\"@graph\":[{\"@type\":\"Article\",\"@id\":\"https:\\\/\\\/www.organisator.ch\\\/weiterbildung\\\/2024-08-29\\\/neuer-eidgenoessischer-ki-abschluss-staerkt-wirtschaft\\\/#article\",\"isPartOf\":{\"@id\":\"https:\\\/\\\/www.organisator.ch\\\/weiterbildung\\\/2024-08-29\\\/neuer-eidgenoessischer-ki-abschluss-staerkt-wirtschaft\\\/\"},\"author\":{\"name\":\"Adelisa Kalajdzini\",\"@id\":\"https:\\\/\\\/www.organisator.ch\\\/#\\\/schema\\\/person\\\/2e1314a2172123f874db408d8911d3f3\"},\"headline\":\"Neuer eidgen\u00f6ssischer KI-Abschluss st\u00e4rkt Wirtschaft\",\"datePublished\":\"2024-08-29T04:43:45+00:00\",\"mainEntityOfPage\":{\"@id\":\"https:\\\/\\\/www.organisator.ch\\\/weiterbildung\\\/2024-08-29\\\/neuer-eidgenoessischer-ki-abschluss-staerkt-wirtschaft\\\/\"},\"wordCount\":437,\"publisher\":{\"@id\":\"https:\\\/\\\/www.organisator.ch\\\/#organization\"},\"image\":{\"@id\":\"https:\\\/\\\/www.organisator.ch\\\/weiterbildung\\\/2024-08-29\\\/neuer-eidgenoessischer-ki-abschluss-staerkt-wirtschaft\\\/#primaryimage\"},\"thumbnailUrl\":\"https:\\\/\\\/www.organisator.ch\\\/wp-content\\\/uploads\\\/2024\\\/08\\\/KI-Abschluss_Bild1_ps.jpg\",\"keywords\":[\"Aus-\\\/Weiterbildung\",\"Bildungsprojekt\",\"ICT-Berufsbildung\",\"KI\",\"Unternehmen\"],\"articleSection\":[\"WEITERBILDUNG\"],\"inLanguage\":\"fr-FR\"},{\"@type\":\"WebPage\",\"@id\":\"https:\\\/\\\/www.organisator.ch\\\/weiterbildung\\\/2024-08-29\\\/neuer-eidgenoessischer-ki-abschluss-staerkt-wirtschaft\\\/\",\"url\":\"https:\\\/\\\/www.organisator.ch\\\/weiterbildung\\\/2024-08-29\\\/neuer-eidgenoessischer-ki-abschluss-staerkt-wirtschaft\\\/\",\"name\":\"Neuer eidgen\u00f6ssischer KI-Abschluss st\u00e4rkt Wirtschaft - Organisator\",\"isPartOf\":{\"@id\":\"https:\\\/\\\/www.organisator.ch\\\/#website\"},\"primaryImageOfPage\":{\"@id\":\"https:\\\/\\\/www.organisator.ch\\\/weiterbildung\\\/2024-08-29\\\/neuer-eidgenoessischer-ki-abschluss-staerkt-wirtschaft\\\/#primaryimage\"},\"image\":{\"@id\":\"https:\\\/\\\/www.organisator.ch\\\/weiterbildung\\\/2024-08-29\\\/neuer-eidgenoessischer-ki-abschluss-staerkt-wirtschaft\\\/#primaryimage\"},\"thumbnailUrl\":\"https:\\\/\\\/www.organisator.ch\\\/wp-content\\\/uploads\\\/2024\\\/08\\\/KI-Abschluss_Bild1_ps.jpg\",\"datePublished\":\"2024-08-29T04:43:45+00:00\",\"description\":\"Die nationale Organisation der Arbeitswelt (OdA) ICT-Berufsbildung Schweiz lanciert in Zusammenarbeit mit Huawei ein Bildungsprojekt.\",\"breadcrumb\":{\"@id\":\"https:\\\/\\\/www.organisator.ch\\\/weiterbildung\\\/2024-08-29\\\/neuer-eidgenoessischer-ki-abschluss-staerkt-wirtschaft\\\/#breadcrumb\"},\"inLanguage\":\"fr-FR\",\"potentialAction\":[{\"@type\":\"ReadAction\",\"target\":[\"https:\\\/\\\/www.organisator.ch\\\/weiterbildung\\\/2024-08-29\\\/neuer-eidgenoessischer-ki-abschluss-staerkt-wirtschaft\\\/\"]}]},{\"@type\":\"ImageObject\",\"inLanguage\":\"fr-FR\",\"@id\":\"https:\\\/\\\/www.organisator.ch\\\/weiterbildung\\\/2024-08-29\\\/neuer-eidgenoessischer-ki-abschluss-staerkt-wirtschaft\\\/#primaryimage\",\"url\":\"https:\\\/\\\/www.organisator.ch\\\/wp-content\\\/uploads\\\/2024\\\/08\\\/KI-Abschluss_Bild1_ps.jpg\",\"contentUrl\":\"https:\\\/\\\/www.organisator.ch\\\/wp-content\\\/uploads\\\/2024\\\/08\\\/KI-Abschluss_Bild1_ps.jpg\",\"width\":680,\"height\":454,\"caption\":\"Die nationale Organisation der Arbeitswelt (OdA) ICT-Berufsbildung Schweiz lanciert in Zusammenarbeit mit Huawei ein Bildungsprojekt. (Bild: www.depositphotos.com)\"},{\"@type\":\"BreadcrumbList\",\"@id\":\"https:\\\/\\\/www.organisator.ch\\\/weiterbildung\\\/2024-08-29\\\/neuer-eidgenoessischer-ki-abschluss-staerkt-wirtschaft\\\/#breadcrumb\",\"itemListElement\":[{\"@type\":\"ListItem\",\"position\":1,\"name\":\"Home\",\"item\":\"https:\\\/\\\/www.organisator.ch\\\/\"},{\"@type\":\"ListItem\",\"position\":2,\"name\":\"Neuer eidgen\u00f6ssischer KI-Abschluss st\u00e4rkt Wirtschaft\"}]},{\"@type\":\"WebSite\",\"@id\":\"https:\\\/\\\/www.organisator.ch\\\/#website\",\"url\":\"https:\\\/\\\/www.organisator.ch\\\/\",\"name\":\"Organisator\",\"description\":\"Kompetent. Praxisnah. Der ORGANISATOR bereitet in 10 Ausgaben pro Jahr die wesentlichen Themen f\u00fcr F\u00fchrungskr\u00e4fte von KMU auf.\",\"publisher\":{\"@id\":\"https:\\\/\\\/www.organisator.ch\\\/#organization\"},\"potentialAction\":[{\"@type\":\"SearchAction\",\"target\":{\"@type\":\"EntryPoint\",\"urlTemplate\":\"https:\\\/\\\/www.organisator.ch\\\/?s={search_term_string}\"},\"query-input\":{\"@type\":\"PropertyValueSpecification\",\"valueRequired\":true,\"valueName\":\"search_term_string\"}}],\"inLanguage\":\"fr-FR\"},{\"@type\":\"Organization\",\"@id\":\"https:\\\/\\\/www.organisator.ch\\\/#organization\",\"name\":\"Organisator\",\"url\":\"https:\\\/\\\/www.organisator.ch\\\/\",\"logo\":{\"@type\":\"ImageObject\",\"inLanguage\":\"fr-FR\",\"@id\":\"https:\\\/\\\/www.organisator.ch\\\/#\\\/schema\\\/logo\\\/image\\\/\",\"url\":\"https:\\\/\\\/www.organisator.ch\\\/wp-content\\\/uploads\\\/2022\\\/01\\\/Logo_Organisator_Website.png\",\"contentUrl\":\"https:\\\/\\\/www.organisator.ch\\\/wp-content\\\/uploads\\\/2022\\\/01\\\/Logo_Organisator_Website.png\",\"width\":800,\"height\":77,\"caption\":\"Organisator\"},\"image\":{\"@id\":\"https:\\\/\\\/www.organisator.ch\\\/#\\\/schema\\\/logo\\\/image\\\/\"},\"sameAs\":[\"https:\\\/\\\/www.facebook.com\\\/OrganisatorFachmagazin\",\"https:\\\/\\\/www.linkedin.com\\\/showcase\\\/organisator-das-magazin-fr-kmu\",\"https:\\\/\\\/www.xing.com\\\/news\\\/pages\\\/organisator-ch-695\",\"https:\\\/\\\/www.youtube.com\\\/channel\\\/UCGP2Sq0iWaZwT3BdIAQFYpw\"]},{\"@type\":\"Person\",\"@id\":\"https:\\\/\\\/www.organisator.ch\\\/#\\\/schema\\\/person\\\/2e1314a2172123f874db408d8911d3f3\",\"name\":\"Adelisa Kalajdzini\",\"image\":{\"@type\":\"ImageObject\",\"inLanguage\":\"fr-FR\",\"@id\":\"https:\\\/\\\/secure.gravatar.com\\\/avatar\\\/09a397c22ac58cad6f160ee8306348599df9df58a8ede73696226897b9fa4b24?s=96&d=mm&r=g\",\"url\":\"https:\\\/\\\/secure.gravatar.com\\\/avatar\\\/09a397c22ac58cad6f160ee8306348599df9df58a8ede73696226897b9fa4b24?s=96&d=mm&r=g\",\"contentUrl\":\"https:\\\/\\\/secure.gravatar.com\\\/avatar\\\/09a397c22ac58cad6f160ee8306348599df9df58a8ede73696226897b9fa4b24?s=96&d=mm&r=g\",\"caption\":\"Adelisa Kalajdzini\"},\"url\":\"https:\\\/\\\/www.organisator.ch\\\/fr\\\/author\\\/adelisa-kalajdzini\\\/\"}]}<\/script>\n<!-- \/ Yoast SEO plugin. -->","yoast_head_json":{"title":"Le nouveau dipl\u00f4me f\u00e9d\u00e9ral en intelligence artificielle renforce l'\u00e9conomie - Organisateur","description":"L'organisation nationale du monde du travail (OrTra) Formation professionnelle TIC Suisse lance un projet de formation en collaboration avec Huawei.","robots":{"index":"index","follow":"follow","max-snippet":"max-snippet:-1","max-image-preview":"max-image-preview:large","max-video-preview":"max-video-preview:-1"},"canonical":"https:\/\/www.organisator.ch\/fr\/formation-continue-2\/2024-08-29\/neuer-eidgenoessischer-ki-abschluss-staerkt-wirtschaft\/","og_locale":"fr_FR","og_type":"article","og_title":"Neuer eidgen\u00f6ssischer KI-Abschluss st\u00e4rkt Wirtschaft","og_description":"Die nationale Organisation der Arbeitswelt (OdA) ICT-Berufsbildung Schweiz lanciert in Zusammenarbeit mit Huawei ein Bildungsprojekt.","og_url":"https:\/\/www.organisator.ch\/fr\/formation-continue-2\/2024-08-29\/neuer-eidgenoessischer-ki-abschluss-staerkt-wirtschaft\/","og_site_name":"Organisator","article_publisher":"https:\/\/www.facebook.com\/OrganisatorFachmagazin","article_published_time":"2024-08-29T04:43:45+00:00","og_image":[{"width":680,"height":454,"url":"https:\/\/www.organisator.ch\/wp-content\/uploads\/2024\/08\/KI-Abschluss_Bild1_ps.jpg","type":"image\/jpeg"}],"author":"Adelisa Kalajdzini","twitter_card":"summary_large_image","twitter_title":"Neuer eidgen\u00f6ssischer KI-Abschluss st\u00e4rkt Wirtschaft","twitter_description":"Die nationale #Organisation der #Arbeitswelt (OdA) #ICT-Berufsbildung Schweiz lanciert in #Zusammenarbeit mit #Huawei ein #Bildungsprojekt.","twitter_image":"https:\/\/www.organisator.ch\/wp-content\/uploads\/2024\/08\/KI-Abschluss_Bild1_ps.jpg","schema":{"@context":"https:\/\/schema.org","@graph":[{"@type":"Article","@id":"https:\/\/www.organisator.ch\/weiterbildung\/2024-08-29\/neuer-eidgenoessischer-ki-abschluss-staerkt-wirtschaft\/#article","isPartOf":{"@id":"https:\/\/www.organisator.ch\/weiterbildung\/2024-08-29\/neuer-eidgenoessischer-ki-abschluss-staerkt-wirtschaft\/"},"author":{"name":"Adelisa Kalajdzini","@id":"https:\/\/www.organisator.ch\/#\/schema\/person\/2e1314a2172123f874db408d8911d3f3"},"headline":"Neuer eidgen\u00f6ssischer KI-Abschluss st\u00e4rkt Wirtschaft","datePublished":"2024-08-29T04:43:45+00:00","mainEntityOfPage":{"@id":"https:\/\/www.organisator.ch\/weiterbildung\/2024-08-29\/neuer-eidgenoessischer-ki-abschluss-staerkt-wirtschaft\/"},"wordCount":437,"publisher":{"@id":"https:\/\/www.organisator.ch\/#organization"},"image":{"@id":"https:\/\/www.organisator.ch\/weiterbildung\/2024-08-29\/neuer-eidgenoessischer-ki-abschluss-staerkt-wirtschaft\/#primaryimage"},"thumbnailUrl":"https:\/\/www.organisator.ch\/wp-content\/uploads\/2024\/08\/KI-Abschluss_Bild1_ps.jpg","keywords":["Aus-\/Weiterbildung","Bildungsprojekt","ICT-Berufsbildung","KI","Unternehmen"],"articleSection":["WEITERBILDUNG"],"inLanguage":"fr-FR"},{"@type":"WebPage","@id":"https:\/\/www.organisator.ch\/weiterbildung\/2024-08-29\/neuer-eidgenoessischer-ki-abschluss-staerkt-wirtschaft\/","url":"https:\/\/www.organisator.ch\/weiterbildung\/2024-08-29\/neuer-eidgenoessischer-ki-abschluss-staerkt-wirtschaft\/","name":"Le nouveau dipl\u00f4me f\u00e9d\u00e9ral en intelligence artificielle renforce l'\u00e9conomie - Organisateur","isPartOf":{"@id":"https:\/\/www.organisator.ch\/#website"},"primaryImageOfPage":{"@id":"https:\/\/www.organisator.ch\/weiterbildung\/2024-08-29\/neuer-eidgenoessischer-ki-abschluss-staerkt-wirtschaft\/#primaryimage"},"image":{"@id":"https:\/\/www.organisator.ch\/weiterbildung\/2024-08-29\/neuer-eidgenoessischer-ki-abschluss-staerkt-wirtschaft\/#primaryimage"},"thumbnailUrl":"https:\/\/www.organisator.ch\/wp-content\/uploads\/2024\/08\/KI-Abschluss_Bild1_ps.jpg","datePublished":"2024-08-29T04:43:45+00:00","description":"L'organisation nationale du monde du travail (OrTra) Formation professionnelle TIC Suisse lance un projet de formation en collaboration avec Huawei.","breadcrumb":{"@id":"https:\/\/www.organisator.ch\/weiterbildung\/2024-08-29\/neuer-eidgenoessischer-ki-abschluss-staerkt-wirtschaft\/#breadcrumb"},"inLanguage":"fr-FR","potentialAction":[{"@type":"ReadAction","target":["https:\/\/www.organisator.ch\/weiterbildung\/2024-08-29\/neuer-eidgenoessischer-ki-abschluss-staerkt-wirtschaft\/"]}]},{"@type":"ImageObject","inLanguage":"fr-FR","@id":"https:\/\/www.organisator.ch\/weiterbildung\/2024-08-29\/neuer-eidgenoessischer-ki-abschluss-staerkt-wirtschaft\/#primaryimage","url":"https:\/\/www.organisator.ch\/wp-content\/uploads\/2024\/08\/KI-Abschluss_Bild1_ps.jpg","contentUrl":"https:\/\/www.organisator.ch\/wp-content\/uploads\/2024\/08\/KI-Abschluss_Bild1_ps.jpg","width":680,"height":454,"caption":"Die nationale Organisation der Arbeitswelt (OdA) ICT-Berufsbildung Schweiz lanciert in Zusammenarbeit mit Huawei ein Bildungsprojekt. (Bild: www.depositphotos.com)"},{"@type":"BreadcrumbList","@id":"https:\/\/www.organisator.ch\/weiterbildung\/2024-08-29\/neuer-eidgenoessischer-ki-abschluss-staerkt-wirtschaft\/#breadcrumb","itemListElement":[{"@type":"ListItem","position":1,"name":"Home","item":"https:\/\/www.organisator.ch\/"},{"@type":"ListItem","position":2,"name":"Neuer eidgen\u00f6ssischer KI-Abschluss st\u00e4rkt Wirtschaft"}]},{"@type":"WebSite","@id":"https:\/\/www.organisator.ch\/#website","url":"https:\/\/www.organisator.ch\/","name":"Organisateur","description":"Comp\u00e9tence et comp\u00e9tence. Proches de la pratique. L'ORGANISATEUR pr\u00e9pare 10 num\u00e9ros par an sur les th\u00e8mes essentiels pour les dirigeants de PME.","publisher":{"@id":"https:\/\/www.organisator.ch\/#organization"},"potentialAction":[{"@type":"SearchAction","target":{"@type":"EntryPoint","urlTemplate":"https:\/\/www.organisator.ch\/?s={search_term_string}"},"query-input":{"@type":"PropertyValueSpecification","valueRequired":true,"valueName":"search_term_string"}}],"inLanguage":"fr-FR"},{"@type":"Organization","@id":"https:\/\/www.organisator.ch\/#organization","name":"Organisateur","url":"https:\/\/www.organisator.ch\/","logo":{"@type":"ImageObject","inLanguage":"fr-FR","@id":"https:\/\/www.organisator.ch\/#\/schema\/logo\/image\/","url":"https:\/\/www.organisator.ch\/wp-content\/uploads\/2022\/01\/Logo_Organisator_Website.png","contentUrl":"https:\/\/www.organisator.ch\/wp-content\/uploads\/2022\/01\/Logo_Organisator_Website.png","width":800,"height":77,"caption":"Organisator"},"image":{"@id":"https:\/\/www.organisator.ch\/#\/schema\/logo\/image\/"},"sameAs":["https:\/\/www.facebook.com\/OrganisatorFachmagazin","https:\/\/www.linkedin.com\/showcase\/organisator-das-magazin-fr-kmu","https:\/\/www.xing.com\/news\/pages\/organisator-ch-695","https:\/\/www.youtube.com\/channel\/UCGP2Sq0iWaZwT3BdIAQFYpw"]},{"@type":"Person","@id":"https:\/\/www.organisator.ch\/#\/schema\/person\/2e1314a2172123f874db408d8911d3f3","name":"Adelisa Kalajdzini","image":{"@type":"ImageObject","inLanguage":"fr-FR","@id":"https:\/\/secure.gravatar.com\/avatar\/09a397c22ac58cad6f160ee8306348599df9df58a8ede73696226897b9fa4b24?s=96&d=mm&r=g","url":"https:\/\/secure.gravatar.com\/avatar\/09a397c22ac58cad6f160ee8306348599df9df58a8ede73696226897b9fa4b24?s=96&d=mm&r=g","contentUrl":"https:\/\/secure.gravatar.com\/avatar\/09a397c22ac58cad6f160ee8306348599df9df58a8ede73696226897b9fa4b24?s=96&d=mm&r=g","caption":"Adelisa Kalajdzini"},"url":"https:\/\/www.organisator.ch\/fr\/author\/adelisa-kalajdzini\/"}]}},"_links":{"self":[{"href":"https:\/\/www.organisator.ch\/fr\/wp-json\/wp\/v2\/posts\/29374","targetHints":{"allow":["GET"]}}],"collection":[{"href":"https:\/\/www.organisator.ch\/fr\/wp-json\/wp\/v2\/posts"}],"about":[{"href":"https:\/\/www.organisator.ch\/fr\/wp-json\/wp\/v2\/types\/post"}],"author":[{"embeddable":true,"href":"https:\/\/www.organisator.ch\/fr\/wp-json\/wp\/v2\/users\/58"}],"replies":[{"embeddable":true,"href":"https:\/\/www.organisator.ch\/fr\/wp-json\/wp\/v2\/comments?post=29374"}],"version-history":[{"count":5,"href":"https:\/\/www.organisator.ch\/fr\/wp-json\/wp\/v2\/posts\/29374\/revisions"}],"predecessor-version":[{"id":29432,"href":"https:\/\/www.organisator.ch\/fr\/wp-json\/wp\/v2\/posts\/29374\/revisions\/29432"}],"wp:featuredmedia":[{"embeddable":true,"href":"https:\/\/www.organisator.ch\/fr\/wp-json\/wp\/v2\/media\/29376"}],"wp:attachment":[{"href":"https:\/\/www.organisator.ch\/fr\/wp-json\/wp\/v2\/media?parent=29374"}],"wp:term":[{"taxonomy":"category","embeddable":true,"href":"https:\/\/www.organisator.ch\/fr\/wp-json\/wp\/v2\/categories?post=29374"},{"taxonomy":"post_tag","embeddable":true,"href":"https:\/\/www.organisator.ch\/fr\/wp-json\/wp\/v2\/tags?post=29374"}],"curies":[{"name":"wp","href":"https:\/\/api.w.org\/{rel}","templated":true}]}}