{"id":29405,"date":"2024-08-28T13:18:31","date_gmt":"2024-08-28T11:18:31","guid":{"rendered":"https:\/\/www.markt-kom.com\/?p=222352"},"modified":"2024-11-08T12:15:24","modified_gmt":"2024-11-08T11:15:24","slug":"konnex-kommuniziert-neu-fuer-salt-mobile","status":"publish","type":"post","link":"https:\/\/www.organisator.ch\/fr\/marketing\/2024-08-28\/konnex-kommuniziert-neu-fuer-salt-mobile\/","title":{"rendered":"Konnex communique d\u00e9sormais pour Salt Mobile"},"content":{"rendered":"<p><img class=\"aligncenter wp-image-222353 size-full\" src=\"https:\/\/www.markt-kom.com\/wp-content\/uploads\/2024\/08\/Salt-logo.jpg\" alt=\"Connex\" width=\"1200\" height=\"900\" \/><\/p>\r\n<p>Depuis l'automne 2023 d\u00e9j\u00e0, Konnex collabore avec Salt, le troisi\u00e8me op\u00e9rateur de t\u00e9l\u00e9communications de Suisse. Dans le cadre de cette collaboration, l'agence de Winterthour se concentre sur la planification, la mise en \u0153uvre et l'analyse de campagnes multicanaux - tant au niveau national que r\u00e9gional.<\/p>\r\n<p>Pour l'\u00e9quipe de Konnex, Salt est un ajout important \u00e0 son portefeuille, \u00e9crit l'agence dans un communiqu\u00e9. Elle veut s'engager avec beaucoup de plaisir et d'\u00e9lan pour atteindre les objectifs de la campagne et positionner Salt avec encore plus de succ\u00e8s sur le march\u00e9 suisse.<\/p>","protected":false},"excerpt":{"rendered":"<p>Apr\u00e8s un processus en plusieurs \u00e9tapes qui a dur\u00e9 plusieurs mois, l'agence Konnex a remport\u00e9 le mandat de Salt-Mobile.<\/p>","protected":false},"author":8,"featured_media":0,"comment_status":"closed","ping_status":"closed","sticky":false,"template":"","format":"standard","meta":{"_acf_changed":false,"_yoast_wpseo_focuskw":"Konnex","_yoast_wpseo_metadesc":"Konnex und Salt arbeiten seit Herbst 2023 an Multichannel-Kampagnen zur erfolgreichen Positionierung im Schweizer Markt.","articlekey":"","footnotes":""},"categories":[29],"tags":[2855,4408,3345,479],"class_list":["post-29405","post","type-post","status-publish","format-standard","hentry","category-marketing","tag-etats","tag-konnex","tag-salt","tag-telekommunikation"],"acf":[],"yoast_head":"<!-- This site is optimized with the Yoast SEO plugin v27.5 - https:\/\/yoast.com\/product\/yoast-seo-wordpress\/ -->\n<title>Konnex kommuniziert neu f\u00fcr Salt Mobile - Organisator<\/title>\n<meta name=\"description\" content=\"Konnex und Salt arbeiten seit Herbst 2023 an Multichannel-Kampagnen zur erfolgreichen Positionierung im Schweizer Markt.\" \/>\n<meta name=\"robots\" content=\"index, follow, max-snippet:-1, max-image-preview:large, max-video-preview:-1\" \/>\n<link rel=\"canonical\" href=\"https:\/\/www.organisator.ch\/fr\/marketing\/2024-08-28\/konnex-kommuniziert-neu-fuer-salt-mobile\/\" \/>\n<meta property=\"og:locale\" content=\"fr_FR\" \/>\n<meta property=\"og:type\" content=\"article\" \/>\n<meta property=\"og:title\" content=\"Konnex kommuniziert neu f\u00fcr Salt Mobile - Organisator\" \/>\n<meta property=\"og:description\" content=\"Konnex und Salt arbeiten seit Herbst 2023 an Multichannel-Kampagnen zur erfolgreichen Positionierung im Schweizer Markt.\" \/>\n<meta property=\"og:url\" content=\"https:\/\/www.organisator.ch\/fr\/marketing\/2024-08-28\/konnex-kommuniziert-neu-fuer-salt-mobile\/\" \/>\n<meta property=\"og:site_name\" content=\"Organisator\" \/>\n<meta property=\"article:publisher\" content=\"https:\/\/www.facebook.com\/OrganisatorFachmagazin\" \/>\n<meta property=\"article:published_time\" content=\"2024-08-28T11:18:31+00:00\" \/>\n<meta property=\"article:modified_time\" content=\"2024-11-08T11:15:24+00:00\" \/>\n<meta property=\"og:image\" content=\"https:\/\/www.markt-kom.com\/wp-content\/uploads\/2024\/08\/Salt-logo.jpg\" \/>\n<meta name=\"author\" content=\"galledia\" \/>\n<meta name=\"twitter:card\" content=\"summary_large_image\" \/>\n<meta name=\"twitter:creator\" content=\"@admin\" \/>\n<script type=\"application\/ld+json\" class=\"yoast-schema-graph\">{\"@context\":\"https:\\\/\\\/schema.org\",\"@graph\":[{\"@type\":\"Article\",\"@id\":\"https:\\\/\\\/www.organisator.ch\\\/marketing\\\/2024-08-28\\\/konnex-kommuniziert-neu-fuer-salt-mobile\\\/#article\",\"isPartOf\":{\"@id\":\"https:\\\/\\\/www.organisator.ch\\\/marketing\\\/2024-08-28\\\/konnex-kommuniziert-neu-fuer-salt-mobile\\\/\"},\"author\":{\"name\":\"galledia\",\"@id\":\"https:\\\/\\\/www.organisator.ch\\\/#\\\/schema\\\/person\\\/4e51799071cd2dd1232ac003643ef5f0\"},\"headline\":\"Konnex kommuniziert neu f\u00fcr Salt Mobile\",\"datePublished\":\"2024-08-28T11:18:31+00:00\",\"dateModified\":\"2024-11-08T11:15:24+00:00\",\"mainEntityOfPage\":{\"@id\":\"https:\\\/\\\/www.organisator.ch\\\/marketing\\\/2024-08-28\\\/konnex-kommuniziert-neu-fuer-salt-mobile\\\/\"},\"wordCount\":87,\"publisher\":{\"@id\":\"https:\\\/\\\/www.organisator.ch\\\/#organization\"},\"image\":{\"@id\":\"https:\\\/\\\/www.organisator.ch\\\/marketing\\\/2024-08-28\\\/konnex-kommuniziert-neu-fuer-salt-mobile\\\/#primaryimage\"},\"thumbnailUrl\":\"https:\\\/\\\/www.markt-kom.com\\\/wp-content\\\/uploads\\\/2024\\\/08\\\/Salt-logo.jpg\",\"keywords\":[\"Etats\",\"Konnex\",\"Salt\",\"Telekommunikation\"],\"articleSection\":[\"MARKETING\"],\"inLanguage\":\"fr-FR\"},{\"@type\":\"WebPage\",\"@id\":\"https:\\\/\\\/www.organisator.ch\\\/marketing\\\/2024-08-28\\\/konnex-kommuniziert-neu-fuer-salt-mobile\\\/\",\"url\":\"https:\\\/\\\/www.organisator.ch\\\/marketing\\\/2024-08-28\\\/konnex-kommuniziert-neu-fuer-salt-mobile\\\/\",\"name\":\"Konnex kommuniziert neu f\u00fcr Salt Mobile - Organisator\",\"isPartOf\":{\"@id\":\"https:\\\/\\\/www.organisator.ch\\\/#website\"},\"primaryImageOfPage\":{\"@id\":\"https:\\\/\\\/www.organisator.ch\\\/marketing\\\/2024-08-28\\\/konnex-kommuniziert-neu-fuer-salt-mobile\\\/#primaryimage\"},\"image\":{\"@id\":\"https:\\\/\\\/www.organisator.ch\\\/marketing\\\/2024-08-28\\\/konnex-kommuniziert-neu-fuer-salt-mobile\\\/#primaryimage\"},\"thumbnailUrl\":\"https:\\\/\\\/www.markt-kom.com\\\/wp-content\\\/uploads\\\/2024\\\/08\\\/Salt-logo.jpg\",\"datePublished\":\"2024-08-28T11:18:31+00:00\",\"dateModified\":\"2024-11-08T11:15:24+00:00\",\"description\":\"Konnex und Salt arbeiten seit Herbst 2023 an Multichannel-Kampagnen zur erfolgreichen Positionierung im Schweizer Markt.\",\"breadcrumb\":{\"@id\":\"https:\\\/\\\/www.organisator.ch\\\/marketing\\\/2024-08-28\\\/konnex-kommuniziert-neu-fuer-salt-mobile\\\/#breadcrumb\"},\"inLanguage\":\"fr-FR\",\"potentialAction\":[{\"@type\":\"ReadAction\",\"target\":[\"https:\\\/\\\/www.organisator.ch\\\/marketing\\\/2024-08-28\\\/konnex-kommuniziert-neu-fuer-salt-mobile\\\/\"]}]},{\"@type\":\"ImageObject\",\"inLanguage\":\"fr-FR\",\"@id\":\"https:\\\/\\\/www.organisator.ch\\\/marketing\\\/2024-08-28\\\/konnex-kommuniziert-neu-fuer-salt-mobile\\\/#primaryimage\",\"url\":\"https:\\\/\\\/www.markt-kom.com\\\/wp-content\\\/uploads\\\/2024\\\/08\\\/Salt-logo.jpg\",\"contentUrl\":\"https:\\\/\\\/www.markt-kom.com\\\/wp-content\\\/uploads\\\/2024\\\/08\\\/Salt-logo.jpg\"},{\"@type\":\"BreadcrumbList\",\"@id\":\"https:\\\/\\\/www.organisator.ch\\\/marketing\\\/2024-08-28\\\/konnex-kommuniziert-neu-fuer-salt-mobile\\\/#breadcrumb\",\"itemListElement\":[{\"@type\":\"ListItem\",\"position\":1,\"name\":\"Home\",\"item\":\"https:\\\/\\\/www.organisator.ch\\\/\"},{\"@type\":\"ListItem\",\"position\":2,\"name\":\"Konnex kommuniziert neu f\u00fcr Salt Mobile\"}]},{\"@type\":\"WebSite\",\"@id\":\"https:\\\/\\\/www.organisator.ch\\\/#website\",\"url\":\"https:\\\/\\\/www.organisator.ch\\\/\",\"name\":\"Organisator\",\"description\":\"Kompetent. Praxisnah. Der ORGANISATOR bereitet in 10 Ausgaben pro Jahr die wesentlichen Themen f\u00fcr F\u00fchrungskr\u00e4fte von KMU auf.\",\"publisher\":{\"@id\":\"https:\\\/\\\/www.organisator.ch\\\/#organization\"},\"potentialAction\":[{\"@type\":\"SearchAction\",\"target\":{\"@type\":\"EntryPoint\",\"urlTemplate\":\"https:\\\/\\\/www.organisator.ch\\\/?s={search_term_string}\"},\"query-input\":{\"@type\":\"PropertyValueSpecification\",\"valueRequired\":true,\"valueName\":\"search_term_string\"}}],\"inLanguage\":\"fr-FR\"},{\"@type\":\"Organization\",\"@id\":\"https:\\\/\\\/www.organisator.ch\\\/#organization\",\"name\":\"Organisator\",\"url\":\"https:\\\/\\\/www.organisator.ch\\\/\",\"logo\":{\"@type\":\"ImageObject\",\"inLanguage\":\"fr-FR\",\"@id\":\"https:\\\/\\\/www.organisator.ch\\\/#\\\/schema\\\/logo\\\/image\\\/\",\"url\":\"https:\\\/\\\/www.organisator.ch\\\/wp-content\\\/uploads\\\/2022\\\/01\\\/Logo_Organisator_Website.png\",\"contentUrl\":\"https:\\\/\\\/www.organisator.ch\\\/wp-content\\\/uploads\\\/2022\\\/01\\\/Logo_Organisator_Website.png\",\"width\":800,\"height\":77,\"caption\":\"Organisator\"},\"image\":{\"@id\":\"https:\\\/\\\/www.organisator.ch\\\/#\\\/schema\\\/logo\\\/image\\\/\"},\"sameAs\":[\"https:\\\/\\\/www.facebook.com\\\/OrganisatorFachmagazin\",\"https:\\\/\\\/www.linkedin.com\\\/showcase\\\/organisator-das-magazin-fr-kmu\",\"https:\\\/\\\/www.xing.com\\\/news\\\/pages\\\/organisator-ch-695\",\"https:\\\/\\\/www.youtube.com\\\/channel\\\/UCGP2Sq0iWaZwT3BdIAQFYpw\"]},{\"@type\":\"Person\",\"@id\":\"https:\\\/\\\/www.organisator.ch\\\/#\\\/schema\\\/person\\\/4e51799071cd2dd1232ac003643ef5f0\",\"name\":\"galledia\",\"image\":{\"@type\":\"ImageObject\",\"inLanguage\":\"fr-FR\",\"@id\":\"https:\\\/\\\/secure.gravatar.com\\\/avatar\\\/78a7f90c01fc2bfc875782a0d4922b37cde2cf184ce347b91316d23cd7f69a36?s=96&d=mm&r=g\",\"url\":\"https:\\\/\\\/secure.gravatar.com\\\/avatar\\\/78a7f90c01fc2bfc875782a0d4922b37cde2cf184ce347b91316d23cd7f69a36?s=96&d=mm&r=g\",\"contentUrl\":\"https:\\\/\\\/secure.gravatar.com\\\/avatar\\\/78a7f90c01fc2bfc875782a0d4922b37cde2cf184ce347b91316d23cd7f69a36?s=96&d=mm&r=g\",\"caption\":\"galledia\"},\"sameAs\":[\"https:\\\/\\\/x.com\\\/admin\"],\"url\":\"https:\\\/\\\/www.organisator.ch\\\/fr\\\/author\\\/galledia\\\/\"}]}<\/script>\n<!-- \/ Yoast SEO plugin. -->","yoast_head_json":{"title":"Konnex communique d\u00e9sormais pour Salt Mobile - Organisateur","description":"Konnex et Salt travaillent depuis l'automne 2023 sur des campagnes multicanaux pour se positionner avec succ\u00e8s sur le march\u00e9 suisse.","robots":{"index":"index","follow":"follow","max-snippet":"max-snippet:-1","max-image-preview":"max-image-preview:large","max-video-preview":"max-video-preview:-1"},"canonical":"https:\/\/www.organisator.ch\/fr\/marketing\/2024-08-28\/konnex-kommuniziert-neu-fuer-salt-mobile\/","og_locale":"fr_FR","og_type":"article","og_title":"Konnex kommuniziert neu f\u00fcr Salt Mobile - Organisator","og_description":"Konnex und Salt arbeiten seit Herbst 2023 an Multichannel-Kampagnen zur erfolgreichen Positionierung im Schweizer Markt.","og_url":"https:\/\/www.organisator.ch\/fr\/marketing\/2024-08-28\/konnex-kommuniziert-neu-fuer-salt-mobile\/","og_site_name":"Organisator","article_publisher":"https:\/\/www.facebook.com\/OrganisatorFachmagazin","article_published_time":"2024-08-28T11:18:31+00:00","article_modified_time":"2024-11-08T11:15:24+00:00","og_image":[{"url":"https:\/\/www.markt-kom.com\/wp-content\/uploads\/2024\/08\/Salt-logo.jpg","type":"","width":"","height":""}],"author":"galledia","twitter_card":"summary_large_image","twitter_creator":"@admin","schema":{"@context":"https:\/\/schema.org","@graph":[{"@type":"Article","@id":"https:\/\/www.organisator.ch\/marketing\/2024-08-28\/konnex-kommuniziert-neu-fuer-salt-mobile\/#article","isPartOf":{"@id":"https:\/\/www.organisator.ch\/marketing\/2024-08-28\/konnex-kommuniziert-neu-fuer-salt-mobile\/"},"author":{"name":"galledia","@id":"https:\/\/www.organisator.ch\/#\/schema\/person\/4e51799071cd2dd1232ac003643ef5f0"},"headline":"Konnex kommuniziert neu f\u00fcr Salt Mobile","datePublished":"2024-08-28T11:18:31+00:00","dateModified":"2024-11-08T11:15:24+00:00","mainEntityOfPage":{"@id":"https:\/\/www.organisator.ch\/marketing\/2024-08-28\/konnex-kommuniziert-neu-fuer-salt-mobile\/"},"wordCount":87,"publisher":{"@id":"https:\/\/www.organisator.ch\/#organization"},"image":{"@id":"https:\/\/www.organisator.ch\/marketing\/2024-08-28\/konnex-kommuniziert-neu-fuer-salt-mobile\/#primaryimage"},"thumbnailUrl":"https:\/\/www.markt-kom.com\/wp-content\/uploads\/2024\/08\/Salt-logo.jpg","keywords":["Etats","Konnex","Salt","Telekommunikation"],"articleSection":["MARKETING"],"inLanguage":"fr-FR"},{"@type":"WebPage","@id":"https:\/\/www.organisator.ch\/marketing\/2024-08-28\/konnex-kommuniziert-neu-fuer-salt-mobile\/","url":"https:\/\/www.organisator.ch\/marketing\/2024-08-28\/konnex-kommuniziert-neu-fuer-salt-mobile\/","name":"Konnex communique d\u00e9sormais pour Salt Mobile - Organisateur","isPartOf":{"@id":"https:\/\/www.organisator.ch\/#website"},"primaryImageOfPage":{"@id":"https:\/\/www.organisator.ch\/marketing\/2024-08-28\/konnex-kommuniziert-neu-fuer-salt-mobile\/#primaryimage"},"image":{"@id":"https:\/\/www.organisator.ch\/marketing\/2024-08-28\/konnex-kommuniziert-neu-fuer-salt-mobile\/#primaryimage"},"thumbnailUrl":"https:\/\/www.markt-kom.com\/wp-content\/uploads\/2024\/08\/Salt-logo.jpg","datePublished":"2024-08-28T11:18:31+00:00","dateModified":"2024-11-08T11:15:24+00:00","description":"Konnex et Salt travaillent depuis l'automne 2023 sur des campagnes multicanaux pour se positionner avec succ\u00e8s sur le march\u00e9 suisse.","breadcrumb":{"@id":"https:\/\/www.organisator.ch\/marketing\/2024-08-28\/konnex-kommuniziert-neu-fuer-salt-mobile\/#breadcrumb"},"inLanguage":"fr-FR","potentialAction":[{"@type":"ReadAction","target":["https:\/\/www.organisator.ch\/marketing\/2024-08-28\/konnex-kommuniziert-neu-fuer-salt-mobile\/"]}]},{"@type":"ImageObject","inLanguage":"fr-FR","@id":"https:\/\/www.organisator.ch\/marketing\/2024-08-28\/konnex-kommuniziert-neu-fuer-salt-mobile\/#primaryimage","url":"https:\/\/www.markt-kom.com\/wp-content\/uploads\/2024\/08\/Salt-logo.jpg","contentUrl":"https:\/\/www.markt-kom.com\/wp-content\/uploads\/2024\/08\/Salt-logo.jpg"},{"@type":"BreadcrumbList","@id":"https:\/\/www.organisator.ch\/marketing\/2024-08-28\/konnex-kommuniziert-neu-fuer-salt-mobile\/#breadcrumb","itemListElement":[{"@type":"ListItem","position":1,"name":"Home","item":"https:\/\/www.organisator.ch\/"},{"@type":"ListItem","position":2,"name":"Konnex kommuniziert neu f\u00fcr Salt Mobile"}]},{"@type":"WebSite","@id":"https:\/\/www.organisator.ch\/#website","url":"https:\/\/www.organisator.ch\/","name":"Organisateur","description":"Comp\u00e9tence et comp\u00e9tence. Proches de la pratique. L'ORGANISATEUR pr\u00e9pare 10 num\u00e9ros par an sur les th\u00e8mes essentiels pour les dirigeants de PME.","publisher":{"@id":"https:\/\/www.organisator.ch\/#organization"},"potentialAction":[{"@type":"SearchAction","target":{"@type":"EntryPoint","urlTemplate":"https:\/\/www.organisator.ch\/?s={search_term_string}"},"query-input":{"@type":"PropertyValueSpecification","valueRequired":true,"valueName":"search_term_string"}}],"inLanguage":"fr-FR"},{"@type":"Organization","@id":"https:\/\/www.organisator.ch\/#organization","name":"Organisateur","url":"https:\/\/www.organisator.ch\/","logo":{"@type":"ImageObject","inLanguage":"fr-FR","@id":"https:\/\/www.organisator.ch\/#\/schema\/logo\/image\/","url":"https:\/\/www.organisator.ch\/wp-content\/uploads\/2022\/01\/Logo_Organisator_Website.png","contentUrl":"https:\/\/www.organisator.ch\/wp-content\/uploads\/2022\/01\/Logo_Organisator_Website.png","width":800,"height":77,"caption":"Organisator"},"image":{"@id":"https:\/\/www.organisator.ch\/#\/schema\/logo\/image\/"},"sameAs":["https:\/\/www.facebook.com\/OrganisatorFachmagazin","https:\/\/www.linkedin.com\/showcase\/organisator-das-magazin-fr-kmu","https:\/\/www.xing.com\/news\/pages\/organisator-ch-695","https:\/\/www.youtube.com\/channel\/UCGP2Sq0iWaZwT3BdIAQFYpw"]},{"@type":"Person","@id":"https:\/\/www.organisator.ch\/#\/schema\/person\/4e51799071cd2dd1232ac003643ef5f0","name":"galledia","image":{"@type":"ImageObject","inLanguage":"fr-FR","@id":"https:\/\/secure.gravatar.com\/avatar\/78a7f90c01fc2bfc875782a0d4922b37cde2cf184ce347b91316d23cd7f69a36?s=96&d=mm&r=g","url":"https:\/\/secure.gravatar.com\/avatar\/78a7f90c01fc2bfc875782a0d4922b37cde2cf184ce347b91316d23cd7f69a36?s=96&d=mm&r=g","contentUrl":"https:\/\/secure.gravatar.com\/avatar\/78a7f90c01fc2bfc875782a0d4922b37cde2cf184ce347b91316d23cd7f69a36?s=96&d=mm&r=g","caption":"galledia"},"sameAs":["https:\/\/x.com\/admin"],"url":"https:\/\/www.organisator.ch\/fr\/author\/galledia\/"}]}},"_links":{"self":[{"href":"https:\/\/www.organisator.ch\/fr\/wp-json\/wp\/v2\/posts\/29405","targetHints":{"allow":["GET"]}}],"collection":[{"href":"https:\/\/www.organisator.ch\/fr\/wp-json\/wp\/v2\/posts"}],"about":[{"href":"https:\/\/www.organisator.ch\/fr\/wp-json\/wp\/v2\/types\/post"}],"author":[{"embeddable":true,"href":"https:\/\/www.organisator.ch\/fr\/wp-json\/wp\/v2\/users\/8"}],"replies":[{"embeddable":true,"href":"https:\/\/www.organisator.ch\/fr\/wp-json\/wp\/v2\/comments?post=29405"}],"version-history":[{"count":4,"href":"https:\/\/www.organisator.ch\/fr\/wp-json\/wp\/v2\/posts\/29405\/revisions"}],"predecessor-version":[{"id":32001,"href":"https:\/\/www.organisator.ch\/fr\/wp-json\/wp\/v2\/posts\/29405\/revisions\/32001"}],"wp:attachment":[{"href":"https:\/\/www.organisator.ch\/fr\/wp-json\/wp\/v2\/media?parent=29405"}],"wp:term":[{"taxonomy":"category","embeddable":true,"href":"https:\/\/www.organisator.ch\/fr\/wp-json\/wp\/v2\/categories?post=29405"},{"taxonomy":"post_tag","embeddable":true,"href":"https:\/\/www.organisator.ch\/fr\/wp-json\/wp\/v2\/tags?post=29405"}],"curies":[{"name":"wp","href":"https:\/\/api.w.org\/{rel}","templated":true}]}}