{"id":29461,"date":"2024-08-30T11:18:38","date_gmt":"2024-08-30T09:18:38","guid":{"rendered":"https:\/\/www.organisator.ch\/?p=29461"},"modified":"2024-08-30T11:18:38","modified_gmt":"2024-08-30T09:18:38","slug":"sges-2024-welche-konflikte-hinter-den-vielen-guten-absichten-lauern","status":"publish","type":"post","link":"https:\/\/www.organisator.ch\/fr\/sustainability\/2024-08-30\/sges-2024-welche-konflikte-hinter-den-vielen-guten-absichten-lauern\/","title":{"rendered":"SGES 2024 : Quels conflits se cachent derri\u00e8re les nombreuses bonnes intentions ?"},"content":{"rendered":"<figure id=\"attachment_29462\" aria-describedby=\"caption-attachment-29462\" style=\"width: 680px\" class=\"wp-caption alignnone\"><img loading=\"lazy\" decoding=\"async\" class=\"size-full wp-image-29462\" src=\"https:\/\/www.organisator.ch\/wp-content\/uploads\/2024\/08\/SGES-2024-Welche-Konflikte-hinter-den-vielen-guten-Absichten-lauern-1_Organisator.jpg\" alt=\"\" width=\"680\" height=\"452\" srcset=\"https:\/\/www.organisator.ch\/wp-content\/uploads\/2024\/08\/SGES-2024-Welche-Konflikte-hinter-den-vielen-guten-Absichten-lauern-1_Organisator.jpg 680w, https:\/\/www.organisator.ch\/wp-content\/uploads\/2024\/08\/SGES-2024-Welche-Konflikte-hinter-den-vielen-guten-Absichten-lauern-1_Organisator-18x12.jpg 18w, https:\/\/www.organisator.ch\/wp-content\/uploads\/2024\/08\/SGES-2024-Welche-Konflikte-hinter-den-vielen-guten-Absichten-lauern-1_Organisator-375x249.jpg 375w, https:\/\/www.organisator.ch\/wp-content\/uploads\/2024\/08\/SGES-2024-Welche-Konflikte-hinter-den-vielen-guten-Absichten-lauern-1_Organisator-527x350.jpg 527w\" sizes=\"auto, (max-width: 680px) 100vw, 680px\" \/><figcaption id=\"caption-attachment-29462\" class=\"wp-caption-text\">La biodiversit\u00e9 au c\u0153ur du SGES 2024 : de gauche \u00e0 droite, Marco Lambertini (Nature Positive Initiative, debout), Stewart Maginnis (UICN), Jay O'Nien (B\u00fchler Group), le professeur Michael Schaepman (Universit\u00e9 de Zurich) et le mod\u00e9rateur Antonio Hautle (UN Global Compact Network, mod\u00e9rateur). (Photo : Thomas Berner)<\/figcaption><\/figure>\n<p>Guerres, changement climatique, perte de biodiversit\u00e9, mais aussi plus de durabilit\u00e9 et d'impact : ces mots-cl\u00e9s \u00e9taient omnipr\u00e9sents au SGES de cette ann\u00e9e. Les probl\u00e8mes globaux \u00e0 r\u00e9soudre sont \u00e9normes et le temps semble peu \u00e0 peu nous \u00e9chapper. Les 17 objectifs de durabilit\u00e9 de l'ONU continuent certes de guider les acteurs politiques, \u00e9conomiques et sociaux, mais leur mise en \u0153uvre r\u00e9v\u00e8le de plus en plus de foyers de conflits. La votation sur l'initiative pour la biodiversit\u00e9 du 22 septembre 2024 en est un exemple. Les opposants, comme l'agriculture, et les partisans issus des milieux scientifiques et de la protection de la nature rivalisent d'arguments pour ou contre. Lors d'une table ronde, le professeur Michael Schaepman de l'universit\u00e9 de Zurich a montr\u00e9 un autre exemple de conflit (possible) derri\u00e8re le d\u00e9bat sur la biodiversit\u00e9 : Le ma\u00efs, par exemple, n'est pas une plante indig\u00e8ne, mais il est consid\u00e9r\u00e9 comme non invasif, contrairement au laurier-cerise, qui a \u00e9t\u00e9 interdit de vente dans les jardins. En revanche, il ne viendrait \u00e0 l'id\u00e9e de personne d'interdire le ma\u00efs...<\/p>\n<h3><strong>Mettre encore plus l'accent sur la biodiversit\u00e9<\/strong><\/h3>\n<p>Le th\u00e8me de la biodiversit\u00e9 a fourni de nouveaux aspects au SGES 2024. Il a \u00e9t\u00e9 d\u00e9montr\u00e9 que la protection du climat et la biodiversit\u00e9 ne peuvent pas \u00eatre consid\u00e9r\u00e9es isol\u00e9ment. Marco Lambertini, de l'initiative Nature Positive, a appel\u00e9 \u00e0 l'abandon du \"Net Zero\" au profit du \"Net Positive\". Derri\u00e8re son initiative se cache - comme pour la neutralit\u00e9 carbone - un objectif d\u00e9fini dans le temps pour la nature, afin de stopper et d'inverser la perte d'esp\u00e8ces, pour soutenir les mesures de protection du climat et les objectifs de d\u00e9veloppement durable. Stewart Maginnis, de l'Union internationale pour la conservation de la nature (UICN), a surtout mis les pays comme la Suisse face \u00e0 leurs responsabilit\u00e9s : en effet, malgr\u00e9 leurs efforts pour pr\u00e9server la biodiversit\u00e9 dans leur propre pays, l'empreinte globale reste toujours importante. Les participants \u00e0 la table ronde ont estim\u00e9 qu'un changement de mentalit\u00e9 \u00e9tait n\u00e9cessaire et qu'il fallait accorder encore plus d'attention \u00e0 la nature. Mais il faut d'abord mieux comprendre l'influence de l'homme sur la biodiversit\u00e9 et, sur cette base, d\u00e9velopper un plan pour g\u00e9rer cette influence. L'observateur ext\u00e9rieur peut alors se poser la question : Avons-nous encore le temps de le faire ? Et de quels conflits devons-nous nous accommoder ? En effet, la discussion a \u00e9galement montr\u00e9 que toute r\u00e9glementation a toujours des r\u00e9percussions qui peuvent conduire \u00e0 des in\u00e9galit\u00e9s dans la soci\u00e9t\u00e9.<\/p>\n<h3><strong>Des outils pour l'Agenda 2030<\/strong><\/h3>\n<p>La Suisse, qui aime se consid\u00e9rer comme un mod\u00e8le lorsqu'il s'agit du respect des droits de l'homme ou de la protection de la nature, n'est toutefois pas l\u00e0 o\u00f9 elle devrait \u00eatre sur le chemin de la r\u00e9alisation des 17 objectifs de d\u00e9veloppement durable de l'ONU. Daniel Dubas, d\u00e9l\u00e9gu\u00e9 du Conseil f\u00e9d\u00e9ral pour l'Agenda 2030, l'a montr\u00e9 : \"La direction est bonne, mais pas la vitesse\", a-t-il d\u00e9clar\u00e9. On a certes fait des progr\u00e8s dans la lutte contre la pauvret\u00e9, mais pour d'autres objectifs, on constate une stagnation, voire un recul, a poursuivi Dubas. Le Conseil f\u00e9d\u00e9ral continue toutefois de mettre l'accent sur la consommation durable, la biodiversit\u00e9 et l'\u00e9galit\u00e9 des chances. Daniel Dubas a \u00e9galement soulign\u00e9 le r\u00f4le important de l'\u00e9conomie. Afin d'aider les entreprises \u00e0 mettre en \u0153uvre l'Agenda 2030, l'Office f\u00e9d\u00e9ral du d\u00e9veloppement territorial a \u00e9labor\u00e9, en collaboration avec des partenaires, une bo\u00eete \u00e0 outils (<a href=\"https:\/\/toolbox-agenda2030.ch\/de\/\">https:\/\/toolbox-agenda2030.ch\/de\/<\/a>) a \u00e9t\u00e9 d\u00e9velopp\u00e9e. Celle-ci a \u00e9t\u00e9 lanc\u00e9e en 2023 et a pour objectif de partager les connaissances existantes entre les entreprises. Elle s'adresse en premier lieu aux entreprises qui souhaitent concr\u00e8tement faire plus pour la protection du climat, mais qui n'en sont qu'\u00e0 leurs d\u00e9buts.<\/p>\n<figure id=\"attachment_29463\" aria-describedby=\"caption-attachment-29463\" style=\"width: 680px\" class=\"wp-caption alignnone\"><img loading=\"lazy\" decoding=\"async\" class=\"size-full wp-image-29463\" src=\"https:\/\/www.organisator.ch\/wp-content\/uploads\/2024\/08\/SGES-2024-Welche-Konflikte-hinter-den-vielen-guten-Absichten-lauern-2_Organisator.jpg\" alt=\"\" width=\"680\" height=\"394\" srcset=\"https:\/\/www.organisator.ch\/wp-content\/uploads\/2024\/08\/SGES-2024-Welche-Konflikte-hinter-den-vielen-guten-Absichten-lauern-2_Organisator.jpg 680w, https:\/\/www.organisator.ch\/wp-content\/uploads\/2024\/08\/SGES-2024-Welche-Konflikte-hinter-den-vielen-guten-Absichten-lauern-2_Organisator-18x10.jpg 18w, https:\/\/www.organisator.ch\/wp-content\/uploads\/2024\/08\/SGES-2024-Welche-Konflikte-hinter-den-vielen-guten-Absichten-lauern-2_Organisator-375x217.jpg 375w, https:\/\/www.organisator.ch\/wp-content\/uploads\/2024\/08\/SGES-2024-Welche-Konflikte-hinter-den-vielen-guten-Absichten-lauern-2_Organisator-604x350.jpg 604w\" sizes=\"auto, (max-width: 680px) 100vw, 680px\" \/><figcaption id=\"caption-attachment-29463\" class=\"wp-caption-text\">Tout n'est pas encore \"vert\" avec les objectifs de durabilit\u00e9 : Daniel Dubas, d\u00e9l\u00e9gu\u00e9 du Conseil f\u00e9d\u00e9ral \u00e0 l'Agenda 2030 (Photo : Thomas Berner)<\/figcaption><\/figure>\n<h3><strong>\u00c9conomie circulaire : accept\u00e9e, mais il reste encore beaucoup \u00e0 faire<\/strong><\/h3>\n<p>Le th\u00e8me de l'\u00e9conomie circulaire, par exemple en rapport avec le recyclage des batteries des v\u00e9hicules \u00e9lectriques, ne pouvait pas non plus \u00eatre absent du SGES 2024. Julian Proelss de BASF a calcul\u00e9 que les v\u00e9hicules \u00e9lectriques - consid\u00e9r\u00e9s sur l'ensemble de leur cycle de vie - \u00e9mettent 70% de CO2 en moins que les v\u00e9hicules \u00e0 combustion. Toutefois, la fabrication des batteries est une grande source de CO2, car elle n\u00e9cessite beaucoup de m\u00e9taux dont l'extraction est co\u00fbteuse. Selon M. Proelss, le recyclage de ces mat\u00e9riaux permettrait de r\u00e9duire l'empreinte carbone de 60 pour cent. La table ronde qui a suivi, avec le conseiller national Matthias Jauslin, Rahel Galliker (vice-directrice de l'OFEV), Pia Guggenb\u00fchl (association sectorielle scienceindustries) et Esther Laabs (WWF Allemagne), a montr\u00e9 que l'\u00e9conomie circulaire est globalement peu controvers\u00e9e. Selon une \u00e9tude command\u00e9e par l'OFEV et le Seco, il existe parmi les entreprises suisses diverses entreprises pionni\u00e8res en mati\u00e8re d'\u00e9conomie circulaire. Mais pour une grande partie des entreprises, on n'en est qu'au d\u00e9but. Pia Guggenb\u00fchl : \"Un renouveau est en cours\", ne serait-ce qu'en raison de la pression \u00e9conomique due \u00e0 la diminution des ressources. Et y a-t-il aussi une pression r\u00e9glementaire ? Oui, car l'UE met actuellement en place une nouvelle loi sur l'\u00e9conomie circulaire. Julian Proelss regrette toutefois que de nombreuses r\u00e9glementations contiennent des exigences en partie irr\u00e9alistes sur le plan technique. Le dialogue entre les parties prenantes est donc d'autant plus important, selon l'avis unanime des participants au podium. \"La protection de l'environnement et l'utilit\u00e9 pour les clients ne doivent pas s'exclure\", a estim\u00e9 Matthias Jauslin \u00e0 propos des conflits d'objectifs qui se dessinent souvent.<\/p>\n<h3><strong>Cha\u00eenes d'approvisionnement : on ne peut pas se passer de partenariats<\/strong><\/h3>\n<p>La question de cha\u00eenes d'approvisionnement plus durables est \u00e9galement source de \"conflits\". L'exemple de Pacific Jeans du Bangladesh a montr\u00e9, avec beaucoup de relations publiques, que la production textile peut \u00eatre \u00e0 la fois \u00e9cologique, socialement responsable et \u00e9conomique. L'entreprise fournit diff\u00e9rentes marques de v\u00eatements connues qui, de leur c\u00f4t\u00e9, sont de plus en plus int\u00e9ress\u00e9es \u00e0 proposer \u00e0 la client\u00e8le locale des textiles produits de mani\u00e8re durable. La transparence tout au long de la cha\u00eene d'approvisionnement est aujourd'hui un facteur cl\u00e9. Mais cela pose aussi des probl\u00e8mes, comme l'a soulign\u00e9 Fabian Waldmeier de Max Havelaar Suisse : de nombreux petits producteurs de caf\u00e9 ont du mal \u00e0 r\u00e9pondre aux exigences de plus en plus \u00e9lev\u00e9es et risquent de ne plus \u00eatre pris en compte en tant que fournisseurs. Il faut donc que les nouvelles r\u00e9glementations soient mises en \u0153uvre de mani\u00e8re inclusive. Il s'agit \u00e9galement de rendre ces d\u00e9fis transparents. Les audits de fournisseurs assurent \u00e9galement la transparence. Pierre Strub d'amfori Switzerland, une association \u00e9conomique qui promeut les cha\u00eenes d'approvisionnement durables, a soulign\u00e9 qu'il fallait davantage les partager entre eux afin d'\u00e9viter les doublons. Ici aussi, la discussion a d\u00e9bouch\u00e9 sur une conclusion : On ne peut pas se passer de partenariats solides et la durabilit\u00e9 n'est pas gratuite. Les consommateurs ne sont pas encore tous pr\u00eats \u00e0 payer ce prix - ou ne sont pas en mesure de le faire.<\/p>\n<h3><strong>SGES 2024 montre les nombreuses facettes de l'\u00e9conomie verte<\/strong><\/h3>\n<p>Les 17 forums d'innovation et les stands des plus de 20 organisations exposantes ont permis d'approfondir de nombreuses questions qui n'ont parfois pu \u00eatre qu'effleur\u00e9es lors de la manifestation principale. Il a notamment \u00e9t\u00e9 question de la protection du climat dans les PME et de la mani\u00e8re dont celles-ci peuvent mieux convaincre leurs collaborateurs et leurs fournisseurs. Le secteur de la construction a \u00e9galement constitu\u00e9 un point fort. Ainsi, le jeudi 29 ao\u00fbt, les th\u00e8mes \"Construire et habiter de mani\u00e8re saine et durable\" et \"Processus de capture du carbone\", c'est-\u00e0-dire la fixation du CO2 dans le ciment, ont \u00e9t\u00e9 au centre des d\u00e9bats. Car c'est justement le secteur de la construction qui pr\u00e9sente un grand potentiel pour l'\u00e9conomie circulaire. Mais la logistique, le secteur alimentaire et la mobilit\u00e9 ont \u00e9galement fait l'objet de discussions anim\u00e9es en \"petit comit\u00e9\".<\/p>\n<p>Dans l'ensemble, le SGES 2024 a montr\u00e9 une fois de plus que l'\"\u00e9conomie verte\" a de nombreuses facettes, dont il n'est pas toujours facile de saisir les interactions. C'est pourquoi il existe toujours un grand potentiel de conflit entre les diff\u00e9rentes parties prenantes et les int\u00e9r\u00eats particuliers. Les r\u00e9soudre - ensemble, justement - reste un objectif majeur.<\/p>\n<p><em>Plus d'informations : <a href=\"https:\/\/sges.ch\/\">www.sges.ch<\/a><\/em><\/p>","protected":false},"excerpt":{"rendered":"<p>Le Swiss Green Economy Symposium SGES 2024 s'est d\u00e9roul\u00e9 du 27 au 29 ao\u00fbt \u00e0 Winterthur. Plusieurs centaines de visiteurs ont assist\u00e9 aux keynotes, aux tables rondes et aux forums d'innovation. Le slogan \u00e9tait : \"R\u00e9soudre les conflits ensemble\".<\/p>","protected":false},"author":4,"featured_media":29462,"comment_status":"closed","ping_status":"closed","sticky":false,"template":"","format":"standard","meta":{"_acf_changed":false,"_yoast_wpseo_focuskw":"SGES 2024","_yoast_wpseo_metadesc":"Vom 27. bis 29. August fand in Winterthur das Swiss Green Economy Symposium SGES 2024 statt. Das Motto lautete: \u00abKonflikte gemeinsam l\u00f6sen\u00bb.","articlekey":"","footnotes":""},"categories":[580],"tags":[193,358,4338,531],"class_list":["post-29461","post","type-post","status-publish","format-standard","has-post-thumbnail","hentry","category-sustainability","tag-fachkongressfachmesse","tag-nachhaltige-wirtschaft","tag-swiss-green-economy-symposium","tag-wirtschaftspolitik"],"acf":[],"yoast_head":"<!-- This site is optimized with the Yoast SEO plugin v27.5 - https:\/\/yoast.com\/product\/yoast-seo-wordpress\/ -->\n<title>SGES 2024: Welche Konflikte hinter den vielen guten Absichten lauern - Organisator<\/title>\n<meta name=\"description\" content=\"Vom 27. bis 29. August fand in Winterthur das Swiss Green Economy Symposium SGES 2024 statt. Das Motto lautete: \u00abKonflikte gemeinsam l\u00f6sen\u00bb.\" \/>\n<meta name=\"robots\" content=\"index, follow, max-snippet:-1, max-image-preview:large, max-video-preview:-1\" \/>\n<link rel=\"canonical\" href=\"https:\/\/www.organisator.ch\/fr\/sustainability\/2024-08-30\/sges-2024-welche-konflikte-hinter-den-vielen-guten-absichten-lauern\/\" \/>\n<meta property=\"og:locale\" content=\"fr_FR\" \/>\n<meta property=\"og:type\" content=\"article\" \/>\n<meta property=\"og:title\" content=\"SGES 2024: Welche Konflikte hinter den vielen guten Absichten lauern - Organisator\" \/>\n<meta property=\"og:description\" content=\"Vom 27. bis 29. August fand in Winterthur das Swiss Green Economy Symposium SGES 2024 statt. Das Motto lautete: \u00abKonflikte gemeinsam l\u00f6sen\u00bb.\" \/>\n<meta property=\"og:url\" content=\"https:\/\/www.organisator.ch\/fr\/sustainability\/2024-08-30\/sges-2024-welche-konflikte-hinter-den-vielen-guten-absichten-lauern\/\" \/>\n<meta property=\"og:site_name\" content=\"Organisator\" \/>\n<meta property=\"article:publisher\" content=\"https:\/\/www.facebook.com\/OrganisatorFachmagazin\" \/>\n<meta property=\"article:published_time\" content=\"2024-08-30T09:18:38+00:00\" \/>\n<meta property=\"og:image\" content=\"https:\/\/www.organisator.ch\/wp-content\/uploads\/2024\/08\/SGES-2024-Welche-Konflikte-hinter-den-vielen-guten-Absichten-lauern-1_Organisator.jpg\" \/>\n\t<meta property=\"og:image:width\" content=\"680\" \/>\n\t<meta property=\"og:image:height\" content=\"452\" \/>\n\t<meta property=\"og:image:type\" content=\"image\/jpeg\" \/>\n<meta name=\"author\" content=\"thomas.berner\" \/>\n<meta name=\"twitter:card\" content=\"summary_large_image\" \/>\n<script type=\"application\/ld+json\" class=\"yoast-schema-graph\">{\"@context\":\"https:\\\/\\\/schema.org\",\"@graph\":[{\"@type\":\"Article\",\"@id\":\"https:\\\/\\\/www.organisator.ch\\\/sustainability\\\/2024-08-30\\\/sges-2024-welche-konflikte-hinter-den-vielen-guten-absichten-lauern\\\/#article\",\"isPartOf\":{\"@id\":\"https:\\\/\\\/www.organisator.ch\\\/sustainability\\\/2024-08-30\\\/sges-2024-welche-konflikte-hinter-den-vielen-guten-absichten-lauern\\\/\"},\"author\":{\"name\":\"thomas.berner\",\"@id\":\"https:\\\/\\\/www.organisator.ch\\\/#\\\/schema\\\/person\\\/6f650f90b2842cd4c0cc334b4e36f67e\"},\"headline\":\"SGES 2024: Welche Konflikte hinter den vielen guten Absichten lauern\",\"datePublished\":\"2024-08-30T09:18:38+00:00\",\"mainEntityOfPage\":{\"@id\":\"https:\\\/\\\/www.organisator.ch\\\/sustainability\\\/2024-08-30\\\/sges-2024-welche-konflikte-hinter-den-vielen-guten-absichten-lauern\\\/\"},\"wordCount\":1289,\"publisher\":{\"@id\":\"https:\\\/\\\/www.organisator.ch\\\/#organization\"},\"image\":{\"@id\":\"https:\\\/\\\/www.organisator.ch\\\/sustainability\\\/2024-08-30\\\/sges-2024-welche-konflikte-hinter-den-vielen-guten-absichten-lauern\\\/#primaryimage\"},\"thumbnailUrl\":\"https:\\\/\\\/www.organisator.ch\\\/wp-content\\\/uploads\\\/2024\\\/08\\\/SGES-2024-Welche-Konflikte-hinter-den-vielen-guten-Absichten-lauern-1_Organisator.jpg\",\"keywords\":[\"Fachkongress\\\/Fachmesse\",\"Nachhaltige Wirtschaft\",\"Swiss Green Economy Symposium\",\"Wirtschaftspolitik\"],\"articleSection\":[\"SUSTAINABILITY\"],\"inLanguage\":\"fr-FR\"},{\"@type\":\"WebPage\",\"@id\":\"https:\\\/\\\/www.organisator.ch\\\/sustainability\\\/2024-08-30\\\/sges-2024-welche-konflikte-hinter-den-vielen-guten-absichten-lauern\\\/\",\"url\":\"https:\\\/\\\/www.organisator.ch\\\/sustainability\\\/2024-08-30\\\/sges-2024-welche-konflikte-hinter-den-vielen-guten-absichten-lauern\\\/\",\"name\":\"SGES 2024: Welche Konflikte hinter den vielen guten Absichten lauern - Organisator\",\"isPartOf\":{\"@id\":\"https:\\\/\\\/www.organisator.ch\\\/#website\"},\"primaryImageOfPage\":{\"@id\":\"https:\\\/\\\/www.organisator.ch\\\/sustainability\\\/2024-08-30\\\/sges-2024-welche-konflikte-hinter-den-vielen-guten-absichten-lauern\\\/#primaryimage\"},\"image\":{\"@id\":\"https:\\\/\\\/www.organisator.ch\\\/sustainability\\\/2024-08-30\\\/sges-2024-welche-konflikte-hinter-den-vielen-guten-absichten-lauern\\\/#primaryimage\"},\"thumbnailUrl\":\"https:\\\/\\\/www.organisator.ch\\\/wp-content\\\/uploads\\\/2024\\\/08\\\/SGES-2024-Welche-Konflikte-hinter-den-vielen-guten-Absichten-lauern-1_Organisator.jpg\",\"datePublished\":\"2024-08-30T09:18:38+00:00\",\"description\":\"Vom 27. bis 29. August fand in Winterthur das Swiss Green Economy Symposium SGES 2024 statt. Das Motto lautete: \u00abKonflikte gemeinsam l\u00f6sen\u00bb.\",\"breadcrumb\":{\"@id\":\"https:\\\/\\\/www.organisator.ch\\\/sustainability\\\/2024-08-30\\\/sges-2024-welche-konflikte-hinter-den-vielen-guten-absichten-lauern\\\/#breadcrumb\"},\"inLanguage\":\"fr-FR\",\"potentialAction\":[{\"@type\":\"ReadAction\",\"target\":[\"https:\\\/\\\/www.organisator.ch\\\/sustainability\\\/2024-08-30\\\/sges-2024-welche-konflikte-hinter-den-vielen-guten-absichten-lauern\\\/\"]}]},{\"@type\":\"ImageObject\",\"inLanguage\":\"fr-FR\",\"@id\":\"https:\\\/\\\/www.organisator.ch\\\/sustainability\\\/2024-08-30\\\/sges-2024-welche-konflikte-hinter-den-vielen-guten-absichten-lauern\\\/#primaryimage\",\"url\":\"https:\\\/\\\/www.organisator.ch\\\/wp-content\\\/uploads\\\/2024\\\/08\\\/SGES-2024-Welche-Konflikte-hinter-den-vielen-guten-Absichten-lauern-1_Organisator.jpg\",\"contentUrl\":\"https:\\\/\\\/www.organisator.ch\\\/wp-content\\\/uploads\\\/2024\\\/08\\\/SGES-2024-Welche-Konflikte-hinter-den-vielen-guten-Absichten-lauern-1_Organisator.jpg\",\"width\":680,\"height\":452,\"caption\":\"Biodiversit\u00e4t im Fokus: Marco Lambertini (Nature Positive Initiative, stehend), Stewart Maginnis (IUCN), Jay O'Nien (B\u00fchler Group), Prof. Dr. Michael Schaepman (Universit\u00e4t Z\u00fcrich) und Moderator Antonio Hautle (UN Global Compact Network, Moderation). (Bild: Thomas Berner)\"},{\"@type\":\"BreadcrumbList\",\"@id\":\"https:\\\/\\\/www.organisator.ch\\\/sustainability\\\/2024-08-30\\\/sges-2024-welche-konflikte-hinter-den-vielen-guten-absichten-lauern\\\/#breadcrumb\",\"itemListElement\":[{\"@type\":\"ListItem\",\"position\":1,\"name\":\"Home\",\"item\":\"https:\\\/\\\/www.organisator.ch\\\/\"},{\"@type\":\"ListItem\",\"position\":2,\"name\":\"SGES 2024: Welche Konflikte hinter den vielen guten Absichten lauern\"}]},{\"@type\":\"WebSite\",\"@id\":\"https:\\\/\\\/www.organisator.ch\\\/#website\",\"url\":\"https:\\\/\\\/www.organisator.ch\\\/\",\"name\":\"Organisator\",\"description\":\"Kompetent. Praxisnah. Der ORGANISATOR bereitet in 10 Ausgaben pro Jahr die wesentlichen Themen f\u00fcr F\u00fchrungskr\u00e4fte von KMU auf.\",\"publisher\":{\"@id\":\"https:\\\/\\\/www.organisator.ch\\\/#organization\"},\"potentialAction\":[{\"@type\":\"SearchAction\",\"target\":{\"@type\":\"EntryPoint\",\"urlTemplate\":\"https:\\\/\\\/www.organisator.ch\\\/?s={search_term_string}\"},\"query-input\":{\"@type\":\"PropertyValueSpecification\",\"valueRequired\":true,\"valueName\":\"search_term_string\"}}],\"inLanguage\":\"fr-FR\"},{\"@type\":\"Organization\",\"@id\":\"https:\\\/\\\/www.organisator.ch\\\/#organization\",\"name\":\"Organisator\",\"url\":\"https:\\\/\\\/www.organisator.ch\\\/\",\"logo\":{\"@type\":\"ImageObject\",\"inLanguage\":\"fr-FR\",\"@id\":\"https:\\\/\\\/www.organisator.ch\\\/#\\\/schema\\\/logo\\\/image\\\/\",\"url\":\"https:\\\/\\\/www.organisator.ch\\\/wp-content\\\/uploads\\\/2022\\\/01\\\/Logo_Organisator_Website.png\",\"contentUrl\":\"https:\\\/\\\/www.organisator.ch\\\/wp-content\\\/uploads\\\/2022\\\/01\\\/Logo_Organisator_Website.png\",\"width\":800,\"height\":77,\"caption\":\"Organisator\"},\"image\":{\"@id\":\"https:\\\/\\\/www.organisator.ch\\\/#\\\/schema\\\/logo\\\/image\\\/\"},\"sameAs\":[\"https:\\\/\\\/www.facebook.com\\\/OrganisatorFachmagazin\",\"https:\\\/\\\/www.linkedin.com\\\/showcase\\\/organisator-das-magazin-fr-kmu\",\"https:\\\/\\\/www.xing.com\\\/news\\\/pages\\\/organisator-ch-695\",\"https:\\\/\\\/www.youtube.com\\\/channel\\\/UCGP2Sq0iWaZwT3BdIAQFYpw\"]},{\"@type\":\"Person\",\"@id\":\"https:\\\/\\\/www.organisator.ch\\\/#\\\/schema\\\/person\\\/6f650f90b2842cd4c0cc334b4e36f67e\",\"name\":\"thomas.berner\",\"image\":{\"@type\":\"ImageObject\",\"inLanguage\":\"fr-FR\",\"@id\":\"https:\\\/\\\/secure.gravatar.com\\\/avatar\\\/ac5001d2a36cb6c6cd3e50789007ffca834b477b74a2144564522e944eabff61?s=96&d=mm&r=g\",\"url\":\"https:\\\/\\\/secure.gravatar.com\\\/avatar\\\/ac5001d2a36cb6c6cd3e50789007ffca834b477b74a2144564522e944eabff61?s=96&d=mm&r=g\",\"contentUrl\":\"https:\\\/\\\/secure.gravatar.com\\\/avatar\\\/ac5001d2a36cb6c6cd3e50789007ffca834b477b74a2144564522e944eabff61?s=96&d=mm&r=g\",\"caption\":\"thomas.berner\"},\"url\":\"https:\\\/\\\/www.organisator.ch\\\/fr\\\/author\\\/thomas-berner\\\/\"}]}<\/script>\n<!-- \/ Yoast SEO plugin. -->","yoast_head_json":{"title":"SGES 2024 : Quels conflits se cachent derri\u00e8re les nombreuses bonnes intentions - Organisateur","description":"Le Swiss Green Economy Symposium SGES 2024 s'est d\u00e9roul\u00e9 du 27 au 29 ao\u00fbt \u00e0 Winterthur. Le slogan \u00e9tait : \"R\u00e9soudre les conflits ensemble\".","robots":{"index":"index","follow":"follow","max-snippet":"max-snippet:-1","max-image-preview":"max-image-preview:large","max-video-preview":"max-video-preview:-1"},"canonical":"https:\/\/www.organisator.ch\/fr\/sustainability\/2024-08-30\/sges-2024-welche-konflikte-hinter-den-vielen-guten-absichten-lauern\/","og_locale":"fr_FR","og_type":"article","og_title":"SGES 2024: Welche Konflikte hinter den vielen guten Absichten lauern - Organisator","og_description":"Vom 27. bis 29. August fand in Winterthur das Swiss Green Economy Symposium SGES 2024 statt. Das Motto lautete: \u00abKonflikte gemeinsam l\u00f6sen\u00bb.","og_url":"https:\/\/www.organisator.ch\/fr\/sustainability\/2024-08-30\/sges-2024-welche-konflikte-hinter-den-vielen-guten-absichten-lauern\/","og_site_name":"Organisator","article_publisher":"https:\/\/www.facebook.com\/OrganisatorFachmagazin","article_published_time":"2024-08-30T09:18:38+00:00","og_image":[{"width":680,"height":452,"url":"https:\/\/www.organisator.ch\/wp-content\/uploads\/2024\/08\/SGES-2024-Welche-Konflikte-hinter-den-vielen-guten-Absichten-lauern-1_Organisator.jpg","type":"image\/jpeg"}],"author":"thomas.berner","twitter_card":"summary_large_image","schema":{"@context":"https:\/\/schema.org","@graph":[{"@type":"Article","@id":"https:\/\/www.organisator.ch\/sustainability\/2024-08-30\/sges-2024-welche-konflikte-hinter-den-vielen-guten-absichten-lauern\/#article","isPartOf":{"@id":"https:\/\/www.organisator.ch\/sustainability\/2024-08-30\/sges-2024-welche-konflikte-hinter-den-vielen-guten-absichten-lauern\/"},"author":{"name":"thomas.berner","@id":"https:\/\/www.organisator.ch\/#\/schema\/person\/6f650f90b2842cd4c0cc334b4e36f67e"},"headline":"SGES 2024: Welche Konflikte hinter den vielen guten Absichten lauern","datePublished":"2024-08-30T09:18:38+00:00","mainEntityOfPage":{"@id":"https:\/\/www.organisator.ch\/sustainability\/2024-08-30\/sges-2024-welche-konflikte-hinter-den-vielen-guten-absichten-lauern\/"},"wordCount":1289,"publisher":{"@id":"https:\/\/www.organisator.ch\/#organization"},"image":{"@id":"https:\/\/www.organisator.ch\/sustainability\/2024-08-30\/sges-2024-welche-konflikte-hinter-den-vielen-guten-absichten-lauern\/#primaryimage"},"thumbnailUrl":"https:\/\/www.organisator.ch\/wp-content\/uploads\/2024\/08\/SGES-2024-Welche-Konflikte-hinter-den-vielen-guten-Absichten-lauern-1_Organisator.jpg","keywords":["Fachkongress\/Fachmesse","Nachhaltige Wirtschaft","Swiss Green Economy Symposium","Wirtschaftspolitik"],"articleSection":["SUSTAINABILITY"],"inLanguage":"fr-FR"},{"@type":"WebPage","@id":"https:\/\/www.organisator.ch\/sustainability\/2024-08-30\/sges-2024-welche-konflikte-hinter-den-vielen-guten-absichten-lauern\/","url":"https:\/\/www.organisator.ch\/sustainability\/2024-08-30\/sges-2024-welche-konflikte-hinter-den-vielen-guten-absichten-lauern\/","name":"SGES 2024 : Quels conflits se cachent derri\u00e8re les nombreuses bonnes intentions - Organisateur","isPartOf":{"@id":"https:\/\/www.organisator.ch\/#website"},"primaryImageOfPage":{"@id":"https:\/\/www.organisator.ch\/sustainability\/2024-08-30\/sges-2024-welche-konflikte-hinter-den-vielen-guten-absichten-lauern\/#primaryimage"},"image":{"@id":"https:\/\/www.organisator.ch\/sustainability\/2024-08-30\/sges-2024-welche-konflikte-hinter-den-vielen-guten-absichten-lauern\/#primaryimage"},"thumbnailUrl":"https:\/\/www.organisator.ch\/wp-content\/uploads\/2024\/08\/SGES-2024-Welche-Konflikte-hinter-den-vielen-guten-Absichten-lauern-1_Organisator.jpg","datePublished":"2024-08-30T09:18:38+00:00","description":"Le Swiss Green Economy Symposium SGES 2024 s'est d\u00e9roul\u00e9 du 27 au 29 ao\u00fbt \u00e0 Winterthur. Le slogan \u00e9tait : \"R\u00e9soudre les conflits ensemble\".","breadcrumb":{"@id":"https:\/\/www.organisator.ch\/sustainability\/2024-08-30\/sges-2024-welche-konflikte-hinter-den-vielen-guten-absichten-lauern\/#breadcrumb"},"inLanguage":"fr-FR","potentialAction":[{"@type":"ReadAction","target":["https:\/\/www.organisator.ch\/sustainability\/2024-08-30\/sges-2024-welche-konflikte-hinter-den-vielen-guten-absichten-lauern\/"]}]},{"@type":"ImageObject","inLanguage":"fr-FR","@id":"https:\/\/www.organisator.ch\/sustainability\/2024-08-30\/sges-2024-welche-konflikte-hinter-den-vielen-guten-absichten-lauern\/#primaryimage","url":"https:\/\/www.organisator.ch\/wp-content\/uploads\/2024\/08\/SGES-2024-Welche-Konflikte-hinter-den-vielen-guten-Absichten-lauern-1_Organisator.jpg","contentUrl":"https:\/\/www.organisator.ch\/wp-content\/uploads\/2024\/08\/SGES-2024-Welche-Konflikte-hinter-den-vielen-guten-Absichten-lauern-1_Organisator.jpg","width":680,"height":452,"caption":"Biodiversit\u00e4t im Fokus: Marco Lambertini (Nature Positive Initiative, stehend), Stewart Maginnis (IUCN), Jay O'Nien (B\u00fchler Group), Prof. Dr. Michael Schaepman (Universit\u00e4t Z\u00fcrich) und Moderator Antonio Hautle (UN Global Compact Network, Moderation). (Bild: Thomas Berner)"},{"@type":"BreadcrumbList","@id":"https:\/\/www.organisator.ch\/sustainability\/2024-08-30\/sges-2024-welche-konflikte-hinter-den-vielen-guten-absichten-lauern\/#breadcrumb","itemListElement":[{"@type":"ListItem","position":1,"name":"Home","item":"https:\/\/www.organisator.ch\/"},{"@type":"ListItem","position":2,"name":"SGES 2024: Welche Konflikte hinter den vielen guten Absichten lauern"}]},{"@type":"WebSite","@id":"https:\/\/www.organisator.ch\/#website","url":"https:\/\/www.organisator.ch\/","name":"Organisateur","description":"Comp\u00e9tence et comp\u00e9tence. Proches de la pratique. L'ORGANISATEUR pr\u00e9pare 10 num\u00e9ros par an sur les th\u00e8mes essentiels pour les dirigeants de PME.","publisher":{"@id":"https:\/\/www.organisator.ch\/#organization"},"potentialAction":[{"@type":"SearchAction","target":{"@type":"EntryPoint","urlTemplate":"https:\/\/www.organisator.ch\/?s={search_term_string}"},"query-input":{"@type":"PropertyValueSpecification","valueRequired":true,"valueName":"search_term_string"}}],"inLanguage":"fr-FR"},{"@type":"Organization","@id":"https:\/\/www.organisator.ch\/#organization","name":"Organisateur","url":"https:\/\/www.organisator.ch\/","logo":{"@type":"ImageObject","inLanguage":"fr-FR","@id":"https:\/\/www.organisator.ch\/#\/schema\/logo\/image\/","url":"https:\/\/www.organisator.ch\/wp-content\/uploads\/2022\/01\/Logo_Organisator_Website.png","contentUrl":"https:\/\/www.organisator.ch\/wp-content\/uploads\/2022\/01\/Logo_Organisator_Website.png","width":800,"height":77,"caption":"Organisator"},"image":{"@id":"https:\/\/www.organisator.ch\/#\/schema\/logo\/image\/"},"sameAs":["https:\/\/www.facebook.com\/OrganisatorFachmagazin","https:\/\/www.linkedin.com\/showcase\/organisator-das-magazin-fr-kmu","https:\/\/www.xing.com\/news\/pages\/organisator-ch-695","https:\/\/www.youtube.com\/channel\/UCGP2Sq0iWaZwT3BdIAQFYpw"]},{"@type":"Person","@id":"https:\/\/www.organisator.ch\/#\/schema\/person\/6f650f90b2842cd4c0cc334b4e36f67e","name":"thomas.berner","image":{"@type":"ImageObject","inLanguage":"fr-FR","@id":"https:\/\/secure.gravatar.com\/avatar\/ac5001d2a36cb6c6cd3e50789007ffca834b477b74a2144564522e944eabff61?s=96&d=mm&r=g","url":"https:\/\/secure.gravatar.com\/avatar\/ac5001d2a36cb6c6cd3e50789007ffca834b477b74a2144564522e944eabff61?s=96&d=mm&r=g","contentUrl":"https:\/\/secure.gravatar.com\/avatar\/ac5001d2a36cb6c6cd3e50789007ffca834b477b74a2144564522e944eabff61?s=96&d=mm&r=g","caption":"thomas.berner"},"url":"https:\/\/www.organisator.ch\/fr\/author\/thomas-berner\/"}]}},"_links":{"self":[{"href":"https:\/\/www.organisator.ch\/fr\/wp-json\/wp\/v2\/posts\/29461","targetHints":{"allow":["GET"]}}],"collection":[{"href":"https:\/\/www.organisator.ch\/fr\/wp-json\/wp\/v2\/posts"}],"about":[{"href":"https:\/\/www.organisator.ch\/fr\/wp-json\/wp\/v2\/types\/post"}],"author":[{"embeddable":true,"href":"https:\/\/www.organisator.ch\/fr\/wp-json\/wp\/v2\/users\/4"}],"replies":[{"embeddable":true,"href":"https:\/\/www.organisator.ch\/fr\/wp-json\/wp\/v2\/comments?post=29461"}],"version-history":[{"count":3,"href":"https:\/\/www.organisator.ch\/fr\/wp-json\/wp\/v2\/posts\/29461\/revisions"}],"predecessor-version":[{"id":29482,"href":"https:\/\/www.organisator.ch\/fr\/wp-json\/wp\/v2\/posts\/29461\/revisions\/29482"}],"wp:featuredmedia":[{"embeddable":true,"href":"https:\/\/www.organisator.ch\/fr\/wp-json\/wp\/v2\/media\/29462"}],"wp:attachment":[{"href":"https:\/\/www.organisator.ch\/fr\/wp-json\/wp\/v2\/media?parent=29461"}],"wp:term":[{"taxonomy":"category","embeddable":true,"href":"https:\/\/www.organisator.ch\/fr\/wp-json\/wp\/v2\/categories?post=29461"},{"taxonomy":"post_tag","embeddable":true,"href":"https:\/\/www.organisator.ch\/fr\/wp-json\/wp\/v2\/tags?post=29461"}],"curies":[{"name":"wp","href":"https:\/\/api.w.org\/{rel}","templated":true}]}}