{"id":29477,"date":"2024-09-02T11:07:17","date_gmt":"2024-09-02T09:07:17","guid":{"rendered":"https:\/\/www.organisator.ch\/?p=29477"},"modified":"2024-09-02T11:07:17","modified_gmt":"2024-09-02T09:07:17","slug":"fuehrungswechsel-bei-der-wander-ag","status":"publish","type":"post","link":"https:\/\/www.organisator.ch\/fr\/management\/2024-09-02\/fuehrungswechsel-bei-der-wander-ag\/","title":{"rendered":"Changement de direction chez Wander AG"},"content":{"rendered":"<figure id=\"attachment_29478\" aria-describedby=\"caption-attachment-29478\" style=\"width: 680px\" class=\"wp-caption alignnone\"><img loading=\"lazy\" decoding=\"async\" class=\"size-full wp-image-29478\" src=\"https:\/\/www.organisator.ch\/wp-content\/uploads\/2024\/09\/Wander-AG_Bild1_ps.jpg\" alt=\"\" width=\"680\" height=\"424\" srcset=\"https:\/\/www.organisator.ch\/wp-content\/uploads\/2024\/09\/Wander-AG_Bild1_ps.jpg 680w, https:\/\/www.organisator.ch\/wp-content\/uploads\/2024\/09\/Wander-AG_Bild1_ps-18x12.jpg 18w, https:\/\/www.organisator.ch\/wp-content\/uploads\/2024\/09\/Wander-AG_Bild1_ps-375x234.jpg 375w, https:\/\/www.organisator.ch\/wp-content\/uploads\/2024\/09\/Wander-AG_Bild1_ps-561x350.jpg 561w\" sizes=\"auto, (max-width: 680px) 100vw, 680px\" \/><figcaption id=\"caption-attachment-29478\" class=\"wp-caption-text\">Arnold Furtwaengler, CEO de Wander AG, prendra une retraite anticip\u00e9e en janvier 2025. (Image : www.wander.ch)<\/figcaption><\/figure>\n<h3><strong>L'esprit sportif au service du succ\u00e8s<\/strong><\/h3>\n<p>Apr\u00e8s 28 ans pass\u00e9s au sein de l'entreprise Wander, productrice d'Ovomaltine et d'autres marques, Arnold Furtwaengler prendra une retraite anticip\u00e9e en janvier 2025. Il a \u00e9t\u00e9 CEO de Wander AG pendant 14 ans. Il entame sa nouvelle tranche de vie, comme il le dit lui-m\u00eame, \"avec beaucoup d'anticipation et beaucoup d'\u00e9nergie, m\u00eame si c'est avec un peu de nostalgie\". Avec son esprit sportif et d'\u00e9quipe, son attitude positive et son enthousiasme communicatif pour les marques de Wander, il a durablement marqu\u00e9 la culture d'entreprise de Wander.<\/p>\n<h3><strong>Renforcement du site de Neuenegg<\/strong><\/h3>\n<p>Avec son \u00e9quipe, il a consid\u00e9rablement d\u00e9velopp\u00e9 l'entreprise Wander et ses marques fortes Ovomaltine, Caotina, Twinings et Isostar. De l'Ovomaltine Crisp M\u00fcesli \u00e0 la barre gaufr\u00e9e Ovo Break, Ovomaltine conna\u00eet actuellement un grand succ\u00e8s dans de nombreuses cat\u00e9gories. Depuis l'inauguration d'une installation de production moderne pour les p\u00e2tes \u00e0 tartiner il y a tout juste dix ans, on fabrique \u00e0 Neuenegg plus que des produits en poudre et des barres pour toute l'Europe. La p\u00e2te \u00e0 tartiner Crunchy Cream d'Ovomaltine jouit d'une grande popularit\u00e9 non seulement en Suisse et en Allemagne, mais aussi dans le monde entier. M\u00eame en Indon\u00e9sie, o\u00f9 les consommateurs mangent peu de pain, l'Ovomaltine Crunchy Cream est d\u00e9sormais un ingr\u00e9dient de sp\u00e9cialit\u00e9s locales, comme le martabak.<\/p>\n<p>On ne sait pas encore qui prendra la succession d'Arnold Furtwaengler en janvier 2025. Le processus visant \u00e0 trouver une solution de succession est en cours. Wander a bon espoir de pouvoir nommer bient\u00f4t un successeur.<\/p>\n<p><em>Source : <a href=\"http:\/\/www.wander.ch\">www.wander.ch<\/a><\/em><\/p>","protected":false},"excerpt":{"rendered":"<p>Arnold Furtwaengler, CEO de Wander AG, se retire de l'entreprise Wander apr\u00e8s 28 ans et prend une retraite anticip\u00e9e en janvier 2025. La recherche d'un successeur est en cours.   <\/p>","protected":false},"author":58,"featured_media":29478,"comment_status":"closed","ping_status":"closed","sticky":false,"template":"","format":"standard","meta":{"_acf_changed":false,"_yoast_wpseo_focuskw":"Arnold Furtwaengler","_yoast_wpseo_metadesc":"Arnold Furtwaengler, CEO der Wander AG, zieht sich nach 28 Jahren aus der Firma Wander zur\u00fcck und geht im Januar 2025 vorzeitig in Pension.","articlekey":"","footnotes":""},"categories":[28],"tags":[335,424,492,4301],"class_list":["post-29477","post","type-post","status-publish","format-standard","has-post-thumbnail","hentry","category-management","tag-management-und-unternehmensfuehrung","tag-schweiz","tag-unternehmen","tag-wechsel"],"acf":[],"yoast_head":"<!-- This site is optimized with the Yoast SEO plugin v27.5 - https:\/\/yoast.com\/product\/yoast-seo-wordpress\/ -->\n<title>F\u00fchrungswechsel bei der Wander AG - Organisator<\/title>\n<meta name=\"description\" content=\"Arnold Furtwaengler, CEO der Wander AG, zieht sich nach 28 Jahren aus der Firma Wander zur\u00fcck und geht im Januar 2025 vorzeitig in Pension.\" \/>\n<meta name=\"robots\" content=\"index, follow, max-snippet:-1, max-image-preview:large, max-video-preview:-1\" \/>\n<link rel=\"canonical\" href=\"https:\/\/www.organisator.ch\/fr\/gestion-2\/2024-09-02\/fuehrungswechsel-bei-der-wander-ag\/\" \/>\n<meta property=\"og:locale\" content=\"fr_FR\" \/>\n<meta property=\"og:type\" content=\"article\" \/>\n<meta property=\"og:title\" content=\"F\u00fchrungswechsel bei der Wander AG\" \/>\n<meta property=\"og:description\" content=\"Arnold Furtwaengler, CEO der Wander AG, zieht sich nach 28 Jahren aus der Firma Wander zur\u00fcck und geht im Januar 2025 vorzeitig in Pension.\" \/>\n<meta property=\"og:url\" content=\"https:\/\/www.organisator.ch\/fr\/gestion-2\/2024-09-02\/fuehrungswechsel-bei-der-wander-ag\/\" \/>\n<meta property=\"og:site_name\" content=\"Organisator\" \/>\n<meta property=\"article:publisher\" content=\"https:\/\/www.facebook.com\/OrganisatorFachmagazin\" \/>\n<meta property=\"article:published_time\" content=\"2024-09-02T09:07:17+00:00\" \/>\n<meta property=\"og:image\" content=\"https:\/\/www.organisator.ch\/wp-content\/uploads\/2024\/09\/Wander-AG_Bild1_ps.jpg\" \/>\n\t<meta property=\"og:image:width\" content=\"680\" \/>\n\t<meta property=\"og:image:height\" content=\"424\" \/>\n\t<meta property=\"og:image:type\" content=\"image\/jpeg\" \/>\n<meta name=\"author\" content=\"Adelisa Kalajdzini\" \/>\n<meta name=\"twitter:card\" content=\"summary_large_image\" \/>\n<meta name=\"twitter:title\" content=\"F\u00fchrungswechsel bei der Wander AG\" \/>\n<meta name=\"twitter:description\" content=\"#Arnold #Furtwaengler, #CEO der #Wander AG, zieht sich nach 28 Jahren aus der Firma Wander zur\u00fcck und geht im Januar 2025 vorzeitig in #Pension.\" \/>\n<meta name=\"twitter:image\" content=\"https:\/\/www.organisator.ch\/wp-content\/uploads\/2024\/09\/Wander-AG_Bild1_ps.jpg\" \/>\n<script type=\"application\/ld+json\" class=\"yoast-schema-graph\">{\"@context\":\"https:\\\/\\\/schema.org\",\"@graph\":[{\"@type\":\"Article\",\"@id\":\"https:\\\/\\\/www.organisator.ch\\\/management\\\/2024-09-02\\\/fuehrungswechsel-bei-der-wander-ag\\\/#article\",\"isPartOf\":{\"@id\":\"https:\\\/\\\/www.organisator.ch\\\/management\\\/2024-09-02\\\/fuehrungswechsel-bei-der-wander-ag\\\/\"},\"author\":{\"name\":\"Adelisa Kalajdzini\",\"@id\":\"https:\\\/\\\/www.organisator.ch\\\/#\\\/schema\\\/person\\\/2e1314a2172123f874db408d8911d3f3\"},\"headline\":\"F\u00fchrungswechsel bei der Wander AG\",\"datePublished\":\"2024-09-02T09:07:17+00:00\",\"mainEntityOfPage\":{\"@id\":\"https:\\\/\\\/www.organisator.ch\\\/management\\\/2024-09-02\\\/fuehrungswechsel-bei-der-wander-ag\\\/\"},\"wordCount\":264,\"publisher\":{\"@id\":\"https:\\\/\\\/www.organisator.ch\\\/#organization\"},\"image\":{\"@id\":\"https:\\\/\\\/www.organisator.ch\\\/management\\\/2024-09-02\\\/fuehrungswechsel-bei-der-wander-ag\\\/#primaryimage\"},\"thumbnailUrl\":\"https:\\\/\\\/www.organisator.ch\\\/wp-content\\\/uploads\\\/2024\\\/09\\\/Wander-AG_Bild1_ps.jpg\",\"keywords\":[\"Management und Unternehmensf\u00fchrung\",\"Schweiz\",\"Unternehmen\",\"Wechsel\"],\"articleSection\":[\"MANAGEMENT\"],\"inLanguage\":\"fr-FR\"},{\"@type\":\"WebPage\",\"@id\":\"https:\\\/\\\/www.organisator.ch\\\/management\\\/2024-09-02\\\/fuehrungswechsel-bei-der-wander-ag\\\/\",\"url\":\"https:\\\/\\\/www.organisator.ch\\\/management\\\/2024-09-02\\\/fuehrungswechsel-bei-der-wander-ag\\\/\",\"name\":\"F\u00fchrungswechsel bei der Wander AG - Organisator\",\"isPartOf\":{\"@id\":\"https:\\\/\\\/www.organisator.ch\\\/#website\"},\"primaryImageOfPage\":{\"@id\":\"https:\\\/\\\/www.organisator.ch\\\/management\\\/2024-09-02\\\/fuehrungswechsel-bei-der-wander-ag\\\/#primaryimage\"},\"image\":{\"@id\":\"https:\\\/\\\/www.organisator.ch\\\/management\\\/2024-09-02\\\/fuehrungswechsel-bei-der-wander-ag\\\/#primaryimage\"},\"thumbnailUrl\":\"https:\\\/\\\/www.organisator.ch\\\/wp-content\\\/uploads\\\/2024\\\/09\\\/Wander-AG_Bild1_ps.jpg\",\"datePublished\":\"2024-09-02T09:07:17+00:00\",\"description\":\"Arnold Furtwaengler, CEO der Wander AG, zieht sich nach 28 Jahren aus der Firma Wander zur\u00fcck und geht im Januar 2025 vorzeitig in Pension.\",\"breadcrumb\":{\"@id\":\"https:\\\/\\\/www.organisator.ch\\\/management\\\/2024-09-02\\\/fuehrungswechsel-bei-der-wander-ag\\\/#breadcrumb\"},\"inLanguage\":\"fr-FR\",\"potentialAction\":[{\"@type\":\"ReadAction\",\"target\":[\"https:\\\/\\\/www.organisator.ch\\\/management\\\/2024-09-02\\\/fuehrungswechsel-bei-der-wander-ag\\\/\"]}]},{\"@type\":\"ImageObject\",\"inLanguage\":\"fr-FR\",\"@id\":\"https:\\\/\\\/www.organisator.ch\\\/management\\\/2024-09-02\\\/fuehrungswechsel-bei-der-wander-ag\\\/#primaryimage\",\"url\":\"https:\\\/\\\/www.organisator.ch\\\/wp-content\\\/uploads\\\/2024\\\/09\\\/Wander-AG_Bild1_ps.jpg\",\"contentUrl\":\"https:\\\/\\\/www.organisator.ch\\\/wp-content\\\/uploads\\\/2024\\\/09\\\/Wander-AG_Bild1_ps.jpg\",\"width\":680,\"height\":424,\"caption\":\"Arnold Furtwaengler, CEO der Wander AG, geht im Januar 2025 vorzeitig in Pension. (Bild: www.wander.ch)\"},{\"@type\":\"BreadcrumbList\",\"@id\":\"https:\\\/\\\/www.organisator.ch\\\/management\\\/2024-09-02\\\/fuehrungswechsel-bei-der-wander-ag\\\/#breadcrumb\",\"itemListElement\":[{\"@type\":\"ListItem\",\"position\":1,\"name\":\"Home\",\"item\":\"https:\\\/\\\/www.organisator.ch\\\/\"},{\"@type\":\"ListItem\",\"position\":2,\"name\":\"F\u00fchrungswechsel bei der Wander AG\"}]},{\"@type\":\"WebSite\",\"@id\":\"https:\\\/\\\/www.organisator.ch\\\/#website\",\"url\":\"https:\\\/\\\/www.organisator.ch\\\/\",\"name\":\"Organisator\",\"description\":\"Kompetent. Praxisnah. Der ORGANISATOR bereitet in 10 Ausgaben pro Jahr die wesentlichen Themen f\u00fcr F\u00fchrungskr\u00e4fte von KMU auf.\",\"publisher\":{\"@id\":\"https:\\\/\\\/www.organisator.ch\\\/#organization\"},\"potentialAction\":[{\"@type\":\"SearchAction\",\"target\":{\"@type\":\"EntryPoint\",\"urlTemplate\":\"https:\\\/\\\/www.organisator.ch\\\/?s={search_term_string}\"},\"query-input\":{\"@type\":\"PropertyValueSpecification\",\"valueRequired\":true,\"valueName\":\"search_term_string\"}}],\"inLanguage\":\"fr-FR\"},{\"@type\":\"Organization\",\"@id\":\"https:\\\/\\\/www.organisator.ch\\\/#organization\",\"name\":\"Organisator\",\"url\":\"https:\\\/\\\/www.organisator.ch\\\/\",\"logo\":{\"@type\":\"ImageObject\",\"inLanguage\":\"fr-FR\",\"@id\":\"https:\\\/\\\/www.organisator.ch\\\/#\\\/schema\\\/logo\\\/image\\\/\",\"url\":\"https:\\\/\\\/www.organisator.ch\\\/wp-content\\\/uploads\\\/2022\\\/01\\\/Logo_Organisator_Website.png\",\"contentUrl\":\"https:\\\/\\\/www.organisator.ch\\\/wp-content\\\/uploads\\\/2022\\\/01\\\/Logo_Organisator_Website.png\",\"width\":800,\"height\":77,\"caption\":\"Organisator\"},\"image\":{\"@id\":\"https:\\\/\\\/www.organisator.ch\\\/#\\\/schema\\\/logo\\\/image\\\/\"},\"sameAs\":[\"https:\\\/\\\/www.facebook.com\\\/OrganisatorFachmagazin\",\"https:\\\/\\\/www.linkedin.com\\\/showcase\\\/organisator-das-magazin-fr-kmu\",\"https:\\\/\\\/www.xing.com\\\/news\\\/pages\\\/organisator-ch-695\",\"https:\\\/\\\/www.youtube.com\\\/channel\\\/UCGP2Sq0iWaZwT3BdIAQFYpw\"]},{\"@type\":\"Person\",\"@id\":\"https:\\\/\\\/www.organisator.ch\\\/#\\\/schema\\\/person\\\/2e1314a2172123f874db408d8911d3f3\",\"name\":\"Adelisa Kalajdzini\",\"image\":{\"@type\":\"ImageObject\",\"inLanguage\":\"fr-FR\",\"@id\":\"https:\\\/\\\/secure.gravatar.com\\\/avatar\\\/09a397c22ac58cad6f160ee8306348599df9df58a8ede73696226897b9fa4b24?s=96&d=mm&r=g\",\"url\":\"https:\\\/\\\/secure.gravatar.com\\\/avatar\\\/09a397c22ac58cad6f160ee8306348599df9df58a8ede73696226897b9fa4b24?s=96&d=mm&r=g\",\"contentUrl\":\"https:\\\/\\\/secure.gravatar.com\\\/avatar\\\/09a397c22ac58cad6f160ee8306348599df9df58a8ede73696226897b9fa4b24?s=96&d=mm&r=g\",\"caption\":\"Adelisa Kalajdzini\"},\"url\":\"https:\\\/\\\/www.organisator.ch\\\/fr\\\/author\\\/adelisa-kalajdzini\\\/\"}]}<\/script>\n<!-- \/ Yoast SEO plugin. -->","yoast_head_json":{"title":"Changement de direction chez Wander AG - Organisateur","description":"Arnold Furtwaengler, CEO de Wander AG, se retire de l'entreprise Wander apr\u00e8s 28 ans et prend une retraite anticip\u00e9e en janvier 2025.","robots":{"index":"index","follow":"follow","max-snippet":"max-snippet:-1","max-image-preview":"max-image-preview:large","max-video-preview":"max-video-preview:-1"},"canonical":"https:\/\/www.organisator.ch\/fr\/gestion-2\/2024-09-02\/fuehrungswechsel-bei-der-wander-ag\/","og_locale":"fr_FR","og_type":"article","og_title":"F\u00fchrungswechsel bei der Wander AG","og_description":"Arnold Furtwaengler, CEO der Wander AG, zieht sich nach 28 Jahren aus der Firma Wander zur\u00fcck und geht im Januar 2025 vorzeitig in Pension.","og_url":"https:\/\/www.organisator.ch\/fr\/gestion-2\/2024-09-02\/fuehrungswechsel-bei-der-wander-ag\/","og_site_name":"Organisator","article_publisher":"https:\/\/www.facebook.com\/OrganisatorFachmagazin","article_published_time":"2024-09-02T09:07:17+00:00","og_image":[{"width":680,"height":424,"url":"https:\/\/www.organisator.ch\/wp-content\/uploads\/2024\/09\/Wander-AG_Bild1_ps.jpg","type":"image\/jpeg"}],"author":"Adelisa Kalajdzini","twitter_card":"summary_large_image","twitter_title":"F\u00fchrungswechsel bei der Wander AG","twitter_description":"#Arnold #Furtwaengler, #CEO der #Wander AG, zieht sich nach 28 Jahren aus der Firma Wander zur\u00fcck und geht im Januar 2025 vorzeitig in #Pension.","twitter_image":"https:\/\/www.organisator.ch\/wp-content\/uploads\/2024\/09\/Wander-AG_Bild1_ps.jpg","schema":{"@context":"https:\/\/schema.org","@graph":[{"@type":"Article","@id":"https:\/\/www.organisator.ch\/management\/2024-09-02\/fuehrungswechsel-bei-der-wander-ag\/#article","isPartOf":{"@id":"https:\/\/www.organisator.ch\/management\/2024-09-02\/fuehrungswechsel-bei-der-wander-ag\/"},"author":{"name":"Adelisa Kalajdzini","@id":"https:\/\/www.organisator.ch\/#\/schema\/person\/2e1314a2172123f874db408d8911d3f3"},"headline":"F\u00fchrungswechsel bei der Wander AG","datePublished":"2024-09-02T09:07:17+00:00","mainEntityOfPage":{"@id":"https:\/\/www.organisator.ch\/management\/2024-09-02\/fuehrungswechsel-bei-der-wander-ag\/"},"wordCount":264,"publisher":{"@id":"https:\/\/www.organisator.ch\/#organization"},"image":{"@id":"https:\/\/www.organisator.ch\/management\/2024-09-02\/fuehrungswechsel-bei-der-wander-ag\/#primaryimage"},"thumbnailUrl":"https:\/\/www.organisator.ch\/wp-content\/uploads\/2024\/09\/Wander-AG_Bild1_ps.jpg","keywords":["Management und Unternehmensf\u00fchrung","Schweiz","Unternehmen","Wechsel"],"articleSection":["MANAGEMENT"],"inLanguage":"fr-FR"},{"@type":"WebPage","@id":"https:\/\/www.organisator.ch\/management\/2024-09-02\/fuehrungswechsel-bei-der-wander-ag\/","url":"https:\/\/www.organisator.ch\/management\/2024-09-02\/fuehrungswechsel-bei-der-wander-ag\/","name":"Changement de direction chez Wander AG - Organisateur","isPartOf":{"@id":"https:\/\/www.organisator.ch\/#website"},"primaryImageOfPage":{"@id":"https:\/\/www.organisator.ch\/management\/2024-09-02\/fuehrungswechsel-bei-der-wander-ag\/#primaryimage"},"image":{"@id":"https:\/\/www.organisator.ch\/management\/2024-09-02\/fuehrungswechsel-bei-der-wander-ag\/#primaryimage"},"thumbnailUrl":"https:\/\/www.organisator.ch\/wp-content\/uploads\/2024\/09\/Wander-AG_Bild1_ps.jpg","datePublished":"2024-09-02T09:07:17+00:00","description":"Arnold Furtwaengler, CEO de Wander AG, se retire de l'entreprise Wander apr\u00e8s 28 ans et prend une retraite anticip\u00e9e en janvier 2025.","breadcrumb":{"@id":"https:\/\/www.organisator.ch\/management\/2024-09-02\/fuehrungswechsel-bei-der-wander-ag\/#breadcrumb"},"inLanguage":"fr-FR","potentialAction":[{"@type":"ReadAction","target":["https:\/\/www.organisator.ch\/management\/2024-09-02\/fuehrungswechsel-bei-der-wander-ag\/"]}]},{"@type":"ImageObject","inLanguage":"fr-FR","@id":"https:\/\/www.organisator.ch\/management\/2024-09-02\/fuehrungswechsel-bei-der-wander-ag\/#primaryimage","url":"https:\/\/www.organisator.ch\/wp-content\/uploads\/2024\/09\/Wander-AG_Bild1_ps.jpg","contentUrl":"https:\/\/www.organisator.ch\/wp-content\/uploads\/2024\/09\/Wander-AG_Bild1_ps.jpg","width":680,"height":424,"caption":"Arnold Furtwaengler, CEO der Wander AG, geht im Januar 2025 vorzeitig in Pension. (Bild: www.wander.ch)"},{"@type":"BreadcrumbList","@id":"https:\/\/www.organisator.ch\/management\/2024-09-02\/fuehrungswechsel-bei-der-wander-ag\/#breadcrumb","itemListElement":[{"@type":"ListItem","position":1,"name":"Home","item":"https:\/\/www.organisator.ch\/"},{"@type":"ListItem","position":2,"name":"F\u00fchrungswechsel bei der Wander AG"}]},{"@type":"WebSite","@id":"https:\/\/www.organisator.ch\/#website","url":"https:\/\/www.organisator.ch\/","name":"Organisateur","description":"Comp\u00e9tence et comp\u00e9tence. Proches de la pratique. L'ORGANISATEUR pr\u00e9pare 10 num\u00e9ros par an sur les th\u00e8mes essentiels pour les dirigeants de PME.","publisher":{"@id":"https:\/\/www.organisator.ch\/#organization"},"potentialAction":[{"@type":"SearchAction","target":{"@type":"EntryPoint","urlTemplate":"https:\/\/www.organisator.ch\/?s={search_term_string}"},"query-input":{"@type":"PropertyValueSpecification","valueRequired":true,"valueName":"search_term_string"}}],"inLanguage":"fr-FR"},{"@type":"Organization","@id":"https:\/\/www.organisator.ch\/#organization","name":"Organisateur","url":"https:\/\/www.organisator.ch\/","logo":{"@type":"ImageObject","inLanguage":"fr-FR","@id":"https:\/\/www.organisator.ch\/#\/schema\/logo\/image\/","url":"https:\/\/www.organisator.ch\/wp-content\/uploads\/2022\/01\/Logo_Organisator_Website.png","contentUrl":"https:\/\/www.organisator.ch\/wp-content\/uploads\/2022\/01\/Logo_Organisator_Website.png","width":800,"height":77,"caption":"Organisator"},"image":{"@id":"https:\/\/www.organisator.ch\/#\/schema\/logo\/image\/"},"sameAs":["https:\/\/www.facebook.com\/OrganisatorFachmagazin","https:\/\/www.linkedin.com\/showcase\/organisator-das-magazin-fr-kmu","https:\/\/www.xing.com\/news\/pages\/organisator-ch-695","https:\/\/www.youtube.com\/channel\/UCGP2Sq0iWaZwT3BdIAQFYpw"]},{"@type":"Person","@id":"https:\/\/www.organisator.ch\/#\/schema\/person\/2e1314a2172123f874db408d8911d3f3","name":"Adelisa Kalajdzini","image":{"@type":"ImageObject","inLanguage":"fr-FR","@id":"https:\/\/secure.gravatar.com\/avatar\/09a397c22ac58cad6f160ee8306348599df9df58a8ede73696226897b9fa4b24?s=96&d=mm&r=g","url":"https:\/\/secure.gravatar.com\/avatar\/09a397c22ac58cad6f160ee8306348599df9df58a8ede73696226897b9fa4b24?s=96&d=mm&r=g","contentUrl":"https:\/\/secure.gravatar.com\/avatar\/09a397c22ac58cad6f160ee8306348599df9df58a8ede73696226897b9fa4b24?s=96&d=mm&r=g","caption":"Adelisa Kalajdzini"},"url":"https:\/\/www.organisator.ch\/fr\/author\/adelisa-kalajdzini\/"}]}},"_links":{"self":[{"href":"https:\/\/www.organisator.ch\/fr\/wp-json\/wp\/v2\/posts\/29477","targetHints":{"allow":["GET"]}}],"collection":[{"href":"https:\/\/www.organisator.ch\/fr\/wp-json\/wp\/v2\/posts"}],"about":[{"href":"https:\/\/www.organisator.ch\/fr\/wp-json\/wp\/v2\/types\/post"}],"author":[{"embeddable":true,"href":"https:\/\/www.organisator.ch\/fr\/wp-json\/wp\/v2\/users\/58"}],"replies":[{"embeddable":true,"href":"https:\/\/www.organisator.ch\/fr\/wp-json\/wp\/v2\/comments?post=29477"}],"version-history":[{"count":4,"href":"https:\/\/www.organisator.ch\/fr\/wp-json\/wp\/v2\/posts\/29477\/revisions"}],"predecessor-version":[{"id":29528,"href":"https:\/\/www.organisator.ch\/fr\/wp-json\/wp\/v2\/posts\/29477\/revisions\/29528"}],"wp:featuredmedia":[{"embeddable":true,"href":"https:\/\/www.organisator.ch\/fr\/wp-json\/wp\/v2\/media\/29478"}],"wp:attachment":[{"href":"https:\/\/www.organisator.ch\/fr\/wp-json\/wp\/v2\/media?parent=29477"}],"wp:term":[{"taxonomy":"category","embeddable":true,"href":"https:\/\/www.organisator.ch\/fr\/wp-json\/wp\/v2\/categories?post=29477"},{"taxonomy":"post_tag","embeddable":true,"href":"https:\/\/www.organisator.ch\/fr\/wp-json\/wp\/v2\/tags?post=29477"}],"curies":[{"name":"wp","href":"https:\/\/api.w.org\/{rel}","templated":true}]}}