{"id":29535,"date":"2024-09-04T10:51:26","date_gmt":"2024-09-04T08:51:26","guid":{"rendered":"https:\/\/www.organisator.ch\/?p=29535"},"modified":"2024-09-04T10:51:26","modified_gmt":"2024-09-04T08:51:26","slug":"spatenstich-in-baar-fuer-innovative-abfallentsorgung","status":"publish","type":"post","link":"https:\/\/www.organisator.ch\/fr\/sustainability\/2024-09-04\/spatenstich-in-baar-fuer-innovative-abfallentsorgung\/","title":{"rendered":"Premier coup de pioche \u00e0 Baar pour une \u00e9limination innovante des d\u00e9chets"},"content":{"rendered":"<figure id=\"attachment_29536\" aria-describedby=\"caption-attachment-29536\" style=\"width: 680px\" class=\"wp-caption alignnone\"><img loading=\"lazy\" decoding=\"async\" class=\"size-full wp-image-29536\" src=\"https:\/\/www.organisator.ch\/wp-content\/uploads\/2024\/09\/Convoltas_Bild1_ps.jpg\" alt=\"\" width=\"680\" height=\"665\" srcset=\"https:\/\/www.organisator.ch\/wp-content\/uploads\/2024\/09\/Convoltas_Bild1_ps.jpg 680w, https:\/\/www.organisator.ch\/wp-content\/uploads\/2024\/09\/Convoltas_Bild1_ps-12x12.jpg 12w, https:\/\/www.organisator.ch\/wp-content\/uploads\/2024\/09\/Convoltas_Bild1_ps-307x300.jpg 307w, https:\/\/www.organisator.ch\/wp-content\/uploads\/2024\/09\/Convoltas_Bild1_ps-358x350.jpg 358w\" sizes=\"auto, (max-width: 680px) 100vw, 680px\" \/><figcaption id=\"caption-attachment-29536\" class=\"wp-caption-text\">De gauche \u00e0 droite : Martin Uhr, Adrian Risi, Walter Lipp, Reto H\u00fcrlimann. (Image : www.convoltas.ch)<\/figcaption><\/figure>\n<p>\"Nous sommes heureux de pouvoir commencer les travaux de construction \u00e0 Gulmmatt\", d\u00e9clare Martin Uhr, directeur de convoltas AG. En compagnie du d\u00e9put\u00e9 cantonal Adrian Risi, du pr\u00e9sident du conseil d'administration de ZEBA Walter Lipp et de Reto H\u00fcrlimann, propri\u00e9taire de R. H\u00fcrlimann AG Transporte, Martin Uhr se tient sur la Gulmmatt, un peu au-dessus de Baar, en cette fin de matin\u00e9e d'\u00e9t\u00e9. Il a les yeux riv\u00e9s sur l'une des plus grandes installations solaires du canton de Zoug. Celle-ci a \u00e9t\u00e9 r\u00e9alis\u00e9e par convoltas sur le site de Risi Immobilien AG, et sera termin\u00e9e d\u00e8s 2021. Elle produit environ 1,8 m\u00e9gawatt en p\u00e9riode de pointe. Un nouveau chapitre s'ouvre maintenant \u00e0 Gulmmatt, dont le rayonnement devrait d\u00e9passer les fronti\u00e8res du canton, comme le souligne Walter Lipp : \"Ce projet montre comment, gr\u00e2ce \u00e0 une planification clairvoyante, il est possible d'exploiter progressivement des potentiels de d\u00e9veloppement entrepreneurial et de faire ainsi face aux exigences changeantes de l'avenir\".<\/p>\n<h3><strong>Z\u00e9ro \u00e9mission : Gulmmatt devient une pi\u00e8ce ma\u00eetresse<\/strong><\/h3>\n<p>Afin de mettre en \u0153uvre la gestion cantonale des d\u00e9chets avec une motorisation alternative \u00e0 partir du 1er janvier 2025, R. H\u00fcrlimann AG Transporte a charg\u00e9 convoltas AG, en collaboration avec Adrian Risi, conseiller cantonal UDC et directeur de Risi Immobilien AG, propri\u00e9taire de Gulmmatt, de d\u00e9velopper une solution de terrain correspondante afin d'alimenter en \u00e9lectricit\u00e9 les huit bennes \u00e0 ordures enti\u00e8rement \u00e9lectriques comprises dans le projet. Le projet comprend la construction d'un nouveau poste de transformation et d'une station de recharge, ainsi que l'int\u00e9gration optionnelle d'un accumulateur d'\u00e9nergie. Chaque v\u00e9hicule dispose d'une puissance de 50 kW. En cas de besoin, ceux-ci peuvent toutefois \u00eatre charg\u00e9s plus rapidement avec 150 - 180 kW, par exemple \u00e0 midi, afin de permettre d'\u00e9ventuelles charges interm\u00e9diaires pour des trajets plus longs ou suppl\u00e9mentaires. Du point de vue de la charge, la station de transformation est en mesure d'alimenter 32 v\u00e9hicules simultan\u00e9ment en \u00e9lectricit\u00e9.<\/p>\n<h3><strong>Les solutions de terrain comme cl\u00e9 de l'\u00e9lectrification<\/strong><\/h3>\n<p>Le projet de Gulmmatt a \u00e9t\u00e9 con\u00e7u sur mesure par R. H\u00fcrlimann AG Transporte et convoltas AG pour les tourn\u00e9es de d\u00e9chets dans le canton de Zoug. convoltas AG apporte son soutien pendant toute la dur\u00e9e du projet et cr\u00e9e, \u00e0 l'aide des connaissances attendues - probablement dans un d\u00e9lai de deux ans - un mod\u00e8le d'entreprise \u00e9volutif qui rend possible des solutions de mobilit\u00e9 \u00e9lectrique sur site. Martin Uhr explique : \"Le passage \u00e0 des motorisations alternatives contribue de mani\u00e8re significative \u00e0 la r\u00e9duction des \u00e9missions locales de CO2 dans le canton de Zoug et constitue un pas important vers un avenir durable\".<\/p>\n<h3><strong>Stabilit\u00e9 du r\u00e9seau d\u00e9j\u00e0 pr\u00e9vue<\/strong><\/h3>\n<p>Un accumulateur d'\u00e9nergie est d\u00e9j\u00e0 pr\u00e9vu pour optimiser la consommation propre du site. Il permettrait de stocker l'\u00e9lectricit\u00e9 solaire produite sur le site. Il sert \u00e9galement \u00e0 la gestion de la charge et est donc en mesure de r\u00e9duire les pics de charge. La consommation et la production d'\u00e9nergie solaire peuvent ainsi \u00eatre pilot\u00e9es en fonction du r\u00e9seau, ce qui permet de garantir l'approvisionnement \u00e0 l'avenir et d'\u00e9viter d'\u00e9ventuels goulots d'\u00e9tranglement et situations d'urgence dans le r\u00e9seau d'approvisionnement.<\/p>\n<p><em>Source : <a href=\"http:\/\/www.convoltas.ch\">www.convoltas.ch<\/a><\/em><\/p>","protected":false},"excerpt":{"rendered":"<p>A partir du 1er janvier 2025, la gestion des d\u00e9chets du canton de Zoug se fera d\u00e9sormais avec des v\u00e9hicules \u00e9lectriques. Les travaux de construction commencent \u00e0 Gulmmatt, au-dessus de Baar : L'entreprise zougoise R. H\u00fcrlimann Transporte, qui a remport\u00e9 l'appel d'offres cantonal de ZEBA Zoug, met en \u0153uvre, en collaboration avec Risi Immobilien et convoltas, cette solution innovante pour le site, qui aura valeur de signal pour les pouvoirs publics. <\/p>","protected":false},"author":58,"featured_media":29536,"comment_status":"closed","ping_status":"closed","sticky":false,"template":"","format":"standard","meta":{"_acf_changed":false,"_yoast_wpseo_focuskw":"Abfallentsorgung","_yoast_wpseo_metadesc":"Ab 1. Januar 2025 wird die Abfallbewirtschaftung des Kantons Zug neu mit E-Fahrzeugen abgewickelt. Die Bauarbeiten beginnen.","articlekey":"","footnotes":""},"categories":[580],"tags":[3009,2246,492,4454],"class_list":["post-29535","post","type-post","status-publish","format-standard","has-post-thumbnail","hentry","category-sustainability","tag-abfallentsorgung","tag-sustainability","tag-unternehmen","tag-zero-emission"],"acf":[],"yoast_head":"<!-- This site is optimized with the Yoast SEO plugin v27.5 - https:\/\/yoast.com\/product\/yoast-seo-wordpress\/ -->\n<title>Spatenstich in Baar f\u00fcr innovative Abfallentsorgung - Organisator<\/title>\n<meta name=\"description\" content=\"Ab 1. Januar 2025 wird die Abfallbewirtschaftung des Kantons Zug neu mit E-Fahrzeugen abgewickelt. Die Bauarbeiten beginnen.\" \/>\n<meta name=\"robots\" content=\"index, follow, max-snippet:-1, max-image-preview:large, max-video-preview:-1\" \/>\n<link rel=\"canonical\" href=\"https:\/\/www.organisator.ch\/fr\/sustainability\/2024-09-04\/spatenstich-in-baar-fuer-innovative-abfallentsorgung\/\" \/>\n<meta property=\"og:locale\" content=\"fr_FR\" \/>\n<meta property=\"og:type\" content=\"article\" \/>\n<meta property=\"og:title\" content=\"Spatenstich in Baar f\u00fcr innovative Abfallentsorgung\" \/>\n<meta property=\"og:description\" content=\"Ab 1. Januar 2025 wird die Abfallbewirtschaftung des Kantons Zug neu mit E-Fahrzeugen abgewickelt. Die Bauarbeiten beginnen.\" \/>\n<meta property=\"og:url\" content=\"https:\/\/www.organisator.ch\/fr\/sustainability\/2024-09-04\/spatenstich-in-baar-fuer-innovative-abfallentsorgung\/\" \/>\n<meta property=\"og:site_name\" content=\"Organisator\" \/>\n<meta property=\"article:publisher\" content=\"https:\/\/www.facebook.com\/OrganisatorFachmagazin\" \/>\n<meta property=\"article:published_time\" content=\"2024-09-04T08:51:26+00:00\" \/>\n<meta property=\"og:image\" content=\"https:\/\/www.organisator.ch\/wp-content\/uploads\/2024\/09\/Convoltas_Bild1_ps.jpg\" \/>\n\t<meta property=\"og:image:width\" content=\"680\" \/>\n\t<meta property=\"og:image:height\" content=\"665\" \/>\n\t<meta property=\"og:image:type\" content=\"image\/jpeg\" \/>\n<meta name=\"author\" content=\"Adelisa Kalajdzini\" \/>\n<meta name=\"twitter:card\" content=\"summary_large_image\" \/>\n<meta name=\"twitter:title\" content=\"Spatenstich in Baar f\u00fcr innovative Abfallentsorgung\" \/>\n<meta name=\"twitter:description\" content=\"Ab 1. Januar 2025 wird die #Abfallbewirtschaftung des Kantons #Zug neu mit #E-Fahrzeugen abgewickelt. Die #Bauarbeiten beginnen.\" \/>\n<meta name=\"twitter:image\" content=\"https:\/\/www.organisator.ch\/wp-content\/uploads\/2024\/09\/Convoltas_Bild1_ps.jpg\" \/>\n<script type=\"application\/ld+json\" class=\"yoast-schema-graph\">{\"@context\":\"https:\\\/\\\/schema.org\",\"@graph\":[{\"@type\":\"Article\",\"@id\":\"https:\\\/\\\/www.organisator.ch\\\/sustainability\\\/2024-09-04\\\/spatenstich-in-baar-fuer-innovative-abfallentsorgung\\\/#article\",\"isPartOf\":{\"@id\":\"https:\\\/\\\/www.organisator.ch\\\/sustainability\\\/2024-09-04\\\/spatenstich-in-baar-fuer-innovative-abfallentsorgung\\\/\"},\"author\":{\"name\":\"Adelisa Kalajdzini\",\"@id\":\"https:\\\/\\\/www.organisator.ch\\\/#\\\/schema\\\/person\\\/2e1314a2172123f874db408d8911d3f3\"},\"headline\":\"Spatenstich in Baar f\u00fcr innovative Abfallentsorgung\",\"datePublished\":\"2024-09-04T08:51:26+00:00\",\"mainEntityOfPage\":{\"@id\":\"https:\\\/\\\/www.organisator.ch\\\/sustainability\\\/2024-09-04\\\/spatenstich-in-baar-fuer-innovative-abfallentsorgung\\\/\"},\"wordCount\":463,\"publisher\":{\"@id\":\"https:\\\/\\\/www.organisator.ch\\\/#organization\"},\"image\":{\"@id\":\"https:\\\/\\\/www.organisator.ch\\\/sustainability\\\/2024-09-04\\\/spatenstich-in-baar-fuer-innovative-abfallentsorgung\\\/#primaryimage\"},\"thumbnailUrl\":\"https:\\\/\\\/www.organisator.ch\\\/wp-content\\\/uploads\\\/2024\\\/09\\\/Convoltas_Bild1_ps.jpg\",\"keywords\":[\"Abfallentsorgung\",\"Sustainability\",\"Unternehmen\",\"Zero Emission\"],\"articleSection\":[\"SUSTAINABILITY\"],\"inLanguage\":\"fr-FR\"},{\"@type\":\"WebPage\",\"@id\":\"https:\\\/\\\/www.organisator.ch\\\/sustainability\\\/2024-09-04\\\/spatenstich-in-baar-fuer-innovative-abfallentsorgung\\\/\",\"url\":\"https:\\\/\\\/www.organisator.ch\\\/sustainability\\\/2024-09-04\\\/spatenstich-in-baar-fuer-innovative-abfallentsorgung\\\/\",\"name\":\"Spatenstich in Baar f\u00fcr innovative Abfallentsorgung - Organisator\",\"isPartOf\":{\"@id\":\"https:\\\/\\\/www.organisator.ch\\\/#website\"},\"primaryImageOfPage\":{\"@id\":\"https:\\\/\\\/www.organisator.ch\\\/sustainability\\\/2024-09-04\\\/spatenstich-in-baar-fuer-innovative-abfallentsorgung\\\/#primaryimage\"},\"image\":{\"@id\":\"https:\\\/\\\/www.organisator.ch\\\/sustainability\\\/2024-09-04\\\/spatenstich-in-baar-fuer-innovative-abfallentsorgung\\\/#primaryimage\"},\"thumbnailUrl\":\"https:\\\/\\\/www.organisator.ch\\\/wp-content\\\/uploads\\\/2024\\\/09\\\/Convoltas_Bild1_ps.jpg\",\"datePublished\":\"2024-09-04T08:51:26+00:00\",\"description\":\"Ab 1. Januar 2025 wird die Abfallbewirtschaftung des Kantons Zug neu mit E-Fahrzeugen abgewickelt. Die Bauarbeiten beginnen.\",\"breadcrumb\":{\"@id\":\"https:\\\/\\\/www.organisator.ch\\\/sustainability\\\/2024-09-04\\\/spatenstich-in-baar-fuer-innovative-abfallentsorgung\\\/#breadcrumb\"},\"inLanguage\":\"fr-FR\",\"potentialAction\":[{\"@type\":\"ReadAction\",\"target\":[\"https:\\\/\\\/www.organisator.ch\\\/sustainability\\\/2024-09-04\\\/spatenstich-in-baar-fuer-innovative-abfallentsorgung\\\/\"]}]},{\"@type\":\"ImageObject\",\"inLanguage\":\"fr-FR\",\"@id\":\"https:\\\/\\\/www.organisator.ch\\\/sustainability\\\/2024-09-04\\\/spatenstich-in-baar-fuer-innovative-abfallentsorgung\\\/#primaryimage\",\"url\":\"https:\\\/\\\/www.organisator.ch\\\/wp-content\\\/uploads\\\/2024\\\/09\\\/Convoltas_Bild1_ps.jpg\",\"contentUrl\":\"https:\\\/\\\/www.organisator.ch\\\/wp-content\\\/uploads\\\/2024\\\/09\\\/Convoltas_Bild1_ps.jpg\",\"width\":680,\"height\":665,\"caption\":\"Vlnr. Martin Uhr, Adrian Risi, Walter Lipp, Reto H\u00fcrlimann. (Bild: www.convoltas.ch)\"},{\"@type\":\"BreadcrumbList\",\"@id\":\"https:\\\/\\\/www.organisator.ch\\\/sustainability\\\/2024-09-04\\\/spatenstich-in-baar-fuer-innovative-abfallentsorgung\\\/#breadcrumb\",\"itemListElement\":[{\"@type\":\"ListItem\",\"position\":1,\"name\":\"Home\",\"item\":\"https:\\\/\\\/www.organisator.ch\\\/\"},{\"@type\":\"ListItem\",\"position\":2,\"name\":\"Spatenstich in Baar f\u00fcr innovative Abfallentsorgung\"}]},{\"@type\":\"WebSite\",\"@id\":\"https:\\\/\\\/www.organisator.ch\\\/#website\",\"url\":\"https:\\\/\\\/www.organisator.ch\\\/\",\"name\":\"Organisator\",\"description\":\"Kompetent. Praxisnah. Der ORGANISATOR bereitet in 10 Ausgaben pro Jahr die wesentlichen Themen f\u00fcr F\u00fchrungskr\u00e4fte von KMU auf.\",\"publisher\":{\"@id\":\"https:\\\/\\\/www.organisator.ch\\\/#organization\"},\"potentialAction\":[{\"@type\":\"SearchAction\",\"target\":{\"@type\":\"EntryPoint\",\"urlTemplate\":\"https:\\\/\\\/www.organisator.ch\\\/?s={search_term_string}\"},\"query-input\":{\"@type\":\"PropertyValueSpecification\",\"valueRequired\":true,\"valueName\":\"search_term_string\"}}],\"inLanguage\":\"fr-FR\"},{\"@type\":\"Organization\",\"@id\":\"https:\\\/\\\/www.organisator.ch\\\/#organization\",\"name\":\"Organisator\",\"url\":\"https:\\\/\\\/www.organisator.ch\\\/\",\"logo\":{\"@type\":\"ImageObject\",\"inLanguage\":\"fr-FR\",\"@id\":\"https:\\\/\\\/www.organisator.ch\\\/#\\\/schema\\\/logo\\\/image\\\/\",\"url\":\"https:\\\/\\\/www.organisator.ch\\\/wp-content\\\/uploads\\\/2022\\\/01\\\/Logo_Organisator_Website.png\",\"contentUrl\":\"https:\\\/\\\/www.organisator.ch\\\/wp-content\\\/uploads\\\/2022\\\/01\\\/Logo_Organisator_Website.png\",\"width\":800,\"height\":77,\"caption\":\"Organisator\"},\"image\":{\"@id\":\"https:\\\/\\\/www.organisator.ch\\\/#\\\/schema\\\/logo\\\/image\\\/\"},\"sameAs\":[\"https:\\\/\\\/www.facebook.com\\\/OrganisatorFachmagazin\",\"https:\\\/\\\/www.linkedin.com\\\/showcase\\\/organisator-das-magazin-fr-kmu\",\"https:\\\/\\\/www.xing.com\\\/news\\\/pages\\\/organisator-ch-695\",\"https:\\\/\\\/www.youtube.com\\\/channel\\\/UCGP2Sq0iWaZwT3BdIAQFYpw\"]},{\"@type\":\"Person\",\"@id\":\"https:\\\/\\\/www.organisator.ch\\\/#\\\/schema\\\/person\\\/2e1314a2172123f874db408d8911d3f3\",\"name\":\"Adelisa Kalajdzini\",\"image\":{\"@type\":\"ImageObject\",\"inLanguage\":\"fr-FR\",\"@id\":\"https:\\\/\\\/secure.gravatar.com\\\/avatar\\\/09a397c22ac58cad6f160ee8306348599df9df58a8ede73696226897b9fa4b24?s=96&d=mm&r=g\",\"url\":\"https:\\\/\\\/secure.gravatar.com\\\/avatar\\\/09a397c22ac58cad6f160ee8306348599df9df58a8ede73696226897b9fa4b24?s=96&d=mm&r=g\",\"contentUrl\":\"https:\\\/\\\/secure.gravatar.com\\\/avatar\\\/09a397c22ac58cad6f160ee8306348599df9df58a8ede73696226897b9fa4b24?s=96&d=mm&r=g\",\"caption\":\"Adelisa Kalajdzini\"},\"url\":\"https:\\\/\\\/www.organisator.ch\\\/fr\\\/author\\\/adelisa-kalajdzini\\\/\"}]}<\/script>\n<!-- \/ Yoast SEO plugin. -->","yoast_head_json":{"title":"Premier coup de pioche \u00e0 Baar pour une gestion innovante des d\u00e9chets - Organisateur","description":"A partir du 1er janvier 2025, la gestion des d\u00e9chets du canton de Zoug sera d\u00e9sormais assur\u00e9e par des v\u00e9hicules \u00e9lectriques. Les travaux commencent.","robots":{"index":"index","follow":"follow","max-snippet":"max-snippet:-1","max-image-preview":"max-image-preview:large","max-video-preview":"max-video-preview:-1"},"canonical":"https:\/\/www.organisator.ch\/fr\/sustainability\/2024-09-04\/spatenstich-in-baar-fuer-innovative-abfallentsorgung\/","og_locale":"fr_FR","og_type":"article","og_title":"Spatenstich in Baar f\u00fcr innovative Abfallentsorgung","og_description":"Ab 1. Januar 2025 wird die Abfallbewirtschaftung des Kantons Zug neu mit E-Fahrzeugen abgewickelt. Die Bauarbeiten beginnen.","og_url":"https:\/\/www.organisator.ch\/fr\/sustainability\/2024-09-04\/spatenstich-in-baar-fuer-innovative-abfallentsorgung\/","og_site_name":"Organisator","article_publisher":"https:\/\/www.facebook.com\/OrganisatorFachmagazin","article_published_time":"2024-09-04T08:51:26+00:00","og_image":[{"width":680,"height":665,"url":"https:\/\/www.organisator.ch\/wp-content\/uploads\/2024\/09\/Convoltas_Bild1_ps.jpg","type":"image\/jpeg"}],"author":"Adelisa Kalajdzini","twitter_card":"summary_large_image","twitter_title":"Spatenstich in Baar f\u00fcr innovative Abfallentsorgung","twitter_description":"Ab 1. Januar 2025 wird die #Abfallbewirtschaftung des Kantons #Zug neu mit #E-Fahrzeugen abgewickelt. Die #Bauarbeiten beginnen.","twitter_image":"https:\/\/www.organisator.ch\/wp-content\/uploads\/2024\/09\/Convoltas_Bild1_ps.jpg","schema":{"@context":"https:\/\/schema.org","@graph":[{"@type":"Article","@id":"https:\/\/www.organisator.ch\/sustainability\/2024-09-04\/spatenstich-in-baar-fuer-innovative-abfallentsorgung\/#article","isPartOf":{"@id":"https:\/\/www.organisator.ch\/sustainability\/2024-09-04\/spatenstich-in-baar-fuer-innovative-abfallentsorgung\/"},"author":{"name":"Adelisa Kalajdzini","@id":"https:\/\/www.organisator.ch\/#\/schema\/person\/2e1314a2172123f874db408d8911d3f3"},"headline":"Spatenstich in Baar f\u00fcr innovative Abfallentsorgung","datePublished":"2024-09-04T08:51:26+00:00","mainEntityOfPage":{"@id":"https:\/\/www.organisator.ch\/sustainability\/2024-09-04\/spatenstich-in-baar-fuer-innovative-abfallentsorgung\/"},"wordCount":463,"publisher":{"@id":"https:\/\/www.organisator.ch\/#organization"},"image":{"@id":"https:\/\/www.organisator.ch\/sustainability\/2024-09-04\/spatenstich-in-baar-fuer-innovative-abfallentsorgung\/#primaryimage"},"thumbnailUrl":"https:\/\/www.organisator.ch\/wp-content\/uploads\/2024\/09\/Convoltas_Bild1_ps.jpg","keywords":["Abfallentsorgung","Sustainability","Unternehmen","Zero Emission"],"articleSection":["SUSTAINABILITY"],"inLanguage":"fr-FR"},{"@type":"WebPage","@id":"https:\/\/www.organisator.ch\/sustainability\/2024-09-04\/spatenstich-in-baar-fuer-innovative-abfallentsorgung\/","url":"https:\/\/www.organisator.ch\/sustainability\/2024-09-04\/spatenstich-in-baar-fuer-innovative-abfallentsorgung\/","name":"Premier coup de pioche \u00e0 Baar pour une gestion innovante des d\u00e9chets - Organisateur","isPartOf":{"@id":"https:\/\/www.organisator.ch\/#website"},"primaryImageOfPage":{"@id":"https:\/\/www.organisator.ch\/sustainability\/2024-09-04\/spatenstich-in-baar-fuer-innovative-abfallentsorgung\/#primaryimage"},"image":{"@id":"https:\/\/www.organisator.ch\/sustainability\/2024-09-04\/spatenstich-in-baar-fuer-innovative-abfallentsorgung\/#primaryimage"},"thumbnailUrl":"https:\/\/www.organisator.ch\/wp-content\/uploads\/2024\/09\/Convoltas_Bild1_ps.jpg","datePublished":"2024-09-04T08:51:26+00:00","description":"A partir du 1er janvier 2025, la gestion des d\u00e9chets du canton de Zoug sera d\u00e9sormais assur\u00e9e par des v\u00e9hicules \u00e9lectriques. Les travaux commencent.","breadcrumb":{"@id":"https:\/\/www.organisator.ch\/sustainability\/2024-09-04\/spatenstich-in-baar-fuer-innovative-abfallentsorgung\/#breadcrumb"},"inLanguage":"fr-FR","potentialAction":[{"@type":"ReadAction","target":["https:\/\/www.organisator.ch\/sustainability\/2024-09-04\/spatenstich-in-baar-fuer-innovative-abfallentsorgung\/"]}]},{"@type":"ImageObject","inLanguage":"fr-FR","@id":"https:\/\/www.organisator.ch\/sustainability\/2024-09-04\/spatenstich-in-baar-fuer-innovative-abfallentsorgung\/#primaryimage","url":"https:\/\/www.organisator.ch\/wp-content\/uploads\/2024\/09\/Convoltas_Bild1_ps.jpg","contentUrl":"https:\/\/www.organisator.ch\/wp-content\/uploads\/2024\/09\/Convoltas_Bild1_ps.jpg","width":680,"height":665,"caption":"Vlnr. Martin Uhr, Adrian Risi, Walter Lipp, Reto H\u00fcrlimann. (Bild: www.convoltas.ch)"},{"@type":"BreadcrumbList","@id":"https:\/\/www.organisator.ch\/sustainability\/2024-09-04\/spatenstich-in-baar-fuer-innovative-abfallentsorgung\/#breadcrumb","itemListElement":[{"@type":"ListItem","position":1,"name":"Home","item":"https:\/\/www.organisator.ch\/"},{"@type":"ListItem","position":2,"name":"Spatenstich in Baar f\u00fcr innovative Abfallentsorgung"}]},{"@type":"WebSite","@id":"https:\/\/www.organisator.ch\/#website","url":"https:\/\/www.organisator.ch\/","name":"Organisateur","description":"Comp\u00e9tence et comp\u00e9tence. Proches de la pratique. L'ORGANISATEUR pr\u00e9pare 10 num\u00e9ros par an sur les th\u00e8mes essentiels pour les dirigeants de PME.","publisher":{"@id":"https:\/\/www.organisator.ch\/#organization"},"potentialAction":[{"@type":"SearchAction","target":{"@type":"EntryPoint","urlTemplate":"https:\/\/www.organisator.ch\/?s={search_term_string}"},"query-input":{"@type":"PropertyValueSpecification","valueRequired":true,"valueName":"search_term_string"}}],"inLanguage":"fr-FR"},{"@type":"Organization","@id":"https:\/\/www.organisator.ch\/#organization","name":"Organisateur","url":"https:\/\/www.organisator.ch\/","logo":{"@type":"ImageObject","inLanguage":"fr-FR","@id":"https:\/\/www.organisator.ch\/#\/schema\/logo\/image\/","url":"https:\/\/www.organisator.ch\/wp-content\/uploads\/2022\/01\/Logo_Organisator_Website.png","contentUrl":"https:\/\/www.organisator.ch\/wp-content\/uploads\/2022\/01\/Logo_Organisator_Website.png","width":800,"height":77,"caption":"Organisator"},"image":{"@id":"https:\/\/www.organisator.ch\/#\/schema\/logo\/image\/"},"sameAs":["https:\/\/www.facebook.com\/OrganisatorFachmagazin","https:\/\/www.linkedin.com\/showcase\/organisator-das-magazin-fr-kmu","https:\/\/www.xing.com\/news\/pages\/organisator-ch-695","https:\/\/www.youtube.com\/channel\/UCGP2Sq0iWaZwT3BdIAQFYpw"]},{"@type":"Person","@id":"https:\/\/www.organisator.ch\/#\/schema\/person\/2e1314a2172123f874db408d8911d3f3","name":"Adelisa Kalajdzini","image":{"@type":"ImageObject","inLanguage":"fr-FR","@id":"https:\/\/secure.gravatar.com\/avatar\/09a397c22ac58cad6f160ee8306348599df9df58a8ede73696226897b9fa4b24?s=96&d=mm&r=g","url":"https:\/\/secure.gravatar.com\/avatar\/09a397c22ac58cad6f160ee8306348599df9df58a8ede73696226897b9fa4b24?s=96&d=mm&r=g","contentUrl":"https:\/\/secure.gravatar.com\/avatar\/09a397c22ac58cad6f160ee8306348599df9df58a8ede73696226897b9fa4b24?s=96&d=mm&r=g","caption":"Adelisa Kalajdzini"},"url":"https:\/\/www.organisator.ch\/fr\/author\/adelisa-kalajdzini\/"}]}},"_links":{"self":[{"href":"https:\/\/www.organisator.ch\/fr\/wp-json\/wp\/v2\/posts\/29535","targetHints":{"allow":["GET"]}}],"collection":[{"href":"https:\/\/www.organisator.ch\/fr\/wp-json\/wp\/v2\/posts"}],"about":[{"href":"https:\/\/www.organisator.ch\/fr\/wp-json\/wp\/v2\/types\/post"}],"author":[{"embeddable":true,"href":"https:\/\/www.organisator.ch\/fr\/wp-json\/wp\/v2\/users\/58"}],"replies":[{"embeddable":true,"href":"https:\/\/www.organisator.ch\/fr\/wp-json\/wp\/v2\/comments?post=29535"}],"version-history":[{"count":2,"href":"https:\/\/www.organisator.ch\/fr\/wp-json\/wp\/v2\/posts\/29535\/revisions"}],"predecessor-version":[{"id":29557,"href":"https:\/\/www.organisator.ch\/fr\/wp-json\/wp\/v2\/posts\/29535\/revisions\/29557"}],"wp:featuredmedia":[{"embeddable":true,"href":"https:\/\/www.organisator.ch\/fr\/wp-json\/wp\/v2\/media\/29536"}],"wp:attachment":[{"href":"https:\/\/www.organisator.ch\/fr\/wp-json\/wp\/v2\/media?parent=29535"}],"wp:term":[{"taxonomy":"category","embeddable":true,"href":"https:\/\/www.organisator.ch\/fr\/wp-json\/wp\/v2\/categories?post=29535"},{"taxonomy":"post_tag","embeddable":true,"href":"https:\/\/www.organisator.ch\/fr\/wp-json\/wp\/v2\/tags?post=29535"}],"curies":[{"name":"wp","href":"https:\/\/api.w.org\/{rel}","templated":true}]}}