{"id":29538,"date":"2024-09-04T10:55:49","date_gmt":"2024-09-04T08:55:49","guid":{"rendered":"https:\/\/www.markt-kom.com\/?p=222752"},"modified":"2024-11-08T11:55:18","modified_gmt":"2024-11-08T10:55:18","slug":"nina-suma-verstaerkt-fachwerk-advertising","status":"publish","type":"post","link":"https:\/\/www.organisator.ch\/fr\/marketing\/2024-09-04\/nina-suma-verstaerkt-fachwerk-advertising\/","title":{"rendered":"Nina Suma renforce Fachwerk Advertising"},"content":{"rendered":"<p><img class=\"alignnone wp-image-222756 size-full\" src=\"https:\/\/www.markt-kom.com\/wp-content\/uploads\/2024\/09\/Portraitbild-Nina-Suma_1-1.jpg\" alt=\"Nina Suma\" width=\"1275\" height=\"1000\" \/>Fachwerk Advertising a le plaisir d'accueillir Nina Suma au sein de son \u00e9quipe en tant que nouvelle Senior Client Director. Avec Nina Suma, l'agence de publicit\u00e9 gagne une strat\u00e8ge en marketing qui renforcera l'\u00e9quipe de Sursee \u00e0 partir de septembre. Dans son nouveau r\u00f4le, elle s'occupera de l'acquisition de nouveaux clients et du d\u00e9veloppement strat\u00e9gique des relations commerciales existantes.<\/p>\r\n<p>Nina Suma apporte \u00e0 l'agence un lien particulier, car elle conna\u00eet de premi\u00e8re main la m\u00e9thode de travail et la collaboration. En tant qu'ancienne directrice des thermes bien-\u00eatre Fortyseven \u00e0 Baden, elle \u00e9tait responsable de la mise en \u0153uvre de la strat\u00e9gie, de la cr\u00e9ation de la marque et du positionnement sur le march\u00e9 suisse - un projet r\u00e9alis\u00e9 en \u00e9troit partenariat avec Fachwerk Advertising.<\/p>\r\n<p>\"J'ai beaucoup appr\u00e9ci\u00e9 le travail de Fachwerk Advertising en tant que cliente et je suis convaincue de leur approche strat\u00e9gique et de leurs comp\u00e9tences cr\u00e9atives. Je me r\u00e9jouis maintenant de d\u00e9velopper cette expertise avec l'\u00e9quipe et de faire progresser nos clientes et clients\", explique Nina Suma.<\/p>\r\n<hr \/>\r\n<p><em>En tant que membre de l'ASW, Fachwerk Advertising mise sur l'excellence cr\u00e9ative et des approches innovantes dans le monde de la publicit\u00e9 num\u00e9rique et analogique. Son portefeuille comprend des strat\u00e9gies, des concepts et des r\u00e9alisations sur mesure dans les domaines du branding, du campaigning, de l'employer branding, du marketing pharmaceutique et de la sant\u00e9 ainsi que des m\u00e9dias.\u00a0<\/em><\/p>","protected":false},"excerpt":{"rendered":"<p>L'agence renforce son \u00e9quipe avec une ancienne cliente : Nina Suma, qui a d\u00e9j\u00e0 collabor\u00e9 avec succ\u00e8s avec l'agence en tant que directrice du centre thermal de bien-\u00eatre Fortyseven, prend d\u00e8s \u00e0 pr\u00e9sent le poste de Senior Client Director.<\/p>","protected":false},"author":8,"featured_media":0,"comment_status":"closed","ping_status":"closed","sticky":false,"template":"","format":"standard","meta":{"_acf_changed":false,"_yoast_wpseo_focuskw":"Nina Suma","_yoast_wpseo_metadesc":"Nina Suma verst\u00e4rkt Fachwerk Advertising als Senior Client Director, treibt Akquise und strategische Weiterentwicklung voran.","articlekey":"","footnotes":""},"categories":[29],"tags":[2823,4455,2853,4343],"class_list":["post-29538","post","type-post","status-publish","format-standard","hentry","category-marketing","tag-agentur","tag-asw","tag-jobchange","tag-markom"],"acf":[],"yoast_head":"<!-- This site is optimized with the Yoast SEO plugin v27.5 - https:\/\/yoast.com\/product\/yoast-seo-wordpress\/ -->\n<title>Nina Suma verst\u00e4rkt Fachwerk Advertising - Organisator<\/title>\n<meta name=\"description\" content=\"Nina Suma verst\u00e4rkt Fachwerk Advertising als Senior Client Director, treibt Akquise und strategische Weiterentwicklung voran.\" \/>\n<meta name=\"robots\" content=\"index, follow, max-snippet:-1, max-image-preview:large, max-video-preview:-1\" \/>\n<link rel=\"canonical\" href=\"https:\/\/www.organisator.ch\/fr\/marketing\/2024-09-04\/nina-suma-verstaerkt-fachwerk-advertising\/\" \/>\n<meta property=\"og:locale\" content=\"fr_FR\" \/>\n<meta property=\"og:type\" content=\"article\" \/>\n<meta property=\"og:title\" content=\"Nina Suma verst\u00e4rkt Fachwerk Advertising - Organisator\" \/>\n<meta property=\"og:description\" content=\"Nina Suma verst\u00e4rkt Fachwerk Advertising als Senior Client Director, treibt Akquise und strategische Weiterentwicklung voran.\" \/>\n<meta property=\"og:url\" content=\"https:\/\/www.organisator.ch\/fr\/marketing\/2024-09-04\/nina-suma-verstaerkt-fachwerk-advertising\/\" \/>\n<meta property=\"og:site_name\" content=\"Organisator\" \/>\n<meta property=\"article:publisher\" content=\"https:\/\/www.facebook.com\/OrganisatorFachmagazin\" \/>\n<meta property=\"article:published_time\" content=\"2024-09-04T08:55:49+00:00\" \/>\n<meta property=\"article:modified_time\" content=\"2024-11-08T10:55:18+00:00\" \/>\n<meta property=\"og:image\" content=\"https:\/\/www.markt-kom.com\/wp-content\/uploads\/2024\/09\/Portraitbild-Nina-Suma_1-1.jpg\" \/>\n<meta name=\"author\" content=\"galledia\" \/>\n<meta name=\"twitter:card\" content=\"summary_large_image\" \/>\n<meta name=\"twitter:creator\" content=\"@admin\" \/>\n<script type=\"application\/ld+json\" class=\"yoast-schema-graph\">{\"@context\":\"https:\\\/\\\/schema.org\",\"@graph\":[{\"@type\":\"Article\",\"@id\":\"https:\\\/\\\/www.organisator.ch\\\/marketing\\\/2024-09-04\\\/nina-suma-verstaerkt-fachwerk-advertising\\\/#article\",\"isPartOf\":{\"@id\":\"https:\\\/\\\/www.organisator.ch\\\/marketing\\\/2024-09-04\\\/nina-suma-verstaerkt-fachwerk-advertising\\\/\"},\"author\":{\"name\":\"galledia\",\"@id\":\"https:\\\/\\\/www.organisator.ch\\\/#\\\/schema\\\/person\\\/4e51799071cd2dd1232ac003643ef5f0\"},\"headline\":\"Nina Suma verst\u00e4rkt Fachwerk Advertising\",\"datePublished\":\"2024-09-04T08:55:49+00:00\",\"dateModified\":\"2024-11-08T10:55:18+00:00\",\"mainEntityOfPage\":{\"@id\":\"https:\\\/\\\/www.organisator.ch\\\/marketing\\\/2024-09-04\\\/nina-suma-verstaerkt-fachwerk-advertising\\\/\"},\"wordCount\":201,\"publisher\":{\"@id\":\"https:\\\/\\\/www.organisator.ch\\\/#organization\"},\"image\":{\"@id\":\"https:\\\/\\\/www.organisator.ch\\\/marketing\\\/2024-09-04\\\/nina-suma-verstaerkt-fachwerk-advertising\\\/#primaryimage\"},\"thumbnailUrl\":\"https:\\\/\\\/www.markt-kom.com\\\/wp-content\\\/uploads\\\/2024\\\/09\\\/Portraitbild-Nina-Suma_1-1.jpg\",\"keywords\":[\"Agentur\",\"ASW\",\"Jobchange\",\"MarKom\"],\"articleSection\":[\"MARKETING\"],\"inLanguage\":\"fr-FR\"},{\"@type\":\"WebPage\",\"@id\":\"https:\\\/\\\/www.organisator.ch\\\/marketing\\\/2024-09-04\\\/nina-suma-verstaerkt-fachwerk-advertising\\\/\",\"url\":\"https:\\\/\\\/www.organisator.ch\\\/marketing\\\/2024-09-04\\\/nina-suma-verstaerkt-fachwerk-advertising\\\/\",\"name\":\"Nina Suma verst\u00e4rkt Fachwerk Advertising - Organisator\",\"isPartOf\":{\"@id\":\"https:\\\/\\\/www.organisator.ch\\\/#website\"},\"primaryImageOfPage\":{\"@id\":\"https:\\\/\\\/www.organisator.ch\\\/marketing\\\/2024-09-04\\\/nina-suma-verstaerkt-fachwerk-advertising\\\/#primaryimage\"},\"image\":{\"@id\":\"https:\\\/\\\/www.organisator.ch\\\/marketing\\\/2024-09-04\\\/nina-suma-verstaerkt-fachwerk-advertising\\\/#primaryimage\"},\"thumbnailUrl\":\"https:\\\/\\\/www.markt-kom.com\\\/wp-content\\\/uploads\\\/2024\\\/09\\\/Portraitbild-Nina-Suma_1-1.jpg\",\"datePublished\":\"2024-09-04T08:55:49+00:00\",\"dateModified\":\"2024-11-08T10:55:18+00:00\",\"description\":\"Nina Suma verst\u00e4rkt Fachwerk Advertising als Senior Client Director, treibt Akquise und strategische Weiterentwicklung voran.\",\"breadcrumb\":{\"@id\":\"https:\\\/\\\/www.organisator.ch\\\/marketing\\\/2024-09-04\\\/nina-suma-verstaerkt-fachwerk-advertising\\\/#breadcrumb\"},\"inLanguage\":\"fr-FR\",\"potentialAction\":[{\"@type\":\"ReadAction\",\"target\":[\"https:\\\/\\\/www.organisator.ch\\\/marketing\\\/2024-09-04\\\/nina-suma-verstaerkt-fachwerk-advertising\\\/\"]}]},{\"@type\":\"ImageObject\",\"inLanguage\":\"fr-FR\",\"@id\":\"https:\\\/\\\/www.organisator.ch\\\/marketing\\\/2024-09-04\\\/nina-suma-verstaerkt-fachwerk-advertising\\\/#primaryimage\",\"url\":\"https:\\\/\\\/www.markt-kom.com\\\/wp-content\\\/uploads\\\/2024\\\/09\\\/Portraitbild-Nina-Suma_1-1.jpg\",\"contentUrl\":\"https:\\\/\\\/www.markt-kom.com\\\/wp-content\\\/uploads\\\/2024\\\/09\\\/Portraitbild-Nina-Suma_1-1.jpg\"},{\"@type\":\"BreadcrumbList\",\"@id\":\"https:\\\/\\\/www.organisator.ch\\\/marketing\\\/2024-09-04\\\/nina-suma-verstaerkt-fachwerk-advertising\\\/#breadcrumb\",\"itemListElement\":[{\"@type\":\"ListItem\",\"position\":1,\"name\":\"Home\",\"item\":\"https:\\\/\\\/www.organisator.ch\\\/\"},{\"@type\":\"ListItem\",\"position\":2,\"name\":\"Nina Suma verst\u00e4rkt Fachwerk Advertising\"}]},{\"@type\":\"WebSite\",\"@id\":\"https:\\\/\\\/www.organisator.ch\\\/#website\",\"url\":\"https:\\\/\\\/www.organisator.ch\\\/\",\"name\":\"Organisator\",\"description\":\"Kompetent. Praxisnah. Der ORGANISATOR bereitet in 10 Ausgaben pro Jahr die wesentlichen Themen f\u00fcr F\u00fchrungskr\u00e4fte von KMU auf.\",\"publisher\":{\"@id\":\"https:\\\/\\\/www.organisator.ch\\\/#organization\"},\"potentialAction\":[{\"@type\":\"SearchAction\",\"target\":{\"@type\":\"EntryPoint\",\"urlTemplate\":\"https:\\\/\\\/www.organisator.ch\\\/?s={search_term_string}\"},\"query-input\":{\"@type\":\"PropertyValueSpecification\",\"valueRequired\":true,\"valueName\":\"search_term_string\"}}],\"inLanguage\":\"fr-FR\"},{\"@type\":\"Organization\",\"@id\":\"https:\\\/\\\/www.organisator.ch\\\/#organization\",\"name\":\"Organisator\",\"url\":\"https:\\\/\\\/www.organisator.ch\\\/\",\"logo\":{\"@type\":\"ImageObject\",\"inLanguage\":\"fr-FR\",\"@id\":\"https:\\\/\\\/www.organisator.ch\\\/#\\\/schema\\\/logo\\\/image\\\/\",\"url\":\"https:\\\/\\\/www.organisator.ch\\\/wp-content\\\/uploads\\\/2022\\\/01\\\/Logo_Organisator_Website.png\",\"contentUrl\":\"https:\\\/\\\/www.organisator.ch\\\/wp-content\\\/uploads\\\/2022\\\/01\\\/Logo_Organisator_Website.png\",\"width\":800,\"height\":77,\"caption\":\"Organisator\"},\"image\":{\"@id\":\"https:\\\/\\\/www.organisator.ch\\\/#\\\/schema\\\/logo\\\/image\\\/\"},\"sameAs\":[\"https:\\\/\\\/www.facebook.com\\\/OrganisatorFachmagazin\",\"https:\\\/\\\/www.linkedin.com\\\/showcase\\\/organisator-das-magazin-fr-kmu\",\"https:\\\/\\\/www.xing.com\\\/news\\\/pages\\\/organisator-ch-695\",\"https:\\\/\\\/www.youtube.com\\\/channel\\\/UCGP2Sq0iWaZwT3BdIAQFYpw\"]},{\"@type\":\"Person\",\"@id\":\"https:\\\/\\\/www.organisator.ch\\\/#\\\/schema\\\/person\\\/4e51799071cd2dd1232ac003643ef5f0\",\"name\":\"galledia\",\"image\":{\"@type\":\"ImageObject\",\"inLanguage\":\"fr-FR\",\"@id\":\"https:\\\/\\\/secure.gravatar.com\\\/avatar\\\/78a7f90c01fc2bfc875782a0d4922b37cde2cf184ce347b91316d23cd7f69a36?s=96&d=mm&r=g\",\"url\":\"https:\\\/\\\/secure.gravatar.com\\\/avatar\\\/78a7f90c01fc2bfc875782a0d4922b37cde2cf184ce347b91316d23cd7f69a36?s=96&d=mm&r=g\",\"contentUrl\":\"https:\\\/\\\/secure.gravatar.com\\\/avatar\\\/78a7f90c01fc2bfc875782a0d4922b37cde2cf184ce347b91316d23cd7f69a36?s=96&d=mm&r=g\",\"caption\":\"galledia\"},\"sameAs\":[\"https:\\\/\\\/x.com\\\/admin\"],\"url\":\"https:\\\/\\\/www.organisator.ch\\\/fr\\\/author\\\/galledia\\\/\"}]}<\/script>\n<!-- \/ Yoast SEO plugin. -->","yoast_head_json":{"title":"Nina Suma renforce Fachwerk Advertising - Organisateur","description":"Nina Suma renforce Fachwerk Advertising en tant que Senior Client Director, fait avancer l'acquisition et le d\u00e9veloppement strat\u00e9gique.","robots":{"index":"index","follow":"follow","max-snippet":"max-snippet:-1","max-image-preview":"max-image-preview:large","max-video-preview":"max-video-preview:-1"},"canonical":"https:\/\/www.organisator.ch\/fr\/marketing\/2024-09-04\/nina-suma-verstaerkt-fachwerk-advertising\/","og_locale":"fr_FR","og_type":"article","og_title":"Nina Suma verst\u00e4rkt Fachwerk Advertising - Organisator","og_description":"Nina Suma verst\u00e4rkt Fachwerk Advertising als Senior Client Director, treibt Akquise und strategische Weiterentwicklung voran.","og_url":"https:\/\/www.organisator.ch\/fr\/marketing\/2024-09-04\/nina-suma-verstaerkt-fachwerk-advertising\/","og_site_name":"Organisator","article_publisher":"https:\/\/www.facebook.com\/OrganisatorFachmagazin","article_published_time":"2024-09-04T08:55:49+00:00","article_modified_time":"2024-11-08T10:55:18+00:00","og_image":[{"url":"https:\/\/www.markt-kom.com\/wp-content\/uploads\/2024\/09\/Portraitbild-Nina-Suma_1-1.jpg","type":"","width":"","height":""}],"author":"galledia","twitter_card":"summary_large_image","twitter_creator":"@admin","schema":{"@context":"https:\/\/schema.org","@graph":[{"@type":"Article","@id":"https:\/\/www.organisator.ch\/marketing\/2024-09-04\/nina-suma-verstaerkt-fachwerk-advertising\/#article","isPartOf":{"@id":"https:\/\/www.organisator.ch\/marketing\/2024-09-04\/nina-suma-verstaerkt-fachwerk-advertising\/"},"author":{"name":"galledia","@id":"https:\/\/www.organisator.ch\/#\/schema\/person\/4e51799071cd2dd1232ac003643ef5f0"},"headline":"Nina Suma verst\u00e4rkt Fachwerk Advertising","datePublished":"2024-09-04T08:55:49+00:00","dateModified":"2024-11-08T10:55:18+00:00","mainEntityOfPage":{"@id":"https:\/\/www.organisator.ch\/marketing\/2024-09-04\/nina-suma-verstaerkt-fachwerk-advertising\/"},"wordCount":201,"publisher":{"@id":"https:\/\/www.organisator.ch\/#organization"},"image":{"@id":"https:\/\/www.organisator.ch\/marketing\/2024-09-04\/nina-suma-verstaerkt-fachwerk-advertising\/#primaryimage"},"thumbnailUrl":"https:\/\/www.markt-kom.com\/wp-content\/uploads\/2024\/09\/Portraitbild-Nina-Suma_1-1.jpg","keywords":["Agentur","ASW","Jobchange","MarKom"],"articleSection":["MARKETING"],"inLanguage":"fr-FR"},{"@type":"WebPage","@id":"https:\/\/www.organisator.ch\/marketing\/2024-09-04\/nina-suma-verstaerkt-fachwerk-advertising\/","url":"https:\/\/www.organisator.ch\/marketing\/2024-09-04\/nina-suma-verstaerkt-fachwerk-advertising\/","name":"Nina Suma renforce Fachwerk Advertising - Organisateur","isPartOf":{"@id":"https:\/\/www.organisator.ch\/#website"},"primaryImageOfPage":{"@id":"https:\/\/www.organisator.ch\/marketing\/2024-09-04\/nina-suma-verstaerkt-fachwerk-advertising\/#primaryimage"},"image":{"@id":"https:\/\/www.organisator.ch\/marketing\/2024-09-04\/nina-suma-verstaerkt-fachwerk-advertising\/#primaryimage"},"thumbnailUrl":"https:\/\/www.markt-kom.com\/wp-content\/uploads\/2024\/09\/Portraitbild-Nina-Suma_1-1.jpg","datePublished":"2024-09-04T08:55:49+00:00","dateModified":"2024-11-08T10:55:18+00:00","description":"Nina Suma renforce Fachwerk Advertising en tant que Senior Client Director, fait avancer l'acquisition et le d\u00e9veloppement strat\u00e9gique.","breadcrumb":{"@id":"https:\/\/www.organisator.ch\/marketing\/2024-09-04\/nina-suma-verstaerkt-fachwerk-advertising\/#breadcrumb"},"inLanguage":"fr-FR","potentialAction":[{"@type":"ReadAction","target":["https:\/\/www.organisator.ch\/marketing\/2024-09-04\/nina-suma-verstaerkt-fachwerk-advertising\/"]}]},{"@type":"ImageObject","inLanguage":"fr-FR","@id":"https:\/\/www.organisator.ch\/marketing\/2024-09-04\/nina-suma-verstaerkt-fachwerk-advertising\/#primaryimage","url":"https:\/\/www.markt-kom.com\/wp-content\/uploads\/2024\/09\/Portraitbild-Nina-Suma_1-1.jpg","contentUrl":"https:\/\/www.markt-kom.com\/wp-content\/uploads\/2024\/09\/Portraitbild-Nina-Suma_1-1.jpg"},{"@type":"BreadcrumbList","@id":"https:\/\/www.organisator.ch\/marketing\/2024-09-04\/nina-suma-verstaerkt-fachwerk-advertising\/#breadcrumb","itemListElement":[{"@type":"ListItem","position":1,"name":"Home","item":"https:\/\/www.organisator.ch\/"},{"@type":"ListItem","position":2,"name":"Nina Suma verst\u00e4rkt Fachwerk Advertising"}]},{"@type":"WebSite","@id":"https:\/\/www.organisator.ch\/#website","url":"https:\/\/www.organisator.ch\/","name":"Organisateur","description":"Comp\u00e9tence et comp\u00e9tence. Proches de la pratique. L'ORGANISATEUR pr\u00e9pare 10 num\u00e9ros par an sur les th\u00e8mes essentiels pour les dirigeants de PME.","publisher":{"@id":"https:\/\/www.organisator.ch\/#organization"},"potentialAction":[{"@type":"SearchAction","target":{"@type":"EntryPoint","urlTemplate":"https:\/\/www.organisator.ch\/?s={search_term_string}"},"query-input":{"@type":"PropertyValueSpecification","valueRequired":true,"valueName":"search_term_string"}}],"inLanguage":"fr-FR"},{"@type":"Organization","@id":"https:\/\/www.organisator.ch\/#organization","name":"Organisateur","url":"https:\/\/www.organisator.ch\/","logo":{"@type":"ImageObject","inLanguage":"fr-FR","@id":"https:\/\/www.organisator.ch\/#\/schema\/logo\/image\/","url":"https:\/\/www.organisator.ch\/wp-content\/uploads\/2022\/01\/Logo_Organisator_Website.png","contentUrl":"https:\/\/www.organisator.ch\/wp-content\/uploads\/2022\/01\/Logo_Organisator_Website.png","width":800,"height":77,"caption":"Organisator"},"image":{"@id":"https:\/\/www.organisator.ch\/#\/schema\/logo\/image\/"},"sameAs":["https:\/\/www.facebook.com\/OrganisatorFachmagazin","https:\/\/www.linkedin.com\/showcase\/organisator-das-magazin-fr-kmu","https:\/\/www.xing.com\/news\/pages\/organisator-ch-695","https:\/\/www.youtube.com\/channel\/UCGP2Sq0iWaZwT3BdIAQFYpw"]},{"@type":"Person","@id":"https:\/\/www.organisator.ch\/#\/schema\/person\/4e51799071cd2dd1232ac003643ef5f0","name":"galledia","image":{"@type":"ImageObject","inLanguage":"fr-FR","@id":"https:\/\/secure.gravatar.com\/avatar\/78a7f90c01fc2bfc875782a0d4922b37cde2cf184ce347b91316d23cd7f69a36?s=96&d=mm&r=g","url":"https:\/\/secure.gravatar.com\/avatar\/78a7f90c01fc2bfc875782a0d4922b37cde2cf184ce347b91316d23cd7f69a36?s=96&d=mm&r=g","contentUrl":"https:\/\/secure.gravatar.com\/avatar\/78a7f90c01fc2bfc875782a0d4922b37cde2cf184ce347b91316d23cd7f69a36?s=96&d=mm&r=g","caption":"galledia"},"sameAs":["https:\/\/x.com\/admin"],"url":"https:\/\/www.organisator.ch\/fr\/author\/galledia\/"}]}},"_links":{"self":[{"href":"https:\/\/www.organisator.ch\/fr\/wp-json\/wp\/v2\/posts\/29538","targetHints":{"allow":["GET"]}}],"collection":[{"href":"https:\/\/www.organisator.ch\/fr\/wp-json\/wp\/v2\/posts"}],"about":[{"href":"https:\/\/www.organisator.ch\/fr\/wp-json\/wp\/v2\/types\/post"}],"author":[{"embeddable":true,"href":"https:\/\/www.organisator.ch\/fr\/wp-json\/wp\/v2\/users\/8"}],"replies":[{"embeddable":true,"href":"https:\/\/www.organisator.ch\/fr\/wp-json\/wp\/v2\/comments?post=29538"}],"version-history":[{"count":5,"href":"https:\/\/www.organisator.ch\/fr\/wp-json\/wp\/v2\/posts\/29538\/revisions"}],"predecessor-version":[{"id":31980,"href":"https:\/\/www.organisator.ch\/fr\/wp-json\/wp\/v2\/posts\/29538\/revisions\/31980"}],"wp:attachment":[{"href":"https:\/\/www.organisator.ch\/fr\/wp-json\/wp\/v2\/media?parent=29538"}],"wp:term":[{"taxonomy":"category","embeddable":true,"href":"https:\/\/www.organisator.ch\/fr\/wp-json\/wp\/v2\/categories?post=29538"},{"taxonomy":"post_tag","embeddable":true,"href":"https:\/\/www.organisator.ch\/fr\/wp-json\/wp\/v2\/tags?post=29538"}],"curies":[{"name":"wp","href":"https:\/\/api.w.org\/{rel}","templated":true}]}}