{"id":29545,"date":"2024-09-04T13:25:26","date_gmt":"2024-09-04T11:25:26","guid":{"rendered":"https:\/\/www.organisator.ch\/?p=29545"},"modified":"2024-09-27T07:47:28","modified_gmt":"2024-09-27T05:47:28","slug":"kmu-mem-sind-bereit-fuer-die-kuenstliche-intelligenz","status":"publish","type":"post","link":"https:\/\/www.organisator.ch\/fr\/management\/2024-09-04\/kmu-mem-sind-bereit-fuer-die-kuenstliche-intelligenz\/","title":{"rendered":"Les PME-MEM sont pr\u00eates pour l'intelligence artificielle"},"content":{"rendered":"<figure id=\"attachment_29547\" aria-describedby=\"caption-attachment-29547\" style=\"width: 680px\" class=\"wp-caption alignnone\"><img loading=\"lazy\" decoding=\"async\" class=\"size-full wp-image-29547\" src=\"https:\/\/www.organisator.ch\/wp-content\/uploads\/2024\/09\/Messe_KMU_MEM_Bild1_ps.jpg\" alt=\"\" width=\"680\" height=\"440\" srcset=\"https:\/\/www.organisator.ch\/wp-content\/uploads\/2024\/09\/Messe_KMU_MEM_Bild1_ps.jpg 680w, https:\/\/www.organisator.ch\/wp-content\/uploads\/2024\/09\/Messe_KMU_MEM_Bild1_ps-18x12.jpg 18w, https:\/\/www.organisator.ch\/wp-content\/uploads\/2024\/09\/Messe_KMU_MEM_Bild1_ps-375x243.jpg 375w, https:\/\/www.organisator.ch\/wp-content\/uploads\/2024\/09\/Messe_KMU_MEM_Bild1_ps-541x350.jpg 541w\" sizes=\"auto, (max-width: 680px) 100vw, 680px\" \/><figcaption id=\"caption-attachment-29547\" class=\"wp-caption-text\">Le salon des PME-MEM s'est tenu toute la journ\u00e9e en parall\u00e8le \u00e0 la manifestation. (Image : www.swissmechanic.ch)<\/figcaption><\/figure>\n<p>La branche des machines, des \u00e9quipements \u00e9lectriques et des m\u00e9taux (MEM) a connu une \u00e9volution remarquable au cours des derni\u00e8res d\u00e9cennies, de la m\u00e9canisation \u00e0 la num\u00e9risation en passant par l'automatisation. Actuellement, elle se trouve \u00e0 l'aube de l'\u00e8re de l'intelligence artificielle (IA). \"L'IA offre d'\u00e9normes opportunit\u00e9s aux petites et moyennes entreprises (PME). Elle permet de gagner en efficacit\u00e9 et en flexibilit\u00e9 afin de mieux s'adapter aux changements du march\u00e9. Cela donne aux PME la possibilit\u00e9 de s'affirmer \u00e9galement face \u00e0 des concurrents plus importants\", explique J\u00fcrg Marti, directeur de Swissmechanic Suisse. Mais l'IA pose \u00e9galement des d\u00e9fis \u00e0 l'industrie, comme les risques croissants li\u00e9s \u00e0 la cybers\u00e9curit\u00e9. La cinqui\u00e8me \u00e9dition du Swissmechanic Business Day a mis en lumi\u00e8re ces potentiels et ces risques.<\/p>\n<h3><strong>Comment l'IA fa\u00e7onne l'avenir des PME-MEM<\/strong><\/h3>\n<p>Trois expos\u00e9s exceptionnels ont marqu\u00e9 la manifestation et donn\u00e9 de pr\u00e9cieuses impulsions : le Dr Stephan Sigrist, fondateur et directeur du think tank W.I.R.E., a ouvert la journ\u00e9e en jetant un regard sur l'avenir de l'intelligence artificielle. Il a mis en lumi\u00e8re les effets potentiels de cette technologie sur l'\u00e9conomie et la soci\u00e9t\u00e9 et a montr\u00e9 les chances et les risques qui y sont li\u00e9s. Michael Jungo du Swiss AI Center s'est concentr\u00e9 sur des exemples concrets d'application de l'intelligence artificielle dans l'industrie. Des projets r\u00e9ussis ont ainsi \u00e9t\u00e9 pr\u00e9sent\u00e9s, montrant comment les PME peuvent tirer profit des solutions d'IA, par exemple dans l'application des jumeaux num\u00e9riques. Antoine Verdon, cofondateur d'AI Bridge, a cl\u00f4tur\u00e9 la journ\u00e9e par un expos\u00e9 ax\u00e9 sur la pratique. Il a expliqu\u00e9 comment les entreprises peuvent utiliser l'intelligence artificielle de mani\u00e8re strat\u00e9gique pour obtenir des avantages concurrentiels.<\/p>\n<h3><strong>Des connaissances pratiques lors de masterclasses<\/strong><\/h3>\n<p>En plus des expos\u00e9s, deux masterclasses pratiques ont \u00e9t\u00e9 propos\u00e9es : Dans une masterclass dirig\u00e9e par Swisscom, les participants ont \u00e9t\u00e9 initi\u00e9s au th\u00e8me de la cyber-r\u00e9silience. Ils ont appris comment prot\u00e9ger efficacement leur entreprise contre les menaces num\u00e9riques en utilisant leurs collaborateurs comme premi\u00e8re ligne de d\u00e9fense. La deuxi\u00e8me masterclass, organis\u00e9e par l'agence KLAR, s'est pench\u00e9e sur le th\u00e8me de la marque employeur. C'est justement dans la \"guerre des talents\" qu'une marque employeur forte est d\u00e9cisive. Les participants ont appris comment la d\u00e9velopper et l'utiliser avec succ\u00e8s pour se positionner sur le march\u00e9 du travail. Dans le domaine des ressources humaines \u00e9galement, l'IA modifie de nombreux processus \u00e9tablis jusqu'\u00e0 pr\u00e9sent.<\/p>\n<h3><strong>Plateforme d'\u00e9change et d'innovation <\/strong><\/h3>\n<p>Le salon des PME-MEM s'est tenu toute la journ\u00e9e en parall\u00e8le \u00e0 la manifestation. Les exposants y ont pr\u00e9sent\u00e9 leurs derniers produits et services. Le salon a \u00e9galement offert une plateforme id\u00e9ale pour \u00e9changer avec les autres participants et nouer de pr\u00e9cieux contacts dans la branche. Des \u00e9v\u00e9nements tels que le Business Lunch ont permis d'approfondir les discussions dans une atmosph\u00e8re d\u00e9tendue et de nouer de nouvelles relations d'affaires. \"Le Swissmechanic Business Day 2024 souligne une fois de plus l'importance du r\u00e9seau dans un monde de plus en plus num\u00e9ris\u00e9 et interconnect\u00e9\", r\u00e9sume Nicola Roberto Tettamanti, pr\u00e9sident de Swissmechanic Suisse.<\/p>\n<p><em>Source : <a href=\"http:\/\/www.swissmechanic.ch\">www.swissmechanic.ch<\/a><\/em><\/p>","protected":false},"excerpt":{"rendered":"<p>Le Swissmechanic Business Day 2024, l'\u00e9v\u00e9nement de r\u00e9seautage des PME-MEM, a eu lieu le 3 septembre 2024, \u00e0 la foire de Lucerne. L'\u00e9v\u00e9nement, qui a lieu tous les deux ans, \u00e9tait consacr\u00e9 cette ann\u00e9e au th\u00e8me de \"l'intelligence artificielle\". Pr\u00e8s de 200 repr\u00e9sentants de la branche ont particip\u00e9 \u00e0 la manifestation afin de discuter ensemble des d\u00e9fis et des opportunit\u00e9s pour les PME-MEM. <\/p>","protected":false},"author":58,"featured_media":29547,"comment_status":"closed","ping_status":"closed","sticky":false,"template":"","format":"standard","meta":{"_acf_changed":false,"_yoast_wpseo_focuskw":"KMU-MEM","_yoast_wpseo_metadesc":"Der Swissmechanic Business Day 2024, der Netzwerkanlass der KMU-MEM, fand am 3. September 2024, in der Messe Luzern statt.","articlekey":"","footnotes":""},"categories":[28],"tags":[712,298,4406,334,492],"class_list":["post-29545","post","type-post","status-publish","format-standard","has-post-thumbnail","hentry","category-management","tag-anlass","tag-ki","tag-kmu-mem","tag-management","tag-unternehmen"],"acf":[],"yoast_head":"<!-- This site is optimized with the Yoast SEO plugin v27.5 - https:\/\/yoast.com\/product\/yoast-seo-wordpress\/ -->\n<title>KMU-MEM sind bereit f\u00fcr die k\u00fcnstliche Intelligenz - Organisator<\/title>\n<meta name=\"description\" content=\"Der Swissmechanic Business Day 2024, der Netzwerkanlass der KMU-MEM, fand am 3. September 2024, in der Messe Luzern statt.\" \/>\n<meta name=\"robots\" content=\"index, follow, max-snippet:-1, max-image-preview:large, max-video-preview:-1\" \/>\n<link rel=\"canonical\" href=\"https:\/\/www.organisator.ch\/fr\/gestion-2\/2024-09-04\/kmu-mem-sind-bereit-fuer-die-kuenstliche-intelligenz\/\" \/>\n<meta property=\"og:locale\" content=\"fr_FR\" \/>\n<meta property=\"og:type\" content=\"article\" \/>\n<meta property=\"og:title\" content=\"KMU-MEM sind bereit f\u00fcr die k\u00fcnstliche Intelligenz\" \/>\n<meta property=\"og:description\" content=\"Der Swissmechanic Business Day 2024, der Netzwerkanlass der KMU-MEM, fand am 3. September 2024, in der Messe Luzern statt.\" \/>\n<meta property=\"og:url\" content=\"https:\/\/www.organisator.ch\/fr\/gestion-2\/2024-09-04\/kmu-mem-sind-bereit-fuer-die-kuenstliche-intelligenz\/\" \/>\n<meta property=\"og:site_name\" content=\"Organisator\" \/>\n<meta property=\"article:publisher\" content=\"https:\/\/www.facebook.com\/OrganisatorFachmagazin\" \/>\n<meta property=\"article:published_time\" content=\"2024-09-04T11:25:26+00:00\" \/>\n<meta property=\"article:modified_time\" content=\"2024-09-27T05:47:28+00:00\" \/>\n<meta property=\"og:image\" content=\"https:\/\/www.organisator.ch\/wp-content\/uploads\/2024\/09\/Messe_KMU_MEM_Bild1_ps.jpg\" \/>\n\t<meta property=\"og:image:width\" content=\"680\" \/>\n\t<meta property=\"og:image:height\" content=\"440\" \/>\n\t<meta property=\"og:image:type\" content=\"image\/jpeg\" \/>\n<meta name=\"author\" content=\"Adelisa Kalajdzini\" \/>\n<meta name=\"twitter:card\" content=\"summary_large_image\" \/>\n<meta name=\"twitter:title\" content=\"KMU-MEM sind bereit f\u00fcr die k\u00fcnstliche Intelligenz\" \/>\n<meta name=\"twitter:description\" content=\"Der #Swissmechanic #Business #Day 2024, der #Netzwerkanlass der #KMU-MEM, fand am 3. September 2024, in der #Messe #Luzern statt.\" \/>\n<meta name=\"twitter:image\" content=\"https:\/\/www.organisator.ch\/wp-content\/uploads\/2024\/09\/Messe_KMU_MEM_Bild1_ps.jpg\" \/>\n<script type=\"application\/ld+json\" class=\"yoast-schema-graph\">{\"@context\":\"https:\\\/\\\/schema.org\",\"@graph\":[{\"@type\":\"Article\",\"@id\":\"https:\\\/\\\/www.organisator.ch\\\/management\\\/2024-09-04\\\/kmu-mem-sind-bereit-fuer-die-kuenstliche-intelligenz\\\/#article\",\"isPartOf\":{\"@id\":\"https:\\\/\\\/www.organisator.ch\\\/management\\\/2024-09-04\\\/kmu-mem-sind-bereit-fuer-die-kuenstliche-intelligenz\\\/\"},\"author\":{\"name\":\"Adelisa Kalajdzini\",\"@id\":\"https:\\\/\\\/www.organisator.ch\\\/#\\\/schema\\\/person\\\/2e1314a2172123f874db408d8911d3f3\"},\"headline\":\"KMU-MEM sind bereit f\u00fcr die k\u00fcnstliche Intelligenz\",\"datePublished\":\"2024-09-04T11:25:26+00:00\",\"dateModified\":\"2024-09-27T05:47:28+00:00\",\"mainEntityOfPage\":{\"@id\":\"https:\\\/\\\/www.organisator.ch\\\/management\\\/2024-09-04\\\/kmu-mem-sind-bereit-fuer-die-kuenstliche-intelligenz\\\/\"},\"wordCount\":490,\"publisher\":{\"@id\":\"https:\\\/\\\/www.organisator.ch\\\/#organization\"},\"image\":{\"@id\":\"https:\\\/\\\/www.organisator.ch\\\/management\\\/2024-09-04\\\/kmu-mem-sind-bereit-fuer-die-kuenstliche-intelligenz\\\/#primaryimage\"},\"thumbnailUrl\":\"https:\\\/\\\/www.organisator.ch\\\/wp-content\\\/uploads\\\/2024\\\/09\\\/Messe_KMU_MEM_Bild1_ps.jpg\",\"keywords\":[\"Anlass\",\"KI\",\"KMU-MEM\",\"Management\",\"Unternehmen\"],\"articleSection\":[\"MANAGEMENT\"],\"inLanguage\":\"fr-FR\"},{\"@type\":\"WebPage\",\"@id\":\"https:\\\/\\\/www.organisator.ch\\\/management\\\/2024-09-04\\\/kmu-mem-sind-bereit-fuer-die-kuenstliche-intelligenz\\\/\",\"url\":\"https:\\\/\\\/www.organisator.ch\\\/management\\\/2024-09-04\\\/kmu-mem-sind-bereit-fuer-die-kuenstliche-intelligenz\\\/\",\"name\":\"KMU-MEM sind bereit f\u00fcr die k\u00fcnstliche Intelligenz - Organisator\",\"isPartOf\":{\"@id\":\"https:\\\/\\\/www.organisator.ch\\\/#website\"},\"primaryImageOfPage\":{\"@id\":\"https:\\\/\\\/www.organisator.ch\\\/management\\\/2024-09-04\\\/kmu-mem-sind-bereit-fuer-die-kuenstliche-intelligenz\\\/#primaryimage\"},\"image\":{\"@id\":\"https:\\\/\\\/www.organisator.ch\\\/management\\\/2024-09-04\\\/kmu-mem-sind-bereit-fuer-die-kuenstliche-intelligenz\\\/#primaryimage\"},\"thumbnailUrl\":\"https:\\\/\\\/www.organisator.ch\\\/wp-content\\\/uploads\\\/2024\\\/09\\\/Messe_KMU_MEM_Bild1_ps.jpg\",\"datePublished\":\"2024-09-04T11:25:26+00:00\",\"dateModified\":\"2024-09-27T05:47:28+00:00\",\"description\":\"Der Swissmechanic Business Day 2024, der Netzwerkanlass der KMU-MEM, fand am 3. September 2024, in der Messe Luzern statt.\",\"breadcrumb\":{\"@id\":\"https:\\\/\\\/www.organisator.ch\\\/management\\\/2024-09-04\\\/kmu-mem-sind-bereit-fuer-die-kuenstliche-intelligenz\\\/#breadcrumb\"},\"inLanguage\":\"fr-FR\",\"potentialAction\":[{\"@type\":\"ReadAction\",\"target\":[\"https:\\\/\\\/www.organisator.ch\\\/management\\\/2024-09-04\\\/kmu-mem-sind-bereit-fuer-die-kuenstliche-intelligenz\\\/\"]}]},{\"@type\":\"ImageObject\",\"inLanguage\":\"fr-FR\",\"@id\":\"https:\\\/\\\/www.organisator.ch\\\/management\\\/2024-09-04\\\/kmu-mem-sind-bereit-fuer-die-kuenstliche-intelligenz\\\/#primaryimage\",\"url\":\"https:\\\/\\\/www.organisator.ch\\\/wp-content\\\/uploads\\\/2024\\\/09\\\/Messe_KMU_MEM_Bild1_ps.jpg\",\"contentUrl\":\"https:\\\/\\\/www.organisator.ch\\\/wp-content\\\/uploads\\\/2024\\\/09\\\/Messe_KMU_MEM_Bild1_ps.jpg\",\"width\":680,\"height\":440,\"caption\":\"Den ganzen Tag \u00fcber fand parallel zur Veranstaltung die Messe der KMU-MEM statt. (Bild: www.swissmechanic.ch)\"},{\"@type\":\"BreadcrumbList\",\"@id\":\"https:\\\/\\\/www.organisator.ch\\\/management\\\/2024-09-04\\\/kmu-mem-sind-bereit-fuer-die-kuenstliche-intelligenz\\\/#breadcrumb\",\"itemListElement\":[{\"@type\":\"ListItem\",\"position\":1,\"name\":\"Home\",\"item\":\"https:\\\/\\\/www.organisator.ch\\\/\"},{\"@type\":\"ListItem\",\"position\":2,\"name\":\"KMU-MEM sind bereit f\u00fcr die k\u00fcnstliche Intelligenz\"}]},{\"@type\":\"WebSite\",\"@id\":\"https:\\\/\\\/www.organisator.ch\\\/#website\",\"url\":\"https:\\\/\\\/www.organisator.ch\\\/\",\"name\":\"Organisator\",\"description\":\"Kompetent. Praxisnah. Der ORGANISATOR bereitet in 10 Ausgaben pro Jahr die wesentlichen Themen f\u00fcr F\u00fchrungskr\u00e4fte von KMU auf.\",\"publisher\":{\"@id\":\"https:\\\/\\\/www.organisator.ch\\\/#organization\"},\"potentialAction\":[{\"@type\":\"SearchAction\",\"target\":{\"@type\":\"EntryPoint\",\"urlTemplate\":\"https:\\\/\\\/www.organisator.ch\\\/?s={search_term_string}\"},\"query-input\":{\"@type\":\"PropertyValueSpecification\",\"valueRequired\":true,\"valueName\":\"search_term_string\"}}],\"inLanguage\":\"fr-FR\"},{\"@type\":\"Organization\",\"@id\":\"https:\\\/\\\/www.organisator.ch\\\/#organization\",\"name\":\"Organisator\",\"url\":\"https:\\\/\\\/www.organisator.ch\\\/\",\"logo\":{\"@type\":\"ImageObject\",\"inLanguage\":\"fr-FR\",\"@id\":\"https:\\\/\\\/www.organisator.ch\\\/#\\\/schema\\\/logo\\\/image\\\/\",\"url\":\"https:\\\/\\\/www.organisator.ch\\\/wp-content\\\/uploads\\\/2022\\\/01\\\/Logo_Organisator_Website.png\",\"contentUrl\":\"https:\\\/\\\/www.organisator.ch\\\/wp-content\\\/uploads\\\/2022\\\/01\\\/Logo_Organisator_Website.png\",\"width\":800,\"height\":77,\"caption\":\"Organisator\"},\"image\":{\"@id\":\"https:\\\/\\\/www.organisator.ch\\\/#\\\/schema\\\/logo\\\/image\\\/\"},\"sameAs\":[\"https:\\\/\\\/www.facebook.com\\\/OrganisatorFachmagazin\",\"https:\\\/\\\/www.linkedin.com\\\/showcase\\\/organisator-das-magazin-fr-kmu\",\"https:\\\/\\\/www.xing.com\\\/news\\\/pages\\\/organisator-ch-695\",\"https:\\\/\\\/www.youtube.com\\\/channel\\\/UCGP2Sq0iWaZwT3BdIAQFYpw\"]},{\"@type\":\"Person\",\"@id\":\"https:\\\/\\\/www.organisator.ch\\\/#\\\/schema\\\/person\\\/2e1314a2172123f874db408d8911d3f3\",\"name\":\"Adelisa Kalajdzini\",\"image\":{\"@type\":\"ImageObject\",\"inLanguage\":\"fr-FR\",\"@id\":\"https:\\\/\\\/secure.gravatar.com\\\/avatar\\\/09a397c22ac58cad6f160ee8306348599df9df58a8ede73696226897b9fa4b24?s=96&d=mm&r=g\",\"url\":\"https:\\\/\\\/secure.gravatar.com\\\/avatar\\\/09a397c22ac58cad6f160ee8306348599df9df58a8ede73696226897b9fa4b24?s=96&d=mm&r=g\",\"contentUrl\":\"https:\\\/\\\/secure.gravatar.com\\\/avatar\\\/09a397c22ac58cad6f160ee8306348599df9df58a8ede73696226897b9fa4b24?s=96&d=mm&r=g\",\"caption\":\"Adelisa Kalajdzini\"},\"url\":\"https:\\\/\\\/www.organisator.ch\\\/fr\\\/author\\\/adelisa-kalajdzini\\\/\"}]}<\/script>\n<!-- \/ Yoast SEO plugin. -->","yoast_head_json":{"title":"Les PME-MEM sont pr\u00eates pour l'intelligence artificielle - Organisateur","description":"Le Swissmechanic Business Day 2024, l'\u00e9v\u00e9nement de r\u00e9seautage des PME-MEM, a eu lieu le 3 septembre 2024, \u00e0 la foire de Lucerne.","robots":{"index":"index","follow":"follow","max-snippet":"max-snippet:-1","max-image-preview":"max-image-preview:large","max-video-preview":"max-video-preview:-1"},"canonical":"https:\/\/www.organisator.ch\/fr\/gestion-2\/2024-09-04\/kmu-mem-sind-bereit-fuer-die-kuenstliche-intelligenz\/","og_locale":"fr_FR","og_type":"article","og_title":"KMU-MEM sind bereit f\u00fcr die k\u00fcnstliche Intelligenz","og_description":"Der Swissmechanic Business Day 2024, der Netzwerkanlass der KMU-MEM, fand am 3. September 2024, in der Messe Luzern statt.","og_url":"https:\/\/www.organisator.ch\/fr\/gestion-2\/2024-09-04\/kmu-mem-sind-bereit-fuer-die-kuenstliche-intelligenz\/","og_site_name":"Organisator","article_publisher":"https:\/\/www.facebook.com\/OrganisatorFachmagazin","article_published_time":"2024-09-04T11:25:26+00:00","article_modified_time":"2024-09-27T05:47:28+00:00","og_image":[{"width":680,"height":440,"url":"https:\/\/www.organisator.ch\/wp-content\/uploads\/2024\/09\/Messe_KMU_MEM_Bild1_ps.jpg","type":"image\/jpeg"}],"author":"Adelisa Kalajdzini","twitter_card":"summary_large_image","twitter_title":"KMU-MEM sind bereit f\u00fcr die k\u00fcnstliche Intelligenz","twitter_description":"Der #Swissmechanic #Business #Day 2024, der #Netzwerkanlass der #KMU-MEM, fand am 3. September 2024, in der #Messe #Luzern statt.","twitter_image":"https:\/\/www.organisator.ch\/wp-content\/uploads\/2024\/09\/Messe_KMU_MEM_Bild1_ps.jpg","schema":{"@context":"https:\/\/schema.org","@graph":[{"@type":"Article","@id":"https:\/\/www.organisator.ch\/management\/2024-09-04\/kmu-mem-sind-bereit-fuer-die-kuenstliche-intelligenz\/#article","isPartOf":{"@id":"https:\/\/www.organisator.ch\/management\/2024-09-04\/kmu-mem-sind-bereit-fuer-die-kuenstliche-intelligenz\/"},"author":{"name":"Adelisa Kalajdzini","@id":"https:\/\/www.organisator.ch\/#\/schema\/person\/2e1314a2172123f874db408d8911d3f3"},"headline":"KMU-MEM sind bereit f\u00fcr die k\u00fcnstliche Intelligenz","datePublished":"2024-09-04T11:25:26+00:00","dateModified":"2024-09-27T05:47:28+00:00","mainEntityOfPage":{"@id":"https:\/\/www.organisator.ch\/management\/2024-09-04\/kmu-mem-sind-bereit-fuer-die-kuenstliche-intelligenz\/"},"wordCount":490,"publisher":{"@id":"https:\/\/www.organisator.ch\/#organization"},"image":{"@id":"https:\/\/www.organisator.ch\/management\/2024-09-04\/kmu-mem-sind-bereit-fuer-die-kuenstliche-intelligenz\/#primaryimage"},"thumbnailUrl":"https:\/\/www.organisator.ch\/wp-content\/uploads\/2024\/09\/Messe_KMU_MEM_Bild1_ps.jpg","keywords":["Anlass","KI","KMU-MEM","Management","Unternehmen"],"articleSection":["MANAGEMENT"],"inLanguage":"fr-FR"},{"@type":"WebPage","@id":"https:\/\/www.organisator.ch\/management\/2024-09-04\/kmu-mem-sind-bereit-fuer-die-kuenstliche-intelligenz\/","url":"https:\/\/www.organisator.ch\/management\/2024-09-04\/kmu-mem-sind-bereit-fuer-die-kuenstliche-intelligenz\/","name":"Les PME-MEM sont pr\u00eates pour l'intelligence artificielle - Organisateur","isPartOf":{"@id":"https:\/\/www.organisator.ch\/#website"},"primaryImageOfPage":{"@id":"https:\/\/www.organisator.ch\/management\/2024-09-04\/kmu-mem-sind-bereit-fuer-die-kuenstliche-intelligenz\/#primaryimage"},"image":{"@id":"https:\/\/www.organisator.ch\/management\/2024-09-04\/kmu-mem-sind-bereit-fuer-die-kuenstliche-intelligenz\/#primaryimage"},"thumbnailUrl":"https:\/\/www.organisator.ch\/wp-content\/uploads\/2024\/09\/Messe_KMU_MEM_Bild1_ps.jpg","datePublished":"2024-09-04T11:25:26+00:00","dateModified":"2024-09-27T05:47:28+00:00","description":"Le Swissmechanic Business Day 2024, l'\u00e9v\u00e9nement de r\u00e9seautage des PME-MEM, a eu lieu le 3 septembre 2024, \u00e0 la foire de Lucerne.","breadcrumb":{"@id":"https:\/\/www.organisator.ch\/management\/2024-09-04\/kmu-mem-sind-bereit-fuer-die-kuenstliche-intelligenz\/#breadcrumb"},"inLanguage":"fr-FR","potentialAction":[{"@type":"ReadAction","target":["https:\/\/www.organisator.ch\/management\/2024-09-04\/kmu-mem-sind-bereit-fuer-die-kuenstliche-intelligenz\/"]}]},{"@type":"ImageObject","inLanguage":"fr-FR","@id":"https:\/\/www.organisator.ch\/management\/2024-09-04\/kmu-mem-sind-bereit-fuer-die-kuenstliche-intelligenz\/#primaryimage","url":"https:\/\/www.organisator.ch\/wp-content\/uploads\/2024\/09\/Messe_KMU_MEM_Bild1_ps.jpg","contentUrl":"https:\/\/www.organisator.ch\/wp-content\/uploads\/2024\/09\/Messe_KMU_MEM_Bild1_ps.jpg","width":680,"height":440,"caption":"Den ganzen Tag \u00fcber fand parallel zur Veranstaltung die Messe der KMU-MEM statt. (Bild: www.swissmechanic.ch)"},{"@type":"BreadcrumbList","@id":"https:\/\/www.organisator.ch\/management\/2024-09-04\/kmu-mem-sind-bereit-fuer-die-kuenstliche-intelligenz\/#breadcrumb","itemListElement":[{"@type":"ListItem","position":1,"name":"Home","item":"https:\/\/www.organisator.ch\/"},{"@type":"ListItem","position":2,"name":"KMU-MEM sind bereit f\u00fcr die k\u00fcnstliche Intelligenz"}]},{"@type":"WebSite","@id":"https:\/\/www.organisator.ch\/#website","url":"https:\/\/www.organisator.ch\/","name":"Organisateur","description":"Comp\u00e9tence et comp\u00e9tence. Proches de la pratique. L'ORGANISATEUR pr\u00e9pare 10 num\u00e9ros par an sur les th\u00e8mes essentiels pour les dirigeants de PME.","publisher":{"@id":"https:\/\/www.organisator.ch\/#organization"},"potentialAction":[{"@type":"SearchAction","target":{"@type":"EntryPoint","urlTemplate":"https:\/\/www.organisator.ch\/?s={search_term_string}"},"query-input":{"@type":"PropertyValueSpecification","valueRequired":true,"valueName":"search_term_string"}}],"inLanguage":"fr-FR"},{"@type":"Organization","@id":"https:\/\/www.organisator.ch\/#organization","name":"Organisateur","url":"https:\/\/www.organisator.ch\/","logo":{"@type":"ImageObject","inLanguage":"fr-FR","@id":"https:\/\/www.organisator.ch\/#\/schema\/logo\/image\/","url":"https:\/\/www.organisator.ch\/wp-content\/uploads\/2022\/01\/Logo_Organisator_Website.png","contentUrl":"https:\/\/www.organisator.ch\/wp-content\/uploads\/2022\/01\/Logo_Organisator_Website.png","width":800,"height":77,"caption":"Organisator"},"image":{"@id":"https:\/\/www.organisator.ch\/#\/schema\/logo\/image\/"},"sameAs":["https:\/\/www.facebook.com\/OrganisatorFachmagazin","https:\/\/www.linkedin.com\/showcase\/organisator-das-magazin-fr-kmu","https:\/\/www.xing.com\/news\/pages\/organisator-ch-695","https:\/\/www.youtube.com\/channel\/UCGP2Sq0iWaZwT3BdIAQFYpw"]},{"@type":"Person","@id":"https:\/\/www.organisator.ch\/#\/schema\/person\/2e1314a2172123f874db408d8911d3f3","name":"Adelisa Kalajdzini","image":{"@type":"ImageObject","inLanguage":"fr-FR","@id":"https:\/\/secure.gravatar.com\/avatar\/09a397c22ac58cad6f160ee8306348599df9df58a8ede73696226897b9fa4b24?s=96&d=mm&r=g","url":"https:\/\/secure.gravatar.com\/avatar\/09a397c22ac58cad6f160ee8306348599df9df58a8ede73696226897b9fa4b24?s=96&d=mm&r=g","contentUrl":"https:\/\/secure.gravatar.com\/avatar\/09a397c22ac58cad6f160ee8306348599df9df58a8ede73696226897b9fa4b24?s=96&d=mm&r=g","caption":"Adelisa Kalajdzini"},"url":"https:\/\/www.organisator.ch\/fr\/author\/adelisa-kalajdzini\/"}]}},"_links":{"self":[{"href":"https:\/\/www.organisator.ch\/fr\/wp-json\/wp\/v2\/posts\/29545","targetHints":{"allow":["GET"]}}],"collection":[{"href":"https:\/\/www.organisator.ch\/fr\/wp-json\/wp\/v2\/posts"}],"about":[{"href":"https:\/\/www.organisator.ch\/fr\/wp-json\/wp\/v2\/types\/post"}],"author":[{"embeddable":true,"href":"https:\/\/www.organisator.ch\/fr\/wp-json\/wp\/v2\/users\/58"}],"replies":[{"embeddable":true,"href":"https:\/\/www.organisator.ch\/fr\/wp-json\/wp\/v2\/comments?post=29545"}],"version-history":[{"count":6,"href":"https:\/\/www.organisator.ch\/fr\/wp-json\/wp\/v2\/posts\/29545\/revisions"}],"predecessor-version":[{"id":30176,"href":"https:\/\/www.organisator.ch\/fr\/wp-json\/wp\/v2\/posts\/29545\/revisions\/30176"}],"wp:featuredmedia":[{"embeddable":true,"href":"https:\/\/www.organisator.ch\/fr\/wp-json\/wp\/v2\/media\/29547"}],"wp:attachment":[{"href":"https:\/\/www.organisator.ch\/fr\/wp-json\/wp\/v2\/media?parent=29545"}],"wp:term":[{"taxonomy":"category","embeddable":true,"href":"https:\/\/www.organisator.ch\/fr\/wp-json\/wp\/v2\/categories?post=29545"},{"taxonomy":"post_tag","embeddable":true,"href":"https:\/\/www.organisator.ch\/fr\/wp-json\/wp\/v2\/tags?post=29545"}],"curies":[{"name":"wp","href":"https:\/\/api.w.org\/{rel}","templated":true}]}}