{"id":29562,"date":"2024-09-05T09:00:24","date_gmt":"2024-09-05T07:00:24","guid":{"rendered":"https:\/\/www.organisator.ch\/?p=29562"},"modified":"2024-09-05T08:27:37","modified_gmt":"2024-09-05T06:27:37","slug":"wechsel-in-der-leitung-von-cablex","status":"publish","type":"post","link":"https:\/\/www.organisator.ch\/fr\/management\/2024-09-05\/wechsel-in-der-leitung-von-cablex\/","title":{"rendered":"Changement \u00e0 la t\u00eate de Cablex"},"content":{"rendered":"<figure id=\"attachment_29564\" aria-describedby=\"caption-attachment-29564\" style=\"width: 680px\" class=\"wp-caption alignnone\"><img loading=\"lazy\" decoding=\"async\" class=\"size-full wp-image-29564\" src=\"https:\/\/www.organisator.ch\/wp-content\/uploads\/2024\/09\/Cablex_Bild1_ps.jpg\" alt=\"\" width=\"680\" height=\"287\" srcset=\"https:\/\/www.organisator.ch\/wp-content\/uploads\/2024\/09\/Cablex_Bild1_ps.jpg 680w, https:\/\/www.organisator.ch\/wp-content\/uploads\/2024\/09\/Cablex_Bild1_ps-18x8.jpg 18w, https:\/\/www.organisator.ch\/wp-content\/uploads\/2024\/09\/Cablex_Bild1_ps-375x158.jpg 375w\" sizes=\"auto, (max-width: 680px) 100vw, 680px\" \/><figcaption id=\"caption-attachment-29564\" class=\"wp-caption-text\">De gauche \u00e0 droite : Roger Keller, Ulrich Sch\u00e4dler et Thomas von Arx. (Image : www.cablex.ch)<\/figcaption><\/figure>\n<p>Avec Roger Keller, cablex a un nouveau CEO et la direction a un nouveau visage. Roger Keller apporte une longue exp\u00e9rience dans la vente et la direction de business units. En dernier lieu, il a dirig\u00e9 les activit\u00e9s pour les petites et moyennes entreprises (PME) chez Swisscom Business Customers, o\u00f9 il a \u00e9labor\u00e9 avec son \u00e9quipe la strat\u00e9gie de croissance pour le march\u00e9 des technologies de l'information et de la communication et l'a mise en \u0153uvre avec succ\u00e8s sur le plan op\u00e9rationnel.<\/p>\n<p>Roger Keller poss\u00e8de une exp\u00e9rience de direction diversifi\u00e9e dans diff\u00e9rentes industries technologiques, notamment chez Technicolor et Reichle &amp; De-Massari. Il conna\u00eet les activit\u00e9s de projet, de service et de distribution avec des clients nationaux et internationaux et dispose d'une longue exp\u00e9rience dans la gestion de secteurs d'activit\u00e9 dans les domaines des syst\u00e8mes, des logiciels et des services, tant dans le secteur des PME que dans celui des grands comptes. Originaire d'Argovie, Roger a v\u00e9cu plusieurs ann\u00e9es \u00e0 l'\u00e9tranger et habite aujourd'hui avec sa famille dans la r\u00e9gion de Zurich. Il est ing\u00e9nieur \u00e9lectricien dipl\u00f4m\u00e9 de l'EPF et titulaire d'un Executive MBA HSG et parle couramment l'anglais et le fran\u00e7ais.<\/p>\n<p>Roger Keller \u00e0 propos de son nouveau d\u00e9fi : \"Ensemble, nous posons les bases de l'infrastructure de demain. Je me r\u00e9jouis de poursuivre, avec mes coll\u00e8gues de cablex, le travail d\u00e9j\u00e0 couronn\u00e9 de succ\u00e8s et de consolider la position de cablex en tant qu'entreprise leader dans la branche\".<\/p>\n<p>Urs Lehner, responsable Swisscom Business Customers, ajoute : \"Nous profitons de l'occasion pour remercier Roger pour son travail fructueux dans le secteur des PME chez Swisscom et lui souhaitons bonne chance pour la suite\".<\/p>\n<p>Michael Treunter succ\u00e8de \u00e0 Roger Keller en tant que Head of SME ad interim \u00e0 partir du 1er octobre 2024. L'actuel CEO ad interim, Francesco Castelletti, soutiendra Roger Keller pendant une phase de transition et restera ensuite \u00e0 sa disposition pour le conseiller jusqu'\u00e0 fin 2024, avant de prendre sa retraite. Le pr\u00e9sident du Conseil d'administration, Stefan N\u00fcnlist, a remerci\u00e9 Francesco Castelletti pour l'excellent travail qu'il a accompli pendant ses plus de 40 ans d'activit\u00e9 au sein du groupe Swisscom.<\/p>\n<p>De plus, Ulrich Sch\u00e4dler rejoindra cablex en tant que nouveau Chief Financial Officer (CFO). Ulrich Sch\u00e4dler apporte une longue exp\u00e9rience acquise dans les rangs de Swisscom et prendra en charge le d\u00e9partement financier de cablex \u00e0 partir du 1er janvier 2025.<\/p>\n<p>Par ailleurs, Thomas von Arx, qui a dirig\u00e9 l'unit\u00e9 organisationnelle Field Services chez cablex \u00e0 titre int\u00e9rimaire, la reprendra d\u00e9finitivement \u00e0 partir du 1er octobre 2024 et deviendra ainsi membre de la direction.<\/p>\n<p>Avec ces changements, cablex est pr\u00eat \u00e0 mettre en \u0153uvre avec succ\u00e8s la strat\u00e9gie de l'entreprise et \u00e0 continuer d'occuper la position de leader en Suisse pour l'infrastructure de r\u00e9seau, les services, la smart energy et la mise en r\u00e9seau sans fil.<\/p>\n<p>Le conseil d'administration remercie Francesco Castelletti et Urs Ringgenberg pour leur excellent travail et souhaite \u00e0 Roger Keller, Ulrich Sch\u00e4dler et Thomas von Arx beaucoup de succ\u00e8s dans leurs nouvelles activit\u00e9s.<\/p>\n<p><em>Source : <a href=\"http:\/\/www.cablex.ch\">www.cablex.ch<\/a><\/em><\/p>","protected":false},"excerpt":{"rendered":"<p>Le conseil d'administration de cablex SA a le plaisir d'annoncer que Roger Keller prendra la direction de l'entreprise en tant que Chief Executive Officer (CEO) \u00e0 partir du 1er janvier 2025. <\/p>","protected":false},"author":58,"featured_media":29564,"comment_status":"closed","ping_status":"closed","sticky":false,"template":"","format":"standard","meta":{"_acf_changed":false,"_yoast_wpseo_focuskw":"Cablex","_yoast_wpseo_metadesc":"Der Verwaltungsrat der cablex AG freut sich, bekanntzugeben, dass Roger Keller ab dem 1. Januar 2025 die Leitung des Unternehmens als CEO \u00fcbernehmen wird.","articlekey":"","footnotes":""},"categories":[28],"tags":[904,335,492],"class_list":["post-29562","post","type-post","status-publish","format-standard","has-post-thumbnail","hentry","category-management","tag-ceo","tag-management-und-unternehmensfuehrung","tag-unternehmen"],"acf":[],"yoast_head":"<!-- This site is optimized with the Yoast SEO plugin v27.5 - https:\/\/yoast.com\/product\/yoast-seo-wordpress\/ -->\n<title>Wechsel in der Leitung von Cablex - Organisator<\/title>\n<meta name=\"description\" content=\"Der Verwaltungsrat der cablex AG freut sich, bekanntzugeben, dass Roger Keller ab dem 1. Januar 2025 die Leitung des Unternehmens als CEO \u00fcbernehmen wird.\" \/>\n<meta name=\"robots\" content=\"index, follow, max-snippet:-1, max-image-preview:large, max-video-preview:-1\" \/>\n<link rel=\"canonical\" href=\"https:\/\/www.organisator.ch\/fr\/gestion-2\/2024-09-05\/wechsel-in-der-leitung-von-cablex\/\" \/>\n<meta property=\"og:locale\" content=\"fr_FR\" \/>\n<meta property=\"og:type\" content=\"article\" \/>\n<meta property=\"og:title\" content=\"Wechsel in der Leitung von Cablex\" \/>\n<meta property=\"og:description\" content=\"Der Verwaltungsrat der cablex AG freut sich, bekanntzugeben, dass Roger Keller ab dem 1. Januar 2025 die Leitung des Unternehmens als CEO \u00fcbernehmen wird.\" \/>\n<meta property=\"og:url\" content=\"https:\/\/www.organisator.ch\/fr\/gestion-2\/2024-09-05\/wechsel-in-der-leitung-von-cablex\/\" \/>\n<meta property=\"og:site_name\" content=\"Organisator\" \/>\n<meta property=\"article:publisher\" content=\"https:\/\/www.facebook.com\/OrganisatorFachmagazin\" \/>\n<meta property=\"article:published_time\" content=\"2024-09-05T07:00:24+00:00\" \/>\n<meta property=\"og:image\" content=\"https:\/\/www.organisator.ch\/wp-content\/uploads\/2024\/09\/Cablex_Bild1_ps.jpg\" \/>\n\t<meta property=\"og:image:width\" content=\"680\" \/>\n\t<meta property=\"og:image:height\" content=\"287\" \/>\n\t<meta property=\"og:image:type\" content=\"image\/jpeg\" \/>\n<meta name=\"author\" content=\"Adelisa Kalajdzini\" \/>\n<meta name=\"twitter:card\" content=\"summary_large_image\" \/>\n<meta name=\"twitter:title\" content=\"Wechsel in der Leitung von Cablex\" \/>\n<meta name=\"twitter:description\" content=\"Der #Verwaltungsrat der #cablex AG freut sich, bekanntzugeben, dass #Roger #Keller ab dem 1. Januar 2025 die Leitung des Unternehmens als #CEO \u00fcbernehmen wird.\" \/>\n<meta name=\"twitter:image\" content=\"https:\/\/www.organisator.ch\/wp-content\/uploads\/2024\/09\/Cablex_Bild1_ps.jpg\" \/>\n<script type=\"application\/ld+json\" class=\"yoast-schema-graph\">{\"@context\":\"https:\\\/\\\/schema.org\",\"@graph\":[{\"@type\":\"Article\",\"@id\":\"https:\\\/\\\/www.organisator.ch\\\/management\\\/2024-09-05\\\/wechsel-in-der-leitung-von-cablex\\\/#article\",\"isPartOf\":{\"@id\":\"https:\\\/\\\/www.organisator.ch\\\/management\\\/2024-09-05\\\/wechsel-in-der-leitung-von-cablex\\\/\"},\"author\":{\"name\":\"Adelisa Kalajdzini\",\"@id\":\"https:\\\/\\\/www.organisator.ch\\\/#\\\/schema\\\/person\\\/2e1314a2172123f874db408d8911d3f3\"},\"headline\":\"Wechsel in der Leitung von Cablex\",\"datePublished\":\"2024-09-05T07:00:24+00:00\",\"mainEntityOfPage\":{\"@id\":\"https:\\\/\\\/www.organisator.ch\\\/management\\\/2024-09-05\\\/wechsel-in-der-leitung-von-cablex\\\/\"},\"wordCount\":500,\"publisher\":{\"@id\":\"https:\\\/\\\/www.organisator.ch\\\/#organization\"},\"image\":{\"@id\":\"https:\\\/\\\/www.organisator.ch\\\/management\\\/2024-09-05\\\/wechsel-in-der-leitung-von-cablex\\\/#primaryimage\"},\"thumbnailUrl\":\"https:\\\/\\\/www.organisator.ch\\\/wp-content\\\/uploads\\\/2024\\\/09\\\/Cablex_Bild1_ps.jpg\",\"keywords\":[\"CEO\",\"Management und Unternehmensf\u00fchrung\",\"Unternehmen\"],\"articleSection\":[\"MANAGEMENT\"],\"inLanguage\":\"fr-FR\"},{\"@type\":\"WebPage\",\"@id\":\"https:\\\/\\\/www.organisator.ch\\\/management\\\/2024-09-05\\\/wechsel-in-der-leitung-von-cablex\\\/\",\"url\":\"https:\\\/\\\/www.organisator.ch\\\/management\\\/2024-09-05\\\/wechsel-in-der-leitung-von-cablex\\\/\",\"name\":\"Wechsel in der Leitung von Cablex - Organisator\",\"isPartOf\":{\"@id\":\"https:\\\/\\\/www.organisator.ch\\\/#website\"},\"primaryImageOfPage\":{\"@id\":\"https:\\\/\\\/www.organisator.ch\\\/management\\\/2024-09-05\\\/wechsel-in-der-leitung-von-cablex\\\/#primaryimage\"},\"image\":{\"@id\":\"https:\\\/\\\/www.organisator.ch\\\/management\\\/2024-09-05\\\/wechsel-in-der-leitung-von-cablex\\\/#primaryimage\"},\"thumbnailUrl\":\"https:\\\/\\\/www.organisator.ch\\\/wp-content\\\/uploads\\\/2024\\\/09\\\/Cablex_Bild1_ps.jpg\",\"datePublished\":\"2024-09-05T07:00:24+00:00\",\"description\":\"Der Verwaltungsrat der cablex AG freut sich, bekanntzugeben, dass Roger Keller ab dem 1. Januar 2025 die Leitung des Unternehmens als CEO \u00fcbernehmen wird.\",\"breadcrumb\":{\"@id\":\"https:\\\/\\\/www.organisator.ch\\\/management\\\/2024-09-05\\\/wechsel-in-der-leitung-von-cablex\\\/#breadcrumb\"},\"inLanguage\":\"fr-FR\",\"potentialAction\":[{\"@type\":\"ReadAction\",\"target\":[\"https:\\\/\\\/www.organisator.ch\\\/management\\\/2024-09-05\\\/wechsel-in-der-leitung-von-cablex\\\/\"]}]},{\"@type\":\"ImageObject\",\"inLanguage\":\"fr-FR\",\"@id\":\"https:\\\/\\\/www.organisator.ch\\\/management\\\/2024-09-05\\\/wechsel-in-der-leitung-von-cablex\\\/#primaryimage\",\"url\":\"https:\\\/\\\/www.organisator.ch\\\/wp-content\\\/uploads\\\/2024\\\/09\\\/Cablex_Bild1_ps.jpg\",\"contentUrl\":\"https:\\\/\\\/www.organisator.ch\\\/wp-content\\\/uploads\\\/2024\\\/09\\\/Cablex_Bild1_ps.jpg\",\"width\":680,\"height\":287,\"caption\":\"Vlnr. Roger Keller, Ulrich Sch\u00e4dler und Thomas von Arx. (Bild: www.cablex.ch)\"},{\"@type\":\"BreadcrumbList\",\"@id\":\"https:\\\/\\\/www.organisator.ch\\\/management\\\/2024-09-05\\\/wechsel-in-der-leitung-von-cablex\\\/#breadcrumb\",\"itemListElement\":[{\"@type\":\"ListItem\",\"position\":1,\"name\":\"Home\",\"item\":\"https:\\\/\\\/www.organisator.ch\\\/\"},{\"@type\":\"ListItem\",\"position\":2,\"name\":\"Wechsel in der Leitung von Cablex\"}]},{\"@type\":\"WebSite\",\"@id\":\"https:\\\/\\\/www.organisator.ch\\\/#website\",\"url\":\"https:\\\/\\\/www.organisator.ch\\\/\",\"name\":\"Organisator\",\"description\":\"Kompetent. Praxisnah. Der ORGANISATOR bereitet in 10 Ausgaben pro Jahr die wesentlichen Themen f\u00fcr F\u00fchrungskr\u00e4fte von KMU auf.\",\"publisher\":{\"@id\":\"https:\\\/\\\/www.organisator.ch\\\/#organization\"},\"potentialAction\":[{\"@type\":\"SearchAction\",\"target\":{\"@type\":\"EntryPoint\",\"urlTemplate\":\"https:\\\/\\\/www.organisator.ch\\\/?s={search_term_string}\"},\"query-input\":{\"@type\":\"PropertyValueSpecification\",\"valueRequired\":true,\"valueName\":\"search_term_string\"}}],\"inLanguage\":\"fr-FR\"},{\"@type\":\"Organization\",\"@id\":\"https:\\\/\\\/www.organisator.ch\\\/#organization\",\"name\":\"Organisator\",\"url\":\"https:\\\/\\\/www.organisator.ch\\\/\",\"logo\":{\"@type\":\"ImageObject\",\"inLanguage\":\"fr-FR\",\"@id\":\"https:\\\/\\\/www.organisator.ch\\\/#\\\/schema\\\/logo\\\/image\\\/\",\"url\":\"https:\\\/\\\/www.organisator.ch\\\/wp-content\\\/uploads\\\/2022\\\/01\\\/Logo_Organisator_Website.png\",\"contentUrl\":\"https:\\\/\\\/www.organisator.ch\\\/wp-content\\\/uploads\\\/2022\\\/01\\\/Logo_Organisator_Website.png\",\"width\":800,\"height\":77,\"caption\":\"Organisator\"},\"image\":{\"@id\":\"https:\\\/\\\/www.organisator.ch\\\/#\\\/schema\\\/logo\\\/image\\\/\"},\"sameAs\":[\"https:\\\/\\\/www.facebook.com\\\/OrganisatorFachmagazin\",\"https:\\\/\\\/www.linkedin.com\\\/showcase\\\/organisator-das-magazin-fr-kmu\",\"https:\\\/\\\/www.xing.com\\\/news\\\/pages\\\/organisator-ch-695\",\"https:\\\/\\\/www.youtube.com\\\/channel\\\/UCGP2Sq0iWaZwT3BdIAQFYpw\"]},{\"@type\":\"Person\",\"@id\":\"https:\\\/\\\/www.organisator.ch\\\/#\\\/schema\\\/person\\\/2e1314a2172123f874db408d8911d3f3\",\"name\":\"Adelisa Kalajdzini\",\"image\":{\"@type\":\"ImageObject\",\"inLanguage\":\"fr-FR\",\"@id\":\"https:\\\/\\\/secure.gravatar.com\\\/avatar\\\/09a397c22ac58cad6f160ee8306348599df9df58a8ede73696226897b9fa4b24?s=96&d=mm&r=g\",\"url\":\"https:\\\/\\\/secure.gravatar.com\\\/avatar\\\/09a397c22ac58cad6f160ee8306348599df9df58a8ede73696226897b9fa4b24?s=96&d=mm&r=g\",\"contentUrl\":\"https:\\\/\\\/secure.gravatar.com\\\/avatar\\\/09a397c22ac58cad6f160ee8306348599df9df58a8ede73696226897b9fa4b24?s=96&d=mm&r=g\",\"caption\":\"Adelisa Kalajdzini\"},\"url\":\"https:\\\/\\\/www.organisator.ch\\\/fr\\\/author\\\/adelisa-kalajdzini\\\/\"}]}<\/script>\n<!-- \/ Yoast SEO plugin. -->","yoast_head_json":{"title":"Changement \u00e0 la t\u00eate de Cablex - Organisateur","description":"Le conseil d'administration de cablex SA a le plaisir d'annoncer que Roger Keller prendra la direction de l'entreprise en tant que CEO \u00e0 partir du 1er janvier 2025.","robots":{"index":"index","follow":"follow","max-snippet":"max-snippet:-1","max-image-preview":"max-image-preview:large","max-video-preview":"max-video-preview:-1"},"canonical":"https:\/\/www.organisator.ch\/fr\/gestion-2\/2024-09-05\/wechsel-in-der-leitung-von-cablex\/","og_locale":"fr_FR","og_type":"article","og_title":"Wechsel in der Leitung von Cablex","og_description":"Der Verwaltungsrat der cablex AG freut sich, bekanntzugeben, dass Roger Keller ab dem 1. Januar 2025 die Leitung des Unternehmens als CEO \u00fcbernehmen wird.","og_url":"https:\/\/www.organisator.ch\/fr\/gestion-2\/2024-09-05\/wechsel-in-der-leitung-von-cablex\/","og_site_name":"Organisator","article_publisher":"https:\/\/www.facebook.com\/OrganisatorFachmagazin","article_published_time":"2024-09-05T07:00:24+00:00","og_image":[{"width":680,"height":287,"url":"https:\/\/www.organisator.ch\/wp-content\/uploads\/2024\/09\/Cablex_Bild1_ps.jpg","type":"image\/jpeg"}],"author":"Adelisa Kalajdzini","twitter_card":"summary_large_image","twitter_title":"Wechsel in der Leitung von Cablex","twitter_description":"Der #Verwaltungsrat der #cablex AG freut sich, bekanntzugeben, dass #Roger #Keller ab dem 1. Januar 2025 die Leitung des Unternehmens als #CEO \u00fcbernehmen wird.","twitter_image":"https:\/\/www.organisator.ch\/wp-content\/uploads\/2024\/09\/Cablex_Bild1_ps.jpg","schema":{"@context":"https:\/\/schema.org","@graph":[{"@type":"Article","@id":"https:\/\/www.organisator.ch\/management\/2024-09-05\/wechsel-in-der-leitung-von-cablex\/#article","isPartOf":{"@id":"https:\/\/www.organisator.ch\/management\/2024-09-05\/wechsel-in-der-leitung-von-cablex\/"},"author":{"name":"Adelisa Kalajdzini","@id":"https:\/\/www.organisator.ch\/#\/schema\/person\/2e1314a2172123f874db408d8911d3f3"},"headline":"Wechsel in der Leitung von Cablex","datePublished":"2024-09-05T07:00:24+00:00","mainEntityOfPage":{"@id":"https:\/\/www.organisator.ch\/management\/2024-09-05\/wechsel-in-der-leitung-von-cablex\/"},"wordCount":500,"publisher":{"@id":"https:\/\/www.organisator.ch\/#organization"},"image":{"@id":"https:\/\/www.organisator.ch\/management\/2024-09-05\/wechsel-in-der-leitung-von-cablex\/#primaryimage"},"thumbnailUrl":"https:\/\/www.organisator.ch\/wp-content\/uploads\/2024\/09\/Cablex_Bild1_ps.jpg","keywords":["CEO","Management und Unternehmensf\u00fchrung","Unternehmen"],"articleSection":["MANAGEMENT"],"inLanguage":"fr-FR"},{"@type":"WebPage","@id":"https:\/\/www.organisator.ch\/management\/2024-09-05\/wechsel-in-der-leitung-von-cablex\/","url":"https:\/\/www.organisator.ch\/management\/2024-09-05\/wechsel-in-der-leitung-von-cablex\/","name":"Changement \u00e0 la t\u00eate de Cablex - Organisateur","isPartOf":{"@id":"https:\/\/www.organisator.ch\/#website"},"primaryImageOfPage":{"@id":"https:\/\/www.organisator.ch\/management\/2024-09-05\/wechsel-in-der-leitung-von-cablex\/#primaryimage"},"image":{"@id":"https:\/\/www.organisator.ch\/management\/2024-09-05\/wechsel-in-der-leitung-von-cablex\/#primaryimage"},"thumbnailUrl":"https:\/\/www.organisator.ch\/wp-content\/uploads\/2024\/09\/Cablex_Bild1_ps.jpg","datePublished":"2024-09-05T07:00:24+00:00","description":"Le conseil d'administration de cablex SA a le plaisir d'annoncer que Roger Keller prendra la direction de l'entreprise en tant que CEO \u00e0 partir du 1er janvier 2025.","breadcrumb":{"@id":"https:\/\/www.organisator.ch\/management\/2024-09-05\/wechsel-in-der-leitung-von-cablex\/#breadcrumb"},"inLanguage":"fr-FR","potentialAction":[{"@type":"ReadAction","target":["https:\/\/www.organisator.ch\/management\/2024-09-05\/wechsel-in-der-leitung-von-cablex\/"]}]},{"@type":"ImageObject","inLanguage":"fr-FR","@id":"https:\/\/www.organisator.ch\/management\/2024-09-05\/wechsel-in-der-leitung-von-cablex\/#primaryimage","url":"https:\/\/www.organisator.ch\/wp-content\/uploads\/2024\/09\/Cablex_Bild1_ps.jpg","contentUrl":"https:\/\/www.organisator.ch\/wp-content\/uploads\/2024\/09\/Cablex_Bild1_ps.jpg","width":680,"height":287,"caption":"Vlnr. Roger Keller, Ulrich Sch\u00e4dler und Thomas von Arx. (Bild: www.cablex.ch)"},{"@type":"BreadcrumbList","@id":"https:\/\/www.organisator.ch\/management\/2024-09-05\/wechsel-in-der-leitung-von-cablex\/#breadcrumb","itemListElement":[{"@type":"ListItem","position":1,"name":"Home","item":"https:\/\/www.organisator.ch\/"},{"@type":"ListItem","position":2,"name":"Wechsel in der Leitung von Cablex"}]},{"@type":"WebSite","@id":"https:\/\/www.organisator.ch\/#website","url":"https:\/\/www.organisator.ch\/","name":"Organisateur","description":"Comp\u00e9tence et comp\u00e9tence. Proches de la pratique. L'ORGANISATEUR pr\u00e9pare 10 num\u00e9ros par an sur les th\u00e8mes essentiels pour les dirigeants de PME.","publisher":{"@id":"https:\/\/www.organisator.ch\/#organization"},"potentialAction":[{"@type":"SearchAction","target":{"@type":"EntryPoint","urlTemplate":"https:\/\/www.organisator.ch\/?s={search_term_string}"},"query-input":{"@type":"PropertyValueSpecification","valueRequired":true,"valueName":"search_term_string"}}],"inLanguage":"fr-FR"},{"@type":"Organization","@id":"https:\/\/www.organisator.ch\/#organization","name":"Organisateur","url":"https:\/\/www.organisator.ch\/","logo":{"@type":"ImageObject","inLanguage":"fr-FR","@id":"https:\/\/www.organisator.ch\/#\/schema\/logo\/image\/","url":"https:\/\/www.organisator.ch\/wp-content\/uploads\/2022\/01\/Logo_Organisator_Website.png","contentUrl":"https:\/\/www.organisator.ch\/wp-content\/uploads\/2022\/01\/Logo_Organisator_Website.png","width":800,"height":77,"caption":"Organisator"},"image":{"@id":"https:\/\/www.organisator.ch\/#\/schema\/logo\/image\/"},"sameAs":["https:\/\/www.facebook.com\/OrganisatorFachmagazin","https:\/\/www.linkedin.com\/showcase\/organisator-das-magazin-fr-kmu","https:\/\/www.xing.com\/news\/pages\/organisator-ch-695","https:\/\/www.youtube.com\/channel\/UCGP2Sq0iWaZwT3BdIAQFYpw"]},{"@type":"Person","@id":"https:\/\/www.organisator.ch\/#\/schema\/person\/2e1314a2172123f874db408d8911d3f3","name":"Adelisa Kalajdzini","image":{"@type":"ImageObject","inLanguage":"fr-FR","@id":"https:\/\/secure.gravatar.com\/avatar\/09a397c22ac58cad6f160ee8306348599df9df58a8ede73696226897b9fa4b24?s=96&d=mm&r=g","url":"https:\/\/secure.gravatar.com\/avatar\/09a397c22ac58cad6f160ee8306348599df9df58a8ede73696226897b9fa4b24?s=96&d=mm&r=g","contentUrl":"https:\/\/secure.gravatar.com\/avatar\/09a397c22ac58cad6f160ee8306348599df9df58a8ede73696226897b9fa4b24?s=96&d=mm&r=g","caption":"Adelisa Kalajdzini"},"url":"https:\/\/www.organisator.ch\/fr\/author\/adelisa-kalajdzini\/"}]}},"_links":{"self":[{"href":"https:\/\/www.organisator.ch\/fr\/wp-json\/wp\/v2\/posts\/29562","targetHints":{"allow":["GET"]}}],"collection":[{"href":"https:\/\/www.organisator.ch\/fr\/wp-json\/wp\/v2\/posts"}],"about":[{"href":"https:\/\/www.organisator.ch\/fr\/wp-json\/wp\/v2\/types\/post"}],"author":[{"embeddable":true,"href":"https:\/\/www.organisator.ch\/fr\/wp-json\/wp\/v2\/users\/58"}],"replies":[{"embeddable":true,"href":"https:\/\/www.organisator.ch\/fr\/wp-json\/wp\/v2\/comments?post=29562"}],"version-history":[{"count":7,"href":"https:\/\/www.organisator.ch\/fr\/wp-json\/wp\/v2\/posts\/29562\/revisions"}],"predecessor-version":[{"id":29614,"href":"https:\/\/www.organisator.ch\/fr\/wp-json\/wp\/v2\/posts\/29562\/revisions\/29614"}],"wp:featuredmedia":[{"embeddable":true,"href":"https:\/\/www.organisator.ch\/fr\/wp-json\/wp\/v2\/media\/29564"}],"wp:attachment":[{"href":"https:\/\/www.organisator.ch\/fr\/wp-json\/wp\/v2\/media?parent=29562"}],"wp:term":[{"taxonomy":"category","embeddable":true,"href":"https:\/\/www.organisator.ch\/fr\/wp-json\/wp\/v2\/categories?post=29562"},{"taxonomy":"post_tag","embeddable":true,"href":"https:\/\/www.organisator.ch\/fr\/wp-json\/wp\/v2\/tags?post=29562"}],"curies":[{"name":"wp","href":"https:\/\/api.w.org\/{rel}","templated":true}]}}