{"id":29589,"date":"2024-09-06T08:51:30","date_gmt":"2024-09-06T06:51:30","guid":{"rendered":"https:\/\/www.organisator.ch\/?p=29589"},"modified":"2024-09-06T08:51:30","modified_gmt":"2024-09-06T06:51:30","slug":"interne-nachfolge-in-der-geschaeftsleitung-der-allianz-suisse","status":"publish","type":"post","link":"https:\/\/www.organisator.ch\/fr\/management\/2024-09-06\/interne-nachfolge-in-der-geschaeftsleitung-der-allianz-suisse\/","title":{"rendered":"Succession interne au sein de la direction d'Allianz Suisse"},"content":{"rendered":"<figure id=\"attachment_29590\" aria-describedby=\"caption-attachment-29590\" style=\"width: 680px\" class=\"wp-caption alignnone\"><img loading=\"lazy\" decoding=\"async\" class=\"size-full wp-image-29590\" src=\"https:\/\/www.organisator.ch\/wp-content\/uploads\/2024\/09\/Allianz-Suisse_Bild1_ps.jpg\" alt=\"\" width=\"680\" height=\"386\" srcset=\"https:\/\/www.organisator.ch\/wp-content\/uploads\/2024\/09\/Allianz-Suisse_Bild1_ps.jpg 680w, https:\/\/www.organisator.ch\/wp-content\/uploads\/2024\/09\/Allianz-Suisse_Bild1_ps-18x10.jpg 18w, https:\/\/www.organisator.ch\/wp-content\/uploads\/2024\/09\/Allianz-Suisse_Bild1_ps-375x213.jpg 375w, https:\/\/www.organisator.ch\/wp-content\/uploads\/2024\/09\/Allianz-Suisse_Bild1_ps-617x350.jpg 617w\" sizes=\"auto, (max-width: 680px) 100vw, 680px\" \/><figcaption id=\"caption-attachment-29590\" class=\"wp-caption-text\">De gauche \u00e0 droite : Gregor Huber et Remo Cavegn. (Image : www.allianz.ch)<\/figcaption><\/figure>\n<p>La direction d'Allianz Suisse conna\u00eetra deux changements au cours des prochains mois.<\/p>\n<p>Stefan Rapp, qui a rejoint Allianz Suisse en 2008 en tant que Chief Financial Officer, quittera ses fonctions le 1er janvier 2025 \u00e0 sa demande. Apr\u00e8s 16 ans de succ\u00e8s, Stefan Rapp se retire de l'activit\u00e9 op\u00e9rationnelle en tant que CFO, mais reste li\u00e9 \u00e0 Allianz Suisse en tant que membre du conseil d'administration d'Allianz Suisse Immobilien AG. Il passe le relais \u00e0 Remo Cavegn, actuel Chief Risk Officer.<\/p>\n<p>Stefan Rapp a fortement marqu\u00e9 l'entreprise par sa vision strat\u00e9gique et ses d\u00e9cisions prudentes en mati\u00e8re de stabilit\u00e9 et de r\u00e9silience financi\u00e8res ainsi que d'efficacit\u00e9 du capital. Il a commenc\u00e9 sa carri\u00e8re en 1995 en tant que consultant chez A.T. Kearney Management Consultants \u00e0 Munich en Allemagne. En 1998, il a rejoint Allianz SE \u00e0 Munich et a travaill\u00e9 jusqu'en 2006 dans la planification et le contr\u00f4le de gestion du groupe. De 2006 \u00e0 2008, il a dirig\u00e9 le bureau du pr\u00e9sident du directoire d'Allianz Deutschland AG, avant de rejoindre Allianz Suisse en tant que directeur financier et membre de la direction.<\/p>\n<p>Ruedi Kubat, CEO d'Allianz Suisse : \"Depuis 2008, Stefan Rapp a contribu\u00e9 de mani\u00e8re d\u00e9cisive au succ\u00e8s durable d'Allianz Suisse gr\u00e2ce \u00e0 ses performances exceptionnelles. Je tiens \u00e0 l'en remercier chaleureusement d\u00e8s aujourd'hui. Je me r\u00e9jouis qu'il reste \u00e9troitement li\u00e9 \u00e0 Allianz Suisse en tant que membre du conseil d'administration d'Allianz Suisse Immobilien AG\".<\/p>\n<p>Un successeur interne a pu \u00eatre trouv\u00e9 en la personne de Remo Cavegn, 46 ans, qui apporte de vastes connaissances d'expert ainsi qu'une longue exp\u00e9rience locale et internationale au sein du groupe Allianz. Remo Cavegn est entr\u00e9 chez Allianz Suisse en 2001 et a pris la fonction de Chief Risk Officer en 2020 apr\u00e8s une carri\u00e8re internationale r\u00e9ussie au sein du groupe Allianz. Remo Cavegn est titulaire d'un master en comptabilit\u00e9 et finance ainsi que d'autres dipl\u00f4mes en droit fiscal et en gestion des risques. Remo Cavegn est mari\u00e9 et p\u00e8re d'un fils.<\/p>\n<p>Hanno Wienhausen, qui a rejoint Allianz Suisse en janvier 2022 en tant que Chief Underwriting Officer, deviendra membre du comit\u00e9 directeur d'Allianz Beratungs- und Vertriebs-AG (ABV) en Allemagne le 1er octobre 2024. Il passera le relais \u00e0 Gregor Huber, actuel responsable des affaires entreprises d'Allianz Suisse et Managing Director d'Allianz Commercial en Suisse.<\/p>\n<p>En \u00e0 peine trois ans chez Allianz Suisse, Hanno Wienhausen a apport\u00e9 avec succ\u00e8s sa grande expertise de la vente et ses vastes connaissances en mati\u00e8re d'assurance dommages. Sous sa direction, l'activit\u00e9 P&amp;C a \u00e9t\u00e9 adapt\u00e9e avec succ\u00e8s \u00e0 un environnement marqu\u00e9 par les intemp\u00e9ries et l'inflation, et d'importants partenaires automobiles ont \u00e9t\u00e9 acquis.<\/p>\n<p>Ruedi Kubat, CEO d'Allianz Suisse : \"Je f\u00e9licite Hanno Wienhausen pour sa nomination et pour cette prochaine \u00e9tape passionnante de sa carri\u00e8re et le remercie chaleureusement pour les services qu'il a rendus \u00e0 Allianz Suisse. Il a d\u00e9velopp\u00e9 l'activit\u00e9 P&amp;C de mani\u00e8re d\u00e9terminante et avec succ\u00e8s dans un environnement exigeant\".<\/p>\n<p>Avec Gregor Huber, 46 ans, c'est un dirigeant interne qui reprend le poste de membre de la direction et de Chief Underwriting Officer. Il conna\u00eet Allianz depuis 25 ans d\u00e9j\u00e0 pour y avoir occup\u00e9 diff\u00e9rentes fonctions. Gregor Huber dirige depuis 2018 les affaires d'entreprises d'Allianz Suisse au sein du d\u00e9partement P&amp;C et occupe en outre depuis 2023 la fonction de Managing Director d'Allianz Commercial en Suisse. Durant cette p\u00e9riode, il a men\u00e9 les affaires entreprises \u00e0 un succ\u00e8s remarquable et a obtenu, avec son<\/p>\n<p>Dans ce domaine, il a enregistr\u00e9 les recettes de primes et les r\u00e9sultats op\u00e9rationnels les plus \u00e9lev\u00e9s de l'histoire d'Allianz Suisse. Sous sa direction, les activit\u00e9s de l'entreprise se sont engag\u00e9es sur la voie d'une croissance durable. Gr\u00e2ce \u00e0 ses vastes connaissances en mati\u00e8re d'assurance et \u00e0 sa longue exp\u00e9rience internationale, y compris des postes dans la gestion des investissements chez AIM SE \u00e0 Munich et en tant que Chief Investment Officer d'Allianz Suisse, il est le candidat id\u00e9al pour ce poste. Gregor Huber est titulaire d'un master en \u00e9conomie de l'universit\u00e9 de Saint-Gall, est mari\u00e9 et p\u00e8re de trois enfants.<\/p>\n<p>Ruedi Kubat, CEO d'Allianz Suisse : \"Je suis tr\u00e8s heureux que nous puissions repourvoir ces postes strat\u00e9giquement importants avec nos propres jeunes collaborateurs de longue date disposant d'une exp\u00e9rience internationale et que nous puissions ainsi assurer une transition sans heurts\".<\/p>\n<p><em>Source : <a href=\"http:\/\/www.allianz.ch\">www.allianz.ch<\/a><\/em><\/p>","protected":false},"excerpt":{"rendered":"<p>Des changements de personnel interviendront au sein de la direction d'Allianz Suisse le 1er octobre 2024 et le 1er janvier 2025. Les deux membres de la direction Stefan Rapp, Chief Financial Officer, et Hanno Wienhausen, Chief Underwriting Officer, c\u00e9deront leurs fonctions \u00e0 des successeurs internes, mais resteront li\u00e9s \u00e0 Allianz. <\/p>","protected":false},"author":58,"featured_media":29590,"comment_status":"closed","ping_status":"closed","sticky":false,"template":"","format":"standard","meta":{"_acf_changed":false,"_yoast_wpseo_focuskw":"Nachfolge","_yoast_wpseo_metadesc":"In der Gesch\u00e4ftsleitung der Allianz Suisse kommt es per 1. Oktober 2024 und 1. Januar 2025 zu personellen Ver\u00e4nderungen.","articlekey":"","footnotes":""},"categories":[28],"tags":[695,334,335,492],"class_list":["post-29589","post","type-post","status-publish","format-standard","has-post-thumbnail","hentry","category-management","tag-allianz-suisse","tag-management","tag-management-und-unternehmensfuehrung","tag-unternehmen"],"acf":[],"yoast_head":"<!-- This site is optimized with the Yoast SEO plugin v27.5 - https:\/\/yoast.com\/product\/yoast-seo-wordpress\/ -->\n<title>Interne Nachfolge in der Gesch\u00e4ftsleitung der Allianz Suisse - Organisator<\/title>\n<meta name=\"description\" content=\"In der Gesch\u00e4ftsleitung der Allianz Suisse kommt es per 1. Oktober 2024 und 1. Januar 2025 zu personellen Ver\u00e4nderungen.\" \/>\n<meta name=\"robots\" content=\"index, follow, max-snippet:-1, max-image-preview:large, max-video-preview:-1\" \/>\n<link rel=\"canonical\" href=\"https:\/\/www.organisator.ch\/fr\/gestion-2\/2024-09-06\/interne-nachfolge-in-der-geschaeftsleitung-der-allianz-suisse\/\" \/>\n<meta property=\"og:locale\" content=\"fr_FR\" \/>\n<meta property=\"og:type\" content=\"article\" \/>\n<meta property=\"og:title\" content=\"Interne Nachfolge in der Gesch\u00e4ftsleitung der Allianz Suisse\" \/>\n<meta property=\"og:description\" content=\"In der Gesch\u00e4ftsleitung der Allianz Suisse kommt es per 1. Oktober 2024 und 1. Januar 2025 zu personellen Ver\u00e4nderungen.\" \/>\n<meta property=\"og:url\" content=\"https:\/\/www.organisator.ch\/fr\/gestion-2\/2024-09-06\/interne-nachfolge-in-der-geschaeftsleitung-der-allianz-suisse\/\" \/>\n<meta property=\"og:site_name\" content=\"Organisator\" \/>\n<meta property=\"article:publisher\" content=\"https:\/\/www.facebook.com\/OrganisatorFachmagazin\" \/>\n<meta property=\"article:published_time\" content=\"2024-09-06T06:51:30+00:00\" \/>\n<meta property=\"og:image\" content=\"https:\/\/www.organisator.ch\/wp-content\/uploads\/2024\/09\/Allianz-Suisse_Bild1_ps.jpg\" \/>\n\t<meta property=\"og:image:width\" content=\"680\" \/>\n\t<meta property=\"og:image:height\" content=\"386\" \/>\n\t<meta property=\"og:image:type\" content=\"image\/jpeg\" \/>\n<meta name=\"author\" content=\"Adelisa Kalajdzini\" \/>\n<meta name=\"twitter:card\" content=\"summary_large_image\" \/>\n<meta name=\"twitter:title\" content=\"Interne Nachfolge in der Gesch\u00e4ftsleitung der Allianz Suisse\" \/>\n<meta name=\"twitter:description\" content=\"In der #Gesch\u00e4ftsleitung der #Allianz #Suisse kommt es per 1. Oktober 2024 und 1. Januar 2025 zu #personellen #Ver\u00e4nderungen.\" \/>\n<meta name=\"twitter:image\" content=\"https:\/\/www.organisator.ch\/wp-content\/uploads\/2024\/09\/Allianz-Suisse_Bild1_ps.jpg\" \/>\n<script type=\"application\/ld+json\" class=\"yoast-schema-graph\">{\"@context\":\"https:\\\/\\\/schema.org\",\"@graph\":[{\"@type\":\"Article\",\"@id\":\"https:\\\/\\\/www.organisator.ch\\\/management\\\/2024-09-06\\\/interne-nachfolge-in-der-geschaeftsleitung-der-allianz-suisse\\\/#article\",\"isPartOf\":{\"@id\":\"https:\\\/\\\/www.organisator.ch\\\/management\\\/2024-09-06\\\/interne-nachfolge-in-der-geschaeftsleitung-der-allianz-suisse\\\/\"},\"author\":{\"name\":\"Adelisa Kalajdzini\",\"@id\":\"https:\\\/\\\/www.organisator.ch\\\/#\\\/schema\\\/person\\\/2e1314a2172123f874db408d8911d3f3\"},\"headline\":\"Interne Nachfolge in der Gesch\u00e4ftsleitung der Allianz Suisse\",\"datePublished\":\"2024-09-06T06:51:30+00:00\",\"mainEntityOfPage\":{\"@id\":\"https:\\\/\\\/www.organisator.ch\\\/management\\\/2024-09-06\\\/interne-nachfolge-in-der-geschaeftsleitung-der-allianz-suisse\\\/\"},\"wordCount\":656,\"publisher\":{\"@id\":\"https:\\\/\\\/www.organisator.ch\\\/#organization\"},\"image\":{\"@id\":\"https:\\\/\\\/www.organisator.ch\\\/management\\\/2024-09-06\\\/interne-nachfolge-in-der-geschaeftsleitung-der-allianz-suisse\\\/#primaryimage\"},\"thumbnailUrl\":\"https:\\\/\\\/www.organisator.ch\\\/wp-content\\\/uploads\\\/2024\\\/09\\\/Allianz-Suisse_Bild1_ps.jpg\",\"keywords\":[\"Allianz Suisse\",\"Management\",\"Management und Unternehmensf\u00fchrung\",\"Unternehmen\"],\"articleSection\":[\"MANAGEMENT\"],\"inLanguage\":\"fr-FR\"},{\"@type\":\"WebPage\",\"@id\":\"https:\\\/\\\/www.organisator.ch\\\/management\\\/2024-09-06\\\/interne-nachfolge-in-der-geschaeftsleitung-der-allianz-suisse\\\/\",\"url\":\"https:\\\/\\\/www.organisator.ch\\\/management\\\/2024-09-06\\\/interne-nachfolge-in-der-geschaeftsleitung-der-allianz-suisse\\\/\",\"name\":\"Interne Nachfolge in der Gesch\u00e4ftsleitung der Allianz Suisse - Organisator\",\"isPartOf\":{\"@id\":\"https:\\\/\\\/www.organisator.ch\\\/#website\"},\"primaryImageOfPage\":{\"@id\":\"https:\\\/\\\/www.organisator.ch\\\/management\\\/2024-09-06\\\/interne-nachfolge-in-der-geschaeftsleitung-der-allianz-suisse\\\/#primaryimage\"},\"image\":{\"@id\":\"https:\\\/\\\/www.organisator.ch\\\/management\\\/2024-09-06\\\/interne-nachfolge-in-der-geschaeftsleitung-der-allianz-suisse\\\/#primaryimage\"},\"thumbnailUrl\":\"https:\\\/\\\/www.organisator.ch\\\/wp-content\\\/uploads\\\/2024\\\/09\\\/Allianz-Suisse_Bild1_ps.jpg\",\"datePublished\":\"2024-09-06T06:51:30+00:00\",\"description\":\"In der Gesch\u00e4ftsleitung der Allianz Suisse kommt es per 1. Oktober 2024 und 1. Januar 2025 zu personellen Ver\u00e4nderungen.\",\"breadcrumb\":{\"@id\":\"https:\\\/\\\/www.organisator.ch\\\/management\\\/2024-09-06\\\/interne-nachfolge-in-der-geschaeftsleitung-der-allianz-suisse\\\/#breadcrumb\"},\"inLanguage\":\"fr-FR\",\"potentialAction\":[{\"@type\":\"ReadAction\",\"target\":[\"https:\\\/\\\/www.organisator.ch\\\/management\\\/2024-09-06\\\/interne-nachfolge-in-der-geschaeftsleitung-der-allianz-suisse\\\/\"]}]},{\"@type\":\"ImageObject\",\"inLanguage\":\"fr-FR\",\"@id\":\"https:\\\/\\\/www.organisator.ch\\\/management\\\/2024-09-06\\\/interne-nachfolge-in-der-geschaeftsleitung-der-allianz-suisse\\\/#primaryimage\",\"url\":\"https:\\\/\\\/www.organisator.ch\\\/wp-content\\\/uploads\\\/2024\\\/09\\\/Allianz-Suisse_Bild1_ps.jpg\",\"contentUrl\":\"https:\\\/\\\/www.organisator.ch\\\/wp-content\\\/uploads\\\/2024\\\/09\\\/Allianz-Suisse_Bild1_ps.jpg\",\"width\":680,\"height\":386,\"caption\":\"Vlnr. Gregor Huber und Remo Cavegn. (Bild: www.allianz.ch)\"},{\"@type\":\"BreadcrumbList\",\"@id\":\"https:\\\/\\\/www.organisator.ch\\\/management\\\/2024-09-06\\\/interne-nachfolge-in-der-geschaeftsleitung-der-allianz-suisse\\\/#breadcrumb\",\"itemListElement\":[{\"@type\":\"ListItem\",\"position\":1,\"name\":\"Home\",\"item\":\"https:\\\/\\\/www.organisator.ch\\\/\"},{\"@type\":\"ListItem\",\"position\":2,\"name\":\"Interne Nachfolge in der Gesch\u00e4ftsleitung der Allianz Suisse\"}]},{\"@type\":\"WebSite\",\"@id\":\"https:\\\/\\\/www.organisator.ch\\\/#website\",\"url\":\"https:\\\/\\\/www.organisator.ch\\\/\",\"name\":\"Organisator\",\"description\":\"Kompetent. Praxisnah. Der ORGANISATOR bereitet in 10 Ausgaben pro Jahr die wesentlichen Themen f\u00fcr F\u00fchrungskr\u00e4fte von KMU auf.\",\"publisher\":{\"@id\":\"https:\\\/\\\/www.organisator.ch\\\/#organization\"},\"potentialAction\":[{\"@type\":\"SearchAction\",\"target\":{\"@type\":\"EntryPoint\",\"urlTemplate\":\"https:\\\/\\\/www.organisator.ch\\\/?s={search_term_string}\"},\"query-input\":{\"@type\":\"PropertyValueSpecification\",\"valueRequired\":true,\"valueName\":\"search_term_string\"}}],\"inLanguage\":\"fr-FR\"},{\"@type\":\"Organization\",\"@id\":\"https:\\\/\\\/www.organisator.ch\\\/#organization\",\"name\":\"Organisator\",\"url\":\"https:\\\/\\\/www.organisator.ch\\\/\",\"logo\":{\"@type\":\"ImageObject\",\"inLanguage\":\"fr-FR\",\"@id\":\"https:\\\/\\\/www.organisator.ch\\\/#\\\/schema\\\/logo\\\/image\\\/\",\"url\":\"https:\\\/\\\/www.organisator.ch\\\/wp-content\\\/uploads\\\/2022\\\/01\\\/Logo_Organisator_Website.png\",\"contentUrl\":\"https:\\\/\\\/www.organisator.ch\\\/wp-content\\\/uploads\\\/2022\\\/01\\\/Logo_Organisator_Website.png\",\"width\":800,\"height\":77,\"caption\":\"Organisator\"},\"image\":{\"@id\":\"https:\\\/\\\/www.organisator.ch\\\/#\\\/schema\\\/logo\\\/image\\\/\"},\"sameAs\":[\"https:\\\/\\\/www.facebook.com\\\/OrganisatorFachmagazin\",\"https:\\\/\\\/www.linkedin.com\\\/showcase\\\/organisator-das-magazin-fr-kmu\",\"https:\\\/\\\/www.xing.com\\\/news\\\/pages\\\/organisator-ch-695\",\"https:\\\/\\\/www.youtube.com\\\/channel\\\/UCGP2Sq0iWaZwT3BdIAQFYpw\"]},{\"@type\":\"Person\",\"@id\":\"https:\\\/\\\/www.organisator.ch\\\/#\\\/schema\\\/person\\\/2e1314a2172123f874db408d8911d3f3\",\"name\":\"Adelisa Kalajdzini\",\"image\":{\"@type\":\"ImageObject\",\"inLanguage\":\"fr-FR\",\"@id\":\"https:\\\/\\\/secure.gravatar.com\\\/avatar\\\/09a397c22ac58cad6f160ee8306348599df9df58a8ede73696226897b9fa4b24?s=96&d=mm&r=g\",\"url\":\"https:\\\/\\\/secure.gravatar.com\\\/avatar\\\/09a397c22ac58cad6f160ee8306348599df9df58a8ede73696226897b9fa4b24?s=96&d=mm&r=g\",\"contentUrl\":\"https:\\\/\\\/secure.gravatar.com\\\/avatar\\\/09a397c22ac58cad6f160ee8306348599df9df58a8ede73696226897b9fa4b24?s=96&d=mm&r=g\",\"caption\":\"Adelisa Kalajdzini\"},\"url\":\"https:\\\/\\\/www.organisator.ch\\\/fr\\\/author\\\/adelisa-kalajdzini\\\/\"}]}<\/script>\n<!-- \/ Yoast SEO plugin. -->","yoast_head_json":{"title":"Succession interne \u00e0 la direction d'Allianz Suisse - Organisateur","description":"Des changements de personnel interviendront au sein de la direction d'Allianz Suisse au 1er octobre 2024 et au 1er janvier 2025.","robots":{"index":"index","follow":"follow","max-snippet":"max-snippet:-1","max-image-preview":"max-image-preview:large","max-video-preview":"max-video-preview:-1"},"canonical":"https:\/\/www.organisator.ch\/fr\/gestion-2\/2024-09-06\/interne-nachfolge-in-der-geschaeftsleitung-der-allianz-suisse\/","og_locale":"fr_FR","og_type":"article","og_title":"Interne Nachfolge in der Gesch\u00e4ftsleitung der Allianz Suisse","og_description":"In der Gesch\u00e4ftsleitung der Allianz Suisse kommt es per 1. Oktober 2024 und 1. Januar 2025 zu personellen Ver\u00e4nderungen.","og_url":"https:\/\/www.organisator.ch\/fr\/gestion-2\/2024-09-06\/interne-nachfolge-in-der-geschaeftsleitung-der-allianz-suisse\/","og_site_name":"Organisator","article_publisher":"https:\/\/www.facebook.com\/OrganisatorFachmagazin","article_published_time":"2024-09-06T06:51:30+00:00","og_image":[{"width":680,"height":386,"url":"https:\/\/www.organisator.ch\/wp-content\/uploads\/2024\/09\/Allianz-Suisse_Bild1_ps.jpg","type":"image\/jpeg"}],"author":"Adelisa Kalajdzini","twitter_card":"summary_large_image","twitter_title":"Interne Nachfolge in der Gesch\u00e4ftsleitung der Allianz Suisse","twitter_description":"In der #Gesch\u00e4ftsleitung der #Allianz #Suisse kommt es per 1. Oktober 2024 und 1. Januar 2025 zu #personellen #Ver\u00e4nderungen.","twitter_image":"https:\/\/www.organisator.ch\/wp-content\/uploads\/2024\/09\/Allianz-Suisse_Bild1_ps.jpg","schema":{"@context":"https:\/\/schema.org","@graph":[{"@type":"Article","@id":"https:\/\/www.organisator.ch\/management\/2024-09-06\/interne-nachfolge-in-der-geschaeftsleitung-der-allianz-suisse\/#article","isPartOf":{"@id":"https:\/\/www.organisator.ch\/management\/2024-09-06\/interne-nachfolge-in-der-geschaeftsleitung-der-allianz-suisse\/"},"author":{"name":"Adelisa Kalajdzini","@id":"https:\/\/www.organisator.ch\/#\/schema\/person\/2e1314a2172123f874db408d8911d3f3"},"headline":"Interne Nachfolge in der Gesch\u00e4ftsleitung der Allianz Suisse","datePublished":"2024-09-06T06:51:30+00:00","mainEntityOfPage":{"@id":"https:\/\/www.organisator.ch\/management\/2024-09-06\/interne-nachfolge-in-der-geschaeftsleitung-der-allianz-suisse\/"},"wordCount":656,"publisher":{"@id":"https:\/\/www.organisator.ch\/#organization"},"image":{"@id":"https:\/\/www.organisator.ch\/management\/2024-09-06\/interne-nachfolge-in-der-geschaeftsleitung-der-allianz-suisse\/#primaryimage"},"thumbnailUrl":"https:\/\/www.organisator.ch\/wp-content\/uploads\/2024\/09\/Allianz-Suisse_Bild1_ps.jpg","keywords":["Allianz Suisse","Management","Management und Unternehmensf\u00fchrung","Unternehmen"],"articleSection":["MANAGEMENT"],"inLanguage":"fr-FR"},{"@type":"WebPage","@id":"https:\/\/www.organisator.ch\/management\/2024-09-06\/interne-nachfolge-in-der-geschaeftsleitung-der-allianz-suisse\/","url":"https:\/\/www.organisator.ch\/management\/2024-09-06\/interne-nachfolge-in-der-geschaeftsleitung-der-allianz-suisse\/","name":"Succession interne \u00e0 la direction d'Allianz Suisse - Organisateur","isPartOf":{"@id":"https:\/\/www.organisator.ch\/#website"},"primaryImageOfPage":{"@id":"https:\/\/www.organisator.ch\/management\/2024-09-06\/interne-nachfolge-in-der-geschaeftsleitung-der-allianz-suisse\/#primaryimage"},"image":{"@id":"https:\/\/www.organisator.ch\/management\/2024-09-06\/interne-nachfolge-in-der-geschaeftsleitung-der-allianz-suisse\/#primaryimage"},"thumbnailUrl":"https:\/\/www.organisator.ch\/wp-content\/uploads\/2024\/09\/Allianz-Suisse_Bild1_ps.jpg","datePublished":"2024-09-06T06:51:30+00:00","description":"Des changements de personnel interviendront au sein de la direction d'Allianz Suisse au 1er octobre 2024 et au 1er janvier 2025.","breadcrumb":{"@id":"https:\/\/www.organisator.ch\/management\/2024-09-06\/interne-nachfolge-in-der-geschaeftsleitung-der-allianz-suisse\/#breadcrumb"},"inLanguage":"fr-FR","potentialAction":[{"@type":"ReadAction","target":["https:\/\/www.organisator.ch\/management\/2024-09-06\/interne-nachfolge-in-der-geschaeftsleitung-der-allianz-suisse\/"]}]},{"@type":"ImageObject","inLanguage":"fr-FR","@id":"https:\/\/www.organisator.ch\/management\/2024-09-06\/interne-nachfolge-in-der-geschaeftsleitung-der-allianz-suisse\/#primaryimage","url":"https:\/\/www.organisator.ch\/wp-content\/uploads\/2024\/09\/Allianz-Suisse_Bild1_ps.jpg","contentUrl":"https:\/\/www.organisator.ch\/wp-content\/uploads\/2024\/09\/Allianz-Suisse_Bild1_ps.jpg","width":680,"height":386,"caption":"Vlnr. Gregor Huber und Remo Cavegn. (Bild: www.allianz.ch)"},{"@type":"BreadcrumbList","@id":"https:\/\/www.organisator.ch\/management\/2024-09-06\/interne-nachfolge-in-der-geschaeftsleitung-der-allianz-suisse\/#breadcrumb","itemListElement":[{"@type":"ListItem","position":1,"name":"Home","item":"https:\/\/www.organisator.ch\/"},{"@type":"ListItem","position":2,"name":"Interne Nachfolge in der Gesch\u00e4ftsleitung der Allianz Suisse"}]},{"@type":"WebSite","@id":"https:\/\/www.organisator.ch\/#website","url":"https:\/\/www.organisator.ch\/","name":"Organisateur","description":"Comp\u00e9tence et comp\u00e9tence. Proches de la pratique. L'ORGANISATEUR pr\u00e9pare 10 num\u00e9ros par an sur les th\u00e8mes essentiels pour les dirigeants de PME.","publisher":{"@id":"https:\/\/www.organisator.ch\/#organization"},"potentialAction":[{"@type":"SearchAction","target":{"@type":"EntryPoint","urlTemplate":"https:\/\/www.organisator.ch\/?s={search_term_string}"},"query-input":{"@type":"PropertyValueSpecification","valueRequired":true,"valueName":"search_term_string"}}],"inLanguage":"fr-FR"},{"@type":"Organization","@id":"https:\/\/www.organisator.ch\/#organization","name":"Organisateur","url":"https:\/\/www.organisator.ch\/","logo":{"@type":"ImageObject","inLanguage":"fr-FR","@id":"https:\/\/www.organisator.ch\/#\/schema\/logo\/image\/","url":"https:\/\/www.organisator.ch\/wp-content\/uploads\/2022\/01\/Logo_Organisator_Website.png","contentUrl":"https:\/\/www.organisator.ch\/wp-content\/uploads\/2022\/01\/Logo_Organisator_Website.png","width":800,"height":77,"caption":"Organisator"},"image":{"@id":"https:\/\/www.organisator.ch\/#\/schema\/logo\/image\/"},"sameAs":["https:\/\/www.facebook.com\/OrganisatorFachmagazin","https:\/\/www.linkedin.com\/showcase\/organisator-das-magazin-fr-kmu","https:\/\/www.xing.com\/news\/pages\/organisator-ch-695","https:\/\/www.youtube.com\/channel\/UCGP2Sq0iWaZwT3BdIAQFYpw"]},{"@type":"Person","@id":"https:\/\/www.organisator.ch\/#\/schema\/person\/2e1314a2172123f874db408d8911d3f3","name":"Adelisa Kalajdzini","image":{"@type":"ImageObject","inLanguage":"fr-FR","@id":"https:\/\/secure.gravatar.com\/avatar\/09a397c22ac58cad6f160ee8306348599df9df58a8ede73696226897b9fa4b24?s=96&d=mm&r=g","url":"https:\/\/secure.gravatar.com\/avatar\/09a397c22ac58cad6f160ee8306348599df9df58a8ede73696226897b9fa4b24?s=96&d=mm&r=g","contentUrl":"https:\/\/secure.gravatar.com\/avatar\/09a397c22ac58cad6f160ee8306348599df9df58a8ede73696226897b9fa4b24?s=96&d=mm&r=g","caption":"Adelisa Kalajdzini"},"url":"https:\/\/www.organisator.ch\/fr\/author\/adelisa-kalajdzini\/"}]}},"_links":{"self":[{"href":"https:\/\/www.organisator.ch\/fr\/wp-json\/wp\/v2\/posts\/29589","targetHints":{"allow":["GET"]}}],"collection":[{"href":"https:\/\/www.organisator.ch\/fr\/wp-json\/wp\/v2\/posts"}],"about":[{"href":"https:\/\/www.organisator.ch\/fr\/wp-json\/wp\/v2\/types\/post"}],"author":[{"embeddable":true,"href":"https:\/\/www.organisator.ch\/fr\/wp-json\/wp\/v2\/users\/58"}],"replies":[{"embeddable":true,"href":"https:\/\/www.organisator.ch\/fr\/wp-json\/wp\/v2\/comments?post=29589"}],"version-history":[{"count":4,"href":"https:\/\/www.organisator.ch\/fr\/wp-json\/wp\/v2\/posts\/29589\/revisions"}],"predecessor-version":[{"id":29630,"href":"https:\/\/www.organisator.ch\/fr\/wp-json\/wp\/v2\/posts\/29589\/revisions\/29630"}],"wp:featuredmedia":[{"embeddable":true,"href":"https:\/\/www.organisator.ch\/fr\/wp-json\/wp\/v2\/media\/29590"}],"wp:attachment":[{"href":"https:\/\/www.organisator.ch\/fr\/wp-json\/wp\/v2\/media?parent=29589"}],"wp:term":[{"taxonomy":"category","embeddable":true,"href":"https:\/\/www.organisator.ch\/fr\/wp-json\/wp\/v2\/categories?post=29589"},{"taxonomy":"post_tag","embeddable":true,"href":"https:\/\/www.organisator.ch\/fr\/wp-json\/wp\/v2\/tags?post=29589"}],"curies":[{"name":"wp","href":"https:\/\/api.w.org\/{rel}","templated":true}]}}