{"id":29596,"date":"2024-09-06T14:21:04","date_gmt":"2024-09-06T12:21:04","guid":{"rendered":"https:\/\/www.organisator.ch\/?p=29596"},"modified":"2024-09-06T14:22:13","modified_gmt":"2024-09-06T12:22:13","slug":"rueckblick-auf-das-kmu-swiss-symposium-brugg","status":"publish","type":"post","link":"https:\/\/www.organisator.ch\/fr\/human-resources\/2024-09-06\/rueckblick-auf-das-kmu-swiss-symposium-brugg\/","title":{"rendered":"R\u00e9trospective du KMU Swiss Symposium Brugg"},"content":{"rendered":"<figure id=\"attachment_29600\" aria-describedby=\"caption-attachment-29600\" style=\"width: 680px\" class=\"wp-caption alignnone\"><img loading=\"lazy\" decoding=\"async\" class=\"size-full wp-image-29600\" src=\"https:\/\/www.organisator.ch\/wp-content\/uploads\/2024\/09\/Kmu-Swiss-Symposium-Brugg_Bild1_ps.jpg\" alt=\"\" width=\"680\" height=\"434\" srcset=\"https:\/\/www.organisator.ch\/wp-content\/uploads\/2024\/09\/Kmu-Swiss-Symposium-Brugg_Bild1_ps.jpg 680w, https:\/\/www.organisator.ch\/wp-content\/uploads\/2024\/09\/Kmu-Swiss-Symposium-Brugg_Bild1_ps-18x12.jpg 18w, https:\/\/www.organisator.ch\/wp-content\/uploads\/2024\/09\/Kmu-Swiss-Symposium-Brugg_Bild1_ps-375x239.jpg 375w, https:\/\/www.organisator.ch\/wp-content\/uploads\/2024\/09\/Kmu-Swiss-Symposium-Brugg_Bild1_ps-548x350.jpg 548w\" sizes=\"auto, (max-width: 680px) 100vw, 680px\" \/><figcaption id=\"caption-attachment-29600\" class=\"wp-caption-text\">Le symposium d'automne de PME Swiss a \u00e9t\u00e9 organis\u00e9 pour la 15e fois avec pour th\u00e8me \"Lieu de travail versus Etat social - des mod\u00e8les de travail \u00e0 adapter !? (Photo : www.kmuswiss.ch\/ Foto Wagner \/ Alexander Wagner)<\/figcaption><\/figure>\n<p>Le symposium d'automne de PME Swiss a \u00e9t\u00e9 organis\u00e9 pour la 15e fois. Pr\u00e8s de 250 personnalit\u00e9s \u00e0 l'esprit d'entreprise se sont rencontr\u00e9es \u00e0 Brugg pour s'inspirer et se mettre en r\u00e9seau. Pr\u00e8s de 30 exposants ont encadr\u00e9 le programme avec leurs produits et services pendant les pauses. Le prologue d'Aktionariat AG a eu lieu avant le d\u00e9but du symposium. Son CEO Murat \u00d6gat a expliqu\u00e9 les avantages de l'action \u00e0 jetons num\u00e9riques pour les soci\u00e9t\u00e9s anonymes suisses, notamment la lev\u00e9e de fonds et la participation des collaborateurs.<\/p>\n<p>Lors de son allocution de bienvenue, Armin Baumann, initiateur de PME Swiss, a soulign\u00e9 que le secteur \u00e9conomique 2 (industrie et artisanat) est le pilier de l'\u00e9conomie nationale. Il a \u00e9galement mentionn\u00e9 que dans ce secteur, les emplois sont d\u00e9localis\u00e9s et que la main-d'\u0153uvre fait d\u00e9faut. L'augmentation des obligations, des lois et des oppositions emp\u00eacherait \u00e9galement une adaptation rapide aux nouvelles conditions. En tant qu'initiateur de l'OYM, Hans-Peter Strebel a racont\u00e9 son parcours passionnant de pharmacien \u00e0 fabricant de produits pharmaceutiques jusqu'\u00e0 l'initiateur de l'OYM et les obstacles et les charges qu'il a fallu surmonter pour y parvenir. Chris Oeuvrai a fait un expos\u00e9 pertinent sur les effets du narcissisme dans le monde des affaires et a montr\u00e9 comment de telles personnes pouvaient \u00eatre identifi\u00e9es.<\/p>\n<p>Le deuxi\u00e8me bloc d'expos\u00e9s a \u00e9t\u00e9 ouvert par Regina Kuratle, directrice du Centre de formation continue \u00e0 la Haute \u00e9cole p\u00e9dagogique de Schwyz. Elle a expliqu\u00e9 la politique de formation et ce qu'elle pourrait, ou devrait, apporter. Ensuite, la Suissesse d'Islande Sigrun Gudjonsdottir a montr\u00e9 comment des femmes \"principalement engag\u00e9es \u00e0 la maison\" se sont transform\u00e9es en ligne en entrepreneuses \u00e0 succ\u00e8s, assumant ainsi leur propre responsabilit\u00e9. Carol H\u00e4usermann a mis en lumi\u00e8re les mod\u00e8les de travail de l'histoire \u00e0 l'\u00e9poque moderne et leurs cons\u00e9quences respectives, et a donn\u00e9 son point de vue sur l'avenir du travail.<\/p>\n<p>Dans la derni\u00e8re partie de l'expos\u00e9, le plus haut dignitaire politique argovien, le conseiller d'Etat Markus Dieth, actuel Landammann, a parl\u00e9 de l'\"employeur\" Argovie au centre du triangle \u00e9conomique B\u00e2le-Winterthur-Lucerne, qui g\u00e9n\u00e8re deux tiers du PIB. Patrizia Laeri, CEO d'ellex, journaliste et ex-pr\u00e9sentatrice de SRF-B\u00f6rse, a expliqu\u00e9 comment les femmes peuvent \u00eatre attir\u00e9es en tant que personnel qualifi\u00e9. Pour ce faire, il faut notamment assouplir les structures de jour et les cong\u00e9s parentaux.<\/p>\n<h3>Le Swiss Entrepreneur Award 2024...<\/h3>\n<p>La remise du \"Swiss Entrepreneur Award\", initi\u00e9 par le magazine \u00e9conomique Prestige Business et PME Swiss, a cl\u00f4tur\u00e9 la manifestation. Ce prix r\u00e9compense une entreprise suisse ou un(e) entrepreneur(e) qui a su cr\u00e9er une valeur durable gr\u00e2ce \u00e0 une action clairvoyante. Le choix a \u00e9t\u00e9 fait par un jury sp\u00e9cialis\u00e9 compos\u00e9 de dirigeants suisses s\u00e9lectionn\u00e9s. Leandro Niederer, propri\u00e9taire de l'entreprise Hergiswiler Glas AG, a \u00e9t\u00e9 d\u00e9sign\u00e9 laur\u00e9at de l'ann\u00e9e 2024. Appel\u00e9e \"Glasi Hergiswil\" dans le langage populaire, cette entreprise s\u00e9duit par son artisanat traditionnel de haute qualit\u00e9 et son histoire vieille de 200 ans. Avec son travail du verre exclusivement r\u00e9alis\u00e9 \u00e0 la main, l'entreprise est la derni\u00e8re verrerie de Suisse. La famille Niederer a sauv\u00e9 l'entreprise en 1975 et l'a men\u00e9e vers de nouveaux horizons. Leandro Niederer dirige aujourd'hui l'entreprise en troisi\u00e8me g\u00e9n\u00e9ration. L'action entrepreneuriale est honor\u00e9e par la remise du \"Swiss Entrepreneur Award\". En plus du troph\u00e9e, il a re\u00e7u un package m\u00e9dia brut de 100 000 francs suisses, qui peut \u00eatre r\u00e9alis\u00e9 et plac\u00e9 dans les titres bauRundschau et Prestige Business.<\/p>\n<h3><strong>Une perspective :\u00a0<\/strong><\/h3>\n<p>Le prochain symposium PME suisse aura lieu \u00e0 Baden le 20 mars 2025. Son th\u00e8me \"Cr\u00e9ativit\u00e9 et culture d'entreprise : la base d'une innovation durable\" r\u00e9unira \u00e0 nouveau des intervenants et des invit\u00e9s passionnants \u00e0 Baden. Il sera pr\u00e9c\u00e9d\u00e9 d'une visite d'une entreprise de renom.<\/p>\n<p><em>Source : <a href=\"http:\/\/www.kmuswiss.ch\">www.kmuswiss.ch<\/a><\/em><\/p>","protected":false},"excerpt":{"rendered":"<p>Les emplois sont n\u00e9cessaires \u00e0 une \u00e9conomie saine. L'augmentation de la quote-part de l'\u00c9tat, les obligations, les lois et autres emp\u00eachent une adaptation rapide aux nouvelles conditions afin de cr\u00e9er du travail et des emplois. Actuellement, l'int\u00e9r\u00eat pour les m\u00e9tiers manuels fait \u00e9galement d\u00e9faut. Les parents sont occup\u00e9s \u00e0 s'occuper de leurs enfants, c'est pourquoi il existe certes un potentiel de travailleurs\/euses, mais il n'est pas disponible. Lors du symposium de Brugg, la th\u00e9matique a \u00e9t\u00e9 abord\u00e9e sous diff\u00e9rentes perspectives et le \"Swiss Entrepreneur Award\" 2024 a finalement \u00e9t\u00e9 d\u00e9cern\u00e9. <\/p>","protected":false},"author":58,"featured_media":29600,"comment_status":"closed","ping_status":"closed","sticky":false,"template":"","format":"standard","meta":{"_acf_changed":false,"_yoast_wpseo_focuskw":"KMU Swiss Symposium","_yoast_wpseo_metadesc":"Eine steigende Staatsquote, Auflagen, Gesetze und desgleichen hindern eine schnelle Anpassung an neue Gegebenheiten, um Arbeit und Arbeitspl\u00e4tze zu schaffen.","articlekey":"","footnotes":""},"categories":[579,28],"tags":[3506,302,334,2276,492],"class_list":["post-29596","post","type-post","status-publish","format-standard","has-post-thumbnail","hentry","category-human-resources","category-management","tag-human-resources","tag-kmu-swiss","tag-management","tag-symposium","tag-unternehmen"],"acf":[],"yoast_head":"<!-- This site is optimized with the Yoast SEO plugin v27.4 - https:\/\/yoast.com\/product\/yoast-seo-wordpress\/ -->\n<title>R\u00fcckblick auf das KMU Swiss Symposium Brugg - Organisator<\/title>\n<meta name=\"description\" content=\"Eine steigende Staatsquote, Auflagen, Gesetze und desgleichen hindern eine schnelle Anpassung an neue Gegebenheiten, um Arbeit und Arbeitspl\u00e4tze zu schaffen.\" \/>\n<meta name=\"robots\" content=\"index, follow, max-snippet:-1, max-image-preview:large, max-video-preview:-1\" \/>\n<link rel=\"canonical\" href=\"https:\/\/www.organisator.ch\/fr\/ressources-humaines\/2024-09-06\/rueckblick-auf-das-kmu-swiss-symposium-brugg\/\" \/>\n<meta property=\"og:locale\" content=\"fr_FR\" \/>\n<meta property=\"og:type\" content=\"article\" \/>\n<meta property=\"og:title\" content=\"R\u00fcckblick auf das KMU Swiss Symposium Brugg\" \/>\n<meta property=\"og:description\" content=\"Eine steigende Staatsquote, Auflagen, Gesetze und desgleichen hindern eine schnelle Anpassung an neue Gegebenheiten, um Arbeit und Arbeitspl\u00e4tze zu schaffen.\" \/>\n<meta property=\"og:url\" content=\"https:\/\/www.organisator.ch\/fr\/ressources-humaines\/2024-09-06\/rueckblick-auf-das-kmu-swiss-symposium-brugg\/\" \/>\n<meta property=\"og:site_name\" content=\"Organisator\" \/>\n<meta property=\"article:publisher\" content=\"https:\/\/www.facebook.com\/OrganisatorFachmagazin\" \/>\n<meta property=\"article:published_time\" content=\"2024-09-06T12:21:04+00:00\" \/>\n<meta property=\"article:modified_time\" content=\"2024-09-06T12:22:13+00:00\" \/>\n<meta property=\"og:image\" content=\"https:\/\/www.organisator.ch\/wp-content\/uploads\/2024\/09\/Kmu-Swiss-Symposium-Brugg_Bild1_ps.jpg\" \/>\n\t<meta property=\"og:image:width\" content=\"680\" \/>\n\t<meta property=\"og:image:height\" content=\"434\" \/>\n\t<meta property=\"og:image:type\" content=\"image\/jpeg\" \/>\n<meta name=\"author\" content=\"Adelisa Kalajdzini\" \/>\n<meta name=\"twitter:card\" content=\"summary_large_image\" \/>\n<meta name=\"twitter:title\" content=\"R\u00fcckblick auf das KMU Swiss Symposium Brugg\" \/>\n<meta name=\"twitter:description\" content=\"Eine steigende Staatsquote, Auflagen, Gesetze und desgleichen hindern eine schnelle #Anpassung an neue #Gegebenheiten, um #Arbeit und #Arbeitspl\u00e4tze zu schaffen.\" \/>\n<meta name=\"twitter:image\" content=\"https:\/\/www.organisator.ch\/wp-content\/uploads\/2024\/09\/Kmu-Swiss-Symposium-Brugg_Bild1_ps.jpg\" \/>\n<script type=\"application\/ld+json\" class=\"yoast-schema-graph\">{\"@context\":\"https:\\\/\\\/schema.org\",\"@graph\":[{\"@type\":\"Article\",\"@id\":\"https:\\\/\\\/www.organisator.ch\\\/human-resources\\\/2024-09-06\\\/rueckblick-auf-das-kmu-swiss-symposium-brugg\\\/#article\",\"isPartOf\":{\"@id\":\"https:\\\/\\\/www.organisator.ch\\\/human-resources\\\/2024-09-06\\\/rueckblick-auf-das-kmu-swiss-symposium-brugg\\\/\"},\"author\":{\"name\":\"Adelisa Kalajdzini\",\"@id\":\"https:\\\/\\\/www.organisator.ch\\\/#\\\/schema\\\/person\\\/2e1314a2172123f874db408d8911d3f3\"},\"headline\":\"R\u00fcckblick auf das KMU Swiss Symposium Brugg\",\"datePublished\":\"2024-09-06T12:21:04+00:00\",\"dateModified\":\"2024-09-06T12:22:13+00:00\",\"mainEntityOfPage\":{\"@id\":\"https:\\\/\\\/www.organisator.ch\\\/human-resources\\\/2024-09-06\\\/rueckblick-auf-das-kmu-swiss-symposium-brugg\\\/\"},\"wordCount\":595,\"publisher\":{\"@id\":\"https:\\\/\\\/www.organisator.ch\\\/#organization\"},\"image\":{\"@id\":\"https:\\\/\\\/www.organisator.ch\\\/human-resources\\\/2024-09-06\\\/rueckblick-auf-das-kmu-swiss-symposium-brugg\\\/#primaryimage\"},\"thumbnailUrl\":\"https:\\\/\\\/www.organisator.ch\\\/wp-content\\\/uploads\\\/2024\\\/09\\\/Kmu-Swiss-Symposium-Brugg_Bild1_ps.jpg\",\"keywords\":[\"Human Resources\",\"KMU Swiss\",\"Management\",\"Symposium\",\"Unternehmen\"],\"articleSection\":[\"HUMAN RESOURCES\",\"MANAGEMENT\"],\"inLanguage\":\"fr-FR\"},{\"@type\":\"WebPage\",\"@id\":\"https:\\\/\\\/www.organisator.ch\\\/human-resources\\\/2024-09-06\\\/rueckblick-auf-das-kmu-swiss-symposium-brugg\\\/\",\"url\":\"https:\\\/\\\/www.organisator.ch\\\/human-resources\\\/2024-09-06\\\/rueckblick-auf-das-kmu-swiss-symposium-brugg\\\/\",\"name\":\"R\u00fcckblick auf das KMU Swiss Symposium Brugg - Organisator\",\"isPartOf\":{\"@id\":\"https:\\\/\\\/www.organisator.ch\\\/#website\"},\"primaryImageOfPage\":{\"@id\":\"https:\\\/\\\/www.organisator.ch\\\/human-resources\\\/2024-09-06\\\/rueckblick-auf-das-kmu-swiss-symposium-brugg\\\/#primaryimage\"},\"image\":{\"@id\":\"https:\\\/\\\/www.organisator.ch\\\/human-resources\\\/2024-09-06\\\/rueckblick-auf-das-kmu-swiss-symposium-brugg\\\/#primaryimage\"},\"thumbnailUrl\":\"https:\\\/\\\/www.organisator.ch\\\/wp-content\\\/uploads\\\/2024\\\/09\\\/Kmu-Swiss-Symposium-Brugg_Bild1_ps.jpg\",\"datePublished\":\"2024-09-06T12:21:04+00:00\",\"dateModified\":\"2024-09-06T12:22:13+00:00\",\"description\":\"Eine steigende Staatsquote, Auflagen, Gesetze und desgleichen hindern eine schnelle Anpassung an neue Gegebenheiten, um Arbeit und Arbeitspl\u00e4tze zu schaffen.\",\"breadcrumb\":{\"@id\":\"https:\\\/\\\/www.organisator.ch\\\/human-resources\\\/2024-09-06\\\/rueckblick-auf-das-kmu-swiss-symposium-brugg\\\/#breadcrumb\"},\"inLanguage\":\"fr-FR\",\"potentialAction\":[{\"@type\":\"ReadAction\",\"target\":[\"https:\\\/\\\/www.organisator.ch\\\/human-resources\\\/2024-09-06\\\/rueckblick-auf-das-kmu-swiss-symposium-brugg\\\/\"]}]},{\"@type\":\"ImageObject\",\"inLanguage\":\"fr-FR\",\"@id\":\"https:\\\/\\\/www.organisator.ch\\\/human-resources\\\/2024-09-06\\\/rueckblick-auf-das-kmu-swiss-symposium-brugg\\\/#primaryimage\",\"url\":\"https:\\\/\\\/www.organisator.ch\\\/wp-content\\\/uploads\\\/2024\\\/09\\\/Kmu-Swiss-Symposium-Brugg_Bild1_ps.jpg\",\"contentUrl\":\"https:\\\/\\\/www.organisator.ch\\\/wp-content\\\/uploads\\\/2024\\\/09\\\/Kmu-Swiss-Symposium-Brugg_Bild1_ps.jpg\",\"width\":680,\"height\":434,\"caption\":\"Das Herbst-Symposium von KMU Swiss wurde bereits das 15. Mal mit dem Motto \u00abArbeitsplatz versus Sozialstaat \u2013 Arbeitsmodelle zum Anpassen!?\u00bb durchgef\u00fchrt. (Bild: www.kmuswiss.ch\\\/ Foto Wagner \\\/ Alexander Wagner)\"},{\"@type\":\"BreadcrumbList\",\"@id\":\"https:\\\/\\\/www.organisator.ch\\\/human-resources\\\/2024-09-06\\\/rueckblick-auf-das-kmu-swiss-symposium-brugg\\\/#breadcrumb\",\"itemListElement\":[{\"@type\":\"ListItem\",\"position\":1,\"name\":\"Home\",\"item\":\"https:\\\/\\\/www.organisator.ch\\\/\"},{\"@type\":\"ListItem\",\"position\":2,\"name\":\"R\u00fcckblick auf das KMU Swiss Symposium Brugg\"}]},{\"@type\":\"WebSite\",\"@id\":\"https:\\\/\\\/www.organisator.ch\\\/#website\",\"url\":\"https:\\\/\\\/www.organisator.ch\\\/\",\"name\":\"Organisator\",\"description\":\"Kompetent. Praxisnah. Der ORGANISATOR bereitet in 10 Ausgaben pro Jahr die wesentlichen Themen f\u00fcr F\u00fchrungskr\u00e4fte von KMU auf.\",\"publisher\":{\"@id\":\"https:\\\/\\\/www.organisator.ch\\\/#organization\"},\"potentialAction\":[{\"@type\":\"SearchAction\",\"target\":{\"@type\":\"EntryPoint\",\"urlTemplate\":\"https:\\\/\\\/www.organisator.ch\\\/?s={search_term_string}\"},\"query-input\":{\"@type\":\"PropertyValueSpecification\",\"valueRequired\":true,\"valueName\":\"search_term_string\"}}],\"inLanguage\":\"fr-FR\"},{\"@type\":\"Organization\",\"@id\":\"https:\\\/\\\/www.organisator.ch\\\/#organization\",\"name\":\"Organisator\",\"url\":\"https:\\\/\\\/www.organisator.ch\\\/\",\"logo\":{\"@type\":\"ImageObject\",\"inLanguage\":\"fr-FR\",\"@id\":\"https:\\\/\\\/www.organisator.ch\\\/#\\\/schema\\\/logo\\\/image\\\/\",\"url\":\"https:\\\/\\\/www.organisator.ch\\\/wp-content\\\/uploads\\\/2022\\\/01\\\/Logo_Organisator_Website.png\",\"contentUrl\":\"https:\\\/\\\/www.organisator.ch\\\/wp-content\\\/uploads\\\/2022\\\/01\\\/Logo_Organisator_Website.png\",\"width\":800,\"height\":77,\"caption\":\"Organisator\"},\"image\":{\"@id\":\"https:\\\/\\\/www.organisator.ch\\\/#\\\/schema\\\/logo\\\/image\\\/\"},\"sameAs\":[\"https:\\\/\\\/www.facebook.com\\\/OrganisatorFachmagazin\",\"https:\\\/\\\/www.linkedin.com\\\/showcase\\\/organisator-das-magazin-fr-kmu\",\"https:\\\/\\\/www.xing.com\\\/news\\\/pages\\\/organisator-ch-695\",\"https:\\\/\\\/www.youtube.com\\\/channel\\\/UCGP2Sq0iWaZwT3BdIAQFYpw\"]},{\"@type\":\"Person\",\"@id\":\"https:\\\/\\\/www.organisator.ch\\\/#\\\/schema\\\/person\\\/2e1314a2172123f874db408d8911d3f3\",\"name\":\"Adelisa Kalajdzini\",\"image\":{\"@type\":\"ImageObject\",\"inLanguage\":\"fr-FR\",\"@id\":\"https:\\\/\\\/secure.gravatar.com\\\/avatar\\\/09a397c22ac58cad6f160ee8306348599df9df58a8ede73696226897b9fa4b24?s=96&d=mm&r=g\",\"url\":\"https:\\\/\\\/secure.gravatar.com\\\/avatar\\\/09a397c22ac58cad6f160ee8306348599df9df58a8ede73696226897b9fa4b24?s=96&d=mm&r=g\",\"contentUrl\":\"https:\\\/\\\/secure.gravatar.com\\\/avatar\\\/09a397c22ac58cad6f160ee8306348599df9df58a8ede73696226897b9fa4b24?s=96&d=mm&r=g\",\"caption\":\"Adelisa Kalajdzini\"},\"url\":\"https:\\\/\\\/www.organisator.ch\\\/fr\\\/author\\\/adelisa-kalajdzini\\\/\"}]}<\/script>\n<!-- \/ Yoast SEO plugin. -->","yoast_head_json":{"title":"R\u00e9trospective du KMU Swiss Symposium Brugg - Organisateur","description":"L'augmentation de la quote-part de l'\u00c9tat, les obligations, les lois et autres emp\u00eachent de s'adapter rapidement aux nouvelles r\u00e9alit\u00e9s afin de cr\u00e9er du travail et des emplois.","robots":{"index":"index","follow":"follow","max-snippet":"max-snippet:-1","max-image-preview":"max-image-preview:large","max-video-preview":"max-video-preview:-1"},"canonical":"https:\/\/www.organisator.ch\/fr\/ressources-humaines\/2024-09-06\/rueckblick-auf-das-kmu-swiss-symposium-brugg\/","og_locale":"fr_FR","og_type":"article","og_title":"R\u00fcckblick auf das KMU Swiss Symposium Brugg","og_description":"Eine steigende Staatsquote, Auflagen, Gesetze und desgleichen hindern eine schnelle Anpassung an neue Gegebenheiten, um Arbeit und Arbeitspl\u00e4tze zu schaffen.","og_url":"https:\/\/www.organisator.ch\/fr\/ressources-humaines\/2024-09-06\/rueckblick-auf-das-kmu-swiss-symposium-brugg\/","og_site_name":"Organisator","article_publisher":"https:\/\/www.facebook.com\/OrganisatorFachmagazin","article_published_time":"2024-09-06T12:21:04+00:00","article_modified_time":"2024-09-06T12:22:13+00:00","og_image":[{"width":680,"height":434,"url":"https:\/\/www.organisator.ch\/wp-content\/uploads\/2024\/09\/Kmu-Swiss-Symposium-Brugg_Bild1_ps.jpg","type":"image\/jpeg"}],"author":"Adelisa Kalajdzini","twitter_card":"summary_large_image","twitter_title":"R\u00fcckblick auf das KMU Swiss Symposium Brugg","twitter_description":"Eine steigende Staatsquote, Auflagen, Gesetze und desgleichen hindern eine schnelle #Anpassung an neue #Gegebenheiten, um #Arbeit und #Arbeitspl\u00e4tze zu schaffen.","twitter_image":"https:\/\/www.organisator.ch\/wp-content\/uploads\/2024\/09\/Kmu-Swiss-Symposium-Brugg_Bild1_ps.jpg","schema":{"@context":"https:\/\/schema.org","@graph":[{"@type":"Article","@id":"https:\/\/www.organisator.ch\/human-resources\/2024-09-06\/rueckblick-auf-das-kmu-swiss-symposium-brugg\/#article","isPartOf":{"@id":"https:\/\/www.organisator.ch\/human-resources\/2024-09-06\/rueckblick-auf-das-kmu-swiss-symposium-brugg\/"},"author":{"name":"Adelisa Kalajdzini","@id":"https:\/\/www.organisator.ch\/#\/schema\/person\/2e1314a2172123f874db408d8911d3f3"},"headline":"R\u00fcckblick auf das KMU Swiss Symposium Brugg","datePublished":"2024-09-06T12:21:04+00:00","dateModified":"2024-09-06T12:22:13+00:00","mainEntityOfPage":{"@id":"https:\/\/www.organisator.ch\/human-resources\/2024-09-06\/rueckblick-auf-das-kmu-swiss-symposium-brugg\/"},"wordCount":595,"publisher":{"@id":"https:\/\/www.organisator.ch\/#organization"},"image":{"@id":"https:\/\/www.organisator.ch\/human-resources\/2024-09-06\/rueckblick-auf-das-kmu-swiss-symposium-brugg\/#primaryimage"},"thumbnailUrl":"https:\/\/www.organisator.ch\/wp-content\/uploads\/2024\/09\/Kmu-Swiss-Symposium-Brugg_Bild1_ps.jpg","keywords":["Human Resources","KMU Swiss","Management","Symposium","Unternehmen"],"articleSection":["HUMAN RESOURCES","MANAGEMENT"],"inLanguage":"fr-FR"},{"@type":"WebPage","@id":"https:\/\/www.organisator.ch\/human-resources\/2024-09-06\/rueckblick-auf-das-kmu-swiss-symposium-brugg\/","url":"https:\/\/www.organisator.ch\/human-resources\/2024-09-06\/rueckblick-auf-das-kmu-swiss-symposium-brugg\/","name":"R\u00e9trospective du KMU Swiss Symposium Brugg - Organisateur","isPartOf":{"@id":"https:\/\/www.organisator.ch\/#website"},"primaryImageOfPage":{"@id":"https:\/\/www.organisator.ch\/human-resources\/2024-09-06\/rueckblick-auf-das-kmu-swiss-symposium-brugg\/#primaryimage"},"image":{"@id":"https:\/\/www.organisator.ch\/human-resources\/2024-09-06\/rueckblick-auf-das-kmu-swiss-symposium-brugg\/#primaryimage"},"thumbnailUrl":"https:\/\/www.organisator.ch\/wp-content\/uploads\/2024\/09\/Kmu-Swiss-Symposium-Brugg_Bild1_ps.jpg","datePublished":"2024-09-06T12:21:04+00:00","dateModified":"2024-09-06T12:22:13+00:00","description":"L'augmentation de la quote-part de l'\u00c9tat, les obligations, les lois et autres emp\u00eachent de s'adapter rapidement aux nouvelles r\u00e9alit\u00e9s afin de cr\u00e9er du travail et des emplois.","breadcrumb":{"@id":"https:\/\/www.organisator.ch\/human-resources\/2024-09-06\/rueckblick-auf-das-kmu-swiss-symposium-brugg\/#breadcrumb"},"inLanguage":"fr-FR","potentialAction":[{"@type":"ReadAction","target":["https:\/\/www.organisator.ch\/human-resources\/2024-09-06\/rueckblick-auf-das-kmu-swiss-symposium-brugg\/"]}]},{"@type":"ImageObject","inLanguage":"fr-FR","@id":"https:\/\/www.organisator.ch\/human-resources\/2024-09-06\/rueckblick-auf-das-kmu-swiss-symposium-brugg\/#primaryimage","url":"https:\/\/www.organisator.ch\/wp-content\/uploads\/2024\/09\/Kmu-Swiss-Symposium-Brugg_Bild1_ps.jpg","contentUrl":"https:\/\/www.organisator.ch\/wp-content\/uploads\/2024\/09\/Kmu-Swiss-Symposium-Brugg_Bild1_ps.jpg","width":680,"height":434,"caption":"Das Herbst-Symposium von KMU Swiss wurde bereits das 15. Mal mit dem Motto \u00abArbeitsplatz versus Sozialstaat \u2013 Arbeitsmodelle zum Anpassen!?\u00bb durchgef\u00fchrt. (Bild: www.kmuswiss.ch\/ Foto Wagner \/ Alexander Wagner)"},{"@type":"BreadcrumbList","@id":"https:\/\/www.organisator.ch\/human-resources\/2024-09-06\/rueckblick-auf-das-kmu-swiss-symposium-brugg\/#breadcrumb","itemListElement":[{"@type":"ListItem","position":1,"name":"Home","item":"https:\/\/www.organisator.ch\/"},{"@type":"ListItem","position":2,"name":"R\u00fcckblick auf das KMU Swiss Symposium Brugg"}]},{"@type":"WebSite","@id":"https:\/\/www.organisator.ch\/#website","url":"https:\/\/www.organisator.ch\/","name":"Organisateur","description":"Comp\u00e9tence et comp\u00e9tence. Proches de la pratique. L'ORGANISATEUR pr\u00e9pare 10 num\u00e9ros par an sur les th\u00e8mes essentiels pour les dirigeants de PME.","publisher":{"@id":"https:\/\/www.organisator.ch\/#organization"},"potentialAction":[{"@type":"SearchAction","target":{"@type":"EntryPoint","urlTemplate":"https:\/\/www.organisator.ch\/?s={search_term_string}"},"query-input":{"@type":"PropertyValueSpecification","valueRequired":true,"valueName":"search_term_string"}}],"inLanguage":"fr-FR"},{"@type":"Organization","@id":"https:\/\/www.organisator.ch\/#organization","name":"Organisateur","url":"https:\/\/www.organisator.ch\/","logo":{"@type":"ImageObject","inLanguage":"fr-FR","@id":"https:\/\/www.organisator.ch\/#\/schema\/logo\/image\/","url":"https:\/\/www.organisator.ch\/wp-content\/uploads\/2022\/01\/Logo_Organisator_Website.png","contentUrl":"https:\/\/www.organisator.ch\/wp-content\/uploads\/2022\/01\/Logo_Organisator_Website.png","width":800,"height":77,"caption":"Organisator"},"image":{"@id":"https:\/\/www.organisator.ch\/#\/schema\/logo\/image\/"},"sameAs":["https:\/\/www.facebook.com\/OrganisatorFachmagazin","https:\/\/www.linkedin.com\/showcase\/organisator-das-magazin-fr-kmu","https:\/\/www.xing.com\/news\/pages\/organisator-ch-695","https:\/\/www.youtube.com\/channel\/UCGP2Sq0iWaZwT3BdIAQFYpw"]},{"@type":"Person","@id":"https:\/\/www.organisator.ch\/#\/schema\/person\/2e1314a2172123f874db408d8911d3f3","name":"Adelisa Kalajdzini","image":{"@type":"ImageObject","inLanguage":"fr-FR","@id":"https:\/\/secure.gravatar.com\/avatar\/09a397c22ac58cad6f160ee8306348599df9df58a8ede73696226897b9fa4b24?s=96&d=mm&r=g","url":"https:\/\/secure.gravatar.com\/avatar\/09a397c22ac58cad6f160ee8306348599df9df58a8ede73696226897b9fa4b24?s=96&d=mm&r=g","contentUrl":"https:\/\/secure.gravatar.com\/avatar\/09a397c22ac58cad6f160ee8306348599df9df58a8ede73696226897b9fa4b24?s=96&d=mm&r=g","caption":"Adelisa Kalajdzini"},"url":"https:\/\/www.organisator.ch\/fr\/author\/adelisa-kalajdzini\/"}]}},"_links":{"self":[{"href":"https:\/\/www.organisator.ch\/fr\/wp-json\/wp\/v2\/posts\/29596","targetHints":{"allow":["GET"]}}],"collection":[{"href":"https:\/\/www.organisator.ch\/fr\/wp-json\/wp\/v2\/posts"}],"about":[{"href":"https:\/\/www.organisator.ch\/fr\/wp-json\/wp\/v2\/types\/post"}],"author":[{"embeddable":true,"href":"https:\/\/www.organisator.ch\/fr\/wp-json\/wp\/v2\/users\/58"}],"replies":[{"embeddable":true,"href":"https:\/\/www.organisator.ch\/fr\/wp-json\/wp\/v2\/comments?post=29596"}],"version-history":[{"count":10,"href":"https:\/\/www.organisator.ch\/fr\/wp-json\/wp\/v2\/posts\/29596\/revisions"}],"predecessor-version":[{"id":29604,"href":"https:\/\/www.organisator.ch\/fr\/wp-json\/wp\/v2\/posts\/29596\/revisions\/29604"}],"wp:featuredmedia":[{"embeddable":true,"href":"https:\/\/www.organisator.ch\/fr\/wp-json\/wp\/v2\/media\/29600"}],"wp:attachment":[{"href":"https:\/\/www.organisator.ch\/fr\/wp-json\/wp\/v2\/media?parent=29596"}],"wp:term":[{"taxonomy":"category","embeddable":true,"href":"https:\/\/www.organisator.ch\/fr\/wp-json\/wp\/v2\/categories?post=29596"},{"taxonomy":"post_tag","embeddable":true,"href":"https:\/\/www.organisator.ch\/fr\/wp-json\/wp\/v2\/tags?post=29596"}],"curies":[{"name":"wp","href":"https:\/\/api.w.org\/{rel}","templated":true}]}}