{"id":2960,"date":"2018-01-10T08:04:57","date_gmt":"2018-01-10T07:04:57","guid":{"rendered":"https:\/\/www.organisator.ch\/?p=2960"},"modified":"2018-01-10T08:04:57","modified_gmt":"2018-01-10T07:04:57","slug":"bechtle-akquiriert-erp-spezialist-acommit-ag","status":"publish","type":"post","link":"https:\/\/www.organisator.ch\/fr\/management\/it\/2018-01-10\/bechtle-akquiriert-erp-spezialist-acommit-ag\/","title":{"rendered":"Bechtle acquiert le sp\u00e9cialiste ERP Acommit AG"},"content":{"rendered":"<figure id=\"attachment_2961\" aria-describedby=\"caption-attachment-2961\" style=\"width: 640px\" class=\"wp-caption alignnone\"><img loading=\"lazy\" decoding=\"async\" class=\"size-full wp-image-2961\" src=\"https:\/\/www.organisator.ch\/wp-content\/uploads\/2018\/01\/Bechtle-akquiriert-ERP-Spezialist-Acommit-AG_Organisator.jpg\" alt=\"\" width=\"640\" height=\"479\" srcset=\"https:\/\/www.organisator.ch\/wp-content\/uploads\/2018\/01\/Bechtle-akquiriert-ERP-Spezialist-Acommit-AG_Organisator.jpg 640w, https:\/\/www.organisator.ch\/wp-content\/uploads\/2018\/01\/Bechtle-akquiriert-ERP-Spezialist-Acommit-AG_Organisator-16x12.jpg 16w, https:\/\/www.organisator.ch\/wp-content\/uploads\/2018\/01\/Bechtle-akquiriert-ERP-Spezialist-Acommit-AG_Organisator-234x175.jpg 234w, https:\/\/www.organisator.ch\/wp-content\/uploads\/2018\/01\/Bechtle-akquiriert-ERP-Spezialist-Acommit-AG_Organisator-468x350.jpg 468w, https:\/\/www.organisator.ch\/wp-content\/uploads\/2018\/01\/Bechtle-akquiriert-ERP-Spezialist-Acommit-AG_Organisator-300x225.jpg 300w\" sizes=\"auto, (max-width: 640px) 100vw, 640px\" \/><figcaption id=\"caption-attachment-2961\" class=\"wp-caption-text\">Andreas Staudigel (Bechtle AG, \u00e0 gauche) et Robert Zanzerl (Acommit AG, \u00e0 droite) sont convaincus de l'acquisition : Bechtle veut renforcer sa pr\u00e9sence en Suisse, Acommit son domaine de solutions d'application. (Images : Bechtle.com)<\/figcaption><\/figure>\n<p>Bechtle AG, dont le si\u00e8ge social se trouve \u00e0 Neckarsulm en Allemagne, acquiert avec Acommit AG, Horgen, l'un des principaux prestataires de services suisses en mati\u00e8re de logiciels et de solutions d'infrastructure informatique. L'entreprise, fond\u00e9e en 1983, est un sp\u00e9cialiste reconnu des solutions logicielles ERP bas\u00e9es sur Microsoft Dynamics\/NAV et sur son propre d\u00e9veloppement DIAS. Acommit cr\u00e9e principalement des solutions ERP sp\u00e9cifiques \u00e0 la branche, en particulier pour les clients des branches commerce\/retail, et se concentre avant tout sur la num\u00e9risation des processus commerciaux. L'entreprise emploie 60 personnes sur les sites de Horgen, Wallisellen, Lyss et Lucerne et a r\u00e9alis\u00e9 un chiffre d'affaires d'environ 14 millions de francs suisses au cours de l'exercice \u00e9coul\u00e9. Le prestataire de services informatiques dispose d'une large base de client\u00e8le de plus de 200 entreprises suisses de taille moyenne. Les propri\u00e9taires actuels, Martin K\u00fcng, Christoph Kleiner, Erich Wieser et Robert Zanzerl, conservent leur fonction de direction dans l'entreprise. Le nom de l'entreprise reste \u00e9galement inchang\u00e9.<\/p>\n<p>\" Avec Acommit, nous avons pu gagner une entreprise tr\u00e8s bien positionn\u00e9e pour Bechtle. Nous sommes heureux qu'une excellente \u00e9quipe de sp\u00e9cialistes nous renforce dans le domaine orient\u00e9 vers l'avenir des solutions logicielles Microsoft Dynamics \", d\u00e9clare Andreas Staudigel, directeur du secteur des solutions d'application de Bechtle AG. Cette entreprise est active avec environ 70 maisons de syst\u00e8mes informatiques en Allemagne, en Autriche et en Suisse et, avec des soci\u00e9t\u00e9s de commerce \u00e9lectronique dans 14 pays, elle compte, selon ses propres dires, parmi les entreprises de commerce informatique leaders en Europe. Fond\u00e9 en 1983, le groupe emploie actuellement plus de 8 300 personnes.<\/p>\n<p>Les clients d'Acommit profiteront de la gamme encore plus large de solutions informatiques, du portefeuille cloud et de l'offre d'infrastructure multi-constructeurs du groupe Bechtle, comme l'indique un communiqu\u00e9 des deux entreprises. \"Nos comp\u00e9tences s'int\u00e8grent parfaitement dans l'offre de prestations de Bechtle. Avec cette fusion, nous renfor\u00e7ons en m\u00eame temps notre propre position sur le march\u00e9 et pouvons offrir \u00e0 nos clients un service encore plus complet dans le domaine des solutions pour utilisateurs, de l'ing\u00e9nierie logicielle et de l'infrastructure informatique. Nous sommes convaincus que les deux entreprises sont parfaitement adapt\u00e9es l'une \u00e0 l'autre, qu'elles peuvent s'enrichir mutuellement et profiter l'une de l'autre\", d\u00e9clare Robert Zanzerl, CEO d'Acommit AG. Les deux partenaires ont convenu de ne pas divulguer le prix d'achat.<\/p>\n<p><em><a href=\"http:\/\/www.bechtle.com\">Source<\/a><\/em><\/p>","protected":false},"excerpt":{"rendered":"<p>Die Bechtle AG mit Hauptsitz im deutschen Neckarsulm\u00a0akquiriert mit der Acommit AG, Horgen, einen der f\u00fchrenden Schweizer Dienstleister f\u00fcr Software und IT-Infrastrukturl\u00f6sungen. Das 1983 gegr\u00fcndete Unternehmen ist ein anerkannter Spezialist f\u00fcr ERP-Softwarel\u00f6sungen auf Basis von Microsoft Dynamics\/NAV und der Eigenentwicklung DIAS. Acommit erstellt im Schwerpunkt branchenspezifische ERP-L\u00f6sungen, insbesondere f\u00fcr Kunden aus den Branchen Handel\/Retail, und [&hellip;]<\/p>\n","protected":false},"author":4,"featured_media":2961,"comment_status":"open","ping_status":"open","sticky":false,"template":"","format":"standard","meta":{"_acf_changed":false,"_yoast_wpseo_focuskw":"Bechtle","_yoast_wpseo_metadesc":"Bechtle baut seine Pr\u00e4senz in der Schweiz aus und \u00fcbernimmt die Acommit AG. Der ERP-Spezialist aus Horgen st\u00e4rkt dadurch den Bereich Anwendungsl\u00f6sungen.","articlekey":"","footnotes":""},"categories":[27],"tags":[286,288,492],"class_list":["post-2960","post","type-post","status-publish","format-standard","has-post-thumbnail","hentry","category-it","tag-it","tag-it-business-software","tag-unternehmen"],"acf":[],"yoast_head":"<!-- This site is optimized with the Yoast SEO plugin v27.5 - https:\/\/yoast.com\/product\/yoast-seo-wordpress\/ -->\n<title>Bechtle akquiriert ERP-Spezialist Acommit AG - Organisator<\/title>\n<meta name=\"description\" content=\"Bechtle baut seine Pr\u00e4senz in der Schweiz aus und \u00fcbernimmt die Acommit AG. Der ERP-Spezialist aus Horgen st\u00e4rkt dadurch den Bereich Anwendungsl\u00f6sungen.\" \/>\n<meta name=\"robots\" content=\"index, follow, max-snippet:-1, max-image-preview:large, max-video-preview:-1\" \/>\n<link rel=\"canonical\" href=\"https:\/\/www.organisator.ch\/fr\/gestion-2\/it\/2018-01-10\/bechtle-akquiriert-erp-spezialist-acommit-ag\/\" \/>\n<meta property=\"og:locale\" content=\"fr_FR\" \/>\n<meta property=\"og:type\" content=\"article\" \/>\n<meta property=\"og:title\" content=\"Bechtle akquiriert ERP-Spezialist Acommit AG\" \/>\n<meta property=\"og:description\" content=\"#Bechtle baut seine Pr\u00e4senz in der Schweiz aus und \u00fcbernimmt die #Acommit AG. Der #ERP-Spezialist aus Horgen st\u00e4rkt dadurch den Bereich Anwendungsl\u00f6sungen.\" \/>\n<meta property=\"og:url\" content=\"https:\/\/www.organisator.ch\/fr\/gestion-2\/it\/2018-01-10\/bechtle-akquiriert-erp-spezialist-acommit-ag\/\" \/>\n<meta property=\"og:site_name\" content=\"Organisator\" \/>\n<meta property=\"article:publisher\" content=\"https:\/\/www.facebook.com\/OrganisatorFachmagazin\" \/>\n<meta property=\"article:published_time\" content=\"2018-01-10T07:04:57+00:00\" \/>\n<meta property=\"og:image\" content=\"https:\/\/www.organisator.ch\/wp-content\/uploads\/2018\/01\/Bechtle-akquiriert-ERP-Spezialist-Acommit-AG_Organisator.jpg\" \/>\n\t<meta property=\"og:image:width\" content=\"640\" \/>\n\t<meta property=\"og:image:height\" content=\"479\" \/>\n\t<meta property=\"og:image:type\" content=\"image\/jpeg\" \/>\n<meta name=\"author\" content=\"thomas.berner\" \/>\n<meta name=\"twitter:card\" content=\"summary_large_image\" \/>\n<meta name=\"twitter:title\" content=\"#Bechtle akquiriert ERP-Spezialist #Acommit AG\" \/>\n<meta name=\"twitter:description\" content=\"#Bechtle baut seine Pr\u00e4senz in der Schweiz aus und \u00fcbernimmt die #Acommit AG. Der #ERP-Spezialist aus Horgen st\u00e4rkt dadurch den Bereich Anwendungsl\u00f6sungen.\" \/>\n<meta name=\"twitter:image\" content=\"https:\/\/www.organisator.ch\/wp-content\/uploads\/2018\/01\/Bechtle-akquiriert-ERP-Spezialist-Acommit-AG_Organisator.jpg\" \/>\n<script type=\"application\/ld+json\" class=\"yoast-schema-graph\">{\"@context\":\"https:\\\/\\\/schema.org\",\"@graph\":[{\"@type\":\"Article\",\"@id\":\"https:\\\/\\\/www.organisator.ch\\\/management\\\/it\\\/2018-01-10\\\/bechtle-akquiriert-erp-spezialist-acommit-ag\\\/#article\",\"isPartOf\":{\"@id\":\"https:\\\/\\\/www.organisator.ch\\\/management\\\/it\\\/2018-01-10\\\/bechtle-akquiriert-erp-spezialist-acommit-ag\\\/\"},\"author\":{\"name\":\"thomas.berner\",\"@id\":\"https:\\\/\\\/www.organisator.ch\\\/#\\\/schema\\\/person\\\/6f650f90b2842cd4c0cc334b4e36f67e\"},\"headline\":\"Bechtle akquiriert ERP-Spezialist Acommit AG\",\"datePublished\":\"2018-01-10T07:04:57+00:00\",\"mainEntityOfPage\":{\"@id\":\"https:\\\/\\\/www.organisator.ch\\\/management\\\/it\\\/2018-01-10\\\/bechtle-akquiriert-erp-spezialist-acommit-ag\\\/\"},\"wordCount\":372,\"commentCount\":0,\"publisher\":{\"@id\":\"https:\\\/\\\/www.organisator.ch\\\/#organization\"},\"image\":{\"@id\":\"https:\\\/\\\/www.organisator.ch\\\/management\\\/it\\\/2018-01-10\\\/bechtle-akquiriert-erp-spezialist-acommit-ag\\\/#primaryimage\"},\"thumbnailUrl\":\"https:\\\/\\\/www.organisator.ch\\\/wp-content\\\/uploads\\\/2018\\\/01\\\/Bechtle-akquiriert-ERP-Spezialist-Acommit-AG_Organisator.jpg\",\"keywords\":[\"IT\",\"IT &amp; Business Software\",\"Unternehmen\"],\"articleSection\":[\"IT\"],\"inLanguage\":\"fr-FR\"},{\"@type\":\"WebPage\",\"@id\":\"https:\\\/\\\/www.organisator.ch\\\/management\\\/it\\\/2018-01-10\\\/bechtle-akquiriert-erp-spezialist-acommit-ag\\\/\",\"url\":\"https:\\\/\\\/www.organisator.ch\\\/management\\\/it\\\/2018-01-10\\\/bechtle-akquiriert-erp-spezialist-acommit-ag\\\/\",\"name\":\"Bechtle akquiriert ERP-Spezialist Acommit AG - Organisator\",\"isPartOf\":{\"@id\":\"https:\\\/\\\/www.organisator.ch\\\/#website\"},\"primaryImageOfPage\":{\"@id\":\"https:\\\/\\\/www.organisator.ch\\\/management\\\/it\\\/2018-01-10\\\/bechtle-akquiriert-erp-spezialist-acommit-ag\\\/#primaryimage\"},\"image\":{\"@id\":\"https:\\\/\\\/www.organisator.ch\\\/management\\\/it\\\/2018-01-10\\\/bechtle-akquiriert-erp-spezialist-acommit-ag\\\/#primaryimage\"},\"thumbnailUrl\":\"https:\\\/\\\/www.organisator.ch\\\/wp-content\\\/uploads\\\/2018\\\/01\\\/Bechtle-akquiriert-ERP-Spezialist-Acommit-AG_Organisator.jpg\",\"datePublished\":\"2018-01-10T07:04:57+00:00\",\"description\":\"Bechtle baut seine Pr\u00e4senz in der Schweiz aus und \u00fcbernimmt die Acommit AG. Der ERP-Spezialist aus Horgen st\u00e4rkt dadurch den Bereich Anwendungsl\u00f6sungen.\",\"breadcrumb\":{\"@id\":\"https:\\\/\\\/www.organisator.ch\\\/management\\\/it\\\/2018-01-10\\\/bechtle-akquiriert-erp-spezialist-acommit-ag\\\/#breadcrumb\"},\"inLanguage\":\"fr-FR\",\"potentialAction\":[{\"@type\":\"ReadAction\",\"target\":[\"https:\\\/\\\/www.organisator.ch\\\/management\\\/it\\\/2018-01-10\\\/bechtle-akquiriert-erp-spezialist-acommit-ag\\\/\"]}]},{\"@type\":\"ImageObject\",\"inLanguage\":\"fr-FR\",\"@id\":\"https:\\\/\\\/www.organisator.ch\\\/management\\\/it\\\/2018-01-10\\\/bechtle-akquiriert-erp-spezialist-acommit-ag\\\/#primaryimage\",\"url\":\"https:\\\/\\\/www.organisator.ch\\\/wp-content\\\/uploads\\\/2018\\\/01\\\/Bechtle-akquiriert-ERP-Spezialist-Acommit-AG_Organisator.jpg\",\"contentUrl\":\"https:\\\/\\\/www.organisator.ch\\\/wp-content\\\/uploads\\\/2018\\\/01\\\/Bechtle-akquiriert-ERP-Spezialist-Acommit-AG_Organisator.jpg\",\"width\":640,\"height\":479,\"caption\":\"Andreas Staudigel (Bechtle AG, links) und Robert Zanzerl (Acommit AG, rechts) sind \u00fcberzeugt von der Akquisition: Bechtle will die Pr\u00e4senz in der Schweiz st\u00e4rken, Acommit seinen Bereich Anwendungsl\u00f6sungen. (Bilder: Bechtle.com)\"},{\"@type\":\"BreadcrumbList\",\"@id\":\"https:\\\/\\\/www.organisator.ch\\\/management\\\/it\\\/2018-01-10\\\/bechtle-akquiriert-erp-spezialist-acommit-ag\\\/#breadcrumb\",\"itemListElement\":[{\"@type\":\"ListItem\",\"position\":1,\"name\":\"Home\",\"item\":\"https:\\\/\\\/www.organisator.ch\\\/\"},{\"@type\":\"ListItem\",\"position\":2,\"name\":\"Bechtle akquiriert ERP-Spezialist Acommit AG\"}]},{\"@type\":\"WebSite\",\"@id\":\"https:\\\/\\\/www.organisator.ch\\\/#website\",\"url\":\"https:\\\/\\\/www.organisator.ch\\\/\",\"name\":\"Organisator\",\"description\":\"Kompetent. Praxisnah. Der ORGANISATOR bereitet in 10 Ausgaben pro Jahr die wesentlichen Themen f\u00fcr F\u00fchrungskr\u00e4fte von KMU auf.\",\"publisher\":{\"@id\":\"https:\\\/\\\/www.organisator.ch\\\/#organization\"},\"potentialAction\":[{\"@type\":\"SearchAction\",\"target\":{\"@type\":\"EntryPoint\",\"urlTemplate\":\"https:\\\/\\\/www.organisator.ch\\\/?s={search_term_string}\"},\"query-input\":{\"@type\":\"PropertyValueSpecification\",\"valueRequired\":true,\"valueName\":\"search_term_string\"}}],\"inLanguage\":\"fr-FR\"},{\"@type\":\"Organization\",\"@id\":\"https:\\\/\\\/www.organisator.ch\\\/#organization\",\"name\":\"Organisator\",\"url\":\"https:\\\/\\\/www.organisator.ch\\\/\",\"logo\":{\"@type\":\"ImageObject\",\"inLanguage\":\"fr-FR\",\"@id\":\"https:\\\/\\\/www.organisator.ch\\\/#\\\/schema\\\/logo\\\/image\\\/\",\"url\":\"https:\\\/\\\/www.organisator.ch\\\/wp-content\\\/uploads\\\/2022\\\/01\\\/Logo_Organisator_Website.png\",\"contentUrl\":\"https:\\\/\\\/www.organisator.ch\\\/wp-content\\\/uploads\\\/2022\\\/01\\\/Logo_Organisator_Website.png\",\"width\":800,\"height\":77,\"caption\":\"Organisator\"},\"image\":{\"@id\":\"https:\\\/\\\/www.organisator.ch\\\/#\\\/schema\\\/logo\\\/image\\\/\"},\"sameAs\":[\"https:\\\/\\\/www.facebook.com\\\/OrganisatorFachmagazin\",\"https:\\\/\\\/www.linkedin.com\\\/showcase\\\/organisator-das-magazin-fr-kmu\",\"https:\\\/\\\/www.xing.com\\\/news\\\/pages\\\/organisator-ch-695\",\"https:\\\/\\\/www.youtube.com\\\/channel\\\/UCGP2Sq0iWaZwT3BdIAQFYpw\"]},{\"@type\":\"Person\",\"@id\":\"https:\\\/\\\/www.organisator.ch\\\/#\\\/schema\\\/person\\\/6f650f90b2842cd4c0cc334b4e36f67e\",\"name\":\"thomas.berner\",\"image\":{\"@type\":\"ImageObject\",\"inLanguage\":\"fr-FR\",\"@id\":\"https:\\\/\\\/secure.gravatar.com\\\/avatar\\\/ac5001d2a36cb6c6cd3e50789007ffca834b477b74a2144564522e944eabff61?s=96&d=mm&r=g\",\"url\":\"https:\\\/\\\/secure.gravatar.com\\\/avatar\\\/ac5001d2a36cb6c6cd3e50789007ffca834b477b74a2144564522e944eabff61?s=96&d=mm&r=g\",\"contentUrl\":\"https:\\\/\\\/secure.gravatar.com\\\/avatar\\\/ac5001d2a36cb6c6cd3e50789007ffca834b477b74a2144564522e944eabff61?s=96&d=mm&r=g\",\"caption\":\"thomas.berner\"},\"url\":\"https:\\\/\\\/www.organisator.ch\\\/fr\\\/author\\\/thomas-berner\\\/\"}]}<\/script>\n<!-- \/ Yoast SEO plugin. -->","yoast_head_json":{"title":"Bechtle acquiert le sp\u00e9cialiste ERP Acommit AG - Organisateur","description":"Bechtle renforce sa pr\u00e9sence en Suisse et rach\u00e8te la soci\u00e9t\u00e9 Acommit AG. Le sp\u00e9cialiste ERP de Horgen renforce ainsi le secteur des solutions d'application.","robots":{"index":"index","follow":"follow","max-snippet":"max-snippet:-1","max-image-preview":"max-image-preview:large","max-video-preview":"max-video-preview:-1"},"canonical":"https:\/\/www.organisator.ch\/fr\/gestion-2\/it\/2018-01-10\/bechtle-akquiriert-erp-spezialist-acommit-ag\/","og_locale":"fr_FR","og_type":"article","og_title":"Bechtle akquiriert ERP-Spezialist Acommit AG","og_description":"#Bechtle baut seine Pr\u00e4senz in der Schweiz aus und \u00fcbernimmt die #Acommit AG. Der #ERP-Spezialist aus Horgen st\u00e4rkt dadurch den Bereich Anwendungsl\u00f6sungen.","og_url":"https:\/\/www.organisator.ch\/fr\/gestion-2\/it\/2018-01-10\/bechtle-akquiriert-erp-spezialist-acommit-ag\/","og_site_name":"Organisator","article_publisher":"https:\/\/www.facebook.com\/OrganisatorFachmagazin","article_published_time":"2018-01-10T07:04:57+00:00","og_image":[{"width":640,"height":479,"url":"https:\/\/www.organisator.ch\/wp-content\/uploads\/2018\/01\/Bechtle-akquiriert-ERP-Spezialist-Acommit-AG_Organisator.jpg","type":"image\/jpeg"}],"author":"thomas.berner","twitter_card":"summary_large_image","twitter_title":"#Bechtle akquiriert ERP-Spezialist #Acommit AG","twitter_description":"#Bechtle baut seine Pr\u00e4senz in der Schweiz aus und \u00fcbernimmt die #Acommit AG. Der #ERP-Spezialist aus Horgen st\u00e4rkt dadurch den Bereich Anwendungsl\u00f6sungen.","twitter_image":"https:\/\/www.organisator.ch\/wp-content\/uploads\/2018\/01\/Bechtle-akquiriert-ERP-Spezialist-Acommit-AG_Organisator.jpg","schema":{"@context":"https:\/\/schema.org","@graph":[{"@type":"Article","@id":"https:\/\/www.organisator.ch\/management\/it\/2018-01-10\/bechtle-akquiriert-erp-spezialist-acommit-ag\/#article","isPartOf":{"@id":"https:\/\/www.organisator.ch\/management\/it\/2018-01-10\/bechtle-akquiriert-erp-spezialist-acommit-ag\/"},"author":{"name":"thomas.berner","@id":"https:\/\/www.organisator.ch\/#\/schema\/person\/6f650f90b2842cd4c0cc334b4e36f67e"},"headline":"Bechtle akquiriert ERP-Spezialist Acommit AG","datePublished":"2018-01-10T07:04:57+00:00","mainEntityOfPage":{"@id":"https:\/\/www.organisator.ch\/management\/it\/2018-01-10\/bechtle-akquiriert-erp-spezialist-acommit-ag\/"},"wordCount":372,"commentCount":0,"publisher":{"@id":"https:\/\/www.organisator.ch\/#organization"},"image":{"@id":"https:\/\/www.organisator.ch\/management\/it\/2018-01-10\/bechtle-akquiriert-erp-spezialist-acommit-ag\/#primaryimage"},"thumbnailUrl":"https:\/\/www.organisator.ch\/wp-content\/uploads\/2018\/01\/Bechtle-akquiriert-ERP-Spezialist-Acommit-AG_Organisator.jpg","keywords":["IT","IT &amp; Business Software","Unternehmen"],"articleSection":["IT"],"inLanguage":"fr-FR"},{"@type":"WebPage","@id":"https:\/\/www.organisator.ch\/management\/it\/2018-01-10\/bechtle-akquiriert-erp-spezialist-acommit-ag\/","url":"https:\/\/www.organisator.ch\/management\/it\/2018-01-10\/bechtle-akquiriert-erp-spezialist-acommit-ag\/","name":"Bechtle acquiert le sp\u00e9cialiste ERP Acommit AG - Organisateur","isPartOf":{"@id":"https:\/\/www.organisator.ch\/#website"},"primaryImageOfPage":{"@id":"https:\/\/www.organisator.ch\/management\/it\/2018-01-10\/bechtle-akquiriert-erp-spezialist-acommit-ag\/#primaryimage"},"image":{"@id":"https:\/\/www.organisator.ch\/management\/it\/2018-01-10\/bechtle-akquiriert-erp-spezialist-acommit-ag\/#primaryimage"},"thumbnailUrl":"https:\/\/www.organisator.ch\/wp-content\/uploads\/2018\/01\/Bechtle-akquiriert-ERP-Spezialist-Acommit-AG_Organisator.jpg","datePublished":"2018-01-10T07:04:57+00:00","description":"Bechtle renforce sa pr\u00e9sence en Suisse et rach\u00e8te la soci\u00e9t\u00e9 Acommit AG. Le sp\u00e9cialiste ERP de Horgen renforce ainsi le secteur des solutions d'application.","breadcrumb":{"@id":"https:\/\/www.organisator.ch\/management\/it\/2018-01-10\/bechtle-akquiriert-erp-spezialist-acommit-ag\/#breadcrumb"},"inLanguage":"fr-FR","potentialAction":[{"@type":"ReadAction","target":["https:\/\/www.organisator.ch\/management\/it\/2018-01-10\/bechtle-akquiriert-erp-spezialist-acommit-ag\/"]}]},{"@type":"ImageObject","inLanguage":"fr-FR","@id":"https:\/\/www.organisator.ch\/management\/it\/2018-01-10\/bechtle-akquiriert-erp-spezialist-acommit-ag\/#primaryimage","url":"https:\/\/www.organisator.ch\/wp-content\/uploads\/2018\/01\/Bechtle-akquiriert-ERP-Spezialist-Acommit-AG_Organisator.jpg","contentUrl":"https:\/\/www.organisator.ch\/wp-content\/uploads\/2018\/01\/Bechtle-akquiriert-ERP-Spezialist-Acommit-AG_Organisator.jpg","width":640,"height":479,"caption":"Andreas Staudigel (Bechtle AG, links) und Robert Zanzerl (Acommit AG, rechts) sind \u00fcberzeugt von der Akquisition: Bechtle will die Pr\u00e4senz in der Schweiz st\u00e4rken, Acommit seinen Bereich Anwendungsl\u00f6sungen. (Bilder: Bechtle.com)"},{"@type":"BreadcrumbList","@id":"https:\/\/www.organisator.ch\/management\/it\/2018-01-10\/bechtle-akquiriert-erp-spezialist-acommit-ag\/#breadcrumb","itemListElement":[{"@type":"ListItem","position":1,"name":"Home","item":"https:\/\/www.organisator.ch\/"},{"@type":"ListItem","position":2,"name":"Bechtle akquiriert ERP-Spezialist Acommit AG"}]},{"@type":"WebSite","@id":"https:\/\/www.organisator.ch\/#website","url":"https:\/\/www.organisator.ch\/","name":"Organisateur","description":"Comp\u00e9tence et comp\u00e9tence. Proches de la pratique. L'ORGANISATEUR pr\u00e9pare 10 num\u00e9ros par an sur les th\u00e8mes essentiels pour les dirigeants de PME.","publisher":{"@id":"https:\/\/www.organisator.ch\/#organization"},"potentialAction":[{"@type":"SearchAction","target":{"@type":"EntryPoint","urlTemplate":"https:\/\/www.organisator.ch\/?s={search_term_string}"},"query-input":{"@type":"PropertyValueSpecification","valueRequired":true,"valueName":"search_term_string"}}],"inLanguage":"fr-FR"},{"@type":"Organization","@id":"https:\/\/www.organisator.ch\/#organization","name":"Organisateur","url":"https:\/\/www.organisator.ch\/","logo":{"@type":"ImageObject","inLanguage":"fr-FR","@id":"https:\/\/www.organisator.ch\/#\/schema\/logo\/image\/","url":"https:\/\/www.organisator.ch\/wp-content\/uploads\/2022\/01\/Logo_Organisator_Website.png","contentUrl":"https:\/\/www.organisator.ch\/wp-content\/uploads\/2022\/01\/Logo_Organisator_Website.png","width":800,"height":77,"caption":"Organisator"},"image":{"@id":"https:\/\/www.organisator.ch\/#\/schema\/logo\/image\/"},"sameAs":["https:\/\/www.facebook.com\/OrganisatorFachmagazin","https:\/\/www.linkedin.com\/showcase\/organisator-das-magazin-fr-kmu","https:\/\/www.xing.com\/news\/pages\/organisator-ch-695","https:\/\/www.youtube.com\/channel\/UCGP2Sq0iWaZwT3BdIAQFYpw"]},{"@type":"Person","@id":"https:\/\/www.organisator.ch\/#\/schema\/person\/6f650f90b2842cd4c0cc334b4e36f67e","name":"thomas.berner","image":{"@type":"ImageObject","inLanguage":"fr-FR","@id":"https:\/\/secure.gravatar.com\/avatar\/ac5001d2a36cb6c6cd3e50789007ffca834b477b74a2144564522e944eabff61?s=96&d=mm&r=g","url":"https:\/\/secure.gravatar.com\/avatar\/ac5001d2a36cb6c6cd3e50789007ffca834b477b74a2144564522e944eabff61?s=96&d=mm&r=g","contentUrl":"https:\/\/secure.gravatar.com\/avatar\/ac5001d2a36cb6c6cd3e50789007ffca834b477b74a2144564522e944eabff61?s=96&d=mm&r=g","caption":"thomas.berner"},"url":"https:\/\/www.organisator.ch\/fr\/author\/thomas-berner\/"}]}},"_links":{"self":[{"href":"https:\/\/www.organisator.ch\/fr\/wp-json\/wp\/v2\/posts\/2960","targetHints":{"allow":["GET"]}}],"collection":[{"href":"https:\/\/www.organisator.ch\/fr\/wp-json\/wp\/v2\/posts"}],"about":[{"href":"https:\/\/www.organisator.ch\/fr\/wp-json\/wp\/v2\/types\/post"}],"author":[{"embeddable":true,"href":"https:\/\/www.organisator.ch\/fr\/wp-json\/wp\/v2\/users\/4"}],"replies":[{"embeddable":true,"href":"https:\/\/www.organisator.ch\/fr\/wp-json\/wp\/v2\/comments?post=2960"}],"version-history":[{"count":0,"href":"https:\/\/www.organisator.ch\/fr\/wp-json\/wp\/v2\/posts\/2960\/revisions"}],"wp:featuredmedia":[{"embeddable":true,"href":"https:\/\/www.organisator.ch\/fr\/wp-json\/wp\/v2\/media\/2961"}],"wp:attachment":[{"href":"https:\/\/www.organisator.ch\/fr\/wp-json\/wp\/v2\/media?parent=2960"}],"wp:term":[{"taxonomy":"category","embeddable":true,"href":"https:\/\/www.organisator.ch\/fr\/wp-json\/wp\/v2\/categories?post=2960"},{"taxonomy":"post_tag","embeddable":true,"href":"https:\/\/www.organisator.ch\/fr\/wp-json\/wp\/v2\/tags?post=2960"}],"curies":[{"name":"wp","href":"https:\/\/api.w.org\/{rel}","templated":true}]}}