{"id":29648,"date":"2024-09-10T06:46:16","date_gmt":"2024-09-10T04:46:16","guid":{"rendered":"https:\/\/www.organisator.ch\/?p=29648"},"modified":"2024-09-09T14:46:37","modified_gmt":"2024-09-09T12:46:37","slug":"von-kmu-fuer-kmu-parato-ch-unterstuetzt-kmu-bei-der-digitalisierung","status":"publish","type":"post","link":"https:\/\/www.organisator.ch\/fr\/operational-excellence\/2024-09-10\/von-kmu-fuer-kmu-parato-ch-unterstuetzt-kmu-bei-der-digitalisierung\/","title":{"rendered":"De PME \u00e0 PME : Parato.ch aide les PME \u00e0 se num\u00e9riser"},"content":{"rendered":"<figure id=\"attachment_29653\" aria-describedby=\"caption-attachment-29653\" style=\"width: 680px\" class=\"wp-caption alignnone\"><img loading=\"lazy\" decoding=\"async\" class=\"size-full wp-image-29653\" src=\"https:\/\/www.organisator.ch\/wp-content\/uploads\/2024\/09\/Swisscom_Bild1_ps.jpg\" alt=\"\" width=\"680\" height=\"409\" srcset=\"https:\/\/www.organisator.ch\/wp-content\/uploads\/2024\/09\/Swisscom_Bild1_ps.jpg 680w, https:\/\/www.organisator.ch\/wp-content\/uploads\/2024\/09\/Swisscom_Bild1_ps-18x12.jpg 18w, https:\/\/www.organisator.ch\/wp-content\/uploads\/2024\/09\/Swisscom_Bild1_ps-375x226.jpg 375w, https:\/\/www.organisator.ch\/wp-content\/uploads\/2024\/09\/Swisscom_Bild1_ps-582x350.jpg 582w\" sizes=\"auto, (max-width: 680px) 100vw, 680px\" \/><figcaption id=\"caption-attachment-29653\" class=\"wp-caption-text\">Avec Parato.ch, les PME re\u00e7oivent le soutien n\u00e9cessaire pour avancer dans la num\u00e9risation. (Image : www.depositphotos.com)<\/figcaption><\/figure>\n<p>Il est bien connu que la num\u00e9risation pose des d\u00e9fis aux PME. En m\u00eame temps, plus de la moiti\u00e9 des PME indiquent avoir trop peu de connaissances informatiques, en particulier sur le th\u00e8me important de la s\u00e9curit\u00e9 informatique. Avec Parato.ch, les PME obtiennent le soutien n\u00e9cessaire pour faire avancer la num\u00e9risation dans l'entreprise de mani\u00e8re globale, sur la base d'une proc\u00e9dure standardis\u00e9e et de solutions \u00e9prouv\u00e9es. La num\u00e9risation devient ainsi plus rapide, moins ch\u00e8re et r\u00e9alisable pour chaque PME.<\/p>\n<h3><strong>Num\u00e9riser d'\u00e9gal \u00e0 \u00e9gal <\/strong><\/h3>\n<p>Parato.ch est une place de march\u00e9 num\u00e9rique qui met en relation les PME avec des experts en num\u00e9risation de la r\u00e9gion. Il s'agit d'entreprises informatiques qui disposent de l'expertise et de l'exp\u00e9rience n\u00e9cessaires et qui ne connaissent que trop bien les d\u00e9fis auxquels sont confront\u00e9es les PME. En tant que partenaires de confiance, ils accompagnent les PME dans leur num\u00e9risation, de l'acc\u00e8s au r\u00e9seau aux outils de marketing et de vente, en passant par des solutions modernes pour les postes de travail, afin d'assurer une croissance durable. Ils sont responsables du conseil, de la planification et de la mise en \u0153uvre des mesures de num\u00e9risation. Ils s'assurent ainsi que les diff\u00e9rents services et solutions sont harmonis\u00e9s entre eux. Cela est essentiel pour minimiser les failles de s\u00e9curit\u00e9 et garantir un fonctionnement sans faille.<\/p>\n<p>Parato.ch est un \u00e9cosyst\u00e8me ouvert et compte huit partenaires de plateforme pour son lancement. Au d\u00e9part, les activit\u00e9s commerciales se concentrent sur la Suisse al\u00e9manique. L'objectif est de continuer \u00e0 d\u00e9velopper le r\u00e9seau.\u00a0<\/p>\n<h3><strong>SwissDigiNet et Swisscom, une colonne vert\u00e9brale solide<\/strong><\/h3>\n<p>Derri\u00e8re Parato.ch se trouve Parato AG, une coentreprise de SwissDigiNet et de Swisscom dont le CEO est Markus M\u00fchlemann. Les deux entreprises participent d\u00e9j\u00e0 activement \u00e0 la num\u00e9risation de l'\u00e9conomie suisse. La place de march\u00e9 num\u00e9rique doit maintenant permettre de combler une lacune du march\u00e9 afin de r\u00e9pondre encore mieux aux besoins des PME suisses.  \"Notre exp\u00e9rience montre qu'il existe en Suisse un grand besoin de solutions coordonn\u00e9es dans le domaine de la num\u00e9risation pour les PME. De nombreuses entreprises ont un retard \u00e0 combler et ont besoin de soutien dans ce domaine. Parato AG comble cette lacune et offre aux PME une plate-forme fiable\", d\u00e9clare Markus M\u00fchlemann, CEO de Parato AG. Urs Lehner, responsable Swisscom Business Customers et membre de la direction du groupe Swisscom, d\u00e9clare : \"Nous voulons construire ensemble l'avenir num\u00e9rique. C'est pourquoi nous faisons activement avancer la num\u00e9risation de la Suisse et renfor\u00e7ons en m\u00eame temps les entreprises informatiques dans les r\u00e9gions avec Parato.ch\".<\/p>\n<p>Parato AG fait partie de 51% Swisscom et agira sur le march\u00e9 en tant que filiale ind\u00e9pendante. Swisscom poursuivra comme d'habitude sa collaboration avec ses partenaires informatiques PME existants.\u00a0<\/p>\n<p><em>Source : <a href=\"http:\/\/www.swisscom.ch\">www.swisscom.ch<\/a> \/ <a href=\"http:\/\/www.parato.ch\">www.parato.ch<\/a><\/em><\/p>","protected":false},"excerpt":{"rendered":"<p>La plate-forme Parato.ch met en relation les PME avec des experts et les aide \u00e0 se num\u00e9riser - plus rapidement et finalement \u00e0 moindre co\u00fbt gr\u00e2ce \u00e0 des offres standard \u00e9prouv\u00e9es. Les experts sont aux c\u00f4t\u00e9s de la PME, du conseil \u00e0 la mise en \u0153uvre de mesures de num\u00e9risation globales. Parato SA est une coentreprise de SwissDigiNet et de Swisscom. Le CEO est Markus M\u00fchlemann.  <\/p>","protected":false},"author":58,"featured_media":29653,"comment_status":"closed","ping_status":"closed","sticky":false,"template":"","format":"standard","meta":{"_acf_changed":false,"_yoast_wpseo_focuskw":"Parato.ch","_yoast_wpseo_metadesc":"Die Plattform Parato.ch vernetzt KMU mit Experten und unterst\u00fctzt sie bei der Digitalisierung - dank bew\u00e4hrten Standardangeboten schneller und letztlich g\u00fcnstiger.","articlekey":"","footnotes":""},"categories":[582],"tags":[156,301,2755,2962,492],"class_list":["post-29648","post","type-post","status-publish","format-standard","has-post-thumbnail","hentry","category-operational-excellence","tag-digitalisierung","tag-kmu","tag-operational-excellence","tag-swisscom","tag-unternehmen"],"acf":[],"yoast_head":"<!-- This site is optimized with the Yoast SEO plugin v27.4 - https:\/\/yoast.com\/product\/yoast-seo-wordpress\/ -->\n<title>Von KMU f\u00fcr KMU: Parato.ch unterst\u00fctzt KMU bei der Digitalisierung - Organisator<\/title>\n<meta name=\"description\" content=\"Die Plattform Parato.ch vernetzt KMU mit Experten und unterst\u00fctzt sie bei der Digitalisierung - dank bew\u00e4hrten Standardangeboten schneller und letztlich g\u00fcnstiger.\" \/>\n<meta name=\"robots\" content=\"index, follow, max-snippet:-1, max-image-preview:large, max-video-preview:-1\" \/>\n<link rel=\"canonical\" href=\"https:\/\/www.organisator.ch\/fr\/excellence-operationnelle\/2024-09-10\/von-kmu-fuer-kmu-parato-ch-unterstuetzt-kmu-bei-der-digitalisierung\/\" \/>\n<meta property=\"og:locale\" content=\"fr_FR\" \/>\n<meta property=\"og:type\" content=\"article\" \/>\n<meta property=\"og:title\" content=\"Von KMU f\u00fcr KMU: Parato.ch unterst\u00fctzt KMU bei der Digitalisierung\" \/>\n<meta property=\"og:description\" content=\"Die Plattform Parato.ch vernetzt KMU mit Experten und unterst\u00fctzt sie bei der Digitalisierung - dank bew\u00e4hrten Standardangeboten schneller und letztlich g\u00fcnstiger.\" \/>\n<meta property=\"og:url\" content=\"https:\/\/www.organisator.ch\/fr\/excellence-operationnelle\/2024-09-10\/von-kmu-fuer-kmu-parato-ch-unterstuetzt-kmu-bei-der-digitalisierung\/\" \/>\n<meta property=\"og:site_name\" content=\"Organisator\" \/>\n<meta property=\"article:publisher\" content=\"https:\/\/www.facebook.com\/OrganisatorFachmagazin\" \/>\n<meta property=\"article:published_time\" content=\"2024-09-10T04:46:16+00:00\" \/>\n<meta property=\"og:image\" content=\"https:\/\/www.organisator.ch\/wp-content\/uploads\/2024\/09\/Swisscom_Bild1_ps.jpg\" \/>\n\t<meta property=\"og:image:width\" content=\"680\" \/>\n\t<meta property=\"og:image:height\" content=\"409\" \/>\n\t<meta property=\"og:image:type\" content=\"image\/jpeg\" \/>\n<meta name=\"author\" content=\"Adelisa Kalajdzini\" \/>\n<meta name=\"twitter:card\" content=\"summary_large_image\" \/>\n<meta name=\"twitter:title\" content=\"Von KMU f\u00fcr KMU: Parato.ch unterst\u00fctzt KMU bei der Digitalisierung\" \/>\n<meta name=\"twitter:description\" content=\"Die Plattform #Parato.ch vernetzt #KMU mit #Experten und unterst\u00fctzt sie bei der #Digitalisierung - dank bew\u00e4hrten #Standardangeboten schneller und letztlich g\u00fcnstiger.\" \/>\n<meta name=\"twitter:image\" content=\"https:\/\/www.organisator.ch\/wp-content\/uploads\/2024\/09\/Swisscom_Bild1_ps.jpg\" \/>\n<script type=\"application\/ld+json\" class=\"yoast-schema-graph\">{\"@context\":\"https:\\\/\\\/schema.org\",\"@graph\":[{\"@type\":\"Article\",\"@id\":\"https:\\\/\\\/www.organisator.ch\\\/operational-excellence\\\/2024-09-10\\\/von-kmu-fuer-kmu-parato-ch-unterstuetzt-kmu-bei-der-digitalisierung\\\/#article\",\"isPartOf\":{\"@id\":\"https:\\\/\\\/www.organisator.ch\\\/operational-excellence\\\/2024-09-10\\\/von-kmu-fuer-kmu-parato-ch-unterstuetzt-kmu-bei-der-digitalisierung\\\/\"},\"author\":{\"name\":\"Adelisa Kalajdzini\",\"@id\":\"https:\\\/\\\/www.organisator.ch\\\/#\\\/schema\\\/person\\\/2e1314a2172123f874db408d8911d3f3\"},\"headline\":\"Von KMU f\u00fcr KMU: Parato.ch unterst\u00fctzt KMU bei der Digitalisierung\",\"datePublished\":\"2024-09-10T04:46:16+00:00\",\"mainEntityOfPage\":{\"@id\":\"https:\\\/\\\/www.organisator.ch\\\/operational-excellence\\\/2024-09-10\\\/von-kmu-fuer-kmu-parato-ch-unterstuetzt-kmu-bei-der-digitalisierung\\\/\"},\"wordCount\":437,\"publisher\":{\"@id\":\"https:\\\/\\\/www.organisator.ch\\\/#organization\"},\"image\":{\"@id\":\"https:\\\/\\\/www.organisator.ch\\\/operational-excellence\\\/2024-09-10\\\/von-kmu-fuer-kmu-parato-ch-unterstuetzt-kmu-bei-der-digitalisierung\\\/#primaryimage\"},\"thumbnailUrl\":\"https:\\\/\\\/www.organisator.ch\\\/wp-content\\\/uploads\\\/2024\\\/09\\\/Swisscom_Bild1_ps.jpg\",\"keywords\":[\"Digitalisierung\",\"KMU\",\"OPERATIONAL EXCELLENCE\",\"Swisscom\",\"Unternehmen\"],\"articleSection\":[\"OPERATIONAL EXCELLENCE\"],\"inLanguage\":\"fr-FR\"},{\"@type\":\"WebPage\",\"@id\":\"https:\\\/\\\/www.organisator.ch\\\/operational-excellence\\\/2024-09-10\\\/von-kmu-fuer-kmu-parato-ch-unterstuetzt-kmu-bei-der-digitalisierung\\\/\",\"url\":\"https:\\\/\\\/www.organisator.ch\\\/operational-excellence\\\/2024-09-10\\\/von-kmu-fuer-kmu-parato-ch-unterstuetzt-kmu-bei-der-digitalisierung\\\/\",\"name\":\"Von KMU f\u00fcr KMU: Parato.ch unterst\u00fctzt KMU bei der Digitalisierung - Organisator\",\"isPartOf\":{\"@id\":\"https:\\\/\\\/www.organisator.ch\\\/#website\"},\"primaryImageOfPage\":{\"@id\":\"https:\\\/\\\/www.organisator.ch\\\/operational-excellence\\\/2024-09-10\\\/von-kmu-fuer-kmu-parato-ch-unterstuetzt-kmu-bei-der-digitalisierung\\\/#primaryimage\"},\"image\":{\"@id\":\"https:\\\/\\\/www.organisator.ch\\\/operational-excellence\\\/2024-09-10\\\/von-kmu-fuer-kmu-parato-ch-unterstuetzt-kmu-bei-der-digitalisierung\\\/#primaryimage\"},\"thumbnailUrl\":\"https:\\\/\\\/www.organisator.ch\\\/wp-content\\\/uploads\\\/2024\\\/09\\\/Swisscom_Bild1_ps.jpg\",\"datePublished\":\"2024-09-10T04:46:16+00:00\",\"description\":\"Die Plattform Parato.ch vernetzt KMU mit Experten und unterst\u00fctzt sie bei der Digitalisierung - dank bew\u00e4hrten Standardangeboten schneller und letztlich g\u00fcnstiger.\",\"breadcrumb\":{\"@id\":\"https:\\\/\\\/www.organisator.ch\\\/operational-excellence\\\/2024-09-10\\\/von-kmu-fuer-kmu-parato-ch-unterstuetzt-kmu-bei-der-digitalisierung\\\/#breadcrumb\"},\"inLanguage\":\"fr-FR\",\"potentialAction\":[{\"@type\":\"ReadAction\",\"target\":[\"https:\\\/\\\/www.organisator.ch\\\/operational-excellence\\\/2024-09-10\\\/von-kmu-fuer-kmu-parato-ch-unterstuetzt-kmu-bei-der-digitalisierung\\\/\"]}]},{\"@type\":\"ImageObject\",\"inLanguage\":\"fr-FR\",\"@id\":\"https:\\\/\\\/www.organisator.ch\\\/operational-excellence\\\/2024-09-10\\\/von-kmu-fuer-kmu-parato-ch-unterstuetzt-kmu-bei-der-digitalisierung\\\/#primaryimage\",\"url\":\"https:\\\/\\\/www.organisator.ch\\\/wp-content\\\/uploads\\\/2024\\\/09\\\/Swisscom_Bild1_ps.jpg\",\"contentUrl\":\"https:\\\/\\\/www.organisator.ch\\\/wp-content\\\/uploads\\\/2024\\\/09\\\/Swisscom_Bild1_ps.jpg\",\"width\":680,\"height\":409,\"caption\":\"Mit Parato.ch erhalten KMU die notwendige Unterst\u00fctzung, um die Digitalisierung voranzutreiben. (Bild: www.depositphotos.com)\"},{\"@type\":\"BreadcrumbList\",\"@id\":\"https:\\\/\\\/www.organisator.ch\\\/operational-excellence\\\/2024-09-10\\\/von-kmu-fuer-kmu-parato-ch-unterstuetzt-kmu-bei-der-digitalisierung\\\/#breadcrumb\",\"itemListElement\":[{\"@type\":\"ListItem\",\"position\":1,\"name\":\"Home\",\"item\":\"https:\\\/\\\/www.organisator.ch\\\/\"},{\"@type\":\"ListItem\",\"position\":2,\"name\":\"Von KMU f\u00fcr KMU: Parato.ch unterst\u00fctzt KMU bei der Digitalisierung\"}]},{\"@type\":\"WebSite\",\"@id\":\"https:\\\/\\\/www.organisator.ch\\\/#website\",\"url\":\"https:\\\/\\\/www.organisator.ch\\\/\",\"name\":\"Organisator\",\"description\":\"Kompetent. Praxisnah. Der ORGANISATOR bereitet in 10 Ausgaben pro Jahr die wesentlichen Themen f\u00fcr F\u00fchrungskr\u00e4fte von KMU auf.\",\"publisher\":{\"@id\":\"https:\\\/\\\/www.organisator.ch\\\/#organization\"},\"potentialAction\":[{\"@type\":\"SearchAction\",\"target\":{\"@type\":\"EntryPoint\",\"urlTemplate\":\"https:\\\/\\\/www.organisator.ch\\\/?s={search_term_string}\"},\"query-input\":{\"@type\":\"PropertyValueSpecification\",\"valueRequired\":true,\"valueName\":\"search_term_string\"}}],\"inLanguage\":\"fr-FR\"},{\"@type\":\"Organization\",\"@id\":\"https:\\\/\\\/www.organisator.ch\\\/#organization\",\"name\":\"Organisator\",\"url\":\"https:\\\/\\\/www.organisator.ch\\\/\",\"logo\":{\"@type\":\"ImageObject\",\"inLanguage\":\"fr-FR\",\"@id\":\"https:\\\/\\\/www.organisator.ch\\\/#\\\/schema\\\/logo\\\/image\\\/\",\"url\":\"https:\\\/\\\/www.organisator.ch\\\/wp-content\\\/uploads\\\/2022\\\/01\\\/Logo_Organisator_Website.png\",\"contentUrl\":\"https:\\\/\\\/www.organisator.ch\\\/wp-content\\\/uploads\\\/2022\\\/01\\\/Logo_Organisator_Website.png\",\"width\":800,\"height\":77,\"caption\":\"Organisator\"},\"image\":{\"@id\":\"https:\\\/\\\/www.organisator.ch\\\/#\\\/schema\\\/logo\\\/image\\\/\"},\"sameAs\":[\"https:\\\/\\\/www.facebook.com\\\/OrganisatorFachmagazin\",\"https:\\\/\\\/www.linkedin.com\\\/showcase\\\/organisator-das-magazin-fr-kmu\",\"https:\\\/\\\/www.xing.com\\\/news\\\/pages\\\/organisator-ch-695\",\"https:\\\/\\\/www.youtube.com\\\/channel\\\/UCGP2Sq0iWaZwT3BdIAQFYpw\"]},{\"@type\":\"Person\",\"@id\":\"https:\\\/\\\/www.organisator.ch\\\/#\\\/schema\\\/person\\\/2e1314a2172123f874db408d8911d3f3\",\"name\":\"Adelisa Kalajdzini\",\"image\":{\"@type\":\"ImageObject\",\"inLanguage\":\"fr-FR\",\"@id\":\"https:\\\/\\\/secure.gravatar.com\\\/avatar\\\/09a397c22ac58cad6f160ee8306348599df9df58a8ede73696226897b9fa4b24?s=96&d=mm&r=g\",\"url\":\"https:\\\/\\\/secure.gravatar.com\\\/avatar\\\/09a397c22ac58cad6f160ee8306348599df9df58a8ede73696226897b9fa4b24?s=96&d=mm&r=g\",\"contentUrl\":\"https:\\\/\\\/secure.gravatar.com\\\/avatar\\\/09a397c22ac58cad6f160ee8306348599df9df58a8ede73696226897b9fa4b24?s=96&d=mm&r=g\",\"caption\":\"Adelisa Kalajdzini\"},\"url\":\"https:\\\/\\\/www.organisator.ch\\\/fr\\\/author\\\/adelisa-kalajdzini\\\/\"}]}<\/script>\n<!-- \/ Yoast SEO plugin. -->","yoast_head_json":{"title":"De PME \u00e0 PME : Parato.ch aide les PME \u00e0 se num\u00e9riser - Organisateur","description":"La plateforme Parato.ch met en relation les PME avec des experts et les aide \u00e0 se num\u00e9riser - plus rapidement et finalement \u00e0 moindre co\u00fbt gr\u00e2ce \u00e0 des offres standard \u00e9prouv\u00e9es.","robots":{"index":"index","follow":"follow","max-snippet":"max-snippet:-1","max-image-preview":"max-image-preview:large","max-video-preview":"max-video-preview:-1"},"canonical":"https:\/\/www.organisator.ch\/fr\/excellence-operationnelle\/2024-09-10\/von-kmu-fuer-kmu-parato-ch-unterstuetzt-kmu-bei-der-digitalisierung\/","og_locale":"fr_FR","og_type":"article","og_title":"Von KMU f\u00fcr KMU: Parato.ch unterst\u00fctzt KMU bei der Digitalisierung","og_description":"Die Plattform Parato.ch vernetzt KMU mit Experten und unterst\u00fctzt sie bei der Digitalisierung - dank bew\u00e4hrten Standardangeboten schneller und letztlich g\u00fcnstiger.","og_url":"https:\/\/www.organisator.ch\/fr\/excellence-operationnelle\/2024-09-10\/von-kmu-fuer-kmu-parato-ch-unterstuetzt-kmu-bei-der-digitalisierung\/","og_site_name":"Organisator","article_publisher":"https:\/\/www.facebook.com\/OrganisatorFachmagazin","article_published_time":"2024-09-10T04:46:16+00:00","og_image":[{"width":680,"height":409,"url":"https:\/\/www.organisator.ch\/wp-content\/uploads\/2024\/09\/Swisscom_Bild1_ps.jpg","type":"image\/jpeg"}],"author":"Adelisa Kalajdzini","twitter_card":"summary_large_image","twitter_title":"Von KMU f\u00fcr KMU: Parato.ch unterst\u00fctzt KMU bei der Digitalisierung","twitter_description":"Die Plattform #Parato.ch vernetzt #KMU mit #Experten und unterst\u00fctzt sie bei der #Digitalisierung - dank bew\u00e4hrten #Standardangeboten schneller und letztlich g\u00fcnstiger.","twitter_image":"https:\/\/www.organisator.ch\/wp-content\/uploads\/2024\/09\/Swisscom_Bild1_ps.jpg","schema":{"@context":"https:\/\/schema.org","@graph":[{"@type":"Article","@id":"https:\/\/www.organisator.ch\/operational-excellence\/2024-09-10\/von-kmu-fuer-kmu-parato-ch-unterstuetzt-kmu-bei-der-digitalisierung\/#article","isPartOf":{"@id":"https:\/\/www.organisator.ch\/operational-excellence\/2024-09-10\/von-kmu-fuer-kmu-parato-ch-unterstuetzt-kmu-bei-der-digitalisierung\/"},"author":{"name":"Adelisa Kalajdzini","@id":"https:\/\/www.organisator.ch\/#\/schema\/person\/2e1314a2172123f874db408d8911d3f3"},"headline":"Von KMU f\u00fcr KMU: Parato.ch unterst\u00fctzt KMU bei der Digitalisierung","datePublished":"2024-09-10T04:46:16+00:00","mainEntityOfPage":{"@id":"https:\/\/www.organisator.ch\/operational-excellence\/2024-09-10\/von-kmu-fuer-kmu-parato-ch-unterstuetzt-kmu-bei-der-digitalisierung\/"},"wordCount":437,"publisher":{"@id":"https:\/\/www.organisator.ch\/#organization"},"image":{"@id":"https:\/\/www.organisator.ch\/operational-excellence\/2024-09-10\/von-kmu-fuer-kmu-parato-ch-unterstuetzt-kmu-bei-der-digitalisierung\/#primaryimage"},"thumbnailUrl":"https:\/\/www.organisator.ch\/wp-content\/uploads\/2024\/09\/Swisscom_Bild1_ps.jpg","keywords":["Digitalisierung","KMU","OPERATIONAL EXCELLENCE","Swisscom","Unternehmen"],"articleSection":["OPERATIONAL EXCELLENCE"],"inLanguage":"fr-FR"},{"@type":"WebPage","@id":"https:\/\/www.organisator.ch\/operational-excellence\/2024-09-10\/von-kmu-fuer-kmu-parato-ch-unterstuetzt-kmu-bei-der-digitalisierung\/","url":"https:\/\/www.organisator.ch\/operational-excellence\/2024-09-10\/von-kmu-fuer-kmu-parato-ch-unterstuetzt-kmu-bei-der-digitalisierung\/","name":"De PME \u00e0 PME : Parato.ch aide les PME \u00e0 se num\u00e9riser - Organisateur","isPartOf":{"@id":"https:\/\/www.organisator.ch\/#website"},"primaryImageOfPage":{"@id":"https:\/\/www.organisator.ch\/operational-excellence\/2024-09-10\/von-kmu-fuer-kmu-parato-ch-unterstuetzt-kmu-bei-der-digitalisierung\/#primaryimage"},"image":{"@id":"https:\/\/www.organisator.ch\/operational-excellence\/2024-09-10\/von-kmu-fuer-kmu-parato-ch-unterstuetzt-kmu-bei-der-digitalisierung\/#primaryimage"},"thumbnailUrl":"https:\/\/www.organisator.ch\/wp-content\/uploads\/2024\/09\/Swisscom_Bild1_ps.jpg","datePublished":"2024-09-10T04:46:16+00:00","description":"La plateforme Parato.ch met en relation les PME avec des experts et les aide \u00e0 se num\u00e9riser - plus rapidement et finalement \u00e0 moindre co\u00fbt gr\u00e2ce \u00e0 des offres standard \u00e9prouv\u00e9es.","breadcrumb":{"@id":"https:\/\/www.organisator.ch\/operational-excellence\/2024-09-10\/von-kmu-fuer-kmu-parato-ch-unterstuetzt-kmu-bei-der-digitalisierung\/#breadcrumb"},"inLanguage":"fr-FR","potentialAction":[{"@type":"ReadAction","target":["https:\/\/www.organisator.ch\/operational-excellence\/2024-09-10\/von-kmu-fuer-kmu-parato-ch-unterstuetzt-kmu-bei-der-digitalisierung\/"]}]},{"@type":"ImageObject","inLanguage":"fr-FR","@id":"https:\/\/www.organisator.ch\/operational-excellence\/2024-09-10\/von-kmu-fuer-kmu-parato-ch-unterstuetzt-kmu-bei-der-digitalisierung\/#primaryimage","url":"https:\/\/www.organisator.ch\/wp-content\/uploads\/2024\/09\/Swisscom_Bild1_ps.jpg","contentUrl":"https:\/\/www.organisator.ch\/wp-content\/uploads\/2024\/09\/Swisscom_Bild1_ps.jpg","width":680,"height":409,"caption":"Mit Parato.ch erhalten KMU die notwendige Unterst\u00fctzung, um die Digitalisierung voranzutreiben. (Bild: www.depositphotos.com)"},{"@type":"BreadcrumbList","@id":"https:\/\/www.organisator.ch\/operational-excellence\/2024-09-10\/von-kmu-fuer-kmu-parato-ch-unterstuetzt-kmu-bei-der-digitalisierung\/#breadcrumb","itemListElement":[{"@type":"ListItem","position":1,"name":"Home","item":"https:\/\/www.organisator.ch\/"},{"@type":"ListItem","position":2,"name":"Von KMU f\u00fcr KMU: Parato.ch unterst\u00fctzt KMU bei der Digitalisierung"}]},{"@type":"WebSite","@id":"https:\/\/www.organisator.ch\/#website","url":"https:\/\/www.organisator.ch\/","name":"Organisateur","description":"Comp\u00e9tence et comp\u00e9tence. Proches de la pratique. L'ORGANISATEUR pr\u00e9pare 10 num\u00e9ros par an sur les th\u00e8mes essentiels pour les dirigeants de PME.","publisher":{"@id":"https:\/\/www.organisator.ch\/#organization"},"potentialAction":[{"@type":"SearchAction","target":{"@type":"EntryPoint","urlTemplate":"https:\/\/www.organisator.ch\/?s={search_term_string}"},"query-input":{"@type":"PropertyValueSpecification","valueRequired":true,"valueName":"search_term_string"}}],"inLanguage":"fr-FR"},{"@type":"Organization","@id":"https:\/\/www.organisator.ch\/#organization","name":"Organisateur","url":"https:\/\/www.organisator.ch\/","logo":{"@type":"ImageObject","inLanguage":"fr-FR","@id":"https:\/\/www.organisator.ch\/#\/schema\/logo\/image\/","url":"https:\/\/www.organisator.ch\/wp-content\/uploads\/2022\/01\/Logo_Organisator_Website.png","contentUrl":"https:\/\/www.organisator.ch\/wp-content\/uploads\/2022\/01\/Logo_Organisator_Website.png","width":800,"height":77,"caption":"Organisator"},"image":{"@id":"https:\/\/www.organisator.ch\/#\/schema\/logo\/image\/"},"sameAs":["https:\/\/www.facebook.com\/OrganisatorFachmagazin","https:\/\/www.linkedin.com\/showcase\/organisator-das-magazin-fr-kmu","https:\/\/www.xing.com\/news\/pages\/organisator-ch-695","https:\/\/www.youtube.com\/channel\/UCGP2Sq0iWaZwT3BdIAQFYpw"]},{"@type":"Person","@id":"https:\/\/www.organisator.ch\/#\/schema\/person\/2e1314a2172123f874db408d8911d3f3","name":"Adelisa Kalajdzini","image":{"@type":"ImageObject","inLanguage":"fr-FR","@id":"https:\/\/secure.gravatar.com\/avatar\/09a397c22ac58cad6f160ee8306348599df9df58a8ede73696226897b9fa4b24?s=96&d=mm&r=g","url":"https:\/\/secure.gravatar.com\/avatar\/09a397c22ac58cad6f160ee8306348599df9df58a8ede73696226897b9fa4b24?s=96&d=mm&r=g","contentUrl":"https:\/\/secure.gravatar.com\/avatar\/09a397c22ac58cad6f160ee8306348599df9df58a8ede73696226897b9fa4b24?s=96&d=mm&r=g","caption":"Adelisa Kalajdzini"},"url":"https:\/\/www.organisator.ch\/fr\/author\/adelisa-kalajdzini\/"}]}},"_links":{"self":[{"href":"https:\/\/www.organisator.ch\/fr\/wp-json\/wp\/v2\/posts\/29648","targetHints":{"allow":["GET"]}}],"collection":[{"href":"https:\/\/www.organisator.ch\/fr\/wp-json\/wp\/v2\/posts"}],"about":[{"href":"https:\/\/www.organisator.ch\/fr\/wp-json\/wp\/v2\/types\/post"}],"author":[{"embeddable":true,"href":"https:\/\/www.organisator.ch\/fr\/wp-json\/wp\/v2\/users\/58"}],"replies":[{"embeddable":true,"href":"https:\/\/www.organisator.ch\/fr\/wp-json\/wp\/v2\/comments?post=29648"}],"version-history":[{"count":3,"href":"https:\/\/www.organisator.ch\/fr\/wp-json\/wp\/v2\/posts\/29648\/revisions"}],"predecessor-version":[{"id":29708,"href":"https:\/\/www.organisator.ch\/fr\/wp-json\/wp\/v2\/posts\/29648\/revisions\/29708"}],"wp:featuredmedia":[{"embeddable":true,"href":"https:\/\/www.organisator.ch\/fr\/wp-json\/wp\/v2\/media\/29653"}],"wp:attachment":[{"href":"https:\/\/www.organisator.ch\/fr\/wp-json\/wp\/v2\/media?parent=29648"}],"wp:term":[{"taxonomy":"category","embeddable":true,"href":"https:\/\/www.organisator.ch\/fr\/wp-json\/wp\/v2\/categories?post=29648"},{"taxonomy":"post_tag","embeddable":true,"href":"https:\/\/www.organisator.ch\/fr\/wp-json\/wp\/v2\/tags?post=29648"}],"curies":[{"name":"wp","href":"https:\/\/api.w.org\/{rel}","templated":true}]}}