{"id":29674,"date":"2024-09-11T06:27:44","date_gmt":"2024-09-11T04:27:44","guid":{"rendered":"https:\/\/www.organisator.ch\/?p=29674"},"modified":"2024-09-10T11:28:07","modified_gmt":"2024-09-10T09:28:07","slug":"ueber-600-neue-studierende-starten-2024-an-der-zhaw-in-waedenswil","status":"publish","type":"post","link":"https:\/\/www.organisator.ch\/fr\/weiterbildung\/2024-09-11\/ueber-600-neue-studierende-starten-2024-an-der-zhaw-in-waedenswil\/","title":{"rendered":"Plus de 600 nouveaux \u00e9tudiants d\u00e9buteront en 2024 \u00e0 la ZHAW de W\u00e4denswil"},"content":{"rendered":"<figure id=\"attachment_29677\" aria-describedby=\"caption-attachment-29677\" style=\"width: 680px\" class=\"wp-caption alignnone\"><img loading=\"lazy\" decoding=\"async\" class=\"size-full wp-image-29677\" src=\"https:\/\/www.organisator.ch\/wp-content\/uploads\/2024\/09\/ZHAW_Bild1_ps.jpg\" alt=\"\" width=\"680\" height=\"412\" srcset=\"https:\/\/www.organisator.ch\/wp-content\/uploads\/2024\/09\/ZHAW_Bild1_ps.jpg 680w, https:\/\/www.organisator.ch\/wp-content\/uploads\/2024\/09\/ZHAW_Bild1_ps-18x12.jpg 18w, https:\/\/www.organisator.ch\/wp-content\/uploads\/2024\/09\/ZHAW_Bild1_ps-375x227.jpg 375w, https:\/\/www.organisator.ch\/wp-content\/uploads\/2024\/09\/ZHAW_Bild1_ps-578x350.jpg 578w\" sizes=\"auto, (max-width: 680px) 100vw, 680px\" \/><figcaption id=\"caption-attachment-29677\" class=\"wp-caption-text\">2024 Semaine de lancement de la ZHAW dans la Kulturhalle Gl\u00e4rnisch \u00e0 W\u00e4denswil. (Image : www.zhaw.ch)<\/figcaption><\/figure>\n<p>Le directeur du d\u00e9partement Urs Hilber et son adjointe Diyana Petrova, responsable de l'\u00e9tat-major Formation, recherche et ressources, ont accueilli un total de 435 futurs \u00e9tudiants en bachelor au d\u00e9partement Sciences de la vie et Facility Management de la ZHAW \u00e0 W\u00e4denswil. La fili\u00e8re d'ing\u00e9nierie environnementale, qui enregistre \u00e0 nouveau le plus grand nombre de nouveaux inscrits, a \u00e9t\u00e9 enti\u00e8rement remani\u00e9e pour cette ann\u00e9e. D\u00e9j\u00e0 connu pour sa forte orientation pratique, il va encore plus loin. D\u00e8s le premier semestre, l'accent est mis sur une didactique orient\u00e9e vers les comp\u00e9tences et bas\u00e9e sur des projets.<\/p>\n<p>Outre les \u00e9tudiants en bachelor, le d\u00e9partement Sciences de la vie et Facility Management accueille cet automne 128 nouveaux \u00e9tudiants en master Sciences de la vie, Real Estate &amp; Facility Management et Environnement et ressources naturelles. Quarante-trois autres ont d\u00e9j\u00e0 commenc\u00e9 l'une de ces fili\u00e8res de master au semestre de printemps. En outre, 30 \u00e9tudiants en master Preneurship for Regenerative Food Systems ont \u00e9galement commenc\u00e9 au printemps. Enfin, le Master in Circular Economy Management, propos\u00e9 par le d\u00e9partement Life Sciences and Facility Management en collaboration avec la School of Engineering et la School of Management and Law, accueillera cet automne sa deuxi\u00e8me vol\u00e9e.<\/p>\n<h3><strong>Semaine de lancement comme pr\u00e9paration aux \u00e9tudes<\/strong><\/h3>\n<p>La semaine d'introduction, appel\u00e9e semaine de d\u00e9marrage, facilite l'entr\u00e9e des \u00e9tudiants de premier semestre dans les \u00e9tudes de bachelor, en ce qui concerne les questions techniques et administratives, mais aussi l'orientation sur le campus et la fili\u00e8re d'\u00e9tudes choisie. Comme l'ann\u00e9e pr\u00e9c\u00e9dente, l'accueil en guise d'introduction \u00e0 la semaine de lancement a eu lieu dans la Kulturhalle Gl\u00e4rnisch \u00e0 W\u00e4denswil. Celle-ci offre suffisamment de place pour tous les nouveaux \u00e9tudiants de bachelor. Les \u00e9tudiants se sont ensuite rendus sur le campus avec leurs coachs.<\/p>\n<h3><strong>Nouvelles entr\u00e9es d'\u00e9tudiants en bachelor et en master ZHAW \u00e0 W\u00e4denswil pour le d\u00e9but du semestre d'automne 2024<\/strong><\/h3>\n<p>Situation au 9.9.2024 :<\/p>\n<p><strong>Bachelor Applied Digital Life Sciences 45\u00a0\u00a0\u00a0\u00a0\u00a0\u00a0\u00a0<\/strong><\/p>\n<p><strong>Bachelor en diagnostic de laboratoire biom\u00e9dical 57\u00a0\u00a0\u00a0\u00a0\u00a0<\/strong><\/p>\n<p><strong>Bachelor en biotechnologie 49\u00a0<\/strong><\/p>\n<p><strong>Bachelor en chimie 40<\/strong><\/p>\n<p><strong>Bachelor en Facility Management 54<\/strong><\/p>\n<p><strong>Bachelor en technologie alimentaire 53<\/strong><\/p>\n<p><strong>Bachelor en ing\u00e9nierie de l'environnement 137<\/strong><\/p>\n<p><strong>Total 435\u00a0<\/strong><\/p>\n<p>&nbsp;<\/p>\n<p><strong>Master Sciences de la vie 59<\/strong><\/p>\n<p><strong>Master Real Estate &amp; Facility Management 26\u00a0<\/strong><\/p>\n<p><strong>Master Environnement et Ressources naturelles 43<\/strong><\/p>\n<p><strong>Total 128<\/strong><\/p>\n<p><em>Source : <a href=\"http:\/\/www.zhaw.ch\">www.zhaw.ch<\/a><\/em><\/p>","protected":false},"excerpt":{"rendered":"<p>Le 9 septembre 2024, les nouveaux \u00e9tudiants en bachelor ont commenc\u00e9 leur semaine d'introduction \u00e0 la ZHAW \u00e0 W\u00e4denswil. Cette semaine dite \"de d\u00e9marrage\" au d\u00e9partement Sciences de la vie et Facility Management a lieu avant le d\u00e9but officiel du semestre et constitue l'entr\u00e9e dans les sept fili\u00e8res de bachelor au total : Applied Digital Life Sciences, Diagnostic de laboratoire biom\u00e9dical, Biotechnologie, Chimie, Facility Management, Technologie alimentaire ainsi que G\u00e9nie environnemental.<\/p>","protected":false},"author":58,"featured_media":29677,"comment_status":"closed","ping_status":"closed","sticky":false,"template":"","format":"standard","meta":{"_acf_changed":false,"_yoast_wpseo_focuskw":"Studierende","_yoast_wpseo_metadesc":"Am 9. September 2024 haben die neuen Bachelorstudierenden an der ZHAW in W\u00e4denswil ihre Einf\u00fchrungswoche begonnen.","articlekey":"","footnotes":""},"categories":[30],"tags":[62,195,424,4207,2600],"class_list":["post-29674","post","type-post","status-publish","format-standard","has-post-thumbnail","hentry","category-weiterbildung","tag-aus-weiterbildung","tag-facility-management","tag-schweiz","tag-studierende","tag-zhaw"],"acf":[],"yoast_head":"<!-- This site is optimized with the Yoast SEO plugin v27.5 - https:\/\/yoast.com\/product\/yoast-seo-wordpress\/ -->\n<title>\u00dcber 600 neue Studierende starten 2024 an der ZHAW in W\u00e4denswil - Organisator<\/title>\n<meta name=\"description\" content=\"Am 9. September 2024 haben die neuen Bachelorstudierenden an der ZHAW in W\u00e4denswil ihre Einf\u00fchrungswoche begonnen.\" \/>\n<meta name=\"robots\" content=\"index, follow, max-snippet:-1, max-image-preview:large, max-video-preview:-1\" \/>\n<link rel=\"canonical\" href=\"https:\/\/www.organisator.ch\/fr\/formation-continue-2\/2024-09-11\/ueber-600-neue-studierende-starten-2024-an-der-zhaw-in-waedenswil\/\" \/>\n<meta property=\"og:locale\" content=\"fr_FR\" \/>\n<meta property=\"og:type\" content=\"article\" \/>\n<meta property=\"og:title\" content=\"\u00dcber 600 neue Studierende starten 2024 an der ZHAW in W\u00e4denswil\" \/>\n<meta property=\"og:description\" content=\"Am 9. September 2024 haben die neuen Bachelorstudierenden an der ZHAW in W\u00e4denswil ihre Einf\u00fchrungswoche begonnen.\" \/>\n<meta property=\"og:url\" content=\"https:\/\/www.organisator.ch\/fr\/formation-continue-2\/2024-09-11\/ueber-600-neue-studierende-starten-2024-an-der-zhaw-in-waedenswil\/\" \/>\n<meta property=\"og:site_name\" content=\"Organisator\" \/>\n<meta property=\"article:publisher\" content=\"https:\/\/www.facebook.com\/OrganisatorFachmagazin\" \/>\n<meta property=\"article:published_time\" content=\"2024-09-11T04:27:44+00:00\" \/>\n<meta property=\"og:image\" content=\"https:\/\/www.organisator.ch\/wp-content\/uploads\/2024\/09\/ZHAW_Bild1_ps.jpg\" \/>\n\t<meta property=\"og:image:width\" content=\"680\" \/>\n\t<meta property=\"og:image:height\" content=\"412\" \/>\n\t<meta property=\"og:image:type\" content=\"image\/jpeg\" \/>\n<meta name=\"author\" content=\"Adelisa Kalajdzini\" \/>\n<meta name=\"twitter:card\" content=\"summary_large_image\" \/>\n<meta name=\"twitter:title\" content=\"\u00dcber 600 neue Studierende starten 2024 an der ZHAW in W\u00e4denswil\" \/>\n<meta name=\"twitter:description\" content=\"Am 9. September 2024 haben die neuen #Bachelorstudierenden an der #ZHAW in #W\u00e4denswil ihre #Einf\u00fchrungswoche begonnen.\" \/>\n<meta name=\"twitter:image\" content=\"https:\/\/www.organisator.ch\/wp-content\/uploads\/2024\/09\/ZHAW_Bild1_ps.jpg\" \/>\n<script type=\"application\/ld+json\" class=\"yoast-schema-graph\">{\"@context\":\"https:\\\/\\\/schema.org\",\"@graph\":[{\"@type\":\"Article\",\"@id\":\"https:\\\/\\\/www.organisator.ch\\\/weiterbildung\\\/2024-09-11\\\/ueber-600-neue-studierende-starten-2024-an-der-zhaw-in-waedenswil\\\/#article\",\"isPartOf\":{\"@id\":\"https:\\\/\\\/www.organisator.ch\\\/weiterbildung\\\/2024-09-11\\\/ueber-600-neue-studierende-starten-2024-an-der-zhaw-in-waedenswil\\\/\"},\"author\":{\"name\":\"Adelisa Kalajdzini\",\"@id\":\"https:\\\/\\\/www.organisator.ch\\\/#\\\/schema\\\/person\\\/2e1314a2172123f874db408d8911d3f3\"},\"headline\":\"\u00dcber 600 neue Studierende starten 2024 an der ZHAW in W\u00e4denswil\",\"datePublished\":\"2024-09-11T04:27:44+00:00\",\"mainEntityOfPage\":{\"@id\":\"https:\\\/\\\/www.organisator.ch\\\/weiterbildung\\\/2024-09-11\\\/ueber-600-neue-studierende-starten-2024-an-der-zhaw-in-waedenswil\\\/\"},\"wordCount\":333,\"publisher\":{\"@id\":\"https:\\\/\\\/www.organisator.ch\\\/#organization\"},\"image\":{\"@id\":\"https:\\\/\\\/www.organisator.ch\\\/weiterbildung\\\/2024-09-11\\\/ueber-600-neue-studierende-starten-2024-an-der-zhaw-in-waedenswil\\\/#primaryimage\"},\"thumbnailUrl\":\"https:\\\/\\\/www.organisator.ch\\\/wp-content\\\/uploads\\\/2024\\\/09\\\/ZHAW_Bild1_ps.jpg\",\"keywords\":[\"Aus-\\\/Weiterbildung\",\"Facility Management\",\"Schweiz\",\"Studierende\",\"ZHAW\"],\"articleSection\":[\"WEITERBILDUNG\"],\"inLanguage\":\"fr-FR\"},{\"@type\":\"WebPage\",\"@id\":\"https:\\\/\\\/www.organisator.ch\\\/weiterbildung\\\/2024-09-11\\\/ueber-600-neue-studierende-starten-2024-an-der-zhaw-in-waedenswil\\\/\",\"url\":\"https:\\\/\\\/www.organisator.ch\\\/weiterbildung\\\/2024-09-11\\\/ueber-600-neue-studierende-starten-2024-an-der-zhaw-in-waedenswil\\\/\",\"name\":\"\u00dcber 600 neue Studierende starten 2024 an der ZHAW in W\u00e4denswil - Organisator\",\"isPartOf\":{\"@id\":\"https:\\\/\\\/www.organisator.ch\\\/#website\"},\"primaryImageOfPage\":{\"@id\":\"https:\\\/\\\/www.organisator.ch\\\/weiterbildung\\\/2024-09-11\\\/ueber-600-neue-studierende-starten-2024-an-der-zhaw-in-waedenswil\\\/#primaryimage\"},\"image\":{\"@id\":\"https:\\\/\\\/www.organisator.ch\\\/weiterbildung\\\/2024-09-11\\\/ueber-600-neue-studierende-starten-2024-an-der-zhaw-in-waedenswil\\\/#primaryimage\"},\"thumbnailUrl\":\"https:\\\/\\\/www.organisator.ch\\\/wp-content\\\/uploads\\\/2024\\\/09\\\/ZHAW_Bild1_ps.jpg\",\"datePublished\":\"2024-09-11T04:27:44+00:00\",\"description\":\"Am 9. September 2024 haben die neuen Bachelorstudierenden an der ZHAW in W\u00e4denswil ihre Einf\u00fchrungswoche begonnen.\",\"breadcrumb\":{\"@id\":\"https:\\\/\\\/www.organisator.ch\\\/weiterbildung\\\/2024-09-11\\\/ueber-600-neue-studierende-starten-2024-an-der-zhaw-in-waedenswil\\\/#breadcrumb\"},\"inLanguage\":\"fr-FR\",\"potentialAction\":[{\"@type\":\"ReadAction\",\"target\":[\"https:\\\/\\\/www.organisator.ch\\\/weiterbildung\\\/2024-09-11\\\/ueber-600-neue-studierende-starten-2024-an-der-zhaw-in-waedenswil\\\/\"]}]},{\"@type\":\"ImageObject\",\"inLanguage\":\"fr-FR\",\"@id\":\"https:\\\/\\\/www.organisator.ch\\\/weiterbildung\\\/2024-09-11\\\/ueber-600-neue-studierende-starten-2024-an-der-zhaw-in-waedenswil\\\/#primaryimage\",\"url\":\"https:\\\/\\\/www.organisator.ch\\\/wp-content\\\/uploads\\\/2024\\\/09\\\/ZHAW_Bild1_ps.jpg\",\"contentUrl\":\"https:\\\/\\\/www.organisator.ch\\\/wp-content\\\/uploads\\\/2024\\\/09\\\/ZHAW_Bild1_ps.jpg\",\"width\":680,\"height\":412,\"caption\":\"2024 ZHAW Startwoche in der Kulturhalle Gl\u00e4rnisch in W\u00e4denswil. (Bild: www.zhaw.ch)\"},{\"@type\":\"BreadcrumbList\",\"@id\":\"https:\\\/\\\/www.organisator.ch\\\/weiterbildung\\\/2024-09-11\\\/ueber-600-neue-studierende-starten-2024-an-der-zhaw-in-waedenswil\\\/#breadcrumb\",\"itemListElement\":[{\"@type\":\"ListItem\",\"position\":1,\"name\":\"Home\",\"item\":\"https:\\\/\\\/www.organisator.ch\\\/\"},{\"@type\":\"ListItem\",\"position\":2,\"name\":\"\u00dcber 600 neue Studierende starten 2024 an der ZHAW in W\u00e4denswil\"}]},{\"@type\":\"WebSite\",\"@id\":\"https:\\\/\\\/www.organisator.ch\\\/#website\",\"url\":\"https:\\\/\\\/www.organisator.ch\\\/\",\"name\":\"Organisator\",\"description\":\"Kompetent. Praxisnah. Der ORGANISATOR bereitet in 10 Ausgaben pro Jahr die wesentlichen Themen f\u00fcr F\u00fchrungskr\u00e4fte von KMU auf.\",\"publisher\":{\"@id\":\"https:\\\/\\\/www.organisator.ch\\\/#organization\"},\"potentialAction\":[{\"@type\":\"SearchAction\",\"target\":{\"@type\":\"EntryPoint\",\"urlTemplate\":\"https:\\\/\\\/www.organisator.ch\\\/?s={search_term_string}\"},\"query-input\":{\"@type\":\"PropertyValueSpecification\",\"valueRequired\":true,\"valueName\":\"search_term_string\"}}],\"inLanguage\":\"fr-FR\"},{\"@type\":\"Organization\",\"@id\":\"https:\\\/\\\/www.organisator.ch\\\/#organization\",\"name\":\"Organisator\",\"url\":\"https:\\\/\\\/www.organisator.ch\\\/\",\"logo\":{\"@type\":\"ImageObject\",\"inLanguage\":\"fr-FR\",\"@id\":\"https:\\\/\\\/www.organisator.ch\\\/#\\\/schema\\\/logo\\\/image\\\/\",\"url\":\"https:\\\/\\\/www.organisator.ch\\\/wp-content\\\/uploads\\\/2022\\\/01\\\/Logo_Organisator_Website.png\",\"contentUrl\":\"https:\\\/\\\/www.organisator.ch\\\/wp-content\\\/uploads\\\/2022\\\/01\\\/Logo_Organisator_Website.png\",\"width\":800,\"height\":77,\"caption\":\"Organisator\"},\"image\":{\"@id\":\"https:\\\/\\\/www.organisator.ch\\\/#\\\/schema\\\/logo\\\/image\\\/\"},\"sameAs\":[\"https:\\\/\\\/www.facebook.com\\\/OrganisatorFachmagazin\",\"https:\\\/\\\/www.linkedin.com\\\/showcase\\\/organisator-das-magazin-fr-kmu\",\"https:\\\/\\\/www.xing.com\\\/news\\\/pages\\\/organisator-ch-695\",\"https:\\\/\\\/www.youtube.com\\\/channel\\\/UCGP2Sq0iWaZwT3BdIAQFYpw\"]},{\"@type\":\"Person\",\"@id\":\"https:\\\/\\\/www.organisator.ch\\\/#\\\/schema\\\/person\\\/2e1314a2172123f874db408d8911d3f3\",\"name\":\"Adelisa Kalajdzini\",\"image\":{\"@type\":\"ImageObject\",\"inLanguage\":\"fr-FR\",\"@id\":\"https:\\\/\\\/secure.gravatar.com\\\/avatar\\\/09a397c22ac58cad6f160ee8306348599df9df58a8ede73696226897b9fa4b24?s=96&d=mm&r=g\",\"url\":\"https:\\\/\\\/secure.gravatar.com\\\/avatar\\\/09a397c22ac58cad6f160ee8306348599df9df58a8ede73696226897b9fa4b24?s=96&d=mm&r=g\",\"contentUrl\":\"https:\\\/\\\/secure.gravatar.com\\\/avatar\\\/09a397c22ac58cad6f160ee8306348599df9df58a8ede73696226897b9fa4b24?s=96&d=mm&r=g\",\"caption\":\"Adelisa Kalajdzini\"},\"url\":\"https:\\\/\\\/www.organisator.ch\\\/fr\\\/author\\\/adelisa-kalajdzini\\\/\"}]}<\/script>\n<!-- \/ Yoast SEO plugin. -->","yoast_head_json":{"title":"Plus de 600 nouveaux \u00e9tudiants d\u00e9buteront en 2024 \u00e0 la ZHAW de W\u00e4denswil - Organisateur","description":"Le 9 septembre 2024, les nouveaux \u00e9tudiants en bachelor ont commenc\u00e9 leur semaine d'introduction \u00e0 la ZHAW \u00e0 W\u00e4denswil.","robots":{"index":"index","follow":"follow","max-snippet":"max-snippet:-1","max-image-preview":"max-image-preview:large","max-video-preview":"max-video-preview:-1"},"canonical":"https:\/\/www.organisator.ch\/fr\/formation-continue-2\/2024-09-11\/ueber-600-neue-studierende-starten-2024-an-der-zhaw-in-waedenswil\/","og_locale":"fr_FR","og_type":"article","og_title":"\u00dcber 600 neue Studierende starten 2024 an der ZHAW in W\u00e4denswil","og_description":"Am 9. September 2024 haben die neuen Bachelorstudierenden an der ZHAW in W\u00e4denswil ihre Einf\u00fchrungswoche begonnen.","og_url":"https:\/\/www.organisator.ch\/fr\/formation-continue-2\/2024-09-11\/ueber-600-neue-studierende-starten-2024-an-der-zhaw-in-waedenswil\/","og_site_name":"Organisator","article_publisher":"https:\/\/www.facebook.com\/OrganisatorFachmagazin","article_published_time":"2024-09-11T04:27:44+00:00","og_image":[{"width":680,"height":412,"url":"https:\/\/www.organisator.ch\/wp-content\/uploads\/2024\/09\/ZHAW_Bild1_ps.jpg","type":"image\/jpeg"}],"author":"Adelisa Kalajdzini","twitter_card":"summary_large_image","twitter_title":"\u00dcber 600 neue Studierende starten 2024 an der ZHAW in W\u00e4denswil","twitter_description":"Am 9. September 2024 haben die neuen #Bachelorstudierenden an der #ZHAW in #W\u00e4denswil ihre #Einf\u00fchrungswoche begonnen.","twitter_image":"https:\/\/www.organisator.ch\/wp-content\/uploads\/2024\/09\/ZHAW_Bild1_ps.jpg","schema":{"@context":"https:\/\/schema.org","@graph":[{"@type":"Article","@id":"https:\/\/www.organisator.ch\/weiterbildung\/2024-09-11\/ueber-600-neue-studierende-starten-2024-an-der-zhaw-in-waedenswil\/#article","isPartOf":{"@id":"https:\/\/www.organisator.ch\/weiterbildung\/2024-09-11\/ueber-600-neue-studierende-starten-2024-an-der-zhaw-in-waedenswil\/"},"author":{"name":"Adelisa Kalajdzini","@id":"https:\/\/www.organisator.ch\/#\/schema\/person\/2e1314a2172123f874db408d8911d3f3"},"headline":"\u00dcber 600 neue Studierende starten 2024 an der ZHAW in W\u00e4denswil","datePublished":"2024-09-11T04:27:44+00:00","mainEntityOfPage":{"@id":"https:\/\/www.organisator.ch\/weiterbildung\/2024-09-11\/ueber-600-neue-studierende-starten-2024-an-der-zhaw-in-waedenswil\/"},"wordCount":333,"publisher":{"@id":"https:\/\/www.organisator.ch\/#organization"},"image":{"@id":"https:\/\/www.organisator.ch\/weiterbildung\/2024-09-11\/ueber-600-neue-studierende-starten-2024-an-der-zhaw-in-waedenswil\/#primaryimage"},"thumbnailUrl":"https:\/\/www.organisator.ch\/wp-content\/uploads\/2024\/09\/ZHAW_Bild1_ps.jpg","keywords":["Aus-\/Weiterbildung","Facility Management","Schweiz","Studierende","ZHAW"],"articleSection":["WEITERBILDUNG"],"inLanguage":"fr-FR"},{"@type":"WebPage","@id":"https:\/\/www.organisator.ch\/weiterbildung\/2024-09-11\/ueber-600-neue-studierende-starten-2024-an-der-zhaw-in-waedenswil\/","url":"https:\/\/www.organisator.ch\/weiterbildung\/2024-09-11\/ueber-600-neue-studierende-starten-2024-an-der-zhaw-in-waedenswil\/","name":"Plus de 600 nouveaux \u00e9tudiants d\u00e9buteront en 2024 \u00e0 la ZHAW de W\u00e4denswil - Organisateur","isPartOf":{"@id":"https:\/\/www.organisator.ch\/#website"},"primaryImageOfPage":{"@id":"https:\/\/www.organisator.ch\/weiterbildung\/2024-09-11\/ueber-600-neue-studierende-starten-2024-an-der-zhaw-in-waedenswil\/#primaryimage"},"image":{"@id":"https:\/\/www.organisator.ch\/weiterbildung\/2024-09-11\/ueber-600-neue-studierende-starten-2024-an-der-zhaw-in-waedenswil\/#primaryimage"},"thumbnailUrl":"https:\/\/www.organisator.ch\/wp-content\/uploads\/2024\/09\/ZHAW_Bild1_ps.jpg","datePublished":"2024-09-11T04:27:44+00:00","description":"Le 9 septembre 2024, les nouveaux \u00e9tudiants en bachelor ont commenc\u00e9 leur semaine d'introduction \u00e0 la ZHAW \u00e0 W\u00e4denswil.","breadcrumb":{"@id":"https:\/\/www.organisator.ch\/weiterbildung\/2024-09-11\/ueber-600-neue-studierende-starten-2024-an-der-zhaw-in-waedenswil\/#breadcrumb"},"inLanguage":"fr-FR","potentialAction":[{"@type":"ReadAction","target":["https:\/\/www.organisator.ch\/weiterbildung\/2024-09-11\/ueber-600-neue-studierende-starten-2024-an-der-zhaw-in-waedenswil\/"]}]},{"@type":"ImageObject","inLanguage":"fr-FR","@id":"https:\/\/www.organisator.ch\/weiterbildung\/2024-09-11\/ueber-600-neue-studierende-starten-2024-an-der-zhaw-in-waedenswil\/#primaryimage","url":"https:\/\/www.organisator.ch\/wp-content\/uploads\/2024\/09\/ZHAW_Bild1_ps.jpg","contentUrl":"https:\/\/www.organisator.ch\/wp-content\/uploads\/2024\/09\/ZHAW_Bild1_ps.jpg","width":680,"height":412,"caption":"2024 ZHAW Startwoche in der Kulturhalle Gl\u00e4rnisch in W\u00e4denswil. (Bild: www.zhaw.ch)"},{"@type":"BreadcrumbList","@id":"https:\/\/www.organisator.ch\/weiterbildung\/2024-09-11\/ueber-600-neue-studierende-starten-2024-an-der-zhaw-in-waedenswil\/#breadcrumb","itemListElement":[{"@type":"ListItem","position":1,"name":"Home","item":"https:\/\/www.organisator.ch\/"},{"@type":"ListItem","position":2,"name":"\u00dcber 600 neue Studierende starten 2024 an der ZHAW in W\u00e4denswil"}]},{"@type":"WebSite","@id":"https:\/\/www.organisator.ch\/#website","url":"https:\/\/www.organisator.ch\/","name":"Organisateur","description":"Comp\u00e9tence et comp\u00e9tence. Proches de la pratique. L'ORGANISATEUR pr\u00e9pare 10 num\u00e9ros par an sur les th\u00e8mes essentiels pour les dirigeants de PME.","publisher":{"@id":"https:\/\/www.organisator.ch\/#organization"},"potentialAction":[{"@type":"SearchAction","target":{"@type":"EntryPoint","urlTemplate":"https:\/\/www.organisator.ch\/?s={search_term_string}"},"query-input":{"@type":"PropertyValueSpecification","valueRequired":true,"valueName":"search_term_string"}}],"inLanguage":"fr-FR"},{"@type":"Organization","@id":"https:\/\/www.organisator.ch\/#organization","name":"Organisateur","url":"https:\/\/www.organisator.ch\/","logo":{"@type":"ImageObject","inLanguage":"fr-FR","@id":"https:\/\/www.organisator.ch\/#\/schema\/logo\/image\/","url":"https:\/\/www.organisator.ch\/wp-content\/uploads\/2022\/01\/Logo_Organisator_Website.png","contentUrl":"https:\/\/www.organisator.ch\/wp-content\/uploads\/2022\/01\/Logo_Organisator_Website.png","width":800,"height":77,"caption":"Organisator"},"image":{"@id":"https:\/\/www.organisator.ch\/#\/schema\/logo\/image\/"},"sameAs":["https:\/\/www.facebook.com\/OrganisatorFachmagazin","https:\/\/www.linkedin.com\/showcase\/organisator-das-magazin-fr-kmu","https:\/\/www.xing.com\/news\/pages\/organisator-ch-695","https:\/\/www.youtube.com\/channel\/UCGP2Sq0iWaZwT3BdIAQFYpw"]},{"@type":"Person","@id":"https:\/\/www.organisator.ch\/#\/schema\/person\/2e1314a2172123f874db408d8911d3f3","name":"Adelisa Kalajdzini","image":{"@type":"ImageObject","inLanguage":"fr-FR","@id":"https:\/\/secure.gravatar.com\/avatar\/09a397c22ac58cad6f160ee8306348599df9df58a8ede73696226897b9fa4b24?s=96&d=mm&r=g","url":"https:\/\/secure.gravatar.com\/avatar\/09a397c22ac58cad6f160ee8306348599df9df58a8ede73696226897b9fa4b24?s=96&d=mm&r=g","contentUrl":"https:\/\/secure.gravatar.com\/avatar\/09a397c22ac58cad6f160ee8306348599df9df58a8ede73696226897b9fa4b24?s=96&d=mm&r=g","caption":"Adelisa Kalajdzini"},"url":"https:\/\/www.organisator.ch\/fr\/author\/adelisa-kalajdzini\/"}]}},"_links":{"self":[{"href":"https:\/\/www.organisator.ch\/fr\/wp-json\/wp\/v2\/posts\/29674","targetHints":{"allow":["GET"]}}],"collection":[{"href":"https:\/\/www.organisator.ch\/fr\/wp-json\/wp\/v2\/posts"}],"about":[{"href":"https:\/\/www.organisator.ch\/fr\/wp-json\/wp\/v2\/types\/post"}],"author":[{"embeddable":true,"href":"https:\/\/www.organisator.ch\/fr\/wp-json\/wp\/v2\/users\/58"}],"replies":[{"embeddable":true,"href":"https:\/\/www.organisator.ch\/fr\/wp-json\/wp\/v2\/comments?post=29674"}],"version-history":[{"count":4,"href":"https:\/\/www.organisator.ch\/fr\/wp-json\/wp\/v2\/posts\/29674\/revisions"}],"predecessor-version":[{"id":29737,"href":"https:\/\/www.organisator.ch\/fr\/wp-json\/wp\/v2\/posts\/29674\/revisions\/29737"}],"wp:featuredmedia":[{"embeddable":true,"href":"https:\/\/www.organisator.ch\/fr\/wp-json\/wp\/v2\/media\/29677"}],"wp:attachment":[{"href":"https:\/\/www.organisator.ch\/fr\/wp-json\/wp\/v2\/media?parent=29674"}],"wp:term":[{"taxonomy":"category","embeddable":true,"href":"https:\/\/www.organisator.ch\/fr\/wp-json\/wp\/v2\/categories?post=29674"},{"taxonomy":"post_tag","embeddable":true,"href":"https:\/\/www.organisator.ch\/fr\/wp-json\/wp\/v2\/tags?post=29674"}],"curies":[{"name":"wp","href":"https:\/\/api.w.org\/{rel}","templated":true}]}}