{"id":29693,"date":"2024-09-10T15:29:11","date_gmt":"2024-09-10T13:29:11","guid":{"rendered":"https:\/\/www.markt-kom.com\/?p=223113"},"modified":"2024-11-08T10:12:37","modified_gmt":"2024-11-08T09:12:37","slug":"das-sport-forum-schweiz-feiert-jubilaeum","status":"publish","type":"post","link":"https:\/\/www.organisator.ch\/fr\/marketing\/2024-09-10\/das-sport-forum-schweiz-feiert-jubilaeum\/","title":{"rendered":"Le Sport Forum Schweiz f\u00eate son anniversaire"},"content":{"rendered":"<p><img class=\"_fullSizeImg_vfeu6_16 alignnone\" src=\"https:\/\/uc2fa6654f3526957fc1ed4b18fb.previews.dropboxusercontent.com\/p\/thumb\/ACbmZu9MPm-NgbqGNJRRcBtZG_6KaOr3xzOn7LgPcV_MqrU6BLxyeAjFcZx05WUrnMRx3QbcEgteSRLtJTi2cQoEvSesoHkcrLL8rVAWBGyWJMSK2gJDRvFq_MLni4CqMY82TTiTvGFHvYgwJCvgAf8lHEElqlmNOYMb9ALiWholjg1Kd-hbu3euCQb6R-Mo5aUtvV3UsOCsG3QV8Zf4iJmCx3-WkXhBXpv5lv8zKx8l5SKQ_JYjej7ddmvAfcJiXNP2quqvmMuBqnmOLCE6tDeXKbcBCi09dtjuBKVa0ZKr1hrqiIBe-pKQY4YGj8i9Kbj0iBMsBdqrkzgjDvkmOrD5AND8qJhnWA-8Si8t9mmx1_GTOtmGNh6vzPthtiP1fF2XhZ2Bbfvv5pEenYWPf8el\/p.jpeg\" alt=\"Forum Sport Suisse 2024\" width=\"295\" height=\"24\" data-testid=\"fv-sdk-img-preview-full-size\" \/><\/p>\r\n<p>Depuis 30 ans, le Sport Forum Schweiz marque de son empreinte le d\u00e9bat sur l'avenir du sport. L'\u00e9dition anniversaire, qui se tiendra \u00e0 Lucerne, offrira un aper\u00e7u complet des tendances et des d\u00e9fis actuels du secteur gr\u00e2ce \u00e0 des panels, des conf\u00e9rences et des discussions. Qu'il s'agisse de sport de haut niveau, de sport de masse, de sponsoring ou de nouvelles technologies, le congr\u00e8s met en sc\u00e8ne les th\u00e8mes d\u00e9cisifs.<\/p>\r\n<p>L'un des temps forts sera la pr\u00e9sentation des trois candidats \u00e0 la pr\u00e9sidence de Swiss Olympic, qui exposeront leur vision de l'avenir du sport suisse. L'accent sera \u00e9galement mis sur l'\u00e9ventuelle candidature olympique pour 2038 et sur la mani\u00e8re dont les grands \u00e9v\u00e9nements peuvent \u00eatre organis\u00e9s de mani\u00e8re durable.<\/p>\r\n<p>Les d\u00e9cisions guid\u00e9es par les donn\u00e9es, les technologies innovantes et les exemples de bonnes pratiques seront au c\u0153ur des d\u00e9bats lorsque les experts se pencheront sur les derniers d\u00e9veloppements dans le domaine du sponsoring et du marketing \u00e0 la performance. Avec des aper\u00e7us passionnants sur la mani\u00e8re dont le tableau de bord num\u00e9rique de Media Focus contribue \u00e0 la mesure du succ\u00e8s, le forum montrera comment les approches bas\u00e9es sur les donn\u00e9es aident les sponsors et les marques \u00e0 prendre des d\u00e9cisions.<\/p>\r\n<p><img class=\"_fullSizeImg_vfeu6_16\" src=\"https:\/\/ucd14ee363929db022fed083cac5.previews.dropboxusercontent.com\/p\/thumb\/ACZwbQX70ZxOMc8lIYfqOtsSZl4wL6HVKx0rOPZvxH_fu9OADJnOv5OrZfq1r1-S2_3NcO4f1cNyzbelYnWkpZTCYn8ARqAF_VNCTQO-K3O32vTKyKRT7t6CYlHIQjHJ_77IjM0PLS3YsrcRprVC2E-2nV_dJs6U-XFWovQgaCr7unTP4chbLOUBTBq74wMHrcZCEHeo8VIorkatq28bj8xmyh4tQOAPWCJ2EKwr834KipSToYgVesH4hIwzeBvxu-IvIYPQpXk8yMVa4BVKD-UavtT3Cqi_pdiLbU2LfwoArZFl1gsT0GSlVLzILSdkz0ZP1jig-Eo8wJ80OyQz374m\/p.jpeg\" alt=\"Photo_Gabriele_Griessenb\u00f6ck_416.jpg\" data-testid=\"fv-sdk-img-preview-full-size\" \/><\/p>\r\n<p>Le sport f\u00e9minin conna\u00eet un essor dans le monde entier, et la Suisse est au c\u0153ur de cette \u00e9volution. Dans le cadre du prochain Women's EURO 2025 et d'autres grands \u00e9v\u00e9nements sportifs, les experts mettent en lumi\u00e8re les r\u00e9percussions sur le football f\u00e9minin, le sponsoring et la promotion durable du sport f\u00e9minin.<\/p>\r\n<p><img class=\"_fullSizeImg_vfeu6_16\" src=\"https:\/\/uca14e66bdf32a361bb1f19ea3ed.previews.dropboxusercontent.com\/p\/thumb\/ACbuiOolcIjAr4lv7DFw2tom_rGTckptvDQgT6ZnZvoU1Y8XSjmNlxdvwbDFU6Rp7ldTrSW2sNJhcWy9DXw-Qxn_fBxQPEYcw2BqGgRSWyUfidBmyKgqjq4ub9KHBgSVxKFtwKkYqBqb26NTPlwya3AvoyUU9Fwjiz9dpJsjTANvED2T-Flmu8rejub7-_XosIXVmuY5hOR5xHbLHqdyEjYOBumiSPZyPNsSFN8b6MpAuunDGgBqndHiq29UwnFYpjjKk_jKr-0V4hzIiy-5oMV4_-Ka3LTCdTqNeSYO-XlIfOtZVlc3s-Y1WnBZGKmS8AmsF2RFSQAM5Shz4bCA6XPZfh1zYbKgaIGw_SKBM6HNoPx2Wgooon_K2hpd0wmQyTwHtxHL2BxgL0LH557N70eb\/p.jpeg\" alt=\"photo_Gabriele_Griessenboeck_023.jpg\" data-testid=\"fv-sdk-img-preview-full-size\" \/><\/p>\r\n<p>Le tourisme profite \u00e9galement des nouvelles technologies : des propositions d'itin\u00e9raires personnalis\u00e9s pour les fans de cyclisme aux offres assist\u00e9es par l'IA qui augmentent l'attractivit\u00e9 des destinations. Des sp\u00e9cialistes comme Nathalie Schneitter donnent un aper\u00e7u exclusif de projets de tourisme durable qui allient sport et environnement.<\/p>\r\n<p>Outre des conf\u00e9rences passionnantes, ESB Sports Night offre la possibilit\u00e9 de r\u00e9seauter et d'\u00e9changer dans une atmosph\u00e8re exclusive. Un line-up de haut niveau, dont des athl\u00e8tes de renom, d'anciens sportifs de haut niveau et des repr\u00e9sentants de la branche, font du Sport Forum Schweiz un rendez-vous incontournable pour tous les d\u00e9cideurs et les passionn\u00e9s de sport. <a href=\"https:\/\/www.sportforumschweiz.ch\/?utm_medium=email&amp;utm_campaign=Presse%20SFS%20Sport%20Forum%20Schweiz%202024%201&amp;utm_content=Presse%20SFS%20Sport%20Forum%20Schweiz%202024%201+CID_0520f8f45c45753168c7bef2016011f9&amp;utm_source=campaignmonitor&amp;utm_term=wwwsportforumschweizch\" rel=\"noopener\">Cliquez ici pour acc\u00e9der au programme.<\/a><\/p>\r\n<p>&nbsp;<\/p>","protected":false},"excerpt":{"rendered":"<p>Pour son 30e anniversaire, le Sport Forum Schweiz r\u00e9unira les 7 et 8 novembre 2024 \u00e0 Lucerne les leaders de la branche sportive suisse. Grands \u00e9v\u00e9nements, sport f\u00e9minin, Sports-Tech et d\u00e9veloppement durable seront au c\u0153ur d'un programme de haut niveau qui m\u00e8nera le sport suisse vers l'avenir.<\/p>","protected":false},"author":8,"featured_media":0,"comment_status":"closed","ping_status":"closed","sticky":false,"template":"","format":"standard","meta":{"_acf_changed":false,"_yoast_wpseo_focuskw":"Sport Forum Schweiz 2024","_yoast_wpseo_metadesc":"Sport Forum Schweiz 2024: Jubil\u00e4umsausgabe in Luzern mit Panels, Vortr\u00e4gen und Diskussionen zur Zukunft des Sports.","articlekey":"","footnotes":""},"categories":[29],"tags":[4343,4490],"class_list":["post-29693","post","type-post","status-publish","format-standard","hentry","category-marketing","tag-markom","tag-sportforum-schweiz"],"acf":[],"yoast_head":"<!-- This site is optimized with the Yoast SEO plugin v27.5 - https:\/\/yoast.com\/product\/yoast-seo-wordpress\/ -->\n<title>Das Sport Forum Schweiz feiert Jubil\u00e4um - Organisator<\/title>\n<meta name=\"description\" content=\"Sport Forum Schweiz 2024: Jubil\u00e4umsausgabe in Luzern mit Panels, Vortr\u00e4gen und Diskussionen zur Zukunft des Sports.\" \/>\n<meta name=\"robots\" content=\"index, follow, max-snippet:-1, max-image-preview:large, max-video-preview:-1\" \/>\n<link rel=\"canonical\" href=\"https:\/\/www.organisator.ch\/fr\/marketing\/2024-09-10\/das-sport-forum-schweiz-feiert-jubilaeum\/\" \/>\n<meta property=\"og:locale\" content=\"fr_FR\" \/>\n<meta property=\"og:type\" content=\"article\" \/>\n<meta property=\"og:title\" content=\"Das Sport Forum Schweiz feiert Jubil\u00e4um - Organisator\" \/>\n<meta property=\"og:description\" content=\"Sport Forum Schweiz 2024: Jubil\u00e4umsausgabe in Luzern mit Panels, Vortr\u00e4gen und Diskussionen zur Zukunft des Sports.\" \/>\n<meta property=\"og:url\" content=\"https:\/\/www.organisator.ch\/fr\/marketing\/2024-09-10\/das-sport-forum-schweiz-feiert-jubilaeum\/\" \/>\n<meta property=\"og:site_name\" content=\"Organisator\" \/>\n<meta property=\"article:publisher\" content=\"https:\/\/www.facebook.com\/OrganisatorFachmagazin\" \/>\n<meta property=\"article:published_time\" content=\"2024-09-10T13:29:11+00:00\" \/>\n<meta property=\"article:modified_time\" content=\"2024-11-08T09:12:37+00:00\" \/>\n<meta property=\"og:image\" content=\"https:\/\/uc2fa6654f3526957fc1ed4b18fb.previews.dropboxusercontent.com\/p\/thumb\/ACbmZu9MPm-NgbqGNJRRcBtZG_6KaOr3xzOn7LgPcV_MqrU6BLxyeAjFcZx05WUrnMRx3QbcEgteSRLtJTi2cQoEvSesoHkcrLL8rVAWBGyWJMSK2gJDRvFq_MLni4CqMY82TTiTvGFHvYgwJCvgAf8lHEElqlmNOYMb9ALiWholjg1Kd-hbu3euCQb6R-Mo5aUtvV3UsOCsG3QV8Zf4iJmCx3-WkXhBXpv5lv8zKx8l5SKQ_JYjej7ddmvAfcJiXNP2quqvmMuBqnmOLCE6tDeXKbcBCi09dtjuBKVa0ZKr1hrqiIBe-pKQY4YGj8i9Kbj0iBMsBdqrkzgjDvkmOrD5AND8qJhnWA-8Si8t9mmx1_GTOtmGNh6vzPthtiP1fF2XhZ2Bbfvv5pEenYWPf8el\/p.jpeg\" \/>\n<meta name=\"author\" content=\"galledia\" \/>\n<meta name=\"twitter:card\" content=\"summary_large_image\" \/>\n<meta name=\"twitter:creator\" content=\"@admin\" \/>\n<script type=\"application\/ld+json\" class=\"yoast-schema-graph\">{\"@context\":\"https:\\\/\\\/schema.org\",\"@graph\":[{\"@type\":\"Article\",\"@id\":\"https:\\\/\\\/www.organisator.ch\\\/marketing\\\/2024-09-10\\\/das-sport-forum-schweiz-feiert-jubilaeum\\\/#article\",\"isPartOf\":{\"@id\":\"https:\\\/\\\/www.organisator.ch\\\/marketing\\\/2024-09-10\\\/das-sport-forum-schweiz-feiert-jubilaeum\\\/\"},\"author\":{\"name\":\"galledia\",\"@id\":\"https:\\\/\\\/www.organisator.ch\\\/#\\\/schema\\\/person\\\/4e51799071cd2dd1232ac003643ef5f0\"},\"headline\":\"Das Sport Forum Schweiz feiert Jubil\u00e4um\",\"datePublished\":\"2024-09-10T13:29:11+00:00\",\"dateModified\":\"2024-11-08T09:12:37+00:00\",\"mainEntityOfPage\":{\"@id\":\"https:\\\/\\\/www.organisator.ch\\\/marketing\\\/2024-09-10\\\/das-sport-forum-schweiz-feiert-jubilaeum\\\/\"},\"wordCount\":295,\"publisher\":{\"@id\":\"https:\\\/\\\/www.organisator.ch\\\/#organization\"},\"image\":{\"@id\":\"https:\\\/\\\/www.organisator.ch\\\/marketing\\\/2024-09-10\\\/das-sport-forum-schweiz-feiert-jubilaeum\\\/#primaryimage\"},\"thumbnailUrl\":\"https:\\\/\\\/uc2fa6654f3526957fc1ed4b18fb.previews.dropboxusercontent.com\\\/p\\\/thumb\\\/ACbmZu9MPm-NgbqGNJRRcBtZG_6KaOr3xzOn7LgPcV_MqrU6BLxyeAjFcZx05WUrnMRx3QbcEgteSRLtJTi2cQoEvSesoHkcrLL8rVAWBGyWJMSK2gJDRvFq_MLni4CqMY82TTiTvGFHvYgwJCvgAf8lHEElqlmNOYMb9ALiWholjg1Kd-hbu3euCQb6R-Mo5aUtvV3UsOCsG3QV8Zf4iJmCx3-WkXhBXpv5lv8zKx8l5SKQ_JYjej7ddmvAfcJiXNP2quqvmMuBqnmOLCE6tDeXKbcBCi09dtjuBKVa0ZKr1hrqiIBe-pKQY4YGj8i9Kbj0iBMsBdqrkzgjDvkmOrD5AND8qJhnWA-8Si8t9mmx1_GTOtmGNh6vzPthtiP1fF2XhZ2Bbfvv5pEenYWPf8el\\\/p.jpeg\",\"keywords\":[\"MarKom\",\"SportForum Schweiz\"],\"articleSection\":[\"MARKETING\"],\"inLanguage\":\"fr-FR\"},{\"@type\":\"WebPage\",\"@id\":\"https:\\\/\\\/www.organisator.ch\\\/marketing\\\/2024-09-10\\\/das-sport-forum-schweiz-feiert-jubilaeum\\\/\",\"url\":\"https:\\\/\\\/www.organisator.ch\\\/marketing\\\/2024-09-10\\\/das-sport-forum-schweiz-feiert-jubilaeum\\\/\",\"name\":\"Das Sport Forum Schweiz feiert Jubil\u00e4um - Organisator\",\"isPartOf\":{\"@id\":\"https:\\\/\\\/www.organisator.ch\\\/#website\"},\"primaryImageOfPage\":{\"@id\":\"https:\\\/\\\/www.organisator.ch\\\/marketing\\\/2024-09-10\\\/das-sport-forum-schweiz-feiert-jubilaeum\\\/#primaryimage\"},\"image\":{\"@id\":\"https:\\\/\\\/www.organisator.ch\\\/marketing\\\/2024-09-10\\\/das-sport-forum-schweiz-feiert-jubilaeum\\\/#primaryimage\"},\"thumbnailUrl\":\"https:\\\/\\\/uc2fa6654f3526957fc1ed4b18fb.previews.dropboxusercontent.com\\\/p\\\/thumb\\\/ACbmZu9MPm-NgbqGNJRRcBtZG_6KaOr3xzOn7LgPcV_MqrU6BLxyeAjFcZx05WUrnMRx3QbcEgteSRLtJTi2cQoEvSesoHkcrLL8rVAWBGyWJMSK2gJDRvFq_MLni4CqMY82TTiTvGFHvYgwJCvgAf8lHEElqlmNOYMb9ALiWholjg1Kd-hbu3euCQb6R-Mo5aUtvV3UsOCsG3QV8Zf4iJmCx3-WkXhBXpv5lv8zKx8l5SKQ_JYjej7ddmvAfcJiXNP2quqvmMuBqnmOLCE6tDeXKbcBCi09dtjuBKVa0ZKr1hrqiIBe-pKQY4YGj8i9Kbj0iBMsBdqrkzgjDvkmOrD5AND8qJhnWA-8Si8t9mmx1_GTOtmGNh6vzPthtiP1fF2XhZ2Bbfvv5pEenYWPf8el\\\/p.jpeg\",\"datePublished\":\"2024-09-10T13:29:11+00:00\",\"dateModified\":\"2024-11-08T09:12:37+00:00\",\"description\":\"Sport Forum Schweiz 2024: Jubil\u00e4umsausgabe in Luzern mit Panels, Vortr\u00e4gen und Diskussionen zur Zukunft des Sports.\",\"breadcrumb\":{\"@id\":\"https:\\\/\\\/www.organisator.ch\\\/marketing\\\/2024-09-10\\\/das-sport-forum-schweiz-feiert-jubilaeum\\\/#breadcrumb\"},\"inLanguage\":\"fr-FR\",\"potentialAction\":[{\"@type\":\"ReadAction\",\"target\":[\"https:\\\/\\\/www.organisator.ch\\\/marketing\\\/2024-09-10\\\/das-sport-forum-schweiz-feiert-jubilaeum\\\/\"]}]},{\"@type\":\"ImageObject\",\"inLanguage\":\"fr-FR\",\"@id\":\"https:\\\/\\\/www.organisator.ch\\\/marketing\\\/2024-09-10\\\/das-sport-forum-schweiz-feiert-jubilaeum\\\/#primaryimage\",\"url\":\"https:\\\/\\\/uc2fa6654f3526957fc1ed4b18fb.previews.dropboxusercontent.com\\\/p\\\/thumb\\\/ACbmZu9MPm-NgbqGNJRRcBtZG_6KaOr3xzOn7LgPcV_MqrU6BLxyeAjFcZx05WUrnMRx3QbcEgteSRLtJTi2cQoEvSesoHkcrLL8rVAWBGyWJMSK2gJDRvFq_MLni4CqMY82TTiTvGFHvYgwJCvgAf8lHEElqlmNOYMb9ALiWholjg1Kd-hbu3euCQb6R-Mo5aUtvV3UsOCsG3QV8Zf4iJmCx3-WkXhBXpv5lv8zKx8l5SKQ_JYjej7ddmvAfcJiXNP2quqvmMuBqnmOLCE6tDeXKbcBCi09dtjuBKVa0ZKr1hrqiIBe-pKQY4YGj8i9Kbj0iBMsBdqrkzgjDvkmOrD5AND8qJhnWA-8Si8t9mmx1_GTOtmGNh6vzPthtiP1fF2XhZ2Bbfvv5pEenYWPf8el\\\/p.jpeg\",\"contentUrl\":\"https:\\\/\\\/uc2fa6654f3526957fc1ed4b18fb.previews.dropboxusercontent.com\\\/p\\\/thumb\\\/ACbmZu9MPm-NgbqGNJRRcBtZG_6KaOr3xzOn7LgPcV_MqrU6BLxyeAjFcZx05WUrnMRx3QbcEgteSRLtJTi2cQoEvSesoHkcrLL8rVAWBGyWJMSK2gJDRvFq_MLni4CqMY82TTiTvGFHvYgwJCvgAf8lHEElqlmNOYMb9ALiWholjg1Kd-hbu3euCQb6R-Mo5aUtvV3UsOCsG3QV8Zf4iJmCx3-WkXhBXpv5lv8zKx8l5SKQ_JYjej7ddmvAfcJiXNP2quqvmMuBqnmOLCE6tDeXKbcBCi09dtjuBKVa0ZKr1hrqiIBe-pKQY4YGj8i9Kbj0iBMsBdqrkzgjDvkmOrD5AND8qJhnWA-8Si8t9mmx1_GTOtmGNh6vzPthtiP1fF2XhZ2Bbfvv5pEenYWPf8el\\\/p.jpeg\"},{\"@type\":\"BreadcrumbList\",\"@id\":\"https:\\\/\\\/www.organisator.ch\\\/marketing\\\/2024-09-10\\\/das-sport-forum-schweiz-feiert-jubilaeum\\\/#breadcrumb\",\"itemListElement\":[{\"@type\":\"ListItem\",\"position\":1,\"name\":\"Home\",\"item\":\"https:\\\/\\\/www.organisator.ch\\\/\"},{\"@type\":\"ListItem\",\"position\":2,\"name\":\"Das Sport Forum Schweiz feiert Jubil\u00e4um\"}]},{\"@type\":\"WebSite\",\"@id\":\"https:\\\/\\\/www.organisator.ch\\\/#website\",\"url\":\"https:\\\/\\\/www.organisator.ch\\\/\",\"name\":\"Organisator\",\"description\":\"Kompetent. Praxisnah. Der ORGANISATOR bereitet in 10 Ausgaben pro Jahr die wesentlichen Themen f\u00fcr F\u00fchrungskr\u00e4fte von KMU auf.\",\"publisher\":{\"@id\":\"https:\\\/\\\/www.organisator.ch\\\/#organization\"},\"potentialAction\":[{\"@type\":\"SearchAction\",\"target\":{\"@type\":\"EntryPoint\",\"urlTemplate\":\"https:\\\/\\\/www.organisator.ch\\\/?s={search_term_string}\"},\"query-input\":{\"@type\":\"PropertyValueSpecification\",\"valueRequired\":true,\"valueName\":\"search_term_string\"}}],\"inLanguage\":\"fr-FR\"},{\"@type\":\"Organization\",\"@id\":\"https:\\\/\\\/www.organisator.ch\\\/#organization\",\"name\":\"Organisator\",\"url\":\"https:\\\/\\\/www.organisator.ch\\\/\",\"logo\":{\"@type\":\"ImageObject\",\"inLanguage\":\"fr-FR\",\"@id\":\"https:\\\/\\\/www.organisator.ch\\\/#\\\/schema\\\/logo\\\/image\\\/\",\"url\":\"https:\\\/\\\/www.organisator.ch\\\/wp-content\\\/uploads\\\/2022\\\/01\\\/Logo_Organisator_Website.png\",\"contentUrl\":\"https:\\\/\\\/www.organisator.ch\\\/wp-content\\\/uploads\\\/2022\\\/01\\\/Logo_Organisator_Website.png\",\"width\":800,\"height\":77,\"caption\":\"Organisator\"},\"image\":{\"@id\":\"https:\\\/\\\/www.organisator.ch\\\/#\\\/schema\\\/logo\\\/image\\\/\"},\"sameAs\":[\"https:\\\/\\\/www.facebook.com\\\/OrganisatorFachmagazin\",\"https:\\\/\\\/www.linkedin.com\\\/showcase\\\/organisator-das-magazin-fr-kmu\",\"https:\\\/\\\/www.xing.com\\\/news\\\/pages\\\/organisator-ch-695\",\"https:\\\/\\\/www.youtube.com\\\/channel\\\/UCGP2Sq0iWaZwT3BdIAQFYpw\"]},{\"@type\":\"Person\",\"@id\":\"https:\\\/\\\/www.organisator.ch\\\/#\\\/schema\\\/person\\\/4e51799071cd2dd1232ac003643ef5f0\",\"name\":\"galledia\",\"image\":{\"@type\":\"ImageObject\",\"inLanguage\":\"fr-FR\",\"@id\":\"https:\\\/\\\/secure.gravatar.com\\\/avatar\\\/78a7f90c01fc2bfc875782a0d4922b37cde2cf184ce347b91316d23cd7f69a36?s=96&d=mm&r=g\",\"url\":\"https:\\\/\\\/secure.gravatar.com\\\/avatar\\\/78a7f90c01fc2bfc875782a0d4922b37cde2cf184ce347b91316d23cd7f69a36?s=96&d=mm&r=g\",\"contentUrl\":\"https:\\\/\\\/secure.gravatar.com\\\/avatar\\\/78a7f90c01fc2bfc875782a0d4922b37cde2cf184ce347b91316d23cd7f69a36?s=96&d=mm&r=g\",\"caption\":\"galledia\"},\"sameAs\":[\"https:\\\/\\\/x.com\\\/admin\"],\"url\":\"https:\\\/\\\/www.organisator.ch\\\/fr\\\/author\\\/galledia\\\/\"}]}<\/script>\n<!-- \/ Yoast SEO plugin. -->","yoast_head_json":{"title":"Le Sport Forum Schweiz f\u00eate son anniversaire - Organisateur","description":"Forum Sport Suisse 2024 : \u00e9dition anniversaire \u00e0 Lucerne avec des panels, des conf\u00e9rences et des discussions sur l'avenir du sport.","robots":{"index":"index","follow":"follow","max-snippet":"max-snippet:-1","max-image-preview":"max-image-preview:large","max-video-preview":"max-video-preview:-1"},"canonical":"https:\/\/www.organisator.ch\/fr\/marketing\/2024-09-10\/das-sport-forum-schweiz-feiert-jubilaeum\/","og_locale":"fr_FR","og_type":"article","og_title":"Das Sport Forum Schweiz feiert Jubil\u00e4um - Organisator","og_description":"Sport Forum Schweiz 2024: Jubil\u00e4umsausgabe in Luzern mit Panels, Vortr\u00e4gen und Diskussionen zur Zukunft des Sports.","og_url":"https:\/\/www.organisator.ch\/fr\/marketing\/2024-09-10\/das-sport-forum-schweiz-feiert-jubilaeum\/","og_site_name":"Organisator","article_publisher":"https:\/\/www.facebook.com\/OrganisatorFachmagazin","article_published_time":"2024-09-10T13:29:11+00:00","article_modified_time":"2024-11-08T09:12:37+00:00","og_image":[{"url":"https:\/\/uc2fa6654f3526957fc1ed4b18fb.previews.dropboxusercontent.com\/p\/thumb\/ACbmZu9MPm-NgbqGNJRRcBtZG_6KaOr3xzOn7LgPcV_MqrU6BLxyeAjFcZx05WUrnMRx3QbcEgteSRLtJTi2cQoEvSesoHkcrLL8rVAWBGyWJMSK2gJDRvFq_MLni4CqMY82TTiTvGFHvYgwJCvgAf8lHEElqlmNOYMb9ALiWholjg1Kd-hbu3euCQb6R-Mo5aUtvV3UsOCsG3QV8Zf4iJmCx3-WkXhBXpv5lv8zKx8l5SKQ_JYjej7ddmvAfcJiXNP2quqvmMuBqnmOLCE6tDeXKbcBCi09dtjuBKVa0ZKr1hrqiIBe-pKQY4YGj8i9Kbj0iBMsBdqrkzgjDvkmOrD5AND8qJhnWA-8Si8t9mmx1_GTOtmGNh6vzPthtiP1fF2XhZ2Bbfvv5pEenYWPf8el\/p.jpeg","type":"","width":"","height":""}],"author":"galledia","twitter_card":"summary_large_image","twitter_creator":"@admin","schema":{"@context":"https:\/\/schema.org","@graph":[{"@type":"Article","@id":"https:\/\/www.organisator.ch\/marketing\/2024-09-10\/das-sport-forum-schweiz-feiert-jubilaeum\/#article","isPartOf":{"@id":"https:\/\/www.organisator.ch\/marketing\/2024-09-10\/das-sport-forum-schweiz-feiert-jubilaeum\/"},"author":{"name":"galledia","@id":"https:\/\/www.organisator.ch\/#\/schema\/person\/4e51799071cd2dd1232ac003643ef5f0"},"headline":"Das Sport Forum Schweiz feiert Jubil\u00e4um","datePublished":"2024-09-10T13:29:11+00:00","dateModified":"2024-11-08T09:12:37+00:00","mainEntityOfPage":{"@id":"https:\/\/www.organisator.ch\/marketing\/2024-09-10\/das-sport-forum-schweiz-feiert-jubilaeum\/"},"wordCount":295,"publisher":{"@id":"https:\/\/www.organisator.ch\/#organization"},"image":{"@id":"https:\/\/www.organisator.ch\/marketing\/2024-09-10\/das-sport-forum-schweiz-feiert-jubilaeum\/#primaryimage"},"thumbnailUrl":"https:\/\/uc2fa6654f3526957fc1ed4b18fb.previews.dropboxusercontent.com\/p\/thumb\/ACbmZu9MPm-NgbqGNJRRcBtZG_6KaOr3xzOn7LgPcV_MqrU6BLxyeAjFcZx05WUrnMRx3QbcEgteSRLtJTi2cQoEvSesoHkcrLL8rVAWBGyWJMSK2gJDRvFq_MLni4CqMY82TTiTvGFHvYgwJCvgAf8lHEElqlmNOYMb9ALiWholjg1Kd-hbu3euCQb6R-Mo5aUtvV3UsOCsG3QV8Zf4iJmCx3-WkXhBXpv5lv8zKx8l5SKQ_JYjej7ddmvAfcJiXNP2quqvmMuBqnmOLCE6tDeXKbcBCi09dtjuBKVa0ZKr1hrqiIBe-pKQY4YGj8i9Kbj0iBMsBdqrkzgjDvkmOrD5AND8qJhnWA-8Si8t9mmx1_GTOtmGNh6vzPthtiP1fF2XhZ2Bbfvv5pEenYWPf8el\/p.jpeg","keywords":["MarKom","SportForum Schweiz"],"articleSection":["MARKETING"],"inLanguage":"fr-FR"},{"@type":"WebPage","@id":"https:\/\/www.organisator.ch\/marketing\/2024-09-10\/das-sport-forum-schweiz-feiert-jubilaeum\/","url":"https:\/\/www.organisator.ch\/marketing\/2024-09-10\/das-sport-forum-schweiz-feiert-jubilaeum\/","name":"Le Sport Forum Schweiz f\u00eate son anniversaire - Organisateur","isPartOf":{"@id":"https:\/\/www.organisator.ch\/#website"},"primaryImageOfPage":{"@id":"https:\/\/www.organisator.ch\/marketing\/2024-09-10\/das-sport-forum-schweiz-feiert-jubilaeum\/#primaryimage"},"image":{"@id":"https:\/\/www.organisator.ch\/marketing\/2024-09-10\/das-sport-forum-schweiz-feiert-jubilaeum\/#primaryimage"},"thumbnailUrl":"https:\/\/uc2fa6654f3526957fc1ed4b18fb.previews.dropboxusercontent.com\/p\/thumb\/ACbmZu9MPm-NgbqGNJRRcBtZG_6KaOr3xzOn7LgPcV_MqrU6BLxyeAjFcZx05WUrnMRx3QbcEgteSRLtJTi2cQoEvSesoHkcrLL8rVAWBGyWJMSK2gJDRvFq_MLni4CqMY82TTiTvGFHvYgwJCvgAf8lHEElqlmNOYMb9ALiWholjg1Kd-hbu3euCQb6R-Mo5aUtvV3UsOCsG3QV8Zf4iJmCx3-WkXhBXpv5lv8zKx8l5SKQ_JYjej7ddmvAfcJiXNP2quqvmMuBqnmOLCE6tDeXKbcBCi09dtjuBKVa0ZKr1hrqiIBe-pKQY4YGj8i9Kbj0iBMsBdqrkzgjDvkmOrD5AND8qJhnWA-8Si8t9mmx1_GTOtmGNh6vzPthtiP1fF2XhZ2Bbfvv5pEenYWPf8el\/p.jpeg","datePublished":"2024-09-10T13:29:11+00:00","dateModified":"2024-11-08T09:12:37+00:00","description":"Forum Sport Suisse 2024 : \u00e9dition anniversaire \u00e0 Lucerne avec des panels, des conf\u00e9rences et des discussions sur l'avenir du sport.","breadcrumb":{"@id":"https:\/\/www.organisator.ch\/marketing\/2024-09-10\/das-sport-forum-schweiz-feiert-jubilaeum\/#breadcrumb"},"inLanguage":"fr-FR","potentialAction":[{"@type":"ReadAction","target":["https:\/\/www.organisator.ch\/marketing\/2024-09-10\/das-sport-forum-schweiz-feiert-jubilaeum\/"]}]},{"@type":"ImageObject","inLanguage":"fr-FR","@id":"https:\/\/www.organisator.ch\/marketing\/2024-09-10\/das-sport-forum-schweiz-feiert-jubilaeum\/#primaryimage","url":"https:\/\/uc2fa6654f3526957fc1ed4b18fb.previews.dropboxusercontent.com\/p\/thumb\/ACbmZu9MPm-NgbqGNJRRcBtZG_6KaOr3xzOn7LgPcV_MqrU6BLxyeAjFcZx05WUrnMRx3QbcEgteSRLtJTi2cQoEvSesoHkcrLL8rVAWBGyWJMSK2gJDRvFq_MLni4CqMY82TTiTvGFHvYgwJCvgAf8lHEElqlmNOYMb9ALiWholjg1Kd-hbu3euCQb6R-Mo5aUtvV3UsOCsG3QV8Zf4iJmCx3-WkXhBXpv5lv8zKx8l5SKQ_JYjej7ddmvAfcJiXNP2quqvmMuBqnmOLCE6tDeXKbcBCi09dtjuBKVa0ZKr1hrqiIBe-pKQY4YGj8i9Kbj0iBMsBdqrkzgjDvkmOrD5AND8qJhnWA-8Si8t9mmx1_GTOtmGNh6vzPthtiP1fF2XhZ2Bbfvv5pEenYWPf8el\/p.jpeg","contentUrl":"https:\/\/uc2fa6654f3526957fc1ed4b18fb.previews.dropboxusercontent.com\/p\/thumb\/ACbmZu9MPm-NgbqGNJRRcBtZG_6KaOr3xzOn7LgPcV_MqrU6BLxyeAjFcZx05WUrnMRx3QbcEgteSRLtJTi2cQoEvSesoHkcrLL8rVAWBGyWJMSK2gJDRvFq_MLni4CqMY82TTiTvGFHvYgwJCvgAf8lHEElqlmNOYMb9ALiWholjg1Kd-hbu3euCQb6R-Mo5aUtvV3UsOCsG3QV8Zf4iJmCx3-WkXhBXpv5lv8zKx8l5SKQ_JYjej7ddmvAfcJiXNP2quqvmMuBqnmOLCE6tDeXKbcBCi09dtjuBKVa0ZKr1hrqiIBe-pKQY4YGj8i9Kbj0iBMsBdqrkzgjDvkmOrD5AND8qJhnWA-8Si8t9mmx1_GTOtmGNh6vzPthtiP1fF2XhZ2Bbfvv5pEenYWPf8el\/p.jpeg"},{"@type":"BreadcrumbList","@id":"https:\/\/www.organisator.ch\/marketing\/2024-09-10\/das-sport-forum-schweiz-feiert-jubilaeum\/#breadcrumb","itemListElement":[{"@type":"ListItem","position":1,"name":"Home","item":"https:\/\/www.organisator.ch\/"},{"@type":"ListItem","position":2,"name":"Das Sport Forum Schweiz feiert Jubil\u00e4um"}]},{"@type":"WebSite","@id":"https:\/\/www.organisator.ch\/#website","url":"https:\/\/www.organisator.ch\/","name":"Organisateur","description":"Comp\u00e9tence et comp\u00e9tence. Proches de la pratique. L'ORGANISATEUR pr\u00e9pare 10 num\u00e9ros par an sur les th\u00e8mes essentiels pour les dirigeants de PME.","publisher":{"@id":"https:\/\/www.organisator.ch\/#organization"},"potentialAction":[{"@type":"SearchAction","target":{"@type":"EntryPoint","urlTemplate":"https:\/\/www.organisator.ch\/?s={search_term_string}"},"query-input":{"@type":"PropertyValueSpecification","valueRequired":true,"valueName":"search_term_string"}}],"inLanguage":"fr-FR"},{"@type":"Organization","@id":"https:\/\/www.organisator.ch\/#organization","name":"Organisateur","url":"https:\/\/www.organisator.ch\/","logo":{"@type":"ImageObject","inLanguage":"fr-FR","@id":"https:\/\/www.organisator.ch\/#\/schema\/logo\/image\/","url":"https:\/\/www.organisator.ch\/wp-content\/uploads\/2022\/01\/Logo_Organisator_Website.png","contentUrl":"https:\/\/www.organisator.ch\/wp-content\/uploads\/2022\/01\/Logo_Organisator_Website.png","width":800,"height":77,"caption":"Organisator"},"image":{"@id":"https:\/\/www.organisator.ch\/#\/schema\/logo\/image\/"},"sameAs":["https:\/\/www.facebook.com\/OrganisatorFachmagazin","https:\/\/www.linkedin.com\/showcase\/organisator-das-magazin-fr-kmu","https:\/\/www.xing.com\/news\/pages\/organisator-ch-695","https:\/\/www.youtube.com\/channel\/UCGP2Sq0iWaZwT3BdIAQFYpw"]},{"@type":"Person","@id":"https:\/\/www.organisator.ch\/#\/schema\/person\/4e51799071cd2dd1232ac003643ef5f0","name":"galledia","image":{"@type":"ImageObject","inLanguage":"fr-FR","@id":"https:\/\/secure.gravatar.com\/avatar\/78a7f90c01fc2bfc875782a0d4922b37cde2cf184ce347b91316d23cd7f69a36?s=96&d=mm&r=g","url":"https:\/\/secure.gravatar.com\/avatar\/78a7f90c01fc2bfc875782a0d4922b37cde2cf184ce347b91316d23cd7f69a36?s=96&d=mm&r=g","contentUrl":"https:\/\/secure.gravatar.com\/avatar\/78a7f90c01fc2bfc875782a0d4922b37cde2cf184ce347b91316d23cd7f69a36?s=96&d=mm&r=g","caption":"galledia"},"sameAs":["https:\/\/x.com\/admin"],"url":"https:\/\/www.organisator.ch\/fr\/author\/galledia\/"}]}},"_links":{"self":[{"href":"https:\/\/www.organisator.ch\/fr\/wp-json\/wp\/v2\/posts\/29693","targetHints":{"allow":["GET"]}}],"collection":[{"href":"https:\/\/www.organisator.ch\/fr\/wp-json\/wp\/v2\/posts"}],"about":[{"href":"https:\/\/www.organisator.ch\/fr\/wp-json\/wp\/v2\/types\/post"}],"author":[{"embeddable":true,"href":"https:\/\/www.organisator.ch\/fr\/wp-json\/wp\/v2\/users\/8"}],"replies":[{"embeddable":true,"href":"https:\/\/www.organisator.ch\/fr\/wp-json\/wp\/v2\/comments?post=29693"}],"version-history":[{"count":5,"href":"https:\/\/www.organisator.ch\/fr\/wp-json\/wp\/v2\/posts\/29693\/revisions"}],"predecessor-version":[{"id":31956,"href":"https:\/\/www.organisator.ch\/fr\/wp-json\/wp\/v2\/posts\/29693\/revisions\/31956"}],"wp:attachment":[{"href":"https:\/\/www.organisator.ch\/fr\/wp-json\/wp\/v2\/media?parent=29693"}],"wp:term":[{"taxonomy":"category","embeddable":true,"href":"https:\/\/www.organisator.ch\/fr\/wp-json\/wp\/v2\/categories?post=29693"},{"taxonomy":"post_tag","embeddable":true,"href":"https:\/\/www.organisator.ch\/fr\/wp-json\/wp\/v2\/tags?post=29693"}],"curies":[{"name":"wp","href":"https:\/\/api.w.org\/{rel}","templated":true}]}}