{"id":29698,"date":"2024-09-12T08:37:36","date_gmt":"2024-09-12T06:37:36","guid":{"rendered":"https:\/\/www.organisator.ch\/?p=29698"},"modified":"2024-09-11T15:00:00","modified_gmt":"2024-09-11T13:00:00","slug":"rostocker-start-up-sawayo-wird-teil-der-infoniqa-gruppe","status":"publish","type":"post","link":"https:\/\/www.organisator.ch\/fr\/management\/2024-09-12\/rostocker-start-up-sawayo-wird-teil-der-infoniqa-gruppe\/","title":{"rendered":"La start-up de Rostock Sawayo rejoint le groupe Infoniqa"},"content":{"rendered":"<figure id=\"attachment_29700\" aria-describedby=\"caption-attachment-29700\" style=\"width: 680px\" class=\"wp-caption alignnone\"><img loading=\"lazy\" decoding=\"async\" class=\"size-full wp-image-29700\" src=\"https:\/\/www.organisator.ch\/wp-content\/uploads\/2024\/09\/Sawayo-Infoniqa_Bild1_ps.jpg\" alt=\"\" width=\"680\" height=\"510\" srcset=\"https:\/\/www.organisator.ch\/wp-content\/uploads\/2024\/09\/Sawayo-Infoniqa_Bild1_ps.jpg 680w, https:\/\/www.organisator.ch\/wp-content\/uploads\/2024\/09\/Sawayo-Infoniqa_Bild1_ps-16x12.jpg 16w, https:\/\/www.organisator.ch\/wp-content\/uploads\/2024\/09\/Sawayo-Infoniqa_Bild1_ps-375x281.jpg 375w, https:\/\/www.organisator.ch\/wp-content\/uploads\/2024\/09\/Sawayo-Infoniqa_Bild1_ps-467x350.jpg 467w\" sizes=\"auto, (max-width: 680px) 100vw, 680px\" \/><figcaption id=\"caption-attachment-29700\" class=\"wp-caption-text\">Expansion et nouvelles opportunit\u00e9s dans la r\u00e9gion DACH pour Sawayo. (Image : www.sawayo.de)<\/figcaption><\/figure>\n<p>L'acquisition par Infoniqa ouvre \u00e0 Sawayo les portes de nouveaux march\u00e9s et lui permet de mettre en \u0153uvre ses technologies et ses id\u00e9es \u00e0 plus grande \u00e9chelle dans la r\u00e9gion DACH. La fusion permet \u00e9galement \u00e0 Sawayo d'\u00e9largir son portefeuille de produits avec des solutions d'Enterprise Resource Planning (ERP), de gestion des salaires et de la comptabilit\u00e9 financi\u00e8re, de gestion des commandes et d'externalisation des processus d'entreprise (BPO). De plus, Sawayo profite d'une base de clients plus large et des ressources d'un leader du march\u00e9 en Allemagne. Infoniqa souhaite donner un nouvel \u00e9lan et innover sur le march\u00e9 gr\u00e2ce \u00e0 cette acquisition.<\/p>\n<p>\"En collaboration avec Infoniqa, nous pouvons d\u00e9sormais nous concentrer davantage sur l'optimisation d'un flux de processus continu des t\u00e2ches administratives et bureaucratiques jusqu'ici si fastidieuses\", se r\u00e9jouit Andreas Wieczorke, l'un des directeurs de Sawayo. \"Nous lib\u00e9rons ainsi dans les entreprises des ressources humaines et financi\u00e8res importantes pour leur activit\u00e9 principale. Une situation gagnant-gagnant pour nos clients\".<\/p>\n<p>Jusqu'\u00e0 pr\u00e9sent, Sawayo a \u00e9t\u00e9 dirig\u00e9 par deux directeurs g\u00e9n\u00e9raux qui allient comp\u00e9tence en mati\u00e8re d'innovation et exp\u00e9rience : Le serial-entrepreneur Andreas Wieczorke et Bjarne Wilhelm, 25 ans, font avancer les processus d'innovation avec cr\u00e9ativit\u00e9 et \u00e9nergie. En m\u00eame temps, ils veillent, avec un regard r\u00e9aliste sur ce qui est r\u00e9alisable, \u00e0 ce que les avantages pour les clients soient toujours au centre des pr\u00e9occupations.<\/p>\n<p>\"Notre vision et nos valeurs correspondent parfaitement \u00e0 Infoniqa\", souligne Bjarne Wilhelm, directeur g\u00e9n\u00e9ral de Sawayo. \"Avec le soutien d'un leader \u00e9tabli, nous allons apporter du mouvement et un vent de fra\u00eecheur sur le march\u00e9 et \u00e9tablir de nouvelles normes\".<\/p>\n<p>Dans le cadre de la transaction, Infoniqa int\u00e8gre l'\u00e9quipe de Sawayo et \u00e9largit sa gamme de produits avec des technologies modernes. Les clients existants des deux entreprises peuvent ainsi s'attendre \u00e0 des solutions encore plus conviviales et modernes \u00e0 l'avenir.<\/p>\n<p><em>Source : <a href=\"http:\/\/www.sawayo.de\">www.sawayo.de<\/a> \/ <a href=\"http:\/\/www.infoniqa.com\">www.infoniqa.com<\/a><\/em><\/p>","protected":false},"excerpt":{"rendered":"<p>Sawayo GmbH, une start-up SaaS fond\u00e9e en 2020 proposant des solutions num\u00e9riques pour remplir les obligations des employeurs, annonce son acquisition par le groupe Infoniqa - un fournisseur de solutions RH et financi\u00e8res en Allemagne, en Autriche et en Suisse.<\/p>","protected":false},"author":58,"featured_media":29700,"comment_status":"closed","ping_status":"closed","sticky":false,"template":"","format":"standard","meta":{"_acf_changed":false,"_yoast_wpseo_focuskw":"Sawayo","_yoast_wpseo_metadesc":"Die Sawayo GmbH, ein 2020 gegr\u00fcndetes SaaS-Start-up gibt seine \u00dcbernahme durch die Infoniqa Gruppe bekannt.","articlekey":"","footnotes":""},"categories":[28],"tags":[3992,334,2343,492],"class_list":["post-29698","post","type-post","status-publish","format-standard","has-post-thumbnail","hentry","category-management","tag-dach","tag-management","tag-uebernahme","tag-unternehmen"],"acf":[],"yoast_head":"<!-- This site is optimized with the Yoast SEO plugin v27.5 - https:\/\/yoast.com\/product\/yoast-seo-wordpress\/ -->\n<title>Rostocker Start-up Sawayo wird Teil der Infoniqa Gruppe - Organisator<\/title>\n<meta name=\"description\" content=\"Die Sawayo GmbH, ein 2020 gegr\u00fcndetes SaaS-Start-up gibt seine \u00dcbernahme durch die Infoniqa Gruppe bekannt.\" \/>\n<meta name=\"robots\" content=\"index, follow, max-snippet:-1, max-image-preview:large, max-video-preview:-1\" \/>\n<link rel=\"canonical\" href=\"https:\/\/www.organisator.ch\/fr\/gestion-2\/2024-09-12\/rostocker-start-up-sawayo-wird-teil-der-infoniqa-gruppe\/\" \/>\n<meta property=\"og:locale\" content=\"fr_FR\" \/>\n<meta property=\"og:type\" content=\"article\" \/>\n<meta property=\"og:title\" content=\"Rostocker Start-up Sawayo wird Teil der Infoniqa Gruppe\" \/>\n<meta property=\"og:description\" content=\"Die Sawayo GmbH, ein 2020 gegr\u00fcndetes SaaS-Start-up gibt seine \u00dcbernahme durch die Infoniqa Gruppe bekannt.\" \/>\n<meta property=\"og:url\" content=\"https:\/\/www.organisator.ch\/fr\/gestion-2\/2024-09-12\/rostocker-start-up-sawayo-wird-teil-der-infoniqa-gruppe\/\" \/>\n<meta property=\"og:site_name\" content=\"Organisator\" \/>\n<meta property=\"article:publisher\" content=\"https:\/\/www.facebook.com\/OrganisatorFachmagazin\" \/>\n<meta property=\"article:published_time\" content=\"2024-09-12T06:37:36+00:00\" \/>\n<meta property=\"og:image\" content=\"https:\/\/www.organisator.ch\/wp-content\/uploads\/2024\/09\/Sawayo-Infoniqa_Bild1_ps.jpg\" \/>\n\t<meta property=\"og:image:width\" content=\"680\" \/>\n\t<meta property=\"og:image:height\" content=\"510\" \/>\n\t<meta property=\"og:image:type\" content=\"image\/jpeg\" \/>\n<meta name=\"author\" content=\"Adelisa Kalajdzini\" \/>\n<meta name=\"twitter:card\" content=\"summary_large_image\" \/>\n<meta name=\"twitter:title\" content=\"Rostocker Start-up Sawayo wird Teil der Infoniqa Gruppe\" \/>\n<meta name=\"twitter:description\" content=\"Die #Sawayo GmbH, ein 2020 gegr\u00fcndetes #SaaS-Start-up gibt seine #\u00dcbernahme durch die #Infoniqa #Gruppe bekannt.\" \/>\n<meta name=\"twitter:image\" content=\"https:\/\/www.organisator.ch\/wp-content\/uploads\/2024\/09\/Sawayo-Infoniqa_Bild1_ps.jpg\" \/>\n<script type=\"application\/ld+json\" class=\"yoast-schema-graph\">{\"@context\":\"https:\\\/\\\/schema.org\",\"@graph\":[{\"@type\":\"Article\",\"@id\":\"https:\\\/\\\/www.organisator.ch\\\/management\\\/2024-09-12\\\/rostocker-start-up-sawayo-wird-teil-der-infoniqa-gruppe\\\/#article\",\"isPartOf\":{\"@id\":\"https:\\\/\\\/www.organisator.ch\\\/management\\\/2024-09-12\\\/rostocker-start-up-sawayo-wird-teil-der-infoniqa-gruppe\\\/\"},\"author\":{\"name\":\"Adelisa Kalajdzini\",\"@id\":\"https:\\\/\\\/www.organisator.ch\\\/#\\\/schema\\\/person\\\/2e1314a2172123f874db408d8911d3f3\"},\"headline\":\"Rostocker Start-up Sawayo wird Teil der Infoniqa Gruppe\",\"datePublished\":\"2024-09-12T06:37:36+00:00\",\"mainEntityOfPage\":{\"@id\":\"https:\\\/\\\/www.organisator.ch\\\/management\\\/2024-09-12\\\/rostocker-start-up-sawayo-wird-teil-der-infoniqa-gruppe\\\/\"},\"wordCount\":317,\"publisher\":{\"@id\":\"https:\\\/\\\/www.organisator.ch\\\/#organization\"},\"image\":{\"@id\":\"https:\\\/\\\/www.organisator.ch\\\/management\\\/2024-09-12\\\/rostocker-start-up-sawayo-wird-teil-der-infoniqa-gruppe\\\/#primaryimage\"},\"thumbnailUrl\":\"https:\\\/\\\/www.organisator.ch\\\/wp-content\\\/uploads\\\/2024\\\/09\\\/Sawayo-Infoniqa_Bild1_ps.jpg\",\"keywords\":[\"DACH\",\"Management\",\"\u00dcbernahme\",\"Unternehmen\"],\"articleSection\":[\"MANAGEMENT\"],\"inLanguage\":\"fr-FR\"},{\"@type\":\"WebPage\",\"@id\":\"https:\\\/\\\/www.organisator.ch\\\/management\\\/2024-09-12\\\/rostocker-start-up-sawayo-wird-teil-der-infoniqa-gruppe\\\/\",\"url\":\"https:\\\/\\\/www.organisator.ch\\\/management\\\/2024-09-12\\\/rostocker-start-up-sawayo-wird-teil-der-infoniqa-gruppe\\\/\",\"name\":\"Rostocker Start-up Sawayo wird Teil der Infoniqa Gruppe - Organisator\",\"isPartOf\":{\"@id\":\"https:\\\/\\\/www.organisator.ch\\\/#website\"},\"primaryImageOfPage\":{\"@id\":\"https:\\\/\\\/www.organisator.ch\\\/management\\\/2024-09-12\\\/rostocker-start-up-sawayo-wird-teil-der-infoniqa-gruppe\\\/#primaryimage\"},\"image\":{\"@id\":\"https:\\\/\\\/www.organisator.ch\\\/management\\\/2024-09-12\\\/rostocker-start-up-sawayo-wird-teil-der-infoniqa-gruppe\\\/#primaryimage\"},\"thumbnailUrl\":\"https:\\\/\\\/www.organisator.ch\\\/wp-content\\\/uploads\\\/2024\\\/09\\\/Sawayo-Infoniqa_Bild1_ps.jpg\",\"datePublished\":\"2024-09-12T06:37:36+00:00\",\"description\":\"Die Sawayo GmbH, ein 2020 gegr\u00fcndetes SaaS-Start-up gibt seine \u00dcbernahme durch die Infoniqa Gruppe bekannt.\",\"breadcrumb\":{\"@id\":\"https:\\\/\\\/www.organisator.ch\\\/management\\\/2024-09-12\\\/rostocker-start-up-sawayo-wird-teil-der-infoniqa-gruppe\\\/#breadcrumb\"},\"inLanguage\":\"fr-FR\",\"potentialAction\":[{\"@type\":\"ReadAction\",\"target\":[\"https:\\\/\\\/www.organisator.ch\\\/management\\\/2024-09-12\\\/rostocker-start-up-sawayo-wird-teil-der-infoniqa-gruppe\\\/\"]}]},{\"@type\":\"ImageObject\",\"inLanguage\":\"fr-FR\",\"@id\":\"https:\\\/\\\/www.organisator.ch\\\/management\\\/2024-09-12\\\/rostocker-start-up-sawayo-wird-teil-der-infoniqa-gruppe\\\/#primaryimage\",\"url\":\"https:\\\/\\\/www.organisator.ch\\\/wp-content\\\/uploads\\\/2024\\\/09\\\/Sawayo-Infoniqa_Bild1_ps.jpg\",\"contentUrl\":\"https:\\\/\\\/www.organisator.ch\\\/wp-content\\\/uploads\\\/2024\\\/09\\\/Sawayo-Infoniqa_Bild1_ps.jpg\",\"width\":680,\"height\":510,\"caption\":\"Expansion und neue Chancen im DACH-Raum f\u00fcr Sawayo. (Bild: www.sawayo.de)\"},{\"@type\":\"BreadcrumbList\",\"@id\":\"https:\\\/\\\/www.organisator.ch\\\/management\\\/2024-09-12\\\/rostocker-start-up-sawayo-wird-teil-der-infoniqa-gruppe\\\/#breadcrumb\",\"itemListElement\":[{\"@type\":\"ListItem\",\"position\":1,\"name\":\"Home\",\"item\":\"https:\\\/\\\/www.organisator.ch\\\/\"},{\"@type\":\"ListItem\",\"position\":2,\"name\":\"Rostocker Start-up Sawayo wird Teil der Infoniqa Gruppe\"}]},{\"@type\":\"WebSite\",\"@id\":\"https:\\\/\\\/www.organisator.ch\\\/#website\",\"url\":\"https:\\\/\\\/www.organisator.ch\\\/\",\"name\":\"Organisator\",\"description\":\"Kompetent. Praxisnah. Der ORGANISATOR bereitet in 10 Ausgaben pro Jahr die wesentlichen Themen f\u00fcr F\u00fchrungskr\u00e4fte von KMU auf.\",\"publisher\":{\"@id\":\"https:\\\/\\\/www.organisator.ch\\\/#organization\"},\"potentialAction\":[{\"@type\":\"SearchAction\",\"target\":{\"@type\":\"EntryPoint\",\"urlTemplate\":\"https:\\\/\\\/www.organisator.ch\\\/?s={search_term_string}\"},\"query-input\":{\"@type\":\"PropertyValueSpecification\",\"valueRequired\":true,\"valueName\":\"search_term_string\"}}],\"inLanguage\":\"fr-FR\"},{\"@type\":\"Organization\",\"@id\":\"https:\\\/\\\/www.organisator.ch\\\/#organization\",\"name\":\"Organisator\",\"url\":\"https:\\\/\\\/www.organisator.ch\\\/\",\"logo\":{\"@type\":\"ImageObject\",\"inLanguage\":\"fr-FR\",\"@id\":\"https:\\\/\\\/www.organisator.ch\\\/#\\\/schema\\\/logo\\\/image\\\/\",\"url\":\"https:\\\/\\\/www.organisator.ch\\\/wp-content\\\/uploads\\\/2022\\\/01\\\/Logo_Organisator_Website.png\",\"contentUrl\":\"https:\\\/\\\/www.organisator.ch\\\/wp-content\\\/uploads\\\/2022\\\/01\\\/Logo_Organisator_Website.png\",\"width\":800,\"height\":77,\"caption\":\"Organisator\"},\"image\":{\"@id\":\"https:\\\/\\\/www.organisator.ch\\\/#\\\/schema\\\/logo\\\/image\\\/\"},\"sameAs\":[\"https:\\\/\\\/www.facebook.com\\\/OrganisatorFachmagazin\",\"https:\\\/\\\/www.linkedin.com\\\/showcase\\\/organisator-das-magazin-fr-kmu\",\"https:\\\/\\\/www.xing.com\\\/news\\\/pages\\\/organisator-ch-695\",\"https:\\\/\\\/www.youtube.com\\\/channel\\\/UCGP2Sq0iWaZwT3BdIAQFYpw\"]},{\"@type\":\"Person\",\"@id\":\"https:\\\/\\\/www.organisator.ch\\\/#\\\/schema\\\/person\\\/2e1314a2172123f874db408d8911d3f3\",\"name\":\"Adelisa Kalajdzini\",\"image\":{\"@type\":\"ImageObject\",\"inLanguage\":\"fr-FR\",\"@id\":\"https:\\\/\\\/secure.gravatar.com\\\/avatar\\\/09a397c22ac58cad6f160ee8306348599df9df58a8ede73696226897b9fa4b24?s=96&d=mm&r=g\",\"url\":\"https:\\\/\\\/secure.gravatar.com\\\/avatar\\\/09a397c22ac58cad6f160ee8306348599df9df58a8ede73696226897b9fa4b24?s=96&d=mm&r=g\",\"contentUrl\":\"https:\\\/\\\/secure.gravatar.com\\\/avatar\\\/09a397c22ac58cad6f160ee8306348599df9df58a8ede73696226897b9fa4b24?s=96&d=mm&r=g\",\"caption\":\"Adelisa Kalajdzini\"},\"url\":\"https:\\\/\\\/www.organisator.ch\\\/fr\\\/author\\\/adelisa-kalajdzini\\\/\"}]}<\/script>\n<!-- \/ Yoast SEO plugin. -->","yoast_head_json":{"title":"La start-up de Rostock Sawayo rejoint le groupe Infoniqa - Organisateur","description":"Sawayo GmbH, une start-up SaaS fond\u00e9e en 2020, annonce son acquisition par le groupe Infoniqa.","robots":{"index":"index","follow":"follow","max-snippet":"max-snippet:-1","max-image-preview":"max-image-preview:large","max-video-preview":"max-video-preview:-1"},"canonical":"https:\/\/www.organisator.ch\/fr\/gestion-2\/2024-09-12\/rostocker-start-up-sawayo-wird-teil-der-infoniqa-gruppe\/","og_locale":"fr_FR","og_type":"article","og_title":"Rostocker Start-up Sawayo wird Teil der Infoniqa Gruppe","og_description":"Die Sawayo GmbH, ein 2020 gegr\u00fcndetes SaaS-Start-up gibt seine \u00dcbernahme durch die Infoniqa Gruppe bekannt.","og_url":"https:\/\/www.organisator.ch\/fr\/gestion-2\/2024-09-12\/rostocker-start-up-sawayo-wird-teil-der-infoniqa-gruppe\/","og_site_name":"Organisator","article_publisher":"https:\/\/www.facebook.com\/OrganisatorFachmagazin","article_published_time":"2024-09-12T06:37:36+00:00","og_image":[{"width":680,"height":510,"url":"https:\/\/www.organisator.ch\/wp-content\/uploads\/2024\/09\/Sawayo-Infoniqa_Bild1_ps.jpg","type":"image\/jpeg"}],"author":"Adelisa Kalajdzini","twitter_card":"summary_large_image","twitter_title":"Rostocker Start-up Sawayo wird Teil der Infoniqa Gruppe","twitter_description":"Die #Sawayo GmbH, ein 2020 gegr\u00fcndetes #SaaS-Start-up gibt seine #\u00dcbernahme durch die #Infoniqa #Gruppe bekannt.","twitter_image":"https:\/\/www.organisator.ch\/wp-content\/uploads\/2024\/09\/Sawayo-Infoniqa_Bild1_ps.jpg","schema":{"@context":"https:\/\/schema.org","@graph":[{"@type":"Article","@id":"https:\/\/www.organisator.ch\/management\/2024-09-12\/rostocker-start-up-sawayo-wird-teil-der-infoniqa-gruppe\/#article","isPartOf":{"@id":"https:\/\/www.organisator.ch\/management\/2024-09-12\/rostocker-start-up-sawayo-wird-teil-der-infoniqa-gruppe\/"},"author":{"name":"Adelisa Kalajdzini","@id":"https:\/\/www.organisator.ch\/#\/schema\/person\/2e1314a2172123f874db408d8911d3f3"},"headline":"Rostocker Start-up Sawayo wird Teil der Infoniqa Gruppe","datePublished":"2024-09-12T06:37:36+00:00","mainEntityOfPage":{"@id":"https:\/\/www.organisator.ch\/management\/2024-09-12\/rostocker-start-up-sawayo-wird-teil-der-infoniqa-gruppe\/"},"wordCount":317,"publisher":{"@id":"https:\/\/www.organisator.ch\/#organization"},"image":{"@id":"https:\/\/www.organisator.ch\/management\/2024-09-12\/rostocker-start-up-sawayo-wird-teil-der-infoniqa-gruppe\/#primaryimage"},"thumbnailUrl":"https:\/\/www.organisator.ch\/wp-content\/uploads\/2024\/09\/Sawayo-Infoniqa_Bild1_ps.jpg","keywords":["DACH","Management","\u00dcbernahme","Unternehmen"],"articleSection":["MANAGEMENT"],"inLanguage":"fr-FR"},{"@type":"WebPage","@id":"https:\/\/www.organisator.ch\/management\/2024-09-12\/rostocker-start-up-sawayo-wird-teil-der-infoniqa-gruppe\/","url":"https:\/\/www.organisator.ch\/management\/2024-09-12\/rostocker-start-up-sawayo-wird-teil-der-infoniqa-gruppe\/","name":"La start-up de Rostock Sawayo rejoint le groupe Infoniqa - Organisateur","isPartOf":{"@id":"https:\/\/www.organisator.ch\/#website"},"primaryImageOfPage":{"@id":"https:\/\/www.organisator.ch\/management\/2024-09-12\/rostocker-start-up-sawayo-wird-teil-der-infoniqa-gruppe\/#primaryimage"},"image":{"@id":"https:\/\/www.organisator.ch\/management\/2024-09-12\/rostocker-start-up-sawayo-wird-teil-der-infoniqa-gruppe\/#primaryimage"},"thumbnailUrl":"https:\/\/www.organisator.ch\/wp-content\/uploads\/2024\/09\/Sawayo-Infoniqa_Bild1_ps.jpg","datePublished":"2024-09-12T06:37:36+00:00","description":"Sawayo GmbH, une start-up SaaS fond\u00e9e en 2020, annonce son acquisition par le groupe Infoniqa.","breadcrumb":{"@id":"https:\/\/www.organisator.ch\/management\/2024-09-12\/rostocker-start-up-sawayo-wird-teil-der-infoniqa-gruppe\/#breadcrumb"},"inLanguage":"fr-FR","potentialAction":[{"@type":"ReadAction","target":["https:\/\/www.organisator.ch\/management\/2024-09-12\/rostocker-start-up-sawayo-wird-teil-der-infoniqa-gruppe\/"]}]},{"@type":"ImageObject","inLanguage":"fr-FR","@id":"https:\/\/www.organisator.ch\/management\/2024-09-12\/rostocker-start-up-sawayo-wird-teil-der-infoniqa-gruppe\/#primaryimage","url":"https:\/\/www.organisator.ch\/wp-content\/uploads\/2024\/09\/Sawayo-Infoniqa_Bild1_ps.jpg","contentUrl":"https:\/\/www.organisator.ch\/wp-content\/uploads\/2024\/09\/Sawayo-Infoniqa_Bild1_ps.jpg","width":680,"height":510,"caption":"Expansion und neue Chancen im DACH-Raum f\u00fcr Sawayo. (Bild: www.sawayo.de)"},{"@type":"BreadcrumbList","@id":"https:\/\/www.organisator.ch\/management\/2024-09-12\/rostocker-start-up-sawayo-wird-teil-der-infoniqa-gruppe\/#breadcrumb","itemListElement":[{"@type":"ListItem","position":1,"name":"Home","item":"https:\/\/www.organisator.ch\/"},{"@type":"ListItem","position":2,"name":"Rostocker Start-up Sawayo wird Teil der Infoniqa Gruppe"}]},{"@type":"WebSite","@id":"https:\/\/www.organisator.ch\/#website","url":"https:\/\/www.organisator.ch\/","name":"Organisateur","description":"Comp\u00e9tence et comp\u00e9tence. Proches de la pratique. L'ORGANISATEUR pr\u00e9pare 10 num\u00e9ros par an sur les th\u00e8mes essentiels pour les dirigeants de PME.","publisher":{"@id":"https:\/\/www.organisator.ch\/#organization"},"potentialAction":[{"@type":"SearchAction","target":{"@type":"EntryPoint","urlTemplate":"https:\/\/www.organisator.ch\/?s={search_term_string}"},"query-input":{"@type":"PropertyValueSpecification","valueRequired":true,"valueName":"search_term_string"}}],"inLanguage":"fr-FR"},{"@type":"Organization","@id":"https:\/\/www.organisator.ch\/#organization","name":"Organisateur","url":"https:\/\/www.organisator.ch\/","logo":{"@type":"ImageObject","inLanguage":"fr-FR","@id":"https:\/\/www.organisator.ch\/#\/schema\/logo\/image\/","url":"https:\/\/www.organisator.ch\/wp-content\/uploads\/2022\/01\/Logo_Organisator_Website.png","contentUrl":"https:\/\/www.organisator.ch\/wp-content\/uploads\/2022\/01\/Logo_Organisator_Website.png","width":800,"height":77,"caption":"Organisator"},"image":{"@id":"https:\/\/www.organisator.ch\/#\/schema\/logo\/image\/"},"sameAs":["https:\/\/www.facebook.com\/OrganisatorFachmagazin","https:\/\/www.linkedin.com\/showcase\/organisator-das-magazin-fr-kmu","https:\/\/www.xing.com\/news\/pages\/organisator-ch-695","https:\/\/www.youtube.com\/channel\/UCGP2Sq0iWaZwT3BdIAQFYpw"]},{"@type":"Person","@id":"https:\/\/www.organisator.ch\/#\/schema\/person\/2e1314a2172123f874db408d8911d3f3","name":"Adelisa Kalajdzini","image":{"@type":"ImageObject","inLanguage":"fr-FR","@id":"https:\/\/secure.gravatar.com\/avatar\/09a397c22ac58cad6f160ee8306348599df9df58a8ede73696226897b9fa4b24?s=96&d=mm&r=g","url":"https:\/\/secure.gravatar.com\/avatar\/09a397c22ac58cad6f160ee8306348599df9df58a8ede73696226897b9fa4b24?s=96&d=mm&r=g","contentUrl":"https:\/\/secure.gravatar.com\/avatar\/09a397c22ac58cad6f160ee8306348599df9df58a8ede73696226897b9fa4b24?s=96&d=mm&r=g","caption":"Adelisa Kalajdzini"},"url":"https:\/\/www.organisator.ch\/fr\/author\/adelisa-kalajdzini\/"}]}},"_links":{"self":[{"href":"https:\/\/www.organisator.ch\/fr\/wp-json\/wp\/v2\/posts\/29698","targetHints":{"allow":["GET"]}}],"collection":[{"href":"https:\/\/www.organisator.ch\/fr\/wp-json\/wp\/v2\/posts"}],"about":[{"href":"https:\/\/www.organisator.ch\/fr\/wp-json\/wp\/v2\/types\/post"}],"author":[{"embeddable":true,"href":"https:\/\/www.organisator.ch\/fr\/wp-json\/wp\/v2\/users\/58"}],"replies":[{"embeddable":true,"href":"https:\/\/www.organisator.ch\/fr\/wp-json\/wp\/v2\/comments?post=29698"}],"version-history":[{"count":5,"href":"https:\/\/www.organisator.ch\/fr\/wp-json\/wp\/v2\/posts\/29698\/revisions"}],"predecessor-version":[{"id":29795,"href":"https:\/\/www.organisator.ch\/fr\/wp-json\/wp\/v2\/posts\/29698\/revisions\/29795"}],"wp:featuredmedia":[{"embeddable":true,"href":"https:\/\/www.organisator.ch\/fr\/wp-json\/wp\/v2\/media\/29700"}],"wp:attachment":[{"href":"https:\/\/www.organisator.ch\/fr\/wp-json\/wp\/v2\/media?parent=29698"}],"wp:term":[{"taxonomy":"category","embeddable":true,"href":"https:\/\/www.organisator.ch\/fr\/wp-json\/wp\/v2\/categories?post=29698"},{"taxonomy":"post_tag","embeddable":true,"href":"https:\/\/www.organisator.ch\/fr\/wp-json\/wp\/v2\/tags?post=29698"}],"curies":[{"name":"wp","href":"https:\/\/api.w.org\/{rel}","templated":true}]}}