{"id":29752,"date":"2024-09-11T12:13:03","date_gmt":"2024-09-11T10:13:03","guid":{"rendered":"https:\/\/www.markt-kom.com\/?p=223167"},"modified":"2024-11-08T10:03:24","modified_gmt":"2024-11-08T09:03:24","slug":"gendern-in-der-pr-noch-nicht-stark-verbreitet","status":"publish","type":"post","link":"https:\/\/www.organisator.ch\/fr\/marketing\/2024-09-11\/gendern-in-der-pr-noch-nicht-stark-verbreitet\/","title":{"rendered":"Le genre n'est pas encore tr\u00e8s r\u00e9pandu dans les RP"},"content":{"rendered":"<figure id=\"attachment_223168\" class=\"wp-caption aligncenter\" style=\"width: 1200px\" aria-describedby=\"caption-attachment-223168\"><a href=\"https:\/\/www.markt-kom.com\/wp-content\/uploads\/2024\/09\/gendersprache-in-der-pr-DE.jpg\"><img class=\"aligncenter wp-image-223168 size-full\" src=\"https:\/\/www.markt-kom.com\/wp-content\/uploads\/2024\/09\/gendersprache-in-der-pr-DE.jpg\" alt=\"Communication sensible au genre\" width=\"1200\" height=\"967\" \/><\/a>\r\n<figcaption id=\"caption-attachment-223168\" class=\"wp-caption-text\">(Graphique : PR-Trendmonitor, News Aktuell\/Per)<\/figcaption>\r\n<\/figure>\r\n<p>52 pour cent des professionnels des RP interrog\u00e9s indiquent n'utiliser qu'occasionnellement le langage du genre ou le langage sensible au genre dans la communication professionnelle. Seul un peu plus d'un quart (28 pour cent) utilise syst\u00e9matiquement le genre. A l'oppos\u00e9, 5 pour cent n'utilisent pas encore le genre et 13 pour cent ne pr\u00e9voient pas de le faire \u00e0 l'avenir. 2 pour cent des personnes interrog\u00e9es indiquent qu'elles reviendront \u00e0 un langage non sexu\u00e9 dans leur communication.<\/p>\r\n<h3><strong>Pertinence reconnue<\/strong><\/h3>\r\n<p>Les r\u00e9sultats montrent \u00e9galement qu'un peu moins de la moiti\u00e9 (49 pour cent) estime que le genre dans la communication est pertinent et qu'il est tr\u00e8s important ou plut\u00f4t important. D'autre part, un peu plus d'un tiers (35 pour cent) consid\u00e8re que la prise en compte de la dimension de genre dans la communication externe et interne n'est pas importante ou pas du tout importante. 15 pour cent des personnes interrog\u00e9es ont une attitude neutre : pour elles, la communication sensible au genre n'est ni importante ni insignifiante.<\/p>\r\n<h3><strong>Les entreprises donnent des directives explicites<\/strong><\/h3>\r\n<p>Il est frappant de constater que nettement plus de la moiti\u00e9 des entreprises et des agences de RP interrog\u00e9es (59 pour cent) ont d\u00e9j\u00e0 des directives explicites pour une communication sensible au genre. En revanche, 40% n'ont pas de directives pour un langage sensible au genre dans leur entreprise.<\/p>\r\n<h3><strong>Le pour et le contre d'un langage non sexiste<\/strong><\/h3>\r\n<p>Si l'on examine en d\u00e9tail le pour et le contre, les raisons de ne pas utiliser le langage du genre et, d'autre part, celles de l'utiliser, peuvent \u00eatre attribu\u00e9es \u00e0 des influences tant internes qu'externes.<\/p>\r\n<p>Ceux qui n'utilisent pas la langue des genres citent comme raison principale la difficult\u00e9 de lecture des textes (69 pour cent). Les autres raisons sont le manque de conviction des responsables de la communication eux-m\u00eames (45 pour cent) et de la direction (42 pour cent). En outre, les entreprises renoncent \u00e9galement \u00e0 la langue des genres parce qu'elles craignent des r\u00e9serves de la part des collaborateurs (41 pour cent) ou de la client\u00e8le (36 pour cent). En outre, 16 pour cent \u00e9vitent le langage des genres parce qu'il n'existe pas de directives claires au sein de l'entreprise et 8 pour cent manquent de temps pour se pencher sur le sujet de mani\u00e8re appropri\u00e9e.<\/p>\r\n<p>La peur d'un besoin accru de coordination interne ou l'\u00e9chec de tests conduisent en revanche plus rarement \u00e0 renoncer au langage genr\u00e9 (5 pour cent dans les deux cas). Les personnes interrog\u00e9es citent encore moins souvent le manque de connaissances sur le langage sensible au genre (3 pour cent) ou un shitstorm public (2 pour cent) comme raison pour laquelle elles renoncent au gender.<\/p>\r\n<p>Ceux qui utilisent d\u00e9lib\u00e9r\u00e9ment le langage des genres dans leur communication le font principalement pour refl\u00e9ter les valeurs de leur entreprise (46%) ou parce qu'ils y voient un avantage pour s'adresser \u00e0 diff\u00e9rents groupes cibles (43%). Dans les deux cas, 35 pour cent citent comme raisons la conviction des responsables de la communication ou les attentes de la soci\u00e9t\u00e9. De nombreux professionnels des RP voient \u00e9galement des avantages dans un langage sensible au genre pour l'image et la r\u00e9putation de l'entreprise (33 pour cent) ainsi que pour l'employer branding (32 pour cent). Des directives claires au sein de l'entreprise et les attentes des collaborateurs (30 pour cent chacun) ainsi que des clients (23 pour cent) jouent \u00e9galement un r\u00f4le. La conviction de la direction se situe \u00e9galement dans le tiers inf\u00e9rieur des motivations, avec 27 pour cent.<\/p>\r\n<hr \/>\r\n<h3>R\u00e9sultats en d\u00e9tail<\/h3>\r\n<p><strong>Dans votre communication externe et interne, pratiquez-vous une communication non sexiste et\/ou sensible au genre ?<\/strong><\/p>\r\n<ul>\r\n\t<li>Oui, en continu 28%<\/li>\r\n\t<li>Oui, en partie 52%<\/li>\r\n\t<li>Non, pas encore 5%<\/li>\r\n\t<li>Non, pas pr\u00e9vu non plus \u00e0 l'avenir 13%<\/li>\r\n\t<li>Non, plus \u00e0 l'avenir 2%<\/li>\r\n<\/ul>\r\n<p><strong>Quelle est, selon vous, l'importance de la langue des genres ou de la langue sensible au genre ?<\/strong><\/p>\r\n<ul>\r\n\t<li>Tr\u00e8s important 17%<\/li>\r\n\t<li>Plut\u00f4t important 32%<\/li>\r\n\t<li>Ni l'un ni l'autre 15%<\/li>\r\n\t<li>Plut\u00f4t sans importance 13%<\/li>\r\n\t<li>Totalement sans importance 22%<\/li>\r\n\t<li>Ne sait pas 1%<\/li>\r\n<\/ul>\r\n<p><strong>Votre entreprise a-t-elle des directives explicites en mati\u00e8re de langage sensible au genre ?<\/strong><\/p>\r\n<ul>\r\n\t<li>Oui 59%<\/li>\r\n\t<li>Non 40%<\/li>\r\n\t<li>Ne sait pas 1%<\/li>\r\n<\/ul>\r\n<p><strong>Pourquoi votre entreprise renonce-t-elle \u00e0 l'utilisation de la langue des genres ou de la langue sensible au genre ? (plusieurs r\u00e9ponses possibles)<\/strong><\/p>\r\n<ul>\r\n\t<li>La lisibilit\u00e9 des textes est rendue difficile 69%<\/li>\r\n\t<li>Ne correspond pas \u00e0 la conviction des responsables de la communication 45%<\/li>\r\n\t<li>Ne correspond pas aux convictions de la direction 42%<\/li>\r\n\t<li>Les employ\u00e9s refusent 41%<\/li>\r\n\t<li>Les clients refusent 36%<\/li>\r\n\t<li>Il n'y a pas de directives claires dans l'entreprise 16%<\/li>\r\n\t<li>Manque de temps pour s'occuper du sujet 8%<\/li>\r\n\t<li>Les besoins de coordination interne augmentent fortement 5%<\/li>\r\n\t<li>Le test n'a pas r\u00e9ussi 5%<\/li>\r\n\t<li>M\u00e9connaissance de la langue des genres ou de la langue sensible au genre 3%<\/li>\r\n\t<li>Peur d'un shitstorm public 2%<\/li>\r\n\t<li>Ne sait pas 3%<\/li>\r\n<\/ul>\r\n<p><strong>Pourquoi votre entreprise utilise-t-elle un langage sexu\u00e9 ou sensible au genre ? (plusieurs r\u00e9ponses possibles)<\/strong><\/p>\r\n<ul>\r\n\t<li>Conforme aux valeurs de l'entreprise 46%<\/li>\r\n\t<li>Il paie pour s'adresser \u00e0 diff\u00e9rents groupes cibles 43%<\/li>\r\n\t<li>Correspond \u00e0 la conviction des responsables de la communication 35%<\/li>\r\n\t<li>La soci\u00e9t\u00e9 l'attend 35%<\/li>\r\n\t<li>Il paie pour l'image et la r\u00e9putation de l'entreprise 33%<\/li>\r\n\t<li>Il cotise \u00e0 l'Employer Branding 32%<\/li>\r\n\t<li>Il existe des directives claires \u00e0 ce sujet dans l'entreprise 30%<\/li>\r\n\t<li>Les employ\u00e9s l'attendent 30%<\/li>\r\n\t<li>Conforme aux convictions de la direction 27%<\/li>\r\n\t<li>Les clients l'attendent 23%<\/li>\r\n\t<li>Ne sait pas 4%<\/li>\r\n<\/ul>\r\n<hr \/>\r\n<p><em>Pour le <a href=\"https:\/\/www.newsaktuell.de\/blog\/search\/?s=PR-Trendmonitor\">Moniteur de tendances PR<\/a> News Aktuell et Per ont men\u00e9 une enqu\u00eate en ligne en f\u00e9vrier 2024 aupr\u00e8s de 327 professionnels de la communication issus d'entreprises, d'organisations et d'agences de RP en Suisse et en Allemagne.<\/em><\/p>","protected":false},"excerpt":{"rendered":"<p>Les r\u00e9sultats du Trendmonitor RP 2024 de News Aktuell et PER montrent que beaucoup reconnaissent certes la pertinence d'un langage sensible au genre et que des directives correspondantes existent dans les entreprises et les agences. Toutefois, leur application manque de coh\u00e9rence, de flexibilit\u00e9 ou de simplicit\u00e9.<\/p>","protected":false},"author":8,"featured_media":0,"comment_status":"closed","ping_status":"closed","sticky":false,"template":"","format":"standard","meta":{"_acf_changed":false,"_yoast_wpseo_focuskw":"Gendersensible Kommunikation","_yoast_wpseo_metadesc":"49% halten gendersensible Kommunikation f\u00fcr wichtig. Mehrheit der Unternehmen hat bereits Richtlinien. Lesbarkeit bleibt Herausforderung.","articlekey":"","footnotes":""},"categories":[29],"tags":[4412,4343,4497,4498,459],"class_list":["post-29752","post","type-post","status-publish","format-standard","hentry","category-marketing","tag-gendergerechte-sprache","tag-markom","tag-news-aktuell","tag-per","tag-studie"],"acf":[],"yoast_head":"<!-- This site is optimized with the Yoast SEO plugin v27.5 - https:\/\/yoast.com\/product\/yoast-seo-wordpress\/ -->\n<title>Gendern in der PR noch nicht stark verbreitet - Organisator<\/title>\n<meta name=\"description\" content=\"49% halten gendersensible Kommunikation f\u00fcr wichtig. Mehrheit der Unternehmen hat bereits Richtlinien. Lesbarkeit bleibt Herausforderung.\" \/>\n<meta name=\"robots\" content=\"index, follow, max-snippet:-1, max-image-preview:large, max-video-preview:-1\" \/>\n<link rel=\"canonical\" href=\"https:\/\/www.organisator.ch\/fr\/marketing\/2024-09-11\/gendern-in-der-pr-noch-nicht-stark-verbreitet\/\" \/>\n<meta property=\"og:locale\" content=\"fr_FR\" \/>\n<meta property=\"og:type\" content=\"article\" \/>\n<meta property=\"og:title\" content=\"Gendern in der PR noch nicht stark verbreitet - Organisator\" \/>\n<meta property=\"og:description\" content=\"49% halten gendersensible Kommunikation f\u00fcr wichtig. Mehrheit der Unternehmen hat bereits Richtlinien. Lesbarkeit bleibt Herausforderung.\" \/>\n<meta property=\"og:url\" content=\"https:\/\/www.organisator.ch\/fr\/marketing\/2024-09-11\/gendern-in-der-pr-noch-nicht-stark-verbreitet\/\" \/>\n<meta property=\"og:site_name\" content=\"Organisator\" \/>\n<meta property=\"article:publisher\" content=\"https:\/\/www.facebook.com\/OrganisatorFachmagazin\" \/>\n<meta property=\"article:published_time\" content=\"2024-09-11T10:13:03+00:00\" \/>\n<meta property=\"article:modified_time\" content=\"2024-11-08T09:03:24+00:00\" \/>\n<meta property=\"og:image\" content=\"https:\/\/www.markt-kom.com\/wp-content\/uploads\/2024\/09\/gendersprache-in-der-pr-DE.jpg\" \/>\n<meta name=\"author\" content=\"galledia\" \/>\n<meta name=\"twitter:card\" content=\"summary_large_image\" \/>\n<meta name=\"twitter:creator\" content=\"@admin\" \/>\n<script type=\"application\/ld+json\" class=\"yoast-schema-graph\">{\"@context\":\"https:\\\/\\\/schema.org\",\"@graph\":[{\"@type\":\"Article\",\"@id\":\"https:\\\/\\\/www.organisator.ch\\\/marketing\\\/2024-09-11\\\/gendern-in-der-pr-noch-nicht-stark-verbreitet\\\/#article\",\"isPartOf\":{\"@id\":\"https:\\\/\\\/www.organisator.ch\\\/marketing\\\/2024-09-11\\\/gendern-in-der-pr-noch-nicht-stark-verbreitet\\\/\"},\"author\":{\"name\":\"galledia\",\"@id\":\"https:\\\/\\\/www.organisator.ch\\\/#\\\/schema\\\/person\\\/4e51799071cd2dd1232ac003643ef5f0\"},\"headline\":\"Gendern in der PR noch nicht stark verbreitet\",\"datePublished\":\"2024-09-11T10:13:03+00:00\",\"dateModified\":\"2024-11-08T09:03:24+00:00\",\"mainEntityOfPage\":{\"@id\":\"https:\\\/\\\/www.organisator.ch\\\/marketing\\\/2024-09-11\\\/gendern-in-der-pr-noch-nicht-stark-verbreitet\\\/\"},\"wordCount\":726,\"publisher\":{\"@id\":\"https:\\\/\\\/www.organisator.ch\\\/#organization\"},\"image\":{\"@id\":\"https:\\\/\\\/www.organisator.ch\\\/marketing\\\/2024-09-11\\\/gendern-in-der-pr-noch-nicht-stark-verbreitet\\\/#primaryimage\"},\"thumbnailUrl\":\"https:\\\/\\\/www.markt-kom.com\\\/wp-content\\\/uploads\\\/2024\\\/09\\\/gendersprache-in-der-pr-DE.jpg\",\"keywords\":[\"Gendergerechte Sprache\",\"MarKom\",\"News Aktuell\",\"Per\",\"Studie\"],\"articleSection\":[\"MARKETING\"],\"inLanguage\":\"fr-FR\"},{\"@type\":\"WebPage\",\"@id\":\"https:\\\/\\\/www.organisator.ch\\\/marketing\\\/2024-09-11\\\/gendern-in-der-pr-noch-nicht-stark-verbreitet\\\/\",\"url\":\"https:\\\/\\\/www.organisator.ch\\\/marketing\\\/2024-09-11\\\/gendern-in-der-pr-noch-nicht-stark-verbreitet\\\/\",\"name\":\"Gendern in der PR noch nicht stark verbreitet - Organisator\",\"isPartOf\":{\"@id\":\"https:\\\/\\\/www.organisator.ch\\\/#website\"},\"primaryImageOfPage\":{\"@id\":\"https:\\\/\\\/www.organisator.ch\\\/marketing\\\/2024-09-11\\\/gendern-in-der-pr-noch-nicht-stark-verbreitet\\\/#primaryimage\"},\"image\":{\"@id\":\"https:\\\/\\\/www.organisator.ch\\\/marketing\\\/2024-09-11\\\/gendern-in-der-pr-noch-nicht-stark-verbreitet\\\/#primaryimage\"},\"thumbnailUrl\":\"https:\\\/\\\/www.markt-kom.com\\\/wp-content\\\/uploads\\\/2024\\\/09\\\/gendersprache-in-der-pr-DE.jpg\",\"datePublished\":\"2024-09-11T10:13:03+00:00\",\"dateModified\":\"2024-11-08T09:03:24+00:00\",\"description\":\"49% halten gendersensible Kommunikation f\u00fcr wichtig. Mehrheit der Unternehmen hat bereits Richtlinien. Lesbarkeit bleibt Herausforderung.\",\"breadcrumb\":{\"@id\":\"https:\\\/\\\/www.organisator.ch\\\/marketing\\\/2024-09-11\\\/gendern-in-der-pr-noch-nicht-stark-verbreitet\\\/#breadcrumb\"},\"inLanguage\":\"fr-FR\",\"potentialAction\":[{\"@type\":\"ReadAction\",\"target\":[\"https:\\\/\\\/www.organisator.ch\\\/marketing\\\/2024-09-11\\\/gendern-in-der-pr-noch-nicht-stark-verbreitet\\\/\"]}]},{\"@type\":\"ImageObject\",\"inLanguage\":\"fr-FR\",\"@id\":\"https:\\\/\\\/www.organisator.ch\\\/marketing\\\/2024-09-11\\\/gendern-in-der-pr-noch-nicht-stark-verbreitet\\\/#primaryimage\",\"url\":\"https:\\\/\\\/www.markt-kom.com\\\/wp-content\\\/uploads\\\/2024\\\/09\\\/gendersprache-in-der-pr-DE.jpg\",\"contentUrl\":\"https:\\\/\\\/www.markt-kom.com\\\/wp-content\\\/uploads\\\/2024\\\/09\\\/gendersprache-in-der-pr-DE.jpg\"},{\"@type\":\"BreadcrumbList\",\"@id\":\"https:\\\/\\\/www.organisator.ch\\\/marketing\\\/2024-09-11\\\/gendern-in-der-pr-noch-nicht-stark-verbreitet\\\/#breadcrumb\",\"itemListElement\":[{\"@type\":\"ListItem\",\"position\":1,\"name\":\"Home\",\"item\":\"https:\\\/\\\/www.organisator.ch\\\/\"},{\"@type\":\"ListItem\",\"position\":2,\"name\":\"Gendern in der PR noch nicht stark verbreitet\"}]},{\"@type\":\"WebSite\",\"@id\":\"https:\\\/\\\/www.organisator.ch\\\/#website\",\"url\":\"https:\\\/\\\/www.organisator.ch\\\/\",\"name\":\"Organisator\",\"description\":\"Kompetent. Praxisnah. Der ORGANISATOR bereitet in 10 Ausgaben pro Jahr die wesentlichen Themen f\u00fcr F\u00fchrungskr\u00e4fte von KMU auf.\",\"publisher\":{\"@id\":\"https:\\\/\\\/www.organisator.ch\\\/#organization\"},\"potentialAction\":[{\"@type\":\"SearchAction\",\"target\":{\"@type\":\"EntryPoint\",\"urlTemplate\":\"https:\\\/\\\/www.organisator.ch\\\/?s={search_term_string}\"},\"query-input\":{\"@type\":\"PropertyValueSpecification\",\"valueRequired\":true,\"valueName\":\"search_term_string\"}}],\"inLanguage\":\"fr-FR\"},{\"@type\":\"Organization\",\"@id\":\"https:\\\/\\\/www.organisator.ch\\\/#organization\",\"name\":\"Organisator\",\"url\":\"https:\\\/\\\/www.organisator.ch\\\/\",\"logo\":{\"@type\":\"ImageObject\",\"inLanguage\":\"fr-FR\",\"@id\":\"https:\\\/\\\/www.organisator.ch\\\/#\\\/schema\\\/logo\\\/image\\\/\",\"url\":\"https:\\\/\\\/www.organisator.ch\\\/wp-content\\\/uploads\\\/2022\\\/01\\\/Logo_Organisator_Website.png\",\"contentUrl\":\"https:\\\/\\\/www.organisator.ch\\\/wp-content\\\/uploads\\\/2022\\\/01\\\/Logo_Organisator_Website.png\",\"width\":800,\"height\":77,\"caption\":\"Organisator\"},\"image\":{\"@id\":\"https:\\\/\\\/www.organisator.ch\\\/#\\\/schema\\\/logo\\\/image\\\/\"},\"sameAs\":[\"https:\\\/\\\/www.facebook.com\\\/OrganisatorFachmagazin\",\"https:\\\/\\\/www.linkedin.com\\\/showcase\\\/organisator-das-magazin-fr-kmu\",\"https:\\\/\\\/www.xing.com\\\/news\\\/pages\\\/organisator-ch-695\",\"https:\\\/\\\/www.youtube.com\\\/channel\\\/UCGP2Sq0iWaZwT3BdIAQFYpw\"]},{\"@type\":\"Person\",\"@id\":\"https:\\\/\\\/www.organisator.ch\\\/#\\\/schema\\\/person\\\/4e51799071cd2dd1232ac003643ef5f0\",\"name\":\"galledia\",\"image\":{\"@type\":\"ImageObject\",\"inLanguage\":\"fr-FR\",\"@id\":\"https:\\\/\\\/secure.gravatar.com\\\/avatar\\\/78a7f90c01fc2bfc875782a0d4922b37cde2cf184ce347b91316d23cd7f69a36?s=96&d=mm&r=g\",\"url\":\"https:\\\/\\\/secure.gravatar.com\\\/avatar\\\/78a7f90c01fc2bfc875782a0d4922b37cde2cf184ce347b91316d23cd7f69a36?s=96&d=mm&r=g\",\"contentUrl\":\"https:\\\/\\\/secure.gravatar.com\\\/avatar\\\/78a7f90c01fc2bfc875782a0d4922b37cde2cf184ce347b91316d23cd7f69a36?s=96&d=mm&r=g\",\"caption\":\"galledia\"},\"sameAs\":[\"https:\\\/\\\/x.com\\\/admin\"],\"url\":\"https:\\\/\\\/www.organisator.ch\\\/fr\\\/author\\\/galledia\\\/\"}]}<\/script>\n<!-- \/ Yoast SEO plugin. -->","yoast_head_json":{"title":"Le genre dans les RP n'est pas encore tr\u00e8s r\u00e9pandu - Organisateur","description":"49% consid\u00e8rent que la communication sensible au genre est importante. La majorit\u00e9 des entreprises ont d\u00e9j\u00e0 des directives. La lisibilit\u00e9 reste un d\u00e9fi.","robots":{"index":"index","follow":"follow","max-snippet":"max-snippet:-1","max-image-preview":"max-image-preview:large","max-video-preview":"max-video-preview:-1"},"canonical":"https:\/\/www.organisator.ch\/fr\/marketing\/2024-09-11\/gendern-in-der-pr-noch-nicht-stark-verbreitet\/","og_locale":"fr_FR","og_type":"article","og_title":"Gendern in der PR noch nicht stark verbreitet - Organisator","og_description":"49% halten gendersensible Kommunikation f\u00fcr wichtig. Mehrheit der Unternehmen hat bereits Richtlinien. Lesbarkeit bleibt Herausforderung.","og_url":"https:\/\/www.organisator.ch\/fr\/marketing\/2024-09-11\/gendern-in-der-pr-noch-nicht-stark-verbreitet\/","og_site_name":"Organisator","article_publisher":"https:\/\/www.facebook.com\/OrganisatorFachmagazin","article_published_time":"2024-09-11T10:13:03+00:00","article_modified_time":"2024-11-08T09:03:24+00:00","og_image":[{"url":"https:\/\/www.markt-kom.com\/wp-content\/uploads\/2024\/09\/gendersprache-in-der-pr-DE.jpg","type":"","width":"","height":""}],"author":"galledia","twitter_card":"summary_large_image","twitter_creator":"@admin","schema":{"@context":"https:\/\/schema.org","@graph":[{"@type":"Article","@id":"https:\/\/www.organisator.ch\/marketing\/2024-09-11\/gendern-in-der-pr-noch-nicht-stark-verbreitet\/#article","isPartOf":{"@id":"https:\/\/www.organisator.ch\/marketing\/2024-09-11\/gendern-in-der-pr-noch-nicht-stark-verbreitet\/"},"author":{"name":"galledia","@id":"https:\/\/www.organisator.ch\/#\/schema\/person\/4e51799071cd2dd1232ac003643ef5f0"},"headline":"Gendern in der PR noch nicht stark verbreitet","datePublished":"2024-09-11T10:13:03+00:00","dateModified":"2024-11-08T09:03:24+00:00","mainEntityOfPage":{"@id":"https:\/\/www.organisator.ch\/marketing\/2024-09-11\/gendern-in-der-pr-noch-nicht-stark-verbreitet\/"},"wordCount":726,"publisher":{"@id":"https:\/\/www.organisator.ch\/#organization"},"image":{"@id":"https:\/\/www.organisator.ch\/marketing\/2024-09-11\/gendern-in-der-pr-noch-nicht-stark-verbreitet\/#primaryimage"},"thumbnailUrl":"https:\/\/www.markt-kom.com\/wp-content\/uploads\/2024\/09\/gendersprache-in-der-pr-DE.jpg","keywords":["Gendergerechte Sprache","MarKom","News Aktuell","Per","Studie"],"articleSection":["MARKETING"],"inLanguage":"fr-FR"},{"@type":"WebPage","@id":"https:\/\/www.organisator.ch\/marketing\/2024-09-11\/gendern-in-der-pr-noch-nicht-stark-verbreitet\/","url":"https:\/\/www.organisator.ch\/marketing\/2024-09-11\/gendern-in-der-pr-noch-nicht-stark-verbreitet\/","name":"Le genre dans les RP n'est pas encore tr\u00e8s r\u00e9pandu - Organisateur","isPartOf":{"@id":"https:\/\/www.organisator.ch\/#website"},"primaryImageOfPage":{"@id":"https:\/\/www.organisator.ch\/marketing\/2024-09-11\/gendern-in-der-pr-noch-nicht-stark-verbreitet\/#primaryimage"},"image":{"@id":"https:\/\/www.organisator.ch\/marketing\/2024-09-11\/gendern-in-der-pr-noch-nicht-stark-verbreitet\/#primaryimage"},"thumbnailUrl":"https:\/\/www.markt-kom.com\/wp-content\/uploads\/2024\/09\/gendersprache-in-der-pr-DE.jpg","datePublished":"2024-09-11T10:13:03+00:00","dateModified":"2024-11-08T09:03:24+00:00","description":"49% consid\u00e8rent que la communication sensible au genre est importante. La majorit\u00e9 des entreprises ont d\u00e9j\u00e0 des directives. La lisibilit\u00e9 reste un d\u00e9fi.","breadcrumb":{"@id":"https:\/\/www.organisator.ch\/marketing\/2024-09-11\/gendern-in-der-pr-noch-nicht-stark-verbreitet\/#breadcrumb"},"inLanguage":"fr-FR","potentialAction":[{"@type":"ReadAction","target":["https:\/\/www.organisator.ch\/marketing\/2024-09-11\/gendern-in-der-pr-noch-nicht-stark-verbreitet\/"]}]},{"@type":"ImageObject","inLanguage":"fr-FR","@id":"https:\/\/www.organisator.ch\/marketing\/2024-09-11\/gendern-in-der-pr-noch-nicht-stark-verbreitet\/#primaryimage","url":"https:\/\/www.markt-kom.com\/wp-content\/uploads\/2024\/09\/gendersprache-in-der-pr-DE.jpg","contentUrl":"https:\/\/www.markt-kom.com\/wp-content\/uploads\/2024\/09\/gendersprache-in-der-pr-DE.jpg"},{"@type":"BreadcrumbList","@id":"https:\/\/www.organisator.ch\/marketing\/2024-09-11\/gendern-in-der-pr-noch-nicht-stark-verbreitet\/#breadcrumb","itemListElement":[{"@type":"ListItem","position":1,"name":"Home","item":"https:\/\/www.organisator.ch\/"},{"@type":"ListItem","position":2,"name":"Gendern in der PR noch nicht stark verbreitet"}]},{"@type":"WebSite","@id":"https:\/\/www.organisator.ch\/#website","url":"https:\/\/www.organisator.ch\/","name":"Organisateur","description":"Comp\u00e9tence et comp\u00e9tence. Proches de la pratique. L'ORGANISATEUR pr\u00e9pare 10 num\u00e9ros par an sur les th\u00e8mes essentiels pour les dirigeants de PME.","publisher":{"@id":"https:\/\/www.organisator.ch\/#organization"},"potentialAction":[{"@type":"SearchAction","target":{"@type":"EntryPoint","urlTemplate":"https:\/\/www.organisator.ch\/?s={search_term_string}"},"query-input":{"@type":"PropertyValueSpecification","valueRequired":true,"valueName":"search_term_string"}}],"inLanguage":"fr-FR"},{"@type":"Organization","@id":"https:\/\/www.organisator.ch\/#organization","name":"Organisateur","url":"https:\/\/www.organisator.ch\/","logo":{"@type":"ImageObject","inLanguage":"fr-FR","@id":"https:\/\/www.organisator.ch\/#\/schema\/logo\/image\/","url":"https:\/\/www.organisator.ch\/wp-content\/uploads\/2022\/01\/Logo_Organisator_Website.png","contentUrl":"https:\/\/www.organisator.ch\/wp-content\/uploads\/2022\/01\/Logo_Organisator_Website.png","width":800,"height":77,"caption":"Organisator"},"image":{"@id":"https:\/\/www.organisator.ch\/#\/schema\/logo\/image\/"},"sameAs":["https:\/\/www.facebook.com\/OrganisatorFachmagazin","https:\/\/www.linkedin.com\/showcase\/organisator-das-magazin-fr-kmu","https:\/\/www.xing.com\/news\/pages\/organisator-ch-695","https:\/\/www.youtube.com\/channel\/UCGP2Sq0iWaZwT3BdIAQFYpw"]},{"@type":"Person","@id":"https:\/\/www.organisator.ch\/#\/schema\/person\/4e51799071cd2dd1232ac003643ef5f0","name":"galledia","image":{"@type":"ImageObject","inLanguage":"fr-FR","@id":"https:\/\/secure.gravatar.com\/avatar\/78a7f90c01fc2bfc875782a0d4922b37cde2cf184ce347b91316d23cd7f69a36?s=96&d=mm&r=g","url":"https:\/\/secure.gravatar.com\/avatar\/78a7f90c01fc2bfc875782a0d4922b37cde2cf184ce347b91316d23cd7f69a36?s=96&d=mm&r=g","contentUrl":"https:\/\/secure.gravatar.com\/avatar\/78a7f90c01fc2bfc875782a0d4922b37cde2cf184ce347b91316d23cd7f69a36?s=96&d=mm&r=g","caption":"galledia"},"sameAs":["https:\/\/x.com\/admin"],"url":"https:\/\/www.organisator.ch\/fr\/author\/galledia\/"}]}},"_links":{"self":[{"href":"https:\/\/www.organisator.ch\/fr\/wp-json\/wp\/v2\/posts\/29752","targetHints":{"allow":["GET"]}}],"collection":[{"href":"https:\/\/www.organisator.ch\/fr\/wp-json\/wp\/v2\/posts"}],"about":[{"href":"https:\/\/www.organisator.ch\/fr\/wp-json\/wp\/v2\/types\/post"}],"author":[{"embeddable":true,"href":"https:\/\/www.organisator.ch\/fr\/wp-json\/wp\/v2\/users\/8"}],"replies":[{"embeddable":true,"href":"https:\/\/www.organisator.ch\/fr\/wp-json\/wp\/v2\/comments?post=29752"}],"version-history":[{"count":3,"href":"https:\/\/www.organisator.ch\/fr\/wp-json\/wp\/v2\/posts\/29752\/revisions"}],"predecessor-version":[{"id":31952,"href":"https:\/\/www.organisator.ch\/fr\/wp-json\/wp\/v2\/posts\/29752\/revisions\/31952"}],"wp:attachment":[{"href":"https:\/\/www.organisator.ch\/fr\/wp-json\/wp\/v2\/media?parent=29752"}],"wp:term":[{"taxonomy":"category","embeddable":true,"href":"https:\/\/www.organisator.ch\/fr\/wp-json\/wp\/v2\/categories?post=29752"},{"taxonomy":"post_tag","embeddable":true,"href":"https:\/\/www.organisator.ch\/fr\/wp-json\/wp\/v2\/tags?post=29752"}],"curies":[{"name":"wp","href":"https:\/\/api.w.org\/{rel}","templated":true}]}}