{"id":29772,"date":"2024-09-13T09:31:17","date_gmt":"2024-09-13T07:31:17","guid":{"rendered":"https:\/\/www.organisator.ch\/?p=29772"},"modified":"2024-09-12T11:01:33","modified_gmt":"2024-09-12T09:01:33","slug":"studienstart-an-der-hes-so-mit-fast-21-000-studierenden","status":"publish","type":"post","link":"https:\/\/www.organisator.ch\/fr\/weiterbildung\/2024-09-13\/studienstart-an-der-hes-so-mit-fast-21-000-studierenden\/","title":{"rendered":"D\u00e9but des \u00e9tudes \u00e0 la HES-SO avec pr\u00e8s de 21 000 \u00e9tudiants"},"content":{"rendered":"<figure id=\"attachment_29774\" aria-describedby=\"caption-attachment-29774\" style=\"width: 680px\" class=\"wp-caption alignnone\"><img loading=\"lazy\" decoding=\"async\" class=\"size-full wp-image-29774\" src=\"https:\/\/www.organisator.ch\/wp-content\/uploads\/2024\/09\/HES-SO_Bild1_ps.jpg\" alt=\"\" width=\"680\" height=\"431\" srcset=\"https:\/\/www.organisator.ch\/wp-content\/uploads\/2024\/09\/HES-SO_Bild1_ps.jpg 680w, https:\/\/www.organisator.ch\/wp-content\/uploads\/2024\/09\/HES-SO_Bild1_ps-18x12.jpg 18w, https:\/\/www.organisator.ch\/wp-content\/uploads\/2024\/09\/HES-SO_Bild1_ps-375x238.jpg 375w, https:\/\/www.organisator.ch\/wp-content\/uploads\/2024\/09\/HES-SO_Bild1_ps-552x350.jpg 552w\" sizes=\"auto, (max-width: 680px) 100vw, 680px\" \/><figcaption id=\"caption-attachment-29774\" class=\"wp-caption-text\">Pr\u00e8s de 21'000 \u00e9tudiant-e-s entameront la nouvelle ann\u00e9e acad\u00e9mique d\u00e8s le 16 septembre 2024 dans les 28 hautes \u00e9coles de la HES-SO en Suisse romande. (Image : www.depositphotos.com)<\/figcaption><\/figure>\n<p>Le master Integrated Innovation for Product and Business Development (Innokick) est embl\u00e9matique de ce nouveau d\u00e9part : le programme de ce cursus ax\u00e9 sur l'innovation a \u00e9t\u00e9 enti\u00e8rement remani\u00e9 pour l'ann\u00e9e acad\u00e9mique \u00e0 venir. Auparavant, il \u00e9tait r\u00e9serv\u00e9 aux titulaires d'un bachelor dans les domaines de l'ing\u00e9nierie et de l'architecture, de l'\u00e9conomie et des services ou du design et des arts visuels. D\u00e8s la prochaine ann\u00e9e acad\u00e9mique, il sera \u00e9galement ouvert aux \u00e9tudiant-e-s des trois autres domaines d'\u00e9tudes de la HES-SO (musique et arts de la sc\u00e8ne, sant\u00e9, travail social), qui b\u00e9n\u00e9ficieront ainsi d'un apport encore plus diversifi\u00e9 dans le processus cr\u00e9atif. De plus, le master Innokick pourra \u00e0 l'avenir \u00eatre suivi non seulement \u00e0 plein temps, mais aussi \u00e0 temps partiel.<\/p>\n<p>L'offre a \u00e9galement \u00e9t\u00e9 \u00e9largie dans la fili\u00e8re d'\u00e9tudes en soins infirmiers : Il est d\u00e9sormais possible d'\u00e9tudier \u00e0 temps partiel non seulement \u00e0 la Haute \u00e9cole de sant\u00e9 Fribourg (HEdS-FR), o\u00f9 cette option est propos\u00e9e depuis un an, mais aussi \u00e0 la Haute \u00e9cole de sant\u00e9 Gen\u00e8ve (HEdS-Gen\u00e8ve) et \u00e0 la Haute \u00e9cole de sant\u00e9 Valais-Wallis (HEdS). En outre, la fili\u00e8re de sage-femme de la Haute \u00e9cole de sant\u00e9 Vaud (HESAV) est \u00e9galement propos\u00e9e \u00e0 temps partiel. L'assouplissement des \u00e9tudes s'adresse avant tout aux personnes qui, pour des raisons personnelles ou professionnelles, ne peuvent pas facilement suivre des \u00e9tudes \u00e0 plein temps.<\/p>\n<p>Les hautes \u00e9coles du domaine de la sant\u00e9 ont \u00e9galement largement recours \u00e0 l'e-portfolio : un dossier en ligne utilis\u00e9 par les \u00e9tudiants pour documenter leurs travaux, leurs r\u00e9flexions et leur d\u00e9veloppement personnel et professionnel. L'e-portfolio r\u00e9pond \u00e0 l'\u00e9volution des formations de plus en plus modulaires et de plus en plus libres, et constitue un outil p\u00e9dagogique pour les enseignants et les formateurs, gr\u00e2ce auquel ils peuvent suivre et \u00e9valuer en ligne les progr\u00e8s des \u00e9tudiants. L'e-portfolio est \u00e9galement appel\u00e9 \u00e0 devenir un \u00e9l\u00e9ment central du dossier de candidature lors de la recherche d'un emploi.<\/p>\n<h3><strong>des formations ax\u00e9es sur les besoins du monde professionnel<\/strong><\/h3>\n<p>La proximit\u00e9 avec le monde professionnel est notamment renforc\u00e9e par une collaboration accrue avec des entreprises partenaires. C'est le cas par exemple \u00e0 l'Ecole d'ing\u00e9nieurs et d'architectes de Fribourg (HEIA-FR), qui propose un nouveau cours pour les dipl\u00f4m\u00e9-e-s de 2e ann\u00e9e en g\u00e9nie m\u00e9canique, g\u00e9nie \u00e9lectrique et informatique et syst\u00e8mes de communication, d\u00e9velopp\u00e9 en collaboration avec le Groupe E, producteur et distributeur d'\u00e9nergie. Ce cours, consacr\u00e9 \u00e0 des th\u00e8mes \u00e0 l'interface entre l'optimisation des flux thermiques, l'\u00e9lectricit\u00e9 et les nouvelles technologies informatiques, permet aux \u00e9tudiants de travailler de mani\u00e8re interdisciplinaire sur des projets concrets. Il vise \u00e9galement \u00e0 les motiver \u00e0 poursuivre, tout au long de la nouvelle ann\u00e9e acad\u00e9mique, des projets en \u00e9quipes interdisciplinaires et en collaboration avec les collectivit\u00e9s et entreprises partenaires.<\/p>\n<p>Le Master of Science in Business Administration (MSc BA) a \u00e9galement \u00e9t\u00e9 adapt\u00e9 aux besoins changeants de l'\u00e9conomie et de la soci\u00e9t\u00e9 et tient notamment compte des d\u00e9fis li\u00e9s \u00e0 la durabilit\u00e9 et \u00e0 la num\u00e9risation. Le profil de comp\u00e9tences ainsi que le plan d'\u00e9tudes cadre du master ont \u00e9t\u00e9 enti\u00e8rement revus.<\/p>\n<h3><strong>Nombre d'\u00e9tudiants au d\u00e9but de l'ann\u00e9e universitaire 2024\/2025\u00a0<\/strong><\/h3>\n<p>Les inscriptions au bachelor enregistrent un l\u00e9ger recul, sauf dans les fili\u00e8res artistiques, compens\u00e9 pour moiti\u00e9 par l'augmentation continue du nombre d'inscriptions au master depuis trois ans. Au total, plus de 17'800 \u00e9tudiant-e-s entameront des \u00e9tudes de bachelor et plus de 2600 des \u00e9tudes de master dans l'un des six domaines d'\u00e9tudes de la HES-SO. La plus grande HES de Suisse comptera ainsi pr\u00e8s de 21'000 \u00e9tudiant-e-s \u00e0 la rentr\u00e9e 2024\/2025.<\/p>\n<p><em>Source : <a href=\"http:\/\/www.hes-so.ch\">www.hes-so.ch<\/a><\/em><\/p>","protected":false},"excerpt":{"rendered":"<p>Pr\u00e8s de 21'000 \u00e9tudiantes et \u00e9tudiants aborderont la semaine du 16 septembre 2024 la nouvelle ann\u00e9e acad\u00e9mique dans l'une des 28 hautes \u00e9coles de la HES-SO r\u00e9parties dans toute la Suisse romande. Des nouveaut\u00e9s ont \u00e9t\u00e9 apport\u00e9es dans certaines fili\u00e8res : plus de possibilit\u00e9s de flexibilisation des \u00e9tudes, une ouverture \u00e0 de nouveaux publics ou encore une proximit\u00e9 accrue avec le monde professionnel.<\/p>","protected":false},"author":58,"featured_media":29774,"comment_status":"closed","ping_status":"closed","sticky":false,"template":"","format":"standard","meta":{"_acf_changed":false,"_yoast_wpseo_focuskw":"HES-SO","_yoast_wpseo_metadesc":"Fast 21'000 Studentinnen und Studenten werden in der Woche vom 16. September 2024 in der gesamten Westschweiz das neue Studienjahr in Angriff nehmen.","articlekey":"","footnotes":""},"categories":[30],"tags":[62,4500,460],"class_list":["post-29772","post","type-post","status-publish","format-standard","has-post-thumbnail","hentry","category-weiterbildung","tag-aus-weiterbildung","tag-hes-so","tag-studien"],"acf":[],"yoast_head":"<!-- This site is optimized with the Yoast SEO plugin v27.4 - https:\/\/yoast.com\/product\/yoast-seo-wordpress\/ -->\n<title>Studienstart an der HES-SO mit fast 21.000 Studierenden - Organisator<\/title>\n<meta name=\"description\" content=\"Fast 21&#039;000 Studentinnen und Studenten werden in der Woche vom 16. September 2024 in der gesamten Westschweiz das neue Studienjahr in Angriff nehmen.\" \/>\n<meta name=\"robots\" content=\"index, follow, max-snippet:-1, max-image-preview:large, max-video-preview:-1\" \/>\n<link rel=\"canonical\" href=\"https:\/\/www.organisator.ch\/fr\/formation-continue-2\/2024-09-13\/studienstart-an-der-hes-so-mit-fast-21-000-studierenden\/\" \/>\n<meta property=\"og:locale\" content=\"fr_FR\" \/>\n<meta property=\"og:type\" content=\"article\" \/>\n<meta property=\"og:title\" content=\"Studienstart an der HES-SO mit fast 21.000 Studierenden\" \/>\n<meta property=\"og:description\" content=\"Fast 21&#039;000 Studentinnen und Studenten werden in der Woche vom 16. September 2024 in der gesamten Westschweiz das neue Studienjahr in Angriff nehmen.\" \/>\n<meta property=\"og:url\" content=\"https:\/\/www.organisator.ch\/fr\/formation-continue-2\/2024-09-13\/studienstart-an-der-hes-so-mit-fast-21-000-studierenden\/\" \/>\n<meta property=\"og:site_name\" content=\"Organisator\" \/>\n<meta property=\"article:publisher\" content=\"https:\/\/www.facebook.com\/OrganisatorFachmagazin\" \/>\n<meta property=\"article:published_time\" content=\"2024-09-13T07:31:17+00:00\" \/>\n<meta property=\"og:image\" content=\"https:\/\/www.organisator.ch\/wp-content\/uploads\/2024\/09\/HES-SO_Bild1_ps.jpg\" \/>\n\t<meta property=\"og:image:width\" content=\"680\" \/>\n\t<meta property=\"og:image:height\" content=\"431\" \/>\n\t<meta property=\"og:image:type\" content=\"image\/jpeg\" \/>\n<meta name=\"author\" content=\"Adelisa Kalajdzini\" \/>\n<meta name=\"twitter:card\" content=\"summary_large_image\" \/>\n<meta name=\"twitter:title\" content=\"Studienstart an der HES-SO mit fast 21.000 Studierenden\" \/>\n<meta name=\"twitter:description\" content=\"Fast 21&#039;000 #Studentinnen und #Studenten werden in der Woche vom 16. September 2024 in der gesamten #Westschweiz das neue #Studienjahr in Angriff nehmen.\" \/>\n<meta name=\"twitter:image\" content=\"https:\/\/www.organisator.ch\/wp-content\/uploads\/2024\/09\/HES-SO_Bild1_ps.jpg\" \/>\n<script type=\"application\/ld+json\" class=\"yoast-schema-graph\">{\"@context\":\"https:\\\/\\\/schema.org\",\"@graph\":[{\"@type\":\"Article\",\"@id\":\"https:\\\/\\\/www.organisator.ch\\\/weiterbildung\\\/2024-09-13\\\/studienstart-an-der-hes-so-mit-fast-21-000-studierenden\\\/#article\",\"isPartOf\":{\"@id\":\"https:\\\/\\\/www.organisator.ch\\\/weiterbildung\\\/2024-09-13\\\/studienstart-an-der-hes-so-mit-fast-21-000-studierenden\\\/\"},\"author\":{\"name\":\"Adelisa Kalajdzini\",\"@id\":\"https:\\\/\\\/www.organisator.ch\\\/#\\\/schema\\\/person\\\/2e1314a2172123f874db408d8911d3f3\"},\"headline\":\"Studienstart an der HES-SO mit fast 21.000 Studierenden\",\"datePublished\":\"2024-09-13T07:31:17+00:00\",\"mainEntityOfPage\":{\"@id\":\"https:\\\/\\\/www.organisator.ch\\\/weiterbildung\\\/2024-09-13\\\/studienstart-an-der-hes-so-mit-fast-21-000-studierenden\\\/\"},\"wordCount\":581,\"publisher\":{\"@id\":\"https:\\\/\\\/www.organisator.ch\\\/#organization\"},\"image\":{\"@id\":\"https:\\\/\\\/www.organisator.ch\\\/weiterbildung\\\/2024-09-13\\\/studienstart-an-der-hes-so-mit-fast-21-000-studierenden\\\/#primaryimage\"},\"thumbnailUrl\":\"https:\\\/\\\/www.organisator.ch\\\/wp-content\\\/uploads\\\/2024\\\/09\\\/HES-SO_Bild1_ps.jpg\",\"keywords\":[\"Aus-\\\/Weiterbildung\",\"HES-SO\",\"Studien\"],\"articleSection\":[\"WEITERBILDUNG\"],\"inLanguage\":\"fr-FR\"},{\"@type\":\"WebPage\",\"@id\":\"https:\\\/\\\/www.organisator.ch\\\/weiterbildung\\\/2024-09-13\\\/studienstart-an-der-hes-so-mit-fast-21-000-studierenden\\\/\",\"url\":\"https:\\\/\\\/www.organisator.ch\\\/weiterbildung\\\/2024-09-13\\\/studienstart-an-der-hes-so-mit-fast-21-000-studierenden\\\/\",\"name\":\"Studienstart an der HES-SO mit fast 21.000 Studierenden - Organisator\",\"isPartOf\":{\"@id\":\"https:\\\/\\\/www.organisator.ch\\\/#website\"},\"primaryImageOfPage\":{\"@id\":\"https:\\\/\\\/www.organisator.ch\\\/weiterbildung\\\/2024-09-13\\\/studienstart-an-der-hes-so-mit-fast-21-000-studierenden\\\/#primaryimage\"},\"image\":{\"@id\":\"https:\\\/\\\/www.organisator.ch\\\/weiterbildung\\\/2024-09-13\\\/studienstart-an-der-hes-so-mit-fast-21-000-studierenden\\\/#primaryimage\"},\"thumbnailUrl\":\"https:\\\/\\\/www.organisator.ch\\\/wp-content\\\/uploads\\\/2024\\\/09\\\/HES-SO_Bild1_ps.jpg\",\"datePublished\":\"2024-09-13T07:31:17+00:00\",\"description\":\"Fast 21'000 Studentinnen und Studenten werden in der Woche vom 16. September 2024 in der gesamten Westschweiz das neue Studienjahr in Angriff nehmen.\",\"breadcrumb\":{\"@id\":\"https:\\\/\\\/www.organisator.ch\\\/weiterbildung\\\/2024-09-13\\\/studienstart-an-der-hes-so-mit-fast-21-000-studierenden\\\/#breadcrumb\"},\"inLanguage\":\"fr-FR\",\"potentialAction\":[{\"@type\":\"ReadAction\",\"target\":[\"https:\\\/\\\/www.organisator.ch\\\/weiterbildung\\\/2024-09-13\\\/studienstart-an-der-hes-so-mit-fast-21-000-studierenden\\\/\"]}]},{\"@type\":\"ImageObject\",\"inLanguage\":\"fr-FR\",\"@id\":\"https:\\\/\\\/www.organisator.ch\\\/weiterbildung\\\/2024-09-13\\\/studienstart-an-der-hes-so-mit-fast-21-000-studierenden\\\/#primaryimage\",\"url\":\"https:\\\/\\\/www.organisator.ch\\\/wp-content\\\/uploads\\\/2024\\\/09\\\/HES-SO_Bild1_ps.jpg\",\"contentUrl\":\"https:\\\/\\\/www.organisator.ch\\\/wp-content\\\/uploads\\\/2024\\\/09\\\/HES-SO_Bild1_ps.jpg\",\"width\":680,\"height\":431,\"caption\":\"Rund 21'000 Studierende starten ab dem 16. September 2024 an den 28 Hochschulen der HES-SO in der Westschweiz ins neue Studienjahr. (Bild: www.depositphotos.com)\"},{\"@type\":\"BreadcrumbList\",\"@id\":\"https:\\\/\\\/www.organisator.ch\\\/weiterbildung\\\/2024-09-13\\\/studienstart-an-der-hes-so-mit-fast-21-000-studierenden\\\/#breadcrumb\",\"itemListElement\":[{\"@type\":\"ListItem\",\"position\":1,\"name\":\"Home\",\"item\":\"https:\\\/\\\/www.organisator.ch\\\/\"},{\"@type\":\"ListItem\",\"position\":2,\"name\":\"Studienstart an der HES-SO mit fast 21.000 Studierenden\"}]},{\"@type\":\"WebSite\",\"@id\":\"https:\\\/\\\/www.organisator.ch\\\/#website\",\"url\":\"https:\\\/\\\/www.organisator.ch\\\/\",\"name\":\"Organisator\",\"description\":\"Kompetent. Praxisnah. Der ORGANISATOR bereitet in 10 Ausgaben pro Jahr die wesentlichen Themen f\u00fcr F\u00fchrungskr\u00e4fte von KMU auf.\",\"publisher\":{\"@id\":\"https:\\\/\\\/www.organisator.ch\\\/#organization\"},\"potentialAction\":[{\"@type\":\"SearchAction\",\"target\":{\"@type\":\"EntryPoint\",\"urlTemplate\":\"https:\\\/\\\/www.organisator.ch\\\/?s={search_term_string}\"},\"query-input\":{\"@type\":\"PropertyValueSpecification\",\"valueRequired\":true,\"valueName\":\"search_term_string\"}}],\"inLanguage\":\"fr-FR\"},{\"@type\":\"Organization\",\"@id\":\"https:\\\/\\\/www.organisator.ch\\\/#organization\",\"name\":\"Organisator\",\"url\":\"https:\\\/\\\/www.organisator.ch\\\/\",\"logo\":{\"@type\":\"ImageObject\",\"inLanguage\":\"fr-FR\",\"@id\":\"https:\\\/\\\/www.organisator.ch\\\/#\\\/schema\\\/logo\\\/image\\\/\",\"url\":\"https:\\\/\\\/www.organisator.ch\\\/wp-content\\\/uploads\\\/2022\\\/01\\\/Logo_Organisator_Website.png\",\"contentUrl\":\"https:\\\/\\\/www.organisator.ch\\\/wp-content\\\/uploads\\\/2022\\\/01\\\/Logo_Organisator_Website.png\",\"width\":800,\"height\":77,\"caption\":\"Organisator\"},\"image\":{\"@id\":\"https:\\\/\\\/www.organisator.ch\\\/#\\\/schema\\\/logo\\\/image\\\/\"},\"sameAs\":[\"https:\\\/\\\/www.facebook.com\\\/OrganisatorFachmagazin\",\"https:\\\/\\\/www.linkedin.com\\\/showcase\\\/organisator-das-magazin-fr-kmu\",\"https:\\\/\\\/www.xing.com\\\/news\\\/pages\\\/organisator-ch-695\",\"https:\\\/\\\/www.youtube.com\\\/channel\\\/UCGP2Sq0iWaZwT3BdIAQFYpw\"]},{\"@type\":\"Person\",\"@id\":\"https:\\\/\\\/www.organisator.ch\\\/#\\\/schema\\\/person\\\/2e1314a2172123f874db408d8911d3f3\",\"name\":\"Adelisa Kalajdzini\",\"image\":{\"@type\":\"ImageObject\",\"inLanguage\":\"fr-FR\",\"@id\":\"https:\\\/\\\/secure.gravatar.com\\\/avatar\\\/09a397c22ac58cad6f160ee8306348599df9df58a8ede73696226897b9fa4b24?s=96&d=mm&r=g\",\"url\":\"https:\\\/\\\/secure.gravatar.com\\\/avatar\\\/09a397c22ac58cad6f160ee8306348599df9df58a8ede73696226897b9fa4b24?s=96&d=mm&r=g\",\"contentUrl\":\"https:\\\/\\\/secure.gravatar.com\\\/avatar\\\/09a397c22ac58cad6f160ee8306348599df9df58a8ede73696226897b9fa4b24?s=96&d=mm&r=g\",\"caption\":\"Adelisa Kalajdzini\"},\"url\":\"https:\\\/\\\/www.organisator.ch\\\/fr\\\/author\\\/adelisa-kalajdzini\\\/\"}]}<\/script>\n<!-- \/ Yoast SEO plugin. -->","yoast_head_json":{"title":"D\u00e9but des \u00e9tudes \u00e0 la HES-SO avec pr\u00e8s de 21 000 \u00e9tudiants - Organisateur","description":"Pr\u00e8s de 21'000 \u00e9tudiantes et \u00e9tudiants entameront la nouvelle ann\u00e9e acad\u00e9mique dans toute la Suisse romande durant la semaine du 16 septembre 2024.","robots":{"index":"index","follow":"follow","max-snippet":"max-snippet:-1","max-image-preview":"max-image-preview:large","max-video-preview":"max-video-preview:-1"},"canonical":"https:\/\/www.organisator.ch\/fr\/formation-continue-2\/2024-09-13\/studienstart-an-der-hes-so-mit-fast-21-000-studierenden\/","og_locale":"fr_FR","og_type":"article","og_title":"Studienstart an der HES-SO mit fast 21.000 Studierenden","og_description":"Fast 21'000 Studentinnen und Studenten werden in der Woche vom 16. September 2024 in der gesamten Westschweiz das neue Studienjahr in Angriff nehmen.","og_url":"https:\/\/www.organisator.ch\/fr\/formation-continue-2\/2024-09-13\/studienstart-an-der-hes-so-mit-fast-21-000-studierenden\/","og_site_name":"Organisator","article_publisher":"https:\/\/www.facebook.com\/OrganisatorFachmagazin","article_published_time":"2024-09-13T07:31:17+00:00","og_image":[{"width":680,"height":431,"url":"https:\/\/www.organisator.ch\/wp-content\/uploads\/2024\/09\/HES-SO_Bild1_ps.jpg","type":"image\/jpeg"}],"author":"Adelisa Kalajdzini","twitter_card":"summary_large_image","twitter_title":"Studienstart an der HES-SO mit fast 21.000 Studierenden","twitter_description":"Fast 21'000 #Studentinnen und #Studenten werden in der Woche vom 16. September 2024 in der gesamten #Westschweiz das neue #Studienjahr in Angriff nehmen.","twitter_image":"https:\/\/www.organisator.ch\/wp-content\/uploads\/2024\/09\/HES-SO_Bild1_ps.jpg","schema":{"@context":"https:\/\/schema.org","@graph":[{"@type":"Article","@id":"https:\/\/www.organisator.ch\/weiterbildung\/2024-09-13\/studienstart-an-der-hes-so-mit-fast-21-000-studierenden\/#article","isPartOf":{"@id":"https:\/\/www.organisator.ch\/weiterbildung\/2024-09-13\/studienstart-an-der-hes-so-mit-fast-21-000-studierenden\/"},"author":{"name":"Adelisa Kalajdzini","@id":"https:\/\/www.organisator.ch\/#\/schema\/person\/2e1314a2172123f874db408d8911d3f3"},"headline":"Studienstart an der HES-SO mit fast 21.000 Studierenden","datePublished":"2024-09-13T07:31:17+00:00","mainEntityOfPage":{"@id":"https:\/\/www.organisator.ch\/weiterbildung\/2024-09-13\/studienstart-an-der-hes-so-mit-fast-21-000-studierenden\/"},"wordCount":581,"publisher":{"@id":"https:\/\/www.organisator.ch\/#organization"},"image":{"@id":"https:\/\/www.organisator.ch\/weiterbildung\/2024-09-13\/studienstart-an-der-hes-so-mit-fast-21-000-studierenden\/#primaryimage"},"thumbnailUrl":"https:\/\/www.organisator.ch\/wp-content\/uploads\/2024\/09\/HES-SO_Bild1_ps.jpg","keywords":["Aus-\/Weiterbildung","HES-SO","Studien"],"articleSection":["WEITERBILDUNG"],"inLanguage":"fr-FR"},{"@type":"WebPage","@id":"https:\/\/www.organisator.ch\/weiterbildung\/2024-09-13\/studienstart-an-der-hes-so-mit-fast-21-000-studierenden\/","url":"https:\/\/www.organisator.ch\/weiterbildung\/2024-09-13\/studienstart-an-der-hes-so-mit-fast-21-000-studierenden\/","name":"D\u00e9but des \u00e9tudes \u00e0 la HES-SO avec pr\u00e8s de 21 000 \u00e9tudiants - Organisateur","isPartOf":{"@id":"https:\/\/www.organisator.ch\/#website"},"primaryImageOfPage":{"@id":"https:\/\/www.organisator.ch\/weiterbildung\/2024-09-13\/studienstart-an-der-hes-so-mit-fast-21-000-studierenden\/#primaryimage"},"image":{"@id":"https:\/\/www.organisator.ch\/weiterbildung\/2024-09-13\/studienstart-an-der-hes-so-mit-fast-21-000-studierenden\/#primaryimage"},"thumbnailUrl":"https:\/\/www.organisator.ch\/wp-content\/uploads\/2024\/09\/HES-SO_Bild1_ps.jpg","datePublished":"2024-09-13T07:31:17+00:00","description":"Pr\u00e8s de 21'000 \u00e9tudiantes et \u00e9tudiants entameront la nouvelle ann\u00e9e acad\u00e9mique dans toute la Suisse romande durant la semaine du 16 septembre 2024.","breadcrumb":{"@id":"https:\/\/www.organisator.ch\/weiterbildung\/2024-09-13\/studienstart-an-der-hes-so-mit-fast-21-000-studierenden\/#breadcrumb"},"inLanguage":"fr-FR","potentialAction":[{"@type":"ReadAction","target":["https:\/\/www.organisator.ch\/weiterbildung\/2024-09-13\/studienstart-an-der-hes-so-mit-fast-21-000-studierenden\/"]}]},{"@type":"ImageObject","inLanguage":"fr-FR","@id":"https:\/\/www.organisator.ch\/weiterbildung\/2024-09-13\/studienstart-an-der-hes-so-mit-fast-21-000-studierenden\/#primaryimage","url":"https:\/\/www.organisator.ch\/wp-content\/uploads\/2024\/09\/HES-SO_Bild1_ps.jpg","contentUrl":"https:\/\/www.organisator.ch\/wp-content\/uploads\/2024\/09\/HES-SO_Bild1_ps.jpg","width":680,"height":431,"caption":"Rund 21'000 Studierende starten ab dem 16. September 2024 an den 28 Hochschulen der HES-SO in der Westschweiz ins neue Studienjahr. (Bild: www.depositphotos.com)"},{"@type":"BreadcrumbList","@id":"https:\/\/www.organisator.ch\/weiterbildung\/2024-09-13\/studienstart-an-der-hes-so-mit-fast-21-000-studierenden\/#breadcrumb","itemListElement":[{"@type":"ListItem","position":1,"name":"Home","item":"https:\/\/www.organisator.ch\/"},{"@type":"ListItem","position":2,"name":"Studienstart an der HES-SO mit fast 21.000 Studierenden"}]},{"@type":"WebSite","@id":"https:\/\/www.organisator.ch\/#website","url":"https:\/\/www.organisator.ch\/","name":"Organisateur","description":"Comp\u00e9tence et comp\u00e9tence. Proches de la pratique. L'ORGANISATEUR pr\u00e9pare 10 num\u00e9ros par an sur les th\u00e8mes essentiels pour les dirigeants de PME.","publisher":{"@id":"https:\/\/www.organisator.ch\/#organization"},"potentialAction":[{"@type":"SearchAction","target":{"@type":"EntryPoint","urlTemplate":"https:\/\/www.organisator.ch\/?s={search_term_string}"},"query-input":{"@type":"PropertyValueSpecification","valueRequired":true,"valueName":"search_term_string"}}],"inLanguage":"fr-FR"},{"@type":"Organization","@id":"https:\/\/www.organisator.ch\/#organization","name":"Organisateur","url":"https:\/\/www.organisator.ch\/","logo":{"@type":"ImageObject","inLanguage":"fr-FR","@id":"https:\/\/www.organisator.ch\/#\/schema\/logo\/image\/","url":"https:\/\/www.organisator.ch\/wp-content\/uploads\/2022\/01\/Logo_Organisator_Website.png","contentUrl":"https:\/\/www.organisator.ch\/wp-content\/uploads\/2022\/01\/Logo_Organisator_Website.png","width":800,"height":77,"caption":"Organisator"},"image":{"@id":"https:\/\/www.organisator.ch\/#\/schema\/logo\/image\/"},"sameAs":["https:\/\/www.facebook.com\/OrganisatorFachmagazin","https:\/\/www.linkedin.com\/showcase\/organisator-das-magazin-fr-kmu","https:\/\/www.xing.com\/news\/pages\/organisator-ch-695","https:\/\/www.youtube.com\/channel\/UCGP2Sq0iWaZwT3BdIAQFYpw"]},{"@type":"Person","@id":"https:\/\/www.organisator.ch\/#\/schema\/person\/2e1314a2172123f874db408d8911d3f3","name":"Adelisa Kalajdzini","image":{"@type":"ImageObject","inLanguage":"fr-FR","@id":"https:\/\/secure.gravatar.com\/avatar\/09a397c22ac58cad6f160ee8306348599df9df58a8ede73696226897b9fa4b24?s=96&d=mm&r=g","url":"https:\/\/secure.gravatar.com\/avatar\/09a397c22ac58cad6f160ee8306348599df9df58a8ede73696226897b9fa4b24?s=96&d=mm&r=g","contentUrl":"https:\/\/secure.gravatar.com\/avatar\/09a397c22ac58cad6f160ee8306348599df9df58a8ede73696226897b9fa4b24?s=96&d=mm&r=g","caption":"Adelisa Kalajdzini"},"url":"https:\/\/www.organisator.ch\/fr\/author\/adelisa-kalajdzini\/"}]}},"_links":{"self":[{"href":"https:\/\/www.organisator.ch\/fr\/wp-json\/wp\/v2\/posts\/29772","targetHints":{"allow":["GET"]}}],"collection":[{"href":"https:\/\/www.organisator.ch\/fr\/wp-json\/wp\/v2\/posts"}],"about":[{"href":"https:\/\/www.organisator.ch\/fr\/wp-json\/wp\/v2\/types\/post"}],"author":[{"embeddable":true,"href":"https:\/\/www.organisator.ch\/fr\/wp-json\/wp\/v2\/users\/58"}],"replies":[{"embeddable":true,"href":"https:\/\/www.organisator.ch\/fr\/wp-json\/wp\/v2\/comments?post=29772"}],"version-history":[{"count":3,"href":"https:\/\/www.organisator.ch\/fr\/wp-json\/wp\/v2\/posts\/29772\/revisions"}],"predecessor-version":[{"id":29816,"href":"https:\/\/www.organisator.ch\/fr\/wp-json\/wp\/v2\/posts\/29772\/revisions\/29816"}],"wp:featuredmedia":[{"embeddable":true,"href":"https:\/\/www.organisator.ch\/fr\/wp-json\/wp\/v2\/media\/29774"}],"wp:attachment":[{"href":"https:\/\/www.organisator.ch\/fr\/wp-json\/wp\/v2\/media?parent=29772"}],"wp:term":[{"taxonomy":"category","embeddable":true,"href":"https:\/\/www.organisator.ch\/fr\/wp-json\/wp\/v2\/categories?post=29772"},{"taxonomy":"post_tag","embeddable":true,"href":"https:\/\/www.organisator.ch\/fr\/wp-json\/wp\/v2\/tags?post=29772"}],"curies":[{"name":"wp","href":"https:\/\/api.w.org\/{rel}","templated":true}]}}