{"id":29796,"date":"2024-09-13T11:33:54","date_gmt":"2024-09-13T09:33:54","guid":{"rendered":"https:\/\/www.organisator.ch\/?p=29796"},"modified":"2024-09-13T11:33:54","modified_gmt":"2024-09-13T09:33:54","slug":"greenovation-summit-geglueckte-premiere-im-silicon-uzvalley","status":"publish","type":"post","link":"https:\/\/www.organisator.ch\/fr\/sustainability\/2024-09-13\/greenovation-summit-geglueckte-premiere-im-silicon-uzvalley\/","title":{"rendered":"Greenovation Summit : une premi\u00e8re r\u00e9ussie dans la \"Silicon Uzvalley"},"content":{"rendered":"<figure id=\"attachment_29797\" aria-describedby=\"caption-attachment-29797\" style=\"width: 680px\" class=\"wp-caption alignnone\"><img loading=\"lazy\" decoding=\"async\" class=\"size-full wp-image-29797\" src=\"https:\/\/www.organisator.ch\/wp-content\/uploads\/2024\/09\/Greenovation-Summit-Geglueckte-Premiere-im-Silicon-Uzvalley-1_Organisatorjpg.jpg\" alt=\"\" width=\"680\" height=\"452\" srcset=\"https:\/\/www.organisator.ch\/wp-content\/uploads\/2024\/09\/Greenovation-Summit-Geglueckte-Premiere-im-Silicon-Uzvalley-1_Organisatorjpg.jpg 680w, https:\/\/www.organisator.ch\/wp-content\/uploads\/2024\/09\/Greenovation-Summit-Geglueckte-Premiere-im-Silicon-Uzvalley-1_Organisatorjpg-18x12.jpg 18w, https:\/\/www.organisator.ch\/wp-content\/uploads\/2024\/09\/Greenovation-Summit-Geglueckte-Premiere-im-Silicon-Uzvalley-1_Organisatorjpg-375x249.jpg 375w, https:\/\/www.organisator.ch\/wp-content\/uploads\/2024\/09\/Greenovation-Summit-Geglueckte-Premiere-im-Silicon-Uzvalley-1_Organisatorjpg-527x350.jpg 527w\" sizes=\"auto, (max-width: 680px) 100vw, 680px\" \/><figcaption id=\"caption-attachment-29797\" class=\"wp-caption-text\">Cet objectif a certainement \u00e9t\u00e9 atteint : Le premier Greenovation Summit a donn\u00e9 des impulsions int\u00e9ressantes pour une \u00e9conomie durable. (Photo : Thomas Berner)<\/figcaption><\/figure>\n<p>Le lieu de la premi\u00e8re \u00e9dition du Greenovation Summit \u00e9tait bien choisi : \"Cubic\", le centre d'innovation du groupe B\u00fchler qui ouvrira en 2019. Dans cette \"cellule germinale\", on bricole quotidiennement des innovations pour les secteurs de l'alimentation, des aliments pour animaux et des mat\u00e9riaux haut de gamme. C'est ce qui a amen\u00e9 l'animatrice Mona Vetsch \u00e0 parler de \"Silicon Uzvalley\", en r\u00e9f\u00e9rence \u00e0 la force d'innovation souvent sous-estim\u00e9e des entreprises de Suisse orientale en g\u00e9n\u00e9ral. Et ce n'est pas sans fiert\u00e9 que Stefan Scheiber, CEO de B\u00fchler AG, a \u00e9voqu\u00e9 dans son discours de bienvenue les possibilit\u00e9s de son entreprise de contribuer \u00e0 une production alimentaire plus durable gr\u00e2ce \u00e0 de nouveaux d\u00e9veloppements technologiques.<\/p>\n<h3>D\u00e9fis dans l'industrie des biens de consommation<\/h3>\n<p>Le Greenovation Summit a propos\u00e9 un tour d'horizon de presque toutes les branches. Dans le domaine de l'industrie des biens de consommation, Sandra Banholzer, CEO du fabricant de shampooings aux herbes Rausch AG de Kreuzlingen, a parl\u00e9 du d\u00e9fi que repr\u00e9sente l'obligation de s'engager \u00e0 respecter les normes de la Science-Based Targets Initiative (SBTi) sous la pression des grands clients. M\u00eame si Rausch s'est engag\u00e9e depuis longtemps dans une d\u00e9marche durable, par exemple en mati\u00e8re d'emballages et de consommation \u00e9conomique, il s'agit maintenant de mesurer explicitement l'effet de ces mesures. Ou encore Claude Rieser de Step Zero a montr\u00e9 le chemin sem\u00e9 d'emb\u00fbches pour aborder le probl\u00e8me des microplastiques, qui r\u00e9sultent de l'abrasion des semelles de chaussures synth\u00e9tiques, gr\u00e2ce \u00e0 de nouveaux mat\u00e9riaux.<\/p>\n<figure id=\"attachment_29799\" aria-describedby=\"caption-attachment-29799\" style=\"width: 680px\" class=\"wp-caption alignnone\"><img loading=\"lazy\" decoding=\"async\" class=\"size-full wp-image-29799\" src=\"https:\/\/www.organisator.ch\/wp-content\/uploads\/2024\/09\/Greenovation-Summit-Geglueckte-Premiere-im-Silicon-Uzvalley-2_Organisatorjpg.jpg\" alt=\"\" width=\"680\" height=\"387\" srcset=\"https:\/\/www.organisator.ch\/wp-content\/uploads\/2024\/09\/Greenovation-Summit-Geglueckte-Premiere-im-Silicon-Uzvalley-2_Organisatorjpg.jpg 680w, https:\/\/www.organisator.ch\/wp-content\/uploads\/2024\/09\/Greenovation-Summit-Geglueckte-Premiere-im-Silicon-Uzvalley-2_Organisatorjpg-18x10.jpg 18w, https:\/\/www.organisator.ch\/wp-content\/uploads\/2024\/09\/Greenovation-Summit-Geglueckte-Premiere-im-Silicon-Uzvalley-2_Organisatorjpg-375x213.jpg 375w, https:\/\/www.organisator.ch\/wp-content\/uploads\/2024\/09\/Greenovation-Summit-Geglueckte-Premiere-im-Silicon-Uzvalley-2_Organisatorjpg-615x350.jpg 615w\" sizes=\"auto, (max-width: 680px) 100vw, 680px\" \/><figcaption id=\"caption-attachment-29799\" class=\"wp-caption-text\">L'animatrice Mona Vetsch s'entretient avec Christian Klein, The Tschuggen Collection (\u00e0 gauche) et Thomas Kirchhofer, directeur de St.Gallen Bodensee Tourismus (\u00e0 droite). (Photo : Thomas Berner)<\/figcaption><\/figure>\n<p>Il en va de m\u00eame pour la durabilit\u00e9 dans le tourisme. Comme les groupes d'int\u00e9r\u00eats les plus divers y sont impliqu\u00e9s, Thomas Kirchhofer, directeur de St.Gallen Bodensee Tourismus, voit le plus fort levier de changement dans le transfert de connaissances. Christian Klein, de The Tschuggen Collection, a montr\u00e9, avec la construction d'un h\u00f4tel enti\u00e8rement neutre en CO2 \u00e0 Arosa, ce qu'il est techniquement possible de faire pour offrir aux clients le confort auquel ils sont habitu\u00e9s - m\u00eame s'il faut parfois faire des compromis, par exemple en proposant des fruits hors saison sur les buffets du petit-d\u00e9jeuner.<\/p>\n<h3>De l'implication des employ\u00e9s et de la construction pour l'avenir<\/h3>\n<p>D'autres th\u00e8mes ont \u00e9t\u00e9 abord\u00e9s lors de quatre sessions en petits groupes.  La mani\u00e8re d'impliquer les collaborateurs dans la transformation durable d'une entreprise a \u00e9t\u00e9 l'une des questions qui y ont \u00e9t\u00e9 discut\u00e9es. Florian Hoffmann, CEO de tfy-consult, y a soulign\u00e9 une erreur souvent commise : Les collaborateurs ne sont impliqu\u00e9s qu'\u00e0 partir de la mise en \u0153uvre des mesures d\u00e9cid\u00e9es par la direction. Il est donc pr\u00e9f\u00e9rable d'impliquer les collaborateurs d\u00e8s l'analyse de la situation actuelle et la d\u00e9finition de la strat\u00e9gie.<\/p>\n<p>Les trois autres sessions en petits groupes ont port\u00e9 sur les th\u00e8mes de l'\u00e9nergie, de la conformit\u00e9 et de la construction. Andreas Zindel, CEO de Zindel United, voit la cl\u00e9 dans le d\u00e9veloppement durable des mat\u00e9riaux afin de permettre une construction \"adapt\u00e9e aux enfants\". Son entreprise a notamment d\u00e9velopp\u00e9 KLARK, un b\u00e9ton neutre en CO2. Maura Hegi, fondatrice de l'entreprise de conseil Ecoleader GmbH, a indiqu\u00e9 dans sa session qu'il fallait utiliser les exigences de durabilit\u00e9 pour les transformer en objectifs d'entreprise viables.<\/p>\n<h3>Pour perdre moins de nourriture<\/h3>\n<p>L'un des plus grands leviers pour atteindre les objectifs climatiques se trouve dans les denr\u00e9es alimentaires, plus pr\u00e9cis\u00e9ment dans une production plus durable de celles-ci et une consommation plus consciente. B\u00e9atrice Conde-Petit, Sustainability Officer de B\u00fchler AG, a expliqu\u00e9 comment il est possible de r\u00e9duire le gaspillage de mati\u00e8res premi\u00e8res, par exemple en utilisant davantage les sous-produits issus de la transformation des c\u00e9r\u00e9ales. B\u00fchler collabore en outre \u00e0 la cr\u00e9ation de \"Food Parks\" dans les pays du Sud. Il s'agit de clusters d'usines qui concentrent de grandes parties de la cha\u00eene de cr\u00e9ation de valeur de la production alimentaire en un seul endroit, afin de r\u00e9duire les trajets de transport superflus.<\/p>\n<figure id=\"attachment_29798\" aria-describedby=\"caption-attachment-29798\" style=\"width: 680px\" class=\"wp-caption alignnone\"><img loading=\"lazy\" decoding=\"async\" class=\"wp-image-29798 size-full\" src=\"https:\/\/www.organisator.ch\/wp-content\/uploads\/2024\/09\/Greenovation-Summit-Geglueckte-Premiere-im-Silicon-Uzvalley-3_Organisatorjpg.jpg\" alt=\"\" width=\"680\" height=\"452\" srcset=\"https:\/\/www.organisator.ch\/wp-content\/uploads\/2024\/09\/Greenovation-Summit-Geglueckte-Premiere-im-Silicon-Uzvalley-3_Organisatorjpg.jpg 680w, https:\/\/www.organisator.ch\/wp-content\/uploads\/2024\/09\/Greenovation-Summit-Geglueckte-Premiere-im-Silicon-Uzvalley-3_Organisatorjpg-18x12.jpg 18w, https:\/\/www.organisator.ch\/wp-content\/uploads\/2024\/09\/Greenovation-Summit-Geglueckte-Premiere-im-Silicon-Uzvalley-3_Organisatorjpg-375x249.jpg 375w, https:\/\/www.organisator.ch\/wp-content\/uploads\/2024\/09\/Greenovation-Summit-Geglueckte-Premiere-im-Silicon-Uzvalley-3_Organisatorjpg-527x350.jpg 527w\" sizes=\"auto, (max-width: 680px) 100vw, 680px\" \/><figcaption id=\"caption-attachment-29798\" class=\"wp-caption-text\">B\u00e9atrice Conde-Petit a parl\u00e9 des possibilit\u00e9s technologiques gr\u00e2ce auxquelles B\u00fchler AG peut contribuer \u00e0 une production alimentaire plus durable. (Photo : Thomas Berner)<\/figcaption><\/figure>\n<h3>Mieux vaut ne pas faire de marketing de la durabilit\u00e9 ?<\/h3>\n<p>Le secteur financier \u00e9tait repr\u00e9sent\u00e9 par Jacqueline Schmid, responsable du service de durabilit\u00e9 de la Banque cantonale de Saint-Gall. Ce qui reposait auparavant sur beaucoup de bonne volont\u00e9 et de volontariat s'est transform\u00e9 en obligation en raison de la pression r\u00e9glementaire. Il \u00e9tait donc d'autant plus important de cr\u00e9er des structures propres d\u00e8s le d\u00e9but, de se concentrer sur l'essentiel et d'ancrer la responsabilit\u00e9 \u00e0 tous les niveaux, a r\u00e9sum\u00e9 l'oratrice.<\/p>\n<p>Le terme \"durabilit\u00e9\" ne fait pas recette en marketing - et n'a d'ailleurs jamais vraiment fait recette. C'est ce que Johanna Gollnhofer, directrice de l'Institut f\u00fcr Marketing und Customer Insight de l'Universit\u00e9 de Saint-Gall (HSG), a expliqu\u00e9 au public. Qui est pr\u00eat \u00e0 payer plus pour un produit associ\u00e9 \u00e0 un \"renoncement\" ou \u00e0 une \"perte de qualit\u00e9\" ? Car ce sont justement ces deux notions qui ont fait d'une grande partie des consommateurs de v\u00e9ritables \"r\u00e9fractaires au d\u00e9veloppement durable\". Il est donc pr\u00e9f\u00e9rable de mettre l'accent sur les avantages que le client peut tirer de la durabilit\u00e9.<\/p>\n<h3>Trois Greenovation Awards pour des entreprises de Suisse orientale<\/h3>\n<p>Enfin, la remise du Greenovation Award a \u00e9galement \u00e9t\u00e9 une premi\u00e8re. Ce prix a \u00e9t\u00e9 d\u00e9cern\u00e9 dans trois cat\u00e9gories : \"projets\", \"produits\" et \"services\". Un jury d'experts a d\u00e9cern\u00e9 le prix aux entreprises suivantes :<\/p>\n<ul>\n<li>Cat\u00e9gorie \"Projets\" : Huber Fenster, Herisau, pour son projet de maisons pr\u00e9fabriqu\u00e9es en bois en Ukraine<\/li>\n<li>Cat\u00e9gorie \"Produits\" : Nussbaum Matzingen AG pour ses canettes en aluminium recycl\u00e9<\/li>\n<li>Cat\u00e9gorie \"Services\" : originate GmbH, Saint-Gall, pour ses services de conseil et de mesure visant \u00e0 r\u00e9duire l'empreinte \u00e9cologique des techniques du b\u00e2timent et des machines.<\/li>\n<\/ul>\n<p>Ces trois laur\u00e9ats, mais aussi les intervenants, ont montr\u00e9 combien d'approches et de solutions concr\u00e8tes sont aujourd'hui disponibles pour aborder activement les objectifs de durabilit\u00e9 exig\u00e9s. Mais il reste encore beaucoup \u00e0 faire - et pas seulement dans la \"Silicon Uzvalley\" - pour les atteindre et pour r\u00e9pondre \u00e0 la question de savoir qui doit en payer le prix.<\/p>\n<p><a href=\"https:\/\/www.greenovation-summit.ch\/\"><em>Plus d'informations<\/em><\/a><\/p>","protected":false},"excerpt":{"rendered":"<p>Le 12 septembre 2024, le premier Greenovation Summit a eu lieu dans les locaux de B\u00fchler AG \u00e0 Uzwil. Environ 150 visiteurs, dont de nombreux d\u00e9cideurs de PME, ont \u00e9cout\u00e9 les explications de plus d'une douzaine de speakers et ont \u00e9chang\u00e9 entre eux des exp\u00e9riences sur le th\u00e8me de la durabilit\u00e9. Et trois entreprises ont \u00e9t\u00e9 r\u00e9compens\u00e9es par le Greenovation Award.<\/p>","protected":false},"author":4,"featured_media":29797,"comment_status":"closed","ping_status":"closed","sticky":false,"template":"","format":"standard","meta":{"_acf_changed":false,"_yoast_wpseo_focuskw":"Greenovation","_yoast_wpseo_metadesc":"Am 12. September 2024 fand in den R\u00e4umlichkeiten von B\u00fchler AG in Uzwil der erste Greenovation Summit statt.","articlekey":"","footnotes":""},"categories":[580],"tags":[193,335,358,492],"class_list":["post-29796","post","type-post","status-publish","format-standard","has-post-thumbnail","hentry","category-sustainability","tag-fachkongressfachmesse","tag-management-und-unternehmensfuehrung","tag-nachhaltige-wirtschaft","tag-unternehmen"],"acf":[],"yoast_head":"<!-- This site is optimized with the Yoast SEO plugin v27.5 - https:\/\/yoast.com\/product\/yoast-seo-wordpress\/ -->\n<title>Greenovation Summit: Gegl\u00fcckte Premiere im \u00abSilicon Uzvalley\u00bb - Organisator<\/title>\n<meta name=\"description\" content=\"Am 12. September 2024 fand in den R\u00e4umlichkeiten von B\u00fchler AG in Uzwil der erste Greenovation Summit statt.\" \/>\n<meta name=\"robots\" content=\"index, follow, max-snippet:-1, max-image-preview:large, max-video-preview:-1\" \/>\n<link rel=\"canonical\" href=\"https:\/\/www.organisator.ch\/fr\/sustainability\/2024-09-13\/greenovation-summit-geglueckte-premiere-im-silicon-uzvalley\/\" \/>\n<meta property=\"og:locale\" content=\"fr_FR\" \/>\n<meta property=\"og:type\" content=\"article\" \/>\n<meta property=\"og:title\" content=\"Greenovation Summit: Gegl\u00fcckte Premiere im \u00abSilicon Uzvalley\u00bb\" \/>\n<meta property=\"og:description\" content=\"Am 12. September 2024 fand in den R\u00e4umlichkeiten von B\u00fchler AG in Uzwil der erste Greenovation Summit statt.\" \/>\n<meta property=\"og:url\" content=\"https:\/\/www.organisator.ch\/fr\/sustainability\/2024-09-13\/greenovation-summit-geglueckte-premiere-im-silicon-uzvalley\/\" \/>\n<meta property=\"og:site_name\" content=\"Organisator\" \/>\n<meta property=\"article:publisher\" content=\"https:\/\/www.facebook.com\/OrganisatorFachmagazin\" \/>\n<meta property=\"article:published_time\" content=\"2024-09-13T09:33:54+00:00\" \/>\n<meta property=\"og:image\" content=\"https:\/\/www.organisator.ch\/wp-content\/uploads\/2024\/09\/Greenovation-Summit-Geglueckte-Premiere-im-Silicon-Uzvalley-1_Organisatorjpg.jpg\" \/>\n\t<meta property=\"og:image:width\" content=\"680\" \/>\n\t<meta property=\"og:image:height\" content=\"452\" \/>\n\t<meta property=\"og:image:type\" content=\"image\/jpeg\" \/>\n<meta name=\"author\" content=\"thomas.berner\" \/>\n<meta name=\"twitter:card\" content=\"summary_large_image\" \/>\n<meta name=\"twitter:title\" content=\"#Greenovation Summit: Gegl\u00fcckte #Premiere im \u00abSilicon Uzvalley\u00bb\" \/>\n<meta name=\"twitter:description\" content=\"Am 12. September 2024 fand in den R\u00e4umlichkeiten von #B\u00fchler AG in Uzwil der erste #Greenovation Summit statt.\" \/>\n<meta name=\"twitter:image\" content=\"https:\/\/www.organisator.ch\/wp-content\/uploads\/2024\/09\/Greenovation-Summit-Geglueckte-Premiere-im-Silicon-Uzvalley-1_Organisatorjpg.jpg\" \/>\n<script type=\"application\/ld+json\" class=\"yoast-schema-graph\">{\"@context\":\"https:\\\/\\\/schema.org\",\"@graph\":[{\"@type\":\"Article\",\"@id\":\"https:\\\/\\\/www.organisator.ch\\\/sustainability\\\/2024-09-13\\\/greenovation-summit-geglueckte-premiere-im-silicon-uzvalley\\\/#article\",\"isPartOf\":{\"@id\":\"https:\\\/\\\/www.organisator.ch\\\/sustainability\\\/2024-09-13\\\/greenovation-summit-geglueckte-premiere-im-silicon-uzvalley\\\/\"},\"author\":{\"name\":\"thomas.berner\",\"@id\":\"https:\\\/\\\/www.organisator.ch\\\/#\\\/schema\\\/person\\\/6f650f90b2842cd4c0cc334b4e36f67e\"},\"headline\":\"Greenovation Summit: Gegl\u00fcckte Premiere im \u00abSilicon Uzvalley\u00bb\",\"datePublished\":\"2024-09-13T09:33:54+00:00\",\"mainEntityOfPage\":{\"@id\":\"https:\\\/\\\/www.organisator.ch\\\/sustainability\\\/2024-09-13\\\/greenovation-summit-geglueckte-premiere-im-silicon-uzvalley\\\/\"},\"wordCount\":948,\"publisher\":{\"@id\":\"https:\\\/\\\/www.organisator.ch\\\/#organization\"},\"image\":{\"@id\":\"https:\\\/\\\/www.organisator.ch\\\/sustainability\\\/2024-09-13\\\/greenovation-summit-geglueckte-premiere-im-silicon-uzvalley\\\/#primaryimage\"},\"thumbnailUrl\":\"https:\\\/\\\/www.organisator.ch\\\/wp-content\\\/uploads\\\/2024\\\/09\\\/Greenovation-Summit-Geglueckte-Premiere-im-Silicon-Uzvalley-1_Organisatorjpg.jpg\",\"keywords\":[\"Fachkongress\\\/Fachmesse\",\"Management und Unternehmensf\u00fchrung\",\"Nachhaltige Wirtschaft\",\"Unternehmen\"],\"articleSection\":[\"SUSTAINABILITY\"],\"inLanguage\":\"fr-FR\"},{\"@type\":\"WebPage\",\"@id\":\"https:\\\/\\\/www.organisator.ch\\\/sustainability\\\/2024-09-13\\\/greenovation-summit-geglueckte-premiere-im-silicon-uzvalley\\\/\",\"url\":\"https:\\\/\\\/www.organisator.ch\\\/sustainability\\\/2024-09-13\\\/greenovation-summit-geglueckte-premiere-im-silicon-uzvalley\\\/\",\"name\":\"Greenovation Summit: Gegl\u00fcckte Premiere im \u00abSilicon Uzvalley\u00bb - Organisator\",\"isPartOf\":{\"@id\":\"https:\\\/\\\/www.organisator.ch\\\/#website\"},\"primaryImageOfPage\":{\"@id\":\"https:\\\/\\\/www.organisator.ch\\\/sustainability\\\/2024-09-13\\\/greenovation-summit-geglueckte-premiere-im-silicon-uzvalley\\\/#primaryimage\"},\"image\":{\"@id\":\"https:\\\/\\\/www.organisator.ch\\\/sustainability\\\/2024-09-13\\\/greenovation-summit-geglueckte-premiere-im-silicon-uzvalley\\\/#primaryimage\"},\"thumbnailUrl\":\"https:\\\/\\\/www.organisator.ch\\\/wp-content\\\/uploads\\\/2024\\\/09\\\/Greenovation-Summit-Geglueckte-Premiere-im-Silicon-Uzvalley-1_Organisatorjpg.jpg\",\"datePublished\":\"2024-09-13T09:33:54+00:00\",\"description\":\"Am 12. September 2024 fand in den R\u00e4umlichkeiten von B\u00fchler AG in Uzwil der erste Greenovation Summit statt.\",\"breadcrumb\":{\"@id\":\"https:\\\/\\\/www.organisator.ch\\\/sustainability\\\/2024-09-13\\\/greenovation-summit-geglueckte-premiere-im-silicon-uzvalley\\\/#breadcrumb\"},\"inLanguage\":\"fr-FR\",\"potentialAction\":[{\"@type\":\"ReadAction\",\"target\":[\"https:\\\/\\\/www.organisator.ch\\\/sustainability\\\/2024-09-13\\\/greenovation-summit-geglueckte-premiere-im-silicon-uzvalley\\\/\"]}]},{\"@type\":\"ImageObject\",\"inLanguage\":\"fr-FR\",\"@id\":\"https:\\\/\\\/www.organisator.ch\\\/sustainability\\\/2024-09-13\\\/greenovation-summit-geglueckte-premiere-im-silicon-uzvalley\\\/#primaryimage\",\"url\":\"https:\\\/\\\/www.organisator.ch\\\/wp-content\\\/uploads\\\/2024\\\/09\\\/Greenovation-Summit-Geglueckte-Premiere-im-Silicon-Uzvalley-1_Organisatorjpg.jpg\",\"contentUrl\":\"https:\\\/\\\/www.organisator.ch\\\/wp-content\\\/uploads\\\/2024\\\/09\\\/Greenovation-Summit-Geglueckte-Premiere-im-Silicon-Uzvalley-1_Organisatorjpg.jpg\",\"width\":680,\"height\":452,\"caption\":\"Diese Zielsetzung wurde sicher erf\u00fcllt: Der erste Greenovation Summit vermittelte interessante Impulse f\u00fcr eine nachhaltige Wirtschaft. (Bild: Thomas Berner)\"},{\"@type\":\"BreadcrumbList\",\"@id\":\"https:\\\/\\\/www.organisator.ch\\\/sustainability\\\/2024-09-13\\\/greenovation-summit-geglueckte-premiere-im-silicon-uzvalley\\\/#breadcrumb\",\"itemListElement\":[{\"@type\":\"ListItem\",\"position\":1,\"name\":\"Home\",\"item\":\"https:\\\/\\\/www.organisator.ch\\\/\"},{\"@type\":\"ListItem\",\"position\":2,\"name\":\"Greenovation Summit: Gegl\u00fcckte Premiere im \u00abSilicon Uzvalley\u00bb\"}]},{\"@type\":\"WebSite\",\"@id\":\"https:\\\/\\\/www.organisator.ch\\\/#website\",\"url\":\"https:\\\/\\\/www.organisator.ch\\\/\",\"name\":\"Organisator\",\"description\":\"Kompetent. Praxisnah. Der ORGANISATOR bereitet in 10 Ausgaben pro Jahr die wesentlichen Themen f\u00fcr F\u00fchrungskr\u00e4fte von KMU auf.\",\"publisher\":{\"@id\":\"https:\\\/\\\/www.organisator.ch\\\/#organization\"},\"potentialAction\":[{\"@type\":\"SearchAction\",\"target\":{\"@type\":\"EntryPoint\",\"urlTemplate\":\"https:\\\/\\\/www.organisator.ch\\\/?s={search_term_string}\"},\"query-input\":{\"@type\":\"PropertyValueSpecification\",\"valueRequired\":true,\"valueName\":\"search_term_string\"}}],\"inLanguage\":\"fr-FR\"},{\"@type\":\"Organization\",\"@id\":\"https:\\\/\\\/www.organisator.ch\\\/#organization\",\"name\":\"Organisator\",\"url\":\"https:\\\/\\\/www.organisator.ch\\\/\",\"logo\":{\"@type\":\"ImageObject\",\"inLanguage\":\"fr-FR\",\"@id\":\"https:\\\/\\\/www.organisator.ch\\\/#\\\/schema\\\/logo\\\/image\\\/\",\"url\":\"https:\\\/\\\/www.organisator.ch\\\/wp-content\\\/uploads\\\/2022\\\/01\\\/Logo_Organisator_Website.png\",\"contentUrl\":\"https:\\\/\\\/www.organisator.ch\\\/wp-content\\\/uploads\\\/2022\\\/01\\\/Logo_Organisator_Website.png\",\"width\":800,\"height\":77,\"caption\":\"Organisator\"},\"image\":{\"@id\":\"https:\\\/\\\/www.organisator.ch\\\/#\\\/schema\\\/logo\\\/image\\\/\"},\"sameAs\":[\"https:\\\/\\\/www.facebook.com\\\/OrganisatorFachmagazin\",\"https:\\\/\\\/www.linkedin.com\\\/showcase\\\/organisator-das-magazin-fr-kmu\",\"https:\\\/\\\/www.xing.com\\\/news\\\/pages\\\/organisator-ch-695\",\"https:\\\/\\\/www.youtube.com\\\/channel\\\/UCGP2Sq0iWaZwT3BdIAQFYpw\"]},{\"@type\":\"Person\",\"@id\":\"https:\\\/\\\/www.organisator.ch\\\/#\\\/schema\\\/person\\\/6f650f90b2842cd4c0cc334b4e36f67e\",\"name\":\"thomas.berner\",\"image\":{\"@type\":\"ImageObject\",\"inLanguage\":\"fr-FR\",\"@id\":\"https:\\\/\\\/secure.gravatar.com\\\/avatar\\\/ac5001d2a36cb6c6cd3e50789007ffca834b477b74a2144564522e944eabff61?s=96&d=mm&r=g\",\"url\":\"https:\\\/\\\/secure.gravatar.com\\\/avatar\\\/ac5001d2a36cb6c6cd3e50789007ffca834b477b74a2144564522e944eabff61?s=96&d=mm&r=g\",\"contentUrl\":\"https:\\\/\\\/secure.gravatar.com\\\/avatar\\\/ac5001d2a36cb6c6cd3e50789007ffca834b477b74a2144564522e944eabff61?s=96&d=mm&r=g\",\"caption\":\"thomas.berner\"},\"url\":\"https:\\\/\\\/www.organisator.ch\\\/fr\\\/author\\\/thomas-berner\\\/\"}]}<\/script>\n<!-- \/ Yoast SEO plugin. -->","yoast_head_json":{"title":"Greenovation Summit : une premi\u00e8re r\u00e9ussie dans la \"Silicon Uzvalley\" - Organisateur","description":"Le 12 septembre 2024, le premier Greenovation Summit a eu lieu dans les locaux de B\u00fchler AG \u00e0 Uzwil.","robots":{"index":"index","follow":"follow","max-snippet":"max-snippet:-1","max-image-preview":"max-image-preview:large","max-video-preview":"max-video-preview:-1"},"canonical":"https:\/\/www.organisator.ch\/fr\/sustainability\/2024-09-13\/greenovation-summit-geglueckte-premiere-im-silicon-uzvalley\/","og_locale":"fr_FR","og_type":"article","og_title":"Greenovation Summit: Gegl\u00fcckte Premiere im \u00abSilicon Uzvalley\u00bb","og_description":"Am 12. September 2024 fand in den R\u00e4umlichkeiten von B\u00fchler AG in Uzwil der erste Greenovation Summit statt.","og_url":"https:\/\/www.organisator.ch\/fr\/sustainability\/2024-09-13\/greenovation-summit-geglueckte-premiere-im-silicon-uzvalley\/","og_site_name":"Organisator","article_publisher":"https:\/\/www.facebook.com\/OrganisatorFachmagazin","article_published_time":"2024-09-13T09:33:54+00:00","og_image":[{"width":680,"height":452,"url":"https:\/\/www.organisator.ch\/wp-content\/uploads\/2024\/09\/Greenovation-Summit-Geglueckte-Premiere-im-Silicon-Uzvalley-1_Organisatorjpg.jpg","type":"image\/jpeg"}],"author":"thomas.berner","twitter_card":"summary_large_image","twitter_title":"#Greenovation Summit: Gegl\u00fcckte #Premiere im \u00abSilicon Uzvalley\u00bb","twitter_description":"Am 12. September 2024 fand in den R\u00e4umlichkeiten von #B\u00fchler AG in Uzwil der erste #Greenovation Summit statt.","twitter_image":"https:\/\/www.organisator.ch\/wp-content\/uploads\/2024\/09\/Greenovation-Summit-Geglueckte-Premiere-im-Silicon-Uzvalley-1_Organisatorjpg.jpg","schema":{"@context":"https:\/\/schema.org","@graph":[{"@type":"Article","@id":"https:\/\/www.organisator.ch\/sustainability\/2024-09-13\/greenovation-summit-geglueckte-premiere-im-silicon-uzvalley\/#article","isPartOf":{"@id":"https:\/\/www.organisator.ch\/sustainability\/2024-09-13\/greenovation-summit-geglueckte-premiere-im-silicon-uzvalley\/"},"author":{"name":"thomas.berner","@id":"https:\/\/www.organisator.ch\/#\/schema\/person\/6f650f90b2842cd4c0cc334b4e36f67e"},"headline":"Greenovation Summit: Gegl\u00fcckte Premiere im \u00abSilicon Uzvalley\u00bb","datePublished":"2024-09-13T09:33:54+00:00","mainEntityOfPage":{"@id":"https:\/\/www.organisator.ch\/sustainability\/2024-09-13\/greenovation-summit-geglueckte-premiere-im-silicon-uzvalley\/"},"wordCount":948,"publisher":{"@id":"https:\/\/www.organisator.ch\/#organization"},"image":{"@id":"https:\/\/www.organisator.ch\/sustainability\/2024-09-13\/greenovation-summit-geglueckte-premiere-im-silicon-uzvalley\/#primaryimage"},"thumbnailUrl":"https:\/\/www.organisator.ch\/wp-content\/uploads\/2024\/09\/Greenovation-Summit-Geglueckte-Premiere-im-Silicon-Uzvalley-1_Organisatorjpg.jpg","keywords":["Fachkongress\/Fachmesse","Management und Unternehmensf\u00fchrung","Nachhaltige Wirtschaft","Unternehmen"],"articleSection":["SUSTAINABILITY"],"inLanguage":"fr-FR"},{"@type":"WebPage","@id":"https:\/\/www.organisator.ch\/sustainability\/2024-09-13\/greenovation-summit-geglueckte-premiere-im-silicon-uzvalley\/","url":"https:\/\/www.organisator.ch\/sustainability\/2024-09-13\/greenovation-summit-geglueckte-premiere-im-silicon-uzvalley\/","name":"Greenovation Summit : une premi\u00e8re r\u00e9ussie dans la \"Silicon Uzvalley\" - Organisateur","isPartOf":{"@id":"https:\/\/www.organisator.ch\/#website"},"primaryImageOfPage":{"@id":"https:\/\/www.organisator.ch\/sustainability\/2024-09-13\/greenovation-summit-geglueckte-premiere-im-silicon-uzvalley\/#primaryimage"},"image":{"@id":"https:\/\/www.organisator.ch\/sustainability\/2024-09-13\/greenovation-summit-geglueckte-premiere-im-silicon-uzvalley\/#primaryimage"},"thumbnailUrl":"https:\/\/www.organisator.ch\/wp-content\/uploads\/2024\/09\/Greenovation-Summit-Geglueckte-Premiere-im-Silicon-Uzvalley-1_Organisatorjpg.jpg","datePublished":"2024-09-13T09:33:54+00:00","description":"Le 12 septembre 2024, le premier Greenovation Summit a eu lieu dans les locaux de B\u00fchler AG \u00e0 Uzwil.","breadcrumb":{"@id":"https:\/\/www.organisator.ch\/sustainability\/2024-09-13\/greenovation-summit-geglueckte-premiere-im-silicon-uzvalley\/#breadcrumb"},"inLanguage":"fr-FR","potentialAction":[{"@type":"ReadAction","target":["https:\/\/www.organisator.ch\/sustainability\/2024-09-13\/greenovation-summit-geglueckte-premiere-im-silicon-uzvalley\/"]}]},{"@type":"ImageObject","inLanguage":"fr-FR","@id":"https:\/\/www.organisator.ch\/sustainability\/2024-09-13\/greenovation-summit-geglueckte-premiere-im-silicon-uzvalley\/#primaryimage","url":"https:\/\/www.organisator.ch\/wp-content\/uploads\/2024\/09\/Greenovation-Summit-Geglueckte-Premiere-im-Silicon-Uzvalley-1_Organisatorjpg.jpg","contentUrl":"https:\/\/www.organisator.ch\/wp-content\/uploads\/2024\/09\/Greenovation-Summit-Geglueckte-Premiere-im-Silicon-Uzvalley-1_Organisatorjpg.jpg","width":680,"height":452,"caption":"Diese Zielsetzung wurde sicher erf\u00fcllt: Der erste Greenovation Summit vermittelte interessante Impulse f\u00fcr eine nachhaltige Wirtschaft. (Bild: Thomas Berner)"},{"@type":"BreadcrumbList","@id":"https:\/\/www.organisator.ch\/sustainability\/2024-09-13\/greenovation-summit-geglueckte-premiere-im-silicon-uzvalley\/#breadcrumb","itemListElement":[{"@type":"ListItem","position":1,"name":"Home","item":"https:\/\/www.organisator.ch\/"},{"@type":"ListItem","position":2,"name":"Greenovation Summit: Gegl\u00fcckte Premiere im \u00abSilicon Uzvalley\u00bb"}]},{"@type":"WebSite","@id":"https:\/\/www.organisator.ch\/#website","url":"https:\/\/www.organisator.ch\/","name":"Organisateur","description":"Comp\u00e9tence et comp\u00e9tence. Proches de la pratique. L'ORGANISATEUR pr\u00e9pare 10 num\u00e9ros par an sur les th\u00e8mes essentiels pour les dirigeants de PME.","publisher":{"@id":"https:\/\/www.organisator.ch\/#organization"},"potentialAction":[{"@type":"SearchAction","target":{"@type":"EntryPoint","urlTemplate":"https:\/\/www.organisator.ch\/?s={search_term_string}"},"query-input":{"@type":"PropertyValueSpecification","valueRequired":true,"valueName":"search_term_string"}}],"inLanguage":"fr-FR"},{"@type":"Organization","@id":"https:\/\/www.organisator.ch\/#organization","name":"Organisateur","url":"https:\/\/www.organisator.ch\/","logo":{"@type":"ImageObject","inLanguage":"fr-FR","@id":"https:\/\/www.organisator.ch\/#\/schema\/logo\/image\/","url":"https:\/\/www.organisator.ch\/wp-content\/uploads\/2022\/01\/Logo_Organisator_Website.png","contentUrl":"https:\/\/www.organisator.ch\/wp-content\/uploads\/2022\/01\/Logo_Organisator_Website.png","width":800,"height":77,"caption":"Organisator"},"image":{"@id":"https:\/\/www.organisator.ch\/#\/schema\/logo\/image\/"},"sameAs":["https:\/\/www.facebook.com\/OrganisatorFachmagazin","https:\/\/www.linkedin.com\/showcase\/organisator-das-magazin-fr-kmu","https:\/\/www.xing.com\/news\/pages\/organisator-ch-695","https:\/\/www.youtube.com\/channel\/UCGP2Sq0iWaZwT3BdIAQFYpw"]},{"@type":"Person","@id":"https:\/\/www.organisator.ch\/#\/schema\/person\/6f650f90b2842cd4c0cc334b4e36f67e","name":"thomas.berner","image":{"@type":"ImageObject","inLanguage":"fr-FR","@id":"https:\/\/secure.gravatar.com\/avatar\/ac5001d2a36cb6c6cd3e50789007ffca834b477b74a2144564522e944eabff61?s=96&d=mm&r=g","url":"https:\/\/secure.gravatar.com\/avatar\/ac5001d2a36cb6c6cd3e50789007ffca834b477b74a2144564522e944eabff61?s=96&d=mm&r=g","contentUrl":"https:\/\/secure.gravatar.com\/avatar\/ac5001d2a36cb6c6cd3e50789007ffca834b477b74a2144564522e944eabff61?s=96&d=mm&r=g","caption":"thomas.berner"},"url":"https:\/\/www.organisator.ch\/fr\/author\/thomas-berner\/"}]}},"_links":{"self":[{"href":"https:\/\/www.organisator.ch\/fr\/wp-json\/wp\/v2\/posts\/29796","targetHints":{"allow":["GET"]}}],"collection":[{"href":"https:\/\/www.organisator.ch\/fr\/wp-json\/wp\/v2\/posts"}],"about":[{"href":"https:\/\/www.organisator.ch\/fr\/wp-json\/wp\/v2\/types\/post"}],"author":[{"embeddable":true,"href":"https:\/\/www.organisator.ch\/fr\/wp-json\/wp\/v2\/users\/4"}],"replies":[{"embeddable":true,"href":"https:\/\/www.organisator.ch\/fr\/wp-json\/wp\/v2\/comments?post=29796"}],"version-history":[{"count":5,"href":"https:\/\/www.organisator.ch\/fr\/wp-json\/wp\/v2\/posts\/29796\/revisions"}],"predecessor-version":[{"id":29862,"href":"https:\/\/www.organisator.ch\/fr\/wp-json\/wp\/v2\/posts\/29796\/revisions\/29862"}],"wp:featuredmedia":[{"embeddable":true,"href":"https:\/\/www.organisator.ch\/fr\/wp-json\/wp\/v2\/media\/29797"}],"wp:attachment":[{"href":"https:\/\/www.organisator.ch\/fr\/wp-json\/wp\/v2\/media?parent=29796"}],"wp:term":[{"taxonomy":"category","embeddable":true,"href":"https:\/\/www.organisator.ch\/fr\/wp-json\/wp\/v2\/categories?post=29796"},{"taxonomy":"post_tag","embeddable":true,"href":"https:\/\/www.organisator.ch\/fr\/wp-json\/wp\/v2\/tags?post=29796"}],"curies":[{"name":"wp","href":"https:\/\/api.w.org\/{rel}","templated":true}]}}