{"id":29805,"date":"2024-09-13T08:35:07","date_gmt":"2024-09-13T06:35:07","guid":{"rendered":"https:\/\/www.markt-kom.com\/?p=223256"},"modified":"2024-11-08T09:50:19","modified_gmt":"2024-11-08T08:50:19","slug":"marc-meschenmoser-leitet-kommunikation-bei-stadler-rail","status":"publish","type":"post","link":"https:\/\/www.organisator.ch\/fr\/marketing\/2024-09-13\/marc-meschenmoser-leitet-kommunikation-bei-stadler-rail\/","title":{"rendered":"Marc Meschenmoser dirige la communication chez Stadler Rail"},"content":{"rendered":"<figure id=\"attachment_223257\" class=\"wp-caption aligncenter\" style=\"width: 1200px\" aria-describedby=\"caption-attachment-223257\"><img class=\"aligncenter wp-image-223257 size-full\" src=\"https:\/\/www.markt-kom.com\/wp-content\/uploads\/2024\/09\/SRF-Archivbild-Marc-Meschenmoser.jpg\" alt=\"Meschenmoser nouveau\" width=\"1200\" height=\"900\" \/>\r\n<figcaption id=\"caption-attachment-223257\" class=\"wp-caption-text\">(Image d'archives : SRF\/Oscar Alessio)<\/figcaption>\r\n<\/figure>\r\n<p>Meschenmoser \u00e9tait derni\u00e8rement directeur de la r\u00e9daction des magazines de consommateurs <em>K-Tipp<\/em> et <em>Solde<\/em>. Auparavant, il a travaill\u00e9 pendant 14 ans \u00e0 la t\u00e9l\u00e9vision suisse SRF. Il succ\u00e8de \u00e0 Gerda K\u00f6nigstorfer, qui a occup\u00e9 ce poste pendant pr\u00e8s de trois ans.<\/p>\r\n<p>J\u00fcrg Grob, qui rejoindra \u00e9galement Stadler le 1er octobre, a \u00e9t\u00e9 nomm\u00e9 suppl\u00e9ant. Grob \u00e9tait derni\u00e8rement responsable de la newsroom et r\u00e9dacteur en chef aux CFF. <em>(SDA\/swi)<\/em><\/p>","protected":false},"excerpt":{"rendered":"<p>Le fabricant de v\u00e9hicules ferroviaires Stadler Rail a nomm\u00e9 Marc Meschenmoser au poste de directeur de la communication d'entreprise. \u00c2g\u00e9 de 50 ans, il prendra ses nouvelles fonctions le 1er octobre 2024 et rejoindra la direction \u00e9largie du groupe, a indiqu\u00e9 l'entreprise vendredi.<\/p>","protected":false},"author":8,"featured_media":0,"comment_status":"closed","ping_status":"closed","sticky":false,"template":"","format":"standard","meta":{"_acf_changed":false,"_yoast_wpseo_focuskw":"Meschenmoser neuer","_yoast_wpseo_metadesc":"Michael Meschenmoser wird neuer Redaktionsleiter bei Stadler ab Oktober 2024, J\u00fcrg Grob wird sein Stellvertreter.","articlekey":"","footnotes":""},"categories":[29],"tags":[2853,4343,4505],"class_list":["post-29805","post","type-post","status-publish","format-standard","hentry","category-marketing","tag-jobchange","tag-markom","tag-stadler-rail"],"acf":[],"yoast_head":"<!-- This site is optimized with the Yoast SEO plugin v27.4 - https:\/\/yoast.com\/product\/yoast-seo-wordpress\/ -->\n<title>Marc Meschenmoser leitet Kommunikation bei Stadler Rail - Organisator<\/title>\n<meta name=\"description\" content=\"Michael Meschenmoser wird neuer Redaktionsleiter bei Stadler ab Oktober 2024, J\u00fcrg Grob wird sein Stellvertreter.\" \/>\n<meta name=\"robots\" content=\"index, follow, max-snippet:-1, max-image-preview:large, max-video-preview:-1\" \/>\n<link rel=\"canonical\" href=\"https:\/\/www.organisator.ch\/fr\/marketing\/2024-09-13\/marc-meschenmoser-leitet-kommunikation-bei-stadler-rail\/\" \/>\n<meta property=\"og:locale\" content=\"fr_FR\" \/>\n<meta property=\"og:type\" content=\"article\" \/>\n<meta property=\"og:title\" content=\"Marc Meschenmoser leitet Kommunikation bei Stadler Rail - Organisator\" \/>\n<meta property=\"og:description\" content=\"Michael Meschenmoser wird neuer Redaktionsleiter bei Stadler ab Oktober 2024, J\u00fcrg Grob wird sein Stellvertreter.\" \/>\n<meta property=\"og:url\" content=\"https:\/\/www.organisator.ch\/fr\/marketing\/2024-09-13\/marc-meschenmoser-leitet-kommunikation-bei-stadler-rail\/\" \/>\n<meta property=\"og:site_name\" content=\"Organisator\" \/>\n<meta property=\"article:publisher\" content=\"https:\/\/www.facebook.com\/OrganisatorFachmagazin\" \/>\n<meta property=\"article:published_time\" content=\"2024-09-13T06:35:07+00:00\" \/>\n<meta property=\"article:modified_time\" content=\"2024-11-08T08:50:19+00:00\" \/>\n<meta property=\"og:image\" content=\"https:\/\/www.markt-kom.com\/wp-content\/uploads\/2024\/09\/SRF-Archivbild-Marc-Meschenmoser.jpg\" \/>\n<meta name=\"author\" content=\"galledia\" \/>\n<meta name=\"twitter:card\" content=\"summary_large_image\" \/>\n<meta name=\"twitter:creator\" content=\"@admin\" \/>\n<script type=\"application\/ld+json\" class=\"yoast-schema-graph\">{\"@context\":\"https:\\\/\\\/schema.org\",\"@graph\":[{\"@type\":\"Article\",\"@id\":\"https:\\\/\\\/www.organisator.ch\\\/marketing\\\/2024-09-13\\\/marc-meschenmoser-leitet-kommunikation-bei-stadler-rail\\\/#article\",\"isPartOf\":{\"@id\":\"https:\\\/\\\/www.organisator.ch\\\/marketing\\\/2024-09-13\\\/marc-meschenmoser-leitet-kommunikation-bei-stadler-rail\\\/\"},\"author\":{\"name\":\"galledia\",\"@id\":\"https:\\\/\\\/www.organisator.ch\\\/#\\\/schema\\\/person\\\/4e51799071cd2dd1232ac003643ef5f0\"},\"headline\":\"Marc Meschenmoser leitet Kommunikation bei Stadler Rail\",\"datePublished\":\"2024-09-13T06:35:07+00:00\",\"dateModified\":\"2024-11-08T08:50:19+00:00\",\"mainEntityOfPage\":{\"@id\":\"https:\\\/\\\/www.organisator.ch\\\/marketing\\\/2024-09-13\\\/marc-meschenmoser-leitet-kommunikation-bei-stadler-rail\\\/\"},\"wordCount\":68,\"publisher\":{\"@id\":\"https:\\\/\\\/www.organisator.ch\\\/#organization\"},\"image\":{\"@id\":\"https:\\\/\\\/www.organisator.ch\\\/marketing\\\/2024-09-13\\\/marc-meschenmoser-leitet-kommunikation-bei-stadler-rail\\\/#primaryimage\"},\"thumbnailUrl\":\"https:\\\/\\\/www.markt-kom.com\\\/wp-content\\\/uploads\\\/2024\\\/09\\\/SRF-Archivbild-Marc-Meschenmoser.jpg\",\"keywords\":[\"Jobchange\",\"MarKom\",\"Stadler Rail\"],\"articleSection\":[\"MARKETING\"],\"inLanguage\":\"fr-FR\"},{\"@type\":\"WebPage\",\"@id\":\"https:\\\/\\\/www.organisator.ch\\\/marketing\\\/2024-09-13\\\/marc-meschenmoser-leitet-kommunikation-bei-stadler-rail\\\/\",\"url\":\"https:\\\/\\\/www.organisator.ch\\\/marketing\\\/2024-09-13\\\/marc-meschenmoser-leitet-kommunikation-bei-stadler-rail\\\/\",\"name\":\"Marc Meschenmoser leitet Kommunikation bei Stadler Rail - Organisator\",\"isPartOf\":{\"@id\":\"https:\\\/\\\/www.organisator.ch\\\/#website\"},\"primaryImageOfPage\":{\"@id\":\"https:\\\/\\\/www.organisator.ch\\\/marketing\\\/2024-09-13\\\/marc-meschenmoser-leitet-kommunikation-bei-stadler-rail\\\/#primaryimage\"},\"image\":{\"@id\":\"https:\\\/\\\/www.organisator.ch\\\/marketing\\\/2024-09-13\\\/marc-meschenmoser-leitet-kommunikation-bei-stadler-rail\\\/#primaryimage\"},\"thumbnailUrl\":\"https:\\\/\\\/www.markt-kom.com\\\/wp-content\\\/uploads\\\/2024\\\/09\\\/SRF-Archivbild-Marc-Meschenmoser.jpg\",\"datePublished\":\"2024-09-13T06:35:07+00:00\",\"dateModified\":\"2024-11-08T08:50:19+00:00\",\"description\":\"Michael Meschenmoser wird neuer Redaktionsleiter bei Stadler ab Oktober 2024, J\u00fcrg Grob wird sein Stellvertreter.\",\"breadcrumb\":{\"@id\":\"https:\\\/\\\/www.organisator.ch\\\/marketing\\\/2024-09-13\\\/marc-meschenmoser-leitet-kommunikation-bei-stadler-rail\\\/#breadcrumb\"},\"inLanguage\":\"fr-FR\",\"potentialAction\":[{\"@type\":\"ReadAction\",\"target\":[\"https:\\\/\\\/www.organisator.ch\\\/marketing\\\/2024-09-13\\\/marc-meschenmoser-leitet-kommunikation-bei-stadler-rail\\\/\"]}]},{\"@type\":\"ImageObject\",\"inLanguage\":\"fr-FR\",\"@id\":\"https:\\\/\\\/www.organisator.ch\\\/marketing\\\/2024-09-13\\\/marc-meschenmoser-leitet-kommunikation-bei-stadler-rail\\\/#primaryimage\",\"url\":\"https:\\\/\\\/www.markt-kom.com\\\/wp-content\\\/uploads\\\/2024\\\/09\\\/SRF-Archivbild-Marc-Meschenmoser.jpg\",\"contentUrl\":\"https:\\\/\\\/www.markt-kom.com\\\/wp-content\\\/uploads\\\/2024\\\/09\\\/SRF-Archivbild-Marc-Meschenmoser.jpg\"},{\"@type\":\"BreadcrumbList\",\"@id\":\"https:\\\/\\\/www.organisator.ch\\\/marketing\\\/2024-09-13\\\/marc-meschenmoser-leitet-kommunikation-bei-stadler-rail\\\/#breadcrumb\",\"itemListElement\":[{\"@type\":\"ListItem\",\"position\":1,\"name\":\"Home\",\"item\":\"https:\\\/\\\/www.organisator.ch\\\/\"},{\"@type\":\"ListItem\",\"position\":2,\"name\":\"Marc Meschenmoser leitet Kommunikation bei Stadler Rail\"}]},{\"@type\":\"WebSite\",\"@id\":\"https:\\\/\\\/www.organisator.ch\\\/#website\",\"url\":\"https:\\\/\\\/www.organisator.ch\\\/\",\"name\":\"Organisator\",\"description\":\"Kompetent. Praxisnah. Der ORGANISATOR bereitet in 10 Ausgaben pro Jahr die wesentlichen Themen f\u00fcr F\u00fchrungskr\u00e4fte von KMU auf.\",\"publisher\":{\"@id\":\"https:\\\/\\\/www.organisator.ch\\\/#organization\"},\"potentialAction\":[{\"@type\":\"SearchAction\",\"target\":{\"@type\":\"EntryPoint\",\"urlTemplate\":\"https:\\\/\\\/www.organisator.ch\\\/?s={search_term_string}\"},\"query-input\":{\"@type\":\"PropertyValueSpecification\",\"valueRequired\":true,\"valueName\":\"search_term_string\"}}],\"inLanguage\":\"fr-FR\"},{\"@type\":\"Organization\",\"@id\":\"https:\\\/\\\/www.organisator.ch\\\/#organization\",\"name\":\"Organisator\",\"url\":\"https:\\\/\\\/www.organisator.ch\\\/\",\"logo\":{\"@type\":\"ImageObject\",\"inLanguage\":\"fr-FR\",\"@id\":\"https:\\\/\\\/www.organisator.ch\\\/#\\\/schema\\\/logo\\\/image\\\/\",\"url\":\"https:\\\/\\\/www.organisator.ch\\\/wp-content\\\/uploads\\\/2022\\\/01\\\/Logo_Organisator_Website.png\",\"contentUrl\":\"https:\\\/\\\/www.organisator.ch\\\/wp-content\\\/uploads\\\/2022\\\/01\\\/Logo_Organisator_Website.png\",\"width\":800,\"height\":77,\"caption\":\"Organisator\"},\"image\":{\"@id\":\"https:\\\/\\\/www.organisator.ch\\\/#\\\/schema\\\/logo\\\/image\\\/\"},\"sameAs\":[\"https:\\\/\\\/www.facebook.com\\\/OrganisatorFachmagazin\",\"https:\\\/\\\/www.linkedin.com\\\/showcase\\\/organisator-das-magazin-fr-kmu\",\"https:\\\/\\\/www.xing.com\\\/news\\\/pages\\\/organisator-ch-695\",\"https:\\\/\\\/www.youtube.com\\\/channel\\\/UCGP2Sq0iWaZwT3BdIAQFYpw\"]},{\"@type\":\"Person\",\"@id\":\"https:\\\/\\\/www.organisator.ch\\\/#\\\/schema\\\/person\\\/4e51799071cd2dd1232ac003643ef5f0\",\"name\":\"galledia\",\"image\":{\"@type\":\"ImageObject\",\"inLanguage\":\"fr-FR\",\"@id\":\"https:\\\/\\\/secure.gravatar.com\\\/avatar\\\/78a7f90c01fc2bfc875782a0d4922b37cde2cf184ce347b91316d23cd7f69a36?s=96&d=mm&r=g\",\"url\":\"https:\\\/\\\/secure.gravatar.com\\\/avatar\\\/78a7f90c01fc2bfc875782a0d4922b37cde2cf184ce347b91316d23cd7f69a36?s=96&d=mm&r=g\",\"contentUrl\":\"https:\\\/\\\/secure.gravatar.com\\\/avatar\\\/78a7f90c01fc2bfc875782a0d4922b37cde2cf184ce347b91316d23cd7f69a36?s=96&d=mm&r=g\",\"caption\":\"galledia\"},\"sameAs\":[\"https:\\\/\\\/x.com\\\/admin\"],\"url\":\"https:\\\/\\\/www.organisator.ch\\\/fr\\\/author\\\/galledia\\\/\"}]}<\/script>\n<!-- \/ Yoast SEO plugin. -->","yoast_head_json":{"title":"Marc Meschenmoser dirige la communication chez Stadler Rail - Organisateur","description":"Michael Meschenmoser sera le nouveau directeur de la r\u00e9daction de Stadler \u00e0 partir d'octobre 2024, J\u00fcrg Grob sera son adjoint.","robots":{"index":"index","follow":"follow","max-snippet":"max-snippet:-1","max-image-preview":"max-image-preview:large","max-video-preview":"max-video-preview:-1"},"canonical":"https:\/\/www.organisator.ch\/fr\/marketing\/2024-09-13\/marc-meschenmoser-leitet-kommunikation-bei-stadler-rail\/","og_locale":"fr_FR","og_type":"article","og_title":"Marc Meschenmoser leitet Kommunikation bei Stadler Rail - Organisator","og_description":"Michael Meschenmoser wird neuer Redaktionsleiter bei Stadler ab Oktober 2024, J\u00fcrg Grob wird sein Stellvertreter.","og_url":"https:\/\/www.organisator.ch\/fr\/marketing\/2024-09-13\/marc-meschenmoser-leitet-kommunikation-bei-stadler-rail\/","og_site_name":"Organisator","article_publisher":"https:\/\/www.facebook.com\/OrganisatorFachmagazin","article_published_time":"2024-09-13T06:35:07+00:00","article_modified_time":"2024-11-08T08:50:19+00:00","og_image":[{"url":"https:\/\/www.markt-kom.com\/wp-content\/uploads\/2024\/09\/SRF-Archivbild-Marc-Meschenmoser.jpg","type":"","width":"","height":""}],"author":"galledia","twitter_card":"summary_large_image","twitter_creator":"@admin","schema":{"@context":"https:\/\/schema.org","@graph":[{"@type":"Article","@id":"https:\/\/www.organisator.ch\/marketing\/2024-09-13\/marc-meschenmoser-leitet-kommunikation-bei-stadler-rail\/#article","isPartOf":{"@id":"https:\/\/www.organisator.ch\/marketing\/2024-09-13\/marc-meschenmoser-leitet-kommunikation-bei-stadler-rail\/"},"author":{"name":"galledia","@id":"https:\/\/www.organisator.ch\/#\/schema\/person\/4e51799071cd2dd1232ac003643ef5f0"},"headline":"Marc Meschenmoser leitet Kommunikation bei Stadler Rail","datePublished":"2024-09-13T06:35:07+00:00","dateModified":"2024-11-08T08:50:19+00:00","mainEntityOfPage":{"@id":"https:\/\/www.organisator.ch\/marketing\/2024-09-13\/marc-meschenmoser-leitet-kommunikation-bei-stadler-rail\/"},"wordCount":68,"publisher":{"@id":"https:\/\/www.organisator.ch\/#organization"},"image":{"@id":"https:\/\/www.organisator.ch\/marketing\/2024-09-13\/marc-meschenmoser-leitet-kommunikation-bei-stadler-rail\/#primaryimage"},"thumbnailUrl":"https:\/\/www.markt-kom.com\/wp-content\/uploads\/2024\/09\/SRF-Archivbild-Marc-Meschenmoser.jpg","keywords":["Jobchange","MarKom","Stadler Rail"],"articleSection":["MARKETING"],"inLanguage":"fr-FR"},{"@type":"WebPage","@id":"https:\/\/www.organisator.ch\/marketing\/2024-09-13\/marc-meschenmoser-leitet-kommunikation-bei-stadler-rail\/","url":"https:\/\/www.organisator.ch\/marketing\/2024-09-13\/marc-meschenmoser-leitet-kommunikation-bei-stadler-rail\/","name":"Marc Meschenmoser dirige la communication chez Stadler Rail - Organisateur","isPartOf":{"@id":"https:\/\/www.organisator.ch\/#website"},"primaryImageOfPage":{"@id":"https:\/\/www.organisator.ch\/marketing\/2024-09-13\/marc-meschenmoser-leitet-kommunikation-bei-stadler-rail\/#primaryimage"},"image":{"@id":"https:\/\/www.organisator.ch\/marketing\/2024-09-13\/marc-meschenmoser-leitet-kommunikation-bei-stadler-rail\/#primaryimage"},"thumbnailUrl":"https:\/\/www.markt-kom.com\/wp-content\/uploads\/2024\/09\/SRF-Archivbild-Marc-Meschenmoser.jpg","datePublished":"2024-09-13T06:35:07+00:00","dateModified":"2024-11-08T08:50:19+00:00","description":"Michael Meschenmoser sera le nouveau directeur de la r\u00e9daction de Stadler \u00e0 partir d'octobre 2024, J\u00fcrg Grob sera son adjoint.","breadcrumb":{"@id":"https:\/\/www.organisator.ch\/marketing\/2024-09-13\/marc-meschenmoser-leitet-kommunikation-bei-stadler-rail\/#breadcrumb"},"inLanguage":"fr-FR","potentialAction":[{"@type":"ReadAction","target":["https:\/\/www.organisator.ch\/marketing\/2024-09-13\/marc-meschenmoser-leitet-kommunikation-bei-stadler-rail\/"]}]},{"@type":"ImageObject","inLanguage":"fr-FR","@id":"https:\/\/www.organisator.ch\/marketing\/2024-09-13\/marc-meschenmoser-leitet-kommunikation-bei-stadler-rail\/#primaryimage","url":"https:\/\/www.markt-kom.com\/wp-content\/uploads\/2024\/09\/SRF-Archivbild-Marc-Meschenmoser.jpg","contentUrl":"https:\/\/www.markt-kom.com\/wp-content\/uploads\/2024\/09\/SRF-Archivbild-Marc-Meschenmoser.jpg"},{"@type":"BreadcrumbList","@id":"https:\/\/www.organisator.ch\/marketing\/2024-09-13\/marc-meschenmoser-leitet-kommunikation-bei-stadler-rail\/#breadcrumb","itemListElement":[{"@type":"ListItem","position":1,"name":"Home","item":"https:\/\/www.organisator.ch\/"},{"@type":"ListItem","position":2,"name":"Marc Meschenmoser leitet Kommunikation bei Stadler Rail"}]},{"@type":"WebSite","@id":"https:\/\/www.organisator.ch\/#website","url":"https:\/\/www.organisator.ch\/","name":"Organisateur","description":"Comp\u00e9tence et comp\u00e9tence. Proches de la pratique. L'ORGANISATEUR pr\u00e9pare 10 num\u00e9ros par an sur les th\u00e8mes essentiels pour les dirigeants de PME.","publisher":{"@id":"https:\/\/www.organisator.ch\/#organization"},"potentialAction":[{"@type":"SearchAction","target":{"@type":"EntryPoint","urlTemplate":"https:\/\/www.organisator.ch\/?s={search_term_string}"},"query-input":{"@type":"PropertyValueSpecification","valueRequired":true,"valueName":"search_term_string"}}],"inLanguage":"fr-FR"},{"@type":"Organization","@id":"https:\/\/www.organisator.ch\/#organization","name":"Organisateur","url":"https:\/\/www.organisator.ch\/","logo":{"@type":"ImageObject","inLanguage":"fr-FR","@id":"https:\/\/www.organisator.ch\/#\/schema\/logo\/image\/","url":"https:\/\/www.organisator.ch\/wp-content\/uploads\/2022\/01\/Logo_Organisator_Website.png","contentUrl":"https:\/\/www.organisator.ch\/wp-content\/uploads\/2022\/01\/Logo_Organisator_Website.png","width":800,"height":77,"caption":"Organisator"},"image":{"@id":"https:\/\/www.organisator.ch\/#\/schema\/logo\/image\/"},"sameAs":["https:\/\/www.facebook.com\/OrganisatorFachmagazin","https:\/\/www.linkedin.com\/showcase\/organisator-das-magazin-fr-kmu","https:\/\/www.xing.com\/news\/pages\/organisator-ch-695","https:\/\/www.youtube.com\/channel\/UCGP2Sq0iWaZwT3BdIAQFYpw"]},{"@type":"Person","@id":"https:\/\/www.organisator.ch\/#\/schema\/person\/4e51799071cd2dd1232ac003643ef5f0","name":"galledia","image":{"@type":"ImageObject","inLanguage":"fr-FR","@id":"https:\/\/secure.gravatar.com\/avatar\/78a7f90c01fc2bfc875782a0d4922b37cde2cf184ce347b91316d23cd7f69a36?s=96&d=mm&r=g","url":"https:\/\/secure.gravatar.com\/avatar\/78a7f90c01fc2bfc875782a0d4922b37cde2cf184ce347b91316d23cd7f69a36?s=96&d=mm&r=g","contentUrl":"https:\/\/secure.gravatar.com\/avatar\/78a7f90c01fc2bfc875782a0d4922b37cde2cf184ce347b91316d23cd7f69a36?s=96&d=mm&r=g","caption":"galledia"},"sameAs":["https:\/\/x.com\/admin"],"url":"https:\/\/www.organisator.ch\/fr\/author\/galledia\/"}]}},"_links":{"self":[{"href":"https:\/\/www.organisator.ch\/fr\/wp-json\/wp\/v2\/posts\/29805","targetHints":{"allow":["GET"]}}],"collection":[{"href":"https:\/\/www.organisator.ch\/fr\/wp-json\/wp\/v2\/posts"}],"about":[{"href":"https:\/\/www.organisator.ch\/fr\/wp-json\/wp\/v2\/types\/post"}],"author":[{"embeddable":true,"href":"https:\/\/www.organisator.ch\/fr\/wp-json\/wp\/v2\/users\/8"}],"replies":[{"embeddable":true,"href":"https:\/\/www.organisator.ch\/fr\/wp-json\/wp\/v2\/comments?post=29805"}],"version-history":[{"count":5,"href":"https:\/\/www.organisator.ch\/fr\/wp-json\/wp\/v2\/posts\/29805\/revisions"}],"predecessor-version":[{"id":31941,"href":"https:\/\/www.organisator.ch\/fr\/wp-json\/wp\/v2\/posts\/29805\/revisions\/31941"}],"wp:attachment":[{"href":"https:\/\/www.organisator.ch\/fr\/wp-json\/wp\/v2\/media?parent=29805"}],"wp:term":[{"taxonomy":"category","embeddable":true,"href":"https:\/\/www.organisator.ch\/fr\/wp-json\/wp\/v2\/categories?post=29805"},{"taxonomy":"post_tag","embeddable":true,"href":"https:\/\/www.organisator.ch\/fr\/wp-json\/wp\/v2\/tags?post=29805"}],"curies":[{"name":"wp","href":"https:\/\/api.w.org\/{rel}","templated":true}]}}